{"id":1052,"date":"2014-09-10T18:14:05","date_gmt":"2014-09-10T16:14:05","guid":{"rendered":"http:\/\/www.haekelfieber.de\/wp-blog\/?p=1052"},"modified":"2014-12-06T09:57:20","modified_gmt":"2014-12-06T08:57:20","slug":"fertig-mein-gehaekeltes-lace-dreieckstuch","status":"publish","type":"post","link":"https:\/\/www.haekelfieber.de\/wp-blog\/2014\/09\/fertig-mein-gehaekeltes-lace-dreieckstuch\/","title":{"rendered":"Fertig: Mein geh\u00e4keltes Lace Dreieckstuch"},"content":{"rendered":"<p><a href=\"https:\/\/www.haekelfieber.de\/wp-blog\/wp-content\/uploads\/2014\/09\/Lace-Dreieckstuch-h\u00e4keln-1.jpg\"><img loading=\"lazy\" decoding=\"async\" class=\"aligncenter wp-image-1051\" src=\"https:\/\/www.haekelfieber.de\/wp-blog\/wp-content\/uploads\/2014\/09\/Lace-Dreieckstuch-h\u00e4keln-1-768x1024.jpg\" alt=\"Lace Dreieckstuch h\u00e4keln (1)\" width=\"450\" height=\"600\" srcset=\"https:\/\/www.haekelfieber.de\/wp-blog\/wp-content\/uploads\/2014\/09\/Lace-Dreieckstuch-h\u00e4keln-1-768x1024.jpg 768w, https:\/\/www.haekelfieber.de\/wp-blog\/wp-content\/uploads\/2014\/09\/Lace-Dreieckstuch-h\u00e4keln-1-225x300.jpg 225w, https:\/\/www.haekelfieber.de\/wp-blog\/wp-content\/uploads\/2014\/09\/Lace-Dreieckstuch-h\u00e4keln-1.jpg 1200w\" sizes=\"auto, (max-width: 450px) 100vw, 450px\" \/><\/a><br \/>\nGestern ist es fertig geworden, mein geh\u00e4keltes Dreieckstuch (das zweite). Gearbeitet habe ich mit Tahiti von Schachenmayr. Die Wolle hat eine Laufl\u00e4nge von 280m auf 50g. Die Verk\u00e4uferin im Wollladen meinte zwar, es sei ein Sommergarn. Ist ja egal, mir passt es gut f\u00fcr den Herbst, so beerenfarben. Wolle mit einem Farbverlauf hat es mir zur Zeit angetan, aber nur wenn er dezent ist.<br \/>\nDie Anleitung f\u00fcr das H\u00e4kelmuster stammt aus dem Heft &#8222;Lace h\u00e4keln f\u00fcr Einsteiger&#8220; (Seite 26 &#8222;Cachemire&#8220;) von B\u00e8atrice Simon. Darin finden sich ganz nette Teile.<\/p>\n<p><a href=\"https:\/\/www.haekelfieber.de\/wp-blog\/wp-content\/uploads\/2014\/09\/Lace-Dreieckstuch-h\u00e4keln-4.jpg\"><img loading=\"lazy\" decoding=\"async\" class=\"aligncenter wp-image-1050\" src=\"https:\/\/www.haekelfieber.de\/wp-blog\/wp-content\/uploads\/2014\/09\/Lace-Dreieckstuch-h\u00e4keln-4-768x1024.jpg\" alt=\"Lace Dreieckstuch h\u00e4keln (4)\" width=\"450\" height=\"600\" srcset=\"https:\/\/www.haekelfieber.de\/wp-blog\/wp-content\/uploads\/2014\/09\/Lace-Dreieckstuch-h\u00e4keln-4-768x1024.jpg 768w, https:\/\/www.haekelfieber.de\/wp-blog\/wp-content\/uploads\/2014\/09\/Lace-Dreieckstuch-h\u00e4keln-4-225x300.jpg 225w, https:\/\/www.haekelfieber.de\/wp-blog\/wp-content\/uploads\/2014\/09\/Lace-Dreieckstuch-h\u00e4keln-4.jpg 1200w\" sizes=\"auto, (max-width: 450px) 100vw, 450px\" \/><\/a><br \/>\nEs gibt drei Schwierigkeitsgrade. Ich hab mich an die einfachste Version gehalten. Mein ausgesuchtes Muster l\u00e4uft unter &#8222;schnell und einfach&#8220;. Es gibt noch &#8222;braucht etwas \u00dcbung&#8220; und &#8222;f\u00fcr Anspruchsvolle&#8220;. Wobei ich bei meinem Tuch schon auch &#8217;nen Anspruch hatte \ud83d\ude09<\/p>\n<p><a href=\"https:\/\/www.haekelfieber.de\/wp-blog\/wp-content\/uploads\/2014\/09\/Lace-Dreieckstuch-h\u00e4keln-3.jpg\"><img loading=\"lazy\" decoding=\"async\" class=\"aligncenter wp-image-1049\" src=\"https:\/\/www.haekelfieber.de\/wp-blog\/wp-content\/uploads\/2014\/09\/Lace-Dreieckstuch-h\u00e4keln-3-768x1024.jpg\" alt=\"Lace Dreieckstuch h\u00e4keln (3)\" width=\"450\" height=\"600\" srcset=\"https:\/\/www.haekelfieber.de\/wp-blog\/wp-content\/uploads\/2014\/09\/Lace-Dreieckstuch-h\u00e4keln-3-768x1024.jpg 768w, https:\/\/www.haekelfieber.de\/wp-blog\/wp-content\/uploads\/2014\/09\/Lace-Dreieckstuch-h\u00e4keln-3-225x300.jpg 225w, https:\/\/www.haekelfieber.de\/wp-blog\/wp-content\/uploads\/2014\/09\/Lace-Dreieckstuch-h\u00e4keln-3.jpg 1200w\" sizes=\"auto, (max-width: 450px) 100vw, 450px\" \/><\/a><br \/>\nHier mein erstes Lacetuch (\u00e4lteren Datums). Mit viel dickerer Wolle geh\u00e4kelt. Eher unabsichtlich. Ich fand die Wolle im Wollladen so sch\u00f6n und \u00fcbersah dabei die Dicke und die geringe Laufl\u00e4nge. Jetzt wei\u00df ich es: Soll&#8217;s luftig und leicht werden, mindestens 280m Laufl\u00e4nge pro 50g.<\/p>\n<p><a href=\"https:\/\/www.haekelfieber.de\/wp-blog\/wp-content\/uploads\/2014\/09\/Lace-Dreieckstuch-h\u00e4keln-2.jpg\"><br \/>\n<\/a> <a href=\"https:\/\/www.haekelfieber.de\/wp-blog\/wp-content\/uploads\/2014\/09\/Lace-Dreieckstuch-h\u00e4keln.jpg\"><img loading=\"lazy\" decoding=\"async\" class=\"aligncenter wp-image-1047\" src=\"https:\/\/www.haekelfieber.de\/wp-blog\/wp-content\/uploads\/2014\/09\/Lace-Dreieckstuch-h\u00e4keln-768x1024.jpg\" alt=\"Lace Dreieckstuch h\u00e4keln\" width=\"450\" height=\"600\" srcset=\"https:\/\/www.haekelfieber.de\/wp-blog\/wp-content\/uploads\/2014\/09\/Lace-Dreieckstuch-h\u00e4keln-768x1024.jpg 768w, https:\/\/www.haekelfieber.de\/wp-blog\/wp-content\/uploads\/2014\/09\/Lace-Dreieckstuch-h\u00e4keln-225x300.jpg 225w, https:\/\/www.haekelfieber.de\/wp-blog\/wp-content\/uploads\/2014\/09\/Lace-Dreieckstuch-h\u00e4keln.jpg 1200w\" sizes=\"auto, (max-width: 450px) 100vw, 450px\" \/><\/a><br \/>\nDas gleiche Muster mit unterschiedlich dickem Garn geh\u00e4kelt.<\/p>\n<p>&nbsp;<\/p>\n<p><a href=\"https:\/\/www.haekelfieber.de\/wp-blog\/wp-content\/uploads\/2014\/09\/Dreieckstuch-geh\u00e4kelt.jpg\"><img loading=\"lazy\" decoding=\"async\" class=\"aligncenter wp-image-1046\" src=\"https:\/\/www.haekelfieber.de\/wp-blog\/wp-content\/uploads\/2014\/09\/Dreieckstuch-geh\u00e4kelt-768x1024.jpg\" alt=\"Dreieckstuch geh\u00e4kelt\" width=\"450\" height=\"600\" srcset=\"https:\/\/www.haekelfieber.de\/wp-blog\/wp-content\/uploads\/2014\/09\/Dreieckstuch-geh\u00e4kelt-768x1024.jpg 768w, https:\/\/www.haekelfieber.de\/wp-blog\/wp-content\/uploads\/2014\/09\/Dreieckstuch-geh\u00e4kelt-225x300.jpg 225w, https:\/\/www.haekelfieber.de\/wp-blog\/wp-content\/uploads\/2014\/09\/Dreieckstuch-geh\u00e4kelt.jpg 1200w\" sizes=\"auto, (max-width: 450px) 100vw, 450px\" \/><\/a><br \/>\nUnd dieses Teil ist \u00fcberhaupt mal mein allererstes Dreieckstuch. Aus Sockenwolle fabriziert. Urspr\u00fcnglich wollte ich ja Socken stricken aber das ist nicht so ganz mein Ding. Etliche Fehlversuche liegen schon hinter mir. Vielleicht irgendwann&#8230;<br \/>\nAlso hab&#8216; ich dieses Tuch daraus geh\u00e4kelt, letztes Jahr im Winter. Durch den Wollanteil ist es kuschlig warm.<br \/>\nDie Anleitung zu diesem Tuch findet ihr <a href=\"https:\/\/www.youtube.com\/watch?v=Au6sYXz6POk\" target=\"_blank\">hier<\/a>.<\/p>\n","protected":false},"excerpt":{"rendered":"<p>Gestern ist es fertig geworden, mein geh\u00e4keltes Dreieckstuch (das zweite). Gearbeitet habe ich mit Tahiti von Schachenmayr. Die Wolle hat eine Laufl\u00e4nge von 280m auf 50g. Die Verk\u00e4uferin im Wollladen meinte zwar, es sei ein Sommergarn. Ist ja egal, mir passt es gut f\u00fcr den Herbst, so beerenfarben. Wolle mit einem Farbverlauf hat es mir &hellip; <a href=\"https:\/\/www.haekelfieber.de\/wp-blog\/2014\/09\/fertig-mein-gehaekeltes-lace-dreieckstuch\/\" class=\"more-link\"><span class=\"screen-reader-text\">Fertig: Mein geh\u00e4keltes Lace Dreieckstuch<\/span> weiterlesen <span class=\"meta-nav\">&rarr;<\/span><\/a><\/p>\n","protected":false},"author":1,"featured_media":0,"comment_status":"open","ping_status":"open","sticky":false,"template":"","format":"standard","meta":{"footnotes":""},"categories":[5],"tags":[],"class_list":["post-1052","post","type-post","status-publish","format-standard","hentry","category-haekeln"],"yoast_head":"<!-- This site is optimized with the Yoast SEO plugin v27.5 - https:\/\/yoast.com\/product\/yoast-seo-wordpress\/ -->\n<title>Fertig: Mein geh\u00e4keltes Lace Dreieckstuch - H\u00e4kelfieber<\/title>\n<meta name=\"robots\" content=\"index, follow, max-snippet:-1, max-image-preview:large, max-video-preview:-1\" \/>\n<link rel=\"canonical\" href=\"https:\/\/www.haekelfieber.de\/wp-blog\/2014\/09\/fertig-mein-gehaekeltes-lace-dreieckstuch\/\" \/>\n<meta property=\"og:locale\" content=\"de_DE\" \/>\n<meta property=\"og:type\" content=\"article\" \/>\n<meta property=\"og:title\" content=\"Fertig: Mein geh\u00e4keltes Lace Dreieckstuch - H\u00e4kelfieber\" \/>\n<meta property=\"og:description\" content=\"Gestern ist es fertig geworden, mein geh\u00e4keltes Dreieckstuch (das zweite). Gearbeitet habe ich mit Tahiti von Schachenmayr. Die Wolle hat eine Laufl\u00e4nge von 280m auf 50g. Die Verk\u00e4uferin im Wollladen meinte zwar, es sei ein Sommergarn. Ist ja egal, mir passt es gut f\u00fcr den Herbst, so beerenfarben. Wolle mit einem Farbverlauf hat es mir &hellip; Fertig: Mein geh\u00e4keltes Lace Dreieckstuch weiterlesen &rarr;\" \/>\n<meta property=\"og:url\" content=\"https:\/\/www.haekelfieber.de\/wp-blog\/2014\/09\/fertig-mein-gehaekeltes-lace-dreieckstuch\/\" \/>\n<meta property=\"og:site_name\" content=\"H\u00e4kelfieber\" \/>\n<meta property=\"article:published_time\" content=\"2014-09-10T16:14:05+00:00\" \/>\n<meta property=\"article:modified_time\" content=\"2014-12-06T08:57:20+00:00\" \/>\n<meta property=\"og:image\" content=\"https:\/\/www.haekelfieber.de\/wp-blog\/wp-content\/uploads\/2014\/09\/Lace-Dreieckstuch-h\u00e4keln-1-768x1024.jpg\" \/>\n<meta name=\"author\" content=\"Jutta\" \/>\n<meta name=\"twitter:label1\" content=\"Verfasst von\" \/>\n\t<meta name=\"twitter:data1\" content=\"Jutta\" \/>\n\t<meta name=\"twitter:label2\" content=\"Gesch\u00e4tzte Lesezeit\" \/>\n\t<meta name=\"twitter:data2\" content=\"1\u00a0Minute\" \/>\n<script type=\"application\/ld+json\" class=\"yoast-schema-graph\">{\"@context\":\"https:\\\/\\\/schema.org\",\"@graph\":[{\"@type\":\"Article\",\"@id\":\"https:\\\/\\\/www.haekelfieber.de\\\/wp-blog\\\/2014\\\/09\\\/fertig-mein-gehaekeltes-lace-dreieckstuch\\\/#article\",\"isPartOf\":{\"@id\":\"https:\\\/\\\/www.haekelfieber.de\\\/wp-blog\\\/2014\\\/09\\\/fertig-mein-gehaekeltes-lace-dreieckstuch\\\/\"},\"author\":{\"name\":\"Jutta\",\"@id\":\"https:\\\/\\\/www.haekelfieber.de\\\/wp-blog\\\/#\\\/schema\\\/person\\\/08b81f8e0d3480519aadc66881dee8d7\"},\"headline\":\"Fertig: Mein geh\u00e4keltes Lace Dreieckstuch\",\"datePublished\":\"2014-09-10T16:14:05+00:00\",\"dateModified\":\"2014-12-06T08:57:20+00:00\",\"mainEntityOfPage\":{\"@id\":\"https:\\\/\\\/www.haekelfieber.de\\\/wp-blog\\\/2014\\\/09\\\/fertig-mein-gehaekeltes-lace-dreieckstuch\\\/\"},\"wordCount\":265,\"commentCount\":36,\"publisher\":{\"@id\":\"https:\\\/\\\/www.haekelfieber.de\\\/wp-blog\\\/#organization\"},\"articleSection\":[\"H\u00e4keln\"],\"inLanguage\":\"de\",\"potentialAction\":[{\"@type\":\"CommentAction\",\"name\":\"Comment\",\"target\":[\"https:\\\/\\\/www.haekelfieber.de\\\/wp-blog\\\/2014\\\/09\\\/fertig-mein-gehaekeltes-lace-dreieckstuch\\\/#respond\"]}]},{\"@type\":\"WebPage\",\"@id\":\"https:\\\/\\\/www.haekelfieber.de\\\/wp-blog\\\/2014\\\/09\\\/fertig-mein-gehaekeltes-lace-dreieckstuch\\\/\",\"url\":\"https:\\\/\\\/www.haekelfieber.de\\\/wp-blog\\\/2014\\\/09\\\/fertig-mein-gehaekeltes-lace-dreieckstuch\\\/\",\"name\":\"Fertig: Mein geh\u00e4keltes Lace Dreieckstuch - H\u00e4kelfieber\",\"isPartOf\":{\"@id\":\"https:\\\/\\\/www.haekelfieber.de\\\/wp-blog\\\/#website\"},\"datePublished\":\"2014-09-10T16:14:05+00:00\",\"dateModified\":\"2014-12-06T08:57:20+00:00\",\"breadcrumb\":{\"@id\":\"https:\\\/\\\/www.haekelfieber.de\\\/wp-blog\\\/2014\\\/09\\\/fertig-mein-gehaekeltes-lace-dreieckstuch\\\/#breadcrumb\"},\"inLanguage\":\"de\",\"potentialAction\":[{\"@type\":\"ReadAction\",\"target\":[\"https:\\\/\\\/www.haekelfieber.de\\\/wp-blog\\\/2014\\\/09\\\/fertig-mein-gehaekeltes-lace-dreieckstuch\\\/\"]}]},{\"@type\":\"BreadcrumbList\",\"@id\":\"https:\\\/\\\/www.haekelfieber.de\\\/wp-blog\\\/2014\\\/09\\\/fertig-mein-gehaekeltes-lace-dreieckstuch\\\/#breadcrumb\",\"itemListElement\":[{\"@type\":\"ListItem\",\"position\":1,\"name\":\"Home\",\"item\":\"https:\\\/\\\/www.haekelfieber.de\\\/wp-blog\\\/\"},{\"@type\":\"ListItem\",\"position\":2,\"name\":\"Fertig: Mein geh\u00e4keltes Lace Dreieckstuch\"}]},{\"@type\":\"WebSite\",\"@id\":\"https:\\\/\\\/www.haekelfieber.de\\\/wp-blog\\\/#website\",\"url\":\"https:\\\/\\\/www.haekelfieber.de\\\/wp-blog\\\/\",\"name\":\"H\u00e4kelfieber\",\"description\":\"Ich bin im...\",\"publisher\":{\"@id\":\"https:\\\/\\\/www.haekelfieber.de\\\/wp-blog\\\/#organization\"},\"potentialAction\":[{\"@type\":\"SearchAction\",\"target\":{\"@type\":\"EntryPoint\",\"urlTemplate\":\"https:\\\/\\\/www.haekelfieber.de\\\/wp-blog\\\/?s={search_term_string}\"},\"query-input\":{\"@type\":\"PropertyValueSpecification\",\"valueRequired\":true,\"valueName\":\"search_term_string\"}}],\"inLanguage\":\"de\"},{\"@type\":\"Organization\",\"@id\":\"https:\\\/\\\/www.haekelfieber.de\\\/wp-blog\\\/#organization\",\"name\":\"H\u00e4kelfieber\",\"url\":\"https:\\\/\\\/www.haekelfieber.de\\\/wp-blog\\\/\",\"logo\":{\"@type\":\"ImageObject\",\"inLanguage\":\"de\",\"@id\":\"https:\\\/\\\/www.haekelfieber.de\\\/wp-blog\\\/#\\\/schema\\\/logo\\\/image\\\/\",\"url\":\"https:\\\/\\\/www.haekelfieber.de\\\/wp-blog\\\/wp-content\\\/uploads\\\/2023\\\/03\\\/kissen-haekeln2.jpg\",\"contentUrl\":\"https:\\\/\\\/www.haekelfieber.de\\\/wp-blog\\\/wp-content\\\/uploads\\\/2023\\\/03\\\/kissen-haekeln2.jpg\",\"width\":683,\"height\":1024,\"caption\":\"H\u00e4kelfieber\"},\"image\":{\"@id\":\"https:\\\/\\\/www.haekelfieber.de\\\/wp-blog\\\/#\\\/schema\\\/logo\\\/image\\\/\"}},{\"@type\":\"Person\",\"@id\":\"https:\\\/\\\/www.haekelfieber.de\\\/wp-blog\\\/#\\\/schema\\\/person\\\/08b81f8e0d3480519aadc66881dee8d7\",\"name\":\"Jutta\",\"image\":{\"@type\":\"ImageObject\",\"inLanguage\":\"de\",\"@id\":\"https:\\\/\\\/secure.gravatar.com\\\/avatar\\\/4fb96a09981d3eab52fd94765c38a5395ca69a563a8cd98c172ef85375636d9d?s=96&d=mm&r=g\",\"url\":\"https:\\\/\\\/secure.gravatar.com\\\/avatar\\\/4fb96a09981d3eab52fd94765c38a5395ca69a563a8cd98c172ef85375636d9d?s=96&d=mm&r=g\",\"contentUrl\":\"https:\\\/\\\/secure.gravatar.com\\\/avatar\\\/4fb96a09981d3eab52fd94765c38a5395ca69a563a8cd98c172ef85375636d9d?s=96&d=mm&r=g\",\"caption\":\"Jutta\"},\"url\":\"https:\\\/\\\/www.haekelfieber.de\\\/wp-blog\\\/author\\\/admin\\\/\"}]}<\/script>\n<!-- \/ Yoast SEO plugin. -->","yoast_head_json":{"title":"Fertig: Mein geh\u00e4keltes Lace Dreieckstuch - H\u00e4kelfieber","robots":{"index":"index","follow":"follow","max-snippet":"max-snippet:-1","max-image-preview":"max-image-preview:large","max-video-preview":"max-video-preview:-1"},"canonical":"https:\/\/www.haekelfieber.de\/wp-blog\/2014\/09\/fertig-mein-gehaekeltes-lace-dreieckstuch\/","og_locale":"de_DE","og_type":"article","og_title":"Fertig: Mein geh\u00e4keltes Lace Dreieckstuch - H\u00e4kelfieber","og_description":"Gestern ist es fertig geworden, mein geh\u00e4keltes Dreieckstuch (das zweite). Gearbeitet habe ich mit Tahiti von Schachenmayr. Die Wolle hat eine Laufl\u00e4nge von 280m auf 50g. Die Verk\u00e4uferin im Wollladen meinte zwar, es sei ein Sommergarn. Ist ja egal, mir passt es gut f\u00fcr den Herbst, so beerenfarben. Wolle mit einem Farbverlauf hat es mir &hellip; Fertig: Mein geh\u00e4keltes Lace Dreieckstuch weiterlesen &rarr;","og_url":"https:\/\/www.haekelfieber.de\/wp-blog\/2014\/09\/fertig-mein-gehaekeltes-lace-dreieckstuch\/","og_site_name":"H\u00e4kelfieber","article_published_time":"2014-09-10T16:14:05+00:00","article_modified_time":"2014-12-06T08:57:20+00:00","og_image":[{"url":"https:\/\/www.haekelfieber.de\/wp-blog\/wp-content\/uploads\/2014\/09\/Lace-Dreieckstuch-h\u00e4keln-1-768x1024.jpg","type":"","width":"","height":""}],"author":"Jutta","twitter_misc":{"Verfasst von":"Jutta","Gesch\u00e4tzte Lesezeit":"1\u00a0Minute"},"schema":{"@context":"https:\/\/schema.org","@graph":[{"@type":"Article","@id":"https:\/\/www.haekelfieber.de\/wp-blog\/2014\/09\/fertig-mein-gehaekeltes-lace-dreieckstuch\/#article","isPartOf":{"@id":"https:\/\/www.haekelfieber.de\/wp-blog\/2014\/09\/fertig-mein-gehaekeltes-lace-dreieckstuch\/"},"author":{"name":"Jutta","@id":"https:\/\/www.haekelfieber.de\/wp-blog\/#\/schema\/person\/08b81f8e0d3480519aadc66881dee8d7"},"headline":"Fertig: Mein geh\u00e4keltes Lace Dreieckstuch","datePublished":"2014-09-10T16:14:05+00:00","dateModified":"2014-12-06T08:57:20+00:00","mainEntityOfPage":{"@id":"https:\/\/www.haekelfieber.de\/wp-blog\/2014\/09\/fertig-mein-gehaekeltes-lace-dreieckstuch\/"},"wordCount":265,"commentCount":36,"publisher":{"@id":"https:\/\/www.haekelfieber.de\/wp-blog\/#organization"},"articleSection":["H\u00e4keln"],"inLanguage":"de","potentialAction":[{"@type":"CommentAction","name":"Comment","target":["https:\/\/www.haekelfieber.de\/wp-blog\/2014\/09\/fertig-mein-gehaekeltes-lace-dreieckstuch\/#respond"]}]},{"@type":"WebPage","@id":"https:\/\/www.haekelfieber.de\/wp-blog\/2014\/09\/fertig-mein-gehaekeltes-lace-dreieckstuch\/","url":"https:\/\/www.haekelfieber.de\/wp-blog\/2014\/09\/fertig-mein-gehaekeltes-lace-dreieckstuch\/","name":"Fertig: Mein geh\u00e4keltes Lace Dreieckstuch - H\u00e4kelfieber","isPartOf":{"@id":"https:\/\/www.haekelfieber.de\/wp-blog\/#website"},"datePublished":"2014-09-10T16:14:05+00:00","dateModified":"2014-12-06T08:57:20+00:00","breadcrumb":{"@id":"https:\/\/www.haekelfieber.de\/wp-blog\/2014\/09\/fertig-mein-gehaekeltes-lace-dreieckstuch\/#breadcrumb"},"inLanguage":"de","potentialAction":[{"@type":"ReadAction","target":["https:\/\/www.haekelfieber.de\/wp-blog\/2014\/09\/fertig-mein-gehaekeltes-lace-dreieckstuch\/"]}]},{"@type":"BreadcrumbList","@id":"https:\/\/www.haekelfieber.de\/wp-blog\/2014\/09\/fertig-mein-gehaekeltes-lace-dreieckstuch\/#breadcrumb","itemListElement":[{"@type":"ListItem","position":1,"name":"Home","item":"https:\/\/www.haekelfieber.de\/wp-blog\/"},{"@type":"ListItem","position":2,"name":"Fertig: Mein geh\u00e4keltes Lace Dreieckstuch"}]},{"@type":"WebSite","@id":"https:\/\/www.haekelfieber.de\/wp-blog\/#website","url":"https:\/\/www.haekelfieber.de\/wp-blog\/","name":"H\u00e4kelfieber","description":"Ich bin im...","publisher":{"@id":"https:\/\/www.haekelfieber.de\/wp-blog\/#organization"},"potentialAction":[{"@type":"SearchAction","target":{"@type":"EntryPoint","urlTemplate":"https:\/\/www.haekelfieber.de\/wp-blog\/?s={search_term_string}"},"query-input":{"@type":"PropertyValueSpecification","valueRequired":true,"valueName":"search_term_string"}}],"inLanguage":"de"},{"@type":"Organization","@id":"https:\/\/www.haekelfieber.de\/wp-blog\/#organization","name":"H\u00e4kelfieber","url":"https:\/\/www.haekelfieber.de\/wp-blog\/","logo":{"@type":"ImageObject","inLanguage":"de","@id":"https:\/\/www.haekelfieber.de\/wp-blog\/#\/schema\/logo\/image\/","url":"https:\/\/www.haekelfieber.de\/wp-blog\/wp-content\/uploads\/2023\/03\/kissen-haekeln2.jpg","contentUrl":"https:\/\/www.haekelfieber.de\/wp-blog\/wp-content\/uploads\/2023\/03\/kissen-haekeln2.jpg","width":683,"height":1024,"caption":"H\u00e4kelfieber"},"image":{"@id":"https:\/\/www.haekelfieber.de\/wp-blog\/#\/schema\/logo\/image\/"}},{"@type":"Person","@id":"https:\/\/www.haekelfieber.de\/wp-blog\/#\/schema\/person\/08b81f8e0d3480519aadc66881dee8d7","name":"Jutta","image":{"@type":"ImageObject","inLanguage":"de","@id":"https:\/\/secure.gravatar.com\/avatar\/4fb96a09981d3eab52fd94765c38a5395ca69a563a8cd98c172ef85375636d9d?s=96&d=mm&r=g","url":"https:\/\/secure.gravatar.com\/avatar\/4fb96a09981d3eab52fd94765c38a5395ca69a563a8cd98c172ef85375636d9d?s=96&d=mm&r=g","contentUrl":"https:\/\/secure.gravatar.com\/avatar\/4fb96a09981d3eab52fd94765c38a5395ca69a563a8cd98c172ef85375636d9d?s=96&d=mm&r=g","caption":"Jutta"},"url":"https:\/\/www.haekelfieber.de\/wp-blog\/author\/admin\/"}]}},"_links":{"self":[{"href":"https:\/\/www.haekelfieber.de\/wp-blog\/wp-json\/wp\/v2\/posts\/1052","targetHints":{"allow":["GET"]}}],"collection":[{"href":"https:\/\/www.haekelfieber.de\/wp-blog\/wp-json\/wp\/v2\/posts"}],"about":[{"href":"https:\/\/www.haekelfieber.de\/wp-blog\/wp-json\/wp\/v2\/types\/post"}],"author":[{"embeddable":true,"href":"https:\/\/www.haekelfieber.de\/wp-blog\/wp-json\/wp\/v2\/users\/1"}],"replies":[{"embeddable":true,"href":"https:\/\/www.haekelfieber.de\/wp-blog\/wp-json\/wp\/v2\/comments?post=1052"}],"version-history":[{"count":5,"href":"https:\/\/www.haekelfieber.de\/wp-blog\/wp-json\/wp\/v2\/posts\/1052\/revisions"}],"predecessor-version":[{"id":1478,"href":"https:\/\/www.haekelfieber.de\/wp-blog\/wp-json\/wp\/v2\/posts\/1052\/revisions\/1478"}],"wp:attachment":[{"href":"https:\/\/www.haekelfieber.de\/wp-blog\/wp-json\/wp\/v2\/media?parent=1052"}],"wp:term":[{"taxonomy":"category","embeddable":true,"href":"https:\/\/www.haekelfieber.de\/wp-blog\/wp-json\/wp\/v2\/categories?post=1052"},{"taxonomy":"post_tag","embeddable":true,"href":"https:\/\/www.haekelfieber.de\/wp-blog\/wp-json\/wp\/v2\/tags?post=1052"}],"curies":[{"name":"wp","href":"https:\/\/api.w.org\/{rel}","templated":true}]}}