{"id":10751,"date":"2020-07-29T18:05:30","date_gmt":"2020-07-29T16:05:30","guid":{"rendered":"https:\/\/www.haekelfieber.de\/wp-blog\/?p=10751"},"modified":"2020-08-10T12:50:57","modified_gmt":"2020-08-10T10:50:57","slug":"was-bin-ich","status":"publish","type":"post","link":"https:\/\/www.haekelfieber.de\/wp-blog\/2020\/07\/was-bin-ich\/","title":{"rendered":"Was bin ich?"},"content":{"rendered":"\n<p>Der Tagesspiegel schreibt, dass am Wochenende eine gro\u00dfe Demonstration in Berlin stattfindet. Die Besucher werden nach Aussage des Berichtes, eine diffuse Mischung aus Coronaleugnern, Rechtsextremen, Verschw\u00f6rungstheoretikern, Virusleugnern, rechtsoffenen Esoterikern und Rechtsextremen bilden. Also allerhand dubioses und gef\u00e4hrliches Gesindel meint der Tagesspiegel dort zu verorten. Ja aber &#8211; ich fahre da auch hin. Welcher Kategorie soll ich mich jetzt zuordnen. Hm. Vielleicht den rechtsoffenen Esoterikern, ich hab ja mal vier Tage meditiert. Das mit dem rechtsoffen versteh ich nicht ganz. Ich bin auf beiden Seiten offen, wenn der Schreiberling damit den Geh\u00f6rgang meint. Manche sind auch unten offen, haben den Ar&#8230; offen wie man umgangssprachlich so dahersagt. Vielleicht verwechselt er die Esoteriker mit den Pilatesdamen. Ich erinnere mich an eine Stellung, da wird ein Arm ausgestreckt angehoben. Abgefahren. Da springt mir jetzt erst dieser Bezug ins Auge. Was hab ich vorher geschlafen. Also Pilates mach ich definitiv nicht mehr. Pfui.<br \/>Oder bin ich gar Rechtsextrem. Hm. Die Schule drillte mich noch volle Kanne auf Rechts. Im Ursprung bin ich eine Linke. Das &#8222;extrem&#8220; kommt bei mir in Bezug auf &#8222;rechts&#8220; nicht in Frage, denn das meiste absolviere ich mit links. Also, ich schreibe rechts, die Suppe l\u00f6ffle ich dagegen mit links aus, h\u00e4kle mit links&#8230; <br \/>Puh, sich in eine Schublade reinzuquetschen ist ganz sch\u00f6n anstrengend.<br \/>Oder bin ich eine Coronaleugnerin. Hm. Das k\u00f6nnte ich sein. Ich sage ja zu Corona Carola. Wenn das als verleugnen z\u00e4hlt, hab ich meine Sparte gefunden. Aber nein! Der Tagesspiegel spricht von Leugnern, der m\u00e4nnlichen Variante. Ich bin ja weiblich. Menno, trifft wieder nicht auf mich zu. <br \/>Darf ich da \u00fcberhaupt hin, wenn ich so offensichtlich nicht ins Mainstreambesucherbild passe. So als normal intelligente B\u00fcrgerin, die zum eins und eins zusammenz\u00e4hlen, ihren eigenen Verstand nutzt und nicht auf diverse Medien&#8230; angewiesen ist, um zu einem normalen aussagekr\u00e4ftigen Ergebnis zu gelangen. Warum f\u00e4llt es mir so schwer meinen Grips auszuschalten und einfach &#8222;nur&#8220; solidarisch zu sein. Das kann doch nicht so schwer sein. Die Geschichte hat es schon gezeigt. Ganz normale Menschen konnten doch den Mord an ihren Mitmenschen in den Vernichtungslagern ausblenden. Warum stelle ich mich hier so an, wo es doch nur um unsere Meinungsfreiheit, Demokratie, unsere k\u00f6rperliche und geistige Unversehrtheit geht. Ich schwaches Weib. Das alles bilde ich mir wahrscheinlich nur ein. <br \/>Vielleicht ist es zu doof und \u00fcberhaupt v\u00f6llig unsinnig eine Demo zu besuchen, weil alte Menschen weggesperrt werden, kleine Kinder Masken tragen m\u00fcssen, Menschen mit einem Attest ausgegrenzt werden&#8230; Und die isolierten Behinderten in den Heimen, die Geh\u00f6rlosen&#8230; Letztere k\u00f6nnen sicher auch ganz doll von den Augen ablesen. Ach was scheren uns die Behinderten &#8211; gar nix. Kosten nur \u00b4ne Menge und erwirtschaften nulli. Um die brauchen wir uns nicht zu k\u00fcmmern. Besser man unterst\u00fctzt Lufthansa, BMW, Mercedes&#8230; Von denen kommt doch hoffentlich was rum. <br \/>Ein bisschen Angst hab ich schon. Da laufen sicher jede Menge Menschen ohne Masken rum. Stand nicht in der Zeitung, dass Maskenverweigerer einen Busfahrer tot gepr\u00fcgelt haben und ein anderer Maskenverweigerer ist in Kanada erschossen worden, weil er im Supermarkt keine &#8222;Uschi&#8220; aufsetzten wollte. Das ist doch Qualit\u00e4tsjournalismus vom Feinsten. Und &#8211; ich bin auch &#8222;oben ohne&#8220; unterwegs. Werde ich auch erschossen? Oder gar von medial verst\u00f6rten Mitb\u00fcrgern gelyncht&#8230; &#8222;50j\u00e4hrige normale Frau und Mutter erschossen. Sie wollte beim B\u00e4cker vor der Plexischeibe keine Maske aufsetzten. Die Verk\u00e4uferinnen ohne Maske hinter der Scheibe drehten durch und erschossen sie vor der Theke. Ihr K\u00f6rper wurde abgesondert &#8220; \ud83d\ude09<br \/><br \/>Nachtrag: Auch wegen dieser Zust\u00e4nde gehe ich demonstrieren.<br \/>Deutschland 2020: Aufgrund eines positiven Tests einer Lehrkraft wurden alle 45 Sch\u00fcler\/innen der zweiten Jahrgangsstufe als Kontaktpersonen ersten Grades deklariert. Sie wurden in die h\u00e4usliche Isolation geschickt. Mit folgenden Auflagen vom Gesundheitsamt: Jeder Kontakt zu den Eltern oder Geschwistern muss vermieden werden. Ist dieser nicht zu vermeiden muss das Kind eine FFP1 Maske eng anliegend tragen. Das Kind soll separat essen und ein separates Bad benutzen und alleine schlafen. Nur mal so eingeworfen: die Kinder sind sieben oder acht Jahre alt.\u00a0 Der M\u00fcll des Kindes muss gesondert gesammelt und entsorgt werden. Das Haus darf nur verlassen werden wenn Gefahr f\u00fcr Leib und Leben besteht. Werden die Ma\u00dfnahmen nicht eingehalten oder es ist bekannt dass die Eltern nicht konform laufen, k\u00f6nnen sie (die Kinder) in eine geschlossene Einrichtung eingewiesen werden. Zudem wird eine Haftstrafe von bis zu zwei Jahren angedroht. <br \/>H\u00f6rt sich total verr\u00fcckt an. Ist leider wahr. Passiert in Karlsruhe und das sechsseitige Schreiben des Gesundheitsamtes, mit den angef\u00fchrten Details, wurde den betroffenen Eltern zugestellt. Siehe Videotipp unten.<br \/>Liebe Eltern mit schulpflichtigen Kindern &#8211; zieht euch f\u00fcr den kommenden Herbst schon mal warm an.<br \/><br \/>Dubioser Videotipp f\u00fcr Eltern: Youtube &#8222;Kinder bekommen Schuldgef\u00fchle eingeredet \/ Tina Romdhani Rede in Ravenburg&#8220;<\/p>\n","protected":false},"excerpt":{"rendered":"<p>Der Tagesspiegel schreibt, dass am Wochenende eine gro\u00dfe Demonstration in Berlin stattfindet. Die Besucher werden nach Aussage des Berichtes, eine diffuse Mischung aus Coronaleugnern, Rechtsextremen, Verschw\u00f6rungstheoretikern, Virusleugnern, rechtsoffenen Esoterikern und Rechtsextremen bilden. Also allerhand dubioses und gef\u00e4hrliches Gesindel meint der Tagesspiegel dort zu verorten. Ja aber &#8211; ich fahre da auch hin. Welcher Kategorie soll &hellip; <a href=\"https:\/\/www.haekelfieber.de\/wp-blog\/2020\/07\/was-bin-ich\/\" class=\"more-link\"><span class=\"screen-reader-text\">Was bin ich?<\/span> weiterlesen <span class=\"meta-nav\">&rarr;<\/span><\/a><\/p>\n","protected":false},"author":1,"featured_media":0,"comment_status":"open","ping_status":"open","sticky":false,"template":"","format":"standard","meta":{"footnotes":""},"categories":[1],"tags":[],"class_list":["post-10751","post","type-post","status-publish","format-standard","hentry","category-manch-anderes"],"yoast_head":"<!-- This site is optimized with the Yoast SEO plugin v27.5 - https:\/\/yoast.com\/product\/yoast-seo-wordpress\/ -->\n<title>Was bin ich? - H\u00e4kelfieber<\/title>\n<meta name=\"robots\" content=\"index, follow, max-snippet:-1, max-image-preview:large, max-video-preview:-1\" \/>\n<link rel=\"canonical\" href=\"https:\/\/www.haekelfieber.de\/wp-blog\/2020\/07\/was-bin-ich\/\" \/>\n<meta property=\"og:locale\" content=\"de_DE\" \/>\n<meta property=\"og:type\" content=\"article\" \/>\n<meta property=\"og:title\" content=\"Was bin ich? - H\u00e4kelfieber\" \/>\n<meta property=\"og:description\" content=\"Der Tagesspiegel schreibt, dass am Wochenende eine gro\u00dfe Demonstration in Berlin stattfindet. Die Besucher werden nach Aussage des Berichtes, eine diffuse Mischung aus Coronaleugnern, Rechtsextremen, Verschw\u00f6rungstheoretikern, Virusleugnern, rechtsoffenen Esoterikern und Rechtsextremen bilden. Also allerhand dubioses und gef\u00e4hrliches Gesindel meint der Tagesspiegel dort zu verorten. Ja aber &#8211; ich fahre da auch hin. Welcher Kategorie soll &hellip; Was bin ich? weiterlesen &rarr;\" \/>\n<meta property=\"og:url\" content=\"https:\/\/www.haekelfieber.de\/wp-blog\/2020\/07\/was-bin-ich\/\" \/>\n<meta property=\"og:site_name\" content=\"H\u00e4kelfieber\" \/>\n<meta property=\"article:published_time\" content=\"2020-07-29T16:05:30+00:00\" \/>\n<meta property=\"article:modified_time\" content=\"2020-08-10T10:50:57+00:00\" \/>\n<meta name=\"author\" content=\"Jutta\" \/>\n<meta name=\"twitter:label1\" content=\"Verfasst von\" \/>\n\t<meta name=\"twitter:data1\" content=\"Jutta\" \/>\n\t<meta name=\"twitter:label2\" content=\"Gesch\u00e4tzte Lesezeit\" \/>\n\t<meta name=\"twitter:data2\" content=\"4\u00a0Minuten\" \/>\n<script type=\"application\/ld+json\" class=\"yoast-schema-graph\">{\"@context\":\"https:\\\/\\\/schema.org\",\"@graph\":[{\"@type\":\"Article\",\"@id\":\"https:\\\/\\\/www.haekelfieber.de\\\/wp-blog\\\/2020\\\/07\\\/was-bin-ich\\\/#article\",\"isPartOf\":{\"@id\":\"https:\\\/\\\/www.haekelfieber.de\\\/wp-blog\\\/2020\\\/07\\\/was-bin-ich\\\/\"},\"author\":{\"name\":\"Jutta\",\"@id\":\"https:\\\/\\\/www.haekelfieber.de\\\/wp-blog\\\/#\\\/schema\\\/person\\\/08b81f8e0d3480519aadc66881dee8d7\"},\"headline\":\"Was bin ich?\",\"datePublished\":\"2020-07-29T16:05:30+00:00\",\"dateModified\":\"2020-08-10T10:50:57+00:00\",\"mainEntityOfPage\":{\"@id\":\"https:\\\/\\\/www.haekelfieber.de\\\/wp-blog\\\/2020\\\/07\\\/was-bin-ich\\\/\"},\"wordCount\":817,\"commentCount\":1,\"publisher\":{\"@id\":\"https:\\\/\\\/www.haekelfieber.de\\\/wp-blog\\\/#organization\"},\"articleSection\":[\"Manch anderes\"],\"inLanguage\":\"de\",\"potentialAction\":[{\"@type\":\"CommentAction\",\"name\":\"Comment\",\"target\":[\"https:\\\/\\\/www.haekelfieber.de\\\/wp-blog\\\/2020\\\/07\\\/was-bin-ich\\\/#respond\"]}]},{\"@type\":\"WebPage\",\"@id\":\"https:\\\/\\\/www.haekelfieber.de\\\/wp-blog\\\/2020\\\/07\\\/was-bin-ich\\\/\",\"url\":\"https:\\\/\\\/www.haekelfieber.de\\\/wp-blog\\\/2020\\\/07\\\/was-bin-ich\\\/\",\"name\":\"Was bin ich? - H\u00e4kelfieber\",\"isPartOf\":{\"@id\":\"https:\\\/\\\/www.haekelfieber.de\\\/wp-blog\\\/#website\"},\"datePublished\":\"2020-07-29T16:05:30+00:00\",\"dateModified\":\"2020-08-10T10:50:57+00:00\",\"breadcrumb\":{\"@id\":\"https:\\\/\\\/www.haekelfieber.de\\\/wp-blog\\\/2020\\\/07\\\/was-bin-ich\\\/#breadcrumb\"},\"inLanguage\":\"de\",\"potentialAction\":[{\"@type\":\"ReadAction\",\"target\":[\"https:\\\/\\\/www.haekelfieber.de\\\/wp-blog\\\/2020\\\/07\\\/was-bin-ich\\\/\"]}]},{\"@type\":\"BreadcrumbList\",\"@id\":\"https:\\\/\\\/www.haekelfieber.de\\\/wp-blog\\\/2020\\\/07\\\/was-bin-ich\\\/#breadcrumb\",\"itemListElement\":[{\"@type\":\"ListItem\",\"position\":1,\"name\":\"Home\",\"item\":\"https:\\\/\\\/www.haekelfieber.de\\\/wp-blog\\\/\"},{\"@type\":\"ListItem\",\"position\":2,\"name\":\"Was bin ich?\"}]},{\"@type\":\"WebSite\",\"@id\":\"https:\\\/\\\/www.haekelfieber.de\\\/wp-blog\\\/#website\",\"url\":\"https:\\\/\\\/www.haekelfieber.de\\\/wp-blog\\\/\",\"name\":\"H\u00e4kelfieber\",\"description\":\"Ich bin im...\",\"publisher\":{\"@id\":\"https:\\\/\\\/www.haekelfieber.de\\\/wp-blog\\\/#organization\"},\"potentialAction\":[{\"@type\":\"SearchAction\",\"target\":{\"@type\":\"EntryPoint\",\"urlTemplate\":\"https:\\\/\\\/www.haekelfieber.de\\\/wp-blog\\\/?s={search_term_string}\"},\"query-input\":{\"@type\":\"PropertyValueSpecification\",\"valueRequired\":true,\"valueName\":\"search_term_string\"}}],\"inLanguage\":\"de\"},{\"@type\":\"Organization\",\"@id\":\"https:\\\/\\\/www.haekelfieber.de\\\/wp-blog\\\/#organization\",\"name\":\"H\u00e4kelfieber\",\"url\":\"https:\\\/\\\/www.haekelfieber.de\\\/wp-blog\\\/\",\"logo\":{\"@type\":\"ImageObject\",\"inLanguage\":\"de\",\"@id\":\"https:\\\/\\\/www.haekelfieber.de\\\/wp-blog\\\/#\\\/schema\\\/logo\\\/image\\\/\",\"url\":\"https:\\\/\\\/www.haekelfieber.de\\\/wp-blog\\\/wp-content\\\/uploads\\\/2023\\\/03\\\/kissen-haekeln2.jpg\",\"contentUrl\":\"https:\\\/\\\/www.haekelfieber.de\\\/wp-blog\\\/wp-content\\\/uploads\\\/2023\\\/03\\\/kissen-haekeln2.jpg\",\"width\":683,\"height\":1024,\"caption\":\"H\u00e4kelfieber\"},\"image\":{\"@id\":\"https:\\\/\\\/www.haekelfieber.de\\\/wp-blog\\\/#\\\/schema\\\/logo\\\/image\\\/\"}},{\"@type\":\"Person\",\"@id\":\"https:\\\/\\\/www.haekelfieber.de\\\/wp-blog\\\/#\\\/schema\\\/person\\\/08b81f8e0d3480519aadc66881dee8d7\",\"name\":\"Jutta\",\"image\":{\"@type\":\"ImageObject\",\"inLanguage\":\"de\",\"@id\":\"https:\\\/\\\/secure.gravatar.com\\\/avatar\\\/4fb96a09981d3eab52fd94765c38a5395ca69a563a8cd98c172ef85375636d9d?s=96&d=mm&r=g\",\"url\":\"https:\\\/\\\/secure.gravatar.com\\\/avatar\\\/4fb96a09981d3eab52fd94765c38a5395ca69a563a8cd98c172ef85375636d9d?s=96&d=mm&r=g\",\"contentUrl\":\"https:\\\/\\\/secure.gravatar.com\\\/avatar\\\/4fb96a09981d3eab52fd94765c38a5395ca69a563a8cd98c172ef85375636d9d?s=96&d=mm&r=g\",\"caption\":\"Jutta\"},\"url\":\"https:\\\/\\\/www.haekelfieber.de\\\/wp-blog\\\/author\\\/admin\\\/\"}]}<\/script>\n<!-- \/ Yoast SEO plugin. -->","yoast_head_json":{"title":"Was bin ich? - H\u00e4kelfieber","robots":{"index":"index","follow":"follow","max-snippet":"max-snippet:-1","max-image-preview":"max-image-preview:large","max-video-preview":"max-video-preview:-1"},"canonical":"https:\/\/www.haekelfieber.de\/wp-blog\/2020\/07\/was-bin-ich\/","og_locale":"de_DE","og_type":"article","og_title":"Was bin ich? - H\u00e4kelfieber","og_description":"Der Tagesspiegel schreibt, dass am Wochenende eine gro\u00dfe Demonstration in Berlin stattfindet. Die Besucher werden nach Aussage des Berichtes, eine diffuse Mischung aus Coronaleugnern, Rechtsextremen, Verschw\u00f6rungstheoretikern, Virusleugnern, rechtsoffenen Esoterikern und Rechtsextremen bilden. Also allerhand dubioses und gef\u00e4hrliches Gesindel meint der Tagesspiegel dort zu verorten. Ja aber &#8211; ich fahre da auch hin. Welcher Kategorie soll &hellip; Was bin ich? weiterlesen &rarr;","og_url":"https:\/\/www.haekelfieber.de\/wp-blog\/2020\/07\/was-bin-ich\/","og_site_name":"H\u00e4kelfieber","article_published_time":"2020-07-29T16:05:30+00:00","article_modified_time":"2020-08-10T10:50:57+00:00","author":"Jutta","twitter_misc":{"Verfasst von":"Jutta","Gesch\u00e4tzte Lesezeit":"4\u00a0Minuten"},"schema":{"@context":"https:\/\/schema.org","@graph":[{"@type":"Article","@id":"https:\/\/www.haekelfieber.de\/wp-blog\/2020\/07\/was-bin-ich\/#article","isPartOf":{"@id":"https:\/\/www.haekelfieber.de\/wp-blog\/2020\/07\/was-bin-ich\/"},"author":{"name":"Jutta","@id":"https:\/\/www.haekelfieber.de\/wp-blog\/#\/schema\/person\/08b81f8e0d3480519aadc66881dee8d7"},"headline":"Was bin ich?","datePublished":"2020-07-29T16:05:30+00:00","dateModified":"2020-08-10T10:50:57+00:00","mainEntityOfPage":{"@id":"https:\/\/www.haekelfieber.de\/wp-blog\/2020\/07\/was-bin-ich\/"},"wordCount":817,"commentCount":1,"publisher":{"@id":"https:\/\/www.haekelfieber.de\/wp-blog\/#organization"},"articleSection":["Manch anderes"],"inLanguage":"de","potentialAction":[{"@type":"CommentAction","name":"Comment","target":["https:\/\/www.haekelfieber.de\/wp-blog\/2020\/07\/was-bin-ich\/#respond"]}]},{"@type":"WebPage","@id":"https:\/\/www.haekelfieber.de\/wp-blog\/2020\/07\/was-bin-ich\/","url":"https:\/\/www.haekelfieber.de\/wp-blog\/2020\/07\/was-bin-ich\/","name":"Was bin ich? - H\u00e4kelfieber","isPartOf":{"@id":"https:\/\/www.haekelfieber.de\/wp-blog\/#website"},"datePublished":"2020-07-29T16:05:30+00:00","dateModified":"2020-08-10T10:50:57+00:00","breadcrumb":{"@id":"https:\/\/www.haekelfieber.de\/wp-blog\/2020\/07\/was-bin-ich\/#breadcrumb"},"inLanguage":"de","potentialAction":[{"@type":"ReadAction","target":["https:\/\/www.haekelfieber.de\/wp-blog\/2020\/07\/was-bin-ich\/"]}]},{"@type":"BreadcrumbList","@id":"https:\/\/www.haekelfieber.de\/wp-blog\/2020\/07\/was-bin-ich\/#breadcrumb","itemListElement":[{"@type":"ListItem","position":1,"name":"Home","item":"https:\/\/www.haekelfieber.de\/wp-blog\/"},{"@type":"ListItem","position":2,"name":"Was bin ich?"}]},{"@type":"WebSite","@id":"https:\/\/www.haekelfieber.de\/wp-blog\/#website","url":"https:\/\/www.haekelfieber.de\/wp-blog\/","name":"H\u00e4kelfieber","description":"Ich bin im...","publisher":{"@id":"https:\/\/www.haekelfieber.de\/wp-blog\/#organization"},"potentialAction":[{"@type":"SearchAction","target":{"@type":"EntryPoint","urlTemplate":"https:\/\/www.haekelfieber.de\/wp-blog\/?s={search_term_string}"},"query-input":{"@type":"PropertyValueSpecification","valueRequired":true,"valueName":"search_term_string"}}],"inLanguage":"de"},{"@type":"Organization","@id":"https:\/\/www.haekelfieber.de\/wp-blog\/#organization","name":"H\u00e4kelfieber","url":"https:\/\/www.haekelfieber.de\/wp-blog\/","logo":{"@type":"ImageObject","inLanguage":"de","@id":"https:\/\/www.haekelfieber.de\/wp-blog\/#\/schema\/logo\/image\/","url":"https:\/\/www.haekelfieber.de\/wp-blog\/wp-content\/uploads\/2023\/03\/kissen-haekeln2.jpg","contentUrl":"https:\/\/www.haekelfieber.de\/wp-blog\/wp-content\/uploads\/2023\/03\/kissen-haekeln2.jpg","width":683,"height":1024,"caption":"H\u00e4kelfieber"},"image":{"@id":"https:\/\/www.haekelfieber.de\/wp-blog\/#\/schema\/logo\/image\/"}},{"@type":"Person","@id":"https:\/\/www.haekelfieber.de\/wp-blog\/#\/schema\/person\/08b81f8e0d3480519aadc66881dee8d7","name":"Jutta","image":{"@type":"ImageObject","inLanguage":"de","@id":"https:\/\/secure.gravatar.com\/avatar\/4fb96a09981d3eab52fd94765c38a5395ca69a563a8cd98c172ef85375636d9d?s=96&d=mm&r=g","url":"https:\/\/secure.gravatar.com\/avatar\/4fb96a09981d3eab52fd94765c38a5395ca69a563a8cd98c172ef85375636d9d?s=96&d=mm&r=g","contentUrl":"https:\/\/secure.gravatar.com\/avatar\/4fb96a09981d3eab52fd94765c38a5395ca69a563a8cd98c172ef85375636d9d?s=96&d=mm&r=g","caption":"Jutta"},"url":"https:\/\/www.haekelfieber.de\/wp-blog\/author\/admin\/"}]}},"_links":{"self":[{"href":"https:\/\/www.haekelfieber.de\/wp-blog\/wp-json\/wp\/v2\/posts\/10751","targetHints":{"allow":["GET"]}}],"collection":[{"href":"https:\/\/www.haekelfieber.de\/wp-blog\/wp-json\/wp\/v2\/posts"}],"about":[{"href":"https:\/\/www.haekelfieber.de\/wp-blog\/wp-json\/wp\/v2\/types\/post"}],"author":[{"embeddable":true,"href":"https:\/\/www.haekelfieber.de\/wp-blog\/wp-json\/wp\/v2\/users\/1"}],"replies":[{"embeddable":true,"href":"https:\/\/www.haekelfieber.de\/wp-blog\/wp-json\/wp\/v2\/comments?post=10751"}],"version-history":[{"count":17,"href":"https:\/\/www.haekelfieber.de\/wp-blog\/wp-json\/wp\/v2\/posts\/10751\/revisions"}],"predecessor-version":[{"id":10824,"href":"https:\/\/www.haekelfieber.de\/wp-blog\/wp-json\/wp\/v2\/posts\/10751\/revisions\/10824"}],"wp:attachment":[{"href":"https:\/\/www.haekelfieber.de\/wp-blog\/wp-json\/wp\/v2\/media?parent=10751"}],"wp:term":[{"taxonomy":"category","embeddable":true,"href":"https:\/\/www.haekelfieber.de\/wp-blog\/wp-json\/wp\/v2\/categories?post=10751"},{"taxonomy":"post_tag","embeddable":true,"href":"https:\/\/www.haekelfieber.de\/wp-blog\/wp-json\/wp\/v2\/tags?post=10751"}],"curies":[{"name":"wp","href":"https:\/\/api.w.org\/{rel}","templated":true}]}}