{"id":10825,"date":"2020-08-10T13:21:47","date_gmt":"2020-08-10T11:21:47","guid":{"rendered":"https:\/\/www.haekelfieber.de\/wp-blog\/?p=10825"},"modified":"2020-08-10T13:21:51","modified_gmt":"2020-08-10T11:21:51","slug":"bei-kindern-hoert-der-spass-auf","status":"publish","type":"post","link":"https:\/\/www.haekelfieber.de\/wp-blog\/2020\/08\/bei-kindern-hoert-der-spass-auf\/","title":{"rendered":"Bei Kindern h\u00f6rt der Spa\u00df auf!!"},"content":{"rendered":"\n<p>H\u00e4usliche Isolation von Kindern bei Corona-Verdacht. Bei Zuwiderhandlung droht der Staat mit Herausnahme der Kinder aus den Familien. Es kann eine zwangsweise Absonderung angeordnet werden. <br \/>Wollen wir diesen Wahnsinn den Kindern antun? Ich nicht! Meine T\u00f6chter sind erwachsen, aber ich gehe f\u00fcr alle anderen Kinder auf die Stra\u00dfe. So etwas Unmenschliches darf in diesem Land nicht passieren! BASTA!!<br \/>Ausz\u00fcge aus Anordnungen und genaueres findest du auf Youtube: &#8222;Eltern sind fassungslos. Staat droht Kinder nach positivem Corona-Test aus Familien zu isolieren&#8220;<\/p>\n","protected":false},"excerpt":{"rendered":"<p>H\u00e4usliche Isolation von Kindern bei Corona-Verdacht. Bei Zuwiderhandlung droht der Staat mit Herausnahme der Kinder aus den Familien. Es kann eine zwangsweise Absonderung angeordnet werden. Wollen wir diesen Wahnsinn den Kindern antun? Ich nicht! Meine T\u00f6chter sind erwachsen, aber ich gehe f\u00fcr alle anderen Kinder auf die Stra\u00dfe. So etwas Unmenschliches darf in diesem Land &hellip; <a href=\"https:\/\/www.haekelfieber.de\/wp-blog\/2020\/08\/bei-kindern-hoert-der-spass-auf\/\" class=\"more-link\"><span class=\"screen-reader-text\">Bei Kindern h\u00f6rt der Spa\u00df auf!!<\/span> weiterlesen <span class=\"meta-nav\">&rarr;<\/span><\/a><\/p>\n","protected":false},"author":1,"featured_media":0,"comment_status":"open","ping_status":"open","sticky":false,"template":"","format":"standard","meta":{"footnotes":""},"categories":[1],"tags":[],"class_list":["post-10825","post","type-post","status-publish","format-standard","hentry","category-manch-anderes"],"yoast_head":"<!-- This site is optimized with the Yoast SEO plugin v27.4 - https:\/\/yoast.com\/product\/yoast-seo-wordpress\/ -->\n<title>Bei Kindern h\u00f6rt der Spa\u00df auf!! - H\u00e4kelfieber<\/title>\n<meta name=\"robots\" content=\"index, follow, max-snippet:-1, max-image-preview:large, max-video-preview:-1\" \/>\n<link rel=\"canonical\" href=\"https:\/\/www.haekelfieber.de\/wp-blog\/2020\/08\/bei-kindern-hoert-der-spass-auf\/\" \/>\n<meta property=\"og:locale\" content=\"de_DE\" \/>\n<meta property=\"og:type\" content=\"article\" \/>\n<meta property=\"og:title\" content=\"Bei Kindern h\u00f6rt der Spa\u00df auf!! - H\u00e4kelfieber\" \/>\n<meta property=\"og:description\" content=\"H\u00e4usliche Isolation von Kindern bei Corona-Verdacht. Bei Zuwiderhandlung droht der Staat mit Herausnahme der Kinder aus den Familien. Es kann eine zwangsweise Absonderung angeordnet werden. Wollen wir diesen Wahnsinn den Kindern antun? Ich nicht! Meine T\u00f6chter sind erwachsen, aber ich gehe f\u00fcr alle anderen Kinder auf die Stra\u00dfe. So etwas Unmenschliches darf in diesem Land &hellip; Bei Kindern h\u00f6rt der Spa\u00df auf!! weiterlesen &rarr;\" \/>\n<meta property=\"og:url\" content=\"https:\/\/www.haekelfieber.de\/wp-blog\/2020\/08\/bei-kindern-hoert-der-spass-auf\/\" \/>\n<meta property=\"og:site_name\" content=\"H\u00e4kelfieber\" \/>\n<meta property=\"article:published_time\" content=\"2020-08-10T11:21:47+00:00\" \/>\n<meta property=\"article:modified_time\" content=\"2020-08-10T11:21:51+00:00\" \/>\n<meta name=\"author\" content=\"Jutta\" \/>\n<meta name=\"twitter:label1\" content=\"Verfasst von\" \/>\n\t<meta name=\"twitter:data1\" content=\"Jutta\" \/>\n<script type=\"application\/ld+json\" class=\"yoast-schema-graph\">{\"@context\":\"https:\\\/\\\/schema.org\",\"@graph\":[{\"@type\":\"Article\",\"@id\":\"https:\\\/\\\/www.haekelfieber.de\\\/wp-blog\\\/2020\\\/08\\\/bei-kindern-hoert-der-spass-auf\\\/#article\",\"isPartOf\":{\"@id\":\"https:\\\/\\\/www.haekelfieber.de\\\/wp-blog\\\/2020\\\/08\\\/bei-kindern-hoert-der-spass-auf\\\/\"},\"author\":{\"name\":\"Jutta\",\"@id\":\"https:\\\/\\\/www.haekelfieber.de\\\/wp-blog\\\/#\\\/schema\\\/person\\\/08b81f8e0d3480519aadc66881dee8d7\"},\"headline\":\"Bei Kindern h\u00f6rt der Spa\u00df auf!!\",\"datePublished\":\"2020-08-10T11:21:47+00:00\",\"dateModified\":\"2020-08-10T11:21:51+00:00\",\"mainEntityOfPage\":{\"@id\":\"https:\\\/\\\/www.haekelfieber.de\\\/wp-blog\\\/2020\\\/08\\\/bei-kindern-hoert-der-spass-auf\\\/\"},\"wordCount\":92,\"commentCount\":2,\"publisher\":{\"@id\":\"https:\\\/\\\/www.haekelfieber.de\\\/wp-blog\\\/#organization\"},\"articleSection\":[\"Manch anderes\"],\"inLanguage\":\"de\",\"potentialAction\":[{\"@type\":\"CommentAction\",\"name\":\"Comment\",\"target\":[\"https:\\\/\\\/www.haekelfieber.de\\\/wp-blog\\\/2020\\\/08\\\/bei-kindern-hoert-der-spass-auf\\\/#respond\"]}]},{\"@type\":\"WebPage\",\"@id\":\"https:\\\/\\\/www.haekelfieber.de\\\/wp-blog\\\/2020\\\/08\\\/bei-kindern-hoert-der-spass-auf\\\/\",\"url\":\"https:\\\/\\\/www.haekelfieber.de\\\/wp-blog\\\/2020\\\/08\\\/bei-kindern-hoert-der-spass-auf\\\/\",\"name\":\"Bei Kindern h\u00f6rt der Spa\u00df auf!! - H\u00e4kelfieber\",\"isPartOf\":{\"@id\":\"https:\\\/\\\/www.haekelfieber.de\\\/wp-blog\\\/#website\"},\"datePublished\":\"2020-08-10T11:21:47+00:00\",\"dateModified\":\"2020-08-10T11:21:51+00:00\",\"breadcrumb\":{\"@id\":\"https:\\\/\\\/www.haekelfieber.de\\\/wp-blog\\\/2020\\\/08\\\/bei-kindern-hoert-der-spass-auf\\\/#breadcrumb\"},\"inLanguage\":\"de\",\"potentialAction\":[{\"@type\":\"ReadAction\",\"target\":[\"https:\\\/\\\/www.haekelfieber.de\\\/wp-blog\\\/2020\\\/08\\\/bei-kindern-hoert-der-spass-auf\\\/\"]}]},{\"@type\":\"BreadcrumbList\",\"@id\":\"https:\\\/\\\/www.haekelfieber.de\\\/wp-blog\\\/2020\\\/08\\\/bei-kindern-hoert-der-spass-auf\\\/#breadcrumb\",\"itemListElement\":[{\"@type\":\"ListItem\",\"position\":1,\"name\":\"Home\",\"item\":\"https:\\\/\\\/www.haekelfieber.de\\\/wp-blog\\\/\"},{\"@type\":\"ListItem\",\"position\":2,\"name\":\"Bei Kindern h\u00f6rt der Spa\u00df auf!!\"}]},{\"@type\":\"WebSite\",\"@id\":\"https:\\\/\\\/www.haekelfieber.de\\\/wp-blog\\\/#website\",\"url\":\"https:\\\/\\\/www.haekelfieber.de\\\/wp-blog\\\/\",\"name\":\"H\u00e4kelfieber\",\"description\":\"Ich bin im...\",\"publisher\":{\"@id\":\"https:\\\/\\\/www.haekelfieber.de\\\/wp-blog\\\/#organization\"},\"potentialAction\":[{\"@type\":\"SearchAction\",\"target\":{\"@type\":\"EntryPoint\",\"urlTemplate\":\"https:\\\/\\\/www.haekelfieber.de\\\/wp-blog\\\/?s={search_term_string}\"},\"query-input\":{\"@type\":\"PropertyValueSpecification\",\"valueRequired\":true,\"valueName\":\"search_term_string\"}}],\"inLanguage\":\"de\"},{\"@type\":\"Organization\",\"@id\":\"https:\\\/\\\/www.haekelfieber.de\\\/wp-blog\\\/#organization\",\"name\":\"H\u00e4kelfieber\",\"url\":\"https:\\\/\\\/www.haekelfieber.de\\\/wp-blog\\\/\",\"logo\":{\"@type\":\"ImageObject\",\"inLanguage\":\"de\",\"@id\":\"https:\\\/\\\/www.haekelfieber.de\\\/wp-blog\\\/#\\\/schema\\\/logo\\\/image\\\/\",\"url\":\"https:\\\/\\\/www.haekelfieber.de\\\/wp-blog\\\/wp-content\\\/uploads\\\/2023\\\/03\\\/kissen-haekeln2.jpg\",\"contentUrl\":\"https:\\\/\\\/www.haekelfieber.de\\\/wp-blog\\\/wp-content\\\/uploads\\\/2023\\\/03\\\/kissen-haekeln2.jpg\",\"width\":683,\"height\":1024,\"caption\":\"H\u00e4kelfieber\"},\"image\":{\"@id\":\"https:\\\/\\\/www.haekelfieber.de\\\/wp-blog\\\/#\\\/schema\\\/logo\\\/image\\\/\"}},{\"@type\":\"Person\",\"@id\":\"https:\\\/\\\/www.haekelfieber.de\\\/wp-blog\\\/#\\\/schema\\\/person\\\/08b81f8e0d3480519aadc66881dee8d7\",\"name\":\"Jutta\",\"image\":{\"@type\":\"ImageObject\",\"inLanguage\":\"de\",\"@id\":\"https:\\\/\\\/secure.gravatar.com\\\/avatar\\\/4fb96a09981d3eab52fd94765c38a5395ca69a563a8cd98c172ef85375636d9d?s=96&d=mm&r=g\",\"url\":\"https:\\\/\\\/secure.gravatar.com\\\/avatar\\\/4fb96a09981d3eab52fd94765c38a5395ca69a563a8cd98c172ef85375636d9d?s=96&d=mm&r=g\",\"contentUrl\":\"https:\\\/\\\/secure.gravatar.com\\\/avatar\\\/4fb96a09981d3eab52fd94765c38a5395ca69a563a8cd98c172ef85375636d9d?s=96&d=mm&r=g\",\"caption\":\"Jutta\"},\"url\":\"https:\\\/\\\/www.haekelfieber.de\\\/wp-blog\\\/author\\\/admin\\\/\"}]}<\/script>\n<!-- \/ Yoast SEO plugin. -->","yoast_head_json":{"title":"Bei Kindern h\u00f6rt der Spa\u00df auf!! - H\u00e4kelfieber","robots":{"index":"index","follow":"follow","max-snippet":"max-snippet:-1","max-image-preview":"max-image-preview:large","max-video-preview":"max-video-preview:-1"},"canonical":"https:\/\/www.haekelfieber.de\/wp-blog\/2020\/08\/bei-kindern-hoert-der-spass-auf\/","og_locale":"de_DE","og_type":"article","og_title":"Bei Kindern h\u00f6rt der Spa\u00df auf!! - H\u00e4kelfieber","og_description":"H\u00e4usliche Isolation von Kindern bei Corona-Verdacht. Bei Zuwiderhandlung droht der Staat mit Herausnahme der Kinder aus den Familien. Es kann eine zwangsweise Absonderung angeordnet werden. Wollen wir diesen Wahnsinn den Kindern antun? Ich nicht! Meine T\u00f6chter sind erwachsen, aber ich gehe f\u00fcr alle anderen Kinder auf die Stra\u00dfe. So etwas Unmenschliches darf in diesem Land &hellip; Bei Kindern h\u00f6rt der Spa\u00df auf!! weiterlesen &rarr;","og_url":"https:\/\/www.haekelfieber.de\/wp-blog\/2020\/08\/bei-kindern-hoert-der-spass-auf\/","og_site_name":"H\u00e4kelfieber","article_published_time":"2020-08-10T11:21:47+00:00","article_modified_time":"2020-08-10T11:21:51+00:00","author":"Jutta","twitter_misc":{"Verfasst von":"Jutta"},"schema":{"@context":"https:\/\/schema.org","@graph":[{"@type":"Article","@id":"https:\/\/www.haekelfieber.de\/wp-blog\/2020\/08\/bei-kindern-hoert-der-spass-auf\/#article","isPartOf":{"@id":"https:\/\/www.haekelfieber.de\/wp-blog\/2020\/08\/bei-kindern-hoert-der-spass-auf\/"},"author":{"name":"Jutta","@id":"https:\/\/www.haekelfieber.de\/wp-blog\/#\/schema\/person\/08b81f8e0d3480519aadc66881dee8d7"},"headline":"Bei Kindern h\u00f6rt der Spa\u00df auf!!","datePublished":"2020-08-10T11:21:47+00:00","dateModified":"2020-08-10T11:21:51+00:00","mainEntityOfPage":{"@id":"https:\/\/www.haekelfieber.de\/wp-blog\/2020\/08\/bei-kindern-hoert-der-spass-auf\/"},"wordCount":92,"commentCount":2,"publisher":{"@id":"https:\/\/www.haekelfieber.de\/wp-blog\/#organization"},"articleSection":["Manch anderes"],"inLanguage":"de","potentialAction":[{"@type":"CommentAction","name":"Comment","target":["https:\/\/www.haekelfieber.de\/wp-blog\/2020\/08\/bei-kindern-hoert-der-spass-auf\/#respond"]}]},{"@type":"WebPage","@id":"https:\/\/www.haekelfieber.de\/wp-blog\/2020\/08\/bei-kindern-hoert-der-spass-auf\/","url":"https:\/\/www.haekelfieber.de\/wp-blog\/2020\/08\/bei-kindern-hoert-der-spass-auf\/","name":"Bei Kindern h\u00f6rt der Spa\u00df auf!! - H\u00e4kelfieber","isPartOf":{"@id":"https:\/\/www.haekelfieber.de\/wp-blog\/#website"},"datePublished":"2020-08-10T11:21:47+00:00","dateModified":"2020-08-10T11:21:51+00:00","breadcrumb":{"@id":"https:\/\/www.haekelfieber.de\/wp-blog\/2020\/08\/bei-kindern-hoert-der-spass-auf\/#breadcrumb"},"inLanguage":"de","potentialAction":[{"@type":"ReadAction","target":["https:\/\/www.haekelfieber.de\/wp-blog\/2020\/08\/bei-kindern-hoert-der-spass-auf\/"]}]},{"@type":"BreadcrumbList","@id":"https:\/\/www.haekelfieber.de\/wp-blog\/2020\/08\/bei-kindern-hoert-der-spass-auf\/#breadcrumb","itemListElement":[{"@type":"ListItem","position":1,"name":"Home","item":"https:\/\/www.haekelfieber.de\/wp-blog\/"},{"@type":"ListItem","position":2,"name":"Bei Kindern h\u00f6rt der Spa\u00df auf!!"}]},{"@type":"WebSite","@id":"https:\/\/www.haekelfieber.de\/wp-blog\/#website","url":"https:\/\/www.haekelfieber.de\/wp-blog\/","name":"H\u00e4kelfieber","description":"Ich bin im...","publisher":{"@id":"https:\/\/www.haekelfieber.de\/wp-blog\/#organization"},"potentialAction":[{"@type":"SearchAction","target":{"@type":"EntryPoint","urlTemplate":"https:\/\/www.haekelfieber.de\/wp-blog\/?s={search_term_string}"},"query-input":{"@type":"PropertyValueSpecification","valueRequired":true,"valueName":"search_term_string"}}],"inLanguage":"de"},{"@type":"Organization","@id":"https:\/\/www.haekelfieber.de\/wp-blog\/#organization","name":"H\u00e4kelfieber","url":"https:\/\/www.haekelfieber.de\/wp-blog\/","logo":{"@type":"ImageObject","inLanguage":"de","@id":"https:\/\/www.haekelfieber.de\/wp-blog\/#\/schema\/logo\/image\/","url":"https:\/\/www.haekelfieber.de\/wp-blog\/wp-content\/uploads\/2023\/03\/kissen-haekeln2.jpg","contentUrl":"https:\/\/www.haekelfieber.de\/wp-blog\/wp-content\/uploads\/2023\/03\/kissen-haekeln2.jpg","width":683,"height":1024,"caption":"H\u00e4kelfieber"},"image":{"@id":"https:\/\/www.haekelfieber.de\/wp-blog\/#\/schema\/logo\/image\/"}},{"@type":"Person","@id":"https:\/\/www.haekelfieber.de\/wp-blog\/#\/schema\/person\/08b81f8e0d3480519aadc66881dee8d7","name":"Jutta","image":{"@type":"ImageObject","inLanguage":"de","@id":"https:\/\/secure.gravatar.com\/avatar\/4fb96a09981d3eab52fd94765c38a5395ca69a563a8cd98c172ef85375636d9d?s=96&d=mm&r=g","url":"https:\/\/secure.gravatar.com\/avatar\/4fb96a09981d3eab52fd94765c38a5395ca69a563a8cd98c172ef85375636d9d?s=96&d=mm&r=g","contentUrl":"https:\/\/secure.gravatar.com\/avatar\/4fb96a09981d3eab52fd94765c38a5395ca69a563a8cd98c172ef85375636d9d?s=96&d=mm&r=g","caption":"Jutta"},"url":"https:\/\/www.haekelfieber.de\/wp-blog\/author\/admin\/"}]}},"_links":{"self":[{"href":"https:\/\/www.haekelfieber.de\/wp-blog\/wp-json\/wp\/v2\/posts\/10825","targetHints":{"allow":["GET"]}}],"collection":[{"href":"https:\/\/www.haekelfieber.de\/wp-blog\/wp-json\/wp\/v2\/posts"}],"about":[{"href":"https:\/\/www.haekelfieber.de\/wp-blog\/wp-json\/wp\/v2\/types\/post"}],"author":[{"embeddable":true,"href":"https:\/\/www.haekelfieber.de\/wp-blog\/wp-json\/wp\/v2\/users\/1"}],"replies":[{"embeddable":true,"href":"https:\/\/www.haekelfieber.de\/wp-blog\/wp-json\/wp\/v2\/comments?post=10825"}],"version-history":[{"count":2,"href":"https:\/\/www.haekelfieber.de\/wp-blog\/wp-json\/wp\/v2\/posts\/10825\/revisions"}],"predecessor-version":[{"id":10827,"href":"https:\/\/www.haekelfieber.de\/wp-blog\/wp-json\/wp\/v2\/posts\/10825\/revisions\/10827"}],"wp:attachment":[{"href":"https:\/\/www.haekelfieber.de\/wp-blog\/wp-json\/wp\/v2\/media?parent=10825"}],"wp:term":[{"taxonomy":"category","embeddable":true,"href":"https:\/\/www.haekelfieber.de\/wp-blog\/wp-json\/wp\/v2\/categories?post=10825"},{"taxonomy":"post_tag","embeddable":true,"href":"https:\/\/www.haekelfieber.de\/wp-blog\/wp-json\/wp\/v2\/tags?post=10825"}],"curies":[{"name":"wp","href":"https:\/\/api.w.org\/{rel}","templated":true}]}}