{"id":10921,"date":"2020-09-12T08:04:11","date_gmt":"2020-09-12T06:04:11","guid":{"rendered":"https:\/\/www.haekelfieber.de\/wp-blog\/?p=10921"},"modified":"2020-09-12T21:41:06","modified_gmt":"2020-09-12T19:41:06","slug":"ich-will-normal-werden","status":"publish","type":"post","link":"https:\/\/www.haekelfieber.de\/wp-blog\/2020\/09\/ich-will-normal-werden\/","title":{"rendered":"Ich will &#8222;normal&#8220; werden"},"content":{"rendered":"\n<p>Das Leben als Minderheit macht keinen Spa\u00df. Ich will mehrheitsf\u00e4hig werden. Von Politikern als Covidiot, Pack, Nazi, Arschloch&#8230; beschimpft zu werden ist verletzend. Aua.<br \/>Ihr habt mich zwangs\u00fcberzeugt. Ich mache mich jetzt Mainstream-tauglich. Als erstes packe ich das Fernsehger\u00e4t wieder aus und gucke Tagessau &#8211; \u00e4h &#8211; Tagesschau. Die Macht um Acht wird es schon richten, bei mir. So ohne Nachrichten lebte es sich die letzten Wochen ganz normal. Ich muss mich unter Angst setzen. Sterben, Infizierte, sterben, ansteigen, ansteigen, das Schlimmste, Infizierte&#8230;. Beim Duschen, beim Kochen, beim Sex wiederhole ich mantra-artig die Begrifflichkeiten. Wird mich hoffentlich wieder auf die Spur bringen, damit ich kein Nazi mehr bin. Angst verhindert das logische Denken. Wenn ich das mal los bin, steht einem gl\u00fccklichen Leben nichts mehr im Weg. Mein neues Weihnachten wird dann die Impfung sein. Da freue ich mich sehr, wenn dann alles vorbei ist, obwohl ja jetzt gef\u00fchlt auch schon alles vorbei&#8230; Sterben, sterben, ersticken, Infizierte&#8230; Hilfe ich falle in alte Denkmuster. Ansteigen, schlimm&#8230; <br \/>Bitte helft auch ihr mir bei meiner &#8222;Gesundung&#8220;. Sollte ich versehentlich wieder dubiose Dinge schreiben, dann weist mich zurecht. Macht mich zur Minna. Bitte, bitte. Bringt mich zur\u00fcck auf den rechten Weg! Danke.<br \/>So w\u00fcnsche ich euch einen sch\u00f6nen Tag! \u00c4h sorry nein! Es ist ja alles so schlimm. Ersticken, sterben, Testen, Testen, ansteigen, Infizierte&#8230;<\/p>\n","protected":false},"excerpt":{"rendered":"<p>Das Leben als Minderheit macht keinen Spa\u00df. Ich will mehrheitsf\u00e4hig werden. Von Politikern als Covidiot, Pack, Nazi, Arschloch&#8230; beschimpft zu werden ist verletzend. Aua.Ihr habt mich zwangs\u00fcberzeugt. Ich mache mich jetzt Mainstream-tauglich. Als erstes packe ich das Fernsehger\u00e4t wieder aus und gucke Tagessau &#8211; \u00e4h &#8211; Tagesschau. Die Macht um Acht wird es schon richten, &hellip; <a href=\"https:\/\/www.haekelfieber.de\/wp-blog\/2020\/09\/ich-will-normal-werden\/\" class=\"more-link\"><span class=\"screen-reader-text\">Ich will &#8222;normal&#8220; werden<\/span> weiterlesen <span class=\"meta-nav\">&rarr;<\/span><\/a><\/p>\n","protected":false},"author":1,"featured_media":0,"comment_status":"open","ping_status":"open","sticky":false,"template":"","format":"standard","meta":{"footnotes":""},"categories":[1],"tags":[],"class_list":["post-10921","post","type-post","status-publish","format-standard","hentry","category-manch-anderes"],"yoast_head":"<!-- This site is optimized with the Yoast SEO plugin v27.4 - https:\/\/yoast.com\/product\/yoast-seo-wordpress\/ -->\n<title>Ich will &quot;normal&quot; werden - H\u00e4kelfieber<\/title>\n<meta name=\"robots\" content=\"index, follow, max-snippet:-1, max-image-preview:large, max-video-preview:-1\" \/>\n<link rel=\"canonical\" href=\"https:\/\/www.haekelfieber.de\/wp-blog\/2020\/09\/ich-will-normal-werden\/\" \/>\n<meta property=\"og:locale\" content=\"de_DE\" \/>\n<meta property=\"og:type\" content=\"article\" \/>\n<meta property=\"og:title\" content=\"Ich will &quot;normal&quot; werden - H\u00e4kelfieber\" \/>\n<meta property=\"og:description\" content=\"Das Leben als Minderheit macht keinen Spa\u00df. Ich will mehrheitsf\u00e4hig werden. Von Politikern als Covidiot, Pack, Nazi, Arschloch&#8230; beschimpft zu werden ist verletzend. Aua.Ihr habt mich zwangs\u00fcberzeugt. Ich mache mich jetzt Mainstream-tauglich. Als erstes packe ich das Fernsehger\u00e4t wieder aus und gucke Tagessau &#8211; \u00e4h &#8211; Tagesschau. Die Macht um Acht wird es schon richten, &hellip; Ich will &#8222;normal&#8220; werden weiterlesen &rarr;\" \/>\n<meta property=\"og:url\" content=\"https:\/\/www.haekelfieber.de\/wp-blog\/2020\/09\/ich-will-normal-werden\/\" \/>\n<meta property=\"og:site_name\" content=\"H\u00e4kelfieber\" \/>\n<meta property=\"article:published_time\" content=\"2020-09-12T06:04:11+00:00\" \/>\n<meta property=\"article:modified_time\" content=\"2020-09-12T19:41:06+00:00\" \/>\n<meta name=\"author\" content=\"Jutta\" \/>\n<meta name=\"twitter:label1\" content=\"Verfasst von\" \/>\n\t<meta name=\"twitter:data1\" content=\"Jutta\" \/>\n\t<meta name=\"twitter:label2\" content=\"Gesch\u00e4tzte Lesezeit\" \/>\n\t<meta name=\"twitter:data2\" content=\"1\u00a0Minute\" \/>\n<script type=\"application\/ld+json\" class=\"yoast-schema-graph\">{\"@context\":\"https:\\\/\\\/schema.org\",\"@graph\":[{\"@type\":\"Article\",\"@id\":\"https:\\\/\\\/www.haekelfieber.de\\\/wp-blog\\\/2020\\\/09\\\/ich-will-normal-werden\\\/#article\",\"isPartOf\":{\"@id\":\"https:\\\/\\\/www.haekelfieber.de\\\/wp-blog\\\/2020\\\/09\\\/ich-will-normal-werden\\\/\"},\"author\":{\"name\":\"Jutta\",\"@id\":\"https:\\\/\\\/www.haekelfieber.de\\\/wp-blog\\\/#\\\/schema\\\/person\\\/08b81f8e0d3480519aadc66881dee8d7\"},\"headline\":\"Ich will &#8222;normal&#8220; werden\",\"datePublished\":\"2020-09-12T06:04:11+00:00\",\"dateModified\":\"2020-09-12T19:41:06+00:00\",\"mainEntityOfPage\":{\"@id\":\"https:\\\/\\\/www.haekelfieber.de\\\/wp-blog\\\/2020\\\/09\\\/ich-will-normal-werden\\\/\"},\"wordCount\":232,\"commentCount\":1,\"publisher\":{\"@id\":\"https:\\\/\\\/www.haekelfieber.de\\\/wp-blog\\\/#organization\"},\"articleSection\":[\"Manch anderes\"],\"inLanguage\":\"de\",\"potentialAction\":[{\"@type\":\"CommentAction\",\"name\":\"Comment\",\"target\":[\"https:\\\/\\\/www.haekelfieber.de\\\/wp-blog\\\/2020\\\/09\\\/ich-will-normal-werden\\\/#respond\"]}]},{\"@type\":\"WebPage\",\"@id\":\"https:\\\/\\\/www.haekelfieber.de\\\/wp-blog\\\/2020\\\/09\\\/ich-will-normal-werden\\\/\",\"url\":\"https:\\\/\\\/www.haekelfieber.de\\\/wp-blog\\\/2020\\\/09\\\/ich-will-normal-werden\\\/\",\"name\":\"Ich will \\\"normal\\\" werden - H\u00e4kelfieber\",\"isPartOf\":{\"@id\":\"https:\\\/\\\/www.haekelfieber.de\\\/wp-blog\\\/#website\"},\"datePublished\":\"2020-09-12T06:04:11+00:00\",\"dateModified\":\"2020-09-12T19:41:06+00:00\",\"breadcrumb\":{\"@id\":\"https:\\\/\\\/www.haekelfieber.de\\\/wp-blog\\\/2020\\\/09\\\/ich-will-normal-werden\\\/#breadcrumb\"},\"inLanguage\":\"de\",\"potentialAction\":[{\"@type\":\"ReadAction\",\"target\":[\"https:\\\/\\\/www.haekelfieber.de\\\/wp-blog\\\/2020\\\/09\\\/ich-will-normal-werden\\\/\"]}]},{\"@type\":\"BreadcrumbList\",\"@id\":\"https:\\\/\\\/www.haekelfieber.de\\\/wp-blog\\\/2020\\\/09\\\/ich-will-normal-werden\\\/#breadcrumb\",\"itemListElement\":[{\"@type\":\"ListItem\",\"position\":1,\"name\":\"Home\",\"item\":\"https:\\\/\\\/www.haekelfieber.de\\\/wp-blog\\\/\"},{\"@type\":\"ListItem\",\"position\":2,\"name\":\"Ich will &#8222;normal&#8220; werden\"}]},{\"@type\":\"WebSite\",\"@id\":\"https:\\\/\\\/www.haekelfieber.de\\\/wp-blog\\\/#website\",\"url\":\"https:\\\/\\\/www.haekelfieber.de\\\/wp-blog\\\/\",\"name\":\"H\u00e4kelfieber\",\"description\":\"Ich bin im...\",\"publisher\":{\"@id\":\"https:\\\/\\\/www.haekelfieber.de\\\/wp-blog\\\/#organization\"},\"potentialAction\":[{\"@type\":\"SearchAction\",\"target\":{\"@type\":\"EntryPoint\",\"urlTemplate\":\"https:\\\/\\\/www.haekelfieber.de\\\/wp-blog\\\/?s={search_term_string}\"},\"query-input\":{\"@type\":\"PropertyValueSpecification\",\"valueRequired\":true,\"valueName\":\"search_term_string\"}}],\"inLanguage\":\"de\"},{\"@type\":\"Organization\",\"@id\":\"https:\\\/\\\/www.haekelfieber.de\\\/wp-blog\\\/#organization\",\"name\":\"H\u00e4kelfieber\",\"url\":\"https:\\\/\\\/www.haekelfieber.de\\\/wp-blog\\\/\",\"logo\":{\"@type\":\"ImageObject\",\"inLanguage\":\"de\",\"@id\":\"https:\\\/\\\/www.haekelfieber.de\\\/wp-blog\\\/#\\\/schema\\\/logo\\\/image\\\/\",\"url\":\"https:\\\/\\\/www.haekelfieber.de\\\/wp-blog\\\/wp-content\\\/uploads\\\/2023\\\/03\\\/kissen-haekeln2.jpg\",\"contentUrl\":\"https:\\\/\\\/www.haekelfieber.de\\\/wp-blog\\\/wp-content\\\/uploads\\\/2023\\\/03\\\/kissen-haekeln2.jpg\",\"width\":683,\"height\":1024,\"caption\":\"H\u00e4kelfieber\"},\"image\":{\"@id\":\"https:\\\/\\\/www.haekelfieber.de\\\/wp-blog\\\/#\\\/schema\\\/logo\\\/image\\\/\"}},{\"@type\":\"Person\",\"@id\":\"https:\\\/\\\/www.haekelfieber.de\\\/wp-blog\\\/#\\\/schema\\\/person\\\/08b81f8e0d3480519aadc66881dee8d7\",\"name\":\"Jutta\",\"image\":{\"@type\":\"ImageObject\",\"inLanguage\":\"de\",\"@id\":\"https:\\\/\\\/secure.gravatar.com\\\/avatar\\\/4fb96a09981d3eab52fd94765c38a5395ca69a563a8cd98c172ef85375636d9d?s=96&d=mm&r=g\",\"url\":\"https:\\\/\\\/secure.gravatar.com\\\/avatar\\\/4fb96a09981d3eab52fd94765c38a5395ca69a563a8cd98c172ef85375636d9d?s=96&d=mm&r=g\",\"contentUrl\":\"https:\\\/\\\/secure.gravatar.com\\\/avatar\\\/4fb96a09981d3eab52fd94765c38a5395ca69a563a8cd98c172ef85375636d9d?s=96&d=mm&r=g\",\"caption\":\"Jutta\"},\"url\":\"https:\\\/\\\/www.haekelfieber.de\\\/wp-blog\\\/author\\\/admin\\\/\"}]}<\/script>\n<!-- \/ Yoast SEO plugin. -->","yoast_head_json":{"title":"Ich will \"normal\" werden - H\u00e4kelfieber","robots":{"index":"index","follow":"follow","max-snippet":"max-snippet:-1","max-image-preview":"max-image-preview:large","max-video-preview":"max-video-preview:-1"},"canonical":"https:\/\/www.haekelfieber.de\/wp-blog\/2020\/09\/ich-will-normal-werden\/","og_locale":"de_DE","og_type":"article","og_title":"Ich will \"normal\" werden - H\u00e4kelfieber","og_description":"Das Leben als Minderheit macht keinen Spa\u00df. Ich will mehrheitsf\u00e4hig werden. Von Politikern als Covidiot, Pack, Nazi, Arschloch&#8230; beschimpft zu werden ist verletzend. Aua.Ihr habt mich zwangs\u00fcberzeugt. Ich mache mich jetzt Mainstream-tauglich. Als erstes packe ich das Fernsehger\u00e4t wieder aus und gucke Tagessau &#8211; \u00e4h &#8211; Tagesschau. Die Macht um Acht wird es schon richten, &hellip; Ich will &#8222;normal&#8220; werden weiterlesen &rarr;","og_url":"https:\/\/www.haekelfieber.de\/wp-blog\/2020\/09\/ich-will-normal-werden\/","og_site_name":"H\u00e4kelfieber","article_published_time":"2020-09-12T06:04:11+00:00","article_modified_time":"2020-09-12T19:41:06+00:00","author":"Jutta","twitter_misc":{"Verfasst von":"Jutta","Gesch\u00e4tzte Lesezeit":"1\u00a0Minute"},"schema":{"@context":"https:\/\/schema.org","@graph":[{"@type":"Article","@id":"https:\/\/www.haekelfieber.de\/wp-blog\/2020\/09\/ich-will-normal-werden\/#article","isPartOf":{"@id":"https:\/\/www.haekelfieber.de\/wp-blog\/2020\/09\/ich-will-normal-werden\/"},"author":{"name":"Jutta","@id":"https:\/\/www.haekelfieber.de\/wp-blog\/#\/schema\/person\/08b81f8e0d3480519aadc66881dee8d7"},"headline":"Ich will &#8222;normal&#8220; werden","datePublished":"2020-09-12T06:04:11+00:00","dateModified":"2020-09-12T19:41:06+00:00","mainEntityOfPage":{"@id":"https:\/\/www.haekelfieber.de\/wp-blog\/2020\/09\/ich-will-normal-werden\/"},"wordCount":232,"commentCount":1,"publisher":{"@id":"https:\/\/www.haekelfieber.de\/wp-blog\/#organization"},"articleSection":["Manch anderes"],"inLanguage":"de","potentialAction":[{"@type":"CommentAction","name":"Comment","target":["https:\/\/www.haekelfieber.de\/wp-blog\/2020\/09\/ich-will-normal-werden\/#respond"]}]},{"@type":"WebPage","@id":"https:\/\/www.haekelfieber.de\/wp-blog\/2020\/09\/ich-will-normal-werden\/","url":"https:\/\/www.haekelfieber.de\/wp-blog\/2020\/09\/ich-will-normal-werden\/","name":"Ich will \"normal\" werden - H\u00e4kelfieber","isPartOf":{"@id":"https:\/\/www.haekelfieber.de\/wp-blog\/#website"},"datePublished":"2020-09-12T06:04:11+00:00","dateModified":"2020-09-12T19:41:06+00:00","breadcrumb":{"@id":"https:\/\/www.haekelfieber.de\/wp-blog\/2020\/09\/ich-will-normal-werden\/#breadcrumb"},"inLanguage":"de","potentialAction":[{"@type":"ReadAction","target":["https:\/\/www.haekelfieber.de\/wp-blog\/2020\/09\/ich-will-normal-werden\/"]}]},{"@type":"BreadcrumbList","@id":"https:\/\/www.haekelfieber.de\/wp-blog\/2020\/09\/ich-will-normal-werden\/#breadcrumb","itemListElement":[{"@type":"ListItem","position":1,"name":"Home","item":"https:\/\/www.haekelfieber.de\/wp-blog\/"},{"@type":"ListItem","position":2,"name":"Ich will &#8222;normal&#8220; werden"}]},{"@type":"WebSite","@id":"https:\/\/www.haekelfieber.de\/wp-blog\/#website","url":"https:\/\/www.haekelfieber.de\/wp-blog\/","name":"H\u00e4kelfieber","description":"Ich bin im...","publisher":{"@id":"https:\/\/www.haekelfieber.de\/wp-blog\/#organization"},"potentialAction":[{"@type":"SearchAction","target":{"@type":"EntryPoint","urlTemplate":"https:\/\/www.haekelfieber.de\/wp-blog\/?s={search_term_string}"},"query-input":{"@type":"PropertyValueSpecification","valueRequired":true,"valueName":"search_term_string"}}],"inLanguage":"de"},{"@type":"Organization","@id":"https:\/\/www.haekelfieber.de\/wp-blog\/#organization","name":"H\u00e4kelfieber","url":"https:\/\/www.haekelfieber.de\/wp-blog\/","logo":{"@type":"ImageObject","inLanguage":"de","@id":"https:\/\/www.haekelfieber.de\/wp-blog\/#\/schema\/logo\/image\/","url":"https:\/\/www.haekelfieber.de\/wp-blog\/wp-content\/uploads\/2023\/03\/kissen-haekeln2.jpg","contentUrl":"https:\/\/www.haekelfieber.de\/wp-blog\/wp-content\/uploads\/2023\/03\/kissen-haekeln2.jpg","width":683,"height":1024,"caption":"H\u00e4kelfieber"},"image":{"@id":"https:\/\/www.haekelfieber.de\/wp-blog\/#\/schema\/logo\/image\/"}},{"@type":"Person","@id":"https:\/\/www.haekelfieber.de\/wp-blog\/#\/schema\/person\/08b81f8e0d3480519aadc66881dee8d7","name":"Jutta","image":{"@type":"ImageObject","inLanguage":"de","@id":"https:\/\/secure.gravatar.com\/avatar\/4fb96a09981d3eab52fd94765c38a5395ca69a563a8cd98c172ef85375636d9d?s=96&d=mm&r=g","url":"https:\/\/secure.gravatar.com\/avatar\/4fb96a09981d3eab52fd94765c38a5395ca69a563a8cd98c172ef85375636d9d?s=96&d=mm&r=g","contentUrl":"https:\/\/secure.gravatar.com\/avatar\/4fb96a09981d3eab52fd94765c38a5395ca69a563a8cd98c172ef85375636d9d?s=96&d=mm&r=g","caption":"Jutta"},"url":"https:\/\/www.haekelfieber.de\/wp-blog\/author\/admin\/"}]}},"_links":{"self":[{"href":"https:\/\/www.haekelfieber.de\/wp-blog\/wp-json\/wp\/v2\/posts\/10921","targetHints":{"allow":["GET"]}}],"collection":[{"href":"https:\/\/www.haekelfieber.de\/wp-blog\/wp-json\/wp\/v2\/posts"}],"about":[{"href":"https:\/\/www.haekelfieber.de\/wp-blog\/wp-json\/wp\/v2\/types\/post"}],"author":[{"embeddable":true,"href":"https:\/\/www.haekelfieber.de\/wp-blog\/wp-json\/wp\/v2\/users\/1"}],"replies":[{"embeddable":true,"href":"https:\/\/www.haekelfieber.de\/wp-blog\/wp-json\/wp\/v2\/comments?post=10921"}],"version-history":[{"count":2,"href":"https:\/\/www.haekelfieber.de\/wp-blog\/wp-json\/wp\/v2\/posts\/10921\/revisions"}],"predecessor-version":[{"id":10924,"href":"https:\/\/www.haekelfieber.de\/wp-blog\/wp-json\/wp\/v2\/posts\/10921\/revisions\/10924"}],"wp:attachment":[{"href":"https:\/\/www.haekelfieber.de\/wp-blog\/wp-json\/wp\/v2\/media?parent=10921"}],"wp:term":[{"taxonomy":"category","embeddable":true,"href":"https:\/\/www.haekelfieber.de\/wp-blog\/wp-json\/wp\/v2\/categories?post=10921"},{"taxonomy":"post_tag","embeddable":true,"href":"https:\/\/www.haekelfieber.de\/wp-blog\/wp-json\/wp\/v2\/tags?post=10921"}],"curies":[{"name":"wp","href":"https:\/\/api.w.org\/{rel}","templated":true}]}}