{"id":10930,"date":"2020-09-14T09:04:26","date_gmt":"2020-09-14T07:04:26","guid":{"rendered":"https:\/\/www.haekelfieber.de\/wp-blog\/?p=10930"},"modified":"2020-09-14T09:06:00","modified_gmt":"2020-09-14T07:06:00","slug":"von-tieren-und-pflanzen","status":"publish","type":"post","link":"https:\/\/www.haekelfieber.de\/wp-blog\/2020\/09\/von-tieren-und-pflanzen\/","title":{"rendered":"Von Tieren und Pflanzen"},"content":{"rendered":"\n<p>Unsere Laufenten-boys erobern sich den Garten. Yeah. Das Geschi\u00df auf der Terasse ist stark r\u00fcckl\u00e4ufig. Yeah. Ernie und Bert schnabeln sich fleissig durch das Gr\u00fcn und minimieren den Schneckenbefall. Der Gem\u00fcsegarten interessiert sie bisher nicht, denn au\u00dfer Mangold, Gr\u00fcnkohl, Lauch, Rote Beete und longlife Fr\u00fchlingszwiebeln ist dort nicht mehr viel Zartes zu holen. <br \/>Es herbstelt. K\u00fchle N\u00e4chte, warme Sp\u00e4tsommertage, hie und da schon verf\u00e4rbendes Laub an B\u00e4umen&#8230; Jetzt gilt es die N\u00fcsse von den Str\u00e4uchern zu sch\u00fctteln, die reifen Birnen und \u00c4pfel zu trocknen, Zwetschgen einzufrieren, f\u00fcr leckeren Kuchen \u00fcber den Winter&#8230; <br \/>Erntezeit &#8211; sch\u00f6n\u00a0 \ud83d\ude42<br \/><br \/><\/p>\n\n\n\n<figure class=\"wp-block-image size-full\"><img loading=\"lazy\" decoding=\"async\" width=\"960\" height=\"1439\" src=\"https:\/\/www.haekelfieber.de\/wp-blog\/wp-content\/uploads\/2020\/09\/Garten2.jpg\" alt=\"\" class=\"wp-image-10928\" srcset=\"https:\/\/www.haekelfieber.de\/wp-blog\/wp-content\/uploads\/2020\/09\/Garten2.jpg 960w, https:\/\/www.haekelfieber.de\/wp-blog\/wp-content\/uploads\/2020\/09\/Garten2-200x300.jpg 200w, https:\/\/www.haekelfieber.de\/wp-blog\/wp-content\/uploads\/2020\/09\/Garten2-400x600.jpg 400w, https:\/\/www.haekelfieber.de\/wp-blog\/wp-content\/uploads\/2020\/09\/Garten2-768x1151.jpg 768w\" sizes=\"auto, (max-width: 960px) 100vw, 960px\" \/><figcaption><br><br><\/figcaption><\/figure>\n\n\n\n<figure class=\"wp-block-image size-full\"><img loading=\"lazy\" decoding=\"async\" width=\"960\" height=\"1439\" src=\"https:\/\/www.haekelfieber.de\/wp-blog\/wp-content\/uploads\/2020\/09\/Garten6.jpg\" alt=\"\" class=\"wp-image-10925\" srcset=\"https:\/\/www.haekelfieber.de\/wp-blog\/wp-content\/uploads\/2020\/09\/Garten6.jpg 960w, https:\/\/www.haekelfieber.de\/wp-blog\/wp-content\/uploads\/2020\/09\/Garten6-200x300.jpg 200w, https:\/\/www.haekelfieber.de\/wp-blog\/wp-content\/uploads\/2020\/09\/Garten6-400x600.jpg 400w, https:\/\/www.haekelfieber.de\/wp-blog\/wp-content\/uploads\/2020\/09\/Garten6-768x1151.jpg 768w\" sizes=\"auto, (max-width: 960px) 100vw, 960px\" \/><figcaption><br><br><\/figcaption><\/figure>\n\n\n\n<figure class=\"wp-block-image size-full\"><img loading=\"lazy\" decoding=\"async\" width=\"960\" height=\"1439\" src=\"https:\/\/www.haekelfieber.de\/wp-blog\/wp-content\/uploads\/2020\/09\/Garten4.jpg\" alt=\"\" class=\"wp-image-10926\" srcset=\"https:\/\/www.haekelfieber.de\/wp-blog\/wp-content\/uploads\/2020\/09\/Garten4.jpg 960w, https:\/\/www.haekelfieber.de\/wp-blog\/wp-content\/uploads\/2020\/09\/Garten4-200x300.jpg 200w, https:\/\/www.haekelfieber.de\/wp-blog\/wp-content\/uploads\/2020\/09\/Garten4-400x600.jpg 400w, https:\/\/www.haekelfieber.de\/wp-blog\/wp-content\/uploads\/2020\/09\/Garten4-768x1151.jpg 768w\" sizes=\"auto, (max-width: 960px) 100vw, 960px\" \/><figcaption><br><br><\/figcaption><\/figure>\n\n\n\n<figure class=\"wp-block-image size-full\"><img loading=\"lazy\" decoding=\"async\" width=\"960\" height=\"1439\" src=\"https:\/\/www.haekelfieber.de\/wp-blog\/wp-content\/uploads\/2020\/09\/Garten1.jpg\" alt=\"\" class=\"wp-image-10929\" srcset=\"https:\/\/www.haekelfieber.de\/wp-blog\/wp-content\/uploads\/2020\/09\/Garten1.jpg 960w, https:\/\/www.haekelfieber.de\/wp-blog\/wp-content\/uploads\/2020\/09\/Garten1-200x300.jpg 200w, https:\/\/www.haekelfieber.de\/wp-blog\/wp-content\/uploads\/2020\/09\/Garten1-400x600.jpg 400w, https:\/\/www.haekelfieber.de\/wp-blog\/wp-content\/uploads\/2020\/09\/Garten1-768x1151.jpg 768w\" sizes=\"auto, (max-width: 960px) 100vw, 960px\" \/><figcaption><br><br><\/figcaption><\/figure>\n\n\n\n<figure class=\"wp-block-image size-full\"><img loading=\"lazy\" decoding=\"async\" width=\"960\" height=\"1439\" src=\"https:\/\/www.haekelfieber.de\/wp-blog\/wp-content\/uploads\/2020\/09\/Garten3.jpg\" alt=\"\" class=\"wp-image-10927\" srcset=\"https:\/\/www.haekelfieber.de\/wp-blog\/wp-content\/uploads\/2020\/09\/Garten3.jpg 960w, https:\/\/www.haekelfieber.de\/wp-blog\/wp-content\/uploads\/2020\/09\/Garten3-200x300.jpg 200w, https:\/\/www.haekelfieber.de\/wp-blog\/wp-content\/uploads\/2020\/09\/Garten3-400x600.jpg 400w, https:\/\/www.haekelfieber.de\/wp-blog\/wp-content\/uploads\/2020\/09\/Garten3-768x1151.jpg 768w\" sizes=\"auto, (max-width: 960px) 100vw, 960px\" \/><\/figure>\n\n\n","protected":false},"excerpt":{"rendered":"<p>Unsere Laufenten-boys erobern sich den Garten. Yeah. Das Geschi\u00df auf der Terasse ist stark r\u00fcckl\u00e4ufig. Yeah. Ernie und Bert schnabeln sich fleissig durch das Gr\u00fcn und minimieren den Schneckenbefall. Der Gem\u00fcsegarten interessiert sie bisher nicht, denn au\u00dfer Mangold, Gr\u00fcnkohl, Lauch, Rote Beete und longlife Fr\u00fchlingszwiebeln ist dort nicht mehr viel Zartes zu holen. Es herbstelt. &hellip; <a href=\"https:\/\/www.haekelfieber.de\/wp-blog\/2020\/09\/von-tieren-und-pflanzen\/\" class=\"more-link\"><span class=\"screen-reader-text\">Von Tieren und Pflanzen<\/span> weiterlesen <span class=\"meta-nav\">&rarr;<\/span><\/a><\/p>\n","protected":false},"author":1,"featured_media":0,"comment_status":"open","ping_status":"open","sticky":false,"template":"","format":"standard","meta":{"footnotes":""},"categories":[10,7],"tags":[],"class_list":["post-10930","post","type-post","status-publish","format-standard","hentry","category-die-natur","category-garten"],"yoast_head":"<!-- This site is optimized with the Yoast SEO plugin v27.4 - https:\/\/yoast.com\/product\/yoast-seo-wordpress\/ -->\n<title>Von Tieren und Pflanzen - H\u00e4kelfieber<\/title>\n<meta name=\"robots\" content=\"index, follow, max-snippet:-1, max-image-preview:large, max-video-preview:-1\" \/>\n<link rel=\"canonical\" href=\"https:\/\/www.haekelfieber.de\/wp-blog\/2020\/09\/von-tieren-und-pflanzen\/\" \/>\n<meta property=\"og:locale\" content=\"de_DE\" \/>\n<meta property=\"og:type\" content=\"article\" \/>\n<meta property=\"og:title\" content=\"Von Tieren und Pflanzen - H\u00e4kelfieber\" \/>\n<meta property=\"og:description\" content=\"Unsere Laufenten-boys erobern sich den Garten. Yeah. Das Geschi\u00df auf der Terasse ist stark r\u00fcckl\u00e4ufig. Yeah. Ernie und Bert schnabeln sich fleissig durch das Gr\u00fcn und minimieren den Schneckenbefall. Der Gem\u00fcsegarten interessiert sie bisher nicht, denn au\u00dfer Mangold, Gr\u00fcnkohl, Lauch, Rote Beete und longlife Fr\u00fchlingszwiebeln ist dort nicht mehr viel Zartes zu holen. Es herbstelt. &hellip; Von Tieren und Pflanzen weiterlesen &rarr;\" \/>\n<meta property=\"og:url\" content=\"https:\/\/www.haekelfieber.de\/wp-blog\/2020\/09\/von-tieren-und-pflanzen\/\" \/>\n<meta property=\"og:site_name\" content=\"H\u00e4kelfieber\" \/>\n<meta property=\"article:published_time\" content=\"2020-09-14T07:04:26+00:00\" \/>\n<meta property=\"article:modified_time\" content=\"2020-09-14T07:06:00+00:00\" \/>\n<meta property=\"og:image\" content=\"https:\/\/www.haekelfieber.de\/wp-blog\/wp-content\/uploads\/2020\/09\/Garten2.jpg\" \/>\n<meta name=\"author\" content=\"Jutta\" \/>\n<meta name=\"twitter:label1\" content=\"Verfasst von\" \/>\n\t<meta name=\"twitter:data1\" content=\"Jutta\" \/>\n\t<meta name=\"twitter:label2\" content=\"Gesch\u00e4tzte Lesezeit\" \/>\n\t<meta name=\"twitter:data2\" content=\"1\u00a0Minute\" \/>\n<script type=\"application\/ld+json\" class=\"yoast-schema-graph\">{\"@context\":\"https:\\\/\\\/schema.org\",\"@graph\":[{\"@type\":\"Article\",\"@id\":\"https:\\\/\\\/www.haekelfieber.de\\\/wp-blog\\\/2020\\\/09\\\/von-tieren-und-pflanzen\\\/#article\",\"isPartOf\":{\"@id\":\"https:\\\/\\\/www.haekelfieber.de\\\/wp-blog\\\/2020\\\/09\\\/von-tieren-und-pflanzen\\\/\"},\"author\":{\"name\":\"Jutta\",\"@id\":\"https:\\\/\\\/www.haekelfieber.de\\\/wp-blog\\\/#\\\/schema\\\/person\\\/08b81f8e0d3480519aadc66881dee8d7\"},\"headline\":\"Von Tieren und Pflanzen\",\"datePublished\":\"2020-09-14T07:04:26+00:00\",\"dateModified\":\"2020-09-14T07:06:00+00:00\",\"mainEntityOfPage\":{\"@id\":\"https:\\\/\\\/www.haekelfieber.de\\\/wp-blog\\\/2020\\\/09\\\/von-tieren-und-pflanzen\\\/\"},\"wordCount\":116,\"commentCount\":1,\"publisher\":{\"@id\":\"https:\\\/\\\/www.haekelfieber.de\\\/wp-blog\\\/#organization\"},\"image\":{\"@id\":\"https:\\\/\\\/www.haekelfieber.de\\\/wp-blog\\\/2020\\\/09\\\/von-tieren-und-pflanzen\\\/#primaryimage\"},\"thumbnailUrl\":\"https:\\\/\\\/www.haekelfieber.de\\\/wp-blog\\\/wp-content\\\/uploads\\\/2020\\\/09\\\/Garten2.jpg\",\"articleSection\":[\"Die Natur\",\"Garten\"],\"inLanguage\":\"de\",\"potentialAction\":[{\"@type\":\"CommentAction\",\"name\":\"Comment\",\"target\":[\"https:\\\/\\\/www.haekelfieber.de\\\/wp-blog\\\/2020\\\/09\\\/von-tieren-und-pflanzen\\\/#respond\"]}]},{\"@type\":\"WebPage\",\"@id\":\"https:\\\/\\\/www.haekelfieber.de\\\/wp-blog\\\/2020\\\/09\\\/von-tieren-und-pflanzen\\\/\",\"url\":\"https:\\\/\\\/www.haekelfieber.de\\\/wp-blog\\\/2020\\\/09\\\/von-tieren-und-pflanzen\\\/\",\"name\":\"Von Tieren und Pflanzen - H\u00e4kelfieber\",\"isPartOf\":{\"@id\":\"https:\\\/\\\/www.haekelfieber.de\\\/wp-blog\\\/#website\"},\"primaryImageOfPage\":{\"@id\":\"https:\\\/\\\/www.haekelfieber.de\\\/wp-blog\\\/2020\\\/09\\\/von-tieren-und-pflanzen\\\/#primaryimage\"},\"image\":{\"@id\":\"https:\\\/\\\/www.haekelfieber.de\\\/wp-blog\\\/2020\\\/09\\\/von-tieren-und-pflanzen\\\/#primaryimage\"},\"thumbnailUrl\":\"https:\\\/\\\/www.haekelfieber.de\\\/wp-blog\\\/wp-content\\\/uploads\\\/2020\\\/09\\\/Garten2.jpg\",\"datePublished\":\"2020-09-14T07:04:26+00:00\",\"dateModified\":\"2020-09-14T07:06:00+00:00\",\"breadcrumb\":{\"@id\":\"https:\\\/\\\/www.haekelfieber.de\\\/wp-blog\\\/2020\\\/09\\\/von-tieren-und-pflanzen\\\/#breadcrumb\"},\"inLanguage\":\"de\",\"potentialAction\":[{\"@type\":\"ReadAction\",\"target\":[\"https:\\\/\\\/www.haekelfieber.de\\\/wp-blog\\\/2020\\\/09\\\/von-tieren-und-pflanzen\\\/\"]}]},{\"@type\":\"ImageObject\",\"inLanguage\":\"de\",\"@id\":\"https:\\\/\\\/www.haekelfieber.de\\\/wp-blog\\\/2020\\\/09\\\/von-tieren-und-pflanzen\\\/#primaryimage\",\"url\":\"https:\\\/\\\/www.haekelfieber.de\\\/wp-blog\\\/wp-content\\\/uploads\\\/2020\\\/09\\\/Garten2.jpg\",\"contentUrl\":\"https:\\\/\\\/www.haekelfieber.de\\\/wp-blog\\\/wp-content\\\/uploads\\\/2020\\\/09\\\/Garten2.jpg\",\"width\":960,\"height\":1439},{\"@type\":\"BreadcrumbList\",\"@id\":\"https:\\\/\\\/www.haekelfieber.de\\\/wp-blog\\\/2020\\\/09\\\/von-tieren-und-pflanzen\\\/#breadcrumb\",\"itemListElement\":[{\"@type\":\"ListItem\",\"position\":1,\"name\":\"Home\",\"item\":\"https:\\\/\\\/www.haekelfieber.de\\\/wp-blog\\\/\"},{\"@type\":\"ListItem\",\"position\":2,\"name\":\"Von Tieren und Pflanzen\"}]},{\"@type\":\"WebSite\",\"@id\":\"https:\\\/\\\/www.haekelfieber.de\\\/wp-blog\\\/#website\",\"url\":\"https:\\\/\\\/www.haekelfieber.de\\\/wp-blog\\\/\",\"name\":\"H\u00e4kelfieber\",\"description\":\"Ich bin im...\",\"publisher\":{\"@id\":\"https:\\\/\\\/www.haekelfieber.de\\\/wp-blog\\\/#organization\"},\"potentialAction\":[{\"@type\":\"SearchAction\",\"target\":{\"@type\":\"EntryPoint\",\"urlTemplate\":\"https:\\\/\\\/www.haekelfieber.de\\\/wp-blog\\\/?s={search_term_string}\"},\"query-input\":{\"@type\":\"PropertyValueSpecification\",\"valueRequired\":true,\"valueName\":\"search_term_string\"}}],\"inLanguage\":\"de\"},{\"@type\":\"Organization\",\"@id\":\"https:\\\/\\\/www.haekelfieber.de\\\/wp-blog\\\/#organization\",\"name\":\"H\u00e4kelfieber\",\"url\":\"https:\\\/\\\/www.haekelfieber.de\\\/wp-blog\\\/\",\"logo\":{\"@type\":\"ImageObject\",\"inLanguage\":\"de\",\"@id\":\"https:\\\/\\\/www.haekelfieber.de\\\/wp-blog\\\/#\\\/schema\\\/logo\\\/image\\\/\",\"url\":\"https:\\\/\\\/www.haekelfieber.de\\\/wp-blog\\\/wp-content\\\/uploads\\\/2023\\\/03\\\/kissen-haekeln2.jpg\",\"contentUrl\":\"https:\\\/\\\/www.haekelfieber.de\\\/wp-blog\\\/wp-content\\\/uploads\\\/2023\\\/03\\\/kissen-haekeln2.jpg\",\"width\":683,\"height\":1024,\"caption\":\"H\u00e4kelfieber\"},\"image\":{\"@id\":\"https:\\\/\\\/www.haekelfieber.de\\\/wp-blog\\\/#\\\/schema\\\/logo\\\/image\\\/\"}},{\"@type\":\"Person\",\"@id\":\"https:\\\/\\\/www.haekelfieber.de\\\/wp-blog\\\/#\\\/schema\\\/person\\\/08b81f8e0d3480519aadc66881dee8d7\",\"name\":\"Jutta\",\"image\":{\"@type\":\"ImageObject\",\"inLanguage\":\"de\",\"@id\":\"https:\\\/\\\/secure.gravatar.com\\\/avatar\\\/4fb96a09981d3eab52fd94765c38a5395ca69a563a8cd98c172ef85375636d9d?s=96&d=mm&r=g\",\"url\":\"https:\\\/\\\/secure.gravatar.com\\\/avatar\\\/4fb96a09981d3eab52fd94765c38a5395ca69a563a8cd98c172ef85375636d9d?s=96&d=mm&r=g\",\"contentUrl\":\"https:\\\/\\\/secure.gravatar.com\\\/avatar\\\/4fb96a09981d3eab52fd94765c38a5395ca69a563a8cd98c172ef85375636d9d?s=96&d=mm&r=g\",\"caption\":\"Jutta\"},\"url\":\"https:\\\/\\\/www.haekelfieber.de\\\/wp-blog\\\/author\\\/admin\\\/\"}]}<\/script>\n<!-- \/ Yoast SEO plugin. -->","yoast_head_json":{"title":"Von Tieren und Pflanzen - H\u00e4kelfieber","robots":{"index":"index","follow":"follow","max-snippet":"max-snippet:-1","max-image-preview":"max-image-preview:large","max-video-preview":"max-video-preview:-1"},"canonical":"https:\/\/www.haekelfieber.de\/wp-blog\/2020\/09\/von-tieren-und-pflanzen\/","og_locale":"de_DE","og_type":"article","og_title":"Von Tieren und Pflanzen - H\u00e4kelfieber","og_description":"Unsere Laufenten-boys erobern sich den Garten. Yeah. Das Geschi\u00df auf der Terasse ist stark r\u00fcckl\u00e4ufig. Yeah. Ernie und Bert schnabeln sich fleissig durch das Gr\u00fcn und minimieren den Schneckenbefall. Der Gem\u00fcsegarten interessiert sie bisher nicht, denn au\u00dfer Mangold, Gr\u00fcnkohl, Lauch, Rote Beete und longlife Fr\u00fchlingszwiebeln ist dort nicht mehr viel Zartes zu holen. Es herbstelt. &hellip; Von Tieren und Pflanzen weiterlesen &rarr;","og_url":"https:\/\/www.haekelfieber.de\/wp-blog\/2020\/09\/von-tieren-und-pflanzen\/","og_site_name":"H\u00e4kelfieber","article_published_time":"2020-09-14T07:04:26+00:00","article_modified_time":"2020-09-14T07:06:00+00:00","og_image":[{"url":"https:\/\/www.haekelfieber.de\/wp-blog\/wp-content\/uploads\/2020\/09\/Garten2.jpg","type":"","width":"","height":""}],"author":"Jutta","twitter_misc":{"Verfasst von":"Jutta","Gesch\u00e4tzte Lesezeit":"1\u00a0Minute"},"schema":{"@context":"https:\/\/schema.org","@graph":[{"@type":"Article","@id":"https:\/\/www.haekelfieber.de\/wp-blog\/2020\/09\/von-tieren-und-pflanzen\/#article","isPartOf":{"@id":"https:\/\/www.haekelfieber.de\/wp-blog\/2020\/09\/von-tieren-und-pflanzen\/"},"author":{"name":"Jutta","@id":"https:\/\/www.haekelfieber.de\/wp-blog\/#\/schema\/person\/08b81f8e0d3480519aadc66881dee8d7"},"headline":"Von Tieren und Pflanzen","datePublished":"2020-09-14T07:04:26+00:00","dateModified":"2020-09-14T07:06:00+00:00","mainEntityOfPage":{"@id":"https:\/\/www.haekelfieber.de\/wp-blog\/2020\/09\/von-tieren-und-pflanzen\/"},"wordCount":116,"commentCount":1,"publisher":{"@id":"https:\/\/www.haekelfieber.de\/wp-blog\/#organization"},"image":{"@id":"https:\/\/www.haekelfieber.de\/wp-blog\/2020\/09\/von-tieren-und-pflanzen\/#primaryimage"},"thumbnailUrl":"https:\/\/www.haekelfieber.de\/wp-blog\/wp-content\/uploads\/2020\/09\/Garten2.jpg","articleSection":["Die Natur","Garten"],"inLanguage":"de","potentialAction":[{"@type":"CommentAction","name":"Comment","target":["https:\/\/www.haekelfieber.de\/wp-blog\/2020\/09\/von-tieren-und-pflanzen\/#respond"]}]},{"@type":"WebPage","@id":"https:\/\/www.haekelfieber.de\/wp-blog\/2020\/09\/von-tieren-und-pflanzen\/","url":"https:\/\/www.haekelfieber.de\/wp-blog\/2020\/09\/von-tieren-und-pflanzen\/","name":"Von Tieren und Pflanzen - H\u00e4kelfieber","isPartOf":{"@id":"https:\/\/www.haekelfieber.de\/wp-blog\/#website"},"primaryImageOfPage":{"@id":"https:\/\/www.haekelfieber.de\/wp-blog\/2020\/09\/von-tieren-und-pflanzen\/#primaryimage"},"image":{"@id":"https:\/\/www.haekelfieber.de\/wp-blog\/2020\/09\/von-tieren-und-pflanzen\/#primaryimage"},"thumbnailUrl":"https:\/\/www.haekelfieber.de\/wp-blog\/wp-content\/uploads\/2020\/09\/Garten2.jpg","datePublished":"2020-09-14T07:04:26+00:00","dateModified":"2020-09-14T07:06:00+00:00","breadcrumb":{"@id":"https:\/\/www.haekelfieber.de\/wp-blog\/2020\/09\/von-tieren-und-pflanzen\/#breadcrumb"},"inLanguage":"de","potentialAction":[{"@type":"ReadAction","target":["https:\/\/www.haekelfieber.de\/wp-blog\/2020\/09\/von-tieren-und-pflanzen\/"]}]},{"@type":"ImageObject","inLanguage":"de","@id":"https:\/\/www.haekelfieber.de\/wp-blog\/2020\/09\/von-tieren-und-pflanzen\/#primaryimage","url":"https:\/\/www.haekelfieber.de\/wp-blog\/wp-content\/uploads\/2020\/09\/Garten2.jpg","contentUrl":"https:\/\/www.haekelfieber.de\/wp-blog\/wp-content\/uploads\/2020\/09\/Garten2.jpg","width":960,"height":1439},{"@type":"BreadcrumbList","@id":"https:\/\/www.haekelfieber.de\/wp-blog\/2020\/09\/von-tieren-und-pflanzen\/#breadcrumb","itemListElement":[{"@type":"ListItem","position":1,"name":"Home","item":"https:\/\/www.haekelfieber.de\/wp-blog\/"},{"@type":"ListItem","position":2,"name":"Von Tieren und Pflanzen"}]},{"@type":"WebSite","@id":"https:\/\/www.haekelfieber.de\/wp-blog\/#website","url":"https:\/\/www.haekelfieber.de\/wp-blog\/","name":"H\u00e4kelfieber","description":"Ich bin im...","publisher":{"@id":"https:\/\/www.haekelfieber.de\/wp-blog\/#organization"},"potentialAction":[{"@type":"SearchAction","target":{"@type":"EntryPoint","urlTemplate":"https:\/\/www.haekelfieber.de\/wp-blog\/?s={search_term_string}"},"query-input":{"@type":"PropertyValueSpecification","valueRequired":true,"valueName":"search_term_string"}}],"inLanguage":"de"},{"@type":"Organization","@id":"https:\/\/www.haekelfieber.de\/wp-blog\/#organization","name":"H\u00e4kelfieber","url":"https:\/\/www.haekelfieber.de\/wp-blog\/","logo":{"@type":"ImageObject","inLanguage":"de","@id":"https:\/\/www.haekelfieber.de\/wp-blog\/#\/schema\/logo\/image\/","url":"https:\/\/www.haekelfieber.de\/wp-blog\/wp-content\/uploads\/2023\/03\/kissen-haekeln2.jpg","contentUrl":"https:\/\/www.haekelfieber.de\/wp-blog\/wp-content\/uploads\/2023\/03\/kissen-haekeln2.jpg","width":683,"height":1024,"caption":"H\u00e4kelfieber"},"image":{"@id":"https:\/\/www.haekelfieber.de\/wp-blog\/#\/schema\/logo\/image\/"}},{"@type":"Person","@id":"https:\/\/www.haekelfieber.de\/wp-blog\/#\/schema\/person\/08b81f8e0d3480519aadc66881dee8d7","name":"Jutta","image":{"@type":"ImageObject","inLanguage":"de","@id":"https:\/\/secure.gravatar.com\/avatar\/4fb96a09981d3eab52fd94765c38a5395ca69a563a8cd98c172ef85375636d9d?s=96&d=mm&r=g","url":"https:\/\/secure.gravatar.com\/avatar\/4fb96a09981d3eab52fd94765c38a5395ca69a563a8cd98c172ef85375636d9d?s=96&d=mm&r=g","contentUrl":"https:\/\/secure.gravatar.com\/avatar\/4fb96a09981d3eab52fd94765c38a5395ca69a563a8cd98c172ef85375636d9d?s=96&d=mm&r=g","caption":"Jutta"},"url":"https:\/\/www.haekelfieber.de\/wp-blog\/author\/admin\/"}]}},"_links":{"self":[{"href":"https:\/\/www.haekelfieber.de\/wp-blog\/wp-json\/wp\/v2\/posts\/10930","targetHints":{"allow":["GET"]}}],"collection":[{"href":"https:\/\/www.haekelfieber.de\/wp-blog\/wp-json\/wp\/v2\/posts"}],"about":[{"href":"https:\/\/www.haekelfieber.de\/wp-blog\/wp-json\/wp\/v2\/types\/post"}],"author":[{"embeddable":true,"href":"https:\/\/www.haekelfieber.de\/wp-blog\/wp-json\/wp\/v2\/users\/1"}],"replies":[{"embeddable":true,"href":"https:\/\/www.haekelfieber.de\/wp-blog\/wp-json\/wp\/v2\/comments?post=10930"}],"version-history":[{"count":2,"href":"https:\/\/www.haekelfieber.de\/wp-blog\/wp-json\/wp\/v2\/posts\/10930\/revisions"}],"predecessor-version":[{"id":10932,"href":"https:\/\/www.haekelfieber.de\/wp-blog\/wp-json\/wp\/v2\/posts\/10930\/revisions\/10932"}],"wp:attachment":[{"href":"https:\/\/www.haekelfieber.de\/wp-blog\/wp-json\/wp\/v2\/media?parent=10930"}],"wp:term":[{"taxonomy":"category","embeddable":true,"href":"https:\/\/www.haekelfieber.de\/wp-blog\/wp-json\/wp\/v2\/categories?post=10930"},{"taxonomy":"post_tag","embeddable":true,"href":"https:\/\/www.haekelfieber.de\/wp-blog\/wp-json\/wp\/v2\/tags?post=10930"}],"curies":[{"name":"wp","href":"https:\/\/api.w.org\/{rel}","templated":true}]}}