{"id":11135,"date":"2020-12-28T22:20:00","date_gmt":"2020-12-28T21:20:00","guid":{"rendered":"https:\/\/www.haekelfieber.de\/wp-blog\/?p=11135"},"modified":"2020-12-29T11:40:38","modified_gmt":"2020-12-29T10:40:38","slug":"hm-was-darf-ich-noch","status":"publish","type":"post","link":"https:\/\/www.haekelfieber.de\/wp-blog\/2020\/12\/hm-was-darf-ich-noch\/","title":{"rendered":"Hm, was darf ich noch&#8230;"},"content":{"rendered":"\n\n\n<figure class=\"wp-block-image size-large is-resized\"><img loading=\"lazy\" decoding=\"async\" src=\"https:\/\/www.haekelfieber.de\/wp-blog\/wp-content\/uploads\/2020\/12\/ha\u0308keln4-400x600.jpg\" alt=\"\" class=\"wp-image-11131\" width=\"631\" height=\"947\" srcset=\"https:\/\/www.haekelfieber.de\/wp-blog\/wp-content\/uploads\/2020\/12\/ha\u0308keln4-400x600.jpg 400w, https:\/\/www.haekelfieber.de\/wp-blog\/wp-content\/uploads\/2020\/12\/ha\u0308keln4-200x300.jpg 200w, https:\/\/www.haekelfieber.de\/wp-blog\/wp-content\/uploads\/2020\/12\/ha\u0308keln4.jpg 683w\" sizes=\"auto, (max-width: 631px) 100vw, 631px\" \/><figcaption><br><br><\/figcaption><\/figure>\n\n\n\n<p>&#8230;schreiben? Ah, jetzt f\u00e4llt es mir ein. Ich darf das schreiben und denken was mir die Politiker sagen, was ich denken und meinen darf. Oke. <br \/>Ich finde es ganz, ganz sch\u00f6n und super toll, dass jetzt einfach mal alle alten und kranken Omis und Opis in den Altenheimen geimpft werden. Sch\u00f6n. Und wer sich nicht impfen l\u00e4sst, der sollte gar nicht mehr in so eine Aufbewahrungsst\u00e4tte rein d\u00fcrfen. Und wenn dann alle Behinderten geimpft werden, finde ich das auch ganz, ganz sch\u00f6n. Und dann d\u00fcrfen nur noch die Geimpften mit dem Zug fahren und f\u00fcr die Ungeimpften gibt es dann wahrscheinlich einen extra Waggon. Vielleicht koppeln sie den auf der Fahrt ab und der f\u00e4hrt die alle dann in ein neues Zuhause, die B\u00f6sen. Weil die wollen sich ja nicht impfen lassen und morden alle alten Omis und Opis. Ups, die sind ja schon geimpft und k\u00f6nnen nicht mehr gemordet werden, wenn sie die Spritze gut \u00fcberstande&#8230; Egal. Die Ungeimpften muss man wegsperren, zum Schutz der anderen und besseren Menschen. Vielleicht in gesonderte Stadtteile. Ui, da habe ich eine Unterhaltung geh\u00f6rt. Da meinten zwei, man sollte denen dann irgendeine Binde an den Arm binden, damit man sie gleich sehen kann. Ganz, ganz gute Idee. Andere ganz kluge deutsche Menschen schreiben, dass die Ungeimpften am besten ganz weg sollen. Hm. Wie meinen die das? Naja, macht nichts. Ich finde es auch gut, dass sich alle Krankenschwestern, Polizisten, Lehrer&#8230; auch das ganz neuartige Wundermittel spritzen lassen sollten, denn sie sind ganz wichtig f\u00fcr das Land. Hm. Warum sich die Politiker jetzt aber noch nicht spritzen lassen wollen, verstehe ich doch nicht ganz. Sie sind doch die Wichtigsten hier. Sie sagen uns doch was wir tun, \u00e4h, was wir nicht tun d\u00fcrfen und bestrafen die b\u00f6sen Unfolgsamen und sperren sie ein. Die sind doch unsere Wichtigsten und m\u00fcssen doch besonders gesch\u00fctzt werden. Ich w\u00fcrde denen vorsorglich gleich mal die doppelte Dosis, oder die f\u00fcnffache geben, denn sicher ist sicher.<br \/><br \/>Nachtrag einen Tag sp\u00e4ter:<br \/>Ich frage mich: Darf ich so provokant sein?<br \/>Ich sage mir: Ja. <br \/>Ich empfinde die Zeit als belastend.<br \/>Ich suche nach einem Weg mit den Geschehnissen fertig zu werden.<br \/>Ich merke, dass das Schreiben \u00fcber meine Zweifel und Sorgen mir hilft.<br \/>Ich entkomme einer Duldungsstarre.<br \/>Ich habe auch Angst vor daraus resultierender Schikane.<br \/>Ich schreibe trotzdem.<br \/><br \/><br \/><\/p>\n\n\n\n<figure class=\"wp-block-image size-large is-resized\"><img loading=\"lazy\" decoding=\"async\" src=\"https:\/\/www.haekelfieber.de\/wp-blog\/wp-content\/uploads\/2020\/12\/ha\u0308keln2-400x600.jpg\" alt=\"\" class=\"wp-image-11133\" width=\"628\" height=\"942\" srcset=\"https:\/\/www.haekelfieber.de\/wp-blog\/wp-content\/uploads\/2020\/12\/ha\u0308keln2-400x600.jpg 400w, https:\/\/www.haekelfieber.de\/wp-blog\/wp-content\/uploads\/2020\/12\/ha\u0308keln2-200x300.jpg 200w, https:\/\/www.haekelfieber.de\/wp-blog\/wp-content\/uploads\/2020\/12\/ha\u0308keln2.jpg 683w\" sizes=\"auto, (max-width: 628px) 100vw, 628px\" \/><figcaption><br><br><\/figcaption><\/figure>\n\n\n\n<figure class=\"wp-block-image size-large is-resized\"><img loading=\"lazy\" decoding=\"async\" src=\"https:\/\/www.haekelfieber.de\/wp-blog\/wp-content\/uploads\/2020\/12\/ha\u0308keln3-401x600.jpg\" alt=\"\" class=\"wp-image-11132\" width=\"628\" height=\"940\" srcset=\"https:\/\/www.haekelfieber.de\/wp-blog\/wp-content\/uploads\/2020\/12\/ha\u0308keln3-401x600.jpg 401w, https:\/\/www.haekelfieber.de\/wp-blog\/wp-content\/uploads\/2020\/12\/ha\u0308keln3-201x300.jpg 201w, https:\/\/www.haekelfieber.de\/wp-blog\/wp-content\/uploads\/2020\/12\/ha\u0308keln3.jpg 685w\" sizes=\"auto, (max-width: 628px) 100vw, 628px\" \/><\/figure>\n\n\n","protected":false},"excerpt":{"rendered":"<p>&#8230;schreiben? Ah, jetzt f\u00e4llt es mir ein. Ich darf das schreiben und denken was mir die Politiker sagen, was ich denken und meinen darf. Oke. Ich finde es ganz, ganz sch\u00f6n und super toll, dass jetzt einfach mal alle alten und kranken Omis und Opis in den Altenheimen geimpft werden. Sch\u00f6n. Und wer sich nicht &hellip; <a href=\"https:\/\/www.haekelfieber.de\/wp-blog\/2020\/12\/hm-was-darf-ich-noch\/\" class=\"more-link\"><span class=\"screen-reader-text\">Hm, was darf ich noch&#8230;<\/span> weiterlesen <span class=\"meta-nav\">&rarr;<\/span><\/a><\/p>\n","protected":false},"author":1,"featured_media":0,"comment_status":"open","ping_status":"open","sticky":false,"template":"","format":"standard","meta":{"footnotes":""},"categories":[1],"tags":[],"class_list":["post-11135","post","type-post","status-publish","format-standard","hentry","category-manch-anderes"],"yoast_head":"<!-- This site is optimized with the Yoast SEO plugin v27.4 - https:\/\/yoast.com\/product\/yoast-seo-wordpress\/ -->\n<title>Hm, was darf ich noch... - H\u00e4kelfieber<\/title>\n<meta name=\"robots\" content=\"index, follow, max-snippet:-1, max-image-preview:large, max-video-preview:-1\" \/>\n<link rel=\"canonical\" href=\"https:\/\/www.haekelfieber.de\/wp-blog\/2020\/12\/hm-was-darf-ich-noch\/\" \/>\n<meta property=\"og:locale\" content=\"de_DE\" \/>\n<meta property=\"og:type\" content=\"article\" \/>\n<meta property=\"og:title\" content=\"Hm, was darf ich noch... - H\u00e4kelfieber\" \/>\n<meta property=\"og:description\" content=\"&#8230;schreiben? Ah, jetzt f\u00e4llt es mir ein. Ich darf das schreiben und denken was mir die Politiker sagen, was ich denken und meinen darf. Oke. Ich finde es ganz, ganz sch\u00f6n und super toll, dass jetzt einfach mal alle alten und kranken Omis und Opis in den Altenheimen geimpft werden. Sch\u00f6n. Und wer sich nicht &hellip; Hm, was darf ich noch&#8230; weiterlesen &rarr;\" \/>\n<meta property=\"og:url\" content=\"https:\/\/www.haekelfieber.de\/wp-blog\/2020\/12\/hm-was-darf-ich-noch\/\" \/>\n<meta property=\"og:site_name\" content=\"H\u00e4kelfieber\" \/>\n<meta property=\"article:published_time\" content=\"2020-12-28T21:20:00+00:00\" \/>\n<meta property=\"article:modified_time\" content=\"2020-12-29T10:40:38+00:00\" \/>\n<meta property=\"og:image\" content=\"https:\/\/www.haekelfieber.de\/wp-blog\/wp-content\/uploads\/2020\/12\/ha\u0308keln4-400x600.jpg\" \/>\n<meta name=\"author\" content=\"Jutta\" \/>\n<meta name=\"twitter:label1\" content=\"Verfasst von\" \/>\n\t<meta name=\"twitter:data1\" content=\"Jutta\" \/>\n\t<meta name=\"twitter:label2\" content=\"Gesch\u00e4tzte Lesezeit\" \/>\n\t<meta name=\"twitter:data2\" content=\"2\u00a0Minuten\" \/>\n<script type=\"application\/ld+json\" class=\"yoast-schema-graph\">{\"@context\":\"https:\\\/\\\/schema.org\",\"@graph\":[{\"@type\":\"Article\",\"@id\":\"https:\\\/\\\/www.haekelfieber.de\\\/wp-blog\\\/2020\\\/12\\\/hm-was-darf-ich-noch\\\/#article\",\"isPartOf\":{\"@id\":\"https:\\\/\\\/www.haekelfieber.de\\\/wp-blog\\\/2020\\\/12\\\/hm-was-darf-ich-noch\\\/\"},\"author\":{\"name\":\"Jutta\",\"@id\":\"https:\\\/\\\/www.haekelfieber.de\\\/wp-blog\\\/#\\\/schema\\\/person\\\/08b81f8e0d3480519aadc66881dee8d7\"},\"headline\":\"Hm, was darf ich noch&#8230;\",\"datePublished\":\"2020-12-28T21:20:00+00:00\",\"dateModified\":\"2020-12-29T10:40:38+00:00\",\"mainEntityOfPage\":{\"@id\":\"https:\\\/\\\/www.haekelfieber.de\\\/wp-blog\\\/2020\\\/12\\\/hm-was-darf-ich-noch\\\/\"},\"wordCount\":412,\"commentCount\":11,\"publisher\":{\"@id\":\"https:\\\/\\\/www.haekelfieber.de\\\/wp-blog\\\/#organization\"},\"articleSection\":[\"Manch anderes\"],\"inLanguage\":\"de\",\"potentialAction\":[{\"@type\":\"CommentAction\",\"name\":\"Comment\",\"target\":[\"https:\\\/\\\/www.haekelfieber.de\\\/wp-blog\\\/2020\\\/12\\\/hm-was-darf-ich-noch\\\/#respond\"]}]},{\"@type\":\"WebPage\",\"@id\":\"https:\\\/\\\/www.haekelfieber.de\\\/wp-blog\\\/2020\\\/12\\\/hm-was-darf-ich-noch\\\/\",\"url\":\"https:\\\/\\\/www.haekelfieber.de\\\/wp-blog\\\/2020\\\/12\\\/hm-was-darf-ich-noch\\\/\",\"name\":\"Hm, was darf ich noch... - H\u00e4kelfieber\",\"isPartOf\":{\"@id\":\"https:\\\/\\\/www.haekelfieber.de\\\/wp-blog\\\/#website\"},\"datePublished\":\"2020-12-28T21:20:00+00:00\",\"dateModified\":\"2020-12-29T10:40:38+00:00\",\"breadcrumb\":{\"@id\":\"https:\\\/\\\/www.haekelfieber.de\\\/wp-blog\\\/2020\\\/12\\\/hm-was-darf-ich-noch\\\/#breadcrumb\"},\"inLanguage\":\"de\",\"potentialAction\":[{\"@type\":\"ReadAction\",\"target\":[\"https:\\\/\\\/www.haekelfieber.de\\\/wp-blog\\\/2020\\\/12\\\/hm-was-darf-ich-noch\\\/\"]}]},{\"@type\":\"BreadcrumbList\",\"@id\":\"https:\\\/\\\/www.haekelfieber.de\\\/wp-blog\\\/2020\\\/12\\\/hm-was-darf-ich-noch\\\/#breadcrumb\",\"itemListElement\":[{\"@type\":\"ListItem\",\"position\":1,\"name\":\"Home\",\"item\":\"https:\\\/\\\/www.haekelfieber.de\\\/wp-blog\\\/\"},{\"@type\":\"ListItem\",\"position\":2,\"name\":\"Hm, was darf ich noch&#8230;\"}]},{\"@type\":\"WebSite\",\"@id\":\"https:\\\/\\\/www.haekelfieber.de\\\/wp-blog\\\/#website\",\"url\":\"https:\\\/\\\/www.haekelfieber.de\\\/wp-blog\\\/\",\"name\":\"H\u00e4kelfieber\",\"description\":\"Ich bin im...\",\"publisher\":{\"@id\":\"https:\\\/\\\/www.haekelfieber.de\\\/wp-blog\\\/#organization\"},\"potentialAction\":[{\"@type\":\"SearchAction\",\"target\":{\"@type\":\"EntryPoint\",\"urlTemplate\":\"https:\\\/\\\/www.haekelfieber.de\\\/wp-blog\\\/?s={search_term_string}\"},\"query-input\":{\"@type\":\"PropertyValueSpecification\",\"valueRequired\":true,\"valueName\":\"search_term_string\"}}],\"inLanguage\":\"de\"},{\"@type\":\"Organization\",\"@id\":\"https:\\\/\\\/www.haekelfieber.de\\\/wp-blog\\\/#organization\",\"name\":\"H\u00e4kelfieber\",\"url\":\"https:\\\/\\\/www.haekelfieber.de\\\/wp-blog\\\/\",\"logo\":{\"@type\":\"ImageObject\",\"inLanguage\":\"de\",\"@id\":\"https:\\\/\\\/www.haekelfieber.de\\\/wp-blog\\\/#\\\/schema\\\/logo\\\/image\\\/\",\"url\":\"https:\\\/\\\/www.haekelfieber.de\\\/wp-blog\\\/wp-content\\\/uploads\\\/2023\\\/03\\\/kissen-haekeln2.jpg\",\"contentUrl\":\"https:\\\/\\\/www.haekelfieber.de\\\/wp-blog\\\/wp-content\\\/uploads\\\/2023\\\/03\\\/kissen-haekeln2.jpg\",\"width\":683,\"height\":1024,\"caption\":\"H\u00e4kelfieber\"},\"image\":{\"@id\":\"https:\\\/\\\/www.haekelfieber.de\\\/wp-blog\\\/#\\\/schema\\\/logo\\\/image\\\/\"}},{\"@type\":\"Person\",\"@id\":\"https:\\\/\\\/www.haekelfieber.de\\\/wp-blog\\\/#\\\/schema\\\/person\\\/08b81f8e0d3480519aadc66881dee8d7\",\"name\":\"Jutta\",\"image\":{\"@type\":\"ImageObject\",\"inLanguage\":\"de\",\"@id\":\"https:\\\/\\\/secure.gravatar.com\\\/avatar\\\/4fb96a09981d3eab52fd94765c38a5395ca69a563a8cd98c172ef85375636d9d?s=96&d=mm&r=g\",\"url\":\"https:\\\/\\\/secure.gravatar.com\\\/avatar\\\/4fb96a09981d3eab52fd94765c38a5395ca69a563a8cd98c172ef85375636d9d?s=96&d=mm&r=g\",\"contentUrl\":\"https:\\\/\\\/secure.gravatar.com\\\/avatar\\\/4fb96a09981d3eab52fd94765c38a5395ca69a563a8cd98c172ef85375636d9d?s=96&d=mm&r=g\",\"caption\":\"Jutta\"},\"url\":\"https:\\\/\\\/www.haekelfieber.de\\\/wp-blog\\\/author\\\/admin\\\/\"}]}<\/script>\n<!-- \/ Yoast SEO plugin. -->","yoast_head_json":{"title":"Hm, was darf ich noch... - H\u00e4kelfieber","robots":{"index":"index","follow":"follow","max-snippet":"max-snippet:-1","max-image-preview":"max-image-preview:large","max-video-preview":"max-video-preview:-1"},"canonical":"https:\/\/www.haekelfieber.de\/wp-blog\/2020\/12\/hm-was-darf-ich-noch\/","og_locale":"de_DE","og_type":"article","og_title":"Hm, was darf ich noch... - H\u00e4kelfieber","og_description":"&#8230;schreiben? Ah, jetzt f\u00e4llt es mir ein. Ich darf das schreiben und denken was mir die Politiker sagen, was ich denken und meinen darf. Oke. Ich finde es ganz, ganz sch\u00f6n und super toll, dass jetzt einfach mal alle alten und kranken Omis und Opis in den Altenheimen geimpft werden. Sch\u00f6n. Und wer sich nicht &hellip; Hm, was darf ich noch&#8230; weiterlesen &rarr;","og_url":"https:\/\/www.haekelfieber.de\/wp-blog\/2020\/12\/hm-was-darf-ich-noch\/","og_site_name":"H\u00e4kelfieber","article_published_time":"2020-12-28T21:20:00+00:00","article_modified_time":"2020-12-29T10:40:38+00:00","og_image":[{"url":"https:\/\/www.haekelfieber.de\/wp-blog\/wp-content\/uploads\/2020\/12\/ha\u0308keln4-400x600.jpg","type":"","width":"","height":""}],"author":"Jutta","twitter_misc":{"Verfasst von":"Jutta","Gesch\u00e4tzte Lesezeit":"2\u00a0Minuten"},"schema":{"@context":"https:\/\/schema.org","@graph":[{"@type":"Article","@id":"https:\/\/www.haekelfieber.de\/wp-blog\/2020\/12\/hm-was-darf-ich-noch\/#article","isPartOf":{"@id":"https:\/\/www.haekelfieber.de\/wp-blog\/2020\/12\/hm-was-darf-ich-noch\/"},"author":{"name":"Jutta","@id":"https:\/\/www.haekelfieber.de\/wp-blog\/#\/schema\/person\/08b81f8e0d3480519aadc66881dee8d7"},"headline":"Hm, was darf ich noch&#8230;","datePublished":"2020-12-28T21:20:00+00:00","dateModified":"2020-12-29T10:40:38+00:00","mainEntityOfPage":{"@id":"https:\/\/www.haekelfieber.de\/wp-blog\/2020\/12\/hm-was-darf-ich-noch\/"},"wordCount":412,"commentCount":11,"publisher":{"@id":"https:\/\/www.haekelfieber.de\/wp-blog\/#organization"},"articleSection":["Manch anderes"],"inLanguage":"de","potentialAction":[{"@type":"CommentAction","name":"Comment","target":["https:\/\/www.haekelfieber.de\/wp-blog\/2020\/12\/hm-was-darf-ich-noch\/#respond"]}]},{"@type":"WebPage","@id":"https:\/\/www.haekelfieber.de\/wp-blog\/2020\/12\/hm-was-darf-ich-noch\/","url":"https:\/\/www.haekelfieber.de\/wp-blog\/2020\/12\/hm-was-darf-ich-noch\/","name":"Hm, was darf ich noch... - H\u00e4kelfieber","isPartOf":{"@id":"https:\/\/www.haekelfieber.de\/wp-blog\/#website"},"datePublished":"2020-12-28T21:20:00+00:00","dateModified":"2020-12-29T10:40:38+00:00","breadcrumb":{"@id":"https:\/\/www.haekelfieber.de\/wp-blog\/2020\/12\/hm-was-darf-ich-noch\/#breadcrumb"},"inLanguage":"de","potentialAction":[{"@type":"ReadAction","target":["https:\/\/www.haekelfieber.de\/wp-blog\/2020\/12\/hm-was-darf-ich-noch\/"]}]},{"@type":"BreadcrumbList","@id":"https:\/\/www.haekelfieber.de\/wp-blog\/2020\/12\/hm-was-darf-ich-noch\/#breadcrumb","itemListElement":[{"@type":"ListItem","position":1,"name":"Home","item":"https:\/\/www.haekelfieber.de\/wp-blog\/"},{"@type":"ListItem","position":2,"name":"Hm, was darf ich noch&#8230;"}]},{"@type":"WebSite","@id":"https:\/\/www.haekelfieber.de\/wp-blog\/#website","url":"https:\/\/www.haekelfieber.de\/wp-blog\/","name":"H\u00e4kelfieber","description":"Ich bin im...","publisher":{"@id":"https:\/\/www.haekelfieber.de\/wp-blog\/#organization"},"potentialAction":[{"@type":"SearchAction","target":{"@type":"EntryPoint","urlTemplate":"https:\/\/www.haekelfieber.de\/wp-blog\/?s={search_term_string}"},"query-input":{"@type":"PropertyValueSpecification","valueRequired":true,"valueName":"search_term_string"}}],"inLanguage":"de"},{"@type":"Organization","@id":"https:\/\/www.haekelfieber.de\/wp-blog\/#organization","name":"H\u00e4kelfieber","url":"https:\/\/www.haekelfieber.de\/wp-blog\/","logo":{"@type":"ImageObject","inLanguage":"de","@id":"https:\/\/www.haekelfieber.de\/wp-blog\/#\/schema\/logo\/image\/","url":"https:\/\/www.haekelfieber.de\/wp-blog\/wp-content\/uploads\/2023\/03\/kissen-haekeln2.jpg","contentUrl":"https:\/\/www.haekelfieber.de\/wp-blog\/wp-content\/uploads\/2023\/03\/kissen-haekeln2.jpg","width":683,"height":1024,"caption":"H\u00e4kelfieber"},"image":{"@id":"https:\/\/www.haekelfieber.de\/wp-blog\/#\/schema\/logo\/image\/"}},{"@type":"Person","@id":"https:\/\/www.haekelfieber.de\/wp-blog\/#\/schema\/person\/08b81f8e0d3480519aadc66881dee8d7","name":"Jutta","image":{"@type":"ImageObject","inLanguage":"de","@id":"https:\/\/secure.gravatar.com\/avatar\/4fb96a09981d3eab52fd94765c38a5395ca69a563a8cd98c172ef85375636d9d?s=96&d=mm&r=g","url":"https:\/\/secure.gravatar.com\/avatar\/4fb96a09981d3eab52fd94765c38a5395ca69a563a8cd98c172ef85375636d9d?s=96&d=mm&r=g","contentUrl":"https:\/\/secure.gravatar.com\/avatar\/4fb96a09981d3eab52fd94765c38a5395ca69a563a8cd98c172ef85375636d9d?s=96&d=mm&r=g","caption":"Jutta"},"url":"https:\/\/www.haekelfieber.de\/wp-blog\/author\/admin\/"}]}},"_links":{"self":[{"href":"https:\/\/www.haekelfieber.de\/wp-blog\/wp-json\/wp\/v2\/posts\/11135","targetHints":{"allow":["GET"]}}],"collection":[{"href":"https:\/\/www.haekelfieber.de\/wp-blog\/wp-json\/wp\/v2\/posts"}],"about":[{"href":"https:\/\/www.haekelfieber.de\/wp-blog\/wp-json\/wp\/v2\/types\/post"}],"author":[{"embeddable":true,"href":"https:\/\/www.haekelfieber.de\/wp-blog\/wp-json\/wp\/v2\/users\/1"}],"replies":[{"embeddable":true,"href":"https:\/\/www.haekelfieber.de\/wp-blog\/wp-json\/wp\/v2\/comments?post=11135"}],"version-history":[{"count":3,"href":"https:\/\/www.haekelfieber.de\/wp-blog\/wp-json\/wp\/v2\/posts\/11135\/revisions"}],"predecessor-version":[{"id":11139,"href":"https:\/\/www.haekelfieber.de\/wp-blog\/wp-json\/wp\/v2\/posts\/11135\/revisions\/11139"}],"wp:attachment":[{"href":"https:\/\/www.haekelfieber.de\/wp-blog\/wp-json\/wp\/v2\/media?parent=11135"}],"wp:term":[{"taxonomy":"category","embeddable":true,"href":"https:\/\/www.haekelfieber.de\/wp-blog\/wp-json\/wp\/v2\/categories?post=11135"},{"taxonomy":"post_tag","embeddable":true,"href":"https:\/\/www.haekelfieber.de\/wp-blog\/wp-json\/wp\/v2\/tags?post=11135"}],"curies":[{"name":"wp","href":"https:\/\/api.w.org\/{rel}","templated":true}]}}