{"id":1123,"date":"2014-09-21T18:23:35","date_gmt":"2014-09-21T16:23:35","guid":{"rendered":"http:\/\/www.haekelfieber.de\/wp-blog\/?p=1123"},"modified":"2014-09-21T18:23:35","modified_gmt":"2014-09-21T16:23:35","slug":"farbe-macht-das-leben-bunt","status":"publish","type":"post","link":"https:\/\/www.haekelfieber.de\/wp-blog\/2014\/09\/farbe-macht-das-leben-bunt\/","title":{"rendered":"Farbe macht das Leben bunt :-)"},"content":{"rendered":"<p><a href=\"https:\/\/www.haekelfieber.de\/wp-blog\/wp-content\/uploads\/2014\/09\/Crochet-2.jpg\"><img loading=\"lazy\" decoding=\"async\" class=\"aligncenter wp-image-1122\" src=\"https:\/\/www.haekelfieber.de\/wp-blog\/wp-content\/uploads\/2014\/09\/Crochet-2.jpg\" alt=\"Crochet (2)\" width=\"450\" height=\"600\" srcset=\"https:\/\/www.haekelfieber.de\/wp-blog\/wp-content\/uploads\/2014\/09\/Crochet-2.jpg 600w, https:\/\/www.haekelfieber.de\/wp-blog\/wp-content\/uploads\/2014\/09\/Crochet-2-225x300.jpg 225w\" sizes=\"auto, (max-width: 450px) 100vw, 450px\" \/><\/a><br \/>\nManchmal muss es bunt sein. Mehr Farbe, mehr Chichi. Ich brauche es. Es h\u00e4ngt mehr an den W\u00e4nden, es ist voller im Haus. Dann gibt es Zeiten der klareren Strukturen, der \u00dcbersichtlichkeit. Also r\u00e4ume ich weg. Wie Wellen. Eine Phase kommt, bleibt und geht, kommt&#8230; Manche gestalten ihre Wohnung einmal und so bleibt sie. Andere brauchen die best\u00e4ndige Ver\u00e4nderung. Typsache, meinte eine Bekannte. Entweder du bist so, oder so. Vielleicht stimmt es ja. Ich liebe die Ver\u00e4nderung. Manchmal ist sie auch anstrengend und ich w\u00fcnschte mir, ich w\u00e4re der andere Typ, nicht f\u00fcr lange \ud83d\ude42 .<\/p>\n<p><a href=\"https:\/\/www.haekelfieber.de\/wp-blog\/wp-content\/uploads\/2014\/09\/H\u00e4keln-3.jpg\"><img loading=\"lazy\" decoding=\"async\" class=\"aligncenter wp-image-1120\" src=\"https:\/\/www.haekelfieber.de\/wp-blog\/wp-content\/uploads\/2014\/09\/H\u00e4keln-3.jpg\" alt=\"H\u00e4keln (3)\" width=\"600\" height=\"450\" srcset=\"https:\/\/www.haekelfieber.de\/wp-blog\/wp-content\/uploads\/2014\/09\/H\u00e4keln-3.jpg 800w, https:\/\/www.haekelfieber.de\/wp-blog\/wp-content\/uploads\/2014\/09\/H\u00e4keln-3-300x225.jpg 300w\" sizes=\"auto, (max-width: 600px) 100vw, 600px\" \/><\/a><br \/>\nHab&#8216; die Kerzenst\u00e4nder (allesamt Second-Hand &#8211; was sonst \ud83d\ude42 ) im Haus zusammengetragen. Den Lack erhielten sie bereits vor geraumer Zeit. Und so hab&#8216; ich sie be- beziehungsweise umh\u00e4kelt. Umh\u00e4keln finde ich gut. Eine <a title=\"Umh\u00e4kelte Etagere\" href=\"https:\/\/www.haekelfieber.de\/wp-blog\/2014\/06\/umhaekelte-etagere\/\" target=\"_blank\">Etagere<\/a>, einen <a title=\"Was ich euch schon l\u00e4ngst mal zeigen wollte \u2013 geh\u00e4kelter Kleiderb\u00fcgel \u2013 geh\u00e4kelter Korb\" href=\"https:\/\/www.haekelfieber.de\/wp-blog\/2014\/07\/ich-euch-schon-laengst-mal-zeigen-wollte\/\" target=\"_blank\">Kleiderb\u00fcgel<\/a>, <a title=\"Anleitung f\u00fcr ein geh\u00e4keltes Windlicht\" href=\"https:\/\/www.haekelfieber.de\/wp-blog\/anleitung-fuer-ein-gehaekeltes-windlicht\/\" target=\"_blank\">Gl\u00e4ser<\/a>, einen <a title=\"Stuhl: beh\u00e4kelt und ben\u00e4ht\" href=\"https:\/\/www.haekelfieber.de\/wp-blog\/2014\/09\/stuhl-behaekelt-und-benaeht\/\" target=\"_blank\">Stuhl<\/a>&#8230; alles schon umh\u00e4kelt.<\/p>\n<p><a href=\"https:\/\/www.haekelfieber.de\/wp-blog\/wp-content\/uploads\/2014\/09\/Crochet.jpg\"><img loading=\"lazy\" decoding=\"async\" class=\"aligncenter wp-image-1121\" src=\"https:\/\/www.haekelfieber.de\/wp-blog\/wp-content\/uploads\/2014\/09\/Crochet.jpg\" alt=\"Crochet\" width=\"450\" height=\"600\" srcset=\"https:\/\/www.haekelfieber.de\/wp-blog\/wp-content\/uploads\/2014\/09\/Crochet.jpg 600w, https:\/\/www.haekelfieber.de\/wp-blog\/wp-content\/uploads\/2014\/09\/Crochet-225x300.jpg 225w\" sizes=\"auto, (max-width: 450px) 100vw, 450px\" \/><\/a><br \/>\nFarbtupfer f\u00fcr&#8217;s Auge und die Seele \ud83d\ude09 . Apropo &#8211; die bunten Kerzen gibt&#8217;s bei M\u00fcller (Drogeriemarkt).<\/p>\n<p><a href=\"https:\/\/www.haekelfieber.de\/wp-blog\/wp-content\/uploads\/2014\/09\/H\u00e4keln-2.jpg\"><img loading=\"lazy\" decoding=\"async\" class=\"aligncenter wp-image-1119\" src=\"https:\/\/www.haekelfieber.de\/wp-blog\/wp-content\/uploads\/2014\/09\/H\u00e4keln-2.jpg\" alt=\"H\u00e4keln (2)\" width=\"450\" height=\"600\" srcset=\"https:\/\/www.haekelfieber.de\/wp-blog\/wp-content\/uploads\/2014\/09\/H\u00e4keln-2.jpg 600w, https:\/\/www.haekelfieber.de\/wp-blog\/wp-content\/uploads\/2014\/09\/H\u00e4keln-2-225x300.jpg 225w\" sizes=\"auto, (max-width: 450px) 100vw, 450px\" \/><\/a><br \/>\nWie ihr seht, hat meine <a title=\"Anleitung f\u00fcr eine H\u00e4kelborte (Zick-zack Borte)\" href=\"https:\/\/www.haekelfieber.de\/wp-blog\/2014\/09\/anleitung-fuer-eine-haekelborte-zick-zack-borte\/\" target=\"_blank\">Zickzackborte <\/a>auch ein Pl\u00e4tzchen gefunden.<\/p>\n<p><a href=\"https:\/\/www.haekelfieber.de\/wp-blog\/wp-content\/uploads\/2014\/09\/H\u00e4keln.jpg\"><img loading=\"lazy\" decoding=\"async\" class=\"aligncenter wp-image-1118\" src=\"https:\/\/www.haekelfieber.de\/wp-blog\/wp-content\/uploads\/2014\/09\/H\u00e4keln.jpg\" alt=\"H\u00e4keln\" width=\"600\" height=\"450\" srcset=\"https:\/\/www.haekelfieber.de\/wp-blog\/wp-content\/uploads\/2014\/09\/H\u00e4keln.jpg 800w, https:\/\/www.haekelfieber.de\/wp-blog\/wp-content\/uploads\/2014\/09\/H\u00e4keln-300x225.jpg 300w\" sizes=\"auto, (max-width: 600px) 100vw, 600px\" \/><\/a><br \/>\nW\u00fcnsch&#8216; euch was Sch\u00f6nes \ud83d\ude1b<\/p>\n","protected":false},"excerpt":{"rendered":"<p>Manchmal muss es bunt sein. Mehr Farbe, mehr Chichi. Ich brauche es. Es h\u00e4ngt mehr an den W\u00e4nden, es ist voller im Haus. Dann gibt es Zeiten der klareren Strukturen, der \u00dcbersichtlichkeit. Also r\u00e4ume ich weg. Wie Wellen. Eine Phase kommt, bleibt und geht, kommt&#8230; Manche gestalten ihre Wohnung einmal und so bleibt sie. Andere &hellip; <a href=\"https:\/\/www.haekelfieber.de\/wp-blog\/2014\/09\/farbe-macht-das-leben-bunt\/\" class=\"more-link\"><span class=\"screen-reader-text\">Farbe macht das Leben bunt \ud83d\ude42<\/span> weiterlesen <span class=\"meta-nav\">&rarr;<\/span><\/a><\/p>\n","protected":false},"author":1,"featured_media":0,"comment_status":"open","ping_status":"open","sticky":false,"template":"","format":"standard","meta":{"footnotes":""},"categories":[5],"tags":[],"class_list":["post-1123","post","type-post","status-publish","format-standard","hentry","category-haekeln"],"yoast_head":"<!-- This site is optimized with the Yoast SEO plugin v27.4 - https:\/\/yoast.com\/product\/yoast-seo-wordpress\/ -->\n<title>Farbe macht das Leben bunt :-) - H\u00e4kelfieber<\/title>\n<meta name=\"robots\" content=\"index, follow, max-snippet:-1, max-image-preview:large, max-video-preview:-1\" \/>\n<link rel=\"canonical\" href=\"https:\/\/www.haekelfieber.de\/wp-blog\/2014\/09\/farbe-macht-das-leben-bunt\/\" \/>\n<meta property=\"og:locale\" content=\"de_DE\" \/>\n<meta property=\"og:type\" content=\"article\" \/>\n<meta property=\"og:title\" content=\"Farbe macht das Leben bunt :-) - H\u00e4kelfieber\" \/>\n<meta property=\"og:description\" content=\"Manchmal muss es bunt sein. Mehr Farbe, mehr Chichi. Ich brauche es. Es h\u00e4ngt mehr an den W\u00e4nden, es ist voller im Haus. Dann gibt es Zeiten der klareren Strukturen, der \u00dcbersichtlichkeit. Also r\u00e4ume ich weg. Wie Wellen. Eine Phase kommt, bleibt und geht, kommt&#8230; Manche gestalten ihre Wohnung einmal und so bleibt sie. Andere &hellip; Farbe macht das Leben bunt :-) weiterlesen &rarr;\" \/>\n<meta property=\"og:url\" content=\"https:\/\/www.haekelfieber.de\/wp-blog\/2014\/09\/farbe-macht-das-leben-bunt\/\" \/>\n<meta property=\"og:site_name\" content=\"H\u00e4kelfieber\" \/>\n<meta property=\"article:published_time\" content=\"2014-09-21T16:23:35+00:00\" \/>\n<meta property=\"og:image\" content=\"https:\/\/www.haekelfieber.de\/wp-blog\/wp-content\/uploads\/2014\/09\/Crochet-2.jpg\" \/>\n<meta name=\"author\" content=\"Jutta\" \/>\n<meta name=\"twitter:label1\" content=\"Verfasst von\" \/>\n\t<meta name=\"twitter:data1\" content=\"Jutta\" \/>\n\t<meta name=\"twitter:label2\" content=\"Gesch\u00e4tzte Lesezeit\" \/>\n\t<meta name=\"twitter:data2\" content=\"1\u00a0Minute\" \/>\n<script type=\"application\/ld+json\" class=\"yoast-schema-graph\">{\"@context\":\"https:\\\/\\\/schema.org\",\"@graph\":[{\"@type\":\"Article\",\"@id\":\"https:\\\/\\\/www.haekelfieber.de\\\/wp-blog\\\/2014\\\/09\\\/farbe-macht-das-leben-bunt\\\/#article\",\"isPartOf\":{\"@id\":\"https:\\\/\\\/www.haekelfieber.de\\\/wp-blog\\\/2014\\\/09\\\/farbe-macht-das-leben-bunt\\\/\"},\"author\":{\"name\":\"Jutta\",\"@id\":\"https:\\\/\\\/www.haekelfieber.de\\\/wp-blog\\\/#\\\/schema\\\/person\\\/08b81f8e0d3480519aadc66881dee8d7\"},\"headline\":\"Farbe macht das Leben bunt :-)\",\"datePublished\":\"2014-09-21T16:23:35+00:00\",\"mainEntityOfPage\":{\"@id\":\"https:\\\/\\\/www.haekelfieber.de\\\/wp-blog\\\/2014\\\/09\\\/farbe-macht-das-leben-bunt\\\/\"},\"wordCount\":196,\"commentCount\":2,\"publisher\":{\"@id\":\"https:\\\/\\\/www.haekelfieber.de\\\/wp-blog\\\/#organization\"},\"image\":{\"@id\":\"https:\\\/\\\/www.haekelfieber.de\\\/wp-blog\\\/2014\\\/09\\\/farbe-macht-das-leben-bunt\\\/#primaryimage\"},\"thumbnailUrl\":\"https:\\\/\\\/www.haekelfieber.de\\\/wp-blog\\\/wp-content\\\/uploads\\\/2014\\\/09\\\/Crochet-2.jpg\",\"articleSection\":[\"H\u00e4keln\"],\"inLanguage\":\"de\",\"potentialAction\":[{\"@type\":\"CommentAction\",\"name\":\"Comment\",\"target\":[\"https:\\\/\\\/www.haekelfieber.de\\\/wp-blog\\\/2014\\\/09\\\/farbe-macht-das-leben-bunt\\\/#respond\"]}]},{\"@type\":\"WebPage\",\"@id\":\"https:\\\/\\\/www.haekelfieber.de\\\/wp-blog\\\/2014\\\/09\\\/farbe-macht-das-leben-bunt\\\/\",\"url\":\"https:\\\/\\\/www.haekelfieber.de\\\/wp-blog\\\/2014\\\/09\\\/farbe-macht-das-leben-bunt\\\/\",\"name\":\"Farbe macht das Leben bunt :-) - H\u00e4kelfieber\",\"isPartOf\":{\"@id\":\"https:\\\/\\\/www.haekelfieber.de\\\/wp-blog\\\/#website\"},\"primaryImageOfPage\":{\"@id\":\"https:\\\/\\\/www.haekelfieber.de\\\/wp-blog\\\/2014\\\/09\\\/farbe-macht-das-leben-bunt\\\/#primaryimage\"},\"image\":{\"@id\":\"https:\\\/\\\/www.haekelfieber.de\\\/wp-blog\\\/2014\\\/09\\\/farbe-macht-das-leben-bunt\\\/#primaryimage\"},\"thumbnailUrl\":\"https:\\\/\\\/www.haekelfieber.de\\\/wp-blog\\\/wp-content\\\/uploads\\\/2014\\\/09\\\/Crochet-2.jpg\",\"datePublished\":\"2014-09-21T16:23:35+00:00\",\"breadcrumb\":{\"@id\":\"https:\\\/\\\/www.haekelfieber.de\\\/wp-blog\\\/2014\\\/09\\\/farbe-macht-das-leben-bunt\\\/#breadcrumb\"},\"inLanguage\":\"de\",\"potentialAction\":[{\"@type\":\"ReadAction\",\"target\":[\"https:\\\/\\\/www.haekelfieber.de\\\/wp-blog\\\/2014\\\/09\\\/farbe-macht-das-leben-bunt\\\/\"]}]},{\"@type\":\"ImageObject\",\"inLanguage\":\"de\",\"@id\":\"https:\\\/\\\/www.haekelfieber.de\\\/wp-blog\\\/2014\\\/09\\\/farbe-macht-das-leben-bunt\\\/#primaryimage\",\"url\":\"https:\\\/\\\/www.haekelfieber.de\\\/wp-blog\\\/wp-content\\\/uploads\\\/2014\\\/09\\\/Crochet-2.jpg\",\"contentUrl\":\"https:\\\/\\\/www.haekelfieber.de\\\/wp-blog\\\/wp-content\\\/uploads\\\/2014\\\/09\\\/Crochet-2.jpg\",\"width\":600,\"height\":800},{\"@type\":\"BreadcrumbList\",\"@id\":\"https:\\\/\\\/www.haekelfieber.de\\\/wp-blog\\\/2014\\\/09\\\/farbe-macht-das-leben-bunt\\\/#breadcrumb\",\"itemListElement\":[{\"@type\":\"ListItem\",\"position\":1,\"name\":\"Home\",\"item\":\"https:\\\/\\\/www.haekelfieber.de\\\/wp-blog\\\/\"},{\"@type\":\"ListItem\",\"position\":2,\"name\":\"Farbe macht das Leben bunt :-)\"}]},{\"@type\":\"WebSite\",\"@id\":\"https:\\\/\\\/www.haekelfieber.de\\\/wp-blog\\\/#website\",\"url\":\"https:\\\/\\\/www.haekelfieber.de\\\/wp-blog\\\/\",\"name\":\"H\u00e4kelfieber\",\"description\":\"Ich bin im...\",\"publisher\":{\"@id\":\"https:\\\/\\\/www.haekelfieber.de\\\/wp-blog\\\/#organization\"},\"potentialAction\":[{\"@type\":\"SearchAction\",\"target\":{\"@type\":\"EntryPoint\",\"urlTemplate\":\"https:\\\/\\\/www.haekelfieber.de\\\/wp-blog\\\/?s={search_term_string}\"},\"query-input\":{\"@type\":\"PropertyValueSpecification\",\"valueRequired\":true,\"valueName\":\"search_term_string\"}}],\"inLanguage\":\"de\"},{\"@type\":\"Organization\",\"@id\":\"https:\\\/\\\/www.haekelfieber.de\\\/wp-blog\\\/#organization\",\"name\":\"H\u00e4kelfieber\",\"url\":\"https:\\\/\\\/www.haekelfieber.de\\\/wp-blog\\\/\",\"logo\":{\"@type\":\"ImageObject\",\"inLanguage\":\"de\",\"@id\":\"https:\\\/\\\/www.haekelfieber.de\\\/wp-blog\\\/#\\\/schema\\\/logo\\\/image\\\/\",\"url\":\"https:\\\/\\\/www.haekelfieber.de\\\/wp-blog\\\/wp-content\\\/uploads\\\/2023\\\/03\\\/kissen-haekeln2.jpg\",\"contentUrl\":\"https:\\\/\\\/www.haekelfieber.de\\\/wp-blog\\\/wp-content\\\/uploads\\\/2023\\\/03\\\/kissen-haekeln2.jpg\",\"width\":683,\"height\":1024,\"caption\":\"H\u00e4kelfieber\"},\"image\":{\"@id\":\"https:\\\/\\\/www.haekelfieber.de\\\/wp-blog\\\/#\\\/schema\\\/logo\\\/image\\\/\"}},{\"@type\":\"Person\",\"@id\":\"https:\\\/\\\/www.haekelfieber.de\\\/wp-blog\\\/#\\\/schema\\\/person\\\/08b81f8e0d3480519aadc66881dee8d7\",\"name\":\"Jutta\",\"image\":{\"@type\":\"ImageObject\",\"inLanguage\":\"de\",\"@id\":\"https:\\\/\\\/secure.gravatar.com\\\/avatar\\\/4fb96a09981d3eab52fd94765c38a5395ca69a563a8cd98c172ef85375636d9d?s=96&d=mm&r=g\",\"url\":\"https:\\\/\\\/secure.gravatar.com\\\/avatar\\\/4fb96a09981d3eab52fd94765c38a5395ca69a563a8cd98c172ef85375636d9d?s=96&d=mm&r=g\",\"contentUrl\":\"https:\\\/\\\/secure.gravatar.com\\\/avatar\\\/4fb96a09981d3eab52fd94765c38a5395ca69a563a8cd98c172ef85375636d9d?s=96&d=mm&r=g\",\"caption\":\"Jutta\"},\"url\":\"https:\\\/\\\/www.haekelfieber.de\\\/wp-blog\\\/author\\\/admin\\\/\"}]}<\/script>\n<!-- \/ Yoast SEO plugin. -->","yoast_head_json":{"title":"Farbe macht das Leben bunt :-) - H\u00e4kelfieber","robots":{"index":"index","follow":"follow","max-snippet":"max-snippet:-1","max-image-preview":"max-image-preview:large","max-video-preview":"max-video-preview:-1"},"canonical":"https:\/\/www.haekelfieber.de\/wp-blog\/2014\/09\/farbe-macht-das-leben-bunt\/","og_locale":"de_DE","og_type":"article","og_title":"Farbe macht das Leben bunt :-) - H\u00e4kelfieber","og_description":"Manchmal muss es bunt sein. Mehr Farbe, mehr Chichi. Ich brauche es. Es h\u00e4ngt mehr an den W\u00e4nden, es ist voller im Haus. Dann gibt es Zeiten der klareren Strukturen, der \u00dcbersichtlichkeit. Also r\u00e4ume ich weg. Wie Wellen. Eine Phase kommt, bleibt und geht, kommt&#8230; Manche gestalten ihre Wohnung einmal und so bleibt sie. Andere &hellip; Farbe macht das Leben bunt :-) weiterlesen &rarr;","og_url":"https:\/\/www.haekelfieber.de\/wp-blog\/2014\/09\/farbe-macht-das-leben-bunt\/","og_site_name":"H\u00e4kelfieber","article_published_time":"2014-09-21T16:23:35+00:00","og_image":[{"url":"https:\/\/www.haekelfieber.de\/wp-blog\/wp-content\/uploads\/2014\/09\/Crochet-2.jpg","type":"","width":"","height":""}],"author":"Jutta","twitter_misc":{"Verfasst von":"Jutta","Gesch\u00e4tzte Lesezeit":"1\u00a0Minute"},"schema":{"@context":"https:\/\/schema.org","@graph":[{"@type":"Article","@id":"https:\/\/www.haekelfieber.de\/wp-blog\/2014\/09\/farbe-macht-das-leben-bunt\/#article","isPartOf":{"@id":"https:\/\/www.haekelfieber.de\/wp-blog\/2014\/09\/farbe-macht-das-leben-bunt\/"},"author":{"name":"Jutta","@id":"https:\/\/www.haekelfieber.de\/wp-blog\/#\/schema\/person\/08b81f8e0d3480519aadc66881dee8d7"},"headline":"Farbe macht das Leben bunt :-)","datePublished":"2014-09-21T16:23:35+00:00","mainEntityOfPage":{"@id":"https:\/\/www.haekelfieber.de\/wp-blog\/2014\/09\/farbe-macht-das-leben-bunt\/"},"wordCount":196,"commentCount":2,"publisher":{"@id":"https:\/\/www.haekelfieber.de\/wp-blog\/#organization"},"image":{"@id":"https:\/\/www.haekelfieber.de\/wp-blog\/2014\/09\/farbe-macht-das-leben-bunt\/#primaryimage"},"thumbnailUrl":"https:\/\/www.haekelfieber.de\/wp-blog\/wp-content\/uploads\/2014\/09\/Crochet-2.jpg","articleSection":["H\u00e4keln"],"inLanguage":"de","potentialAction":[{"@type":"CommentAction","name":"Comment","target":["https:\/\/www.haekelfieber.de\/wp-blog\/2014\/09\/farbe-macht-das-leben-bunt\/#respond"]}]},{"@type":"WebPage","@id":"https:\/\/www.haekelfieber.de\/wp-blog\/2014\/09\/farbe-macht-das-leben-bunt\/","url":"https:\/\/www.haekelfieber.de\/wp-blog\/2014\/09\/farbe-macht-das-leben-bunt\/","name":"Farbe macht das Leben bunt :-) - H\u00e4kelfieber","isPartOf":{"@id":"https:\/\/www.haekelfieber.de\/wp-blog\/#website"},"primaryImageOfPage":{"@id":"https:\/\/www.haekelfieber.de\/wp-blog\/2014\/09\/farbe-macht-das-leben-bunt\/#primaryimage"},"image":{"@id":"https:\/\/www.haekelfieber.de\/wp-blog\/2014\/09\/farbe-macht-das-leben-bunt\/#primaryimage"},"thumbnailUrl":"https:\/\/www.haekelfieber.de\/wp-blog\/wp-content\/uploads\/2014\/09\/Crochet-2.jpg","datePublished":"2014-09-21T16:23:35+00:00","breadcrumb":{"@id":"https:\/\/www.haekelfieber.de\/wp-blog\/2014\/09\/farbe-macht-das-leben-bunt\/#breadcrumb"},"inLanguage":"de","potentialAction":[{"@type":"ReadAction","target":["https:\/\/www.haekelfieber.de\/wp-blog\/2014\/09\/farbe-macht-das-leben-bunt\/"]}]},{"@type":"ImageObject","inLanguage":"de","@id":"https:\/\/www.haekelfieber.de\/wp-blog\/2014\/09\/farbe-macht-das-leben-bunt\/#primaryimage","url":"https:\/\/www.haekelfieber.de\/wp-blog\/wp-content\/uploads\/2014\/09\/Crochet-2.jpg","contentUrl":"https:\/\/www.haekelfieber.de\/wp-blog\/wp-content\/uploads\/2014\/09\/Crochet-2.jpg","width":600,"height":800},{"@type":"BreadcrumbList","@id":"https:\/\/www.haekelfieber.de\/wp-blog\/2014\/09\/farbe-macht-das-leben-bunt\/#breadcrumb","itemListElement":[{"@type":"ListItem","position":1,"name":"Home","item":"https:\/\/www.haekelfieber.de\/wp-blog\/"},{"@type":"ListItem","position":2,"name":"Farbe macht das Leben bunt :-)"}]},{"@type":"WebSite","@id":"https:\/\/www.haekelfieber.de\/wp-blog\/#website","url":"https:\/\/www.haekelfieber.de\/wp-blog\/","name":"H\u00e4kelfieber","description":"Ich bin im...","publisher":{"@id":"https:\/\/www.haekelfieber.de\/wp-blog\/#organization"},"potentialAction":[{"@type":"SearchAction","target":{"@type":"EntryPoint","urlTemplate":"https:\/\/www.haekelfieber.de\/wp-blog\/?s={search_term_string}"},"query-input":{"@type":"PropertyValueSpecification","valueRequired":true,"valueName":"search_term_string"}}],"inLanguage":"de"},{"@type":"Organization","@id":"https:\/\/www.haekelfieber.de\/wp-blog\/#organization","name":"H\u00e4kelfieber","url":"https:\/\/www.haekelfieber.de\/wp-blog\/","logo":{"@type":"ImageObject","inLanguage":"de","@id":"https:\/\/www.haekelfieber.de\/wp-blog\/#\/schema\/logo\/image\/","url":"https:\/\/www.haekelfieber.de\/wp-blog\/wp-content\/uploads\/2023\/03\/kissen-haekeln2.jpg","contentUrl":"https:\/\/www.haekelfieber.de\/wp-blog\/wp-content\/uploads\/2023\/03\/kissen-haekeln2.jpg","width":683,"height":1024,"caption":"H\u00e4kelfieber"},"image":{"@id":"https:\/\/www.haekelfieber.de\/wp-blog\/#\/schema\/logo\/image\/"}},{"@type":"Person","@id":"https:\/\/www.haekelfieber.de\/wp-blog\/#\/schema\/person\/08b81f8e0d3480519aadc66881dee8d7","name":"Jutta","image":{"@type":"ImageObject","inLanguage":"de","@id":"https:\/\/secure.gravatar.com\/avatar\/4fb96a09981d3eab52fd94765c38a5395ca69a563a8cd98c172ef85375636d9d?s=96&d=mm&r=g","url":"https:\/\/secure.gravatar.com\/avatar\/4fb96a09981d3eab52fd94765c38a5395ca69a563a8cd98c172ef85375636d9d?s=96&d=mm&r=g","contentUrl":"https:\/\/secure.gravatar.com\/avatar\/4fb96a09981d3eab52fd94765c38a5395ca69a563a8cd98c172ef85375636d9d?s=96&d=mm&r=g","caption":"Jutta"},"url":"https:\/\/www.haekelfieber.de\/wp-blog\/author\/admin\/"}]}},"_links":{"self":[{"href":"https:\/\/www.haekelfieber.de\/wp-blog\/wp-json\/wp\/v2\/posts\/1123","targetHints":{"allow":["GET"]}}],"collection":[{"href":"https:\/\/www.haekelfieber.de\/wp-blog\/wp-json\/wp\/v2\/posts"}],"about":[{"href":"https:\/\/www.haekelfieber.de\/wp-blog\/wp-json\/wp\/v2\/types\/post"}],"author":[{"embeddable":true,"href":"https:\/\/www.haekelfieber.de\/wp-blog\/wp-json\/wp\/v2\/users\/1"}],"replies":[{"embeddable":true,"href":"https:\/\/www.haekelfieber.de\/wp-blog\/wp-json\/wp\/v2\/comments?post=1123"}],"version-history":[{"count":1,"href":"https:\/\/www.haekelfieber.de\/wp-blog\/wp-json\/wp\/v2\/posts\/1123\/revisions"}],"predecessor-version":[{"id":1124,"href":"https:\/\/www.haekelfieber.de\/wp-blog\/wp-json\/wp\/v2\/posts\/1123\/revisions\/1124"}],"wp:attachment":[{"href":"https:\/\/www.haekelfieber.de\/wp-blog\/wp-json\/wp\/v2\/media?parent=1123"}],"wp:term":[{"taxonomy":"category","embeddable":true,"href":"https:\/\/www.haekelfieber.de\/wp-blog\/wp-json\/wp\/v2\/categories?post=1123"},{"taxonomy":"post_tag","embeddable":true,"href":"https:\/\/www.haekelfieber.de\/wp-blog\/wp-json\/wp\/v2\/tags?post=1123"}],"curies":[{"name":"wp","href":"https:\/\/api.w.org\/{rel}","templated":true}]}}