{"id":1133,"date":"2014-09-23T19:10:14","date_gmt":"2014-09-23T17:10:14","guid":{"rendered":"http:\/\/www.haekelfieber.de\/wp-blog\/?p=1133"},"modified":"2014-10-24T22:25:04","modified_gmt":"2014-10-24T20:25:04","slug":"dienstags-tagesschau-gehaekelte-eichel","status":"publish","type":"post","link":"https:\/\/www.haekelfieber.de\/wp-blog\/2014\/09\/dienstags-tagesschau-gehaekelte-eichel\/","title":{"rendered":"Dienstags &#8211; Tageswerk: geh\u00e4kelte Eichel&#8230;"},"content":{"rendered":"<p>Was ich heute so (nicht alles, aber einen Teil davon \ud83d\ude42 ) gemacht habe.<\/p>\n<table>\n<tbody>\n<tr>\n<td><a href=\"https:\/\/www.haekelfieber.de\/wp-blog\/wp-content\/uploads\/2014\/09\/geh\u00e4kelte-eichel-3.jpg\"><img loading=\"lazy\" decoding=\"async\" class=\"aligncenter wp-image-1132 size-medium\" src=\"https:\/\/www.haekelfieber.de\/wp-blog\/wp-content\/uploads\/2014\/09\/geh\u00e4kelte-eichel-3-300x225.jpg\" alt=\"geh\u00e4kelte eichel (3)\" width=\"300\" height=\"225\" srcset=\"https:\/\/www.haekelfieber.de\/wp-blog\/wp-content\/uploads\/2014\/09\/geh\u00e4kelte-eichel-3-300x225.jpg 300w, https:\/\/www.haekelfieber.de\/wp-blog\/wp-content\/uploads\/2014\/09\/geh\u00e4kelte-eichel-3.jpg 800w\" sizes=\"auto, (max-width: 300px) 100vw, 300px\" \/><\/a><\/td>\n<td><a href=\"https:\/\/www.haekelfieber.de\/wp-blog\/wp-content\/uploads\/2014\/09\/geh\u00e4kelte-eichel-2.jpg\"><img loading=\"lazy\" decoding=\"async\" class=\"aligncenter size-medium wp-image-1130\" src=\"https:\/\/www.haekelfieber.de\/wp-blog\/wp-content\/uploads\/2014\/09\/geh\u00e4kelte-eichel-2-225x300.jpg\" alt=\"geh\u00e4kelte eichel (2)\" width=\"225\" height=\"300\" srcset=\"https:\/\/www.haekelfieber.de\/wp-blog\/wp-content\/uploads\/2014\/09\/geh\u00e4kelte-eichel-2-225x300.jpg 225w, https:\/\/www.haekelfieber.de\/wp-blog\/wp-content\/uploads\/2014\/09\/geh\u00e4kelte-eichel-2.jpg 600w\" sizes=\"auto, (max-width: 225px) 100vw, 225px\" \/><\/a><\/td>\n<\/tr>\n<\/tbody>\n<\/table>\n<p>Ein Eichel geh\u00e4kelt, aus einem Rest gr\u00fcner Filzwolle (leider ist sie jetzt alle) und geschenkt bekommener brauner &#8222;Kratz-&#8220; bzw. Trachtenwolle.<\/p>\n<p><a href=\"https:\/\/www.haekelfieber.de\/wp-blog\/wp-content\/uploads\/2014\/09\/2014-09-23-17.43.32.jpg\"><img loading=\"lazy\" decoding=\"async\" class=\"aligncenter wp-image-1131\" src=\"https:\/\/www.haekelfieber.de\/wp-blog\/wp-content\/uploads\/2014\/09\/2014-09-23-17.43.32.jpg\" alt=\"2014-09-23 17.43.32\" width=\"450\" height=\"600\" srcset=\"https:\/\/www.haekelfieber.de\/wp-blog\/wp-content\/uploads\/2014\/09\/2014-09-23-17.43.32.jpg 600w, https:\/\/www.haekelfieber.de\/wp-blog\/wp-content\/uploads\/2014\/09\/2014-09-23-17.43.32-225x300.jpg 225w\" sizes=\"auto, (max-width: 450px) 100vw, 450px\" \/><\/a><br \/>\nRainfarn, am Wegesrand, beim Spazierengang mit unserem Hund gepfl\u00fcckt &#8211; nein, abgeschnitten, weil die Stiele so z\u00e4h \ud83d\ude42 sind.<\/p>\n<p><a href=\"https:\/\/www.haekelfieber.de\/wp-blog\/wp-content\/uploads\/2014\/09\/geh\u00e4kelte-eichel.jpg\"><img loading=\"lazy\" decoding=\"async\" class=\"aligncenter wp-image-1129\" src=\"https:\/\/www.haekelfieber.de\/wp-blog\/wp-content\/uploads\/2014\/09\/geh\u00e4kelte-eichel.jpg\" alt=\"geh\u00e4kelte eichel\" width=\"450\" height=\"600\" srcset=\"https:\/\/www.haekelfieber.de\/wp-blog\/wp-content\/uploads\/2014\/09\/geh\u00e4kelte-eichel.jpg 600w, https:\/\/www.haekelfieber.de\/wp-blog\/wp-content\/uploads\/2014\/09\/geh\u00e4kelte-eichel-225x300.jpg 225w\" sizes=\"auto, (max-width: 450px) 100vw, 450px\" \/><\/a><br \/>\nDie geh\u00e4kelte Eichel mit dem Rainfarn (und was sich sonst noch in Reich- bzw. Greifweite befand) zu einem herbstlichen Stilleben arrangiert.<\/p>\n<p><a href=\"https:\/\/www.haekelfieber.de\/wp-blog\/wp-content\/uploads\/2014\/09\/eichel-h\u00e4keln.jpg\"><img loading=\"lazy\" decoding=\"async\" class=\"aligncenter wp-image-1128\" src=\"https:\/\/www.haekelfieber.de\/wp-blog\/wp-content\/uploads\/2014\/09\/eichel-h\u00e4keln.jpg\" alt=\"eichel h\u00e4keln\" width=\"450\" height=\"600\" srcset=\"https:\/\/www.haekelfieber.de\/wp-blog\/wp-content\/uploads\/2014\/09\/eichel-h\u00e4keln.jpg 600w, https:\/\/www.haekelfieber.de\/wp-blog\/wp-content\/uploads\/2014\/09\/eichel-h\u00e4keln-225x300.jpg 225w\" sizes=\"auto, (max-width: 450px) 100vw, 450px\" \/><\/a><br \/>\nDie Eichel an einem Zweig aufgeh\u00e4ngt. Wirkte so verloren, so allein. Deshalb wieder abgeschnitten und unter den Rainfarn gelegt.<\/p>\n<p><a href=\"https:\/\/www.haekelfieber.de\/wp-blog\/wp-content\/uploads\/2014\/09\/2014-09-23-18.00.37.jpg\"><img loading=\"lazy\" decoding=\"async\" class=\"aligncenter wp-image-1127\" src=\"https:\/\/www.haekelfieber.de\/wp-blog\/wp-content\/uploads\/2014\/09\/2014-09-23-18.00.37.jpg\" alt=\"2014-09-23 18.00.37\" width=\"450\" height=\"600\" srcset=\"https:\/\/www.haekelfieber.de\/wp-blog\/wp-content\/uploads\/2014\/09\/2014-09-23-18.00.37.jpg 600w, https:\/\/www.haekelfieber.de\/wp-blog\/wp-content\/uploads\/2014\/09\/2014-09-23-18.00.37-225x300.jpg 225w\" sizes=\"auto, (max-width: 450px) 100vw, 450px\" \/><\/a><br \/>\nDen Apfel vor der Blumenvase fotografiert, weil die Farbe und die Struktur in dieser Kombination so sch\u00f6n aussieht \ud83d\ude00 .<\/p>\n<p><a href=\"https:\/\/www.haekelfieber.de\/wp-blog\/wp-content\/uploads\/2014\/09\/2014-09-23-18.12.14.jpg\"><img loading=\"lazy\" decoding=\"async\" class=\"aligncenter wp-image-1126\" src=\"https:\/\/www.haekelfieber.de\/wp-blog\/wp-content\/uploads\/2014\/09\/2014-09-23-18.12.14.jpg\" alt=\"2014-09-23 18.12.14\" width=\"450\" height=\"600\" srcset=\"https:\/\/www.haekelfieber.de\/wp-blog\/wp-content\/uploads\/2014\/09\/2014-09-23-18.12.14.jpg 600w, https:\/\/www.haekelfieber.de\/wp-blog\/wp-content\/uploads\/2014\/09\/2014-09-23-18.12.14-225x300.jpg 225w\" sizes=\"auto, (max-width: 450px) 100vw, 450px\" \/><\/a><br \/>\nAn fertig getrockneten Apfelringen vom Vortag geknabbert.<br \/>\nUnd &#8211; die Katze lebt noch! &#8211; einer Katze hilflos dabei zugesehen, wie sie vor die R\u00e4der eines Schulbusses lief. Sekunden erschienen wie Minuten. Ich sah die Katze direkt auf die Stra\u00dfe zulaufen &#8211; in einem Affenzahn &#8211; auf der soeben ein Schulbus angefahren kam. Die Katze lief direkt in den Bus. Zum Gl\u00fcck kam sie nicht unter die Reifen. Sie \u00fcberschlug sich mehrmals unter dem Bus. Ich losgesaust (blutige Bilder im Kopf). Sie war nicht aufzufinden, weder im Stra\u00dfengraben noch in der angrenzenden Hecke. Ich glaubte, die Katze zu kennen. Eine aus der Nachbarschaft. Meine zwei gro\u00dfen M\u00e4dels sind gleich los, dorthin. Niemand war zuhause, nur deren Katze im Garten. Sie wirkte etwas bel\u00e4mmert, trank Wasser und lie\u00df sich streicheln (was sie sonst nie zul\u00e4sst). Sie war es. Sie hat heute sieben Leben verbraucht um mit demselben davonzukommen \ud83d\ude1b . Ein bisschen sitzt mir der Schreck immer noch in den Gliedern. Aber geteiltes Leid ist halbes Leid \ud83d\ude09 .<\/p>\n<p>&nbsp;<\/p>\n","protected":false},"excerpt":{"rendered":"<p>Was ich heute so (nicht alles, aber einen Teil davon \ud83d\ude42 ) gemacht habe. Ein Eichel geh\u00e4kelt, aus einem Rest gr\u00fcner Filzwolle (leider ist sie jetzt alle) und geschenkt bekommener brauner &#8222;Kratz-&#8220; bzw. Trachtenwolle. Rainfarn, am Wegesrand, beim Spazierengang mit unserem Hund gepfl\u00fcckt &#8211; nein, abgeschnitten, weil die Stiele so z\u00e4h \ud83d\ude42 sind. Die geh\u00e4kelte &hellip; <a href=\"https:\/\/www.haekelfieber.de\/wp-blog\/2014\/09\/dienstags-tagesschau-gehaekelte-eichel\/\" class=\"more-link\"><span class=\"screen-reader-text\">Dienstags &#8211; Tageswerk: geh\u00e4kelte Eichel&#8230;<\/span> weiterlesen <span class=\"meta-nav\">&rarr;<\/span><\/a><\/p>\n","protected":false},"author":1,"featured_media":0,"comment_status":"open","ping_status":"open","sticky":false,"template":"","format":"standard","meta":{"footnotes":""},"categories":[10,5,1],"tags":[],"class_list":["post-1133","post","type-post","status-publish","format-standard","hentry","category-die-natur","category-haekeln","category-manch-anderes"],"yoast_head":"<!-- This site is optimized with the Yoast SEO plugin v27.4 - https:\/\/yoast.com\/product\/yoast-seo-wordpress\/ -->\n<title>Dienstags - Tageswerk: geh\u00e4kelte Eichel... - H\u00e4kelfieber<\/title>\n<meta name=\"robots\" content=\"index, follow, max-snippet:-1, max-image-preview:large, max-video-preview:-1\" \/>\n<link rel=\"canonical\" href=\"https:\/\/www.haekelfieber.de\/wp-blog\/2014\/09\/dienstags-tagesschau-gehaekelte-eichel\/\" \/>\n<meta property=\"og:locale\" content=\"de_DE\" \/>\n<meta property=\"og:type\" content=\"article\" \/>\n<meta property=\"og:title\" content=\"Dienstags - Tageswerk: geh\u00e4kelte Eichel... - H\u00e4kelfieber\" \/>\n<meta property=\"og:description\" content=\"Was ich heute so (nicht alles, aber einen Teil davon \ud83d\ude42 ) gemacht habe. Ein Eichel geh\u00e4kelt, aus einem Rest gr\u00fcner Filzwolle (leider ist sie jetzt alle) und geschenkt bekommener brauner &#8222;Kratz-&#8220; bzw. Trachtenwolle. Rainfarn, am Wegesrand, beim Spazierengang mit unserem Hund gepfl\u00fcckt &#8211; nein, abgeschnitten, weil die Stiele so z\u00e4h \ud83d\ude42 sind. Die geh\u00e4kelte &hellip; Dienstags &#8211; Tageswerk: geh\u00e4kelte Eichel&#8230; weiterlesen &rarr;\" \/>\n<meta property=\"og:url\" content=\"https:\/\/www.haekelfieber.de\/wp-blog\/2014\/09\/dienstags-tagesschau-gehaekelte-eichel\/\" \/>\n<meta property=\"og:site_name\" content=\"H\u00e4kelfieber\" \/>\n<meta property=\"article:published_time\" content=\"2014-09-23T17:10:14+00:00\" \/>\n<meta property=\"article:modified_time\" content=\"2014-10-24T20:25:04+00:00\" \/>\n<meta property=\"og:image\" content=\"https:\/\/www.haekelfieber.de\/wp-blog\/wp-content\/uploads\/2014\/09\/geh\u00e4kelte-eichel-3-300x225.jpg\" \/>\n<meta name=\"author\" content=\"Jutta\" \/>\n<meta name=\"twitter:label1\" content=\"Verfasst von\" \/>\n\t<meta name=\"twitter:data1\" content=\"Jutta\" \/>\n\t<meta name=\"twitter:label2\" content=\"Gesch\u00e4tzte Lesezeit\" \/>\n\t<meta name=\"twitter:data2\" content=\"1\u00a0Minute\" \/>\n<script type=\"application\/ld+json\" class=\"yoast-schema-graph\">{\"@context\":\"https:\\\/\\\/schema.org\",\"@graph\":[{\"@type\":\"Article\",\"@id\":\"https:\\\/\\\/www.haekelfieber.de\\\/wp-blog\\\/2014\\\/09\\\/dienstags-tagesschau-gehaekelte-eichel\\\/#article\",\"isPartOf\":{\"@id\":\"https:\\\/\\\/www.haekelfieber.de\\\/wp-blog\\\/2014\\\/09\\\/dienstags-tagesschau-gehaekelte-eichel\\\/\"},\"author\":{\"name\":\"Jutta\",\"@id\":\"https:\\\/\\\/www.haekelfieber.de\\\/wp-blog\\\/#\\\/schema\\\/person\\\/08b81f8e0d3480519aadc66881dee8d7\"},\"headline\":\"Dienstags &#8211; Tageswerk: geh\u00e4kelte Eichel&#8230;\",\"datePublished\":\"2014-09-23T17:10:14+00:00\",\"dateModified\":\"2014-10-24T20:25:04+00:00\",\"mainEntityOfPage\":{\"@id\":\"https:\\\/\\\/www.haekelfieber.de\\\/wp-blog\\\/2014\\\/09\\\/dienstags-tagesschau-gehaekelte-eichel\\\/\"},\"wordCount\":297,\"commentCount\":0,\"publisher\":{\"@id\":\"https:\\\/\\\/www.haekelfieber.de\\\/wp-blog\\\/#organization\"},\"image\":{\"@id\":\"https:\\\/\\\/www.haekelfieber.de\\\/wp-blog\\\/2014\\\/09\\\/dienstags-tagesschau-gehaekelte-eichel\\\/#primaryimage\"},\"thumbnailUrl\":\"https:\\\/\\\/www.haekelfieber.de\\\/wp-blog\\\/wp-content\\\/uploads\\\/2014\\\/09\\\/2014-09-23-17.43.32.jpg\",\"articleSection\":[\"Die Natur\",\"H\u00e4keln\",\"Manch anderes\"],\"inLanguage\":\"de\",\"potentialAction\":[{\"@type\":\"CommentAction\",\"name\":\"Comment\",\"target\":[\"https:\\\/\\\/www.haekelfieber.de\\\/wp-blog\\\/2014\\\/09\\\/dienstags-tagesschau-gehaekelte-eichel\\\/#respond\"]}]},{\"@type\":\"WebPage\",\"@id\":\"https:\\\/\\\/www.haekelfieber.de\\\/wp-blog\\\/2014\\\/09\\\/dienstags-tagesschau-gehaekelte-eichel\\\/\",\"url\":\"https:\\\/\\\/www.haekelfieber.de\\\/wp-blog\\\/2014\\\/09\\\/dienstags-tagesschau-gehaekelte-eichel\\\/\",\"name\":\"Dienstags - Tageswerk: geh\u00e4kelte Eichel... - H\u00e4kelfieber\",\"isPartOf\":{\"@id\":\"https:\\\/\\\/www.haekelfieber.de\\\/wp-blog\\\/#website\"},\"primaryImageOfPage\":{\"@id\":\"https:\\\/\\\/www.haekelfieber.de\\\/wp-blog\\\/2014\\\/09\\\/dienstags-tagesschau-gehaekelte-eichel\\\/#primaryimage\"},\"image\":{\"@id\":\"https:\\\/\\\/www.haekelfieber.de\\\/wp-blog\\\/2014\\\/09\\\/dienstags-tagesschau-gehaekelte-eichel\\\/#primaryimage\"},\"thumbnailUrl\":\"https:\\\/\\\/www.haekelfieber.de\\\/wp-blog\\\/wp-content\\\/uploads\\\/2014\\\/09\\\/2014-09-23-17.43.32.jpg\",\"datePublished\":\"2014-09-23T17:10:14+00:00\",\"dateModified\":\"2014-10-24T20:25:04+00:00\",\"breadcrumb\":{\"@id\":\"https:\\\/\\\/www.haekelfieber.de\\\/wp-blog\\\/2014\\\/09\\\/dienstags-tagesschau-gehaekelte-eichel\\\/#breadcrumb\"},\"inLanguage\":\"de\",\"potentialAction\":[{\"@type\":\"ReadAction\",\"target\":[\"https:\\\/\\\/www.haekelfieber.de\\\/wp-blog\\\/2014\\\/09\\\/dienstags-tagesschau-gehaekelte-eichel\\\/\"]}]},{\"@type\":\"ImageObject\",\"inLanguage\":\"de\",\"@id\":\"https:\\\/\\\/www.haekelfieber.de\\\/wp-blog\\\/2014\\\/09\\\/dienstags-tagesschau-gehaekelte-eichel\\\/#primaryimage\",\"url\":\"https:\\\/\\\/www.haekelfieber.de\\\/wp-blog\\\/wp-content\\\/uploads\\\/2014\\\/09\\\/2014-09-23-17.43.32.jpg\",\"contentUrl\":\"https:\\\/\\\/www.haekelfieber.de\\\/wp-blog\\\/wp-content\\\/uploads\\\/2014\\\/09\\\/2014-09-23-17.43.32.jpg\",\"width\":600,\"height\":800},{\"@type\":\"BreadcrumbList\",\"@id\":\"https:\\\/\\\/www.haekelfieber.de\\\/wp-blog\\\/2014\\\/09\\\/dienstags-tagesschau-gehaekelte-eichel\\\/#breadcrumb\",\"itemListElement\":[{\"@type\":\"ListItem\",\"position\":1,\"name\":\"Home\",\"item\":\"https:\\\/\\\/www.haekelfieber.de\\\/wp-blog\\\/\"},{\"@type\":\"ListItem\",\"position\":2,\"name\":\"Dienstags &#8211; Tageswerk: geh\u00e4kelte Eichel&#8230;\"}]},{\"@type\":\"WebSite\",\"@id\":\"https:\\\/\\\/www.haekelfieber.de\\\/wp-blog\\\/#website\",\"url\":\"https:\\\/\\\/www.haekelfieber.de\\\/wp-blog\\\/\",\"name\":\"H\u00e4kelfieber\",\"description\":\"Ich bin im...\",\"publisher\":{\"@id\":\"https:\\\/\\\/www.haekelfieber.de\\\/wp-blog\\\/#organization\"},\"potentialAction\":[{\"@type\":\"SearchAction\",\"target\":{\"@type\":\"EntryPoint\",\"urlTemplate\":\"https:\\\/\\\/www.haekelfieber.de\\\/wp-blog\\\/?s={search_term_string}\"},\"query-input\":{\"@type\":\"PropertyValueSpecification\",\"valueRequired\":true,\"valueName\":\"search_term_string\"}}],\"inLanguage\":\"de\"},{\"@type\":\"Organization\",\"@id\":\"https:\\\/\\\/www.haekelfieber.de\\\/wp-blog\\\/#organization\",\"name\":\"H\u00e4kelfieber\",\"url\":\"https:\\\/\\\/www.haekelfieber.de\\\/wp-blog\\\/\",\"logo\":{\"@type\":\"ImageObject\",\"inLanguage\":\"de\",\"@id\":\"https:\\\/\\\/www.haekelfieber.de\\\/wp-blog\\\/#\\\/schema\\\/logo\\\/image\\\/\",\"url\":\"https:\\\/\\\/www.haekelfieber.de\\\/wp-blog\\\/wp-content\\\/uploads\\\/2023\\\/03\\\/kissen-haekeln2.jpg\",\"contentUrl\":\"https:\\\/\\\/www.haekelfieber.de\\\/wp-blog\\\/wp-content\\\/uploads\\\/2023\\\/03\\\/kissen-haekeln2.jpg\",\"width\":683,\"height\":1024,\"caption\":\"H\u00e4kelfieber\"},\"image\":{\"@id\":\"https:\\\/\\\/www.haekelfieber.de\\\/wp-blog\\\/#\\\/schema\\\/logo\\\/image\\\/\"}},{\"@type\":\"Person\",\"@id\":\"https:\\\/\\\/www.haekelfieber.de\\\/wp-blog\\\/#\\\/schema\\\/person\\\/08b81f8e0d3480519aadc66881dee8d7\",\"name\":\"Jutta\",\"image\":{\"@type\":\"ImageObject\",\"inLanguage\":\"de\",\"@id\":\"https:\\\/\\\/secure.gravatar.com\\\/avatar\\\/4fb96a09981d3eab52fd94765c38a5395ca69a563a8cd98c172ef85375636d9d?s=96&d=mm&r=g\",\"url\":\"https:\\\/\\\/secure.gravatar.com\\\/avatar\\\/4fb96a09981d3eab52fd94765c38a5395ca69a563a8cd98c172ef85375636d9d?s=96&d=mm&r=g\",\"contentUrl\":\"https:\\\/\\\/secure.gravatar.com\\\/avatar\\\/4fb96a09981d3eab52fd94765c38a5395ca69a563a8cd98c172ef85375636d9d?s=96&d=mm&r=g\",\"caption\":\"Jutta\"},\"url\":\"https:\\\/\\\/www.haekelfieber.de\\\/wp-blog\\\/author\\\/admin\\\/\"}]}<\/script>\n<!-- \/ Yoast SEO plugin. -->","yoast_head_json":{"title":"Dienstags - Tageswerk: geh\u00e4kelte Eichel... - H\u00e4kelfieber","robots":{"index":"index","follow":"follow","max-snippet":"max-snippet:-1","max-image-preview":"max-image-preview:large","max-video-preview":"max-video-preview:-1"},"canonical":"https:\/\/www.haekelfieber.de\/wp-blog\/2014\/09\/dienstags-tagesschau-gehaekelte-eichel\/","og_locale":"de_DE","og_type":"article","og_title":"Dienstags - Tageswerk: geh\u00e4kelte Eichel... - H\u00e4kelfieber","og_description":"Was ich heute so (nicht alles, aber einen Teil davon \ud83d\ude42 ) gemacht habe. Ein Eichel geh\u00e4kelt, aus einem Rest gr\u00fcner Filzwolle (leider ist sie jetzt alle) und geschenkt bekommener brauner &#8222;Kratz-&#8220; bzw. Trachtenwolle. Rainfarn, am Wegesrand, beim Spazierengang mit unserem Hund gepfl\u00fcckt &#8211; nein, abgeschnitten, weil die Stiele so z\u00e4h \ud83d\ude42 sind. Die geh\u00e4kelte &hellip; Dienstags &#8211; Tageswerk: geh\u00e4kelte Eichel&#8230; weiterlesen &rarr;","og_url":"https:\/\/www.haekelfieber.de\/wp-blog\/2014\/09\/dienstags-tagesschau-gehaekelte-eichel\/","og_site_name":"H\u00e4kelfieber","article_published_time":"2014-09-23T17:10:14+00:00","article_modified_time":"2014-10-24T20:25:04+00:00","og_image":[{"url":"https:\/\/www.haekelfieber.de\/wp-blog\/wp-content\/uploads\/2014\/09\/geh\u00e4kelte-eichel-3-300x225.jpg","type":"","width":"","height":""}],"author":"Jutta","twitter_misc":{"Verfasst von":"Jutta","Gesch\u00e4tzte Lesezeit":"1\u00a0Minute"},"schema":{"@context":"https:\/\/schema.org","@graph":[{"@type":"Article","@id":"https:\/\/www.haekelfieber.de\/wp-blog\/2014\/09\/dienstags-tagesschau-gehaekelte-eichel\/#article","isPartOf":{"@id":"https:\/\/www.haekelfieber.de\/wp-blog\/2014\/09\/dienstags-tagesschau-gehaekelte-eichel\/"},"author":{"name":"Jutta","@id":"https:\/\/www.haekelfieber.de\/wp-blog\/#\/schema\/person\/08b81f8e0d3480519aadc66881dee8d7"},"headline":"Dienstags &#8211; Tageswerk: geh\u00e4kelte Eichel&#8230;","datePublished":"2014-09-23T17:10:14+00:00","dateModified":"2014-10-24T20:25:04+00:00","mainEntityOfPage":{"@id":"https:\/\/www.haekelfieber.de\/wp-blog\/2014\/09\/dienstags-tagesschau-gehaekelte-eichel\/"},"wordCount":297,"commentCount":0,"publisher":{"@id":"https:\/\/www.haekelfieber.de\/wp-blog\/#organization"},"image":{"@id":"https:\/\/www.haekelfieber.de\/wp-blog\/2014\/09\/dienstags-tagesschau-gehaekelte-eichel\/#primaryimage"},"thumbnailUrl":"https:\/\/www.haekelfieber.de\/wp-blog\/wp-content\/uploads\/2014\/09\/2014-09-23-17.43.32.jpg","articleSection":["Die Natur","H\u00e4keln","Manch anderes"],"inLanguage":"de","potentialAction":[{"@type":"CommentAction","name":"Comment","target":["https:\/\/www.haekelfieber.de\/wp-blog\/2014\/09\/dienstags-tagesschau-gehaekelte-eichel\/#respond"]}]},{"@type":"WebPage","@id":"https:\/\/www.haekelfieber.de\/wp-blog\/2014\/09\/dienstags-tagesschau-gehaekelte-eichel\/","url":"https:\/\/www.haekelfieber.de\/wp-blog\/2014\/09\/dienstags-tagesschau-gehaekelte-eichel\/","name":"Dienstags - Tageswerk: geh\u00e4kelte Eichel... - H\u00e4kelfieber","isPartOf":{"@id":"https:\/\/www.haekelfieber.de\/wp-blog\/#website"},"primaryImageOfPage":{"@id":"https:\/\/www.haekelfieber.de\/wp-blog\/2014\/09\/dienstags-tagesschau-gehaekelte-eichel\/#primaryimage"},"image":{"@id":"https:\/\/www.haekelfieber.de\/wp-blog\/2014\/09\/dienstags-tagesschau-gehaekelte-eichel\/#primaryimage"},"thumbnailUrl":"https:\/\/www.haekelfieber.de\/wp-blog\/wp-content\/uploads\/2014\/09\/2014-09-23-17.43.32.jpg","datePublished":"2014-09-23T17:10:14+00:00","dateModified":"2014-10-24T20:25:04+00:00","breadcrumb":{"@id":"https:\/\/www.haekelfieber.de\/wp-blog\/2014\/09\/dienstags-tagesschau-gehaekelte-eichel\/#breadcrumb"},"inLanguage":"de","potentialAction":[{"@type":"ReadAction","target":["https:\/\/www.haekelfieber.de\/wp-blog\/2014\/09\/dienstags-tagesschau-gehaekelte-eichel\/"]}]},{"@type":"ImageObject","inLanguage":"de","@id":"https:\/\/www.haekelfieber.de\/wp-blog\/2014\/09\/dienstags-tagesschau-gehaekelte-eichel\/#primaryimage","url":"https:\/\/www.haekelfieber.de\/wp-blog\/wp-content\/uploads\/2014\/09\/2014-09-23-17.43.32.jpg","contentUrl":"https:\/\/www.haekelfieber.de\/wp-blog\/wp-content\/uploads\/2014\/09\/2014-09-23-17.43.32.jpg","width":600,"height":800},{"@type":"BreadcrumbList","@id":"https:\/\/www.haekelfieber.de\/wp-blog\/2014\/09\/dienstags-tagesschau-gehaekelte-eichel\/#breadcrumb","itemListElement":[{"@type":"ListItem","position":1,"name":"Home","item":"https:\/\/www.haekelfieber.de\/wp-blog\/"},{"@type":"ListItem","position":2,"name":"Dienstags &#8211; Tageswerk: geh\u00e4kelte Eichel&#8230;"}]},{"@type":"WebSite","@id":"https:\/\/www.haekelfieber.de\/wp-blog\/#website","url":"https:\/\/www.haekelfieber.de\/wp-blog\/","name":"H\u00e4kelfieber","description":"Ich bin im...","publisher":{"@id":"https:\/\/www.haekelfieber.de\/wp-blog\/#organization"},"potentialAction":[{"@type":"SearchAction","target":{"@type":"EntryPoint","urlTemplate":"https:\/\/www.haekelfieber.de\/wp-blog\/?s={search_term_string}"},"query-input":{"@type":"PropertyValueSpecification","valueRequired":true,"valueName":"search_term_string"}}],"inLanguage":"de"},{"@type":"Organization","@id":"https:\/\/www.haekelfieber.de\/wp-blog\/#organization","name":"H\u00e4kelfieber","url":"https:\/\/www.haekelfieber.de\/wp-blog\/","logo":{"@type":"ImageObject","inLanguage":"de","@id":"https:\/\/www.haekelfieber.de\/wp-blog\/#\/schema\/logo\/image\/","url":"https:\/\/www.haekelfieber.de\/wp-blog\/wp-content\/uploads\/2023\/03\/kissen-haekeln2.jpg","contentUrl":"https:\/\/www.haekelfieber.de\/wp-blog\/wp-content\/uploads\/2023\/03\/kissen-haekeln2.jpg","width":683,"height":1024,"caption":"H\u00e4kelfieber"},"image":{"@id":"https:\/\/www.haekelfieber.de\/wp-blog\/#\/schema\/logo\/image\/"}},{"@type":"Person","@id":"https:\/\/www.haekelfieber.de\/wp-blog\/#\/schema\/person\/08b81f8e0d3480519aadc66881dee8d7","name":"Jutta","image":{"@type":"ImageObject","inLanguage":"de","@id":"https:\/\/secure.gravatar.com\/avatar\/4fb96a09981d3eab52fd94765c38a5395ca69a563a8cd98c172ef85375636d9d?s=96&d=mm&r=g","url":"https:\/\/secure.gravatar.com\/avatar\/4fb96a09981d3eab52fd94765c38a5395ca69a563a8cd98c172ef85375636d9d?s=96&d=mm&r=g","contentUrl":"https:\/\/secure.gravatar.com\/avatar\/4fb96a09981d3eab52fd94765c38a5395ca69a563a8cd98c172ef85375636d9d?s=96&d=mm&r=g","caption":"Jutta"},"url":"https:\/\/www.haekelfieber.de\/wp-blog\/author\/admin\/"}]}},"_links":{"self":[{"href":"https:\/\/www.haekelfieber.de\/wp-blog\/wp-json\/wp\/v2\/posts\/1133","targetHints":{"allow":["GET"]}}],"collection":[{"href":"https:\/\/www.haekelfieber.de\/wp-blog\/wp-json\/wp\/v2\/posts"}],"about":[{"href":"https:\/\/www.haekelfieber.de\/wp-blog\/wp-json\/wp\/v2\/types\/post"}],"author":[{"embeddable":true,"href":"https:\/\/www.haekelfieber.de\/wp-blog\/wp-json\/wp\/v2\/users\/1"}],"replies":[{"embeddable":true,"href":"https:\/\/www.haekelfieber.de\/wp-blog\/wp-json\/wp\/v2\/comments?post=1133"}],"version-history":[{"count":3,"href":"https:\/\/www.haekelfieber.de\/wp-blog\/wp-json\/wp\/v2\/posts\/1133\/revisions"}],"predecessor-version":[{"id":1253,"href":"https:\/\/www.haekelfieber.de\/wp-blog\/wp-json\/wp\/v2\/posts\/1133\/revisions\/1253"}],"wp:attachment":[{"href":"https:\/\/www.haekelfieber.de\/wp-blog\/wp-json\/wp\/v2\/media?parent=1133"}],"wp:term":[{"taxonomy":"category","embeddable":true,"href":"https:\/\/www.haekelfieber.de\/wp-blog\/wp-json\/wp\/v2\/categories?post=1133"},{"taxonomy":"post_tag","embeddable":true,"href":"https:\/\/www.haekelfieber.de\/wp-blog\/wp-json\/wp\/v2\/tags?post=1133"}],"curies":[{"name":"wp","href":"https:\/\/api.w.org\/{rel}","templated":true}]}}