{"id":11646,"date":"2021-05-04T13:19:54","date_gmt":"2021-05-04T11:19:54","guid":{"rendered":"https:\/\/www.haekelfieber.de\/wp-blog\/?p=11646"},"modified":"2021-05-04T13:37:54","modified_gmt":"2021-05-04T11:37:54","slug":"unklare-sachlage","status":"publish","type":"post","link":"https:\/\/www.haekelfieber.de\/wp-blog\/2021\/05\/unklare-sachlage\/","title":{"rendered":"Unklare Sachlage"},"content":{"rendered":"\n<p>So unscharf wie das Foto, gestaltet sich mein n\u00e4chstes H\u00e4kelprojekt. Eine Weste oder \u00e4hnliches soll es werden. Die Wolle bez\u00fcglich Farbe und Menge aus dem Bauch heraus gekauft, eine konkrete Anleitung &#8211; Fehlanzeige. Gerade nach dem Mittagessen bin ich einen Erkenntnisschritt weiter gelangt &#8211; es wird etwas Mustriges. Sage da noch einer ein voller Bauch studiert nicht gern \ud83d\ude09 Fraglich ob mir die Wolle reicht. Die L\u00e4nge wird also abh\u00e4ngig davon sein, wie hoch der Verbrauch ist. F\u00fcr manchen ist mein Vorgehen nicht nachvollziehbar. Kann ich verstehen, f\u00fcr mich auch nicht immer. <br \/>So bin ich nun mal und es hat mir etliche sch\u00f6ne Ergebnisse beschert. Ich bin optimistisch \ud83d\ude42<br \/><br \/><br \/><\/p>\n\n\n\n<figure class=\"wp-block-image size-full\"><img loading=\"lazy\" decoding=\"async\" width=\"689\" height=\"1024\" src=\"https:\/\/www.haekelfieber.de\/wp-blog\/wp-content\/uploads\/2021\/05\/ha\u0308kelprojekt1.jpg\" alt=\"\" class=\"wp-image-11644\" srcset=\"https:\/\/www.haekelfieber.de\/wp-blog\/wp-content\/uploads\/2021\/05\/ha\u0308kelprojekt1.jpg 689w, https:\/\/www.haekelfieber.de\/wp-blog\/wp-content\/uploads\/2021\/05\/ha\u0308kelprojekt1-202x300.jpg 202w, https:\/\/www.haekelfieber.de\/wp-blog\/wp-content\/uploads\/2021\/05\/ha\u0308kelprojekt1-404x600.jpg 404w\" sizes=\"auto, (max-width: 689px) 100vw, 689px\" \/><figcaption><br><br><\/figcaption><\/figure>\n\n\n\n<p>Sockenwolle war ebenfalls Bestandteil meiner letzten Bestellung. Der Haken ist nur, dass ich in den letzten Jahren drei Versuche gestartet und immer nur bis zu einem fertigen Socken durchgehalten habe. Realistisch betrachtet, ist noch keine fertiges Paar Socken von meinen Stricknadeln geh\u00fcpft.<br \/>Auch hier bin ich optimistisch gestimmt. Was noch nicht ist, kann ja noch werden&#8230;<br \/><br \/><\/p>\n\n\n\n<figure class=\"wp-block-image size-full\"><img loading=\"lazy\" decoding=\"async\" width=\"677\" height=\"1024\" src=\"https:\/\/www.haekelfieber.de\/wp-blog\/wp-content\/uploads\/2021\/05\/ha\u0308kelprojekt2.jpg\" alt=\"\" class=\"wp-image-11645\" srcset=\"https:\/\/www.haekelfieber.de\/wp-blog\/wp-content\/uploads\/2021\/05\/ha\u0308kelprojekt2.jpg 677w, https:\/\/www.haekelfieber.de\/wp-blog\/wp-content\/uploads\/2021\/05\/ha\u0308kelprojekt2-198x300.jpg 198w, https:\/\/www.haekelfieber.de\/wp-blog\/wp-content\/uploads\/2021\/05\/ha\u0308kelprojekt2-397x600.jpg 397w\" sizes=\"auto, (max-width: 677px) 100vw, 677px\" \/><\/figure>\n\n\n","protected":false},"excerpt":{"rendered":"<p>So unscharf wie das Foto, gestaltet sich mein n\u00e4chstes H\u00e4kelprojekt. Eine Weste oder \u00e4hnliches soll es werden. Die Wolle bez\u00fcglich Farbe und Menge aus dem Bauch heraus gekauft, eine konkrete Anleitung &#8211; Fehlanzeige. Gerade nach dem Mittagessen bin ich einen Erkenntnisschritt weiter gelangt &#8211; es wird etwas Mustriges. Sage da noch einer ein voller Bauch &hellip; <a href=\"https:\/\/www.haekelfieber.de\/wp-blog\/2021\/05\/unklare-sachlage\/\" class=\"more-link\"><span class=\"screen-reader-text\">Unklare Sachlage<\/span> weiterlesen <span class=\"meta-nav\">&rarr;<\/span><\/a><\/p>\n","protected":false},"author":1,"featured_media":0,"comment_status":"open","ping_status":"open","sticky":false,"template":"","format":"standard","meta":{"footnotes":""},"categories":[5,17],"tags":[],"class_list":["post-11646","post","type-post","status-publish","format-standard","hentry","category-haekeln","category-stricken"],"yoast_head":"<!-- This site is optimized with the Yoast SEO plugin v27.5 - https:\/\/yoast.com\/product\/yoast-seo-wordpress\/ -->\n<title>Unklare Sachlage - H\u00e4kelfieber<\/title>\n<meta name=\"robots\" content=\"index, follow, max-snippet:-1, max-image-preview:large, max-video-preview:-1\" \/>\n<link rel=\"canonical\" href=\"https:\/\/www.haekelfieber.de\/wp-blog\/2021\/05\/unklare-sachlage\/\" \/>\n<meta property=\"og:locale\" content=\"de_DE\" \/>\n<meta property=\"og:type\" content=\"article\" \/>\n<meta property=\"og:title\" content=\"Unklare Sachlage - H\u00e4kelfieber\" \/>\n<meta property=\"og:description\" content=\"So unscharf wie das Foto, gestaltet sich mein n\u00e4chstes H\u00e4kelprojekt. Eine Weste oder \u00e4hnliches soll es werden. Die Wolle bez\u00fcglich Farbe und Menge aus dem Bauch heraus gekauft, eine konkrete Anleitung &#8211; Fehlanzeige. Gerade nach dem Mittagessen bin ich einen Erkenntnisschritt weiter gelangt &#8211; es wird etwas Mustriges. Sage da noch einer ein voller Bauch &hellip; Unklare Sachlage weiterlesen &rarr;\" \/>\n<meta property=\"og:url\" content=\"https:\/\/www.haekelfieber.de\/wp-blog\/2021\/05\/unklare-sachlage\/\" \/>\n<meta property=\"og:site_name\" content=\"H\u00e4kelfieber\" \/>\n<meta property=\"article:published_time\" content=\"2021-05-04T11:19:54+00:00\" \/>\n<meta property=\"article:modified_time\" content=\"2021-05-04T11:37:54+00:00\" \/>\n<meta property=\"og:image\" content=\"https:\/\/www.haekelfieber.de\/wp-blog\/wp-content\/uploads\/2021\/05\/ha\u0308kelprojekt1.jpg\" \/>\n<meta name=\"author\" content=\"Jutta\" \/>\n<meta name=\"twitter:label1\" content=\"Verfasst von\" \/>\n\t<meta name=\"twitter:data1\" content=\"Jutta\" \/>\n\t<meta name=\"twitter:label2\" content=\"Gesch\u00e4tzte Lesezeit\" \/>\n\t<meta name=\"twitter:data2\" content=\"2\u00a0Minuten\" \/>\n<script type=\"application\/ld+json\" class=\"yoast-schema-graph\">{\"@context\":\"https:\\\/\\\/schema.org\",\"@graph\":[{\"@type\":\"Article\",\"@id\":\"https:\\\/\\\/www.haekelfieber.de\\\/wp-blog\\\/2021\\\/05\\\/unklare-sachlage\\\/#article\",\"isPartOf\":{\"@id\":\"https:\\\/\\\/www.haekelfieber.de\\\/wp-blog\\\/2021\\\/05\\\/unklare-sachlage\\\/\"},\"author\":{\"name\":\"Jutta\",\"@id\":\"https:\\\/\\\/www.haekelfieber.de\\\/wp-blog\\\/#\\\/schema\\\/person\\\/08b81f8e0d3480519aadc66881dee8d7\"},\"headline\":\"Unklare Sachlage\",\"datePublished\":\"2021-05-04T11:19:54+00:00\",\"dateModified\":\"2021-05-04T11:37:54+00:00\",\"mainEntityOfPage\":{\"@id\":\"https:\\\/\\\/www.haekelfieber.de\\\/wp-blog\\\/2021\\\/05\\\/unklare-sachlage\\\/\"},\"wordCount\":174,\"commentCount\":0,\"publisher\":{\"@id\":\"https:\\\/\\\/www.haekelfieber.de\\\/wp-blog\\\/#organization\"},\"articleSection\":[\"H\u00e4keln\",\"Stricken\"],\"inLanguage\":\"de\",\"potentialAction\":[{\"@type\":\"CommentAction\",\"name\":\"Comment\",\"target\":[\"https:\\\/\\\/www.haekelfieber.de\\\/wp-blog\\\/2021\\\/05\\\/unklare-sachlage\\\/#respond\"]}]},{\"@type\":\"WebPage\",\"@id\":\"https:\\\/\\\/www.haekelfieber.de\\\/wp-blog\\\/2021\\\/05\\\/unklare-sachlage\\\/\",\"url\":\"https:\\\/\\\/www.haekelfieber.de\\\/wp-blog\\\/2021\\\/05\\\/unklare-sachlage\\\/\",\"name\":\"Unklare Sachlage - H\u00e4kelfieber\",\"isPartOf\":{\"@id\":\"https:\\\/\\\/www.haekelfieber.de\\\/wp-blog\\\/#website\"},\"datePublished\":\"2021-05-04T11:19:54+00:00\",\"dateModified\":\"2021-05-04T11:37:54+00:00\",\"breadcrumb\":{\"@id\":\"https:\\\/\\\/www.haekelfieber.de\\\/wp-blog\\\/2021\\\/05\\\/unklare-sachlage\\\/#breadcrumb\"},\"inLanguage\":\"de\",\"potentialAction\":[{\"@type\":\"ReadAction\",\"target\":[\"https:\\\/\\\/www.haekelfieber.de\\\/wp-blog\\\/2021\\\/05\\\/unklare-sachlage\\\/\"]}]},{\"@type\":\"BreadcrumbList\",\"@id\":\"https:\\\/\\\/www.haekelfieber.de\\\/wp-blog\\\/2021\\\/05\\\/unklare-sachlage\\\/#breadcrumb\",\"itemListElement\":[{\"@type\":\"ListItem\",\"position\":1,\"name\":\"Home\",\"item\":\"https:\\\/\\\/www.haekelfieber.de\\\/wp-blog\\\/\"},{\"@type\":\"ListItem\",\"position\":2,\"name\":\"Unklare Sachlage\"}]},{\"@type\":\"WebSite\",\"@id\":\"https:\\\/\\\/www.haekelfieber.de\\\/wp-blog\\\/#website\",\"url\":\"https:\\\/\\\/www.haekelfieber.de\\\/wp-blog\\\/\",\"name\":\"H\u00e4kelfieber\",\"description\":\"Ich bin im...\",\"publisher\":{\"@id\":\"https:\\\/\\\/www.haekelfieber.de\\\/wp-blog\\\/#organization\"},\"potentialAction\":[{\"@type\":\"SearchAction\",\"target\":{\"@type\":\"EntryPoint\",\"urlTemplate\":\"https:\\\/\\\/www.haekelfieber.de\\\/wp-blog\\\/?s={search_term_string}\"},\"query-input\":{\"@type\":\"PropertyValueSpecification\",\"valueRequired\":true,\"valueName\":\"search_term_string\"}}],\"inLanguage\":\"de\"},{\"@type\":\"Organization\",\"@id\":\"https:\\\/\\\/www.haekelfieber.de\\\/wp-blog\\\/#organization\",\"name\":\"H\u00e4kelfieber\",\"url\":\"https:\\\/\\\/www.haekelfieber.de\\\/wp-blog\\\/\",\"logo\":{\"@type\":\"ImageObject\",\"inLanguage\":\"de\",\"@id\":\"https:\\\/\\\/www.haekelfieber.de\\\/wp-blog\\\/#\\\/schema\\\/logo\\\/image\\\/\",\"url\":\"https:\\\/\\\/www.haekelfieber.de\\\/wp-blog\\\/wp-content\\\/uploads\\\/2023\\\/03\\\/kissen-haekeln2.jpg\",\"contentUrl\":\"https:\\\/\\\/www.haekelfieber.de\\\/wp-blog\\\/wp-content\\\/uploads\\\/2023\\\/03\\\/kissen-haekeln2.jpg\",\"width\":683,\"height\":1024,\"caption\":\"H\u00e4kelfieber\"},\"image\":{\"@id\":\"https:\\\/\\\/www.haekelfieber.de\\\/wp-blog\\\/#\\\/schema\\\/logo\\\/image\\\/\"}},{\"@type\":\"Person\",\"@id\":\"https:\\\/\\\/www.haekelfieber.de\\\/wp-blog\\\/#\\\/schema\\\/person\\\/08b81f8e0d3480519aadc66881dee8d7\",\"name\":\"Jutta\",\"image\":{\"@type\":\"ImageObject\",\"inLanguage\":\"de\",\"@id\":\"https:\\\/\\\/secure.gravatar.com\\\/avatar\\\/4fb96a09981d3eab52fd94765c38a5395ca69a563a8cd98c172ef85375636d9d?s=96&d=mm&r=g\",\"url\":\"https:\\\/\\\/secure.gravatar.com\\\/avatar\\\/4fb96a09981d3eab52fd94765c38a5395ca69a563a8cd98c172ef85375636d9d?s=96&d=mm&r=g\",\"contentUrl\":\"https:\\\/\\\/secure.gravatar.com\\\/avatar\\\/4fb96a09981d3eab52fd94765c38a5395ca69a563a8cd98c172ef85375636d9d?s=96&d=mm&r=g\",\"caption\":\"Jutta\"},\"url\":\"https:\\\/\\\/www.haekelfieber.de\\\/wp-blog\\\/author\\\/admin\\\/\"}]}<\/script>\n<!-- \/ Yoast SEO plugin. -->","yoast_head_json":{"title":"Unklare Sachlage - H\u00e4kelfieber","robots":{"index":"index","follow":"follow","max-snippet":"max-snippet:-1","max-image-preview":"max-image-preview:large","max-video-preview":"max-video-preview:-1"},"canonical":"https:\/\/www.haekelfieber.de\/wp-blog\/2021\/05\/unklare-sachlage\/","og_locale":"de_DE","og_type":"article","og_title":"Unklare Sachlage - H\u00e4kelfieber","og_description":"So unscharf wie das Foto, gestaltet sich mein n\u00e4chstes H\u00e4kelprojekt. Eine Weste oder \u00e4hnliches soll es werden. Die Wolle bez\u00fcglich Farbe und Menge aus dem Bauch heraus gekauft, eine konkrete Anleitung &#8211; Fehlanzeige. Gerade nach dem Mittagessen bin ich einen Erkenntnisschritt weiter gelangt &#8211; es wird etwas Mustriges. Sage da noch einer ein voller Bauch &hellip; Unklare Sachlage weiterlesen &rarr;","og_url":"https:\/\/www.haekelfieber.de\/wp-blog\/2021\/05\/unklare-sachlage\/","og_site_name":"H\u00e4kelfieber","article_published_time":"2021-05-04T11:19:54+00:00","article_modified_time":"2021-05-04T11:37:54+00:00","og_image":[{"url":"https:\/\/www.haekelfieber.de\/wp-blog\/wp-content\/uploads\/2021\/05\/ha\u0308kelprojekt1.jpg","type":"","width":"","height":""}],"author":"Jutta","twitter_misc":{"Verfasst von":"Jutta","Gesch\u00e4tzte Lesezeit":"2\u00a0Minuten"},"schema":{"@context":"https:\/\/schema.org","@graph":[{"@type":"Article","@id":"https:\/\/www.haekelfieber.de\/wp-blog\/2021\/05\/unklare-sachlage\/#article","isPartOf":{"@id":"https:\/\/www.haekelfieber.de\/wp-blog\/2021\/05\/unklare-sachlage\/"},"author":{"name":"Jutta","@id":"https:\/\/www.haekelfieber.de\/wp-blog\/#\/schema\/person\/08b81f8e0d3480519aadc66881dee8d7"},"headline":"Unklare Sachlage","datePublished":"2021-05-04T11:19:54+00:00","dateModified":"2021-05-04T11:37:54+00:00","mainEntityOfPage":{"@id":"https:\/\/www.haekelfieber.de\/wp-blog\/2021\/05\/unklare-sachlage\/"},"wordCount":174,"commentCount":0,"publisher":{"@id":"https:\/\/www.haekelfieber.de\/wp-blog\/#organization"},"articleSection":["H\u00e4keln","Stricken"],"inLanguage":"de","potentialAction":[{"@type":"CommentAction","name":"Comment","target":["https:\/\/www.haekelfieber.de\/wp-blog\/2021\/05\/unklare-sachlage\/#respond"]}]},{"@type":"WebPage","@id":"https:\/\/www.haekelfieber.de\/wp-blog\/2021\/05\/unklare-sachlage\/","url":"https:\/\/www.haekelfieber.de\/wp-blog\/2021\/05\/unklare-sachlage\/","name":"Unklare Sachlage - H\u00e4kelfieber","isPartOf":{"@id":"https:\/\/www.haekelfieber.de\/wp-blog\/#website"},"datePublished":"2021-05-04T11:19:54+00:00","dateModified":"2021-05-04T11:37:54+00:00","breadcrumb":{"@id":"https:\/\/www.haekelfieber.de\/wp-blog\/2021\/05\/unklare-sachlage\/#breadcrumb"},"inLanguage":"de","potentialAction":[{"@type":"ReadAction","target":["https:\/\/www.haekelfieber.de\/wp-blog\/2021\/05\/unklare-sachlage\/"]}]},{"@type":"BreadcrumbList","@id":"https:\/\/www.haekelfieber.de\/wp-blog\/2021\/05\/unklare-sachlage\/#breadcrumb","itemListElement":[{"@type":"ListItem","position":1,"name":"Home","item":"https:\/\/www.haekelfieber.de\/wp-blog\/"},{"@type":"ListItem","position":2,"name":"Unklare Sachlage"}]},{"@type":"WebSite","@id":"https:\/\/www.haekelfieber.de\/wp-blog\/#website","url":"https:\/\/www.haekelfieber.de\/wp-blog\/","name":"H\u00e4kelfieber","description":"Ich bin im...","publisher":{"@id":"https:\/\/www.haekelfieber.de\/wp-blog\/#organization"},"potentialAction":[{"@type":"SearchAction","target":{"@type":"EntryPoint","urlTemplate":"https:\/\/www.haekelfieber.de\/wp-blog\/?s={search_term_string}"},"query-input":{"@type":"PropertyValueSpecification","valueRequired":true,"valueName":"search_term_string"}}],"inLanguage":"de"},{"@type":"Organization","@id":"https:\/\/www.haekelfieber.de\/wp-blog\/#organization","name":"H\u00e4kelfieber","url":"https:\/\/www.haekelfieber.de\/wp-blog\/","logo":{"@type":"ImageObject","inLanguage":"de","@id":"https:\/\/www.haekelfieber.de\/wp-blog\/#\/schema\/logo\/image\/","url":"https:\/\/www.haekelfieber.de\/wp-blog\/wp-content\/uploads\/2023\/03\/kissen-haekeln2.jpg","contentUrl":"https:\/\/www.haekelfieber.de\/wp-blog\/wp-content\/uploads\/2023\/03\/kissen-haekeln2.jpg","width":683,"height":1024,"caption":"H\u00e4kelfieber"},"image":{"@id":"https:\/\/www.haekelfieber.de\/wp-blog\/#\/schema\/logo\/image\/"}},{"@type":"Person","@id":"https:\/\/www.haekelfieber.de\/wp-blog\/#\/schema\/person\/08b81f8e0d3480519aadc66881dee8d7","name":"Jutta","image":{"@type":"ImageObject","inLanguage":"de","@id":"https:\/\/secure.gravatar.com\/avatar\/4fb96a09981d3eab52fd94765c38a5395ca69a563a8cd98c172ef85375636d9d?s=96&d=mm&r=g","url":"https:\/\/secure.gravatar.com\/avatar\/4fb96a09981d3eab52fd94765c38a5395ca69a563a8cd98c172ef85375636d9d?s=96&d=mm&r=g","contentUrl":"https:\/\/secure.gravatar.com\/avatar\/4fb96a09981d3eab52fd94765c38a5395ca69a563a8cd98c172ef85375636d9d?s=96&d=mm&r=g","caption":"Jutta"},"url":"https:\/\/www.haekelfieber.de\/wp-blog\/author\/admin\/"}]}},"_links":{"self":[{"href":"https:\/\/www.haekelfieber.de\/wp-blog\/wp-json\/wp\/v2\/posts\/11646","targetHints":{"allow":["GET"]}}],"collection":[{"href":"https:\/\/www.haekelfieber.de\/wp-blog\/wp-json\/wp\/v2\/posts"}],"about":[{"href":"https:\/\/www.haekelfieber.de\/wp-blog\/wp-json\/wp\/v2\/types\/post"}],"author":[{"embeddable":true,"href":"https:\/\/www.haekelfieber.de\/wp-blog\/wp-json\/wp\/v2\/users\/1"}],"replies":[{"embeddable":true,"href":"https:\/\/www.haekelfieber.de\/wp-blog\/wp-json\/wp\/v2\/comments?post=11646"}],"version-history":[{"count":2,"href":"https:\/\/www.haekelfieber.de\/wp-blog\/wp-json\/wp\/v2\/posts\/11646\/revisions"}],"predecessor-version":[{"id":11649,"href":"https:\/\/www.haekelfieber.de\/wp-blog\/wp-json\/wp\/v2\/posts\/11646\/revisions\/11649"}],"wp:attachment":[{"href":"https:\/\/www.haekelfieber.de\/wp-blog\/wp-json\/wp\/v2\/media?parent=11646"}],"wp:term":[{"taxonomy":"category","embeddable":true,"href":"https:\/\/www.haekelfieber.de\/wp-blog\/wp-json\/wp\/v2\/categories?post=11646"},{"taxonomy":"post_tag","embeddable":true,"href":"https:\/\/www.haekelfieber.de\/wp-blog\/wp-json\/wp\/v2\/tags?post=11646"}],"curies":[{"name":"wp","href":"https:\/\/api.w.org\/{rel}","templated":true}]}}