{"id":11823,"date":"2021-06-29T09:23:59","date_gmt":"2021-06-29T07:23:59","guid":{"rendered":"https:\/\/www.haekelfieber.de\/wp-blog\/?p=11823"},"modified":"2021-06-29T17:05:20","modified_gmt":"2021-06-29T15:05:20","slug":"verdaechtig","status":"publish","type":"post","link":"https:\/\/www.haekelfieber.de\/wp-blog\/2021\/06\/verdaechtig\/","title":{"rendered":"Verd\u00e4chtig?"},"content":{"rendered":"\n<p>Sind bunte Socken &#8222;verd\u00e4chtig&#8220;? Tragen Nazis derart farbenfrohes an ihren F\u00fc\u00dfen?<br \/>Heutzutage ist vieles nicht mehr so wie es einmal war. Der Meinungskorridor verengt sich zusehends (cancel culture). Da sind doch meine Fragen berechtigt! Sicher ist sicher. Lieber die Sachlage abkl\u00e4ren.<br \/>Sollte ich vielleicht eine Anfrage bez\u00fcglich meiner entstehenden Socken an den Verfassungsschutz richten? Hm, oder schreib ich an den bayrischen King? Nein lieber nicht. Der gibt mir sicher kein oke. Solch buntes &#8222;Gesocks&#8220; mag der gar nicht. <br \/>Also an die Kanzlerin Frau Dr. Dr. Dr. Dr. Dr. Dr&#8230;. Merkel. So viele Titel &#8211; da hat man einfach immer recht. Geht gar nicht anders.\u00a0 <br \/>Also:<br \/>Hallo Frau Dr. Dr. Dr&#8230;&#8230;&#8230;&#8230;Merkel,<br \/>ich stricke mir bunte Socken. Ist es in Deutschland erlaubt sie zu tragen? Sind sie evtl. beim Verfassungsschutz gelistet? Werde ich von der Polizei mit ihnen aufgehalten und dann aktenkundlich gef\u00fchrt? <br \/>Ich bin mir auch sehr unsicher, ob ich damit den Mindestabstand zu meinen gef\u00e4hrlichen Mitmenschen einhalten kann. Derart Buntes erregt Aufmerksamkeit oder? <br \/>Welche Sockenfarbe tragen Sie? Dies zu wissen w\u00e4re f\u00fcr mich erleichternd und g\u00e4be mir das Gef\u00fchl einer Verhaltensleitplanke. Letztere brauchen wir kleinen Sch\u00e4fchen alle, um nicht in die gro\u00dfe gef\u00e4hrliche Freiheit hinter den Beschr\u00e4nkungen zu fallen.<br \/>Vielen Dank im voraus!<br \/>M\u00e4h<br \/><br \/>So sollte das doch funktionieren mit meinen wolligen (hoffentlich auch fertig werdenden \ud83d\ude09 ) Begleitern \ud83d\ude42<br \/><br \/><br \/><\/p>\n\n\n\n<figure class=\"wp-block-image size-full\"><img loading=\"lazy\" decoding=\"async\" width=\"684\" height=\"1024\" src=\"https:\/\/www.haekelfieber.de\/wp-blog\/wp-content\/uploads\/2021\/06\/socken-stricken34.jpg\" alt=\"\" class=\"wp-image-11821\" srcset=\"https:\/\/www.haekelfieber.de\/wp-blog\/wp-content\/uploads\/2021\/06\/socken-stricken34.jpg 684w, https:\/\/www.haekelfieber.de\/wp-blog\/wp-content\/uploads\/2021\/06\/socken-stricken34-200x300.jpg 200w, https:\/\/www.haekelfieber.de\/wp-blog\/wp-content\/uploads\/2021\/06\/socken-stricken34-401x600.jpg 401w\" sizes=\"auto, (max-width: 684px) 100vw, 684px\" \/><\/figure>\n\n\n","protected":false},"excerpt":{"rendered":"<p>Sind bunte Socken &#8222;verd\u00e4chtig&#8220;? Tragen Nazis derart farbenfrohes an ihren F\u00fc\u00dfen?Heutzutage ist vieles nicht mehr so wie es einmal war. Der Meinungskorridor verengt sich zusehends (cancel culture). Da sind doch meine Fragen berechtigt! Sicher ist sicher. Lieber die Sachlage abkl\u00e4ren.Sollte ich vielleicht eine Anfrage bez\u00fcglich meiner entstehenden Socken an den Verfassungsschutz richten? Hm, oder schreib &hellip; <a href=\"https:\/\/www.haekelfieber.de\/wp-blog\/2021\/06\/verdaechtig\/\" class=\"more-link\"><span class=\"screen-reader-text\">Verd\u00e4chtig?<\/span> weiterlesen <span class=\"meta-nav\">&rarr;<\/span><\/a><\/p>\n","protected":false},"author":1,"featured_media":0,"comment_status":"open","ping_status":"open","sticky":false,"template":"","format":"standard","meta":{"footnotes":""},"categories":[1,17],"tags":[],"class_list":["post-11823","post","type-post","status-publish","format-standard","hentry","category-manch-anderes","category-stricken"],"yoast_head":"<!-- This site is optimized with the Yoast SEO plugin v27.4 - https:\/\/yoast.com\/product\/yoast-seo-wordpress\/ -->\n<title>Verd\u00e4chtig? - H\u00e4kelfieber<\/title>\n<meta name=\"robots\" content=\"index, follow, max-snippet:-1, max-image-preview:large, max-video-preview:-1\" \/>\n<link rel=\"canonical\" href=\"https:\/\/www.haekelfieber.de\/wp-blog\/2021\/06\/verdaechtig\/\" \/>\n<meta property=\"og:locale\" content=\"de_DE\" \/>\n<meta property=\"og:type\" content=\"article\" \/>\n<meta property=\"og:title\" content=\"Verd\u00e4chtig? - H\u00e4kelfieber\" \/>\n<meta property=\"og:description\" content=\"Sind bunte Socken &#8222;verd\u00e4chtig&#8220;? Tragen Nazis derart farbenfrohes an ihren F\u00fc\u00dfen?Heutzutage ist vieles nicht mehr so wie es einmal war. Der Meinungskorridor verengt sich zusehends (cancel culture). Da sind doch meine Fragen berechtigt! Sicher ist sicher. Lieber die Sachlage abkl\u00e4ren.Sollte ich vielleicht eine Anfrage bez\u00fcglich meiner entstehenden Socken an den Verfassungsschutz richten? Hm, oder schreib &hellip; Verd\u00e4chtig? weiterlesen &rarr;\" \/>\n<meta property=\"og:url\" content=\"https:\/\/www.haekelfieber.de\/wp-blog\/2021\/06\/verdaechtig\/\" \/>\n<meta property=\"og:site_name\" content=\"H\u00e4kelfieber\" \/>\n<meta property=\"article:published_time\" content=\"2021-06-29T07:23:59+00:00\" \/>\n<meta property=\"article:modified_time\" content=\"2021-06-29T15:05:20+00:00\" \/>\n<meta property=\"og:image\" content=\"https:\/\/www.haekelfieber.de\/wp-blog\/wp-content\/uploads\/2021\/06\/socken-stricken34.jpg\" \/>\n<meta name=\"author\" content=\"Jutta\" \/>\n<meta name=\"twitter:label1\" content=\"Verfasst von\" \/>\n\t<meta name=\"twitter:data1\" content=\"Jutta\" \/>\n\t<meta name=\"twitter:label2\" content=\"Gesch\u00e4tzte Lesezeit\" \/>\n\t<meta name=\"twitter:data2\" content=\"2\u00a0Minuten\" \/>\n<script type=\"application\/ld+json\" class=\"yoast-schema-graph\">{\"@context\":\"https:\\\/\\\/schema.org\",\"@graph\":[{\"@type\":\"Article\",\"@id\":\"https:\\\/\\\/www.haekelfieber.de\\\/wp-blog\\\/2021\\\/06\\\/verdaechtig\\\/#article\",\"isPartOf\":{\"@id\":\"https:\\\/\\\/www.haekelfieber.de\\\/wp-blog\\\/2021\\\/06\\\/verdaechtig\\\/\"},\"author\":{\"name\":\"Jutta\",\"@id\":\"https:\\\/\\\/www.haekelfieber.de\\\/wp-blog\\\/#\\\/schema\\\/person\\\/08b81f8e0d3480519aadc66881dee8d7\"},\"headline\":\"Verd\u00e4chtig?\",\"datePublished\":\"2021-06-29T07:23:59+00:00\",\"dateModified\":\"2021-06-29T15:05:20+00:00\",\"mainEntityOfPage\":{\"@id\":\"https:\\\/\\\/www.haekelfieber.de\\\/wp-blog\\\/2021\\\/06\\\/verdaechtig\\\/\"},\"wordCount\":235,\"commentCount\":6,\"publisher\":{\"@id\":\"https:\\\/\\\/www.haekelfieber.de\\\/wp-blog\\\/#organization\"},\"image\":{\"@id\":\"https:\\\/\\\/www.haekelfieber.de\\\/wp-blog\\\/2021\\\/06\\\/verdaechtig\\\/#primaryimage\"},\"thumbnailUrl\":\"https:\\\/\\\/www.haekelfieber.de\\\/wp-blog\\\/wp-content\\\/uploads\\\/2021\\\/06\\\/socken-stricken34.jpg\",\"articleSection\":[\"Manch anderes\",\"Stricken\"],\"inLanguage\":\"de\",\"potentialAction\":[{\"@type\":\"CommentAction\",\"name\":\"Comment\",\"target\":[\"https:\\\/\\\/www.haekelfieber.de\\\/wp-blog\\\/2021\\\/06\\\/verdaechtig\\\/#respond\"]}]},{\"@type\":\"WebPage\",\"@id\":\"https:\\\/\\\/www.haekelfieber.de\\\/wp-blog\\\/2021\\\/06\\\/verdaechtig\\\/\",\"url\":\"https:\\\/\\\/www.haekelfieber.de\\\/wp-blog\\\/2021\\\/06\\\/verdaechtig\\\/\",\"name\":\"Verd\u00e4chtig? - H\u00e4kelfieber\",\"isPartOf\":{\"@id\":\"https:\\\/\\\/www.haekelfieber.de\\\/wp-blog\\\/#website\"},\"primaryImageOfPage\":{\"@id\":\"https:\\\/\\\/www.haekelfieber.de\\\/wp-blog\\\/2021\\\/06\\\/verdaechtig\\\/#primaryimage\"},\"image\":{\"@id\":\"https:\\\/\\\/www.haekelfieber.de\\\/wp-blog\\\/2021\\\/06\\\/verdaechtig\\\/#primaryimage\"},\"thumbnailUrl\":\"https:\\\/\\\/www.haekelfieber.de\\\/wp-blog\\\/wp-content\\\/uploads\\\/2021\\\/06\\\/socken-stricken34.jpg\",\"datePublished\":\"2021-06-29T07:23:59+00:00\",\"dateModified\":\"2021-06-29T15:05:20+00:00\",\"breadcrumb\":{\"@id\":\"https:\\\/\\\/www.haekelfieber.de\\\/wp-blog\\\/2021\\\/06\\\/verdaechtig\\\/#breadcrumb\"},\"inLanguage\":\"de\",\"potentialAction\":[{\"@type\":\"ReadAction\",\"target\":[\"https:\\\/\\\/www.haekelfieber.de\\\/wp-blog\\\/2021\\\/06\\\/verdaechtig\\\/\"]}]},{\"@type\":\"ImageObject\",\"inLanguage\":\"de\",\"@id\":\"https:\\\/\\\/www.haekelfieber.de\\\/wp-blog\\\/2021\\\/06\\\/verdaechtig\\\/#primaryimage\",\"url\":\"https:\\\/\\\/www.haekelfieber.de\\\/wp-blog\\\/wp-content\\\/uploads\\\/2021\\\/06\\\/socken-stricken34.jpg\",\"contentUrl\":\"https:\\\/\\\/www.haekelfieber.de\\\/wp-blog\\\/wp-content\\\/uploads\\\/2021\\\/06\\\/socken-stricken34.jpg\",\"width\":684,\"height\":1024},{\"@type\":\"BreadcrumbList\",\"@id\":\"https:\\\/\\\/www.haekelfieber.de\\\/wp-blog\\\/2021\\\/06\\\/verdaechtig\\\/#breadcrumb\",\"itemListElement\":[{\"@type\":\"ListItem\",\"position\":1,\"name\":\"Home\",\"item\":\"https:\\\/\\\/www.haekelfieber.de\\\/wp-blog\\\/\"},{\"@type\":\"ListItem\",\"position\":2,\"name\":\"Verd\u00e4chtig?\"}]},{\"@type\":\"WebSite\",\"@id\":\"https:\\\/\\\/www.haekelfieber.de\\\/wp-blog\\\/#website\",\"url\":\"https:\\\/\\\/www.haekelfieber.de\\\/wp-blog\\\/\",\"name\":\"H\u00e4kelfieber\",\"description\":\"Ich bin im...\",\"publisher\":{\"@id\":\"https:\\\/\\\/www.haekelfieber.de\\\/wp-blog\\\/#organization\"},\"potentialAction\":[{\"@type\":\"SearchAction\",\"target\":{\"@type\":\"EntryPoint\",\"urlTemplate\":\"https:\\\/\\\/www.haekelfieber.de\\\/wp-blog\\\/?s={search_term_string}\"},\"query-input\":{\"@type\":\"PropertyValueSpecification\",\"valueRequired\":true,\"valueName\":\"search_term_string\"}}],\"inLanguage\":\"de\"},{\"@type\":\"Organization\",\"@id\":\"https:\\\/\\\/www.haekelfieber.de\\\/wp-blog\\\/#organization\",\"name\":\"H\u00e4kelfieber\",\"url\":\"https:\\\/\\\/www.haekelfieber.de\\\/wp-blog\\\/\",\"logo\":{\"@type\":\"ImageObject\",\"inLanguage\":\"de\",\"@id\":\"https:\\\/\\\/www.haekelfieber.de\\\/wp-blog\\\/#\\\/schema\\\/logo\\\/image\\\/\",\"url\":\"https:\\\/\\\/www.haekelfieber.de\\\/wp-blog\\\/wp-content\\\/uploads\\\/2023\\\/03\\\/kissen-haekeln2.jpg\",\"contentUrl\":\"https:\\\/\\\/www.haekelfieber.de\\\/wp-blog\\\/wp-content\\\/uploads\\\/2023\\\/03\\\/kissen-haekeln2.jpg\",\"width\":683,\"height\":1024,\"caption\":\"H\u00e4kelfieber\"},\"image\":{\"@id\":\"https:\\\/\\\/www.haekelfieber.de\\\/wp-blog\\\/#\\\/schema\\\/logo\\\/image\\\/\"}},{\"@type\":\"Person\",\"@id\":\"https:\\\/\\\/www.haekelfieber.de\\\/wp-blog\\\/#\\\/schema\\\/person\\\/08b81f8e0d3480519aadc66881dee8d7\",\"name\":\"Jutta\",\"image\":{\"@type\":\"ImageObject\",\"inLanguage\":\"de\",\"@id\":\"https:\\\/\\\/secure.gravatar.com\\\/avatar\\\/4fb96a09981d3eab52fd94765c38a5395ca69a563a8cd98c172ef85375636d9d?s=96&d=mm&r=g\",\"url\":\"https:\\\/\\\/secure.gravatar.com\\\/avatar\\\/4fb96a09981d3eab52fd94765c38a5395ca69a563a8cd98c172ef85375636d9d?s=96&d=mm&r=g\",\"contentUrl\":\"https:\\\/\\\/secure.gravatar.com\\\/avatar\\\/4fb96a09981d3eab52fd94765c38a5395ca69a563a8cd98c172ef85375636d9d?s=96&d=mm&r=g\",\"caption\":\"Jutta\"},\"url\":\"https:\\\/\\\/www.haekelfieber.de\\\/wp-blog\\\/author\\\/admin\\\/\"}]}<\/script>\n<!-- \/ Yoast SEO plugin. -->","yoast_head_json":{"title":"Verd\u00e4chtig? - H\u00e4kelfieber","robots":{"index":"index","follow":"follow","max-snippet":"max-snippet:-1","max-image-preview":"max-image-preview:large","max-video-preview":"max-video-preview:-1"},"canonical":"https:\/\/www.haekelfieber.de\/wp-blog\/2021\/06\/verdaechtig\/","og_locale":"de_DE","og_type":"article","og_title":"Verd\u00e4chtig? - H\u00e4kelfieber","og_description":"Sind bunte Socken &#8222;verd\u00e4chtig&#8220;? Tragen Nazis derart farbenfrohes an ihren F\u00fc\u00dfen?Heutzutage ist vieles nicht mehr so wie es einmal war. Der Meinungskorridor verengt sich zusehends (cancel culture). Da sind doch meine Fragen berechtigt! Sicher ist sicher. Lieber die Sachlage abkl\u00e4ren.Sollte ich vielleicht eine Anfrage bez\u00fcglich meiner entstehenden Socken an den Verfassungsschutz richten? Hm, oder schreib &hellip; Verd\u00e4chtig? weiterlesen &rarr;","og_url":"https:\/\/www.haekelfieber.de\/wp-blog\/2021\/06\/verdaechtig\/","og_site_name":"H\u00e4kelfieber","article_published_time":"2021-06-29T07:23:59+00:00","article_modified_time":"2021-06-29T15:05:20+00:00","og_image":[{"url":"https:\/\/www.haekelfieber.de\/wp-blog\/wp-content\/uploads\/2021\/06\/socken-stricken34.jpg","type":"","width":"","height":""}],"author":"Jutta","twitter_misc":{"Verfasst von":"Jutta","Gesch\u00e4tzte Lesezeit":"2\u00a0Minuten"},"schema":{"@context":"https:\/\/schema.org","@graph":[{"@type":"Article","@id":"https:\/\/www.haekelfieber.de\/wp-blog\/2021\/06\/verdaechtig\/#article","isPartOf":{"@id":"https:\/\/www.haekelfieber.de\/wp-blog\/2021\/06\/verdaechtig\/"},"author":{"name":"Jutta","@id":"https:\/\/www.haekelfieber.de\/wp-blog\/#\/schema\/person\/08b81f8e0d3480519aadc66881dee8d7"},"headline":"Verd\u00e4chtig?","datePublished":"2021-06-29T07:23:59+00:00","dateModified":"2021-06-29T15:05:20+00:00","mainEntityOfPage":{"@id":"https:\/\/www.haekelfieber.de\/wp-blog\/2021\/06\/verdaechtig\/"},"wordCount":235,"commentCount":6,"publisher":{"@id":"https:\/\/www.haekelfieber.de\/wp-blog\/#organization"},"image":{"@id":"https:\/\/www.haekelfieber.de\/wp-blog\/2021\/06\/verdaechtig\/#primaryimage"},"thumbnailUrl":"https:\/\/www.haekelfieber.de\/wp-blog\/wp-content\/uploads\/2021\/06\/socken-stricken34.jpg","articleSection":["Manch anderes","Stricken"],"inLanguage":"de","potentialAction":[{"@type":"CommentAction","name":"Comment","target":["https:\/\/www.haekelfieber.de\/wp-blog\/2021\/06\/verdaechtig\/#respond"]}]},{"@type":"WebPage","@id":"https:\/\/www.haekelfieber.de\/wp-blog\/2021\/06\/verdaechtig\/","url":"https:\/\/www.haekelfieber.de\/wp-blog\/2021\/06\/verdaechtig\/","name":"Verd\u00e4chtig? - H\u00e4kelfieber","isPartOf":{"@id":"https:\/\/www.haekelfieber.de\/wp-blog\/#website"},"primaryImageOfPage":{"@id":"https:\/\/www.haekelfieber.de\/wp-blog\/2021\/06\/verdaechtig\/#primaryimage"},"image":{"@id":"https:\/\/www.haekelfieber.de\/wp-blog\/2021\/06\/verdaechtig\/#primaryimage"},"thumbnailUrl":"https:\/\/www.haekelfieber.de\/wp-blog\/wp-content\/uploads\/2021\/06\/socken-stricken34.jpg","datePublished":"2021-06-29T07:23:59+00:00","dateModified":"2021-06-29T15:05:20+00:00","breadcrumb":{"@id":"https:\/\/www.haekelfieber.de\/wp-blog\/2021\/06\/verdaechtig\/#breadcrumb"},"inLanguage":"de","potentialAction":[{"@type":"ReadAction","target":["https:\/\/www.haekelfieber.de\/wp-blog\/2021\/06\/verdaechtig\/"]}]},{"@type":"ImageObject","inLanguage":"de","@id":"https:\/\/www.haekelfieber.de\/wp-blog\/2021\/06\/verdaechtig\/#primaryimage","url":"https:\/\/www.haekelfieber.de\/wp-blog\/wp-content\/uploads\/2021\/06\/socken-stricken34.jpg","contentUrl":"https:\/\/www.haekelfieber.de\/wp-blog\/wp-content\/uploads\/2021\/06\/socken-stricken34.jpg","width":684,"height":1024},{"@type":"BreadcrumbList","@id":"https:\/\/www.haekelfieber.de\/wp-blog\/2021\/06\/verdaechtig\/#breadcrumb","itemListElement":[{"@type":"ListItem","position":1,"name":"Home","item":"https:\/\/www.haekelfieber.de\/wp-blog\/"},{"@type":"ListItem","position":2,"name":"Verd\u00e4chtig?"}]},{"@type":"WebSite","@id":"https:\/\/www.haekelfieber.de\/wp-blog\/#website","url":"https:\/\/www.haekelfieber.de\/wp-blog\/","name":"H\u00e4kelfieber","description":"Ich bin im...","publisher":{"@id":"https:\/\/www.haekelfieber.de\/wp-blog\/#organization"},"potentialAction":[{"@type":"SearchAction","target":{"@type":"EntryPoint","urlTemplate":"https:\/\/www.haekelfieber.de\/wp-blog\/?s={search_term_string}"},"query-input":{"@type":"PropertyValueSpecification","valueRequired":true,"valueName":"search_term_string"}}],"inLanguage":"de"},{"@type":"Organization","@id":"https:\/\/www.haekelfieber.de\/wp-blog\/#organization","name":"H\u00e4kelfieber","url":"https:\/\/www.haekelfieber.de\/wp-blog\/","logo":{"@type":"ImageObject","inLanguage":"de","@id":"https:\/\/www.haekelfieber.de\/wp-blog\/#\/schema\/logo\/image\/","url":"https:\/\/www.haekelfieber.de\/wp-blog\/wp-content\/uploads\/2023\/03\/kissen-haekeln2.jpg","contentUrl":"https:\/\/www.haekelfieber.de\/wp-blog\/wp-content\/uploads\/2023\/03\/kissen-haekeln2.jpg","width":683,"height":1024,"caption":"H\u00e4kelfieber"},"image":{"@id":"https:\/\/www.haekelfieber.de\/wp-blog\/#\/schema\/logo\/image\/"}},{"@type":"Person","@id":"https:\/\/www.haekelfieber.de\/wp-blog\/#\/schema\/person\/08b81f8e0d3480519aadc66881dee8d7","name":"Jutta","image":{"@type":"ImageObject","inLanguage":"de","@id":"https:\/\/secure.gravatar.com\/avatar\/4fb96a09981d3eab52fd94765c38a5395ca69a563a8cd98c172ef85375636d9d?s=96&d=mm&r=g","url":"https:\/\/secure.gravatar.com\/avatar\/4fb96a09981d3eab52fd94765c38a5395ca69a563a8cd98c172ef85375636d9d?s=96&d=mm&r=g","contentUrl":"https:\/\/secure.gravatar.com\/avatar\/4fb96a09981d3eab52fd94765c38a5395ca69a563a8cd98c172ef85375636d9d?s=96&d=mm&r=g","caption":"Jutta"},"url":"https:\/\/www.haekelfieber.de\/wp-blog\/author\/admin\/"}]}},"_links":{"self":[{"href":"https:\/\/www.haekelfieber.de\/wp-blog\/wp-json\/wp\/v2\/posts\/11823","targetHints":{"allow":["GET"]}}],"collection":[{"href":"https:\/\/www.haekelfieber.de\/wp-blog\/wp-json\/wp\/v2\/posts"}],"about":[{"href":"https:\/\/www.haekelfieber.de\/wp-blog\/wp-json\/wp\/v2\/types\/post"}],"author":[{"embeddable":true,"href":"https:\/\/www.haekelfieber.de\/wp-blog\/wp-json\/wp\/v2\/users\/1"}],"replies":[{"embeddable":true,"href":"https:\/\/www.haekelfieber.de\/wp-blog\/wp-json\/wp\/v2\/comments?post=11823"}],"version-history":[{"count":6,"href":"https:\/\/www.haekelfieber.de\/wp-blog\/wp-json\/wp\/v2\/posts\/11823\/revisions"}],"predecessor-version":[{"id":11831,"href":"https:\/\/www.haekelfieber.de\/wp-blog\/wp-json\/wp\/v2\/posts\/11823\/revisions\/11831"}],"wp:attachment":[{"href":"https:\/\/www.haekelfieber.de\/wp-blog\/wp-json\/wp\/v2\/media?parent=11823"}],"wp:term":[{"taxonomy":"category","embeddable":true,"href":"https:\/\/www.haekelfieber.de\/wp-blog\/wp-json\/wp\/v2\/categories?post=11823"},{"taxonomy":"post_tag","embeddable":true,"href":"https:\/\/www.haekelfieber.de\/wp-blog\/wp-json\/wp\/v2\/tags?post=11823"}],"curies":[{"name":"wp","href":"https:\/\/api.w.org\/{rel}","templated":true}]}}