{"id":11893,"date":"2021-07-23T11:39:28","date_gmt":"2021-07-23T09:39:28","guid":{"rendered":"https:\/\/www.haekelfieber.de\/wp-blog\/?p=11893"},"modified":"2021-07-26T07:44:09","modified_gmt":"2021-07-26T05:44:09","slug":"denk-so-vor-mich-hin-2","status":"publish","type":"post","link":"https:\/\/www.haekelfieber.de\/wp-blog\/2021\/07\/denk-so-vor-mich-hin-2\/","title":{"rendered":"Denk so vor mich hin&#8230;"},"content":{"rendered":"\n<p>&#8230;bei einem Becher Kaffee. &#8222;Wein lass sein&#8220; &#8211; schade, aber bei einem Gl\u00e4schen brummt mir das Oberst\u00fcbchen am n\u00e4chsten Tag. Wahrscheinlich bin ich als original Bayer nur mit Bier kompatibel \ud83d\ude09<br \/>Kaffee und eine W\u00e4rmflasche sorgen f\u00fcr Besserung. Und so sitze ich in der K\u00fcche mit kreisenden Gedanken \u00fcber den Garten, mein n\u00e4chstes Projekt und was grad so gedacht werden will.<br \/>Ein Gedanke steigt aus den Windungen &#8211; einer f\u00fcr euch meine lieben Leser:<br \/>Soviele Menschen, vier St\u00fcck \ud83d\ude09 , haben mich auf eine Sendung auf Servus TV aufmerksam gemacht:<br \/>&#8222;Teil 2: Corona &#8211; auf der Suche nach der Wahrheit&#8220; zu sehen auf servustv.com<br \/>Es gibt auch einen sehr sehenswerten ersten Teil.<br \/>Von seiten der Medien und mancher Politclowns wird ja derzeitig eine Hetze auf Menschen betrieben, welche der Impfung kritisch gegen\u00fcber stehen.<br \/>Also. Ich bin in Kontakt mit Geimpften und Nichtgeimpften. Bisher\u00a0 ein friedliches Miteinander. Leben und leben lassen. Gibt es am Ende zwei parallele Welten, die reale und die mediale?!<br \/>Ich lasse mich nicht impfen. Ich respektiere dass sich jemand impfen l\u00e4sst. Jeder hat seine Gr\u00fcnde. <br \/>Der oben genannte Film liefert Fakten von Wissenschaftlern um sich ein eigenes differenziertes Bild machen zu k\u00f6nnen.<br \/><br \/><br \/><\/p>\n\n\n\n<figure class=\"wp-block-image size-full\"><img loading=\"lazy\" decoding=\"async\" width=\"656\" height=\"1024\" src=\"https:\/\/www.haekelfieber.de\/wp-blog\/wp-content\/uploads\/2021\/07\/du\u0308del1.jpg\" alt=\"\" class=\"wp-image-11892\" srcset=\"https:\/\/www.haekelfieber.de\/wp-blog\/wp-content\/uploads\/2021\/07\/du\u0308del1.jpg 656w, https:\/\/www.haekelfieber.de\/wp-blog\/wp-content\/uploads\/2021\/07\/du\u0308del1-192x300.jpg 192w, https:\/\/www.haekelfieber.de\/wp-blog\/wp-content\/uploads\/2021\/07\/du\u0308del1-384x600.jpg 384w\" sizes=\"auto, (max-width: 656px) 100vw, 656px\" \/><\/figure>\n\n\n","protected":false},"excerpt":{"rendered":"<p>&#8230;bei einem Becher Kaffee. &#8222;Wein lass sein&#8220; &#8211; schade, aber bei einem Gl\u00e4schen brummt mir das Oberst\u00fcbchen am n\u00e4chsten Tag. Wahrscheinlich bin ich als original Bayer nur mit Bier kompatibel \ud83d\ude09Kaffee und eine W\u00e4rmflasche sorgen f\u00fcr Besserung. Und so sitze ich in der K\u00fcche mit kreisenden Gedanken \u00fcber den Garten, mein n\u00e4chstes Projekt und was &hellip; <a href=\"https:\/\/www.haekelfieber.de\/wp-blog\/2021\/07\/denk-so-vor-mich-hin-2\/\" class=\"more-link\"><span class=\"screen-reader-text\">Denk so vor mich hin&#8230;<\/span> weiterlesen <span class=\"meta-nav\">&rarr;<\/span><\/a><\/p>\n","protected":false},"author":1,"featured_media":0,"comment_status":"open","ping_status":"open","sticky":false,"template":"","format":"standard","meta":{"footnotes":""},"categories":[1],"tags":[],"class_list":["post-11893","post","type-post","status-publish","format-standard","hentry","category-manch-anderes"],"yoast_head":"<!-- This site is optimized with the Yoast SEO plugin v27.4 - https:\/\/yoast.com\/product\/yoast-seo-wordpress\/ -->\n<title>Denk so vor mich hin... - H\u00e4kelfieber<\/title>\n<meta name=\"robots\" content=\"index, follow, max-snippet:-1, max-image-preview:large, max-video-preview:-1\" \/>\n<link rel=\"canonical\" href=\"https:\/\/www.haekelfieber.de\/wp-blog\/2021\/07\/denk-so-vor-mich-hin-2\/\" \/>\n<meta property=\"og:locale\" content=\"de_DE\" \/>\n<meta property=\"og:type\" content=\"article\" \/>\n<meta property=\"og:title\" content=\"Denk so vor mich hin... - H\u00e4kelfieber\" \/>\n<meta property=\"og:description\" content=\"&#8230;bei einem Becher Kaffee. &#8222;Wein lass sein&#8220; &#8211; schade, aber bei einem Gl\u00e4schen brummt mir das Oberst\u00fcbchen am n\u00e4chsten Tag. Wahrscheinlich bin ich als original Bayer nur mit Bier kompatibel \ud83d\ude09Kaffee und eine W\u00e4rmflasche sorgen f\u00fcr Besserung. Und so sitze ich in der K\u00fcche mit kreisenden Gedanken \u00fcber den Garten, mein n\u00e4chstes Projekt und was &hellip; Denk so vor mich hin&#8230; weiterlesen &rarr;\" \/>\n<meta property=\"og:url\" content=\"https:\/\/www.haekelfieber.de\/wp-blog\/2021\/07\/denk-so-vor-mich-hin-2\/\" \/>\n<meta property=\"og:site_name\" content=\"H\u00e4kelfieber\" \/>\n<meta property=\"article:published_time\" content=\"2021-07-23T09:39:28+00:00\" \/>\n<meta property=\"article:modified_time\" content=\"2021-07-26T05:44:09+00:00\" \/>\n<meta property=\"og:image\" content=\"https:\/\/www.haekelfieber.de\/wp-blog\/wp-content\/uploads\/2021\/07\/du\u0308del1.jpg\" \/>\n<meta name=\"author\" content=\"Jutta\" \/>\n<meta name=\"twitter:label1\" content=\"Verfasst von\" \/>\n\t<meta name=\"twitter:data1\" content=\"Jutta\" \/>\n\t<meta name=\"twitter:label2\" content=\"Gesch\u00e4tzte Lesezeit\" \/>\n\t<meta name=\"twitter:data2\" content=\"2\u00a0Minuten\" \/>\n<script type=\"application\/ld+json\" class=\"yoast-schema-graph\">{\"@context\":\"https:\\\/\\\/schema.org\",\"@graph\":[{\"@type\":\"Article\",\"@id\":\"https:\\\/\\\/www.haekelfieber.de\\\/wp-blog\\\/2021\\\/07\\\/denk-so-vor-mich-hin-2\\\/#article\",\"isPartOf\":{\"@id\":\"https:\\\/\\\/www.haekelfieber.de\\\/wp-blog\\\/2021\\\/07\\\/denk-so-vor-mich-hin-2\\\/\"},\"author\":{\"name\":\"Jutta\",\"@id\":\"https:\\\/\\\/www.haekelfieber.de\\\/wp-blog\\\/#\\\/schema\\\/person\\\/08b81f8e0d3480519aadc66881dee8d7\"},\"headline\":\"Denk so vor mich hin&#8230;\",\"datePublished\":\"2021-07-23T09:39:28+00:00\",\"dateModified\":\"2021-07-26T05:44:09+00:00\",\"mainEntityOfPage\":{\"@id\":\"https:\\\/\\\/www.haekelfieber.de\\\/wp-blog\\\/2021\\\/07\\\/denk-so-vor-mich-hin-2\\\/\"},\"wordCount\":209,\"commentCount\":2,\"publisher\":{\"@id\":\"https:\\\/\\\/www.haekelfieber.de\\\/wp-blog\\\/#organization\"},\"articleSection\":[\"Manch anderes\"],\"inLanguage\":\"de\",\"potentialAction\":[{\"@type\":\"CommentAction\",\"name\":\"Comment\",\"target\":[\"https:\\\/\\\/www.haekelfieber.de\\\/wp-blog\\\/2021\\\/07\\\/denk-so-vor-mich-hin-2\\\/#respond\"]}]},{\"@type\":\"WebPage\",\"@id\":\"https:\\\/\\\/www.haekelfieber.de\\\/wp-blog\\\/2021\\\/07\\\/denk-so-vor-mich-hin-2\\\/\",\"url\":\"https:\\\/\\\/www.haekelfieber.de\\\/wp-blog\\\/2021\\\/07\\\/denk-so-vor-mich-hin-2\\\/\",\"name\":\"Denk so vor mich hin... - H\u00e4kelfieber\",\"isPartOf\":{\"@id\":\"https:\\\/\\\/www.haekelfieber.de\\\/wp-blog\\\/#website\"},\"datePublished\":\"2021-07-23T09:39:28+00:00\",\"dateModified\":\"2021-07-26T05:44:09+00:00\",\"breadcrumb\":{\"@id\":\"https:\\\/\\\/www.haekelfieber.de\\\/wp-blog\\\/2021\\\/07\\\/denk-so-vor-mich-hin-2\\\/#breadcrumb\"},\"inLanguage\":\"de\",\"potentialAction\":[{\"@type\":\"ReadAction\",\"target\":[\"https:\\\/\\\/www.haekelfieber.de\\\/wp-blog\\\/2021\\\/07\\\/denk-so-vor-mich-hin-2\\\/\"]}]},{\"@type\":\"BreadcrumbList\",\"@id\":\"https:\\\/\\\/www.haekelfieber.de\\\/wp-blog\\\/2021\\\/07\\\/denk-so-vor-mich-hin-2\\\/#breadcrumb\",\"itemListElement\":[{\"@type\":\"ListItem\",\"position\":1,\"name\":\"Home\",\"item\":\"https:\\\/\\\/www.haekelfieber.de\\\/wp-blog\\\/\"},{\"@type\":\"ListItem\",\"position\":2,\"name\":\"Denk so vor mich hin&#8230;\"}]},{\"@type\":\"WebSite\",\"@id\":\"https:\\\/\\\/www.haekelfieber.de\\\/wp-blog\\\/#website\",\"url\":\"https:\\\/\\\/www.haekelfieber.de\\\/wp-blog\\\/\",\"name\":\"H\u00e4kelfieber\",\"description\":\"Ich bin im...\",\"publisher\":{\"@id\":\"https:\\\/\\\/www.haekelfieber.de\\\/wp-blog\\\/#organization\"},\"potentialAction\":[{\"@type\":\"SearchAction\",\"target\":{\"@type\":\"EntryPoint\",\"urlTemplate\":\"https:\\\/\\\/www.haekelfieber.de\\\/wp-blog\\\/?s={search_term_string}\"},\"query-input\":{\"@type\":\"PropertyValueSpecification\",\"valueRequired\":true,\"valueName\":\"search_term_string\"}}],\"inLanguage\":\"de\"},{\"@type\":\"Organization\",\"@id\":\"https:\\\/\\\/www.haekelfieber.de\\\/wp-blog\\\/#organization\",\"name\":\"H\u00e4kelfieber\",\"url\":\"https:\\\/\\\/www.haekelfieber.de\\\/wp-blog\\\/\",\"logo\":{\"@type\":\"ImageObject\",\"inLanguage\":\"de\",\"@id\":\"https:\\\/\\\/www.haekelfieber.de\\\/wp-blog\\\/#\\\/schema\\\/logo\\\/image\\\/\",\"url\":\"https:\\\/\\\/www.haekelfieber.de\\\/wp-blog\\\/wp-content\\\/uploads\\\/2023\\\/03\\\/kissen-haekeln2.jpg\",\"contentUrl\":\"https:\\\/\\\/www.haekelfieber.de\\\/wp-blog\\\/wp-content\\\/uploads\\\/2023\\\/03\\\/kissen-haekeln2.jpg\",\"width\":683,\"height\":1024,\"caption\":\"H\u00e4kelfieber\"},\"image\":{\"@id\":\"https:\\\/\\\/www.haekelfieber.de\\\/wp-blog\\\/#\\\/schema\\\/logo\\\/image\\\/\"}},{\"@type\":\"Person\",\"@id\":\"https:\\\/\\\/www.haekelfieber.de\\\/wp-blog\\\/#\\\/schema\\\/person\\\/08b81f8e0d3480519aadc66881dee8d7\",\"name\":\"Jutta\",\"image\":{\"@type\":\"ImageObject\",\"inLanguage\":\"de\",\"@id\":\"https:\\\/\\\/secure.gravatar.com\\\/avatar\\\/4fb96a09981d3eab52fd94765c38a5395ca69a563a8cd98c172ef85375636d9d?s=96&d=mm&r=g\",\"url\":\"https:\\\/\\\/secure.gravatar.com\\\/avatar\\\/4fb96a09981d3eab52fd94765c38a5395ca69a563a8cd98c172ef85375636d9d?s=96&d=mm&r=g\",\"contentUrl\":\"https:\\\/\\\/secure.gravatar.com\\\/avatar\\\/4fb96a09981d3eab52fd94765c38a5395ca69a563a8cd98c172ef85375636d9d?s=96&d=mm&r=g\",\"caption\":\"Jutta\"},\"url\":\"https:\\\/\\\/www.haekelfieber.de\\\/wp-blog\\\/author\\\/admin\\\/\"}]}<\/script>\n<!-- \/ Yoast SEO plugin. -->","yoast_head_json":{"title":"Denk so vor mich hin... - H\u00e4kelfieber","robots":{"index":"index","follow":"follow","max-snippet":"max-snippet:-1","max-image-preview":"max-image-preview:large","max-video-preview":"max-video-preview:-1"},"canonical":"https:\/\/www.haekelfieber.de\/wp-blog\/2021\/07\/denk-so-vor-mich-hin-2\/","og_locale":"de_DE","og_type":"article","og_title":"Denk so vor mich hin... - H\u00e4kelfieber","og_description":"&#8230;bei einem Becher Kaffee. &#8222;Wein lass sein&#8220; &#8211; schade, aber bei einem Gl\u00e4schen brummt mir das Oberst\u00fcbchen am n\u00e4chsten Tag. Wahrscheinlich bin ich als original Bayer nur mit Bier kompatibel \ud83d\ude09Kaffee und eine W\u00e4rmflasche sorgen f\u00fcr Besserung. Und so sitze ich in der K\u00fcche mit kreisenden Gedanken \u00fcber den Garten, mein n\u00e4chstes Projekt und was &hellip; Denk so vor mich hin&#8230; weiterlesen &rarr;","og_url":"https:\/\/www.haekelfieber.de\/wp-blog\/2021\/07\/denk-so-vor-mich-hin-2\/","og_site_name":"H\u00e4kelfieber","article_published_time":"2021-07-23T09:39:28+00:00","article_modified_time":"2021-07-26T05:44:09+00:00","og_image":[{"url":"https:\/\/www.haekelfieber.de\/wp-blog\/wp-content\/uploads\/2021\/07\/du\u0308del1.jpg","type":"","width":"","height":""}],"author":"Jutta","twitter_misc":{"Verfasst von":"Jutta","Gesch\u00e4tzte Lesezeit":"2\u00a0Minuten"},"schema":{"@context":"https:\/\/schema.org","@graph":[{"@type":"Article","@id":"https:\/\/www.haekelfieber.de\/wp-blog\/2021\/07\/denk-so-vor-mich-hin-2\/#article","isPartOf":{"@id":"https:\/\/www.haekelfieber.de\/wp-blog\/2021\/07\/denk-so-vor-mich-hin-2\/"},"author":{"name":"Jutta","@id":"https:\/\/www.haekelfieber.de\/wp-blog\/#\/schema\/person\/08b81f8e0d3480519aadc66881dee8d7"},"headline":"Denk so vor mich hin&#8230;","datePublished":"2021-07-23T09:39:28+00:00","dateModified":"2021-07-26T05:44:09+00:00","mainEntityOfPage":{"@id":"https:\/\/www.haekelfieber.de\/wp-blog\/2021\/07\/denk-so-vor-mich-hin-2\/"},"wordCount":209,"commentCount":2,"publisher":{"@id":"https:\/\/www.haekelfieber.de\/wp-blog\/#organization"},"articleSection":["Manch anderes"],"inLanguage":"de","potentialAction":[{"@type":"CommentAction","name":"Comment","target":["https:\/\/www.haekelfieber.de\/wp-blog\/2021\/07\/denk-so-vor-mich-hin-2\/#respond"]}]},{"@type":"WebPage","@id":"https:\/\/www.haekelfieber.de\/wp-blog\/2021\/07\/denk-so-vor-mich-hin-2\/","url":"https:\/\/www.haekelfieber.de\/wp-blog\/2021\/07\/denk-so-vor-mich-hin-2\/","name":"Denk so vor mich hin... - H\u00e4kelfieber","isPartOf":{"@id":"https:\/\/www.haekelfieber.de\/wp-blog\/#website"},"datePublished":"2021-07-23T09:39:28+00:00","dateModified":"2021-07-26T05:44:09+00:00","breadcrumb":{"@id":"https:\/\/www.haekelfieber.de\/wp-blog\/2021\/07\/denk-so-vor-mich-hin-2\/#breadcrumb"},"inLanguage":"de","potentialAction":[{"@type":"ReadAction","target":["https:\/\/www.haekelfieber.de\/wp-blog\/2021\/07\/denk-so-vor-mich-hin-2\/"]}]},{"@type":"BreadcrumbList","@id":"https:\/\/www.haekelfieber.de\/wp-blog\/2021\/07\/denk-so-vor-mich-hin-2\/#breadcrumb","itemListElement":[{"@type":"ListItem","position":1,"name":"Home","item":"https:\/\/www.haekelfieber.de\/wp-blog\/"},{"@type":"ListItem","position":2,"name":"Denk so vor mich hin&#8230;"}]},{"@type":"WebSite","@id":"https:\/\/www.haekelfieber.de\/wp-blog\/#website","url":"https:\/\/www.haekelfieber.de\/wp-blog\/","name":"H\u00e4kelfieber","description":"Ich bin im...","publisher":{"@id":"https:\/\/www.haekelfieber.de\/wp-blog\/#organization"},"potentialAction":[{"@type":"SearchAction","target":{"@type":"EntryPoint","urlTemplate":"https:\/\/www.haekelfieber.de\/wp-blog\/?s={search_term_string}"},"query-input":{"@type":"PropertyValueSpecification","valueRequired":true,"valueName":"search_term_string"}}],"inLanguage":"de"},{"@type":"Organization","@id":"https:\/\/www.haekelfieber.de\/wp-blog\/#organization","name":"H\u00e4kelfieber","url":"https:\/\/www.haekelfieber.de\/wp-blog\/","logo":{"@type":"ImageObject","inLanguage":"de","@id":"https:\/\/www.haekelfieber.de\/wp-blog\/#\/schema\/logo\/image\/","url":"https:\/\/www.haekelfieber.de\/wp-blog\/wp-content\/uploads\/2023\/03\/kissen-haekeln2.jpg","contentUrl":"https:\/\/www.haekelfieber.de\/wp-blog\/wp-content\/uploads\/2023\/03\/kissen-haekeln2.jpg","width":683,"height":1024,"caption":"H\u00e4kelfieber"},"image":{"@id":"https:\/\/www.haekelfieber.de\/wp-blog\/#\/schema\/logo\/image\/"}},{"@type":"Person","@id":"https:\/\/www.haekelfieber.de\/wp-blog\/#\/schema\/person\/08b81f8e0d3480519aadc66881dee8d7","name":"Jutta","image":{"@type":"ImageObject","inLanguage":"de","@id":"https:\/\/secure.gravatar.com\/avatar\/4fb96a09981d3eab52fd94765c38a5395ca69a563a8cd98c172ef85375636d9d?s=96&d=mm&r=g","url":"https:\/\/secure.gravatar.com\/avatar\/4fb96a09981d3eab52fd94765c38a5395ca69a563a8cd98c172ef85375636d9d?s=96&d=mm&r=g","contentUrl":"https:\/\/secure.gravatar.com\/avatar\/4fb96a09981d3eab52fd94765c38a5395ca69a563a8cd98c172ef85375636d9d?s=96&d=mm&r=g","caption":"Jutta"},"url":"https:\/\/www.haekelfieber.de\/wp-blog\/author\/admin\/"}]}},"_links":{"self":[{"href":"https:\/\/www.haekelfieber.de\/wp-blog\/wp-json\/wp\/v2\/posts\/11893","targetHints":{"allow":["GET"]}}],"collection":[{"href":"https:\/\/www.haekelfieber.de\/wp-blog\/wp-json\/wp\/v2\/posts"}],"about":[{"href":"https:\/\/www.haekelfieber.de\/wp-blog\/wp-json\/wp\/v2\/types\/post"}],"author":[{"embeddable":true,"href":"https:\/\/www.haekelfieber.de\/wp-blog\/wp-json\/wp\/v2\/users\/1"}],"replies":[{"embeddable":true,"href":"https:\/\/www.haekelfieber.de\/wp-blog\/wp-json\/wp\/v2\/comments?post=11893"}],"version-history":[{"count":5,"href":"https:\/\/www.haekelfieber.de\/wp-blog\/wp-json\/wp\/v2\/posts\/11893\/revisions"}],"predecessor-version":[{"id":11906,"href":"https:\/\/www.haekelfieber.de\/wp-blog\/wp-json\/wp\/v2\/posts\/11893\/revisions\/11906"}],"wp:attachment":[{"href":"https:\/\/www.haekelfieber.de\/wp-blog\/wp-json\/wp\/v2\/media?parent=11893"}],"wp:term":[{"taxonomy":"category","embeddable":true,"href":"https:\/\/www.haekelfieber.de\/wp-blog\/wp-json\/wp\/v2\/categories?post=11893"},{"taxonomy":"post_tag","embeddable":true,"href":"https:\/\/www.haekelfieber.de\/wp-blog\/wp-json\/wp\/v2\/tags?post=11893"}],"curies":[{"name":"wp","href":"https:\/\/api.w.org\/{rel}","templated":true}]}}