{"id":11925,"date":"2021-08-06T09:46:50","date_gmt":"2021-08-06T07:46:50","guid":{"rendered":"https:\/\/www.haekelfieber.de\/wp-blog\/?p=11925"},"modified":"2021-08-06T10:44:13","modified_gmt":"2021-08-06T08:44:13","slug":"da-steht-er","status":"publish","type":"post","link":"https:\/\/www.haekelfieber.de\/wp-blog\/2021\/08\/da-steht-er\/","title":{"rendered":"Da steht er&#8230;"},"content":{"rendered":"\n<p>&#8230;der rosa, \u00e4h wei\u00dfe Elefant im Raum. Der &#8222;rosa Elefant&#8220; ist das was jeder sieht und wei\u00df, aber niemand ausspricht.<br \/>Nach meiner Empfindung ist unser Land \u00fcberbev\u00f6lkert von &#8222;rosa Elefanten&#8220;. Fast kein Durchkommen mehr im \u00f6ffentlichen Raum. Alles blockieren sie. Keiner sieht sie, denn wie die Kinder halten sich viele die H\u00e4nde vor die Augen nach dem Motto: Was ich nicht sehe, ist nicht. <br \/>&#8222;Das beste Versteck f\u00fcr ein Geheimnis ist die \u00d6ffentlichkeit&#8220;, hab ich neulich gelesen und fand es ziemlich treffend.<br \/>Meine rosa Elefanten:\u00a0 Impfnebenwirkungen, Staatsverschuldung, Kinderleid, Suizide, machtbesessene Politiker, Profitgier der Pharmaindustrie&#8230;<br \/>Der gr\u00f6\u00dfte Dickh\u00e4uter repr\u00e4sentiert f\u00fcr mich die Uneinsicht in die Tatsache, dass wir Menschen nicht besser sind als unsere unz\u00e4hligen Vorfahren in den\u00a0 hunderten Jahren zuvor. Die fanden es unterhaltsam bei \u00f6ffentlichen Hinrichtungen, Verbrennungen, k\u00f6rperlichen Z\u00fcchtigungen&#8230; dabei zu sein. Heutzutage sind es die Schaulustigen bei Unf\u00e4llen, die konsumierten Trag\u00f6dien in den Printmedien. Letztere leben von unserer Sucht nach dem ultimativen Supergau, den Toten nach Katastrophen&#8230; Unsere Arroganz zu meinen, wir seien \u00fcber Barbereien erhaben, aufgekl\u00e4rt, sachlich intelligent. \u00c4h nein.<br \/><br \/><br \/><\/p>\n\n\n\n<figure class=\"wp-block-image size-full\"><img loading=\"lazy\" decoding=\"async\" width=\"762\" height=\"1024\" src=\"https:\/\/www.haekelfieber.de\/wp-blog\/wp-content\/uploads\/2021\/08\/rosa-elefant9.jpg\" alt=\"\" class=\"wp-image-11923\" srcset=\"https:\/\/www.haekelfieber.de\/wp-blog\/wp-content\/uploads\/2021\/08\/rosa-elefant9.jpg 762w, https:\/\/www.haekelfieber.de\/wp-blog\/wp-content\/uploads\/2021\/08\/rosa-elefant9-223x300.jpg 223w, https:\/\/www.haekelfieber.de\/wp-blog\/wp-content\/uploads\/2021\/08\/rosa-elefant9-446x600.jpg 446w\" sizes=\"auto, (max-width: 762px) 100vw, 762px\" \/><figcaption><br><br><\/figcaption><\/figure>\n\n\n\n<figure class=\"wp-block-image size-full\"><img loading=\"lazy\" decoding=\"async\" width=\"607\" height=\"1024\" src=\"https:\/\/www.haekelfieber.de\/wp-blog\/wp-content\/uploads\/2021\/08\/rosa-elefant11.jpg\" alt=\"\" class=\"wp-image-11924\" srcset=\"https:\/\/www.haekelfieber.de\/wp-blog\/wp-content\/uploads\/2021\/08\/rosa-elefant11.jpg 607w, https:\/\/www.haekelfieber.de\/wp-blog\/wp-content\/uploads\/2021\/08\/rosa-elefant11-178x300.jpg 178w, https:\/\/www.haekelfieber.de\/wp-blog\/wp-content\/uploads\/2021\/08\/rosa-elefant11-356x600.jpg 356w\" sizes=\"auto, (max-width: 607px) 100vw, 607px\" \/><\/figure>\n\n\n","protected":false},"excerpt":{"rendered":"<p>&#8230;der rosa, \u00e4h wei\u00dfe Elefant im Raum. Der &#8222;rosa Elefant&#8220; ist das was jeder sieht und wei\u00df, aber niemand ausspricht.Nach meiner Empfindung ist unser Land \u00fcberbev\u00f6lkert von &#8222;rosa Elefanten&#8220;. Fast kein Durchkommen mehr im \u00f6ffentlichen Raum. Alles blockieren sie. Keiner sieht sie, denn wie die Kinder halten sich viele die H\u00e4nde vor die Augen nach &hellip; <a href=\"https:\/\/www.haekelfieber.de\/wp-blog\/2021\/08\/da-steht-er\/\" class=\"more-link\"><span class=\"screen-reader-text\">Da steht er&#8230;<\/span> weiterlesen <span class=\"meta-nav\">&rarr;<\/span><\/a><\/p>\n","protected":false},"author":1,"featured_media":0,"comment_status":"open","ping_status":"open","sticky":false,"template":"","format":"standard","meta":{"footnotes":""},"categories":[1],"tags":[],"class_list":["post-11925","post","type-post","status-publish","format-standard","hentry","category-manch-anderes"],"yoast_head":"<!-- This site is optimized with the Yoast SEO plugin v27.4 - https:\/\/yoast.com\/product\/yoast-seo-wordpress\/ -->\n<title>Da steht er... - H\u00e4kelfieber<\/title>\n<meta name=\"robots\" content=\"index, follow, max-snippet:-1, max-image-preview:large, max-video-preview:-1\" \/>\n<link rel=\"canonical\" href=\"https:\/\/www.haekelfieber.de\/wp-blog\/2021\/08\/da-steht-er\/\" \/>\n<meta property=\"og:locale\" content=\"de_DE\" \/>\n<meta property=\"og:type\" content=\"article\" \/>\n<meta property=\"og:title\" content=\"Da steht er... - H\u00e4kelfieber\" \/>\n<meta property=\"og:description\" content=\"&#8230;der rosa, \u00e4h wei\u00dfe Elefant im Raum. Der &#8222;rosa Elefant&#8220; ist das was jeder sieht und wei\u00df, aber niemand ausspricht.Nach meiner Empfindung ist unser Land \u00fcberbev\u00f6lkert von &#8222;rosa Elefanten&#8220;. Fast kein Durchkommen mehr im \u00f6ffentlichen Raum. Alles blockieren sie. Keiner sieht sie, denn wie die Kinder halten sich viele die H\u00e4nde vor die Augen nach &hellip; Da steht er&#8230; weiterlesen &rarr;\" \/>\n<meta property=\"og:url\" content=\"https:\/\/www.haekelfieber.de\/wp-blog\/2021\/08\/da-steht-er\/\" \/>\n<meta property=\"og:site_name\" content=\"H\u00e4kelfieber\" \/>\n<meta property=\"article:published_time\" content=\"2021-08-06T07:46:50+00:00\" \/>\n<meta property=\"article:modified_time\" content=\"2021-08-06T08:44:13+00:00\" \/>\n<meta property=\"og:image\" content=\"https:\/\/www.haekelfieber.de\/wp-blog\/wp-content\/uploads\/2021\/08\/rosa-elefant9.jpg\" \/>\n<meta name=\"author\" content=\"Jutta\" \/>\n<meta name=\"twitter:label1\" content=\"Verfasst von\" \/>\n\t<meta name=\"twitter:data1\" content=\"Jutta\" \/>\n\t<meta name=\"twitter:label2\" content=\"Gesch\u00e4tzte Lesezeit\" \/>\n\t<meta name=\"twitter:data2\" content=\"2\u00a0Minuten\" \/>\n<script type=\"application\/ld+json\" class=\"yoast-schema-graph\">{\"@context\":\"https:\\\/\\\/schema.org\",\"@graph\":[{\"@type\":\"Article\",\"@id\":\"https:\\\/\\\/www.haekelfieber.de\\\/wp-blog\\\/2021\\\/08\\\/da-steht-er\\\/#article\",\"isPartOf\":{\"@id\":\"https:\\\/\\\/www.haekelfieber.de\\\/wp-blog\\\/2021\\\/08\\\/da-steht-er\\\/\"},\"author\":{\"name\":\"Jutta\",\"@id\":\"https:\\\/\\\/www.haekelfieber.de\\\/wp-blog\\\/#\\\/schema\\\/person\\\/08b81f8e0d3480519aadc66881dee8d7\"},\"headline\":\"Da steht er&#8230;\",\"datePublished\":\"2021-08-06T07:46:50+00:00\",\"dateModified\":\"2021-08-06T08:44:13+00:00\",\"mainEntityOfPage\":{\"@id\":\"https:\\\/\\\/www.haekelfieber.de\\\/wp-blog\\\/2021\\\/08\\\/da-steht-er\\\/\"},\"wordCount\":190,\"commentCount\":1,\"publisher\":{\"@id\":\"https:\\\/\\\/www.haekelfieber.de\\\/wp-blog\\\/#organization\"},\"image\":{\"@id\":\"https:\\\/\\\/www.haekelfieber.de\\\/wp-blog\\\/2021\\\/08\\\/da-steht-er\\\/#primaryimage\"},\"thumbnailUrl\":\"https:\\\/\\\/www.haekelfieber.de\\\/wp-blog\\\/wp-content\\\/uploads\\\/2021\\\/08\\\/rosa-elefant9.jpg\",\"articleSection\":[\"Manch anderes\"],\"inLanguage\":\"de\",\"potentialAction\":[{\"@type\":\"CommentAction\",\"name\":\"Comment\",\"target\":[\"https:\\\/\\\/www.haekelfieber.de\\\/wp-blog\\\/2021\\\/08\\\/da-steht-er\\\/#respond\"]}]},{\"@type\":\"WebPage\",\"@id\":\"https:\\\/\\\/www.haekelfieber.de\\\/wp-blog\\\/2021\\\/08\\\/da-steht-er\\\/\",\"url\":\"https:\\\/\\\/www.haekelfieber.de\\\/wp-blog\\\/2021\\\/08\\\/da-steht-er\\\/\",\"name\":\"Da steht er... - H\u00e4kelfieber\",\"isPartOf\":{\"@id\":\"https:\\\/\\\/www.haekelfieber.de\\\/wp-blog\\\/#website\"},\"primaryImageOfPage\":{\"@id\":\"https:\\\/\\\/www.haekelfieber.de\\\/wp-blog\\\/2021\\\/08\\\/da-steht-er\\\/#primaryimage\"},\"image\":{\"@id\":\"https:\\\/\\\/www.haekelfieber.de\\\/wp-blog\\\/2021\\\/08\\\/da-steht-er\\\/#primaryimage\"},\"thumbnailUrl\":\"https:\\\/\\\/www.haekelfieber.de\\\/wp-blog\\\/wp-content\\\/uploads\\\/2021\\\/08\\\/rosa-elefant9.jpg\",\"datePublished\":\"2021-08-06T07:46:50+00:00\",\"dateModified\":\"2021-08-06T08:44:13+00:00\",\"breadcrumb\":{\"@id\":\"https:\\\/\\\/www.haekelfieber.de\\\/wp-blog\\\/2021\\\/08\\\/da-steht-er\\\/#breadcrumb\"},\"inLanguage\":\"de\",\"potentialAction\":[{\"@type\":\"ReadAction\",\"target\":[\"https:\\\/\\\/www.haekelfieber.de\\\/wp-blog\\\/2021\\\/08\\\/da-steht-er\\\/\"]}]},{\"@type\":\"ImageObject\",\"inLanguage\":\"de\",\"@id\":\"https:\\\/\\\/www.haekelfieber.de\\\/wp-blog\\\/2021\\\/08\\\/da-steht-er\\\/#primaryimage\",\"url\":\"https:\\\/\\\/www.haekelfieber.de\\\/wp-blog\\\/wp-content\\\/uploads\\\/2021\\\/08\\\/rosa-elefant9.jpg\",\"contentUrl\":\"https:\\\/\\\/www.haekelfieber.de\\\/wp-blog\\\/wp-content\\\/uploads\\\/2021\\\/08\\\/rosa-elefant9.jpg\",\"width\":762,\"height\":1024},{\"@type\":\"BreadcrumbList\",\"@id\":\"https:\\\/\\\/www.haekelfieber.de\\\/wp-blog\\\/2021\\\/08\\\/da-steht-er\\\/#breadcrumb\",\"itemListElement\":[{\"@type\":\"ListItem\",\"position\":1,\"name\":\"Home\",\"item\":\"https:\\\/\\\/www.haekelfieber.de\\\/wp-blog\\\/\"},{\"@type\":\"ListItem\",\"position\":2,\"name\":\"Da steht er&#8230;\"}]},{\"@type\":\"WebSite\",\"@id\":\"https:\\\/\\\/www.haekelfieber.de\\\/wp-blog\\\/#website\",\"url\":\"https:\\\/\\\/www.haekelfieber.de\\\/wp-blog\\\/\",\"name\":\"H\u00e4kelfieber\",\"description\":\"Ich bin im...\",\"publisher\":{\"@id\":\"https:\\\/\\\/www.haekelfieber.de\\\/wp-blog\\\/#organization\"},\"potentialAction\":[{\"@type\":\"SearchAction\",\"target\":{\"@type\":\"EntryPoint\",\"urlTemplate\":\"https:\\\/\\\/www.haekelfieber.de\\\/wp-blog\\\/?s={search_term_string}\"},\"query-input\":{\"@type\":\"PropertyValueSpecification\",\"valueRequired\":true,\"valueName\":\"search_term_string\"}}],\"inLanguage\":\"de\"},{\"@type\":\"Organization\",\"@id\":\"https:\\\/\\\/www.haekelfieber.de\\\/wp-blog\\\/#organization\",\"name\":\"H\u00e4kelfieber\",\"url\":\"https:\\\/\\\/www.haekelfieber.de\\\/wp-blog\\\/\",\"logo\":{\"@type\":\"ImageObject\",\"inLanguage\":\"de\",\"@id\":\"https:\\\/\\\/www.haekelfieber.de\\\/wp-blog\\\/#\\\/schema\\\/logo\\\/image\\\/\",\"url\":\"https:\\\/\\\/www.haekelfieber.de\\\/wp-blog\\\/wp-content\\\/uploads\\\/2023\\\/03\\\/kissen-haekeln2.jpg\",\"contentUrl\":\"https:\\\/\\\/www.haekelfieber.de\\\/wp-blog\\\/wp-content\\\/uploads\\\/2023\\\/03\\\/kissen-haekeln2.jpg\",\"width\":683,\"height\":1024,\"caption\":\"H\u00e4kelfieber\"},\"image\":{\"@id\":\"https:\\\/\\\/www.haekelfieber.de\\\/wp-blog\\\/#\\\/schema\\\/logo\\\/image\\\/\"}},{\"@type\":\"Person\",\"@id\":\"https:\\\/\\\/www.haekelfieber.de\\\/wp-blog\\\/#\\\/schema\\\/person\\\/08b81f8e0d3480519aadc66881dee8d7\",\"name\":\"Jutta\",\"image\":{\"@type\":\"ImageObject\",\"inLanguage\":\"de\",\"@id\":\"https:\\\/\\\/secure.gravatar.com\\\/avatar\\\/4fb96a09981d3eab52fd94765c38a5395ca69a563a8cd98c172ef85375636d9d?s=96&d=mm&r=g\",\"url\":\"https:\\\/\\\/secure.gravatar.com\\\/avatar\\\/4fb96a09981d3eab52fd94765c38a5395ca69a563a8cd98c172ef85375636d9d?s=96&d=mm&r=g\",\"contentUrl\":\"https:\\\/\\\/secure.gravatar.com\\\/avatar\\\/4fb96a09981d3eab52fd94765c38a5395ca69a563a8cd98c172ef85375636d9d?s=96&d=mm&r=g\",\"caption\":\"Jutta\"},\"url\":\"https:\\\/\\\/www.haekelfieber.de\\\/wp-blog\\\/author\\\/admin\\\/\"}]}<\/script>\n<!-- \/ Yoast SEO plugin. -->","yoast_head_json":{"title":"Da steht er... - H\u00e4kelfieber","robots":{"index":"index","follow":"follow","max-snippet":"max-snippet:-1","max-image-preview":"max-image-preview:large","max-video-preview":"max-video-preview:-1"},"canonical":"https:\/\/www.haekelfieber.de\/wp-blog\/2021\/08\/da-steht-er\/","og_locale":"de_DE","og_type":"article","og_title":"Da steht er... - H\u00e4kelfieber","og_description":"&#8230;der rosa, \u00e4h wei\u00dfe Elefant im Raum. Der &#8222;rosa Elefant&#8220; ist das was jeder sieht und wei\u00df, aber niemand ausspricht.Nach meiner Empfindung ist unser Land \u00fcberbev\u00f6lkert von &#8222;rosa Elefanten&#8220;. Fast kein Durchkommen mehr im \u00f6ffentlichen Raum. Alles blockieren sie. Keiner sieht sie, denn wie die Kinder halten sich viele die H\u00e4nde vor die Augen nach &hellip; Da steht er&#8230; weiterlesen &rarr;","og_url":"https:\/\/www.haekelfieber.de\/wp-blog\/2021\/08\/da-steht-er\/","og_site_name":"H\u00e4kelfieber","article_published_time":"2021-08-06T07:46:50+00:00","article_modified_time":"2021-08-06T08:44:13+00:00","og_image":[{"url":"https:\/\/www.haekelfieber.de\/wp-blog\/wp-content\/uploads\/2021\/08\/rosa-elefant9.jpg","type":"","width":"","height":""}],"author":"Jutta","twitter_misc":{"Verfasst von":"Jutta","Gesch\u00e4tzte Lesezeit":"2\u00a0Minuten"},"schema":{"@context":"https:\/\/schema.org","@graph":[{"@type":"Article","@id":"https:\/\/www.haekelfieber.de\/wp-blog\/2021\/08\/da-steht-er\/#article","isPartOf":{"@id":"https:\/\/www.haekelfieber.de\/wp-blog\/2021\/08\/da-steht-er\/"},"author":{"name":"Jutta","@id":"https:\/\/www.haekelfieber.de\/wp-blog\/#\/schema\/person\/08b81f8e0d3480519aadc66881dee8d7"},"headline":"Da steht er&#8230;","datePublished":"2021-08-06T07:46:50+00:00","dateModified":"2021-08-06T08:44:13+00:00","mainEntityOfPage":{"@id":"https:\/\/www.haekelfieber.de\/wp-blog\/2021\/08\/da-steht-er\/"},"wordCount":190,"commentCount":1,"publisher":{"@id":"https:\/\/www.haekelfieber.de\/wp-blog\/#organization"},"image":{"@id":"https:\/\/www.haekelfieber.de\/wp-blog\/2021\/08\/da-steht-er\/#primaryimage"},"thumbnailUrl":"https:\/\/www.haekelfieber.de\/wp-blog\/wp-content\/uploads\/2021\/08\/rosa-elefant9.jpg","articleSection":["Manch anderes"],"inLanguage":"de","potentialAction":[{"@type":"CommentAction","name":"Comment","target":["https:\/\/www.haekelfieber.de\/wp-blog\/2021\/08\/da-steht-er\/#respond"]}]},{"@type":"WebPage","@id":"https:\/\/www.haekelfieber.de\/wp-blog\/2021\/08\/da-steht-er\/","url":"https:\/\/www.haekelfieber.de\/wp-blog\/2021\/08\/da-steht-er\/","name":"Da steht er... - H\u00e4kelfieber","isPartOf":{"@id":"https:\/\/www.haekelfieber.de\/wp-blog\/#website"},"primaryImageOfPage":{"@id":"https:\/\/www.haekelfieber.de\/wp-blog\/2021\/08\/da-steht-er\/#primaryimage"},"image":{"@id":"https:\/\/www.haekelfieber.de\/wp-blog\/2021\/08\/da-steht-er\/#primaryimage"},"thumbnailUrl":"https:\/\/www.haekelfieber.de\/wp-blog\/wp-content\/uploads\/2021\/08\/rosa-elefant9.jpg","datePublished":"2021-08-06T07:46:50+00:00","dateModified":"2021-08-06T08:44:13+00:00","breadcrumb":{"@id":"https:\/\/www.haekelfieber.de\/wp-blog\/2021\/08\/da-steht-er\/#breadcrumb"},"inLanguage":"de","potentialAction":[{"@type":"ReadAction","target":["https:\/\/www.haekelfieber.de\/wp-blog\/2021\/08\/da-steht-er\/"]}]},{"@type":"ImageObject","inLanguage":"de","@id":"https:\/\/www.haekelfieber.de\/wp-blog\/2021\/08\/da-steht-er\/#primaryimage","url":"https:\/\/www.haekelfieber.de\/wp-blog\/wp-content\/uploads\/2021\/08\/rosa-elefant9.jpg","contentUrl":"https:\/\/www.haekelfieber.de\/wp-blog\/wp-content\/uploads\/2021\/08\/rosa-elefant9.jpg","width":762,"height":1024},{"@type":"BreadcrumbList","@id":"https:\/\/www.haekelfieber.de\/wp-blog\/2021\/08\/da-steht-er\/#breadcrumb","itemListElement":[{"@type":"ListItem","position":1,"name":"Home","item":"https:\/\/www.haekelfieber.de\/wp-blog\/"},{"@type":"ListItem","position":2,"name":"Da steht er&#8230;"}]},{"@type":"WebSite","@id":"https:\/\/www.haekelfieber.de\/wp-blog\/#website","url":"https:\/\/www.haekelfieber.de\/wp-blog\/","name":"H\u00e4kelfieber","description":"Ich bin im...","publisher":{"@id":"https:\/\/www.haekelfieber.de\/wp-blog\/#organization"},"potentialAction":[{"@type":"SearchAction","target":{"@type":"EntryPoint","urlTemplate":"https:\/\/www.haekelfieber.de\/wp-blog\/?s={search_term_string}"},"query-input":{"@type":"PropertyValueSpecification","valueRequired":true,"valueName":"search_term_string"}}],"inLanguage":"de"},{"@type":"Organization","@id":"https:\/\/www.haekelfieber.de\/wp-blog\/#organization","name":"H\u00e4kelfieber","url":"https:\/\/www.haekelfieber.de\/wp-blog\/","logo":{"@type":"ImageObject","inLanguage":"de","@id":"https:\/\/www.haekelfieber.de\/wp-blog\/#\/schema\/logo\/image\/","url":"https:\/\/www.haekelfieber.de\/wp-blog\/wp-content\/uploads\/2023\/03\/kissen-haekeln2.jpg","contentUrl":"https:\/\/www.haekelfieber.de\/wp-blog\/wp-content\/uploads\/2023\/03\/kissen-haekeln2.jpg","width":683,"height":1024,"caption":"H\u00e4kelfieber"},"image":{"@id":"https:\/\/www.haekelfieber.de\/wp-blog\/#\/schema\/logo\/image\/"}},{"@type":"Person","@id":"https:\/\/www.haekelfieber.de\/wp-blog\/#\/schema\/person\/08b81f8e0d3480519aadc66881dee8d7","name":"Jutta","image":{"@type":"ImageObject","inLanguage":"de","@id":"https:\/\/secure.gravatar.com\/avatar\/4fb96a09981d3eab52fd94765c38a5395ca69a563a8cd98c172ef85375636d9d?s=96&d=mm&r=g","url":"https:\/\/secure.gravatar.com\/avatar\/4fb96a09981d3eab52fd94765c38a5395ca69a563a8cd98c172ef85375636d9d?s=96&d=mm&r=g","contentUrl":"https:\/\/secure.gravatar.com\/avatar\/4fb96a09981d3eab52fd94765c38a5395ca69a563a8cd98c172ef85375636d9d?s=96&d=mm&r=g","caption":"Jutta"},"url":"https:\/\/www.haekelfieber.de\/wp-blog\/author\/admin\/"}]}},"_links":{"self":[{"href":"https:\/\/www.haekelfieber.de\/wp-blog\/wp-json\/wp\/v2\/posts\/11925","targetHints":{"allow":["GET"]}}],"collection":[{"href":"https:\/\/www.haekelfieber.de\/wp-blog\/wp-json\/wp\/v2\/posts"}],"about":[{"href":"https:\/\/www.haekelfieber.de\/wp-blog\/wp-json\/wp\/v2\/types\/post"}],"author":[{"embeddable":true,"href":"https:\/\/www.haekelfieber.de\/wp-blog\/wp-json\/wp\/v2\/users\/1"}],"replies":[{"embeddable":true,"href":"https:\/\/www.haekelfieber.de\/wp-blog\/wp-json\/wp\/v2\/comments?post=11925"}],"version-history":[{"count":6,"href":"https:\/\/www.haekelfieber.de\/wp-blog\/wp-json\/wp\/v2\/posts\/11925\/revisions"}],"predecessor-version":[{"id":11934,"href":"https:\/\/www.haekelfieber.de\/wp-blog\/wp-json\/wp\/v2\/posts\/11925\/revisions\/11934"}],"wp:attachment":[{"href":"https:\/\/www.haekelfieber.de\/wp-blog\/wp-json\/wp\/v2\/media?parent=11925"}],"wp:term":[{"taxonomy":"category","embeddable":true,"href":"https:\/\/www.haekelfieber.de\/wp-blog\/wp-json\/wp\/v2\/categories?post=11925"},{"taxonomy":"post_tag","embeddable":true,"href":"https:\/\/www.haekelfieber.de\/wp-blog\/wp-json\/wp\/v2\/tags?post=11925"}],"curies":[{"name":"wp","href":"https:\/\/api.w.org\/{rel}","templated":true}]}}