{"id":12675,"date":"2022-04-21T10:22:25","date_gmt":"2022-04-21T08:22:25","guid":{"rendered":"https:\/\/www.haekelfieber.de\/wp-blog\/?p=12675"},"modified":"2022-04-21T10:22:31","modified_gmt":"2022-04-21T08:22:31","slug":"mein-zweitgarten","status":"publish","type":"post","link":"https:\/\/www.haekelfieber.de\/wp-blog\/2022\/04\/mein-zweitgarten\/","title":{"rendered":"Mein Zweitgarten"},"content":{"rendered":"\n<p>Seit letztem Herbst bin ich am urbar machen eines zweiten Gem\u00fcsegartens. Das St\u00fcck Land lag jahrelang brach und ich kann es nun nutzen. Die Pacht ist ein Teil der Ernte &#8211; bassd. <br \/>Mittels ausbringen dicker Mulchschichten, vorzugsweise Rasenschnitt, dem Abdecken mit Planen und der No-Dig-Methode versuche ich dem Grasbewuchs beizukommen. Was ich auf dem Hof als Material finde wird eingebaut. Bruchsteine, Holz, alte Pflasterplatten nutze ich als Einfassung, mit Stroh und Grasschnitt wird gemulcht. <br \/>Ohne festen Anbauplan, einfach wie es mir in den Sinn kommt, wird gewerkelt und in b\u00e4lde gepflanzt. Einfach machen, ohne feste Standortvorgaben der Gem\u00fcsepflanzen, ausprobieren und gucken was rauskommt. Das Ziel ist nicht ein hoher optimaler Ertrag, sondern die Freude am Tun. <br \/>Tipps ohne Ende bekommt man aus dem Netz zuhauf. Hilfe, was man alles falsch machen kann beim Anbau, was ber\u00fccksichtigt werden sollte&#8230;\u00a0 Ich schie\u00df das alles einfach in den Wind, vertraue meinem Gef\u00fchl. Wenn es gut gelingt freu ich mich \ud83d\ude42<br \/><br \/><\/p>\n\n\n\n<figure class=\"wp-block-image size-full\"><img loading=\"lazy\" decoding=\"async\" width=\"726\" height=\"1024\" src=\"https:\/\/www.haekelfieber.de\/wp-blog\/wp-content\/uploads\/2022\/04\/Bauerngarten4.jpg\" alt=\"\" class=\"wp-image-12672\" srcset=\"https:\/\/www.haekelfieber.de\/wp-blog\/wp-content\/uploads\/2022\/04\/Bauerngarten4.jpg 726w, https:\/\/www.haekelfieber.de\/wp-blog\/wp-content\/uploads\/2022\/04\/Bauerngarten4-213x300.jpg 213w, https:\/\/www.haekelfieber.de\/wp-blog\/wp-content\/uploads\/2022\/04\/Bauerngarten4-425x600.jpg 425w\" sizes=\"auto, (max-width: 726px) 100vw, 726px\" \/><figcaption><br><br><\/figcaption><\/figure>\n\n\n\n<figure class=\"wp-block-image size-full\"><img loading=\"lazy\" decoding=\"async\" width=\"683\" height=\"1024\" src=\"https:\/\/www.haekelfieber.de\/wp-blog\/wp-content\/uploads\/2022\/04\/Bauerngarten6.jpg\" alt=\"\" class=\"wp-image-12673\" srcset=\"https:\/\/www.haekelfieber.de\/wp-blog\/wp-content\/uploads\/2022\/04\/Bauerngarten6.jpg 683w, https:\/\/www.haekelfieber.de\/wp-blog\/wp-content\/uploads\/2022\/04\/Bauerngarten6-200x300.jpg 200w, https:\/\/www.haekelfieber.de\/wp-blog\/wp-content\/uploads\/2022\/04\/Bauerngarten6-400x600.jpg 400w\" sizes=\"auto, (max-width: 683px) 100vw, 683px\" \/><figcaption><br><br><\/figcaption><\/figure>\n\n\n\n<figure class=\"wp-block-image size-full\"><img loading=\"lazy\" decoding=\"async\" width=\"683\" height=\"1024\" src=\"https:\/\/www.haekelfieber.de\/wp-blog\/wp-content\/uploads\/2022\/04\/Bauerngarten9.jpg\" alt=\"\" class=\"wp-image-12674\" srcset=\"https:\/\/www.haekelfieber.de\/wp-blog\/wp-content\/uploads\/2022\/04\/Bauerngarten9.jpg 683w, https:\/\/www.haekelfieber.de\/wp-blog\/wp-content\/uploads\/2022\/04\/Bauerngarten9-200x300.jpg 200w, https:\/\/www.haekelfieber.de\/wp-blog\/wp-content\/uploads\/2022\/04\/Bauerngarten9-400x600.jpg 400w\" sizes=\"auto, (max-width: 683px) 100vw, 683px\" \/><figcaption><br><br><\/figcaption><\/figure>\n\n\n\n<p>Der alte gemauerte Brunnen im Garten ist gold wert. Von der Rasenkante aus geht es vier Meter in die Tiefe. Mittels Eimer und Strick hole ich mir das Wasser daraus. Demn\u00e4chst wird mein Mann mit Bruchsteinen den Brunnen nach oben verl\u00e4ngern und eine gut handhabbare Abdeckung bauen. Er freut sich schon drauf und ich mich auch \ud83d\ude42<\/p>\n","protected":false},"excerpt":{"rendered":"<p>Seit letztem Herbst bin ich am urbar machen eines zweiten Gem\u00fcsegartens. Das St\u00fcck Land lag jahrelang brach und ich kann es nun nutzen. Die Pacht ist ein Teil der Ernte &#8211; bassd. Mittels ausbringen dicker Mulchschichten, vorzugsweise Rasenschnitt, dem Abdecken mit Planen und der No-Dig-Methode versuche ich dem Grasbewuchs beizukommen. Was ich auf dem Hof &hellip; <a href=\"https:\/\/www.haekelfieber.de\/wp-blog\/2022\/04\/mein-zweitgarten\/\" class=\"more-link\"><span class=\"screen-reader-text\">Mein Zweitgarten<\/span> weiterlesen <span class=\"meta-nav\">&rarr;<\/span><\/a><\/p>\n","protected":false},"author":1,"featured_media":0,"comment_status":"open","ping_status":"open","sticky":false,"template":"","format":"standard","meta":{"footnotes":""},"categories":[7],"tags":[],"class_list":["post-12675","post","type-post","status-publish","format-standard","hentry","category-garten"],"yoast_head":"<!-- This site is optimized with the Yoast SEO plugin v27.4 - https:\/\/yoast.com\/product\/yoast-seo-wordpress\/ -->\n<title>Mein Zweitgarten - H\u00e4kelfieber<\/title>\n<meta name=\"robots\" content=\"index, follow, max-snippet:-1, max-image-preview:large, max-video-preview:-1\" \/>\n<link rel=\"canonical\" href=\"https:\/\/www.haekelfieber.de\/wp-blog\/2022\/04\/mein-zweitgarten\/\" \/>\n<meta property=\"og:locale\" content=\"de_DE\" \/>\n<meta property=\"og:type\" content=\"article\" \/>\n<meta property=\"og:title\" content=\"Mein Zweitgarten - H\u00e4kelfieber\" \/>\n<meta property=\"og:description\" content=\"Seit letztem Herbst bin ich am urbar machen eines zweiten Gem\u00fcsegartens. Das St\u00fcck Land lag jahrelang brach und ich kann es nun nutzen. Die Pacht ist ein Teil der Ernte &#8211; bassd. Mittels ausbringen dicker Mulchschichten, vorzugsweise Rasenschnitt, dem Abdecken mit Planen und der No-Dig-Methode versuche ich dem Grasbewuchs beizukommen. Was ich auf dem Hof &hellip; Mein Zweitgarten weiterlesen &rarr;\" \/>\n<meta property=\"og:url\" content=\"https:\/\/www.haekelfieber.de\/wp-blog\/2022\/04\/mein-zweitgarten\/\" \/>\n<meta property=\"og:site_name\" content=\"H\u00e4kelfieber\" \/>\n<meta property=\"article:published_time\" content=\"2022-04-21T08:22:25+00:00\" \/>\n<meta property=\"article:modified_time\" content=\"2022-04-21T08:22:31+00:00\" \/>\n<meta property=\"og:image\" content=\"https:\/\/www.haekelfieber.de\/wp-blog\/wp-content\/uploads\/2022\/04\/Bauerngarten4.jpg\" \/>\n<meta name=\"author\" content=\"Jutta\" \/>\n<meta name=\"twitter:label1\" content=\"Verfasst von\" \/>\n\t<meta name=\"twitter:data1\" content=\"Jutta\" \/>\n\t<meta name=\"twitter:label2\" content=\"Gesch\u00e4tzte Lesezeit\" \/>\n\t<meta name=\"twitter:data2\" content=\"2\u00a0Minuten\" \/>\n<script type=\"application\/ld+json\" class=\"yoast-schema-graph\">{\"@context\":\"https:\\\/\\\/schema.org\",\"@graph\":[{\"@type\":\"Article\",\"@id\":\"https:\\\/\\\/www.haekelfieber.de\\\/wp-blog\\\/2022\\\/04\\\/mein-zweitgarten\\\/#article\",\"isPartOf\":{\"@id\":\"https:\\\/\\\/www.haekelfieber.de\\\/wp-blog\\\/2022\\\/04\\\/mein-zweitgarten\\\/\"},\"author\":{\"name\":\"Jutta\",\"@id\":\"https:\\\/\\\/www.haekelfieber.de\\\/wp-blog\\\/#\\\/schema\\\/person\\\/08b81f8e0d3480519aadc66881dee8d7\"},\"headline\":\"Mein Zweitgarten\",\"datePublished\":\"2022-04-21T08:22:25+00:00\",\"dateModified\":\"2022-04-21T08:22:31+00:00\",\"mainEntityOfPage\":{\"@id\":\"https:\\\/\\\/www.haekelfieber.de\\\/wp-blog\\\/2022\\\/04\\\/mein-zweitgarten\\\/\"},\"wordCount\":222,\"commentCount\":1,\"publisher\":{\"@id\":\"https:\\\/\\\/www.haekelfieber.de\\\/wp-blog\\\/#organization\"},\"image\":{\"@id\":\"https:\\\/\\\/www.haekelfieber.de\\\/wp-blog\\\/2022\\\/04\\\/mein-zweitgarten\\\/#primaryimage\"},\"thumbnailUrl\":\"https:\\\/\\\/www.haekelfieber.de\\\/wp-blog\\\/wp-content\\\/uploads\\\/2022\\\/04\\\/Bauerngarten4.jpg\",\"articleSection\":[\"Garten\"],\"inLanguage\":\"de\",\"potentialAction\":[{\"@type\":\"CommentAction\",\"name\":\"Comment\",\"target\":[\"https:\\\/\\\/www.haekelfieber.de\\\/wp-blog\\\/2022\\\/04\\\/mein-zweitgarten\\\/#respond\"]}]},{\"@type\":\"WebPage\",\"@id\":\"https:\\\/\\\/www.haekelfieber.de\\\/wp-blog\\\/2022\\\/04\\\/mein-zweitgarten\\\/\",\"url\":\"https:\\\/\\\/www.haekelfieber.de\\\/wp-blog\\\/2022\\\/04\\\/mein-zweitgarten\\\/\",\"name\":\"Mein Zweitgarten - H\u00e4kelfieber\",\"isPartOf\":{\"@id\":\"https:\\\/\\\/www.haekelfieber.de\\\/wp-blog\\\/#website\"},\"primaryImageOfPage\":{\"@id\":\"https:\\\/\\\/www.haekelfieber.de\\\/wp-blog\\\/2022\\\/04\\\/mein-zweitgarten\\\/#primaryimage\"},\"image\":{\"@id\":\"https:\\\/\\\/www.haekelfieber.de\\\/wp-blog\\\/2022\\\/04\\\/mein-zweitgarten\\\/#primaryimage\"},\"thumbnailUrl\":\"https:\\\/\\\/www.haekelfieber.de\\\/wp-blog\\\/wp-content\\\/uploads\\\/2022\\\/04\\\/Bauerngarten4.jpg\",\"datePublished\":\"2022-04-21T08:22:25+00:00\",\"dateModified\":\"2022-04-21T08:22:31+00:00\",\"breadcrumb\":{\"@id\":\"https:\\\/\\\/www.haekelfieber.de\\\/wp-blog\\\/2022\\\/04\\\/mein-zweitgarten\\\/#breadcrumb\"},\"inLanguage\":\"de\",\"potentialAction\":[{\"@type\":\"ReadAction\",\"target\":[\"https:\\\/\\\/www.haekelfieber.de\\\/wp-blog\\\/2022\\\/04\\\/mein-zweitgarten\\\/\"]}]},{\"@type\":\"ImageObject\",\"inLanguage\":\"de\",\"@id\":\"https:\\\/\\\/www.haekelfieber.de\\\/wp-blog\\\/2022\\\/04\\\/mein-zweitgarten\\\/#primaryimage\",\"url\":\"https:\\\/\\\/www.haekelfieber.de\\\/wp-blog\\\/wp-content\\\/uploads\\\/2022\\\/04\\\/Bauerngarten4.jpg\",\"contentUrl\":\"https:\\\/\\\/www.haekelfieber.de\\\/wp-blog\\\/wp-content\\\/uploads\\\/2022\\\/04\\\/Bauerngarten4.jpg\",\"width\":726,\"height\":1024},{\"@type\":\"BreadcrumbList\",\"@id\":\"https:\\\/\\\/www.haekelfieber.de\\\/wp-blog\\\/2022\\\/04\\\/mein-zweitgarten\\\/#breadcrumb\",\"itemListElement\":[{\"@type\":\"ListItem\",\"position\":1,\"name\":\"Home\",\"item\":\"https:\\\/\\\/www.haekelfieber.de\\\/wp-blog\\\/\"},{\"@type\":\"ListItem\",\"position\":2,\"name\":\"Mein Zweitgarten\"}]},{\"@type\":\"WebSite\",\"@id\":\"https:\\\/\\\/www.haekelfieber.de\\\/wp-blog\\\/#website\",\"url\":\"https:\\\/\\\/www.haekelfieber.de\\\/wp-blog\\\/\",\"name\":\"H\u00e4kelfieber\",\"description\":\"Ich bin im...\",\"publisher\":{\"@id\":\"https:\\\/\\\/www.haekelfieber.de\\\/wp-blog\\\/#organization\"},\"potentialAction\":[{\"@type\":\"SearchAction\",\"target\":{\"@type\":\"EntryPoint\",\"urlTemplate\":\"https:\\\/\\\/www.haekelfieber.de\\\/wp-blog\\\/?s={search_term_string}\"},\"query-input\":{\"@type\":\"PropertyValueSpecification\",\"valueRequired\":true,\"valueName\":\"search_term_string\"}}],\"inLanguage\":\"de\"},{\"@type\":\"Organization\",\"@id\":\"https:\\\/\\\/www.haekelfieber.de\\\/wp-blog\\\/#organization\",\"name\":\"H\u00e4kelfieber\",\"url\":\"https:\\\/\\\/www.haekelfieber.de\\\/wp-blog\\\/\",\"logo\":{\"@type\":\"ImageObject\",\"inLanguage\":\"de\",\"@id\":\"https:\\\/\\\/www.haekelfieber.de\\\/wp-blog\\\/#\\\/schema\\\/logo\\\/image\\\/\",\"url\":\"https:\\\/\\\/www.haekelfieber.de\\\/wp-blog\\\/wp-content\\\/uploads\\\/2023\\\/03\\\/kissen-haekeln2.jpg\",\"contentUrl\":\"https:\\\/\\\/www.haekelfieber.de\\\/wp-blog\\\/wp-content\\\/uploads\\\/2023\\\/03\\\/kissen-haekeln2.jpg\",\"width\":683,\"height\":1024,\"caption\":\"H\u00e4kelfieber\"},\"image\":{\"@id\":\"https:\\\/\\\/www.haekelfieber.de\\\/wp-blog\\\/#\\\/schema\\\/logo\\\/image\\\/\"}},{\"@type\":\"Person\",\"@id\":\"https:\\\/\\\/www.haekelfieber.de\\\/wp-blog\\\/#\\\/schema\\\/person\\\/08b81f8e0d3480519aadc66881dee8d7\",\"name\":\"Jutta\",\"image\":{\"@type\":\"ImageObject\",\"inLanguage\":\"de\",\"@id\":\"https:\\\/\\\/secure.gravatar.com\\\/avatar\\\/4fb96a09981d3eab52fd94765c38a5395ca69a563a8cd98c172ef85375636d9d?s=96&d=mm&r=g\",\"url\":\"https:\\\/\\\/secure.gravatar.com\\\/avatar\\\/4fb96a09981d3eab52fd94765c38a5395ca69a563a8cd98c172ef85375636d9d?s=96&d=mm&r=g\",\"contentUrl\":\"https:\\\/\\\/secure.gravatar.com\\\/avatar\\\/4fb96a09981d3eab52fd94765c38a5395ca69a563a8cd98c172ef85375636d9d?s=96&d=mm&r=g\",\"caption\":\"Jutta\"},\"url\":\"https:\\\/\\\/www.haekelfieber.de\\\/wp-blog\\\/author\\\/admin\\\/\"}]}<\/script>\n<!-- \/ Yoast SEO plugin. -->","yoast_head_json":{"title":"Mein Zweitgarten - H\u00e4kelfieber","robots":{"index":"index","follow":"follow","max-snippet":"max-snippet:-1","max-image-preview":"max-image-preview:large","max-video-preview":"max-video-preview:-1"},"canonical":"https:\/\/www.haekelfieber.de\/wp-blog\/2022\/04\/mein-zweitgarten\/","og_locale":"de_DE","og_type":"article","og_title":"Mein Zweitgarten - H\u00e4kelfieber","og_description":"Seit letztem Herbst bin ich am urbar machen eines zweiten Gem\u00fcsegartens. Das St\u00fcck Land lag jahrelang brach und ich kann es nun nutzen. Die Pacht ist ein Teil der Ernte &#8211; bassd. Mittels ausbringen dicker Mulchschichten, vorzugsweise Rasenschnitt, dem Abdecken mit Planen und der No-Dig-Methode versuche ich dem Grasbewuchs beizukommen. Was ich auf dem Hof &hellip; Mein Zweitgarten weiterlesen &rarr;","og_url":"https:\/\/www.haekelfieber.de\/wp-blog\/2022\/04\/mein-zweitgarten\/","og_site_name":"H\u00e4kelfieber","article_published_time":"2022-04-21T08:22:25+00:00","article_modified_time":"2022-04-21T08:22:31+00:00","og_image":[{"url":"https:\/\/www.haekelfieber.de\/wp-blog\/wp-content\/uploads\/2022\/04\/Bauerngarten4.jpg","type":"","width":"","height":""}],"author":"Jutta","twitter_misc":{"Verfasst von":"Jutta","Gesch\u00e4tzte Lesezeit":"2\u00a0Minuten"},"schema":{"@context":"https:\/\/schema.org","@graph":[{"@type":"Article","@id":"https:\/\/www.haekelfieber.de\/wp-blog\/2022\/04\/mein-zweitgarten\/#article","isPartOf":{"@id":"https:\/\/www.haekelfieber.de\/wp-blog\/2022\/04\/mein-zweitgarten\/"},"author":{"name":"Jutta","@id":"https:\/\/www.haekelfieber.de\/wp-blog\/#\/schema\/person\/08b81f8e0d3480519aadc66881dee8d7"},"headline":"Mein Zweitgarten","datePublished":"2022-04-21T08:22:25+00:00","dateModified":"2022-04-21T08:22:31+00:00","mainEntityOfPage":{"@id":"https:\/\/www.haekelfieber.de\/wp-blog\/2022\/04\/mein-zweitgarten\/"},"wordCount":222,"commentCount":1,"publisher":{"@id":"https:\/\/www.haekelfieber.de\/wp-blog\/#organization"},"image":{"@id":"https:\/\/www.haekelfieber.de\/wp-blog\/2022\/04\/mein-zweitgarten\/#primaryimage"},"thumbnailUrl":"https:\/\/www.haekelfieber.de\/wp-blog\/wp-content\/uploads\/2022\/04\/Bauerngarten4.jpg","articleSection":["Garten"],"inLanguage":"de","potentialAction":[{"@type":"CommentAction","name":"Comment","target":["https:\/\/www.haekelfieber.de\/wp-blog\/2022\/04\/mein-zweitgarten\/#respond"]}]},{"@type":"WebPage","@id":"https:\/\/www.haekelfieber.de\/wp-blog\/2022\/04\/mein-zweitgarten\/","url":"https:\/\/www.haekelfieber.de\/wp-blog\/2022\/04\/mein-zweitgarten\/","name":"Mein Zweitgarten - H\u00e4kelfieber","isPartOf":{"@id":"https:\/\/www.haekelfieber.de\/wp-blog\/#website"},"primaryImageOfPage":{"@id":"https:\/\/www.haekelfieber.de\/wp-blog\/2022\/04\/mein-zweitgarten\/#primaryimage"},"image":{"@id":"https:\/\/www.haekelfieber.de\/wp-blog\/2022\/04\/mein-zweitgarten\/#primaryimage"},"thumbnailUrl":"https:\/\/www.haekelfieber.de\/wp-blog\/wp-content\/uploads\/2022\/04\/Bauerngarten4.jpg","datePublished":"2022-04-21T08:22:25+00:00","dateModified":"2022-04-21T08:22:31+00:00","breadcrumb":{"@id":"https:\/\/www.haekelfieber.de\/wp-blog\/2022\/04\/mein-zweitgarten\/#breadcrumb"},"inLanguage":"de","potentialAction":[{"@type":"ReadAction","target":["https:\/\/www.haekelfieber.de\/wp-blog\/2022\/04\/mein-zweitgarten\/"]}]},{"@type":"ImageObject","inLanguage":"de","@id":"https:\/\/www.haekelfieber.de\/wp-blog\/2022\/04\/mein-zweitgarten\/#primaryimage","url":"https:\/\/www.haekelfieber.de\/wp-blog\/wp-content\/uploads\/2022\/04\/Bauerngarten4.jpg","contentUrl":"https:\/\/www.haekelfieber.de\/wp-blog\/wp-content\/uploads\/2022\/04\/Bauerngarten4.jpg","width":726,"height":1024},{"@type":"BreadcrumbList","@id":"https:\/\/www.haekelfieber.de\/wp-blog\/2022\/04\/mein-zweitgarten\/#breadcrumb","itemListElement":[{"@type":"ListItem","position":1,"name":"Home","item":"https:\/\/www.haekelfieber.de\/wp-blog\/"},{"@type":"ListItem","position":2,"name":"Mein Zweitgarten"}]},{"@type":"WebSite","@id":"https:\/\/www.haekelfieber.de\/wp-blog\/#website","url":"https:\/\/www.haekelfieber.de\/wp-blog\/","name":"H\u00e4kelfieber","description":"Ich bin im...","publisher":{"@id":"https:\/\/www.haekelfieber.de\/wp-blog\/#organization"},"potentialAction":[{"@type":"SearchAction","target":{"@type":"EntryPoint","urlTemplate":"https:\/\/www.haekelfieber.de\/wp-blog\/?s={search_term_string}"},"query-input":{"@type":"PropertyValueSpecification","valueRequired":true,"valueName":"search_term_string"}}],"inLanguage":"de"},{"@type":"Organization","@id":"https:\/\/www.haekelfieber.de\/wp-blog\/#organization","name":"H\u00e4kelfieber","url":"https:\/\/www.haekelfieber.de\/wp-blog\/","logo":{"@type":"ImageObject","inLanguage":"de","@id":"https:\/\/www.haekelfieber.de\/wp-blog\/#\/schema\/logo\/image\/","url":"https:\/\/www.haekelfieber.de\/wp-blog\/wp-content\/uploads\/2023\/03\/kissen-haekeln2.jpg","contentUrl":"https:\/\/www.haekelfieber.de\/wp-blog\/wp-content\/uploads\/2023\/03\/kissen-haekeln2.jpg","width":683,"height":1024,"caption":"H\u00e4kelfieber"},"image":{"@id":"https:\/\/www.haekelfieber.de\/wp-blog\/#\/schema\/logo\/image\/"}},{"@type":"Person","@id":"https:\/\/www.haekelfieber.de\/wp-blog\/#\/schema\/person\/08b81f8e0d3480519aadc66881dee8d7","name":"Jutta","image":{"@type":"ImageObject","inLanguage":"de","@id":"https:\/\/secure.gravatar.com\/avatar\/4fb96a09981d3eab52fd94765c38a5395ca69a563a8cd98c172ef85375636d9d?s=96&d=mm&r=g","url":"https:\/\/secure.gravatar.com\/avatar\/4fb96a09981d3eab52fd94765c38a5395ca69a563a8cd98c172ef85375636d9d?s=96&d=mm&r=g","contentUrl":"https:\/\/secure.gravatar.com\/avatar\/4fb96a09981d3eab52fd94765c38a5395ca69a563a8cd98c172ef85375636d9d?s=96&d=mm&r=g","caption":"Jutta"},"url":"https:\/\/www.haekelfieber.de\/wp-blog\/author\/admin\/"}]}},"_links":{"self":[{"href":"https:\/\/www.haekelfieber.de\/wp-blog\/wp-json\/wp\/v2\/posts\/12675","targetHints":{"allow":["GET"]}}],"collection":[{"href":"https:\/\/www.haekelfieber.de\/wp-blog\/wp-json\/wp\/v2\/posts"}],"about":[{"href":"https:\/\/www.haekelfieber.de\/wp-blog\/wp-json\/wp\/v2\/types\/post"}],"author":[{"embeddable":true,"href":"https:\/\/www.haekelfieber.de\/wp-blog\/wp-json\/wp\/v2\/users\/1"}],"replies":[{"embeddable":true,"href":"https:\/\/www.haekelfieber.de\/wp-blog\/wp-json\/wp\/v2\/comments?post=12675"}],"version-history":[{"count":1,"href":"https:\/\/www.haekelfieber.de\/wp-blog\/wp-json\/wp\/v2\/posts\/12675\/revisions"}],"predecessor-version":[{"id":12676,"href":"https:\/\/www.haekelfieber.de\/wp-blog\/wp-json\/wp\/v2\/posts\/12675\/revisions\/12676"}],"wp:attachment":[{"href":"https:\/\/www.haekelfieber.de\/wp-blog\/wp-json\/wp\/v2\/media?parent=12675"}],"wp:term":[{"taxonomy":"category","embeddable":true,"href":"https:\/\/www.haekelfieber.de\/wp-blog\/wp-json\/wp\/v2\/categories?post=12675"},{"taxonomy":"post_tag","embeddable":true,"href":"https:\/\/www.haekelfieber.de\/wp-blog\/wp-json\/wp\/v2\/tags?post=12675"}],"curies":[{"name":"wp","href":"https:\/\/api.w.org\/{rel}","templated":true}]}}