{"id":12857,"date":"2022-06-10T09:21:41","date_gmt":"2022-06-10T07:21:41","guid":{"rendered":"https:\/\/www.haekelfieber.de\/wp-blog\/?p=12857"},"modified":"2022-06-10T09:48:55","modified_gmt":"2022-06-10T07:48:55","slug":"bin-ich-ein-fall-fuer-den-verfassungsschutz","status":"publish","type":"post","link":"https:\/\/www.haekelfieber.de\/wp-blog\/2022\/06\/bin-ich-ein-fall-fuer-den-verfassungsschutz\/","title":{"rendered":"Bin ich ein Fall f\u00fcr den Verfassungsschutz?"},"content":{"rendered":"\n<p>Ich lese in Kommentaren, dass sich jetzt noch bei Verwandschaftstreffen die Beteiligten testen m\u00fcssen um teilnehmen zu d\u00fcrfen. Letztes Wochenende war in meiner Gemeindestadt wieder Volksfest. Das Bierzelt \u00fcber Tage bumsvoll. Es wurde gefeiert als wenn es kein Morgen mehr geben w\u00fcrde. Eng an eng, schwitzend, gr\u00f6lend, saufend&#8230; Auf der anderen Seite diese Paranoia im Familienkreis. Wer hat uns so Gaga gemacht? Wer hat unsere Gesellschaft an diesen Rand des Wahnsinns getrieben? \u00c4u\u00dfere ich jetzt Kritik an der Regierung und den sich andienenden Hofberichterstattern, dann bin ich ein Volksverhetzer, Demokratiefeind und wahrscheinlich Nazi. &#8222;Im besten Deutschland aller Zeiten&#8220; darf meinem Empfinden nach keine Kritik an den herrschenden Zust\u00e4nden und an den Herrschenden selbst ge\u00fcbt werden. Dass die meisten hier in diesem Land schon immer nicht den Mumm in den Knochen haben ihre Meinung frei zu sagen ist mir klar. Vor \u00fcber zwanzig Jahren gab es eine Situation mit dem Bus der die Kinder von den umliegenden D\u00f6rfern in den Kindergarten brachte. Der Bus war uralt und total klapprig. Viele regten sich \u00fcber diesen Zustand auf. Bei einer Versammlung brachte ich das Thema auf den Tisch und erntete Schweigen. Alle zogen den Schwanz ein. Mich verwundert dieses wahnsinnige Treiben, in dem scheinbar alle mitmachen nicht. Damals ahnte ich schon&#8230;<br \/>Ich kenne jemanden, der Fahrten zu Demonstrationen organisiert hat. Er steht auf der Liste des Verfassungsschutzes. Ich war auf Demonstrationen und wurde von Polizisten gefilmt, die am Strassenrand standen. Stehe ich auch auf der Liste der &#8222;Gef\u00e4hrder&#8220;. Ich, eine Mutter von drei Kindern, gelernte Erzieherin, mal ehrenamtlich im Seniorenheim arbeitende, leidenschaftlich g\u00e4rtnernde&#8230; Bin ich ein Feind der Demokratie in Deutschland? Mich darf man jetzt eine Rechte, eine Schwurblerin, eine Querdenkerin schimpfen, weil ich f\u00fcr ein, ja was? F\u00fcr ein freies Land, in dem die B\u00fcrger fair behandelt werden sollen, auf die Strasse gehe. <br \/>Ist das jetzt das &#8222;beste Deutschland aller Zeiten&#8220;? Armes Deutschland.<br \/><br \/>Und &#8211; &#8222;Kleine Geschenke erhalten die Freundschaft&#8220;. Ich hab so das Gef\u00fchl, dass mit dem 9 Euro Ticket (F\u00fcr neun Euro im Monat darf der Deutsche das Land bereisen. Es ist g\u00fcltig f\u00fcr drei Monate) das Wohlwollen der B\u00fcrger gekauft wird. Ein kleines Zuckerl, damit der Unmut \u00fcber die Preissteigerung, Energiepolitik&#8230; nicht zu gro\u00df wird. Ein kleines Zuckerl, dass uns das derzeit recht beschissene Leben vers\u00fc\u00dfen soll. <br \/>So, habe fertig. Bin mal im Garten, mir was Gutes tun&#8230;<br \/><br \/>PS: Lesetipp: &#8222;nachdenkseiten.de &#8211; die kritische Website, f\u00fcr alle die sich noch eigene Gedanken machen&#8220;<\/p>\n","protected":false},"excerpt":{"rendered":"<p>Ich lese in Kommentaren, dass sich jetzt noch bei Verwandschaftstreffen die Beteiligten testen m\u00fcssen um teilnehmen zu d\u00fcrfen. Letztes Wochenende war in meiner Gemeindestadt wieder Volksfest. Das Bierzelt \u00fcber Tage bumsvoll. Es wurde gefeiert als wenn es kein Morgen mehr geben w\u00fcrde. Eng an eng, schwitzend, gr\u00f6lend, saufend&#8230; Auf der anderen Seite diese Paranoia im &hellip; <a href=\"https:\/\/www.haekelfieber.de\/wp-blog\/2022\/06\/bin-ich-ein-fall-fuer-den-verfassungsschutz\/\" class=\"more-link\"><span class=\"screen-reader-text\">Bin ich ein Fall f\u00fcr den Verfassungsschutz?<\/span> weiterlesen <span class=\"meta-nav\">&rarr;<\/span><\/a><\/p>\n","protected":false},"author":1,"featured_media":0,"comment_status":"open","ping_status":"open","sticky":false,"template":"","format":"standard","meta":{"footnotes":""},"categories":[1],"tags":[],"class_list":["post-12857","post","type-post","status-publish","format-standard","hentry","category-manch-anderes"],"yoast_head":"<!-- This site is optimized with the Yoast SEO plugin v27.4 - https:\/\/yoast.com\/product\/yoast-seo-wordpress\/ -->\n<title>Bin ich ein Fall f\u00fcr den Verfassungsschutz? - H\u00e4kelfieber<\/title>\n<meta name=\"robots\" content=\"index, follow, max-snippet:-1, max-image-preview:large, max-video-preview:-1\" \/>\n<link rel=\"canonical\" href=\"https:\/\/www.haekelfieber.de\/wp-blog\/2022\/06\/bin-ich-ein-fall-fuer-den-verfassungsschutz\/\" \/>\n<meta property=\"og:locale\" content=\"de_DE\" \/>\n<meta property=\"og:type\" content=\"article\" \/>\n<meta property=\"og:title\" content=\"Bin ich ein Fall f\u00fcr den Verfassungsschutz? - H\u00e4kelfieber\" \/>\n<meta property=\"og:description\" content=\"Ich lese in Kommentaren, dass sich jetzt noch bei Verwandschaftstreffen die Beteiligten testen m\u00fcssen um teilnehmen zu d\u00fcrfen. Letztes Wochenende war in meiner Gemeindestadt wieder Volksfest. Das Bierzelt \u00fcber Tage bumsvoll. Es wurde gefeiert als wenn es kein Morgen mehr geben w\u00fcrde. Eng an eng, schwitzend, gr\u00f6lend, saufend&#8230; Auf der anderen Seite diese Paranoia im &hellip; Bin ich ein Fall f\u00fcr den Verfassungsschutz? weiterlesen &rarr;\" \/>\n<meta property=\"og:url\" content=\"https:\/\/www.haekelfieber.de\/wp-blog\/2022\/06\/bin-ich-ein-fall-fuer-den-verfassungsschutz\/\" \/>\n<meta property=\"og:site_name\" content=\"H\u00e4kelfieber\" \/>\n<meta property=\"article:published_time\" content=\"2022-06-10T07:21:41+00:00\" \/>\n<meta property=\"article:modified_time\" content=\"2022-06-10T07:48:55+00:00\" \/>\n<meta name=\"author\" content=\"Jutta\" \/>\n<meta name=\"twitter:label1\" content=\"Verfasst von\" \/>\n\t<meta name=\"twitter:data1\" content=\"Jutta\" \/>\n\t<meta name=\"twitter:label2\" content=\"Gesch\u00e4tzte Lesezeit\" \/>\n\t<meta name=\"twitter:data2\" content=\"3\u00a0Minuten\" \/>\n<script type=\"application\/ld+json\" class=\"yoast-schema-graph\">{\"@context\":\"https:\\\/\\\/schema.org\",\"@graph\":[{\"@type\":\"Article\",\"@id\":\"https:\\\/\\\/www.haekelfieber.de\\\/wp-blog\\\/2022\\\/06\\\/bin-ich-ein-fall-fuer-den-verfassungsschutz\\\/#article\",\"isPartOf\":{\"@id\":\"https:\\\/\\\/www.haekelfieber.de\\\/wp-blog\\\/2022\\\/06\\\/bin-ich-ein-fall-fuer-den-verfassungsschutz\\\/\"},\"author\":{\"name\":\"Jutta\",\"@id\":\"https:\\\/\\\/www.haekelfieber.de\\\/wp-blog\\\/#\\\/schema\\\/person\\\/08b81f8e0d3480519aadc66881dee8d7\"},\"headline\":\"Bin ich ein Fall f\u00fcr den Verfassungsschutz?\",\"datePublished\":\"2022-06-10T07:21:41+00:00\",\"dateModified\":\"2022-06-10T07:48:55+00:00\",\"mainEntityOfPage\":{\"@id\":\"https:\\\/\\\/www.haekelfieber.de\\\/wp-blog\\\/2022\\\/06\\\/bin-ich-ein-fall-fuer-den-verfassungsschutz\\\/\"},\"wordCount\":432,\"commentCount\":7,\"publisher\":{\"@id\":\"https:\\\/\\\/www.haekelfieber.de\\\/wp-blog\\\/#organization\"},\"articleSection\":[\"Manch anderes\"],\"inLanguage\":\"de\",\"potentialAction\":[{\"@type\":\"CommentAction\",\"name\":\"Comment\",\"target\":[\"https:\\\/\\\/www.haekelfieber.de\\\/wp-blog\\\/2022\\\/06\\\/bin-ich-ein-fall-fuer-den-verfassungsschutz\\\/#respond\"]}]},{\"@type\":\"WebPage\",\"@id\":\"https:\\\/\\\/www.haekelfieber.de\\\/wp-blog\\\/2022\\\/06\\\/bin-ich-ein-fall-fuer-den-verfassungsschutz\\\/\",\"url\":\"https:\\\/\\\/www.haekelfieber.de\\\/wp-blog\\\/2022\\\/06\\\/bin-ich-ein-fall-fuer-den-verfassungsschutz\\\/\",\"name\":\"Bin ich ein Fall f\u00fcr den Verfassungsschutz? - H\u00e4kelfieber\",\"isPartOf\":{\"@id\":\"https:\\\/\\\/www.haekelfieber.de\\\/wp-blog\\\/#website\"},\"datePublished\":\"2022-06-10T07:21:41+00:00\",\"dateModified\":\"2022-06-10T07:48:55+00:00\",\"breadcrumb\":{\"@id\":\"https:\\\/\\\/www.haekelfieber.de\\\/wp-blog\\\/2022\\\/06\\\/bin-ich-ein-fall-fuer-den-verfassungsschutz\\\/#breadcrumb\"},\"inLanguage\":\"de\",\"potentialAction\":[{\"@type\":\"ReadAction\",\"target\":[\"https:\\\/\\\/www.haekelfieber.de\\\/wp-blog\\\/2022\\\/06\\\/bin-ich-ein-fall-fuer-den-verfassungsschutz\\\/\"]}]},{\"@type\":\"BreadcrumbList\",\"@id\":\"https:\\\/\\\/www.haekelfieber.de\\\/wp-blog\\\/2022\\\/06\\\/bin-ich-ein-fall-fuer-den-verfassungsschutz\\\/#breadcrumb\",\"itemListElement\":[{\"@type\":\"ListItem\",\"position\":1,\"name\":\"Home\",\"item\":\"https:\\\/\\\/www.haekelfieber.de\\\/wp-blog\\\/\"},{\"@type\":\"ListItem\",\"position\":2,\"name\":\"Bin ich ein Fall f\u00fcr den Verfassungsschutz?\"}]},{\"@type\":\"WebSite\",\"@id\":\"https:\\\/\\\/www.haekelfieber.de\\\/wp-blog\\\/#website\",\"url\":\"https:\\\/\\\/www.haekelfieber.de\\\/wp-blog\\\/\",\"name\":\"H\u00e4kelfieber\",\"description\":\"Ich bin im...\",\"publisher\":{\"@id\":\"https:\\\/\\\/www.haekelfieber.de\\\/wp-blog\\\/#organization\"},\"potentialAction\":[{\"@type\":\"SearchAction\",\"target\":{\"@type\":\"EntryPoint\",\"urlTemplate\":\"https:\\\/\\\/www.haekelfieber.de\\\/wp-blog\\\/?s={search_term_string}\"},\"query-input\":{\"@type\":\"PropertyValueSpecification\",\"valueRequired\":true,\"valueName\":\"search_term_string\"}}],\"inLanguage\":\"de\"},{\"@type\":\"Organization\",\"@id\":\"https:\\\/\\\/www.haekelfieber.de\\\/wp-blog\\\/#organization\",\"name\":\"H\u00e4kelfieber\",\"url\":\"https:\\\/\\\/www.haekelfieber.de\\\/wp-blog\\\/\",\"logo\":{\"@type\":\"ImageObject\",\"inLanguage\":\"de\",\"@id\":\"https:\\\/\\\/www.haekelfieber.de\\\/wp-blog\\\/#\\\/schema\\\/logo\\\/image\\\/\",\"url\":\"https:\\\/\\\/www.haekelfieber.de\\\/wp-blog\\\/wp-content\\\/uploads\\\/2023\\\/03\\\/kissen-haekeln2.jpg\",\"contentUrl\":\"https:\\\/\\\/www.haekelfieber.de\\\/wp-blog\\\/wp-content\\\/uploads\\\/2023\\\/03\\\/kissen-haekeln2.jpg\",\"width\":683,\"height\":1024,\"caption\":\"H\u00e4kelfieber\"},\"image\":{\"@id\":\"https:\\\/\\\/www.haekelfieber.de\\\/wp-blog\\\/#\\\/schema\\\/logo\\\/image\\\/\"}},{\"@type\":\"Person\",\"@id\":\"https:\\\/\\\/www.haekelfieber.de\\\/wp-blog\\\/#\\\/schema\\\/person\\\/08b81f8e0d3480519aadc66881dee8d7\",\"name\":\"Jutta\",\"image\":{\"@type\":\"ImageObject\",\"inLanguage\":\"de\",\"@id\":\"https:\\\/\\\/secure.gravatar.com\\\/avatar\\\/4fb96a09981d3eab52fd94765c38a5395ca69a563a8cd98c172ef85375636d9d?s=96&d=mm&r=g\",\"url\":\"https:\\\/\\\/secure.gravatar.com\\\/avatar\\\/4fb96a09981d3eab52fd94765c38a5395ca69a563a8cd98c172ef85375636d9d?s=96&d=mm&r=g\",\"contentUrl\":\"https:\\\/\\\/secure.gravatar.com\\\/avatar\\\/4fb96a09981d3eab52fd94765c38a5395ca69a563a8cd98c172ef85375636d9d?s=96&d=mm&r=g\",\"caption\":\"Jutta\"},\"url\":\"https:\\\/\\\/www.haekelfieber.de\\\/wp-blog\\\/author\\\/admin\\\/\"}]}<\/script>\n<!-- \/ Yoast SEO plugin. -->","yoast_head_json":{"title":"Bin ich ein Fall f\u00fcr den Verfassungsschutz? - H\u00e4kelfieber","robots":{"index":"index","follow":"follow","max-snippet":"max-snippet:-1","max-image-preview":"max-image-preview:large","max-video-preview":"max-video-preview:-1"},"canonical":"https:\/\/www.haekelfieber.de\/wp-blog\/2022\/06\/bin-ich-ein-fall-fuer-den-verfassungsschutz\/","og_locale":"de_DE","og_type":"article","og_title":"Bin ich ein Fall f\u00fcr den Verfassungsschutz? - H\u00e4kelfieber","og_description":"Ich lese in Kommentaren, dass sich jetzt noch bei Verwandschaftstreffen die Beteiligten testen m\u00fcssen um teilnehmen zu d\u00fcrfen. Letztes Wochenende war in meiner Gemeindestadt wieder Volksfest. Das Bierzelt \u00fcber Tage bumsvoll. Es wurde gefeiert als wenn es kein Morgen mehr geben w\u00fcrde. Eng an eng, schwitzend, gr\u00f6lend, saufend&#8230; Auf der anderen Seite diese Paranoia im &hellip; Bin ich ein Fall f\u00fcr den Verfassungsschutz? weiterlesen &rarr;","og_url":"https:\/\/www.haekelfieber.de\/wp-blog\/2022\/06\/bin-ich-ein-fall-fuer-den-verfassungsschutz\/","og_site_name":"H\u00e4kelfieber","article_published_time":"2022-06-10T07:21:41+00:00","article_modified_time":"2022-06-10T07:48:55+00:00","author":"Jutta","twitter_misc":{"Verfasst von":"Jutta","Gesch\u00e4tzte Lesezeit":"3\u00a0Minuten"},"schema":{"@context":"https:\/\/schema.org","@graph":[{"@type":"Article","@id":"https:\/\/www.haekelfieber.de\/wp-blog\/2022\/06\/bin-ich-ein-fall-fuer-den-verfassungsschutz\/#article","isPartOf":{"@id":"https:\/\/www.haekelfieber.de\/wp-blog\/2022\/06\/bin-ich-ein-fall-fuer-den-verfassungsschutz\/"},"author":{"name":"Jutta","@id":"https:\/\/www.haekelfieber.de\/wp-blog\/#\/schema\/person\/08b81f8e0d3480519aadc66881dee8d7"},"headline":"Bin ich ein Fall f\u00fcr den Verfassungsschutz?","datePublished":"2022-06-10T07:21:41+00:00","dateModified":"2022-06-10T07:48:55+00:00","mainEntityOfPage":{"@id":"https:\/\/www.haekelfieber.de\/wp-blog\/2022\/06\/bin-ich-ein-fall-fuer-den-verfassungsschutz\/"},"wordCount":432,"commentCount":7,"publisher":{"@id":"https:\/\/www.haekelfieber.de\/wp-blog\/#organization"},"articleSection":["Manch anderes"],"inLanguage":"de","potentialAction":[{"@type":"CommentAction","name":"Comment","target":["https:\/\/www.haekelfieber.de\/wp-blog\/2022\/06\/bin-ich-ein-fall-fuer-den-verfassungsschutz\/#respond"]}]},{"@type":"WebPage","@id":"https:\/\/www.haekelfieber.de\/wp-blog\/2022\/06\/bin-ich-ein-fall-fuer-den-verfassungsschutz\/","url":"https:\/\/www.haekelfieber.de\/wp-blog\/2022\/06\/bin-ich-ein-fall-fuer-den-verfassungsschutz\/","name":"Bin ich ein Fall f\u00fcr den Verfassungsschutz? - H\u00e4kelfieber","isPartOf":{"@id":"https:\/\/www.haekelfieber.de\/wp-blog\/#website"},"datePublished":"2022-06-10T07:21:41+00:00","dateModified":"2022-06-10T07:48:55+00:00","breadcrumb":{"@id":"https:\/\/www.haekelfieber.de\/wp-blog\/2022\/06\/bin-ich-ein-fall-fuer-den-verfassungsschutz\/#breadcrumb"},"inLanguage":"de","potentialAction":[{"@type":"ReadAction","target":["https:\/\/www.haekelfieber.de\/wp-blog\/2022\/06\/bin-ich-ein-fall-fuer-den-verfassungsschutz\/"]}]},{"@type":"BreadcrumbList","@id":"https:\/\/www.haekelfieber.de\/wp-blog\/2022\/06\/bin-ich-ein-fall-fuer-den-verfassungsschutz\/#breadcrumb","itemListElement":[{"@type":"ListItem","position":1,"name":"Home","item":"https:\/\/www.haekelfieber.de\/wp-blog\/"},{"@type":"ListItem","position":2,"name":"Bin ich ein Fall f\u00fcr den Verfassungsschutz?"}]},{"@type":"WebSite","@id":"https:\/\/www.haekelfieber.de\/wp-blog\/#website","url":"https:\/\/www.haekelfieber.de\/wp-blog\/","name":"H\u00e4kelfieber","description":"Ich bin im...","publisher":{"@id":"https:\/\/www.haekelfieber.de\/wp-blog\/#organization"},"potentialAction":[{"@type":"SearchAction","target":{"@type":"EntryPoint","urlTemplate":"https:\/\/www.haekelfieber.de\/wp-blog\/?s={search_term_string}"},"query-input":{"@type":"PropertyValueSpecification","valueRequired":true,"valueName":"search_term_string"}}],"inLanguage":"de"},{"@type":"Organization","@id":"https:\/\/www.haekelfieber.de\/wp-blog\/#organization","name":"H\u00e4kelfieber","url":"https:\/\/www.haekelfieber.de\/wp-blog\/","logo":{"@type":"ImageObject","inLanguage":"de","@id":"https:\/\/www.haekelfieber.de\/wp-blog\/#\/schema\/logo\/image\/","url":"https:\/\/www.haekelfieber.de\/wp-blog\/wp-content\/uploads\/2023\/03\/kissen-haekeln2.jpg","contentUrl":"https:\/\/www.haekelfieber.de\/wp-blog\/wp-content\/uploads\/2023\/03\/kissen-haekeln2.jpg","width":683,"height":1024,"caption":"H\u00e4kelfieber"},"image":{"@id":"https:\/\/www.haekelfieber.de\/wp-blog\/#\/schema\/logo\/image\/"}},{"@type":"Person","@id":"https:\/\/www.haekelfieber.de\/wp-blog\/#\/schema\/person\/08b81f8e0d3480519aadc66881dee8d7","name":"Jutta","image":{"@type":"ImageObject","inLanguage":"de","@id":"https:\/\/secure.gravatar.com\/avatar\/4fb96a09981d3eab52fd94765c38a5395ca69a563a8cd98c172ef85375636d9d?s=96&d=mm&r=g","url":"https:\/\/secure.gravatar.com\/avatar\/4fb96a09981d3eab52fd94765c38a5395ca69a563a8cd98c172ef85375636d9d?s=96&d=mm&r=g","contentUrl":"https:\/\/secure.gravatar.com\/avatar\/4fb96a09981d3eab52fd94765c38a5395ca69a563a8cd98c172ef85375636d9d?s=96&d=mm&r=g","caption":"Jutta"},"url":"https:\/\/www.haekelfieber.de\/wp-blog\/author\/admin\/"}]}},"_links":{"self":[{"href":"https:\/\/www.haekelfieber.de\/wp-blog\/wp-json\/wp\/v2\/posts\/12857","targetHints":{"allow":["GET"]}}],"collection":[{"href":"https:\/\/www.haekelfieber.de\/wp-blog\/wp-json\/wp\/v2\/posts"}],"about":[{"href":"https:\/\/www.haekelfieber.de\/wp-blog\/wp-json\/wp\/v2\/types\/post"}],"author":[{"embeddable":true,"href":"https:\/\/www.haekelfieber.de\/wp-blog\/wp-json\/wp\/v2\/users\/1"}],"replies":[{"embeddable":true,"href":"https:\/\/www.haekelfieber.de\/wp-blog\/wp-json\/wp\/v2\/comments?post=12857"}],"version-history":[{"count":8,"href":"https:\/\/www.haekelfieber.de\/wp-blog\/wp-json\/wp\/v2\/posts\/12857\/revisions"}],"predecessor-version":[{"id":12869,"href":"https:\/\/www.haekelfieber.de\/wp-blog\/wp-json\/wp\/v2\/posts\/12857\/revisions\/12869"}],"wp:attachment":[{"href":"https:\/\/www.haekelfieber.de\/wp-blog\/wp-json\/wp\/v2\/media?parent=12857"}],"wp:term":[{"taxonomy":"category","embeddable":true,"href":"https:\/\/www.haekelfieber.de\/wp-blog\/wp-json\/wp\/v2\/categories?post=12857"},{"taxonomy":"post_tag","embeddable":true,"href":"https:\/\/www.haekelfieber.de\/wp-blog\/wp-json\/wp\/v2\/tags?post=12857"}],"curies":[{"name":"wp","href":"https:\/\/api.w.org\/{rel}","templated":true}]}}