{"id":12951,"date":"2022-07-07T07:35:20","date_gmt":"2022-07-07T05:35:20","guid":{"rendered":"https:\/\/www.haekelfieber.de\/wp-blog\/?p=12951"},"modified":"2022-07-07T12:43:27","modified_gmt":"2022-07-07T10:43:27","slug":"fassadennormalitaet","status":"publish","type":"post","link":"https:\/\/www.haekelfieber.de\/wp-blog\/2022\/07\/fassadennormalitaet\/","title":{"rendered":"Fassadennormalit\u00e4t"},"content":{"rendered":"\n<p>Donnerstagmorgen. Ich sitze hier mit meiner Tasse Kaffee und denke nach. Was bringt der Tag, was will ich, was steht an, wie ist mein Leben. Wenn ich tiefer denke, weg von der Oberfl\u00e4chlichkeit des Tagesgeschehens, dann wird mir so richtig bewu\u00dft, wie beschissen unsere Gesellschaft ist. <br \/>Ich denke daran, wie ich keinen Haushaltswarenladen betreten durfte, um mir einen Kochtopf zu kaufen, weil ich nicht gespiked bin.<br \/>Ich denke daran, wie medial auf &#8222;Ungeimpfte&#8220; gehetzt wurde.<br \/>Jetzt sitze ich hier, das Leben drau\u00dfen l\u00e4uft fast wie vormals weiter und es f\u00fchlt sich so falsch an, weil es falsch ist. Als w\u00e4re nichts gewesen wird weitergemacht. Ich trage Narben in mir. Manchmal verachte ich Mitmenschen f\u00fcr ihr Wegsehen und blindes Mitmachen bei der Herabw\u00fcrdigung Andersdenkender, kritisch Hinterfragender. Was ich vor dem Wahnsinn gern machte, mich Wochenends unter viele Menschen mischen, in Cafes sitzen&#8230; kann und will ich nicht mehr. Vor einigen Tagen machte ich einen Versuch in die alte Normalit\u00e4t und scheiterte. Es geht nicht mehr. Ich m\u00f6chte schreien, beim Anblick der Massen: &#8222;Wie k\u00f6nnt ihr einfach so weitermachen nach alledem?&#8220;.<br \/>&#8222;Was regt sie sich auf, sie darf doch wieder alles!&#8220; werden sich vielleicht manche Leser fragen. &#8222;Weil ihr es noch nicht verstanden habt&#8220; m\u00f6chte ich schreien. Es ist so vieles unmenschliche passiert und es wird nicht aufgearbeitet. Genau das fehlt mir und dieser Umstand macht mich manchmal im Alltag aggressiv im Umgang mit meinen Mitmenschen.<br \/>Ein voller Geschirrschrank wurde umgeworfen, die Scherben liegen verstreut im Raum und es bleibt alles so liegen. Jeder steigt dar\u00fcber, weil er es nicht sehen will. Ein gesellschaftlicher Scherbenhaufen. Wann machen wir uns an die Beseitigung? Auf Dauer verdr\u00e4ngen geht nicht. Ich kann und will es nicht. Ich gehe wieder auf die Strasse um dagegen zu protestieren im &#8222;besten Deutschland aller Zeiten&#8220;. <br \/>Ich blicke in die Niederlande und ziehe meinen Hut vor den Landwirten dort. Zehntausende gehen auf die Stra\u00dfe, weil sie nicht der Spielball der politischen Agenda sein wollen. Ein nicht unbetr\u00e4chtlicher Teil, knapp ein Drittel, der Bauernh\u00f6fe (vorzugsweise kleine und mittlere Betriebe) soll dort beseitigt werden um Klimaziele zu erreichen. Lebensmittelproduzenten vernichten in Zeiten einer im Raum stehenden Ern\u00e4hrungskrise? Diese Logik verstehen doch nur mehr Idioten. Massiv setzen sich die Bauern zur Wehr, z\u00fcnden Strohballen an Stra\u00dfenr\u00e4ndern an, blockieren&#8230; Die Fischer haben sich angeschlossen und machen H\u00e4fen dicht.<br \/>Im &#8222;besten Deutschland aller Zeiten&#8220; bereiten die Politiker die Menschen darauf vor, dass sie im Winter ihre Heizungen nicht mehr aussreichend warm bekommen werden. M\u00fcssen die Deutschen bald in den Urlaub fahren um ausreichend zu duschen? <br \/>Noch ein von Politikerhand umgeworfener Geschirrschrank liegt im Raum. Der Scherbenberg w\u00e4chst. Wann k\u00f6nnen wir nicht mehr dar\u00fcber steigen? Wann wird das gro\u00dfe Aufr\u00e4umen beginnen? <br \/>Wann geht ihr auf die Stra\u00dfe?<br \/>Mein Kaffee ist ausgetrunken. Ich bin mal im Garten&#8230;<\/p>\n","protected":false},"excerpt":{"rendered":"<p>Donnerstagmorgen. Ich sitze hier mit meiner Tasse Kaffee und denke nach. Was bringt der Tag, was will ich, was steht an, wie ist mein Leben. Wenn ich tiefer denke, weg von der Oberfl\u00e4chlichkeit des Tagesgeschehens, dann wird mir so richtig bewu\u00dft, wie beschissen unsere Gesellschaft ist. Ich denke daran, wie ich keinen Haushaltswarenladen betreten durfte, &hellip; <a href=\"https:\/\/www.haekelfieber.de\/wp-blog\/2022\/07\/fassadennormalitaet\/\" class=\"more-link\"><span class=\"screen-reader-text\">Fassadennormalit\u00e4t<\/span> weiterlesen <span class=\"meta-nav\">&rarr;<\/span><\/a><\/p>\n","protected":false},"author":1,"featured_media":0,"comment_status":"open","ping_status":"open","sticky":false,"template":"","format":"standard","meta":{"footnotes":""},"categories":[1],"tags":[],"class_list":["post-12951","post","type-post","status-publish","format-standard","hentry","category-manch-anderes"],"yoast_head":"<!-- This site is optimized with the Yoast SEO plugin v27.4 - https:\/\/yoast.com\/product\/yoast-seo-wordpress\/ -->\n<title>Fassadennormalit\u00e4t - H\u00e4kelfieber<\/title>\n<meta name=\"robots\" content=\"index, follow, max-snippet:-1, max-image-preview:large, max-video-preview:-1\" \/>\n<link rel=\"canonical\" href=\"https:\/\/www.haekelfieber.de\/wp-blog\/2022\/07\/fassadennormalitaet\/\" \/>\n<meta property=\"og:locale\" content=\"de_DE\" \/>\n<meta property=\"og:type\" content=\"article\" \/>\n<meta property=\"og:title\" content=\"Fassadennormalit\u00e4t - H\u00e4kelfieber\" \/>\n<meta property=\"og:description\" content=\"Donnerstagmorgen. Ich sitze hier mit meiner Tasse Kaffee und denke nach. Was bringt der Tag, was will ich, was steht an, wie ist mein Leben. Wenn ich tiefer denke, weg von der Oberfl\u00e4chlichkeit des Tagesgeschehens, dann wird mir so richtig bewu\u00dft, wie beschissen unsere Gesellschaft ist. Ich denke daran, wie ich keinen Haushaltswarenladen betreten durfte, &hellip; Fassadennormalit\u00e4t weiterlesen &rarr;\" \/>\n<meta property=\"og:url\" content=\"https:\/\/www.haekelfieber.de\/wp-blog\/2022\/07\/fassadennormalitaet\/\" \/>\n<meta property=\"og:site_name\" content=\"H\u00e4kelfieber\" \/>\n<meta property=\"article:published_time\" content=\"2022-07-07T05:35:20+00:00\" \/>\n<meta property=\"article:modified_time\" content=\"2022-07-07T10:43:27+00:00\" \/>\n<meta name=\"author\" content=\"Jutta\" \/>\n<meta name=\"twitter:label1\" content=\"Verfasst von\" \/>\n\t<meta name=\"twitter:data1\" content=\"Jutta\" \/>\n\t<meta name=\"twitter:label2\" content=\"Gesch\u00e4tzte Lesezeit\" \/>\n\t<meta name=\"twitter:data2\" content=\"3\u00a0Minuten\" \/>\n<script type=\"application\/ld+json\" class=\"yoast-schema-graph\">{\"@context\":\"https:\\\/\\\/schema.org\",\"@graph\":[{\"@type\":\"Article\",\"@id\":\"https:\\\/\\\/www.haekelfieber.de\\\/wp-blog\\\/2022\\\/07\\\/fassadennormalitaet\\\/#article\",\"isPartOf\":{\"@id\":\"https:\\\/\\\/www.haekelfieber.de\\\/wp-blog\\\/2022\\\/07\\\/fassadennormalitaet\\\/\"},\"author\":{\"name\":\"Jutta\",\"@id\":\"https:\\\/\\\/www.haekelfieber.de\\\/wp-blog\\\/#\\\/schema\\\/person\\\/08b81f8e0d3480519aadc66881dee8d7\"},\"headline\":\"Fassadennormalit\u00e4t\",\"datePublished\":\"2022-07-07T05:35:20+00:00\",\"dateModified\":\"2022-07-07T10:43:27+00:00\",\"mainEntityOfPage\":{\"@id\":\"https:\\\/\\\/www.haekelfieber.de\\\/wp-blog\\\/2022\\\/07\\\/fassadennormalitaet\\\/\"},\"wordCount\":491,\"commentCount\":4,\"publisher\":{\"@id\":\"https:\\\/\\\/www.haekelfieber.de\\\/wp-blog\\\/#organization\"},\"articleSection\":[\"Manch anderes\"],\"inLanguage\":\"de\",\"potentialAction\":[{\"@type\":\"CommentAction\",\"name\":\"Comment\",\"target\":[\"https:\\\/\\\/www.haekelfieber.de\\\/wp-blog\\\/2022\\\/07\\\/fassadennormalitaet\\\/#respond\"]}]},{\"@type\":\"WebPage\",\"@id\":\"https:\\\/\\\/www.haekelfieber.de\\\/wp-blog\\\/2022\\\/07\\\/fassadennormalitaet\\\/\",\"url\":\"https:\\\/\\\/www.haekelfieber.de\\\/wp-blog\\\/2022\\\/07\\\/fassadennormalitaet\\\/\",\"name\":\"Fassadennormalit\u00e4t - H\u00e4kelfieber\",\"isPartOf\":{\"@id\":\"https:\\\/\\\/www.haekelfieber.de\\\/wp-blog\\\/#website\"},\"datePublished\":\"2022-07-07T05:35:20+00:00\",\"dateModified\":\"2022-07-07T10:43:27+00:00\",\"breadcrumb\":{\"@id\":\"https:\\\/\\\/www.haekelfieber.de\\\/wp-blog\\\/2022\\\/07\\\/fassadennormalitaet\\\/#breadcrumb\"},\"inLanguage\":\"de\",\"potentialAction\":[{\"@type\":\"ReadAction\",\"target\":[\"https:\\\/\\\/www.haekelfieber.de\\\/wp-blog\\\/2022\\\/07\\\/fassadennormalitaet\\\/\"]}]},{\"@type\":\"BreadcrumbList\",\"@id\":\"https:\\\/\\\/www.haekelfieber.de\\\/wp-blog\\\/2022\\\/07\\\/fassadennormalitaet\\\/#breadcrumb\",\"itemListElement\":[{\"@type\":\"ListItem\",\"position\":1,\"name\":\"Home\",\"item\":\"https:\\\/\\\/www.haekelfieber.de\\\/wp-blog\\\/\"},{\"@type\":\"ListItem\",\"position\":2,\"name\":\"Fassadennormalit\u00e4t\"}]},{\"@type\":\"WebSite\",\"@id\":\"https:\\\/\\\/www.haekelfieber.de\\\/wp-blog\\\/#website\",\"url\":\"https:\\\/\\\/www.haekelfieber.de\\\/wp-blog\\\/\",\"name\":\"H\u00e4kelfieber\",\"description\":\"Ich bin im...\",\"publisher\":{\"@id\":\"https:\\\/\\\/www.haekelfieber.de\\\/wp-blog\\\/#organization\"},\"potentialAction\":[{\"@type\":\"SearchAction\",\"target\":{\"@type\":\"EntryPoint\",\"urlTemplate\":\"https:\\\/\\\/www.haekelfieber.de\\\/wp-blog\\\/?s={search_term_string}\"},\"query-input\":{\"@type\":\"PropertyValueSpecification\",\"valueRequired\":true,\"valueName\":\"search_term_string\"}}],\"inLanguage\":\"de\"},{\"@type\":\"Organization\",\"@id\":\"https:\\\/\\\/www.haekelfieber.de\\\/wp-blog\\\/#organization\",\"name\":\"H\u00e4kelfieber\",\"url\":\"https:\\\/\\\/www.haekelfieber.de\\\/wp-blog\\\/\",\"logo\":{\"@type\":\"ImageObject\",\"inLanguage\":\"de\",\"@id\":\"https:\\\/\\\/www.haekelfieber.de\\\/wp-blog\\\/#\\\/schema\\\/logo\\\/image\\\/\",\"url\":\"https:\\\/\\\/www.haekelfieber.de\\\/wp-blog\\\/wp-content\\\/uploads\\\/2023\\\/03\\\/kissen-haekeln2.jpg\",\"contentUrl\":\"https:\\\/\\\/www.haekelfieber.de\\\/wp-blog\\\/wp-content\\\/uploads\\\/2023\\\/03\\\/kissen-haekeln2.jpg\",\"width\":683,\"height\":1024,\"caption\":\"H\u00e4kelfieber\"},\"image\":{\"@id\":\"https:\\\/\\\/www.haekelfieber.de\\\/wp-blog\\\/#\\\/schema\\\/logo\\\/image\\\/\"}},{\"@type\":\"Person\",\"@id\":\"https:\\\/\\\/www.haekelfieber.de\\\/wp-blog\\\/#\\\/schema\\\/person\\\/08b81f8e0d3480519aadc66881dee8d7\",\"name\":\"Jutta\",\"image\":{\"@type\":\"ImageObject\",\"inLanguage\":\"de\",\"@id\":\"https:\\\/\\\/secure.gravatar.com\\\/avatar\\\/4fb96a09981d3eab52fd94765c38a5395ca69a563a8cd98c172ef85375636d9d?s=96&d=mm&r=g\",\"url\":\"https:\\\/\\\/secure.gravatar.com\\\/avatar\\\/4fb96a09981d3eab52fd94765c38a5395ca69a563a8cd98c172ef85375636d9d?s=96&d=mm&r=g\",\"contentUrl\":\"https:\\\/\\\/secure.gravatar.com\\\/avatar\\\/4fb96a09981d3eab52fd94765c38a5395ca69a563a8cd98c172ef85375636d9d?s=96&d=mm&r=g\",\"caption\":\"Jutta\"},\"url\":\"https:\\\/\\\/www.haekelfieber.de\\\/wp-blog\\\/author\\\/admin\\\/\"}]}<\/script>\n<!-- \/ Yoast SEO plugin. -->","yoast_head_json":{"title":"Fassadennormalit\u00e4t - H\u00e4kelfieber","robots":{"index":"index","follow":"follow","max-snippet":"max-snippet:-1","max-image-preview":"max-image-preview:large","max-video-preview":"max-video-preview:-1"},"canonical":"https:\/\/www.haekelfieber.de\/wp-blog\/2022\/07\/fassadennormalitaet\/","og_locale":"de_DE","og_type":"article","og_title":"Fassadennormalit\u00e4t - H\u00e4kelfieber","og_description":"Donnerstagmorgen. Ich sitze hier mit meiner Tasse Kaffee und denke nach. Was bringt der Tag, was will ich, was steht an, wie ist mein Leben. Wenn ich tiefer denke, weg von der Oberfl\u00e4chlichkeit des Tagesgeschehens, dann wird mir so richtig bewu\u00dft, wie beschissen unsere Gesellschaft ist. Ich denke daran, wie ich keinen Haushaltswarenladen betreten durfte, &hellip; Fassadennormalit\u00e4t weiterlesen &rarr;","og_url":"https:\/\/www.haekelfieber.de\/wp-blog\/2022\/07\/fassadennormalitaet\/","og_site_name":"H\u00e4kelfieber","article_published_time":"2022-07-07T05:35:20+00:00","article_modified_time":"2022-07-07T10:43:27+00:00","author":"Jutta","twitter_misc":{"Verfasst von":"Jutta","Gesch\u00e4tzte Lesezeit":"3\u00a0Minuten"},"schema":{"@context":"https:\/\/schema.org","@graph":[{"@type":"Article","@id":"https:\/\/www.haekelfieber.de\/wp-blog\/2022\/07\/fassadennormalitaet\/#article","isPartOf":{"@id":"https:\/\/www.haekelfieber.de\/wp-blog\/2022\/07\/fassadennormalitaet\/"},"author":{"name":"Jutta","@id":"https:\/\/www.haekelfieber.de\/wp-blog\/#\/schema\/person\/08b81f8e0d3480519aadc66881dee8d7"},"headline":"Fassadennormalit\u00e4t","datePublished":"2022-07-07T05:35:20+00:00","dateModified":"2022-07-07T10:43:27+00:00","mainEntityOfPage":{"@id":"https:\/\/www.haekelfieber.de\/wp-blog\/2022\/07\/fassadennormalitaet\/"},"wordCount":491,"commentCount":4,"publisher":{"@id":"https:\/\/www.haekelfieber.de\/wp-blog\/#organization"},"articleSection":["Manch anderes"],"inLanguage":"de","potentialAction":[{"@type":"CommentAction","name":"Comment","target":["https:\/\/www.haekelfieber.de\/wp-blog\/2022\/07\/fassadennormalitaet\/#respond"]}]},{"@type":"WebPage","@id":"https:\/\/www.haekelfieber.de\/wp-blog\/2022\/07\/fassadennormalitaet\/","url":"https:\/\/www.haekelfieber.de\/wp-blog\/2022\/07\/fassadennormalitaet\/","name":"Fassadennormalit\u00e4t - H\u00e4kelfieber","isPartOf":{"@id":"https:\/\/www.haekelfieber.de\/wp-blog\/#website"},"datePublished":"2022-07-07T05:35:20+00:00","dateModified":"2022-07-07T10:43:27+00:00","breadcrumb":{"@id":"https:\/\/www.haekelfieber.de\/wp-blog\/2022\/07\/fassadennormalitaet\/#breadcrumb"},"inLanguage":"de","potentialAction":[{"@type":"ReadAction","target":["https:\/\/www.haekelfieber.de\/wp-blog\/2022\/07\/fassadennormalitaet\/"]}]},{"@type":"BreadcrumbList","@id":"https:\/\/www.haekelfieber.de\/wp-blog\/2022\/07\/fassadennormalitaet\/#breadcrumb","itemListElement":[{"@type":"ListItem","position":1,"name":"Home","item":"https:\/\/www.haekelfieber.de\/wp-blog\/"},{"@type":"ListItem","position":2,"name":"Fassadennormalit\u00e4t"}]},{"@type":"WebSite","@id":"https:\/\/www.haekelfieber.de\/wp-blog\/#website","url":"https:\/\/www.haekelfieber.de\/wp-blog\/","name":"H\u00e4kelfieber","description":"Ich bin im...","publisher":{"@id":"https:\/\/www.haekelfieber.de\/wp-blog\/#organization"},"potentialAction":[{"@type":"SearchAction","target":{"@type":"EntryPoint","urlTemplate":"https:\/\/www.haekelfieber.de\/wp-blog\/?s={search_term_string}"},"query-input":{"@type":"PropertyValueSpecification","valueRequired":true,"valueName":"search_term_string"}}],"inLanguage":"de"},{"@type":"Organization","@id":"https:\/\/www.haekelfieber.de\/wp-blog\/#organization","name":"H\u00e4kelfieber","url":"https:\/\/www.haekelfieber.de\/wp-blog\/","logo":{"@type":"ImageObject","inLanguage":"de","@id":"https:\/\/www.haekelfieber.de\/wp-blog\/#\/schema\/logo\/image\/","url":"https:\/\/www.haekelfieber.de\/wp-blog\/wp-content\/uploads\/2023\/03\/kissen-haekeln2.jpg","contentUrl":"https:\/\/www.haekelfieber.de\/wp-blog\/wp-content\/uploads\/2023\/03\/kissen-haekeln2.jpg","width":683,"height":1024,"caption":"H\u00e4kelfieber"},"image":{"@id":"https:\/\/www.haekelfieber.de\/wp-blog\/#\/schema\/logo\/image\/"}},{"@type":"Person","@id":"https:\/\/www.haekelfieber.de\/wp-blog\/#\/schema\/person\/08b81f8e0d3480519aadc66881dee8d7","name":"Jutta","image":{"@type":"ImageObject","inLanguage":"de","@id":"https:\/\/secure.gravatar.com\/avatar\/4fb96a09981d3eab52fd94765c38a5395ca69a563a8cd98c172ef85375636d9d?s=96&d=mm&r=g","url":"https:\/\/secure.gravatar.com\/avatar\/4fb96a09981d3eab52fd94765c38a5395ca69a563a8cd98c172ef85375636d9d?s=96&d=mm&r=g","contentUrl":"https:\/\/secure.gravatar.com\/avatar\/4fb96a09981d3eab52fd94765c38a5395ca69a563a8cd98c172ef85375636d9d?s=96&d=mm&r=g","caption":"Jutta"},"url":"https:\/\/www.haekelfieber.de\/wp-blog\/author\/admin\/"}]}},"_links":{"self":[{"href":"https:\/\/www.haekelfieber.de\/wp-blog\/wp-json\/wp\/v2\/posts\/12951","targetHints":{"allow":["GET"]}}],"collection":[{"href":"https:\/\/www.haekelfieber.de\/wp-blog\/wp-json\/wp\/v2\/posts"}],"about":[{"href":"https:\/\/www.haekelfieber.de\/wp-blog\/wp-json\/wp\/v2\/types\/post"}],"author":[{"embeddable":true,"href":"https:\/\/www.haekelfieber.de\/wp-blog\/wp-json\/wp\/v2\/users\/1"}],"replies":[{"embeddable":true,"href":"https:\/\/www.haekelfieber.de\/wp-blog\/wp-json\/wp\/v2\/comments?post=12951"}],"version-history":[{"count":10,"href":"https:\/\/www.haekelfieber.de\/wp-blog\/wp-json\/wp\/v2\/posts\/12951\/revisions"}],"predecessor-version":[{"id":12965,"href":"https:\/\/www.haekelfieber.de\/wp-blog\/wp-json\/wp\/v2\/posts\/12951\/revisions\/12965"}],"wp:attachment":[{"href":"https:\/\/www.haekelfieber.de\/wp-blog\/wp-json\/wp\/v2\/media?parent=12951"}],"wp:term":[{"taxonomy":"category","embeddable":true,"href":"https:\/\/www.haekelfieber.de\/wp-blog\/wp-json\/wp\/v2\/categories?post=12951"},{"taxonomy":"post_tag","embeddable":true,"href":"https:\/\/www.haekelfieber.de\/wp-blog\/wp-json\/wp\/v2\/tags?post=12951"}],"curies":[{"name":"wp","href":"https:\/\/api.w.org\/{rel}","templated":true}]}}