{"id":13016,"date":"2022-07-29T06:31:36","date_gmt":"2022-07-29T04:31:36","guid":{"rendered":"https:\/\/www.haekelfieber.de\/wp-blog\/?p=13016"},"modified":"2022-07-29T10:04:58","modified_gmt":"2022-07-29T08:04:58","slug":"ist-das-in-ordnung-fuer-dich","status":"publish","type":"post","link":"https:\/\/www.haekelfieber.de\/wp-blog\/2022\/07\/ist-das-in-ordnung-fuer-dich\/","title":{"rendered":"Ist das in Ordnung f\u00fcr dich?"},"content":{"rendered":"\n<p>Mich besch\u00e4ftigt etwas. In den letzten Tagen h\u00f6rte ich aus dem engen Familienkreis von Begebenheiten:<br \/>Vier Arbeitskolleginnen sitzen zusammen, zwei von ihnen berichten, dass ihre Ehem\u00e4nner nach der Injektion gegen Corona an Myocarditis erkrankten. Einer davon war neun Monate arbeitsunf\u00e4hig. Begriffe fallen wie &#8222;Vernarbung des Herzens&#8220; und &#8222;dauerhafte Medikation bis ans Lebensende&#8220;. <br \/>Nur mal so eingeschoben: Das Herz kann sich nicht regenerieren, ein Schaden bleibt f\u00fcr immer.<br \/>Diese zwei F\u00e4lle, von den behandelnden \u00c4rzten als Impfsch\u00e4den eingestuft, wurden nicht gemeldet.<br \/>Unser Gesundheitsminister(darsteller) sprach monatelang \u00fcber alle Kan\u00e4le, von einer &#8222;nebenwirkungsfreien Impfung&#8220;. Jeder Arzt wei\u00df, dass jedes, wirklich jedes Medikament eine Wirkung und eine Nebenwirkung hat &#8211; der Gesundheitsminister anscheinend nicht.<br \/>Ist das f\u00fcr dich in Ordnung, dass ein Gesundheitsminister monatelang, aus Dummheit oder wissentlichem Verschweigen, die Unwahrheit sagt?<br \/>Ist das f\u00fcr dich in Ordnung, dass es keine Konsequenzen f\u00fcr ihn gibt?<br \/>Im engen Freundeskreis eines Familienmitgliedes erlitten zwei junge Frauen einen Abgang. Kann oder kann nicht in Verbindung mit der&#8230;<br \/>Viele zwei-, dreifach gentherapierten\u00a0 Arbeitskollegen fallen krankheitsbedingt aus, da sie sich wiederholt infizieren.<br \/>Ist das f\u00fcr dich in Ordung, dass der Gesundheitsminister von einer sicheren, nebenwirkungsfreien und wirksamen Injektion spricht\/gesprochen hat, obwohl die Realit\u00e4t ein anderes Bild aufzeigt?<br \/><br \/>Zitat aus dem Film &#8222;I wie Ikarus&#8220;: <br \/>&#8222;Aber wenn der Konflikt f\u00fcr ihn kaum noch ertr\u00e4glich ist, warum h\u00f6rt er dann nicht einfach auf?&#8220;<br \/>&#8222;Er erkennt, dass alles, was er bisher getan hat, Unrecht war, wenn er jetzt aufh\u00f6rt. Wenn er weitermacht, rechtfertigt er alles, was er bis jetzt getan hat.&#8220; <br \/>Das Milgram-Experiment.<br \/><br \/><br \/><br \/><br \/>\u00a0<\/p>\n","protected":false},"excerpt":{"rendered":"<p>Mich besch\u00e4ftigt etwas. In den letzten Tagen h\u00f6rte ich aus dem engen Familienkreis von Begebenheiten:Vier Arbeitskolleginnen sitzen zusammen, zwei von ihnen berichten, dass ihre Ehem\u00e4nner nach der Injektion gegen Corona an Myocarditis erkrankten. Einer davon war neun Monate arbeitsunf\u00e4hig. Begriffe fallen wie &#8222;Vernarbung des Herzens&#8220; und &#8222;dauerhafte Medikation bis ans Lebensende&#8220;. Nur mal so eingeschoben: &hellip; <a href=\"https:\/\/www.haekelfieber.de\/wp-blog\/2022\/07\/ist-das-in-ordnung-fuer-dich\/\" class=\"more-link\"><span class=\"screen-reader-text\">Ist das in Ordnung f\u00fcr dich?<\/span> weiterlesen <span class=\"meta-nav\">&rarr;<\/span><\/a><\/p>\n","protected":false},"author":1,"featured_media":0,"comment_status":"open","ping_status":"open","sticky":false,"template":"","format":"standard","meta":{"footnotes":""},"categories":[1],"tags":[],"class_list":["post-13016","post","type-post","status-publish","format-standard","hentry","category-manch-anderes"],"yoast_head":"<!-- This site is optimized with the Yoast SEO plugin v27.4 - https:\/\/yoast.com\/product\/yoast-seo-wordpress\/ -->\n<title>Ist das in Ordnung f\u00fcr dich? - H\u00e4kelfieber<\/title>\n<meta name=\"robots\" content=\"index, follow, max-snippet:-1, max-image-preview:large, max-video-preview:-1\" \/>\n<link rel=\"canonical\" href=\"https:\/\/www.haekelfieber.de\/wp-blog\/2022\/07\/ist-das-in-ordnung-fuer-dich\/\" \/>\n<meta property=\"og:locale\" content=\"de_DE\" \/>\n<meta property=\"og:type\" content=\"article\" \/>\n<meta property=\"og:title\" content=\"Ist das in Ordnung f\u00fcr dich? - H\u00e4kelfieber\" \/>\n<meta property=\"og:description\" content=\"Mich besch\u00e4ftigt etwas. In den letzten Tagen h\u00f6rte ich aus dem engen Familienkreis von Begebenheiten:Vier Arbeitskolleginnen sitzen zusammen, zwei von ihnen berichten, dass ihre Ehem\u00e4nner nach der Injektion gegen Corona an Myocarditis erkrankten. Einer davon war neun Monate arbeitsunf\u00e4hig. Begriffe fallen wie &#8222;Vernarbung des Herzens&#8220; und &#8222;dauerhafte Medikation bis ans Lebensende&#8220;. Nur mal so eingeschoben: &hellip; Ist das in Ordnung f\u00fcr dich? weiterlesen &rarr;\" \/>\n<meta property=\"og:url\" content=\"https:\/\/www.haekelfieber.de\/wp-blog\/2022\/07\/ist-das-in-ordnung-fuer-dich\/\" \/>\n<meta property=\"og:site_name\" content=\"H\u00e4kelfieber\" \/>\n<meta property=\"article:published_time\" content=\"2022-07-29T04:31:36+00:00\" \/>\n<meta property=\"article:modified_time\" content=\"2022-07-29T08:04:58+00:00\" \/>\n<meta name=\"author\" content=\"Jutta\" \/>\n<meta name=\"twitter:label1\" content=\"Verfasst von\" \/>\n\t<meta name=\"twitter:data1\" content=\"Jutta\" \/>\n\t<meta name=\"twitter:label2\" content=\"Gesch\u00e4tzte Lesezeit\" \/>\n\t<meta name=\"twitter:data2\" content=\"2\u00a0Minuten\" \/>\n<script type=\"application\/ld+json\" class=\"yoast-schema-graph\">{\"@context\":\"https:\\\/\\\/schema.org\",\"@graph\":[{\"@type\":\"Article\",\"@id\":\"https:\\\/\\\/www.haekelfieber.de\\\/wp-blog\\\/2022\\\/07\\\/ist-das-in-ordnung-fuer-dich\\\/#article\",\"isPartOf\":{\"@id\":\"https:\\\/\\\/www.haekelfieber.de\\\/wp-blog\\\/2022\\\/07\\\/ist-das-in-ordnung-fuer-dich\\\/\"},\"author\":{\"name\":\"Jutta\",\"@id\":\"https:\\\/\\\/www.haekelfieber.de\\\/wp-blog\\\/#\\\/schema\\\/person\\\/08b81f8e0d3480519aadc66881dee8d7\"},\"headline\":\"Ist das in Ordnung f\u00fcr dich?\",\"datePublished\":\"2022-07-29T04:31:36+00:00\",\"dateModified\":\"2022-07-29T08:04:58+00:00\",\"mainEntityOfPage\":{\"@id\":\"https:\\\/\\\/www.haekelfieber.de\\\/wp-blog\\\/2022\\\/07\\\/ist-das-in-ordnung-fuer-dich\\\/\"},\"wordCount\":277,\"commentCount\":4,\"publisher\":{\"@id\":\"https:\\\/\\\/www.haekelfieber.de\\\/wp-blog\\\/#organization\"},\"articleSection\":[\"Manch anderes\"],\"inLanguage\":\"de\",\"potentialAction\":[{\"@type\":\"CommentAction\",\"name\":\"Comment\",\"target\":[\"https:\\\/\\\/www.haekelfieber.de\\\/wp-blog\\\/2022\\\/07\\\/ist-das-in-ordnung-fuer-dich\\\/#respond\"]}]},{\"@type\":\"WebPage\",\"@id\":\"https:\\\/\\\/www.haekelfieber.de\\\/wp-blog\\\/2022\\\/07\\\/ist-das-in-ordnung-fuer-dich\\\/\",\"url\":\"https:\\\/\\\/www.haekelfieber.de\\\/wp-blog\\\/2022\\\/07\\\/ist-das-in-ordnung-fuer-dich\\\/\",\"name\":\"Ist das in Ordnung f\u00fcr dich? - H\u00e4kelfieber\",\"isPartOf\":{\"@id\":\"https:\\\/\\\/www.haekelfieber.de\\\/wp-blog\\\/#website\"},\"datePublished\":\"2022-07-29T04:31:36+00:00\",\"dateModified\":\"2022-07-29T08:04:58+00:00\",\"breadcrumb\":{\"@id\":\"https:\\\/\\\/www.haekelfieber.de\\\/wp-blog\\\/2022\\\/07\\\/ist-das-in-ordnung-fuer-dich\\\/#breadcrumb\"},\"inLanguage\":\"de\",\"potentialAction\":[{\"@type\":\"ReadAction\",\"target\":[\"https:\\\/\\\/www.haekelfieber.de\\\/wp-blog\\\/2022\\\/07\\\/ist-das-in-ordnung-fuer-dich\\\/\"]}]},{\"@type\":\"BreadcrumbList\",\"@id\":\"https:\\\/\\\/www.haekelfieber.de\\\/wp-blog\\\/2022\\\/07\\\/ist-das-in-ordnung-fuer-dich\\\/#breadcrumb\",\"itemListElement\":[{\"@type\":\"ListItem\",\"position\":1,\"name\":\"Home\",\"item\":\"https:\\\/\\\/www.haekelfieber.de\\\/wp-blog\\\/\"},{\"@type\":\"ListItem\",\"position\":2,\"name\":\"Ist das in Ordnung f\u00fcr dich?\"}]},{\"@type\":\"WebSite\",\"@id\":\"https:\\\/\\\/www.haekelfieber.de\\\/wp-blog\\\/#website\",\"url\":\"https:\\\/\\\/www.haekelfieber.de\\\/wp-blog\\\/\",\"name\":\"H\u00e4kelfieber\",\"description\":\"Ich bin im...\",\"publisher\":{\"@id\":\"https:\\\/\\\/www.haekelfieber.de\\\/wp-blog\\\/#organization\"},\"potentialAction\":[{\"@type\":\"SearchAction\",\"target\":{\"@type\":\"EntryPoint\",\"urlTemplate\":\"https:\\\/\\\/www.haekelfieber.de\\\/wp-blog\\\/?s={search_term_string}\"},\"query-input\":{\"@type\":\"PropertyValueSpecification\",\"valueRequired\":true,\"valueName\":\"search_term_string\"}}],\"inLanguage\":\"de\"},{\"@type\":\"Organization\",\"@id\":\"https:\\\/\\\/www.haekelfieber.de\\\/wp-blog\\\/#organization\",\"name\":\"H\u00e4kelfieber\",\"url\":\"https:\\\/\\\/www.haekelfieber.de\\\/wp-blog\\\/\",\"logo\":{\"@type\":\"ImageObject\",\"inLanguage\":\"de\",\"@id\":\"https:\\\/\\\/www.haekelfieber.de\\\/wp-blog\\\/#\\\/schema\\\/logo\\\/image\\\/\",\"url\":\"https:\\\/\\\/www.haekelfieber.de\\\/wp-blog\\\/wp-content\\\/uploads\\\/2023\\\/03\\\/kissen-haekeln2.jpg\",\"contentUrl\":\"https:\\\/\\\/www.haekelfieber.de\\\/wp-blog\\\/wp-content\\\/uploads\\\/2023\\\/03\\\/kissen-haekeln2.jpg\",\"width\":683,\"height\":1024,\"caption\":\"H\u00e4kelfieber\"},\"image\":{\"@id\":\"https:\\\/\\\/www.haekelfieber.de\\\/wp-blog\\\/#\\\/schema\\\/logo\\\/image\\\/\"}},{\"@type\":\"Person\",\"@id\":\"https:\\\/\\\/www.haekelfieber.de\\\/wp-blog\\\/#\\\/schema\\\/person\\\/08b81f8e0d3480519aadc66881dee8d7\",\"name\":\"Jutta\",\"image\":{\"@type\":\"ImageObject\",\"inLanguage\":\"de\",\"@id\":\"https:\\\/\\\/secure.gravatar.com\\\/avatar\\\/4fb96a09981d3eab52fd94765c38a5395ca69a563a8cd98c172ef85375636d9d?s=96&d=mm&r=g\",\"url\":\"https:\\\/\\\/secure.gravatar.com\\\/avatar\\\/4fb96a09981d3eab52fd94765c38a5395ca69a563a8cd98c172ef85375636d9d?s=96&d=mm&r=g\",\"contentUrl\":\"https:\\\/\\\/secure.gravatar.com\\\/avatar\\\/4fb96a09981d3eab52fd94765c38a5395ca69a563a8cd98c172ef85375636d9d?s=96&d=mm&r=g\",\"caption\":\"Jutta\"},\"url\":\"https:\\\/\\\/www.haekelfieber.de\\\/wp-blog\\\/author\\\/admin\\\/\"}]}<\/script>\n<!-- \/ Yoast SEO plugin. -->","yoast_head_json":{"title":"Ist das in Ordnung f\u00fcr dich? - H\u00e4kelfieber","robots":{"index":"index","follow":"follow","max-snippet":"max-snippet:-1","max-image-preview":"max-image-preview:large","max-video-preview":"max-video-preview:-1"},"canonical":"https:\/\/www.haekelfieber.de\/wp-blog\/2022\/07\/ist-das-in-ordnung-fuer-dich\/","og_locale":"de_DE","og_type":"article","og_title":"Ist das in Ordnung f\u00fcr dich? - H\u00e4kelfieber","og_description":"Mich besch\u00e4ftigt etwas. In den letzten Tagen h\u00f6rte ich aus dem engen Familienkreis von Begebenheiten:Vier Arbeitskolleginnen sitzen zusammen, zwei von ihnen berichten, dass ihre Ehem\u00e4nner nach der Injektion gegen Corona an Myocarditis erkrankten. Einer davon war neun Monate arbeitsunf\u00e4hig. Begriffe fallen wie &#8222;Vernarbung des Herzens&#8220; und &#8222;dauerhafte Medikation bis ans Lebensende&#8220;. Nur mal so eingeschoben: &hellip; Ist das in Ordnung f\u00fcr dich? weiterlesen &rarr;","og_url":"https:\/\/www.haekelfieber.de\/wp-blog\/2022\/07\/ist-das-in-ordnung-fuer-dich\/","og_site_name":"H\u00e4kelfieber","article_published_time":"2022-07-29T04:31:36+00:00","article_modified_time":"2022-07-29T08:04:58+00:00","author":"Jutta","twitter_misc":{"Verfasst von":"Jutta","Gesch\u00e4tzte Lesezeit":"2\u00a0Minuten"},"schema":{"@context":"https:\/\/schema.org","@graph":[{"@type":"Article","@id":"https:\/\/www.haekelfieber.de\/wp-blog\/2022\/07\/ist-das-in-ordnung-fuer-dich\/#article","isPartOf":{"@id":"https:\/\/www.haekelfieber.de\/wp-blog\/2022\/07\/ist-das-in-ordnung-fuer-dich\/"},"author":{"name":"Jutta","@id":"https:\/\/www.haekelfieber.de\/wp-blog\/#\/schema\/person\/08b81f8e0d3480519aadc66881dee8d7"},"headline":"Ist das in Ordnung f\u00fcr dich?","datePublished":"2022-07-29T04:31:36+00:00","dateModified":"2022-07-29T08:04:58+00:00","mainEntityOfPage":{"@id":"https:\/\/www.haekelfieber.de\/wp-blog\/2022\/07\/ist-das-in-ordnung-fuer-dich\/"},"wordCount":277,"commentCount":4,"publisher":{"@id":"https:\/\/www.haekelfieber.de\/wp-blog\/#organization"},"articleSection":["Manch anderes"],"inLanguage":"de","potentialAction":[{"@type":"CommentAction","name":"Comment","target":["https:\/\/www.haekelfieber.de\/wp-blog\/2022\/07\/ist-das-in-ordnung-fuer-dich\/#respond"]}]},{"@type":"WebPage","@id":"https:\/\/www.haekelfieber.de\/wp-blog\/2022\/07\/ist-das-in-ordnung-fuer-dich\/","url":"https:\/\/www.haekelfieber.de\/wp-blog\/2022\/07\/ist-das-in-ordnung-fuer-dich\/","name":"Ist das in Ordnung f\u00fcr dich? - H\u00e4kelfieber","isPartOf":{"@id":"https:\/\/www.haekelfieber.de\/wp-blog\/#website"},"datePublished":"2022-07-29T04:31:36+00:00","dateModified":"2022-07-29T08:04:58+00:00","breadcrumb":{"@id":"https:\/\/www.haekelfieber.de\/wp-blog\/2022\/07\/ist-das-in-ordnung-fuer-dich\/#breadcrumb"},"inLanguage":"de","potentialAction":[{"@type":"ReadAction","target":["https:\/\/www.haekelfieber.de\/wp-blog\/2022\/07\/ist-das-in-ordnung-fuer-dich\/"]}]},{"@type":"BreadcrumbList","@id":"https:\/\/www.haekelfieber.de\/wp-blog\/2022\/07\/ist-das-in-ordnung-fuer-dich\/#breadcrumb","itemListElement":[{"@type":"ListItem","position":1,"name":"Home","item":"https:\/\/www.haekelfieber.de\/wp-blog\/"},{"@type":"ListItem","position":2,"name":"Ist das in Ordnung f\u00fcr dich?"}]},{"@type":"WebSite","@id":"https:\/\/www.haekelfieber.de\/wp-blog\/#website","url":"https:\/\/www.haekelfieber.de\/wp-blog\/","name":"H\u00e4kelfieber","description":"Ich bin im...","publisher":{"@id":"https:\/\/www.haekelfieber.de\/wp-blog\/#organization"},"potentialAction":[{"@type":"SearchAction","target":{"@type":"EntryPoint","urlTemplate":"https:\/\/www.haekelfieber.de\/wp-blog\/?s={search_term_string}"},"query-input":{"@type":"PropertyValueSpecification","valueRequired":true,"valueName":"search_term_string"}}],"inLanguage":"de"},{"@type":"Organization","@id":"https:\/\/www.haekelfieber.de\/wp-blog\/#organization","name":"H\u00e4kelfieber","url":"https:\/\/www.haekelfieber.de\/wp-blog\/","logo":{"@type":"ImageObject","inLanguage":"de","@id":"https:\/\/www.haekelfieber.de\/wp-blog\/#\/schema\/logo\/image\/","url":"https:\/\/www.haekelfieber.de\/wp-blog\/wp-content\/uploads\/2023\/03\/kissen-haekeln2.jpg","contentUrl":"https:\/\/www.haekelfieber.de\/wp-blog\/wp-content\/uploads\/2023\/03\/kissen-haekeln2.jpg","width":683,"height":1024,"caption":"H\u00e4kelfieber"},"image":{"@id":"https:\/\/www.haekelfieber.de\/wp-blog\/#\/schema\/logo\/image\/"}},{"@type":"Person","@id":"https:\/\/www.haekelfieber.de\/wp-blog\/#\/schema\/person\/08b81f8e0d3480519aadc66881dee8d7","name":"Jutta","image":{"@type":"ImageObject","inLanguage":"de","@id":"https:\/\/secure.gravatar.com\/avatar\/4fb96a09981d3eab52fd94765c38a5395ca69a563a8cd98c172ef85375636d9d?s=96&d=mm&r=g","url":"https:\/\/secure.gravatar.com\/avatar\/4fb96a09981d3eab52fd94765c38a5395ca69a563a8cd98c172ef85375636d9d?s=96&d=mm&r=g","contentUrl":"https:\/\/secure.gravatar.com\/avatar\/4fb96a09981d3eab52fd94765c38a5395ca69a563a8cd98c172ef85375636d9d?s=96&d=mm&r=g","caption":"Jutta"},"url":"https:\/\/www.haekelfieber.de\/wp-blog\/author\/admin\/"}]}},"_links":{"self":[{"href":"https:\/\/www.haekelfieber.de\/wp-blog\/wp-json\/wp\/v2\/posts\/13016","targetHints":{"allow":["GET"]}}],"collection":[{"href":"https:\/\/www.haekelfieber.de\/wp-blog\/wp-json\/wp\/v2\/posts"}],"about":[{"href":"https:\/\/www.haekelfieber.de\/wp-blog\/wp-json\/wp\/v2\/types\/post"}],"author":[{"embeddable":true,"href":"https:\/\/www.haekelfieber.de\/wp-blog\/wp-json\/wp\/v2\/users\/1"}],"replies":[{"embeddable":true,"href":"https:\/\/www.haekelfieber.de\/wp-blog\/wp-json\/wp\/v2\/comments?post=13016"}],"version-history":[{"count":4,"href":"https:\/\/www.haekelfieber.de\/wp-blog\/wp-json\/wp\/v2\/posts\/13016\/revisions"}],"predecessor-version":[{"id":13022,"href":"https:\/\/www.haekelfieber.de\/wp-blog\/wp-json\/wp\/v2\/posts\/13016\/revisions\/13022"}],"wp:attachment":[{"href":"https:\/\/www.haekelfieber.de\/wp-blog\/wp-json\/wp\/v2\/media?parent=13016"}],"wp:term":[{"taxonomy":"category","embeddable":true,"href":"https:\/\/www.haekelfieber.de\/wp-blog\/wp-json\/wp\/v2\/categories?post=13016"},{"taxonomy":"post_tag","embeddable":true,"href":"https:\/\/www.haekelfieber.de\/wp-blog\/wp-json\/wp\/v2\/tags?post=13016"}],"curies":[{"name":"wp","href":"https:\/\/api.w.org\/{rel}","templated":true}]}}