{"id":13130,"date":"2022-09-01T17:22:24","date_gmt":"2022-09-01T15:22:24","guid":{"rendered":"https:\/\/www.haekelfieber.de\/wp-blog\/?p=13130"},"modified":"2022-09-03T09:49:19","modified_gmt":"2022-09-03T07:49:19","slug":"na-heute-schon-delegitimiert","status":"publish","type":"post","link":"https:\/\/www.haekelfieber.de\/wp-blog\/2022\/09\/na-heute-schon-delegitimiert\/","title":{"rendered":"Na, heute schon delegitimiert?"},"content":{"rendered":"\n<p>Heute noch nicht, daf\u00fcr aber gestern an der Tanke mit der Verk\u00e4uferin. Gemeinsam haben wir &#8222;vom Leder gezogen&#8220;, \u00fcber unsere &#8222;talentierten&#8220; Politiker.<br \/>&#8222;Delegitimation&#8220; ist ein neu-deutsches Wort. Die Fancy Naeser \u00e4hm, die Nancy Faeser, unsere Innenministerin, hat es glaube ich auf den Weg gebracht. Delegitimierer sind die neuen Staatsfeinde. Menschen, die sich kritisch der Regierung gegen\u00fcber \u00e4u\u00dfern. Menschen, die einfach nicht alles toll fnden, was uns die Politmeute so vorsetzt.<br \/>Und weil ich heute noch nicht delegitimiert hab, hole ich dies jetzt mal nach. Also Leute, einmal am Tag muss es einfach sein. So: Die Baerbock hat verlauten lassen, dass sie auf biegen und brechen die Ukraine unterst\u00fctzt, egal was ihre deutschen W\u00e4hler dar\u00fcber denken und egal wie sehr sie darunter wirtschaftlich leiden. Toll, welch &#8222;talentierte&#8220; Politikerin&#8230;<br \/>Sch\u00f6n mal wieder delegitimiert zu haben \ud83d\ude42<br \/>Eine runde Sache, wie meine Pfirsiche im Garten \ud83d\ude09<br \/><br \/><\/p>\n\n\n\n<figure class=\"wp-block-image size-full\"><img loading=\"lazy\" decoding=\"async\" width=\"683\" height=\"1024\" src=\"https:\/\/www.haekelfieber.de\/wp-blog\/wp-content\/uploads\/2022\/09\/pfirsich2.jpg\" alt=\"\" class=\"wp-image-13127\" srcset=\"https:\/\/www.haekelfieber.de\/wp-blog\/wp-content\/uploads\/2022\/09\/pfirsich2.jpg 683w, https:\/\/www.haekelfieber.de\/wp-blog\/wp-content\/uploads\/2022\/09\/pfirsich2-200x300.jpg 200w, https:\/\/www.haekelfieber.de\/wp-blog\/wp-content\/uploads\/2022\/09\/pfirsich2-400x600.jpg 400w\" sizes=\"auto, (max-width: 683px) 100vw, 683px\" \/><figcaption><br><br><\/figcaption><\/figure>\n\n\n\n<figure class=\"wp-block-image size-full\"><img loading=\"lazy\" decoding=\"async\" width=\"683\" height=\"1024\" src=\"https:\/\/www.haekelfieber.de\/wp-blog\/wp-content\/uploads\/2022\/09\/pfirsich3.jpg\" alt=\"\" class=\"wp-image-13128\" srcset=\"https:\/\/www.haekelfieber.de\/wp-blog\/wp-content\/uploads\/2022\/09\/pfirsich3.jpg 683w, https:\/\/www.haekelfieber.de\/wp-blog\/wp-content\/uploads\/2022\/09\/pfirsich3-200x300.jpg 200w, https:\/\/www.haekelfieber.de\/wp-blog\/wp-content\/uploads\/2022\/09\/pfirsich3-400x600.jpg 400w\" sizes=\"auto, (max-width: 683px) 100vw, 683px\" \/><figcaption><br><br><\/figcaption><\/figure>\n\n\n\n<figure class=\"wp-block-image size-full\"><img loading=\"lazy\" decoding=\"async\" width=\"683\" height=\"1024\" src=\"https:\/\/www.haekelfieber.de\/wp-blog\/wp-content\/uploads\/2022\/09\/pfirsich4.jpg\" alt=\"\" class=\"wp-image-13129\" srcset=\"https:\/\/www.haekelfieber.de\/wp-blog\/wp-content\/uploads\/2022\/09\/pfirsich4.jpg 683w, https:\/\/www.haekelfieber.de\/wp-blog\/wp-content\/uploads\/2022\/09\/pfirsich4-200x300.jpg 200w, https:\/\/www.haekelfieber.de\/wp-blog\/wp-content\/uploads\/2022\/09\/pfirsich4-400x600.jpg 400w\" sizes=\"auto, (max-width: 683px) 100vw, 683px\" \/><\/figure>\n\n\n","protected":false},"excerpt":{"rendered":"<p>Heute noch nicht, daf\u00fcr aber gestern an der Tanke mit der Verk\u00e4uferin. Gemeinsam haben wir &#8222;vom Leder gezogen&#8220;, \u00fcber unsere &#8222;talentierten&#8220; Politiker.&#8222;Delegitimation&#8220; ist ein neu-deutsches Wort. Die Fancy Naeser \u00e4hm, die Nancy Faeser, unsere Innenministerin, hat es glaube ich auf den Weg gebracht. Delegitimierer sind die neuen Staatsfeinde. Menschen, die sich kritisch der Regierung gegen\u00fcber &hellip; <a href=\"https:\/\/www.haekelfieber.de\/wp-blog\/2022\/09\/na-heute-schon-delegitimiert\/\" class=\"more-link\"><span class=\"screen-reader-text\">Na, heute schon delegitimiert?<\/span> weiterlesen <span class=\"meta-nav\">&rarr;<\/span><\/a><\/p>\n","protected":false},"author":1,"featured_media":0,"comment_status":"open","ping_status":"open","sticky":false,"template":"","format":"standard","meta":{"footnotes":""},"categories":[7,1],"tags":[],"class_list":["post-13130","post","type-post","status-publish","format-standard","hentry","category-garten","category-manch-anderes"],"yoast_head":"<!-- This site is optimized with the Yoast SEO plugin v27.4 - https:\/\/yoast.com\/product\/yoast-seo-wordpress\/ -->\n<title>Na, heute schon delegitimiert? - H\u00e4kelfieber<\/title>\n<meta name=\"robots\" content=\"index, follow, max-snippet:-1, max-image-preview:large, max-video-preview:-1\" \/>\n<link rel=\"canonical\" href=\"https:\/\/www.haekelfieber.de\/wp-blog\/2022\/09\/na-heute-schon-delegitimiert\/\" \/>\n<meta property=\"og:locale\" content=\"de_DE\" \/>\n<meta property=\"og:type\" content=\"article\" \/>\n<meta property=\"og:title\" content=\"Na, heute schon delegitimiert? - H\u00e4kelfieber\" \/>\n<meta property=\"og:description\" content=\"Heute noch nicht, daf\u00fcr aber gestern an der Tanke mit der Verk\u00e4uferin. Gemeinsam haben wir &#8222;vom Leder gezogen&#8220;, \u00fcber unsere &#8222;talentierten&#8220; Politiker.&#8222;Delegitimation&#8220; ist ein neu-deutsches Wort. Die Fancy Naeser \u00e4hm, die Nancy Faeser, unsere Innenministerin, hat es glaube ich auf den Weg gebracht. Delegitimierer sind die neuen Staatsfeinde. Menschen, die sich kritisch der Regierung gegen\u00fcber &hellip; Na, heute schon delegitimiert? weiterlesen &rarr;\" \/>\n<meta property=\"og:url\" content=\"https:\/\/www.haekelfieber.de\/wp-blog\/2022\/09\/na-heute-schon-delegitimiert\/\" \/>\n<meta property=\"og:site_name\" content=\"H\u00e4kelfieber\" \/>\n<meta property=\"article:published_time\" content=\"2022-09-01T15:22:24+00:00\" \/>\n<meta property=\"article:modified_time\" content=\"2022-09-03T07:49:19+00:00\" \/>\n<meta property=\"og:image\" content=\"https:\/\/www.haekelfieber.de\/wp-blog\/wp-content\/uploads\/2022\/09\/pfirsich2.jpg\" \/>\n<meta name=\"author\" content=\"Jutta\" \/>\n<meta name=\"twitter:label1\" content=\"Verfasst von\" \/>\n\t<meta name=\"twitter:data1\" content=\"Jutta\" \/>\n\t<meta name=\"twitter:label2\" content=\"Gesch\u00e4tzte Lesezeit\" \/>\n\t<meta name=\"twitter:data2\" content=\"2\u00a0Minuten\" \/>\n<script type=\"application\/ld+json\" class=\"yoast-schema-graph\">{\"@context\":\"https:\\\/\\\/schema.org\",\"@graph\":[{\"@type\":\"Article\",\"@id\":\"https:\\\/\\\/www.haekelfieber.de\\\/wp-blog\\\/2022\\\/09\\\/na-heute-schon-delegitimiert\\\/#article\",\"isPartOf\":{\"@id\":\"https:\\\/\\\/www.haekelfieber.de\\\/wp-blog\\\/2022\\\/09\\\/na-heute-schon-delegitimiert\\\/\"},\"author\":{\"name\":\"Jutta\",\"@id\":\"https:\\\/\\\/www.haekelfieber.de\\\/wp-blog\\\/#\\\/schema\\\/person\\\/08b81f8e0d3480519aadc66881dee8d7\"},\"headline\":\"Na, heute schon delegitimiert?\",\"datePublished\":\"2022-09-01T15:22:24+00:00\",\"dateModified\":\"2022-09-03T07:49:19+00:00\",\"mainEntityOfPage\":{\"@id\":\"https:\\\/\\\/www.haekelfieber.de\\\/wp-blog\\\/2022\\\/09\\\/na-heute-schon-delegitimiert\\\/\"},\"wordCount\":153,\"commentCount\":4,\"publisher\":{\"@id\":\"https:\\\/\\\/www.haekelfieber.de\\\/wp-blog\\\/#organization\"},\"image\":{\"@id\":\"https:\\\/\\\/www.haekelfieber.de\\\/wp-blog\\\/2022\\\/09\\\/na-heute-schon-delegitimiert\\\/#primaryimage\"},\"thumbnailUrl\":\"https:\\\/\\\/www.haekelfieber.de\\\/wp-blog\\\/wp-content\\\/uploads\\\/2022\\\/09\\\/pfirsich2.jpg\",\"articleSection\":[\"Garten\",\"Manch anderes\"],\"inLanguage\":\"de\",\"potentialAction\":[{\"@type\":\"CommentAction\",\"name\":\"Comment\",\"target\":[\"https:\\\/\\\/www.haekelfieber.de\\\/wp-blog\\\/2022\\\/09\\\/na-heute-schon-delegitimiert\\\/#respond\"]}]},{\"@type\":\"WebPage\",\"@id\":\"https:\\\/\\\/www.haekelfieber.de\\\/wp-blog\\\/2022\\\/09\\\/na-heute-schon-delegitimiert\\\/\",\"url\":\"https:\\\/\\\/www.haekelfieber.de\\\/wp-blog\\\/2022\\\/09\\\/na-heute-schon-delegitimiert\\\/\",\"name\":\"Na, heute schon delegitimiert? - H\u00e4kelfieber\",\"isPartOf\":{\"@id\":\"https:\\\/\\\/www.haekelfieber.de\\\/wp-blog\\\/#website\"},\"primaryImageOfPage\":{\"@id\":\"https:\\\/\\\/www.haekelfieber.de\\\/wp-blog\\\/2022\\\/09\\\/na-heute-schon-delegitimiert\\\/#primaryimage\"},\"image\":{\"@id\":\"https:\\\/\\\/www.haekelfieber.de\\\/wp-blog\\\/2022\\\/09\\\/na-heute-schon-delegitimiert\\\/#primaryimage\"},\"thumbnailUrl\":\"https:\\\/\\\/www.haekelfieber.de\\\/wp-blog\\\/wp-content\\\/uploads\\\/2022\\\/09\\\/pfirsich2.jpg\",\"datePublished\":\"2022-09-01T15:22:24+00:00\",\"dateModified\":\"2022-09-03T07:49:19+00:00\",\"breadcrumb\":{\"@id\":\"https:\\\/\\\/www.haekelfieber.de\\\/wp-blog\\\/2022\\\/09\\\/na-heute-schon-delegitimiert\\\/#breadcrumb\"},\"inLanguage\":\"de\",\"potentialAction\":[{\"@type\":\"ReadAction\",\"target\":[\"https:\\\/\\\/www.haekelfieber.de\\\/wp-blog\\\/2022\\\/09\\\/na-heute-schon-delegitimiert\\\/\"]}]},{\"@type\":\"ImageObject\",\"inLanguage\":\"de\",\"@id\":\"https:\\\/\\\/www.haekelfieber.de\\\/wp-blog\\\/2022\\\/09\\\/na-heute-schon-delegitimiert\\\/#primaryimage\",\"url\":\"https:\\\/\\\/www.haekelfieber.de\\\/wp-blog\\\/wp-content\\\/uploads\\\/2022\\\/09\\\/pfirsich2.jpg\",\"contentUrl\":\"https:\\\/\\\/www.haekelfieber.de\\\/wp-blog\\\/wp-content\\\/uploads\\\/2022\\\/09\\\/pfirsich2.jpg\",\"width\":683,\"height\":1024},{\"@type\":\"BreadcrumbList\",\"@id\":\"https:\\\/\\\/www.haekelfieber.de\\\/wp-blog\\\/2022\\\/09\\\/na-heute-schon-delegitimiert\\\/#breadcrumb\",\"itemListElement\":[{\"@type\":\"ListItem\",\"position\":1,\"name\":\"Home\",\"item\":\"https:\\\/\\\/www.haekelfieber.de\\\/wp-blog\\\/\"},{\"@type\":\"ListItem\",\"position\":2,\"name\":\"Na, heute schon delegitimiert?\"}]},{\"@type\":\"WebSite\",\"@id\":\"https:\\\/\\\/www.haekelfieber.de\\\/wp-blog\\\/#website\",\"url\":\"https:\\\/\\\/www.haekelfieber.de\\\/wp-blog\\\/\",\"name\":\"H\u00e4kelfieber\",\"description\":\"Ich bin im...\",\"publisher\":{\"@id\":\"https:\\\/\\\/www.haekelfieber.de\\\/wp-blog\\\/#organization\"},\"potentialAction\":[{\"@type\":\"SearchAction\",\"target\":{\"@type\":\"EntryPoint\",\"urlTemplate\":\"https:\\\/\\\/www.haekelfieber.de\\\/wp-blog\\\/?s={search_term_string}\"},\"query-input\":{\"@type\":\"PropertyValueSpecification\",\"valueRequired\":true,\"valueName\":\"search_term_string\"}}],\"inLanguage\":\"de\"},{\"@type\":\"Organization\",\"@id\":\"https:\\\/\\\/www.haekelfieber.de\\\/wp-blog\\\/#organization\",\"name\":\"H\u00e4kelfieber\",\"url\":\"https:\\\/\\\/www.haekelfieber.de\\\/wp-blog\\\/\",\"logo\":{\"@type\":\"ImageObject\",\"inLanguage\":\"de\",\"@id\":\"https:\\\/\\\/www.haekelfieber.de\\\/wp-blog\\\/#\\\/schema\\\/logo\\\/image\\\/\",\"url\":\"https:\\\/\\\/www.haekelfieber.de\\\/wp-blog\\\/wp-content\\\/uploads\\\/2023\\\/03\\\/kissen-haekeln2.jpg\",\"contentUrl\":\"https:\\\/\\\/www.haekelfieber.de\\\/wp-blog\\\/wp-content\\\/uploads\\\/2023\\\/03\\\/kissen-haekeln2.jpg\",\"width\":683,\"height\":1024,\"caption\":\"H\u00e4kelfieber\"},\"image\":{\"@id\":\"https:\\\/\\\/www.haekelfieber.de\\\/wp-blog\\\/#\\\/schema\\\/logo\\\/image\\\/\"}},{\"@type\":\"Person\",\"@id\":\"https:\\\/\\\/www.haekelfieber.de\\\/wp-blog\\\/#\\\/schema\\\/person\\\/08b81f8e0d3480519aadc66881dee8d7\",\"name\":\"Jutta\",\"image\":{\"@type\":\"ImageObject\",\"inLanguage\":\"de\",\"@id\":\"https:\\\/\\\/secure.gravatar.com\\\/avatar\\\/4fb96a09981d3eab52fd94765c38a5395ca69a563a8cd98c172ef85375636d9d?s=96&d=mm&r=g\",\"url\":\"https:\\\/\\\/secure.gravatar.com\\\/avatar\\\/4fb96a09981d3eab52fd94765c38a5395ca69a563a8cd98c172ef85375636d9d?s=96&d=mm&r=g\",\"contentUrl\":\"https:\\\/\\\/secure.gravatar.com\\\/avatar\\\/4fb96a09981d3eab52fd94765c38a5395ca69a563a8cd98c172ef85375636d9d?s=96&d=mm&r=g\",\"caption\":\"Jutta\"},\"url\":\"https:\\\/\\\/www.haekelfieber.de\\\/wp-blog\\\/author\\\/admin\\\/\"}]}<\/script>\n<!-- \/ Yoast SEO plugin. -->","yoast_head_json":{"title":"Na, heute schon delegitimiert? - H\u00e4kelfieber","robots":{"index":"index","follow":"follow","max-snippet":"max-snippet:-1","max-image-preview":"max-image-preview:large","max-video-preview":"max-video-preview:-1"},"canonical":"https:\/\/www.haekelfieber.de\/wp-blog\/2022\/09\/na-heute-schon-delegitimiert\/","og_locale":"de_DE","og_type":"article","og_title":"Na, heute schon delegitimiert? - H\u00e4kelfieber","og_description":"Heute noch nicht, daf\u00fcr aber gestern an der Tanke mit der Verk\u00e4uferin. Gemeinsam haben wir &#8222;vom Leder gezogen&#8220;, \u00fcber unsere &#8222;talentierten&#8220; Politiker.&#8222;Delegitimation&#8220; ist ein neu-deutsches Wort. Die Fancy Naeser \u00e4hm, die Nancy Faeser, unsere Innenministerin, hat es glaube ich auf den Weg gebracht. Delegitimierer sind die neuen Staatsfeinde. Menschen, die sich kritisch der Regierung gegen\u00fcber &hellip; Na, heute schon delegitimiert? weiterlesen &rarr;","og_url":"https:\/\/www.haekelfieber.de\/wp-blog\/2022\/09\/na-heute-schon-delegitimiert\/","og_site_name":"H\u00e4kelfieber","article_published_time":"2022-09-01T15:22:24+00:00","article_modified_time":"2022-09-03T07:49:19+00:00","og_image":[{"url":"https:\/\/www.haekelfieber.de\/wp-blog\/wp-content\/uploads\/2022\/09\/pfirsich2.jpg","type":"","width":"","height":""}],"author":"Jutta","twitter_misc":{"Verfasst von":"Jutta","Gesch\u00e4tzte Lesezeit":"2\u00a0Minuten"},"schema":{"@context":"https:\/\/schema.org","@graph":[{"@type":"Article","@id":"https:\/\/www.haekelfieber.de\/wp-blog\/2022\/09\/na-heute-schon-delegitimiert\/#article","isPartOf":{"@id":"https:\/\/www.haekelfieber.de\/wp-blog\/2022\/09\/na-heute-schon-delegitimiert\/"},"author":{"name":"Jutta","@id":"https:\/\/www.haekelfieber.de\/wp-blog\/#\/schema\/person\/08b81f8e0d3480519aadc66881dee8d7"},"headline":"Na, heute schon delegitimiert?","datePublished":"2022-09-01T15:22:24+00:00","dateModified":"2022-09-03T07:49:19+00:00","mainEntityOfPage":{"@id":"https:\/\/www.haekelfieber.de\/wp-blog\/2022\/09\/na-heute-schon-delegitimiert\/"},"wordCount":153,"commentCount":4,"publisher":{"@id":"https:\/\/www.haekelfieber.de\/wp-blog\/#organization"},"image":{"@id":"https:\/\/www.haekelfieber.de\/wp-blog\/2022\/09\/na-heute-schon-delegitimiert\/#primaryimage"},"thumbnailUrl":"https:\/\/www.haekelfieber.de\/wp-blog\/wp-content\/uploads\/2022\/09\/pfirsich2.jpg","articleSection":["Garten","Manch anderes"],"inLanguage":"de","potentialAction":[{"@type":"CommentAction","name":"Comment","target":["https:\/\/www.haekelfieber.de\/wp-blog\/2022\/09\/na-heute-schon-delegitimiert\/#respond"]}]},{"@type":"WebPage","@id":"https:\/\/www.haekelfieber.de\/wp-blog\/2022\/09\/na-heute-schon-delegitimiert\/","url":"https:\/\/www.haekelfieber.de\/wp-blog\/2022\/09\/na-heute-schon-delegitimiert\/","name":"Na, heute schon delegitimiert? - H\u00e4kelfieber","isPartOf":{"@id":"https:\/\/www.haekelfieber.de\/wp-blog\/#website"},"primaryImageOfPage":{"@id":"https:\/\/www.haekelfieber.de\/wp-blog\/2022\/09\/na-heute-schon-delegitimiert\/#primaryimage"},"image":{"@id":"https:\/\/www.haekelfieber.de\/wp-blog\/2022\/09\/na-heute-schon-delegitimiert\/#primaryimage"},"thumbnailUrl":"https:\/\/www.haekelfieber.de\/wp-blog\/wp-content\/uploads\/2022\/09\/pfirsich2.jpg","datePublished":"2022-09-01T15:22:24+00:00","dateModified":"2022-09-03T07:49:19+00:00","breadcrumb":{"@id":"https:\/\/www.haekelfieber.de\/wp-blog\/2022\/09\/na-heute-schon-delegitimiert\/#breadcrumb"},"inLanguage":"de","potentialAction":[{"@type":"ReadAction","target":["https:\/\/www.haekelfieber.de\/wp-blog\/2022\/09\/na-heute-schon-delegitimiert\/"]}]},{"@type":"ImageObject","inLanguage":"de","@id":"https:\/\/www.haekelfieber.de\/wp-blog\/2022\/09\/na-heute-schon-delegitimiert\/#primaryimage","url":"https:\/\/www.haekelfieber.de\/wp-blog\/wp-content\/uploads\/2022\/09\/pfirsich2.jpg","contentUrl":"https:\/\/www.haekelfieber.de\/wp-blog\/wp-content\/uploads\/2022\/09\/pfirsich2.jpg","width":683,"height":1024},{"@type":"BreadcrumbList","@id":"https:\/\/www.haekelfieber.de\/wp-blog\/2022\/09\/na-heute-schon-delegitimiert\/#breadcrumb","itemListElement":[{"@type":"ListItem","position":1,"name":"Home","item":"https:\/\/www.haekelfieber.de\/wp-blog\/"},{"@type":"ListItem","position":2,"name":"Na, heute schon delegitimiert?"}]},{"@type":"WebSite","@id":"https:\/\/www.haekelfieber.de\/wp-blog\/#website","url":"https:\/\/www.haekelfieber.de\/wp-blog\/","name":"H\u00e4kelfieber","description":"Ich bin im...","publisher":{"@id":"https:\/\/www.haekelfieber.de\/wp-blog\/#organization"},"potentialAction":[{"@type":"SearchAction","target":{"@type":"EntryPoint","urlTemplate":"https:\/\/www.haekelfieber.de\/wp-blog\/?s={search_term_string}"},"query-input":{"@type":"PropertyValueSpecification","valueRequired":true,"valueName":"search_term_string"}}],"inLanguage":"de"},{"@type":"Organization","@id":"https:\/\/www.haekelfieber.de\/wp-blog\/#organization","name":"H\u00e4kelfieber","url":"https:\/\/www.haekelfieber.de\/wp-blog\/","logo":{"@type":"ImageObject","inLanguage":"de","@id":"https:\/\/www.haekelfieber.de\/wp-blog\/#\/schema\/logo\/image\/","url":"https:\/\/www.haekelfieber.de\/wp-blog\/wp-content\/uploads\/2023\/03\/kissen-haekeln2.jpg","contentUrl":"https:\/\/www.haekelfieber.de\/wp-blog\/wp-content\/uploads\/2023\/03\/kissen-haekeln2.jpg","width":683,"height":1024,"caption":"H\u00e4kelfieber"},"image":{"@id":"https:\/\/www.haekelfieber.de\/wp-blog\/#\/schema\/logo\/image\/"}},{"@type":"Person","@id":"https:\/\/www.haekelfieber.de\/wp-blog\/#\/schema\/person\/08b81f8e0d3480519aadc66881dee8d7","name":"Jutta","image":{"@type":"ImageObject","inLanguage":"de","@id":"https:\/\/secure.gravatar.com\/avatar\/4fb96a09981d3eab52fd94765c38a5395ca69a563a8cd98c172ef85375636d9d?s=96&d=mm&r=g","url":"https:\/\/secure.gravatar.com\/avatar\/4fb96a09981d3eab52fd94765c38a5395ca69a563a8cd98c172ef85375636d9d?s=96&d=mm&r=g","contentUrl":"https:\/\/secure.gravatar.com\/avatar\/4fb96a09981d3eab52fd94765c38a5395ca69a563a8cd98c172ef85375636d9d?s=96&d=mm&r=g","caption":"Jutta"},"url":"https:\/\/www.haekelfieber.de\/wp-blog\/author\/admin\/"}]}},"_links":{"self":[{"href":"https:\/\/www.haekelfieber.de\/wp-blog\/wp-json\/wp\/v2\/posts\/13130","targetHints":{"allow":["GET"]}}],"collection":[{"href":"https:\/\/www.haekelfieber.de\/wp-blog\/wp-json\/wp\/v2\/posts"}],"about":[{"href":"https:\/\/www.haekelfieber.de\/wp-blog\/wp-json\/wp\/v2\/types\/post"}],"author":[{"embeddable":true,"href":"https:\/\/www.haekelfieber.de\/wp-blog\/wp-json\/wp\/v2\/users\/1"}],"replies":[{"embeddable":true,"href":"https:\/\/www.haekelfieber.de\/wp-blog\/wp-json\/wp\/v2\/comments?post=13130"}],"version-history":[{"count":2,"href":"https:\/\/www.haekelfieber.de\/wp-blog\/wp-json\/wp\/v2\/posts\/13130\/revisions"}],"predecessor-version":[{"id":13133,"href":"https:\/\/www.haekelfieber.de\/wp-blog\/wp-json\/wp\/v2\/posts\/13130\/revisions\/13133"}],"wp:attachment":[{"href":"https:\/\/www.haekelfieber.de\/wp-blog\/wp-json\/wp\/v2\/media?parent=13130"}],"wp:term":[{"taxonomy":"category","embeddable":true,"href":"https:\/\/www.haekelfieber.de\/wp-blog\/wp-json\/wp\/v2\/categories?post=13130"},{"taxonomy":"post_tag","embeddable":true,"href":"https:\/\/www.haekelfieber.de\/wp-blog\/wp-json\/wp\/v2\/tags?post=13130"}],"curies":[{"name":"wp","href":"https:\/\/api.w.org\/{rel}","templated":true}]}}