{"id":13640,"date":"2023-02-27T07:03:11","date_gmt":"2023-02-27T06:03:11","guid":{"rendered":"https:\/\/www.haekelfieber.de\/wp-blog\/?p=13640"},"modified":"2023-02-27T07:03:25","modified_gmt":"2023-02-27T06:03:25","slug":"ein-kalter-wind","status":"publish","type":"post","link":"https:\/\/www.haekelfieber.de\/wp-blog\/2023\/02\/ein-kalter-wind\/","title":{"rendered":"Ein kalter Wind&#8230;"},"content":{"rendered":"\n\n\n<p>&#8230;fegte gestern Nachmittag \u00fcber den Platz. F\u00fcr die Sonne kein durchkommen. Schneegest\u00f6ber. In einer Kreisstadt vor dem Rathaus. Etliche Menschen versammelt, frierend, in der K\u00e4lte. &#8222;Sag nein&#8230;&#8220; Worte aus dem Jahr 1947 bahnen sich den Weg durch den Wind. &#8222;&#8230;keinen Krieg &#8211; nie mehr&#8230;&#8220;. &#8222;Die Kinder&#8230;, was haben wir ihnen angetan in den letzten drei Jahren&#8230;&#8220;. Der Wind wird st\u00e4rker, treibt in sch\u00fctzende Ecken. Ich sehe\u00a0 Menschen gegen\u00fcber in einem Cafe. Kaffee, Kuchen, W\u00e4rme. Ich stehe in der K\u00e4lte, im Schneegest\u00f6ber und Worte ber\u00fchren mein Herz, die dort kein Geh\u00f6r finden. Es ist eine seltsame Zeit, in der Menschen den Kopf sch\u00fctteln, \u00fcber den Wunsch nach Frieden.<br \/><br \/>Ich sehne mich nach:<br \/><br \/>Fr\u00fchling l\u00e4sst sein blaues Band<br \/>Wieder flattern durch die L\u00fcfte;<br \/>S\u00fc\u00dfe, wohlbekannte D\u00fcfte<br \/>Streifen ahnungsvoll das Land.<br \/>Veilchen tr\u00e4umen schon,<br \/>Wollen balde kommen.<br \/>Horch, von fern ein leiser Harfenton!<br \/>Fr\u00fchling, ja du bist\u00b4s!<br \/>Dich hab ich vernommen!<br \/><br \/>Eduard M\u00f6rike (1804 &#8211; 1875)<\/p>\n","protected":false},"excerpt":{"rendered":"<p>&#8230;fegte gestern Nachmittag \u00fcber den Platz. F\u00fcr die Sonne kein durchkommen. Schneegest\u00f6ber. In einer Kreisstadt vor dem Rathaus. Etliche Menschen versammelt, frierend, in der K\u00e4lte. &#8222;Sag nein&#8230;&#8220; Worte aus dem Jahr 1947 bahnen sich den Weg durch den Wind. &#8222;&#8230;keinen Krieg &#8211; nie mehr&#8230;&#8220;. &#8222;Die Kinder&#8230;, was haben wir ihnen angetan in den letzten drei &hellip; <a href=\"https:\/\/www.haekelfieber.de\/wp-blog\/2023\/02\/ein-kalter-wind\/\" class=\"more-link\"><span class=\"screen-reader-text\">Ein kalter Wind&#8230;<\/span> weiterlesen <span class=\"meta-nav\">&rarr;<\/span><\/a><\/p>\n","protected":false},"author":1,"featured_media":0,"comment_status":"open","ping_status":"open","sticky":false,"template":"","format":"standard","meta":{"footnotes":""},"categories":[1],"tags":[],"class_list":["post-13640","post","type-post","status-publish","format-standard","hentry","category-manch-anderes"],"yoast_head":"<!-- This site is optimized with the Yoast SEO plugin v27.4 - https:\/\/yoast.com\/product\/yoast-seo-wordpress\/ -->\n<title>Ein kalter Wind... - H\u00e4kelfieber<\/title>\n<meta name=\"robots\" content=\"index, follow, max-snippet:-1, max-image-preview:large, max-video-preview:-1\" \/>\n<link rel=\"canonical\" href=\"https:\/\/www.haekelfieber.de\/wp-blog\/2023\/02\/ein-kalter-wind\/\" \/>\n<meta property=\"og:locale\" content=\"de_DE\" \/>\n<meta property=\"og:type\" content=\"article\" \/>\n<meta property=\"og:title\" content=\"Ein kalter Wind... - H\u00e4kelfieber\" \/>\n<meta property=\"og:description\" content=\"&#8230;fegte gestern Nachmittag \u00fcber den Platz. F\u00fcr die Sonne kein durchkommen. Schneegest\u00f6ber. In einer Kreisstadt vor dem Rathaus. Etliche Menschen versammelt, frierend, in der K\u00e4lte. &#8222;Sag nein&#8230;&#8220; Worte aus dem Jahr 1947 bahnen sich den Weg durch den Wind. &#8222;&#8230;keinen Krieg &#8211; nie mehr&#8230;&#8220;. &#8222;Die Kinder&#8230;, was haben wir ihnen angetan in den letzten drei &hellip; Ein kalter Wind&#8230; weiterlesen &rarr;\" \/>\n<meta property=\"og:url\" content=\"https:\/\/www.haekelfieber.de\/wp-blog\/2023\/02\/ein-kalter-wind\/\" \/>\n<meta property=\"og:site_name\" content=\"H\u00e4kelfieber\" \/>\n<meta property=\"article:published_time\" content=\"2023-02-27T06:03:11+00:00\" \/>\n<meta property=\"article:modified_time\" content=\"2023-02-27T06:03:25+00:00\" \/>\n<meta name=\"author\" content=\"Jutta\" \/>\n<meta name=\"twitter:label1\" content=\"Verfasst von\" \/>\n\t<meta name=\"twitter:data1\" content=\"Jutta\" \/>\n\t<meta name=\"twitter:label2\" content=\"Gesch\u00e4tzte Lesezeit\" \/>\n\t<meta name=\"twitter:data2\" content=\"1\u00a0Minute\" \/>\n<script type=\"application\/ld+json\" class=\"yoast-schema-graph\">{\"@context\":\"https:\\\/\\\/schema.org\",\"@graph\":[{\"@type\":\"Article\",\"@id\":\"https:\\\/\\\/www.haekelfieber.de\\\/wp-blog\\\/2023\\\/02\\\/ein-kalter-wind\\\/#article\",\"isPartOf\":{\"@id\":\"https:\\\/\\\/www.haekelfieber.de\\\/wp-blog\\\/2023\\\/02\\\/ein-kalter-wind\\\/\"},\"author\":{\"name\":\"Jutta\",\"@id\":\"https:\\\/\\\/www.haekelfieber.de\\\/wp-blog\\\/#\\\/schema\\\/person\\\/08b81f8e0d3480519aadc66881dee8d7\"},\"headline\":\"Ein kalter Wind&#8230;\",\"datePublished\":\"2023-02-27T06:03:11+00:00\",\"dateModified\":\"2023-02-27T06:03:25+00:00\",\"mainEntityOfPage\":{\"@id\":\"https:\\\/\\\/www.haekelfieber.de\\\/wp-blog\\\/2023\\\/02\\\/ein-kalter-wind\\\/\"},\"wordCount\":172,\"commentCount\":4,\"publisher\":{\"@id\":\"https:\\\/\\\/www.haekelfieber.de\\\/wp-blog\\\/#organization\"},\"articleSection\":[\"Manch anderes\"],\"inLanguage\":\"de\",\"potentialAction\":[{\"@type\":\"CommentAction\",\"name\":\"Comment\",\"target\":[\"https:\\\/\\\/www.haekelfieber.de\\\/wp-blog\\\/2023\\\/02\\\/ein-kalter-wind\\\/#respond\"]}]},{\"@type\":\"WebPage\",\"@id\":\"https:\\\/\\\/www.haekelfieber.de\\\/wp-blog\\\/2023\\\/02\\\/ein-kalter-wind\\\/\",\"url\":\"https:\\\/\\\/www.haekelfieber.de\\\/wp-blog\\\/2023\\\/02\\\/ein-kalter-wind\\\/\",\"name\":\"Ein kalter Wind... - H\u00e4kelfieber\",\"isPartOf\":{\"@id\":\"https:\\\/\\\/www.haekelfieber.de\\\/wp-blog\\\/#website\"},\"datePublished\":\"2023-02-27T06:03:11+00:00\",\"dateModified\":\"2023-02-27T06:03:25+00:00\",\"breadcrumb\":{\"@id\":\"https:\\\/\\\/www.haekelfieber.de\\\/wp-blog\\\/2023\\\/02\\\/ein-kalter-wind\\\/#breadcrumb\"},\"inLanguage\":\"de\",\"potentialAction\":[{\"@type\":\"ReadAction\",\"target\":[\"https:\\\/\\\/www.haekelfieber.de\\\/wp-blog\\\/2023\\\/02\\\/ein-kalter-wind\\\/\"]}]},{\"@type\":\"BreadcrumbList\",\"@id\":\"https:\\\/\\\/www.haekelfieber.de\\\/wp-blog\\\/2023\\\/02\\\/ein-kalter-wind\\\/#breadcrumb\",\"itemListElement\":[{\"@type\":\"ListItem\",\"position\":1,\"name\":\"Home\",\"item\":\"https:\\\/\\\/www.haekelfieber.de\\\/wp-blog\\\/\"},{\"@type\":\"ListItem\",\"position\":2,\"name\":\"Ein kalter Wind&#8230;\"}]},{\"@type\":\"WebSite\",\"@id\":\"https:\\\/\\\/www.haekelfieber.de\\\/wp-blog\\\/#website\",\"url\":\"https:\\\/\\\/www.haekelfieber.de\\\/wp-blog\\\/\",\"name\":\"H\u00e4kelfieber\",\"description\":\"Ich bin im...\",\"publisher\":{\"@id\":\"https:\\\/\\\/www.haekelfieber.de\\\/wp-blog\\\/#organization\"},\"potentialAction\":[{\"@type\":\"SearchAction\",\"target\":{\"@type\":\"EntryPoint\",\"urlTemplate\":\"https:\\\/\\\/www.haekelfieber.de\\\/wp-blog\\\/?s={search_term_string}\"},\"query-input\":{\"@type\":\"PropertyValueSpecification\",\"valueRequired\":true,\"valueName\":\"search_term_string\"}}],\"inLanguage\":\"de\"},{\"@type\":\"Organization\",\"@id\":\"https:\\\/\\\/www.haekelfieber.de\\\/wp-blog\\\/#organization\",\"name\":\"H\u00e4kelfieber\",\"url\":\"https:\\\/\\\/www.haekelfieber.de\\\/wp-blog\\\/\",\"logo\":{\"@type\":\"ImageObject\",\"inLanguage\":\"de\",\"@id\":\"https:\\\/\\\/www.haekelfieber.de\\\/wp-blog\\\/#\\\/schema\\\/logo\\\/image\\\/\",\"url\":\"https:\\\/\\\/www.haekelfieber.de\\\/wp-blog\\\/wp-content\\\/uploads\\\/2023\\\/03\\\/kissen-haekeln2.jpg\",\"contentUrl\":\"https:\\\/\\\/www.haekelfieber.de\\\/wp-blog\\\/wp-content\\\/uploads\\\/2023\\\/03\\\/kissen-haekeln2.jpg\",\"width\":683,\"height\":1024,\"caption\":\"H\u00e4kelfieber\"},\"image\":{\"@id\":\"https:\\\/\\\/www.haekelfieber.de\\\/wp-blog\\\/#\\\/schema\\\/logo\\\/image\\\/\"}},{\"@type\":\"Person\",\"@id\":\"https:\\\/\\\/www.haekelfieber.de\\\/wp-blog\\\/#\\\/schema\\\/person\\\/08b81f8e0d3480519aadc66881dee8d7\",\"name\":\"Jutta\",\"image\":{\"@type\":\"ImageObject\",\"inLanguage\":\"de\",\"@id\":\"https:\\\/\\\/secure.gravatar.com\\\/avatar\\\/4fb96a09981d3eab52fd94765c38a5395ca69a563a8cd98c172ef85375636d9d?s=96&d=mm&r=g\",\"url\":\"https:\\\/\\\/secure.gravatar.com\\\/avatar\\\/4fb96a09981d3eab52fd94765c38a5395ca69a563a8cd98c172ef85375636d9d?s=96&d=mm&r=g\",\"contentUrl\":\"https:\\\/\\\/secure.gravatar.com\\\/avatar\\\/4fb96a09981d3eab52fd94765c38a5395ca69a563a8cd98c172ef85375636d9d?s=96&d=mm&r=g\",\"caption\":\"Jutta\"},\"url\":\"https:\\\/\\\/www.haekelfieber.de\\\/wp-blog\\\/author\\\/admin\\\/\"}]}<\/script>\n<!-- \/ Yoast SEO plugin. -->","yoast_head_json":{"title":"Ein kalter Wind... - H\u00e4kelfieber","robots":{"index":"index","follow":"follow","max-snippet":"max-snippet:-1","max-image-preview":"max-image-preview:large","max-video-preview":"max-video-preview:-1"},"canonical":"https:\/\/www.haekelfieber.de\/wp-blog\/2023\/02\/ein-kalter-wind\/","og_locale":"de_DE","og_type":"article","og_title":"Ein kalter Wind... - H\u00e4kelfieber","og_description":"&#8230;fegte gestern Nachmittag \u00fcber den Platz. F\u00fcr die Sonne kein durchkommen. Schneegest\u00f6ber. In einer Kreisstadt vor dem Rathaus. Etliche Menschen versammelt, frierend, in der K\u00e4lte. &#8222;Sag nein&#8230;&#8220; Worte aus dem Jahr 1947 bahnen sich den Weg durch den Wind. &#8222;&#8230;keinen Krieg &#8211; nie mehr&#8230;&#8220;. &#8222;Die Kinder&#8230;, was haben wir ihnen angetan in den letzten drei &hellip; Ein kalter Wind&#8230; weiterlesen &rarr;","og_url":"https:\/\/www.haekelfieber.de\/wp-blog\/2023\/02\/ein-kalter-wind\/","og_site_name":"H\u00e4kelfieber","article_published_time":"2023-02-27T06:03:11+00:00","article_modified_time":"2023-02-27T06:03:25+00:00","author":"Jutta","twitter_misc":{"Verfasst von":"Jutta","Gesch\u00e4tzte Lesezeit":"1\u00a0Minute"},"schema":{"@context":"https:\/\/schema.org","@graph":[{"@type":"Article","@id":"https:\/\/www.haekelfieber.de\/wp-blog\/2023\/02\/ein-kalter-wind\/#article","isPartOf":{"@id":"https:\/\/www.haekelfieber.de\/wp-blog\/2023\/02\/ein-kalter-wind\/"},"author":{"name":"Jutta","@id":"https:\/\/www.haekelfieber.de\/wp-blog\/#\/schema\/person\/08b81f8e0d3480519aadc66881dee8d7"},"headline":"Ein kalter Wind&#8230;","datePublished":"2023-02-27T06:03:11+00:00","dateModified":"2023-02-27T06:03:25+00:00","mainEntityOfPage":{"@id":"https:\/\/www.haekelfieber.de\/wp-blog\/2023\/02\/ein-kalter-wind\/"},"wordCount":172,"commentCount":4,"publisher":{"@id":"https:\/\/www.haekelfieber.de\/wp-blog\/#organization"},"articleSection":["Manch anderes"],"inLanguage":"de","potentialAction":[{"@type":"CommentAction","name":"Comment","target":["https:\/\/www.haekelfieber.de\/wp-blog\/2023\/02\/ein-kalter-wind\/#respond"]}]},{"@type":"WebPage","@id":"https:\/\/www.haekelfieber.de\/wp-blog\/2023\/02\/ein-kalter-wind\/","url":"https:\/\/www.haekelfieber.de\/wp-blog\/2023\/02\/ein-kalter-wind\/","name":"Ein kalter Wind... - H\u00e4kelfieber","isPartOf":{"@id":"https:\/\/www.haekelfieber.de\/wp-blog\/#website"},"datePublished":"2023-02-27T06:03:11+00:00","dateModified":"2023-02-27T06:03:25+00:00","breadcrumb":{"@id":"https:\/\/www.haekelfieber.de\/wp-blog\/2023\/02\/ein-kalter-wind\/#breadcrumb"},"inLanguage":"de","potentialAction":[{"@type":"ReadAction","target":["https:\/\/www.haekelfieber.de\/wp-blog\/2023\/02\/ein-kalter-wind\/"]}]},{"@type":"BreadcrumbList","@id":"https:\/\/www.haekelfieber.de\/wp-blog\/2023\/02\/ein-kalter-wind\/#breadcrumb","itemListElement":[{"@type":"ListItem","position":1,"name":"Home","item":"https:\/\/www.haekelfieber.de\/wp-blog\/"},{"@type":"ListItem","position":2,"name":"Ein kalter Wind&#8230;"}]},{"@type":"WebSite","@id":"https:\/\/www.haekelfieber.de\/wp-blog\/#website","url":"https:\/\/www.haekelfieber.de\/wp-blog\/","name":"H\u00e4kelfieber","description":"Ich bin im...","publisher":{"@id":"https:\/\/www.haekelfieber.de\/wp-blog\/#organization"},"potentialAction":[{"@type":"SearchAction","target":{"@type":"EntryPoint","urlTemplate":"https:\/\/www.haekelfieber.de\/wp-blog\/?s={search_term_string}"},"query-input":{"@type":"PropertyValueSpecification","valueRequired":true,"valueName":"search_term_string"}}],"inLanguage":"de"},{"@type":"Organization","@id":"https:\/\/www.haekelfieber.de\/wp-blog\/#organization","name":"H\u00e4kelfieber","url":"https:\/\/www.haekelfieber.de\/wp-blog\/","logo":{"@type":"ImageObject","inLanguage":"de","@id":"https:\/\/www.haekelfieber.de\/wp-blog\/#\/schema\/logo\/image\/","url":"https:\/\/www.haekelfieber.de\/wp-blog\/wp-content\/uploads\/2023\/03\/kissen-haekeln2.jpg","contentUrl":"https:\/\/www.haekelfieber.de\/wp-blog\/wp-content\/uploads\/2023\/03\/kissen-haekeln2.jpg","width":683,"height":1024,"caption":"H\u00e4kelfieber"},"image":{"@id":"https:\/\/www.haekelfieber.de\/wp-blog\/#\/schema\/logo\/image\/"}},{"@type":"Person","@id":"https:\/\/www.haekelfieber.de\/wp-blog\/#\/schema\/person\/08b81f8e0d3480519aadc66881dee8d7","name":"Jutta","image":{"@type":"ImageObject","inLanguage":"de","@id":"https:\/\/secure.gravatar.com\/avatar\/4fb96a09981d3eab52fd94765c38a5395ca69a563a8cd98c172ef85375636d9d?s=96&d=mm&r=g","url":"https:\/\/secure.gravatar.com\/avatar\/4fb96a09981d3eab52fd94765c38a5395ca69a563a8cd98c172ef85375636d9d?s=96&d=mm&r=g","contentUrl":"https:\/\/secure.gravatar.com\/avatar\/4fb96a09981d3eab52fd94765c38a5395ca69a563a8cd98c172ef85375636d9d?s=96&d=mm&r=g","caption":"Jutta"},"url":"https:\/\/www.haekelfieber.de\/wp-blog\/author\/admin\/"}]}},"_links":{"self":[{"href":"https:\/\/www.haekelfieber.de\/wp-blog\/wp-json\/wp\/v2\/posts\/13640","targetHints":{"allow":["GET"]}}],"collection":[{"href":"https:\/\/www.haekelfieber.de\/wp-blog\/wp-json\/wp\/v2\/posts"}],"about":[{"href":"https:\/\/www.haekelfieber.de\/wp-blog\/wp-json\/wp\/v2\/types\/post"}],"author":[{"embeddable":true,"href":"https:\/\/www.haekelfieber.de\/wp-blog\/wp-json\/wp\/v2\/users\/1"}],"replies":[{"embeddable":true,"href":"https:\/\/www.haekelfieber.de\/wp-blog\/wp-json\/wp\/v2\/comments?post=13640"}],"version-history":[{"count":2,"href":"https:\/\/www.haekelfieber.de\/wp-blog\/wp-json\/wp\/v2\/posts\/13640\/revisions"}],"predecessor-version":[{"id":13642,"href":"https:\/\/www.haekelfieber.de\/wp-blog\/wp-json\/wp\/v2\/posts\/13640\/revisions\/13642"}],"wp:attachment":[{"href":"https:\/\/www.haekelfieber.de\/wp-blog\/wp-json\/wp\/v2\/media?parent=13640"}],"wp:term":[{"taxonomy":"category","embeddable":true,"href":"https:\/\/www.haekelfieber.de\/wp-blog\/wp-json\/wp\/v2\/categories?post=13640"},{"taxonomy":"post_tag","embeddable":true,"href":"https:\/\/www.haekelfieber.de\/wp-blog\/wp-json\/wp\/v2\/tags?post=13640"}],"curies":[{"name":"wp","href":"https:\/\/api.w.org\/{rel}","templated":true}]}}