{"id":13872,"date":"2023-05-11T21:29:42","date_gmt":"2023-05-11T19:29:42","guid":{"rendered":"https:\/\/www.haekelfieber.de\/wp-blog\/?p=13872"},"modified":"2023-05-11T21:29:47","modified_gmt":"2023-05-11T19:29:47","slug":"das-leben-endet-mit-dem-tod","status":"publish","type":"post","link":"https:\/\/www.haekelfieber.de\/wp-blog\/2023\/05\/das-leben-endet-mit-dem-tod\/","title":{"rendered":"Das Leben endet mit dem Tod"},"content":{"rendered":"\n\n\n<p>So um die acht Jahre lebte unsere \u00e4lteste Henne. Heute ist sie gestorben worden. In den letzten zwei Wochen war sie nicht mehr richtig fit. Sie litt nicht, war etwas ruhiger. Heute morgen fand ich sie im Stall. Im Kopf wach, aber fast nicht mehr bewegungsf\u00e4hig und ich wu\u00dfte, dass es an der Zeit war ihr Leben zu beenden bevor es in Leid umschlug. Ich konnte ihr nicht den schnellen Tod mit der Axt bereiten. Mein Neffe kam. Ich holte sie aus dem Stall, legte sie r\u00fccklings auf einen Baumstumpf, sprach ihr ruhig zu und hiel sie w\u00e4hrend ein kurzer Schlag ihr den Kopf abtrennte. Ein schneller Tod. Ich konnte es nicht. Ich m\u00f6chte es aber k\u00f6nnen. Ich m\u00f6chte meine Befindlichkeit in den Hintergrund stellen k\u00f6nnen, um Tierleid zu verhindern.<br \/>Das Huhn ist abgelegt f\u00fcr den Fuchs. <br \/>Sie bleibt in Erinnerung, die z\u00e4he alte Henne. Viele Eier hat sie uns gelegt.<\/p>\n","protected":false},"excerpt":{"rendered":"<p>So um die acht Jahre lebte unsere \u00e4lteste Henne. Heute ist sie gestorben worden. In den letzten zwei Wochen war sie nicht mehr richtig fit. Sie litt nicht, war etwas ruhiger. Heute morgen fand ich sie im Stall. Im Kopf wach, aber fast nicht mehr bewegungsf\u00e4hig und ich wu\u00dfte, dass es an der Zeit war &hellip; <a href=\"https:\/\/www.haekelfieber.de\/wp-blog\/2023\/05\/das-leben-endet-mit-dem-tod\/\" class=\"more-link\"><span class=\"screen-reader-text\">Das Leben endet mit dem Tod<\/span> weiterlesen <span class=\"meta-nav\">&rarr;<\/span><\/a><\/p>\n","protected":false},"author":1,"featured_media":0,"comment_status":"open","ping_status":"open","sticky":false,"template":"","format":"standard","meta":{"footnotes":""},"categories":[10],"tags":[],"class_list":["post-13872","post","type-post","status-publish","format-standard","hentry","category-die-natur"],"yoast_head":"<!-- This site is optimized with the Yoast SEO plugin v27.4 - https:\/\/yoast.com\/product\/yoast-seo-wordpress\/ -->\n<title>Das Leben endet mit dem Tod - H\u00e4kelfieber<\/title>\n<meta name=\"robots\" content=\"index, follow, max-snippet:-1, max-image-preview:large, max-video-preview:-1\" \/>\n<link rel=\"canonical\" href=\"https:\/\/www.haekelfieber.de\/wp-blog\/2023\/05\/das-leben-endet-mit-dem-tod\/\" \/>\n<meta property=\"og:locale\" content=\"de_DE\" \/>\n<meta property=\"og:type\" content=\"article\" \/>\n<meta property=\"og:title\" content=\"Das Leben endet mit dem Tod - H\u00e4kelfieber\" \/>\n<meta property=\"og:description\" content=\"So um die acht Jahre lebte unsere \u00e4lteste Henne. Heute ist sie gestorben worden. In den letzten zwei Wochen war sie nicht mehr richtig fit. Sie litt nicht, war etwas ruhiger. Heute morgen fand ich sie im Stall. Im Kopf wach, aber fast nicht mehr bewegungsf\u00e4hig und ich wu\u00dfte, dass es an der Zeit war &hellip; Das Leben endet mit dem Tod weiterlesen &rarr;\" \/>\n<meta property=\"og:url\" content=\"https:\/\/www.haekelfieber.de\/wp-blog\/2023\/05\/das-leben-endet-mit-dem-tod\/\" \/>\n<meta property=\"og:site_name\" content=\"H\u00e4kelfieber\" \/>\n<meta property=\"article:published_time\" content=\"2023-05-11T19:29:42+00:00\" \/>\n<meta property=\"article:modified_time\" content=\"2023-05-11T19:29:47+00:00\" \/>\n<meta name=\"author\" content=\"Jutta\" \/>\n<meta name=\"twitter:label1\" content=\"Verfasst von\" \/>\n\t<meta name=\"twitter:data1\" content=\"Jutta\" \/>\n\t<meta name=\"twitter:label2\" content=\"Gesch\u00e4tzte Lesezeit\" \/>\n\t<meta name=\"twitter:data2\" content=\"1\u00a0Minute\" \/>\n<script type=\"application\/ld+json\" class=\"yoast-schema-graph\">{\"@context\":\"https:\\\/\\\/schema.org\",\"@graph\":[{\"@type\":\"Article\",\"@id\":\"https:\\\/\\\/www.haekelfieber.de\\\/wp-blog\\\/2023\\\/05\\\/das-leben-endet-mit-dem-tod\\\/#article\",\"isPartOf\":{\"@id\":\"https:\\\/\\\/www.haekelfieber.de\\\/wp-blog\\\/2023\\\/05\\\/das-leben-endet-mit-dem-tod\\\/\"},\"author\":{\"name\":\"Jutta\",\"@id\":\"https:\\\/\\\/www.haekelfieber.de\\\/wp-blog\\\/#\\\/schema\\\/person\\\/08b81f8e0d3480519aadc66881dee8d7\"},\"headline\":\"Das Leben endet mit dem Tod\",\"datePublished\":\"2023-05-11T19:29:42+00:00\",\"dateModified\":\"2023-05-11T19:29:47+00:00\",\"mainEntityOfPage\":{\"@id\":\"https:\\\/\\\/www.haekelfieber.de\\\/wp-blog\\\/2023\\\/05\\\/das-leben-endet-mit-dem-tod\\\/\"},\"wordCount\":167,\"commentCount\":1,\"publisher\":{\"@id\":\"https:\\\/\\\/www.haekelfieber.de\\\/wp-blog\\\/#organization\"},\"articleSection\":[\"Die Natur\"],\"inLanguage\":\"de\",\"potentialAction\":[{\"@type\":\"CommentAction\",\"name\":\"Comment\",\"target\":[\"https:\\\/\\\/www.haekelfieber.de\\\/wp-blog\\\/2023\\\/05\\\/das-leben-endet-mit-dem-tod\\\/#respond\"]}]},{\"@type\":\"WebPage\",\"@id\":\"https:\\\/\\\/www.haekelfieber.de\\\/wp-blog\\\/2023\\\/05\\\/das-leben-endet-mit-dem-tod\\\/\",\"url\":\"https:\\\/\\\/www.haekelfieber.de\\\/wp-blog\\\/2023\\\/05\\\/das-leben-endet-mit-dem-tod\\\/\",\"name\":\"Das Leben endet mit dem Tod - H\u00e4kelfieber\",\"isPartOf\":{\"@id\":\"https:\\\/\\\/www.haekelfieber.de\\\/wp-blog\\\/#website\"},\"datePublished\":\"2023-05-11T19:29:42+00:00\",\"dateModified\":\"2023-05-11T19:29:47+00:00\",\"breadcrumb\":{\"@id\":\"https:\\\/\\\/www.haekelfieber.de\\\/wp-blog\\\/2023\\\/05\\\/das-leben-endet-mit-dem-tod\\\/#breadcrumb\"},\"inLanguage\":\"de\",\"potentialAction\":[{\"@type\":\"ReadAction\",\"target\":[\"https:\\\/\\\/www.haekelfieber.de\\\/wp-blog\\\/2023\\\/05\\\/das-leben-endet-mit-dem-tod\\\/\"]}]},{\"@type\":\"BreadcrumbList\",\"@id\":\"https:\\\/\\\/www.haekelfieber.de\\\/wp-blog\\\/2023\\\/05\\\/das-leben-endet-mit-dem-tod\\\/#breadcrumb\",\"itemListElement\":[{\"@type\":\"ListItem\",\"position\":1,\"name\":\"Home\",\"item\":\"https:\\\/\\\/www.haekelfieber.de\\\/wp-blog\\\/\"},{\"@type\":\"ListItem\",\"position\":2,\"name\":\"Das Leben endet mit dem Tod\"}]},{\"@type\":\"WebSite\",\"@id\":\"https:\\\/\\\/www.haekelfieber.de\\\/wp-blog\\\/#website\",\"url\":\"https:\\\/\\\/www.haekelfieber.de\\\/wp-blog\\\/\",\"name\":\"H\u00e4kelfieber\",\"description\":\"Ich bin im...\",\"publisher\":{\"@id\":\"https:\\\/\\\/www.haekelfieber.de\\\/wp-blog\\\/#organization\"},\"potentialAction\":[{\"@type\":\"SearchAction\",\"target\":{\"@type\":\"EntryPoint\",\"urlTemplate\":\"https:\\\/\\\/www.haekelfieber.de\\\/wp-blog\\\/?s={search_term_string}\"},\"query-input\":{\"@type\":\"PropertyValueSpecification\",\"valueRequired\":true,\"valueName\":\"search_term_string\"}}],\"inLanguage\":\"de\"},{\"@type\":\"Organization\",\"@id\":\"https:\\\/\\\/www.haekelfieber.de\\\/wp-blog\\\/#organization\",\"name\":\"H\u00e4kelfieber\",\"url\":\"https:\\\/\\\/www.haekelfieber.de\\\/wp-blog\\\/\",\"logo\":{\"@type\":\"ImageObject\",\"inLanguage\":\"de\",\"@id\":\"https:\\\/\\\/www.haekelfieber.de\\\/wp-blog\\\/#\\\/schema\\\/logo\\\/image\\\/\",\"url\":\"https:\\\/\\\/www.haekelfieber.de\\\/wp-blog\\\/wp-content\\\/uploads\\\/2023\\\/03\\\/kissen-haekeln2.jpg\",\"contentUrl\":\"https:\\\/\\\/www.haekelfieber.de\\\/wp-blog\\\/wp-content\\\/uploads\\\/2023\\\/03\\\/kissen-haekeln2.jpg\",\"width\":683,\"height\":1024,\"caption\":\"H\u00e4kelfieber\"},\"image\":{\"@id\":\"https:\\\/\\\/www.haekelfieber.de\\\/wp-blog\\\/#\\\/schema\\\/logo\\\/image\\\/\"}},{\"@type\":\"Person\",\"@id\":\"https:\\\/\\\/www.haekelfieber.de\\\/wp-blog\\\/#\\\/schema\\\/person\\\/08b81f8e0d3480519aadc66881dee8d7\",\"name\":\"Jutta\",\"image\":{\"@type\":\"ImageObject\",\"inLanguage\":\"de\",\"@id\":\"https:\\\/\\\/secure.gravatar.com\\\/avatar\\\/4fb96a09981d3eab52fd94765c38a5395ca69a563a8cd98c172ef85375636d9d?s=96&d=mm&r=g\",\"url\":\"https:\\\/\\\/secure.gravatar.com\\\/avatar\\\/4fb96a09981d3eab52fd94765c38a5395ca69a563a8cd98c172ef85375636d9d?s=96&d=mm&r=g\",\"contentUrl\":\"https:\\\/\\\/secure.gravatar.com\\\/avatar\\\/4fb96a09981d3eab52fd94765c38a5395ca69a563a8cd98c172ef85375636d9d?s=96&d=mm&r=g\",\"caption\":\"Jutta\"},\"url\":\"https:\\\/\\\/www.haekelfieber.de\\\/wp-blog\\\/author\\\/admin\\\/\"}]}<\/script>\n<!-- \/ Yoast SEO plugin. -->","yoast_head_json":{"title":"Das Leben endet mit dem Tod - H\u00e4kelfieber","robots":{"index":"index","follow":"follow","max-snippet":"max-snippet:-1","max-image-preview":"max-image-preview:large","max-video-preview":"max-video-preview:-1"},"canonical":"https:\/\/www.haekelfieber.de\/wp-blog\/2023\/05\/das-leben-endet-mit-dem-tod\/","og_locale":"de_DE","og_type":"article","og_title":"Das Leben endet mit dem Tod - H\u00e4kelfieber","og_description":"So um die acht Jahre lebte unsere \u00e4lteste Henne. Heute ist sie gestorben worden. In den letzten zwei Wochen war sie nicht mehr richtig fit. Sie litt nicht, war etwas ruhiger. Heute morgen fand ich sie im Stall. Im Kopf wach, aber fast nicht mehr bewegungsf\u00e4hig und ich wu\u00dfte, dass es an der Zeit war &hellip; Das Leben endet mit dem Tod weiterlesen &rarr;","og_url":"https:\/\/www.haekelfieber.de\/wp-blog\/2023\/05\/das-leben-endet-mit-dem-tod\/","og_site_name":"H\u00e4kelfieber","article_published_time":"2023-05-11T19:29:42+00:00","article_modified_time":"2023-05-11T19:29:47+00:00","author":"Jutta","twitter_misc":{"Verfasst von":"Jutta","Gesch\u00e4tzte Lesezeit":"1\u00a0Minute"},"schema":{"@context":"https:\/\/schema.org","@graph":[{"@type":"Article","@id":"https:\/\/www.haekelfieber.de\/wp-blog\/2023\/05\/das-leben-endet-mit-dem-tod\/#article","isPartOf":{"@id":"https:\/\/www.haekelfieber.de\/wp-blog\/2023\/05\/das-leben-endet-mit-dem-tod\/"},"author":{"name":"Jutta","@id":"https:\/\/www.haekelfieber.de\/wp-blog\/#\/schema\/person\/08b81f8e0d3480519aadc66881dee8d7"},"headline":"Das Leben endet mit dem Tod","datePublished":"2023-05-11T19:29:42+00:00","dateModified":"2023-05-11T19:29:47+00:00","mainEntityOfPage":{"@id":"https:\/\/www.haekelfieber.de\/wp-blog\/2023\/05\/das-leben-endet-mit-dem-tod\/"},"wordCount":167,"commentCount":1,"publisher":{"@id":"https:\/\/www.haekelfieber.de\/wp-blog\/#organization"},"articleSection":["Die Natur"],"inLanguage":"de","potentialAction":[{"@type":"CommentAction","name":"Comment","target":["https:\/\/www.haekelfieber.de\/wp-blog\/2023\/05\/das-leben-endet-mit-dem-tod\/#respond"]}]},{"@type":"WebPage","@id":"https:\/\/www.haekelfieber.de\/wp-blog\/2023\/05\/das-leben-endet-mit-dem-tod\/","url":"https:\/\/www.haekelfieber.de\/wp-blog\/2023\/05\/das-leben-endet-mit-dem-tod\/","name":"Das Leben endet mit dem Tod - H\u00e4kelfieber","isPartOf":{"@id":"https:\/\/www.haekelfieber.de\/wp-blog\/#website"},"datePublished":"2023-05-11T19:29:42+00:00","dateModified":"2023-05-11T19:29:47+00:00","breadcrumb":{"@id":"https:\/\/www.haekelfieber.de\/wp-blog\/2023\/05\/das-leben-endet-mit-dem-tod\/#breadcrumb"},"inLanguage":"de","potentialAction":[{"@type":"ReadAction","target":["https:\/\/www.haekelfieber.de\/wp-blog\/2023\/05\/das-leben-endet-mit-dem-tod\/"]}]},{"@type":"BreadcrumbList","@id":"https:\/\/www.haekelfieber.de\/wp-blog\/2023\/05\/das-leben-endet-mit-dem-tod\/#breadcrumb","itemListElement":[{"@type":"ListItem","position":1,"name":"Home","item":"https:\/\/www.haekelfieber.de\/wp-blog\/"},{"@type":"ListItem","position":2,"name":"Das Leben endet mit dem Tod"}]},{"@type":"WebSite","@id":"https:\/\/www.haekelfieber.de\/wp-blog\/#website","url":"https:\/\/www.haekelfieber.de\/wp-blog\/","name":"H\u00e4kelfieber","description":"Ich bin im...","publisher":{"@id":"https:\/\/www.haekelfieber.de\/wp-blog\/#organization"},"potentialAction":[{"@type":"SearchAction","target":{"@type":"EntryPoint","urlTemplate":"https:\/\/www.haekelfieber.de\/wp-blog\/?s={search_term_string}"},"query-input":{"@type":"PropertyValueSpecification","valueRequired":true,"valueName":"search_term_string"}}],"inLanguage":"de"},{"@type":"Organization","@id":"https:\/\/www.haekelfieber.de\/wp-blog\/#organization","name":"H\u00e4kelfieber","url":"https:\/\/www.haekelfieber.de\/wp-blog\/","logo":{"@type":"ImageObject","inLanguage":"de","@id":"https:\/\/www.haekelfieber.de\/wp-blog\/#\/schema\/logo\/image\/","url":"https:\/\/www.haekelfieber.de\/wp-blog\/wp-content\/uploads\/2023\/03\/kissen-haekeln2.jpg","contentUrl":"https:\/\/www.haekelfieber.de\/wp-blog\/wp-content\/uploads\/2023\/03\/kissen-haekeln2.jpg","width":683,"height":1024,"caption":"H\u00e4kelfieber"},"image":{"@id":"https:\/\/www.haekelfieber.de\/wp-blog\/#\/schema\/logo\/image\/"}},{"@type":"Person","@id":"https:\/\/www.haekelfieber.de\/wp-blog\/#\/schema\/person\/08b81f8e0d3480519aadc66881dee8d7","name":"Jutta","image":{"@type":"ImageObject","inLanguage":"de","@id":"https:\/\/secure.gravatar.com\/avatar\/4fb96a09981d3eab52fd94765c38a5395ca69a563a8cd98c172ef85375636d9d?s=96&d=mm&r=g","url":"https:\/\/secure.gravatar.com\/avatar\/4fb96a09981d3eab52fd94765c38a5395ca69a563a8cd98c172ef85375636d9d?s=96&d=mm&r=g","contentUrl":"https:\/\/secure.gravatar.com\/avatar\/4fb96a09981d3eab52fd94765c38a5395ca69a563a8cd98c172ef85375636d9d?s=96&d=mm&r=g","caption":"Jutta"},"url":"https:\/\/www.haekelfieber.de\/wp-blog\/author\/admin\/"}]}},"_links":{"self":[{"href":"https:\/\/www.haekelfieber.de\/wp-blog\/wp-json\/wp\/v2\/posts\/13872","targetHints":{"allow":["GET"]}}],"collection":[{"href":"https:\/\/www.haekelfieber.de\/wp-blog\/wp-json\/wp\/v2\/posts"}],"about":[{"href":"https:\/\/www.haekelfieber.de\/wp-blog\/wp-json\/wp\/v2\/types\/post"}],"author":[{"embeddable":true,"href":"https:\/\/www.haekelfieber.de\/wp-blog\/wp-json\/wp\/v2\/users\/1"}],"replies":[{"embeddable":true,"href":"https:\/\/www.haekelfieber.de\/wp-blog\/wp-json\/wp\/v2\/comments?post=13872"}],"version-history":[{"count":1,"href":"https:\/\/www.haekelfieber.de\/wp-blog\/wp-json\/wp\/v2\/posts\/13872\/revisions"}],"predecessor-version":[{"id":13873,"href":"https:\/\/www.haekelfieber.de\/wp-blog\/wp-json\/wp\/v2\/posts\/13872\/revisions\/13873"}],"wp:attachment":[{"href":"https:\/\/www.haekelfieber.de\/wp-blog\/wp-json\/wp\/v2\/media?parent=13872"}],"wp:term":[{"taxonomy":"category","embeddable":true,"href":"https:\/\/www.haekelfieber.de\/wp-blog\/wp-json\/wp\/v2\/categories?post=13872"},{"taxonomy":"post_tag","embeddable":true,"href":"https:\/\/www.haekelfieber.de\/wp-blog\/wp-json\/wp\/v2\/tags?post=13872"}],"curies":[{"name":"wp","href":"https:\/\/api.w.org\/{rel}","templated":true}]}}