{"id":13979,"date":"2023-06-21T14:02:04","date_gmt":"2023-06-21T12:02:04","guid":{"rendered":"https:\/\/www.haekelfieber.de\/wp-blog\/?p=13979"},"modified":"2023-06-21T14:07:00","modified_gmt":"2023-06-21T12:07:00","slug":"regentagbilder-aus-bayern","status":"publish","type":"post","link":"https:\/\/www.haekelfieber.de\/wp-blog\/2023\/06\/regentagbilder-aus-bayern\/","title":{"rendered":"Regentagbilder aus Bayern"},"content":{"rendered":"\n\n\n<p>Drau\u00dfen regnet es. Sch\u00f6n. Die Zisterne sowie diverse Wasserbeh\u00e4lter d\u00fcrfen sich wieder etwas f\u00fcllen. Es ist Sommer. Es ist warm und manchmal etwas w\u00e4rmer. Mir geht das Klimaged\u00f6ns am Allerwertesten vorbei, l\u00e4sst mich kalt. Vieles lasse ich mir den Buckel runterrutschen. Das Geschmarre der Hampelregierung, die ganze Hysterie und Panik-Angstmach-Maschinerie. All diese gest\u00f6rten Medien und Menschen &#8211; sie k\u00f6nnen mir mich mal &#8211; ihr wi\u00dft schon. <br \/>Meine Liebe gilt dem Garten und dem m\u00e4nnlichen Mann an meiner Seite. Den Zweitgarten gibt es auch noch. Ich knipse ihn mal. <br \/>Das Handarbeiten &#8211; Ver\u00e4nderung. Die Weste ist fertig und gut. <br \/>Ich liebe den Dreck unter meinen Fingern\u00e4geln nach der Gartenarbeit. Die Wolle bleibt derzeit links liegen.<br \/>Ich habe mich ausges\u00f6hnt mit den Ausgrenzern in der Coronazeit. Ich vermisse nichts mehr was mich ausgeschlossen hat. Ich liebe mein Leben. Ich freu mich \u00fcber wirklich gute Freundinnen, die mir geblieben sind. Gr\u00fc\u00dfe nach Regensburg \ud83d\ude42<br \/>Wichtig ist mir nicht das Weltgeschehen sondern meine Familie. Meine direkte Umgebung, die mein Leben ausmacht. Der Rest ist mir &#8211; ihr wi\u00dft schon. Ohne Fernsehger\u00e4t, Radio und Zeitung lebt es sich gut. Ausnahmen sind der Kontrafunk.radio und Tichys Einblick. <br \/>Das Geschehen beobachten und sein eigenes Ding machen, denn ihr wi\u00dft ja, wir alle leben nur einmal&#8230;<br \/><br \/><br \/><\/p>\n\n\n\n\n\n<figure class=\"wp-block-image size-full\"><img loading=\"lazy\" decoding=\"async\" width=\"683\" height=\"1024\" src=\"https:\/\/www.haekelfieber.de\/wp-blog\/wp-content\/uploads\/2023\/06\/regentag1.jpg\" alt=\"\" class=\"wp-image-13978\" srcset=\"https:\/\/www.haekelfieber.de\/wp-blog\/wp-content\/uploads\/2023\/06\/regentag1.jpg 683w, https:\/\/www.haekelfieber.de\/wp-blog\/wp-content\/uploads\/2023\/06\/regentag1-200x300.jpg 200w, https:\/\/www.haekelfieber.de\/wp-blog\/wp-content\/uploads\/2023\/06\/regentag1-400x600.jpg 400w\" sizes=\"auto, (max-width: 683px) 100vw, 683px\" \/><\/figure>\n\n\n\n<p><br><br><\/p>\n\n\n\n<figure class=\"wp-block-image size-full\"><img loading=\"lazy\" decoding=\"async\" width=\"683\" height=\"1024\" src=\"https:\/\/www.haekelfieber.de\/wp-blog\/wp-content\/uploads\/2023\/06\/regentag3.jpg\" alt=\"\" class=\"wp-image-13977\" srcset=\"https:\/\/www.haekelfieber.de\/wp-blog\/wp-content\/uploads\/2023\/06\/regentag3.jpg 683w, https:\/\/www.haekelfieber.de\/wp-blog\/wp-content\/uploads\/2023\/06\/regentag3-200x300.jpg 200w, https:\/\/www.haekelfieber.de\/wp-blog\/wp-content\/uploads\/2023\/06\/regentag3-400x600.jpg 400w\" sizes=\"auto, (max-width: 683px) 100vw, 683px\" \/><\/figure>\n\n\n\n<p><br><br><\/p>\n\n\n\n<figure class=\"wp-block-image size-full\"><img loading=\"lazy\" decoding=\"async\" width=\"683\" height=\"1024\" src=\"https:\/\/www.haekelfieber.de\/wp-blog\/wp-content\/uploads\/2023\/06\/regentag11.jpg\" alt=\"\" class=\"wp-image-13972\" srcset=\"https:\/\/www.haekelfieber.de\/wp-blog\/wp-content\/uploads\/2023\/06\/regentag11.jpg 683w, https:\/\/www.haekelfieber.de\/wp-blog\/wp-content\/uploads\/2023\/06\/regentag11-200x300.jpg 200w, https:\/\/www.haekelfieber.de\/wp-blog\/wp-content\/uploads\/2023\/06\/regentag11-400x600.jpg 400w\" sizes=\"auto, (max-width: 683px) 100vw, 683px\" \/><\/figure>\n\n\n\n<p><br><br><\/p>\n\n\n\n<figure class=\"wp-block-image size-full\"><img loading=\"lazy\" decoding=\"async\" width=\"683\" height=\"1024\" src=\"https:\/\/www.haekelfieber.de\/wp-blog\/wp-content\/uploads\/2023\/06\/regentag7.jpg\" alt=\"\" class=\"wp-image-13975\" srcset=\"https:\/\/www.haekelfieber.de\/wp-blog\/wp-content\/uploads\/2023\/06\/regentag7.jpg 683w, https:\/\/www.haekelfieber.de\/wp-blog\/wp-content\/uploads\/2023\/06\/regentag7-200x300.jpg 200w, https:\/\/www.haekelfieber.de\/wp-blog\/wp-content\/uploads\/2023\/06\/regentag7-400x600.jpg 400w\" sizes=\"auto, (max-width: 683px) 100vw, 683px\" \/><\/figure>\n\n\n\n<p><br><br><\/p>\n\n\n\n<figure class=\"wp-block-image size-full\"><img loading=\"lazy\" decoding=\"async\" width=\"651\" height=\"1024\" src=\"https:\/\/www.haekelfieber.de\/wp-blog\/wp-content\/uploads\/2023\/06\/regentag8.jpg\" alt=\"\" class=\"wp-image-13974\" srcset=\"https:\/\/www.haekelfieber.de\/wp-blog\/wp-content\/uploads\/2023\/06\/regentag8.jpg 651w, https:\/\/www.haekelfieber.de\/wp-blog\/wp-content\/uploads\/2023\/06\/regentag8-191x300.jpg 191w, https:\/\/www.haekelfieber.de\/wp-blog\/wp-content\/uploads\/2023\/06\/regentag8-381x600.jpg 381w\" sizes=\"auto, (max-width: 651px) 100vw, 651px\" \/><\/figure>\n\n\n\n<p><br><br><\/p>\n\n\n\n<figure class=\"wp-block-image size-full\"><img loading=\"lazy\" decoding=\"async\" width=\"683\" height=\"1024\" src=\"https:\/\/www.haekelfieber.de\/wp-blog\/wp-content\/uploads\/2023\/06\/regentag9.jpg\" alt=\"\" class=\"wp-image-13973\" srcset=\"https:\/\/www.haekelfieber.de\/wp-blog\/wp-content\/uploads\/2023\/06\/regentag9.jpg 683w, https:\/\/www.haekelfieber.de\/wp-blog\/wp-content\/uploads\/2023\/06\/regentag9-200x300.jpg 200w, https:\/\/www.haekelfieber.de\/wp-blog\/wp-content\/uploads\/2023\/06\/regentag9-400x600.jpg 400w\" sizes=\"auto, (max-width: 683px) 100vw, 683px\" \/><\/figure>\n\n\n\n<p><br><br><\/p>\n\n\n\n<figure class=\"wp-block-image size-full\"><img loading=\"lazy\" decoding=\"async\" width=\"683\" height=\"1024\" src=\"https:\/\/www.haekelfieber.de\/wp-blog\/wp-content\/uploads\/2023\/06\/regentag5.jpg\" alt=\"\" class=\"wp-image-13976\" srcset=\"https:\/\/www.haekelfieber.de\/wp-blog\/wp-content\/uploads\/2023\/06\/regentag5.jpg 683w, https:\/\/www.haekelfieber.de\/wp-blog\/wp-content\/uploads\/2023\/06\/regentag5-200x300.jpg 200w, https:\/\/www.haekelfieber.de\/wp-blog\/wp-content\/uploads\/2023\/06\/regentag5-400x600.jpg 400w\" sizes=\"auto, (max-width: 683px) 100vw, 683px\" \/><\/figure>\n\n\n\n<p>Die Zuckerschoten wachsen vom Hochbeet herunter. Reiche Ernte. Heute gab es Fenchel in Wei\u00dfwein, Blumenkohl in Butter geschwenkt und ebendiese Zuckerschoten kurz angebraten. Sch\u00f6ne Erntezeit \ud83d\ude42<\/p>\n","protected":false},"excerpt":{"rendered":"<p>Drau\u00dfen regnet es. Sch\u00f6n. Die Zisterne sowie diverse Wasserbeh\u00e4lter d\u00fcrfen sich wieder etwas f\u00fcllen. Es ist Sommer. Es ist warm und manchmal etwas w\u00e4rmer. Mir geht das Klimaged\u00f6ns am Allerwertesten vorbei, l\u00e4sst mich kalt. Vieles lasse ich mir den Buckel runterrutschen. Das Geschmarre der Hampelregierung, die ganze Hysterie und Panik-Angstmach-Maschinerie. All diese gest\u00f6rten Medien und &hellip; <a href=\"https:\/\/www.haekelfieber.de\/wp-blog\/2023\/06\/regentagbilder-aus-bayern\/\" class=\"more-link\"><span class=\"screen-reader-text\">Regentagbilder aus Bayern<\/span> weiterlesen <span class=\"meta-nav\">&rarr;<\/span><\/a><\/p>\n","protected":false},"author":1,"featured_media":0,"comment_status":"open","ping_status":"open","sticky":false,"template":"","format":"standard","meta":{"footnotes":""},"categories":[7],"tags":[],"class_list":["post-13979","post","type-post","status-publish","format-standard","hentry","category-garten"],"yoast_head":"<!-- This site is optimized with the Yoast SEO plugin v27.4 - https:\/\/yoast.com\/product\/yoast-seo-wordpress\/ -->\n<title>Regentagbilder aus Bayern - H\u00e4kelfieber<\/title>\n<meta name=\"robots\" content=\"index, follow, max-snippet:-1, max-image-preview:large, max-video-preview:-1\" \/>\n<link rel=\"canonical\" href=\"https:\/\/www.haekelfieber.de\/wp-blog\/2023\/06\/regentagbilder-aus-bayern\/\" \/>\n<meta property=\"og:locale\" content=\"de_DE\" \/>\n<meta property=\"og:type\" content=\"article\" \/>\n<meta property=\"og:title\" content=\"Regentagbilder aus Bayern - H\u00e4kelfieber\" \/>\n<meta property=\"og:description\" content=\"Drau\u00dfen regnet es. Sch\u00f6n. Die Zisterne sowie diverse Wasserbeh\u00e4lter d\u00fcrfen sich wieder etwas f\u00fcllen. Es ist Sommer. Es ist warm und manchmal etwas w\u00e4rmer. Mir geht das Klimaged\u00f6ns am Allerwertesten vorbei, l\u00e4sst mich kalt. Vieles lasse ich mir den Buckel runterrutschen. Das Geschmarre der Hampelregierung, die ganze Hysterie und Panik-Angstmach-Maschinerie. All diese gest\u00f6rten Medien und &hellip; Regentagbilder aus Bayern weiterlesen &rarr;\" \/>\n<meta property=\"og:url\" content=\"https:\/\/www.haekelfieber.de\/wp-blog\/2023\/06\/regentagbilder-aus-bayern\/\" \/>\n<meta property=\"og:site_name\" content=\"H\u00e4kelfieber\" \/>\n<meta property=\"article:published_time\" content=\"2023-06-21T12:02:04+00:00\" \/>\n<meta property=\"article:modified_time\" content=\"2023-06-21T12:07:00+00:00\" \/>\n<meta property=\"og:image\" content=\"https:\/\/www.haekelfieber.de\/wp-blog\/wp-content\/uploads\/2023\/06\/regentag1.jpg\" \/>\n<meta name=\"author\" content=\"Jutta\" \/>\n<meta name=\"twitter:label1\" content=\"Verfasst von\" \/>\n\t<meta name=\"twitter:data1\" content=\"Jutta\" \/>\n\t<meta name=\"twitter:label2\" content=\"Gesch\u00e4tzte Lesezeit\" \/>\n\t<meta name=\"twitter:data2\" content=\"3\u00a0Minuten\" \/>\n<script type=\"application\/ld+json\" class=\"yoast-schema-graph\">{\"@context\":\"https:\\\/\\\/schema.org\",\"@graph\":[{\"@type\":\"Article\",\"@id\":\"https:\\\/\\\/www.haekelfieber.de\\\/wp-blog\\\/2023\\\/06\\\/regentagbilder-aus-bayern\\\/#article\",\"isPartOf\":{\"@id\":\"https:\\\/\\\/www.haekelfieber.de\\\/wp-blog\\\/2023\\\/06\\\/regentagbilder-aus-bayern\\\/\"},\"author\":{\"name\":\"Jutta\",\"@id\":\"https:\\\/\\\/www.haekelfieber.de\\\/wp-blog\\\/#\\\/schema\\\/person\\\/08b81f8e0d3480519aadc66881dee8d7\"},\"headline\":\"Regentagbilder aus Bayern\",\"datePublished\":\"2023-06-21T12:02:04+00:00\",\"dateModified\":\"2023-06-21T12:07:00+00:00\",\"mainEntityOfPage\":{\"@id\":\"https:\\\/\\\/www.haekelfieber.de\\\/wp-blog\\\/2023\\\/06\\\/regentagbilder-aus-bayern\\\/\"},\"wordCount\":257,\"commentCount\":2,\"publisher\":{\"@id\":\"https:\\\/\\\/www.haekelfieber.de\\\/wp-blog\\\/#organization\"},\"image\":{\"@id\":\"https:\\\/\\\/www.haekelfieber.de\\\/wp-blog\\\/2023\\\/06\\\/regentagbilder-aus-bayern\\\/#primaryimage\"},\"thumbnailUrl\":\"https:\\\/\\\/www.haekelfieber.de\\\/wp-blog\\\/wp-content\\\/uploads\\\/2023\\\/06\\\/regentag1.jpg\",\"articleSection\":[\"Garten\"],\"inLanguage\":\"de\",\"potentialAction\":[{\"@type\":\"CommentAction\",\"name\":\"Comment\",\"target\":[\"https:\\\/\\\/www.haekelfieber.de\\\/wp-blog\\\/2023\\\/06\\\/regentagbilder-aus-bayern\\\/#respond\"]}]},{\"@type\":\"WebPage\",\"@id\":\"https:\\\/\\\/www.haekelfieber.de\\\/wp-blog\\\/2023\\\/06\\\/regentagbilder-aus-bayern\\\/\",\"url\":\"https:\\\/\\\/www.haekelfieber.de\\\/wp-blog\\\/2023\\\/06\\\/regentagbilder-aus-bayern\\\/\",\"name\":\"Regentagbilder aus Bayern - H\u00e4kelfieber\",\"isPartOf\":{\"@id\":\"https:\\\/\\\/www.haekelfieber.de\\\/wp-blog\\\/#website\"},\"primaryImageOfPage\":{\"@id\":\"https:\\\/\\\/www.haekelfieber.de\\\/wp-blog\\\/2023\\\/06\\\/regentagbilder-aus-bayern\\\/#primaryimage\"},\"image\":{\"@id\":\"https:\\\/\\\/www.haekelfieber.de\\\/wp-blog\\\/2023\\\/06\\\/regentagbilder-aus-bayern\\\/#primaryimage\"},\"thumbnailUrl\":\"https:\\\/\\\/www.haekelfieber.de\\\/wp-blog\\\/wp-content\\\/uploads\\\/2023\\\/06\\\/regentag1.jpg\",\"datePublished\":\"2023-06-21T12:02:04+00:00\",\"dateModified\":\"2023-06-21T12:07:00+00:00\",\"breadcrumb\":{\"@id\":\"https:\\\/\\\/www.haekelfieber.de\\\/wp-blog\\\/2023\\\/06\\\/regentagbilder-aus-bayern\\\/#breadcrumb\"},\"inLanguage\":\"de\",\"potentialAction\":[{\"@type\":\"ReadAction\",\"target\":[\"https:\\\/\\\/www.haekelfieber.de\\\/wp-blog\\\/2023\\\/06\\\/regentagbilder-aus-bayern\\\/\"]}]},{\"@type\":\"ImageObject\",\"inLanguage\":\"de\",\"@id\":\"https:\\\/\\\/www.haekelfieber.de\\\/wp-blog\\\/2023\\\/06\\\/regentagbilder-aus-bayern\\\/#primaryimage\",\"url\":\"https:\\\/\\\/www.haekelfieber.de\\\/wp-blog\\\/wp-content\\\/uploads\\\/2023\\\/06\\\/regentag1.jpg\",\"contentUrl\":\"https:\\\/\\\/www.haekelfieber.de\\\/wp-blog\\\/wp-content\\\/uploads\\\/2023\\\/06\\\/regentag1.jpg\",\"width\":683,\"height\":1024},{\"@type\":\"BreadcrumbList\",\"@id\":\"https:\\\/\\\/www.haekelfieber.de\\\/wp-blog\\\/2023\\\/06\\\/regentagbilder-aus-bayern\\\/#breadcrumb\",\"itemListElement\":[{\"@type\":\"ListItem\",\"position\":1,\"name\":\"Home\",\"item\":\"https:\\\/\\\/www.haekelfieber.de\\\/wp-blog\\\/\"},{\"@type\":\"ListItem\",\"position\":2,\"name\":\"Regentagbilder aus Bayern\"}]},{\"@type\":\"WebSite\",\"@id\":\"https:\\\/\\\/www.haekelfieber.de\\\/wp-blog\\\/#website\",\"url\":\"https:\\\/\\\/www.haekelfieber.de\\\/wp-blog\\\/\",\"name\":\"H\u00e4kelfieber\",\"description\":\"Ich bin im...\",\"publisher\":{\"@id\":\"https:\\\/\\\/www.haekelfieber.de\\\/wp-blog\\\/#organization\"},\"potentialAction\":[{\"@type\":\"SearchAction\",\"target\":{\"@type\":\"EntryPoint\",\"urlTemplate\":\"https:\\\/\\\/www.haekelfieber.de\\\/wp-blog\\\/?s={search_term_string}\"},\"query-input\":{\"@type\":\"PropertyValueSpecification\",\"valueRequired\":true,\"valueName\":\"search_term_string\"}}],\"inLanguage\":\"de\"},{\"@type\":\"Organization\",\"@id\":\"https:\\\/\\\/www.haekelfieber.de\\\/wp-blog\\\/#organization\",\"name\":\"H\u00e4kelfieber\",\"url\":\"https:\\\/\\\/www.haekelfieber.de\\\/wp-blog\\\/\",\"logo\":{\"@type\":\"ImageObject\",\"inLanguage\":\"de\",\"@id\":\"https:\\\/\\\/www.haekelfieber.de\\\/wp-blog\\\/#\\\/schema\\\/logo\\\/image\\\/\",\"url\":\"https:\\\/\\\/www.haekelfieber.de\\\/wp-blog\\\/wp-content\\\/uploads\\\/2023\\\/03\\\/kissen-haekeln2.jpg\",\"contentUrl\":\"https:\\\/\\\/www.haekelfieber.de\\\/wp-blog\\\/wp-content\\\/uploads\\\/2023\\\/03\\\/kissen-haekeln2.jpg\",\"width\":683,\"height\":1024,\"caption\":\"H\u00e4kelfieber\"},\"image\":{\"@id\":\"https:\\\/\\\/www.haekelfieber.de\\\/wp-blog\\\/#\\\/schema\\\/logo\\\/image\\\/\"}},{\"@type\":\"Person\",\"@id\":\"https:\\\/\\\/www.haekelfieber.de\\\/wp-blog\\\/#\\\/schema\\\/person\\\/08b81f8e0d3480519aadc66881dee8d7\",\"name\":\"Jutta\",\"image\":{\"@type\":\"ImageObject\",\"inLanguage\":\"de\",\"@id\":\"https:\\\/\\\/secure.gravatar.com\\\/avatar\\\/4fb96a09981d3eab52fd94765c38a5395ca69a563a8cd98c172ef85375636d9d?s=96&d=mm&r=g\",\"url\":\"https:\\\/\\\/secure.gravatar.com\\\/avatar\\\/4fb96a09981d3eab52fd94765c38a5395ca69a563a8cd98c172ef85375636d9d?s=96&d=mm&r=g\",\"contentUrl\":\"https:\\\/\\\/secure.gravatar.com\\\/avatar\\\/4fb96a09981d3eab52fd94765c38a5395ca69a563a8cd98c172ef85375636d9d?s=96&d=mm&r=g\",\"caption\":\"Jutta\"},\"url\":\"https:\\\/\\\/www.haekelfieber.de\\\/wp-blog\\\/author\\\/admin\\\/\"}]}<\/script>\n<!-- \/ Yoast SEO plugin. -->","yoast_head_json":{"title":"Regentagbilder aus Bayern - H\u00e4kelfieber","robots":{"index":"index","follow":"follow","max-snippet":"max-snippet:-1","max-image-preview":"max-image-preview:large","max-video-preview":"max-video-preview:-1"},"canonical":"https:\/\/www.haekelfieber.de\/wp-blog\/2023\/06\/regentagbilder-aus-bayern\/","og_locale":"de_DE","og_type":"article","og_title":"Regentagbilder aus Bayern - H\u00e4kelfieber","og_description":"Drau\u00dfen regnet es. Sch\u00f6n. Die Zisterne sowie diverse Wasserbeh\u00e4lter d\u00fcrfen sich wieder etwas f\u00fcllen. Es ist Sommer. Es ist warm und manchmal etwas w\u00e4rmer. Mir geht das Klimaged\u00f6ns am Allerwertesten vorbei, l\u00e4sst mich kalt. Vieles lasse ich mir den Buckel runterrutschen. Das Geschmarre der Hampelregierung, die ganze Hysterie und Panik-Angstmach-Maschinerie. All diese gest\u00f6rten Medien und &hellip; Regentagbilder aus Bayern weiterlesen &rarr;","og_url":"https:\/\/www.haekelfieber.de\/wp-blog\/2023\/06\/regentagbilder-aus-bayern\/","og_site_name":"H\u00e4kelfieber","article_published_time":"2023-06-21T12:02:04+00:00","article_modified_time":"2023-06-21T12:07:00+00:00","og_image":[{"url":"https:\/\/www.haekelfieber.de\/wp-blog\/wp-content\/uploads\/2023\/06\/regentag1.jpg","type":"","width":"","height":""}],"author":"Jutta","twitter_misc":{"Verfasst von":"Jutta","Gesch\u00e4tzte Lesezeit":"3\u00a0Minuten"},"schema":{"@context":"https:\/\/schema.org","@graph":[{"@type":"Article","@id":"https:\/\/www.haekelfieber.de\/wp-blog\/2023\/06\/regentagbilder-aus-bayern\/#article","isPartOf":{"@id":"https:\/\/www.haekelfieber.de\/wp-blog\/2023\/06\/regentagbilder-aus-bayern\/"},"author":{"name":"Jutta","@id":"https:\/\/www.haekelfieber.de\/wp-blog\/#\/schema\/person\/08b81f8e0d3480519aadc66881dee8d7"},"headline":"Regentagbilder aus Bayern","datePublished":"2023-06-21T12:02:04+00:00","dateModified":"2023-06-21T12:07:00+00:00","mainEntityOfPage":{"@id":"https:\/\/www.haekelfieber.de\/wp-blog\/2023\/06\/regentagbilder-aus-bayern\/"},"wordCount":257,"commentCount":2,"publisher":{"@id":"https:\/\/www.haekelfieber.de\/wp-blog\/#organization"},"image":{"@id":"https:\/\/www.haekelfieber.de\/wp-blog\/2023\/06\/regentagbilder-aus-bayern\/#primaryimage"},"thumbnailUrl":"https:\/\/www.haekelfieber.de\/wp-blog\/wp-content\/uploads\/2023\/06\/regentag1.jpg","articleSection":["Garten"],"inLanguage":"de","potentialAction":[{"@type":"CommentAction","name":"Comment","target":["https:\/\/www.haekelfieber.de\/wp-blog\/2023\/06\/regentagbilder-aus-bayern\/#respond"]}]},{"@type":"WebPage","@id":"https:\/\/www.haekelfieber.de\/wp-blog\/2023\/06\/regentagbilder-aus-bayern\/","url":"https:\/\/www.haekelfieber.de\/wp-blog\/2023\/06\/regentagbilder-aus-bayern\/","name":"Regentagbilder aus Bayern - H\u00e4kelfieber","isPartOf":{"@id":"https:\/\/www.haekelfieber.de\/wp-blog\/#website"},"primaryImageOfPage":{"@id":"https:\/\/www.haekelfieber.de\/wp-blog\/2023\/06\/regentagbilder-aus-bayern\/#primaryimage"},"image":{"@id":"https:\/\/www.haekelfieber.de\/wp-blog\/2023\/06\/regentagbilder-aus-bayern\/#primaryimage"},"thumbnailUrl":"https:\/\/www.haekelfieber.de\/wp-blog\/wp-content\/uploads\/2023\/06\/regentag1.jpg","datePublished":"2023-06-21T12:02:04+00:00","dateModified":"2023-06-21T12:07:00+00:00","breadcrumb":{"@id":"https:\/\/www.haekelfieber.de\/wp-blog\/2023\/06\/regentagbilder-aus-bayern\/#breadcrumb"},"inLanguage":"de","potentialAction":[{"@type":"ReadAction","target":["https:\/\/www.haekelfieber.de\/wp-blog\/2023\/06\/regentagbilder-aus-bayern\/"]}]},{"@type":"ImageObject","inLanguage":"de","@id":"https:\/\/www.haekelfieber.de\/wp-blog\/2023\/06\/regentagbilder-aus-bayern\/#primaryimage","url":"https:\/\/www.haekelfieber.de\/wp-blog\/wp-content\/uploads\/2023\/06\/regentag1.jpg","contentUrl":"https:\/\/www.haekelfieber.de\/wp-blog\/wp-content\/uploads\/2023\/06\/regentag1.jpg","width":683,"height":1024},{"@type":"BreadcrumbList","@id":"https:\/\/www.haekelfieber.de\/wp-blog\/2023\/06\/regentagbilder-aus-bayern\/#breadcrumb","itemListElement":[{"@type":"ListItem","position":1,"name":"Home","item":"https:\/\/www.haekelfieber.de\/wp-blog\/"},{"@type":"ListItem","position":2,"name":"Regentagbilder aus Bayern"}]},{"@type":"WebSite","@id":"https:\/\/www.haekelfieber.de\/wp-blog\/#website","url":"https:\/\/www.haekelfieber.de\/wp-blog\/","name":"H\u00e4kelfieber","description":"Ich bin im...","publisher":{"@id":"https:\/\/www.haekelfieber.de\/wp-blog\/#organization"},"potentialAction":[{"@type":"SearchAction","target":{"@type":"EntryPoint","urlTemplate":"https:\/\/www.haekelfieber.de\/wp-blog\/?s={search_term_string}"},"query-input":{"@type":"PropertyValueSpecification","valueRequired":true,"valueName":"search_term_string"}}],"inLanguage":"de"},{"@type":"Organization","@id":"https:\/\/www.haekelfieber.de\/wp-blog\/#organization","name":"H\u00e4kelfieber","url":"https:\/\/www.haekelfieber.de\/wp-blog\/","logo":{"@type":"ImageObject","inLanguage":"de","@id":"https:\/\/www.haekelfieber.de\/wp-blog\/#\/schema\/logo\/image\/","url":"https:\/\/www.haekelfieber.de\/wp-blog\/wp-content\/uploads\/2023\/03\/kissen-haekeln2.jpg","contentUrl":"https:\/\/www.haekelfieber.de\/wp-blog\/wp-content\/uploads\/2023\/03\/kissen-haekeln2.jpg","width":683,"height":1024,"caption":"H\u00e4kelfieber"},"image":{"@id":"https:\/\/www.haekelfieber.de\/wp-blog\/#\/schema\/logo\/image\/"}},{"@type":"Person","@id":"https:\/\/www.haekelfieber.de\/wp-blog\/#\/schema\/person\/08b81f8e0d3480519aadc66881dee8d7","name":"Jutta","image":{"@type":"ImageObject","inLanguage":"de","@id":"https:\/\/secure.gravatar.com\/avatar\/4fb96a09981d3eab52fd94765c38a5395ca69a563a8cd98c172ef85375636d9d?s=96&d=mm&r=g","url":"https:\/\/secure.gravatar.com\/avatar\/4fb96a09981d3eab52fd94765c38a5395ca69a563a8cd98c172ef85375636d9d?s=96&d=mm&r=g","contentUrl":"https:\/\/secure.gravatar.com\/avatar\/4fb96a09981d3eab52fd94765c38a5395ca69a563a8cd98c172ef85375636d9d?s=96&d=mm&r=g","caption":"Jutta"},"url":"https:\/\/www.haekelfieber.de\/wp-blog\/author\/admin\/"}]}},"_links":{"self":[{"href":"https:\/\/www.haekelfieber.de\/wp-blog\/wp-json\/wp\/v2\/posts\/13979","targetHints":{"allow":["GET"]}}],"collection":[{"href":"https:\/\/www.haekelfieber.de\/wp-blog\/wp-json\/wp\/v2\/posts"}],"about":[{"href":"https:\/\/www.haekelfieber.de\/wp-blog\/wp-json\/wp\/v2\/types\/post"}],"author":[{"embeddable":true,"href":"https:\/\/www.haekelfieber.de\/wp-blog\/wp-json\/wp\/v2\/users\/1"}],"replies":[{"embeddable":true,"href":"https:\/\/www.haekelfieber.de\/wp-blog\/wp-json\/wp\/v2\/comments?post=13979"}],"version-history":[{"count":2,"href":"https:\/\/www.haekelfieber.de\/wp-blog\/wp-json\/wp\/v2\/posts\/13979\/revisions"}],"predecessor-version":[{"id":13981,"href":"https:\/\/www.haekelfieber.de\/wp-blog\/wp-json\/wp\/v2\/posts\/13979\/revisions\/13981"}],"wp:attachment":[{"href":"https:\/\/www.haekelfieber.de\/wp-blog\/wp-json\/wp\/v2\/media?parent=13979"}],"wp:term":[{"taxonomy":"category","embeddable":true,"href":"https:\/\/www.haekelfieber.de\/wp-blog\/wp-json\/wp\/v2\/categories?post=13979"},{"taxonomy":"post_tag","embeddable":true,"href":"https:\/\/www.haekelfieber.de\/wp-blog\/wp-json\/wp\/v2\/tags?post=13979"}],"curies":[{"name":"wp","href":"https:\/\/api.w.org\/{rel}","templated":true}]}}