{"id":14044,"date":"2023-07-20T14:40:56","date_gmt":"2023-07-20T12:40:56","guid":{"rendered":"https:\/\/www.haekelfieber.de\/wp-blog\/?p=14044"},"modified":"2023-07-20T16:10:11","modified_gmt":"2023-07-20T14:10:11","slug":"ich-pflege-die-handarbeit","status":"publish","type":"post","link":"https:\/\/www.haekelfieber.de\/wp-blog\/2023\/07\/ich-pflege-die-handarbeit\/","title":{"rendered":"Ich pflege die Handarbeit"},"content":{"rendered":"\n\n\n<p>Mit den kleinen Ger\u00e4tschaften zur Wollbearbeitung sieht es mau aus bei mir. Viel lieber greife ich zu gro\u00dfem Ger\u00e4t. Vormittags stand ein Heckenr\u00fcckschnitt an. Die ausufernde Kornelkirsche musste geb\u00e4ndigt werden. In diesem zuge beerntete ich die abgeschnittenen \u00c4ste. Aus den gr\u00fcnen Fr\u00fcchten entstehen &#8222;falsche Oliven&#8220;. Letztes Jahr zum ersten mal probiert und f\u00fcr sehr gut befunden.\u00a0<br \/>Auf der Hunderunde einen Abstecher zu einem &#8222;Jakobala-Bam&#8220; &#8211; Fr\u00fchapfel gemacht und Fallobst eingesammelt f\u00fcr einen Kuchen.\u00a0<br \/>Jetzt geht es den Zucchinis und Gurken an den Kragen. Mit Senfk\u00f6rnern, Zwiebelringen, Pfefferk\u00f6rnern und Lorbeerbl\u00e4ttern werden sie s\u00fc\u00df-sauer eingekocht.<br \/>Zwischendurch wurden die Hagelsch\u00e4den vom gestrigen Abend teilweise beseitigt. Unsere Hecke hat es zum Feld hin etwas nach au\u00dfen gedr\u00fcckt, Zweige der Heckenrose h\u00e4ngen zuweit in den Feldweg hinein. Also Abends nochmals zur Heckenschere greifen.<br \/>Im Gem\u00fcsegarten plage ich mich mit Erdfl\u00f6hen herum. Einen Teil der Pflanzen haben sie gekillt. Naja, ich bin am nachs\u00e4en und nachs\u00e4en und Geduld \u00fcben -mrgh \ud83d\ude09<br \/>Oh, die Bohnen m\u00fcssen auch noch beerntet werden.<br \/>Es ist sch\u00f6n viel zu tun und ich genie\u00dfe es, Zeit f\u00fcr diese mir wichtigen Aufgaben zu haben.<br \/>Vielleicht lauert die Altersarmut irgendwo auf mich, weil ich nicht erwerbstechnisch in die &#8222;gro\u00dfe Maschine&#8220; eingebunden bin. Tja, ich lebe nur einmal und da versuche ich so nah an mir und meinen Lieben dran zu leben. Ich muss mir nicht viel kaufen. Wichtig ist mir und meinem Mann ein Leben mit Werten, die wir f\u00fcr wichtig und sinnvoll erachten.<br \/>Also mein Lieben, ich bin dann mal am Herd&#8230;. \ud83d\ude42<br \/><br \/><\/p>\n\n\n\n\n\n<figure class=\"wp-block-image size-full\"><img loading=\"lazy\" decoding=\"async\" width=\"683\" height=\"1024\" src=\"https:\/\/www.haekelfieber.de\/wp-blog\/wp-content\/uploads\/2023\/07\/gemuesegarten4.jpg\" alt=\"\" class=\"wp-image-14043\" srcset=\"https:\/\/www.haekelfieber.de\/wp-blog\/wp-content\/uploads\/2023\/07\/gemuesegarten4.jpg 683w, https:\/\/www.haekelfieber.de\/wp-blog\/wp-content\/uploads\/2023\/07\/gemuesegarten4-200x300.jpg 200w, https:\/\/www.haekelfieber.de\/wp-blog\/wp-content\/uploads\/2023\/07\/gemuesegarten4-400x600.jpg 400w\" sizes=\"auto, (max-width: 683px) 100vw, 683px\" \/><\/figure>\n","protected":false},"excerpt":{"rendered":"<p>Mit den kleinen Ger\u00e4tschaften zur Wollbearbeitung sieht es mau aus bei mir. Viel lieber greife ich zu gro\u00dfem Ger\u00e4t. Vormittags stand ein Heckenr\u00fcckschnitt an. Die ausufernde Kornelkirsche musste geb\u00e4ndigt werden. In diesem zuge beerntete ich die abgeschnittenen \u00c4ste. Aus den gr\u00fcnen Fr\u00fcchten entstehen &#8222;falsche Oliven&#8220;. Letztes Jahr zum ersten mal probiert und f\u00fcr sehr gut &hellip; <a href=\"https:\/\/www.haekelfieber.de\/wp-blog\/2023\/07\/ich-pflege-die-handarbeit\/\" class=\"more-link\"><span class=\"screen-reader-text\">Ich pflege die Handarbeit<\/span> weiterlesen <span class=\"meta-nav\">&rarr;<\/span><\/a><\/p>\n","protected":false},"author":1,"featured_media":0,"comment_status":"open","ping_status":"open","sticky":false,"template":"","format":"standard","meta":{"footnotes":""},"categories":[1],"tags":[],"class_list":["post-14044","post","type-post","status-publish","format-standard","hentry","category-manch-anderes"],"yoast_head":"<!-- This site is optimized with the Yoast SEO plugin v27.4 - https:\/\/yoast.com\/product\/yoast-seo-wordpress\/ -->\n<title>Ich pflege die Handarbeit - H\u00e4kelfieber<\/title>\n<meta name=\"robots\" content=\"index, follow, max-snippet:-1, max-image-preview:large, max-video-preview:-1\" \/>\n<link rel=\"canonical\" href=\"https:\/\/www.haekelfieber.de\/wp-blog\/2023\/07\/ich-pflege-die-handarbeit\/\" \/>\n<meta property=\"og:locale\" content=\"de_DE\" \/>\n<meta property=\"og:type\" content=\"article\" \/>\n<meta property=\"og:title\" content=\"Ich pflege die Handarbeit - H\u00e4kelfieber\" \/>\n<meta property=\"og:description\" content=\"Mit den kleinen Ger\u00e4tschaften zur Wollbearbeitung sieht es mau aus bei mir. Viel lieber greife ich zu gro\u00dfem Ger\u00e4t. Vormittags stand ein Heckenr\u00fcckschnitt an. Die ausufernde Kornelkirsche musste geb\u00e4ndigt werden. In diesem zuge beerntete ich die abgeschnittenen \u00c4ste. Aus den gr\u00fcnen Fr\u00fcchten entstehen &#8222;falsche Oliven&#8220;. Letztes Jahr zum ersten mal probiert und f\u00fcr sehr gut &hellip; Ich pflege die Handarbeit weiterlesen &rarr;\" \/>\n<meta property=\"og:url\" content=\"https:\/\/www.haekelfieber.de\/wp-blog\/2023\/07\/ich-pflege-die-handarbeit\/\" \/>\n<meta property=\"og:site_name\" content=\"H\u00e4kelfieber\" \/>\n<meta property=\"article:published_time\" content=\"2023-07-20T12:40:56+00:00\" \/>\n<meta property=\"article:modified_time\" content=\"2023-07-20T14:10:11+00:00\" \/>\n<meta property=\"og:image\" content=\"https:\/\/www.haekelfieber.de\/wp-blog\/wp-content\/uploads\/2023\/07\/gemuesegarten4.jpg\" \/>\n<meta name=\"author\" content=\"Jutta\" \/>\n<meta name=\"twitter:label1\" content=\"Verfasst von\" \/>\n\t<meta name=\"twitter:data1\" content=\"Jutta\" \/>\n\t<meta name=\"twitter:label2\" content=\"Gesch\u00e4tzte Lesezeit\" \/>\n\t<meta name=\"twitter:data2\" content=\"2\u00a0Minuten\" \/>\n<script type=\"application\/ld+json\" class=\"yoast-schema-graph\">{\"@context\":\"https:\\\/\\\/schema.org\",\"@graph\":[{\"@type\":\"Article\",\"@id\":\"https:\\\/\\\/www.haekelfieber.de\\\/wp-blog\\\/2023\\\/07\\\/ich-pflege-die-handarbeit\\\/#article\",\"isPartOf\":{\"@id\":\"https:\\\/\\\/www.haekelfieber.de\\\/wp-blog\\\/2023\\\/07\\\/ich-pflege-die-handarbeit\\\/\"},\"author\":{\"name\":\"Jutta\",\"@id\":\"https:\\\/\\\/www.haekelfieber.de\\\/wp-blog\\\/#\\\/schema\\\/person\\\/08b81f8e0d3480519aadc66881dee8d7\"},\"headline\":\"Ich pflege die Handarbeit\",\"datePublished\":\"2023-07-20T12:40:56+00:00\",\"dateModified\":\"2023-07-20T14:10:11+00:00\",\"mainEntityOfPage\":{\"@id\":\"https:\\\/\\\/www.haekelfieber.de\\\/wp-blog\\\/2023\\\/07\\\/ich-pflege-die-handarbeit\\\/\"},\"wordCount\":280,\"commentCount\":1,\"publisher\":{\"@id\":\"https:\\\/\\\/www.haekelfieber.de\\\/wp-blog\\\/#organization\"},\"image\":{\"@id\":\"https:\\\/\\\/www.haekelfieber.de\\\/wp-blog\\\/2023\\\/07\\\/ich-pflege-die-handarbeit\\\/#primaryimage\"},\"thumbnailUrl\":\"https:\\\/\\\/www.haekelfieber.de\\\/wp-blog\\\/wp-content\\\/uploads\\\/2023\\\/07\\\/gemuesegarten4.jpg\",\"articleSection\":[\"Manch anderes\"],\"inLanguage\":\"de\",\"potentialAction\":[{\"@type\":\"CommentAction\",\"name\":\"Comment\",\"target\":[\"https:\\\/\\\/www.haekelfieber.de\\\/wp-blog\\\/2023\\\/07\\\/ich-pflege-die-handarbeit\\\/#respond\"]}]},{\"@type\":\"WebPage\",\"@id\":\"https:\\\/\\\/www.haekelfieber.de\\\/wp-blog\\\/2023\\\/07\\\/ich-pflege-die-handarbeit\\\/\",\"url\":\"https:\\\/\\\/www.haekelfieber.de\\\/wp-blog\\\/2023\\\/07\\\/ich-pflege-die-handarbeit\\\/\",\"name\":\"Ich pflege die Handarbeit - H\u00e4kelfieber\",\"isPartOf\":{\"@id\":\"https:\\\/\\\/www.haekelfieber.de\\\/wp-blog\\\/#website\"},\"primaryImageOfPage\":{\"@id\":\"https:\\\/\\\/www.haekelfieber.de\\\/wp-blog\\\/2023\\\/07\\\/ich-pflege-die-handarbeit\\\/#primaryimage\"},\"image\":{\"@id\":\"https:\\\/\\\/www.haekelfieber.de\\\/wp-blog\\\/2023\\\/07\\\/ich-pflege-die-handarbeit\\\/#primaryimage\"},\"thumbnailUrl\":\"https:\\\/\\\/www.haekelfieber.de\\\/wp-blog\\\/wp-content\\\/uploads\\\/2023\\\/07\\\/gemuesegarten4.jpg\",\"datePublished\":\"2023-07-20T12:40:56+00:00\",\"dateModified\":\"2023-07-20T14:10:11+00:00\",\"breadcrumb\":{\"@id\":\"https:\\\/\\\/www.haekelfieber.de\\\/wp-blog\\\/2023\\\/07\\\/ich-pflege-die-handarbeit\\\/#breadcrumb\"},\"inLanguage\":\"de\",\"potentialAction\":[{\"@type\":\"ReadAction\",\"target\":[\"https:\\\/\\\/www.haekelfieber.de\\\/wp-blog\\\/2023\\\/07\\\/ich-pflege-die-handarbeit\\\/\"]}]},{\"@type\":\"ImageObject\",\"inLanguage\":\"de\",\"@id\":\"https:\\\/\\\/www.haekelfieber.de\\\/wp-blog\\\/2023\\\/07\\\/ich-pflege-die-handarbeit\\\/#primaryimage\",\"url\":\"https:\\\/\\\/www.haekelfieber.de\\\/wp-blog\\\/wp-content\\\/uploads\\\/2023\\\/07\\\/gemuesegarten4.jpg\",\"contentUrl\":\"https:\\\/\\\/www.haekelfieber.de\\\/wp-blog\\\/wp-content\\\/uploads\\\/2023\\\/07\\\/gemuesegarten4.jpg\",\"width\":683,\"height\":1024},{\"@type\":\"BreadcrumbList\",\"@id\":\"https:\\\/\\\/www.haekelfieber.de\\\/wp-blog\\\/2023\\\/07\\\/ich-pflege-die-handarbeit\\\/#breadcrumb\",\"itemListElement\":[{\"@type\":\"ListItem\",\"position\":1,\"name\":\"Home\",\"item\":\"https:\\\/\\\/www.haekelfieber.de\\\/wp-blog\\\/\"},{\"@type\":\"ListItem\",\"position\":2,\"name\":\"Ich pflege die Handarbeit\"}]},{\"@type\":\"WebSite\",\"@id\":\"https:\\\/\\\/www.haekelfieber.de\\\/wp-blog\\\/#website\",\"url\":\"https:\\\/\\\/www.haekelfieber.de\\\/wp-blog\\\/\",\"name\":\"H\u00e4kelfieber\",\"description\":\"Ich bin im...\",\"publisher\":{\"@id\":\"https:\\\/\\\/www.haekelfieber.de\\\/wp-blog\\\/#organization\"},\"potentialAction\":[{\"@type\":\"SearchAction\",\"target\":{\"@type\":\"EntryPoint\",\"urlTemplate\":\"https:\\\/\\\/www.haekelfieber.de\\\/wp-blog\\\/?s={search_term_string}\"},\"query-input\":{\"@type\":\"PropertyValueSpecification\",\"valueRequired\":true,\"valueName\":\"search_term_string\"}}],\"inLanguage\":\"de\"},{\"@type\":\"Organization\",\"@id\":\"https:\\\/\\\/www.haekelfieber.de\\\/wp-blog\\\/#organization\",\"name\":\"H\u00e4kelfieber\",\"url\":\"https:\\\/\\\/www.haekelfieber.de\\\/wp-blog\\\/\",\"logo\":{\"@type\":\"ImageObject\",\"inLanguage\":\"de\",\"@id\":\"https:\\\/\\\/www.haekelfieber.de\\\/wp-blog\\\/#\\\/schema\\\/logo\\\/image\\\/\",\"url\":\"https:\\\/\\\/www.haekelfieber.de\\\/wp-blog\\\/wp-content\\\/uploads\\\/2023\\\/03\\\/kissen-haekeln2.jpg\",\"contentUrl\":\"https:\\\/\\\/www.haekelfieber.de\\\/wp-blog\\\/wp-content\\\/uploads\\\/2023\\\/03\\\/kissen-haekeln2.jpg\",\"width\":683,\"height\":1024,\"caption\":\"H\u00e4kelfieber\"},\"image\":{\"@id\":\"https:\\\/\\\/www.haekelfieber.de\\\/wp-blog\\\/#\\\/schema\\\/logo\\\/image\\\/\"}},{\"@type\":\"Person\",\"@id\":\"https:\\\/\\\/www.haekelfieber.de\\\/wp-blog\\\/#\\\/schema\\\/person\\\/08b81f8e0d3480519aadc66881dee8d7\",\"name\":\"Jutta\",\"image\":{\"@type\":\"ImageObject\",\"inLanguage\":\"de\",\"@id\":\"https:\\\/\\\/secure.gravatar.com\\\/avatar\\\/4fb96a09981d3eab52fd94765c38a5395ca69a563a8cd98c172ef85375636d9d?s=96&d=mm&r=g\",\"url\":\"https:\\\/\\\/secure.gravatar.com\\\/avatar\\\/4fb96a09981d3eab52fd94765c38a5395ca69a563a8cd98c172ef85375636d9d?s=96&d=mm&r=g\",\"contentUrl\":\"https:\\\/\\\/secure.gravatar.com\\\/avatar\\\/4fb96a09981d3eab52fd94765c38a5395ca69a563a8cd98c172ef85375636d9d?s=96&d=mm&r=g\",\"caption\":\"Jutta\"},\"url\":\"https:\\\/\\\/www.haekelfieber.de\\\/wp-blog\\\/author\\\/admin\\\/\"}]}<\/script>\n<!-- \/ Yoast SEO plugin. -->","yoast_head_json":{"title":"Ich pflege die Handarbeit - H\u00e4kelfieber","robots":{"index":"index","follow":"follow","max-snippet":"max-snippet:-1","max-image-preview":"max-image-preview:large","max-video-preview":"max-video-preview:-1"},"canonical":"https:\/\/www.haekelfieber.de\/wp-blog\/2023\/07\/ich-pflege-die-handarbeit\/","og_locale":"de_DE","og_type":"article","og_title":"Ich pflege die Handarbeit - H\u00e4kelfieber","og_description":"Mit den kleinen Ger\u00e4tschaften zur Wollbearbeitung sieht es mau aus bei mir. Viel lieber greife ich zu gro\u00dfem Ger\u00e4t. Vormittags stand ein Heckenr\u00fcckschnitt an. Die ausufernde Kornelkirsche musste geb\u00e4ndigt werden. In diesem zuge beerntete ich die abgeschnittenen \u00c4ste. Aus den gr\u00fcnen Fr\u00fcchten entstehen &#8222;falsche Oliven&#8220;. Letztes Jahr zum ersten mal probiert und f\u00fcr sehr gut &hellip; Ich pflege die Handarbeit weiterlesen &rarr;","og_url":"https:\/\/www.haekelfieber.de\/wp-blog\/2023\/07\/ich-pflege-die-handarbeit\/","og_site_name":"H\u00e4kelfieber","article_published_time":"2023-07-20T12:40:56+00:00","article_modified_time":"2023-07-20T14:10:11+00:00","og_image":[{"url":"https:\/\/www.haekelfieber.de\/wp-blog\/wp-content\/uploads\/2023\/07\/gemuesegarten4.jpg","type":"","width":"","height":""}],"author":"Jutta","twitter_misc":{"Verfasst von":"Jutta","Gesch\u00e4tzte Lesezeit":"2\u00a0Minuten"},"schema":{"@context":"https:\/\/schema.org","@graph":[{"@type":"Article","@id":"https:\/\/www.haekelfieber.de\/wp-blog\/2023\/07\/ich-pflege-die-handarbeit\/#article","isPartOf":{"@id":"https:\/\/www.haekelfieber.de\/wp-blog\/2023\/07\/ich-pflege-die-handarbeit\/"},"author":{"name":"Jutta","@id":"https:\/\/www.haekelfieber.de\/wp-blog\/#\/schema\/person\/08b81f8e0d3480519aadc66881dee8d7"},"headline":"Ich pflege die Handarbeit","datePublished":"2023-07-20T12:40:56+00:00","dateModified":"2023-07-20T14:10:11+00:00","mainEntityOfPage":{"@id":"https:\/\/www.haekelfieber.de\/wp-blog\/2023\/07\/ich-pflege-die-handarbeit\/"},"wordCount":280,"commentCount":1,"publisher":{"@id":"https:\/\/www.haekelfieber.de\/wp-blog\/#organization"},"image":{"@id":"https:\/\/www.haekelfieber.de\/wp-blog\/2023\/07\/ich-pflege-die-handarbeit\/#primaryimage"},"thumbnailUrl":"https:\/\/www.haekelfieber.de\/wp-blog\/wp-content\/uploads\/2023\/07\/gemuesegarten4.jpg","articleSection":["Manch anderes"],"inLanguage":"de","potentialAction":[{"@type":"CommentAction","name":"Comment","target":["https:\/\/www.haekelfieber.de\/wp-blog\/2023\/07\/ich-pflege-die-handarbeit\/#respond"]}]},{"@type":"WebPage","@id":"https:\/\/www.haekelfieber.de\/wp-blog\/2023\/07\/ich-pflege-die-handarbeit\/","url":"https:\/\/www.haekelfieber.de\/wp-blog\/2023\/07\/ich-pflege-die-handarbeit\/","name":"Ich pflege die Handarbeit - H\u00e4kelfieber","isPartOf":{"@id":"https:\/\/www.haekelfieber.de\/wp-blog\/#website"},"primaryImageOfPage":{"@id":"https:\/\/www.haekelfieber.de\/wp-blog\/2023\/07\/ich-pflege-die-handarbeit\/#primaryimage"},"image":{"@id":"https:\/\/www.haekelfieber.de\/wp-blog\/2023\/07\/ich-pflege-die-handarbeit\/#primaryimage"},"thumbnailUrl":"https:\/\/www.haekelfieber.de\/wp-blog\/wp-content\/uploads\/2023\/07\/gemuesegarten4.jpg","datePublished":"2023-07-20T12:40:56+00:00","dateModified":"2023-07-20T14:10:11+00:00","breadcrumb":{"@id":"https:\/\/www.haekelfieber.de\/wp-blog\/2023\/07\/ich-pflege-die-handarbeit\/#breadcrumb"},"inLanguage":"de","potentialAction":[{"@type":"ReadAction","target":["https:\/\/www.haekelfieber.de\/wp-blog\/2023\/07\/ich-pflege-die-handarbeit\/"]}]},{"@type":"ImageObject","inLanguage":"de","@id":"https:\/\/www.haekelfieber.de\/wp-blog\/2023\/07\/ich-pflege-die-handarbeit\/#primaryimage","url":"https:\/\/www.haekelfieber.de\/wp-blog\/wp-content\/uploads\/2023\/07\/gemuesegarten4.jpg","contentUrl":"https:\/\/www.haekelfieber.de\/wp-blog\/wp-content\/uploads\/2023\/07\/gemuesegarten4.jpg","width":683,"height":1024},{"@type":"BreadcrumbList","@id":"https:\/\/www.haekelfieber.de\/wp-blog\/2023\/07\/ich-pflege-die-handarbeit\/#breadcrumb","itemListElement":[{"@type":"ListItem","position":1,"name":"Home","item":"https:\/\/www.haekelfieber.de\/wp-blog\/"},{"@type":"ListItem","position":2,"name":"Ich pflege die Handarbeit"}]},{"@type":"WebSite","@id":"https:\/\/www.haekelfieber.de\/wp-blog\/#website","url":"https:\/\/www.haekelfieber.de\/wp-blog\/","name":"H\u00e4kelfieber","description":"Ich bin im...","publisher":{"@id":"https:\/\/www.haekelfieber.de\/wp-blog\/#organization"},"potentialAction":[{"@type":"SearchAction","target":{"@type":"EntryPoint","urlTemplate":"https:\/\/www.haekelfieber.de\/wp-blog\/?s={search_term_string}"},"query-input":{"@type":"PropertyValueSpecification","valueRequired":true,"valueName":"search_term_string"}}],"inLanguage":"de"},{"@type":"Organization","@id":"https:\/\/www.haekelfieber.de\/wp-blog\/#organization","name":"H\u00e4kelfieber","url":"https:\/\/www.haekelfieber.de\/wp-blog\/","logo":{"@type":"ImageObject","inLanguage":"de","@id":"https:\/\/www.haekelfieber.de\/wp-blog\/#\/schema\/logo\/image\/","url":"https:\/\/www.haekelfieber.de\/wp-blog\/wp-content\/uploads\/2023\/03\/kissen-haekeln2.jpg","contentUrl":"https:\/\/www.haekelfieber.de\/wp-blog\/wp-content\/uploads\/2023\/03\/kissen-haekeln2.jpg","width":683,"height":1024,"caption":"H\u00e4kelfieber"},"image":{"@id":"https:\/\/www.haekelfieber.de\/wp-blog\/#\/schema\/logo\/image\/"}},{"@type":"Person","@id":"https:\/\/www.haekelfieber.de\/wp-blog\/#\/schema\/person\/08b81f8e0d3480519aadc66881dee8d7","name":"Jutta","image":{"@type":"ImageObject","inLanguage":"de","@id":"https:\/\/secure.gravatar.com\/avatar\/4fb96a09981d3eab52fd94765c38a5395ca69a563a8cd98c172ef85375636d9d?s=96&d=mm&r=g","url":"https:\/\/secure.gravatar.com\/avatar\/4fb96a09981d3eab52fd94765c38a5395ca69a563a8cd98c172ef85375636d9d?s=96&d=mm&r=g","contentUrl":"https:\/\/secure.gravatar.com\/avatar\/4fb96a09981d3eab52fd94765c38a5395ca69a563a8cd98c172ef85375636d9d?s=96&d=mm&r=g","caption":"Jutta"},"url":"https:\/\/www.haekelfieber.de\/wp-blog\/author\/admin\/"}]}},"_links":{"self":[{"href":"https:\/\/www.haekelfieber.de\/wp-blog\/wp-json\/wp\/v2\/posts\/14044","targetHints":{"allow":["GET"]}}],"collection":[{"href":"https:\/\/www.haekelfieber.de\/wp-blog\/wp-json\/wp\/v2\/posts"}],"about":[{"href":"https:\/\/www.haekelfieber.de\/wp-blog\/wp-json\/wp\/v2\/types\/post"}],"author":[{"embeddable":true,"href":"https:\/\/www.haekelfieber.de\/wp-blog\/wp-json\/wp\/v2\/users\/1"}],"replies":[{"embeddable":true,"href":"https:\/\/www.haekelfieber.de\/wp-blog\/wp-json\/wp\/v2\/comments?post=14044"}],"version-history":[{"count":2,"href":"https:\/\/www.haekelfieber.de\/wp-blog\/wp-json\/wp\/v2\/posts\/14044\/revisions"}],"predecessor-version":[{"id":14046,"href":"https:\/\/www.haekelfieber.de\/wp-blog\/wp-json\/wp\/v2\/posts\/14044\/revisions\/14046"}],"wp:attachment":[{"href":"https:\/\/www.haekelfieber.de\/wp-blog\/wp-json\/wp\/v2\/media?parent=14044"}],"wp:term":[{"taxonomy":"category","embeddable":true,"href":"https:\/\/www.haekelfieber.de\/wp-blog\/wp-json\/wp\/v2\/categories?post=14044"},{"taxonomy":"post_tag","embeddable":true,"href":"https:\/\/www.haekelfieber.de\/wp-blog\/wp-json\/wp\/v2\/tags?post=14044"}],"curies":[{"name":"wp","href":"https:\/\/api.w.org\/{rel}","templated":true}]}}