{"id":14544,"date":"2024-01-28T11:48:45","date_gmt":"2024-01-28T10:48:45","guid":{"rendered":"https:\/\/www.haekelfieber.de\/wp-blog\/?p=14544"},"modified":"2024-01-28T11:48:48","modified_gmt":"2024-01-28T10:48:48","slug":"zurueck-zu-den-wurzeln-2","status":"publish","type":"post","link":"https:\/\/www.haekelfieber.de\/wp-blog\/2024\/01\/zurueck-zu-den-wurzeln-2\/","title":{"rendered":"Zur\u00fcck zu den Wurzeln"},"content":{"rendered":"\n\n\n<p>Es tut so gut drau\u00dfen im Garten zu sein und neues frisches Gr\u00fcn zu entdecken. Freude. <br \/>Die Sonne scheint und w\u00e4rmt die Seele.<br \/>Zart spitzen die Schneegl\u00f6ckchen und Winterlinge aus der Erde. Im Gew\u00e4chshaus bedecken Winterportulak und Feldsalat den Boden. Wenn jetzt, mit den Tagen der Sonnenstand immer ein bissl h\u00f6her wird und mehr Licht ins Gew\u00e4chshaus dringt, schieben sie im Wachstum an. Frischer Salat im zeitigen Fr\u00fchjahr. Ich schreibe jetzt nicht Winter &#8211; obwohl passender.<br \/>Manchmal f\u00e4llt es mir aufgrund der \u00e4u\u00dferen politischen und gesellschaftlichen Umst\u00e4nde schwer, meine Ruhe zu bewahren. Da kommen sonnige Winter &#8211; \u00e4hm &#8211; zeitige Fr\u00fchjahrstage zur Erholung sehr gelegen.<br \/>Selbst das Vogelgezwitscher l\u00e4utet den baldigen Fr\u00fchling ein. \ud83d\ude42<br \/>Ich w\u00fcnsche euch da drau\u00dfen einen sonnigen herzerw\u00e4rmenden Tag \ud83d\ude42<br \/>Da werd ich glatt sentimental \ud83d\ude09<br \/><br \/><\/p>\n\n\n\n\n\n<figure class=\"wp-block-image size-full\"><img loading=\"lazy\" decoding=\"async\" width=\"683\" height=\"1024\" src=\"https:\/\/www.haekelfieber.de\/wp-blog\/wp-content\/uploads\/2024\/01\/wintergarten1.jpg\" alt=\"\" class=\"wp-image-14538\" srcset=\"https:\/\/www.haekelfieber.de\/wp-blog\/wp-content\/uploads\/2024\/01\/wintergarten1.jpg 683w, https:\/\/www.haekelfieber.de\/wp-blog\/wp-content\/uploads\/2024\/01\/wintergarten1-200x300.jpg 200w, https:\/\/www.haekelfieber.de\/wp-blog\/wp-content\/uploads\/2024\/01\/wintergarten1-400x600.jpg 400w\" sizes=\"auto, (max-width: 683px) 100vw, 683px\" \/><\/figure>\n\n\n\n<p><br \/><br \/><\/p>\n\n\n\n<figure class=\"wp-block-image size-full\"><img loading=\"lazy\" decoding=\"async\" width=\"651\" height=\"1024\" src=\"https:\/\/www.haekelfieber.de\/wp-blog\/wp-content\/uploads\/2024\/01\/wintergarten2.jpg\" alt=\"\" class=\"wp-image-14539\" srcset=\"https:\/\/www.haekelfieber.de\/wp-blog\/wp-content\/uploads\/2024\/01\/wintergarten2.jpg 651w, https:\/\/www.haekelfieber.de\/wp-blog\/wp-content\/uploads\/2024\/01\/wintergarten2-191x300.jpg 191w, https:\/\/www.haekelfieber.de\/wp-blog\/wp-content\/uploads\/2024\/01\/wintergarten2-381x600.jpg 381w\" sizes=\"auto, (max-width: 651px) 100vw, 651px\" \/><\/figure>\n\n\n\n<p><br \/><br \/><\/p>\n\n\n\n<figure class=\"wp-block-image size-full\"><img loading=\"lazy\" decoding=\"async\" width=\"683\" height=\"1024\" src=\"https:\/\/www.haekelfieber.de\/wp-blog\/wp-content\/uploads\/2024\/01\/wintergarten7.jpg\" alt=\"\" class=\"wp-image-14543\" srcset=\"https:\/\/www.haekelfieber.de\/wp-blog\/wp-content\/uploads\/2024\/01\/wintergarten7.jpg 683w, https:\/\/www.haekelfieber.de\/wp-blog\/wp-content\/uploads\/2024\/01\/wintergarten7-200x300.jpg 200w, https:\/\/www.haekelfieber.de\/wp-blog\/wp-content\/uploads\/2024\/01\/wintergarten7-400x600.jpg 400w\" sizes=\"auto, (max-width: 683px) 100vw, 683px\" \/><\/figure>\n\n\n\n<p><br \/><br \/><\/p>\n\n\n\n<figure class=\"wp-block-image size-full\"><img loading=\"lazy\" decoding=\"async\" width=\"683\" height=\"1024\" src=\"https:\/\/www.haekelfieber.de\/wp-blog\/wp-content\/uploads\/2024\/01\/wintergarten3.jpg\" alt=\"\" class=\"wp-image-14540\" srcset=\"https:\/\/www.haekelfieber.de\/wp-blog\/wp-content\/uploads\/2024\/01\/wintergarten3.jpg 683w, https:\/\/www.haekelfieber.de\/wp-blog\/wp-content\/uploads\/2024\/01\/wintergarten3-200x300.jpg 200w, https:\/\/www.haekelfieber.de\/wp-blog\/wp-content\/uploads\/2024\/01\/wintergarten3-400x600.jpg 400w\" sizes=\"auto, (max-width: 683px) 100vw, 683px\" \/><\/figure>\n\n\n\n<p><br \/><br \/><\/p>\n\n\n\n<figure class=\"wp-block-image size-full\"><img loading=\"lazy\" decoding=\"async\" width=\"683\" height=\"1024\" src=\"https:\/\/www.haekelfieber.de\/wp-blog\/wp-content\/uploads\/2024\/01\/wintergarten6.jpg\" alt=\"\" class=\"wp-image-14542\" srcset=\"https:\/\/www.haekelfieber.de\/wp-blog\/wp-content\/uploads\/2024\/01\/wintergarten6.jpg 683w, https:\/\/www.haekelfieber.de\/wp-blog\/wp-content\/uploads\/2024\/01\/wintergarten6-200x300.jpg 200w, https:\/\/www.haekelfieber.de\/wp-blog\/wp-content\/uploads\/2024\/01\/wintergarten6-400x600.jpg 400w\" sizes=\"auto, (max-width: 683px) 100vw, 683px\" \/><\/figure>\n\n\n\n<p><br \/><br \/><\/p>\n\n\n\n<figure class=\"wp-block-image size-full\"><img loading=\"lazy\" decoding=\"async\" width=\"715\" height=\"1024\" src=\"https:\/\/www.haekelfieber.de\/wp-blog\/wp-content\/uploads\/2024\/01\/wintergarten4.jpg\" alt=\"\" class=\"wp-image-14541\" srcset=\"https:\/\/www.haekelfieber.de\/wp-blog\/wp-content\/uploads\/2024\/01\/wintergarten4.jpg 715w, https:\/\/www.haekelfieber.de\/wp-blog\/wp-content\/uploads\/2024\/01\/wintergarten4-209x300.jpg 209w, https:\/\/www.haekelfieber.de\/wp-blog\/wp-content\/uploads\/2024\/01\/wintergarten4-419x600.jpg 419w\" sizes=\"auto, (max-width: 715px) 100vw, 715px\" \/><\/figure>\n","protected":false},"excerpt":{"rendered":"<p>Es tut so gut drau\u00dfen im Garten zu sein und neues frisches Gr\u00fcn zu entdecken. Freude. Die Sonne scheint und w\u00e4rmt die Seele.Zart spitzen die Schneegl\u00f6ckchen und Winterlinge aus der Erde. Im Gew\u00e4chshaus bedecken Winterportulak und Feldsalat den Boden. Wenn jetzt, mit den Tagen der Sonnenstand immer ein bissl h\u00f6her wird und mehr Licht ins &hellip; <a href=\"https:\/\/www.haekelfieber.de\/wp-blog\/2024\/01\/zurueck-zu-den-wurzeln-2\/\" class=\"more-link\"><span class=\"screen-reader-text\">Zur\u00fcck zu den Wurzeln<\/span> weiterlesen <span class=\"meta-nav\">&rarr;<\/span><\/a><\/p>\n","protected":false},"author":1,"featured_media":0,"comment_status":"open","ping_status":"open","sticky":false,"template":"","format":"standard","meta":{"footnotes":""},"categories":[7],"tags":[],"class_list":["post-14544","post","type-post","status-publish","format-standard","hentry","category-garten"],"yoast_head":"<!-- This site is optimized with the Yoast SEO plugin v27.4 - https:\/\/yoast.com\/product\/yoast-seo-wordpress\/ -->\n<title>Zur\u00fcck zu den Wurzeln - H\u00e4kelfieber<\/title>\n<meta name=\"robots\" content=\"index, follow, max-snippet:-1, max-image-preview:large, max-video-preview:-1\" \/>\n<link rel=\"canonical\" href=\"https:\/\/www.haekelfieber.de\/wp-blog\/2024\/01\/zurueck-zu-den-wurzeln-2\/\" \/>\n<meta property=\"og:locale\" content=\"de_DE\" \/>\n<meta property=\"og:type\" content=\"article\" \/>\n<meta property=\"og:title\" content=\"Zur\u00fcck zu den Wurzeln - H\u00e4kelfieber\" \/>\n<meta property=\"og:description\" content=\"Es tut so gut drau\u00dfen im Garten zu sein und neues frisches Gr\u00fcn zu entdecken. Freude. Die Sonne scheint und w\u00e4rmt die Seele.Zart spitzen die Schneegl\u00f6ckchen und Winterlinge aus der Erde. Im Gew\u00e4chshaus bedecken Winterportulak und Feldsalat den Boden. Wenn jetzt, mit den Tagen der Sonnenstand immer ein bissl h\u00f6her wird und mehr Licht ins &hellip; Zur\u00fcck zu den Wurzeln weiterlesen &rarr;\" \/>\n<meta property=\"og:url\" content=\"https:\/\/www.haekelfieber.de\/wp-blog\/2024\/01\/zurueck-zu-den-wurzeln-2\/\" \/>\n<meta property=\"og:site_name\" content=\"H\u00e4kelfieber\" \/>\n<meta property=\"article:published_time\" content=\"2024-01-28T10:48:45+00:00\" \/>\n<meta property=\"article:modified_time\" content=\"2024-01-28T10:48:48+00:00\" \/>\n<meta property=\"og:image\" content=\"https:\/\/www.haekelfieber.de\/wp-blog\/wp-content\/uploads\/2024\/01\/wintergarten1.jpg\" \/>\n<meta name=\"author\" content=\"Jutta\" \/>\n<meta name=\"twitter:label1\" content=\"Verfasst von\" \/>\n\t<meta name=\"twitter:data1\" content=\"Jutta\" \/>\n\t<meta name=\"twitter:label2\" content=\"Gesch\u00e4tzte Lesezeit\" \/>\n\t<meta name=\"twitter:data2\" content=\"2\u00a0Minuten\" \/>\n<script type=\"application\/ld+json\" class=\"yoast-schema-graph\">{\"@context\":\"https:\\\/\\\/schema.org\",\"@graph\":[{\"@type\":\"Article\",\"@id\":\"https:\\\/\\\/www.haekelfieber.de\\\/wp-blog\\\/2024\\\/01\\\/zurueck-zu-den-wurzeln-2\\\/#article\",\"isPartOf\":{\"@id\":\"https:\\\/\\\/www.haekelfieber.de\\\/wp-blog\\\/2024\\\/01\\\/zurueck-zu-den-wurzeln-2\\\/\"},\"author\":{\"name\":\"Jutta\",\"@id\":\"https:\\\/\\\/www.haekelfieber.de\\\/wp-blog\\\/#\\\/schema\\\/person\\\/08b81f8e0d3480519aadc66881dee8d7\"},\"headline\":\"Zur\u00fcck zu den Wurzeln\",\"datePublished\":\"2024-01-28T10:48:45+00:00\",\"dateModified\":\"2024-01-28T10:48:48+00:00\",\"mainEntityOfPage\":{\"@id\":\"https:\\\/\\\/www.haekelfieber.de\\\/wp-blog\\\/2024\\\/01\\\/zurueck-zu-den-wurzeln-2\\\/\"},\"wordCount\":149,\"commentCount\":0,\"publisher\":{\"@id\":\"https:\\\/\\\/www.haekelfieber.de\\\/wp-blog\\\/#organization\"},\"image\":{\"@id\":\"https:\\\/\\\/www.haekelfieber.de\\\/wp-blog\\\/2024\\\/01\\\/zurueck-zu-den-wurzeln-2\\\/#primaryimage\"},\"thumbnailUrl\":\"https:\\\/\\\/www.haekelfieber.de\\\/wp-blog\\\/wp-content\\\/uploads\\\/2024\\\/01\\\/wintergarten1.jpg\",\"articleSection\":[\"Garten\"],\"inLanguage\":\"de\",\"potentialAction\":[{\"@type\":\"CommentAction\",\"name\":\"Comment\",\"target\":[\"https:\\\/\\\/www.haekelfieber.de\\\/wp-blog\\\/2024\\\/01\\\/zurueck-zu-den-wurzeln-2\\\/#respond\"]}]},{\"@type\":\"WebPage\",\"@id\":\"https:\\\/\\\/www.haekelfieber.de\\\/wp-blog\\\/2024\\\/01\\\/zurueck-zu-den-wurzeln-2\\\/\",\"url\":\"https:\\\/\\\/www.haekelfieber.de\\\/wp-blog\\\/2024\\\/01\\\/zurueck-zu-den-wurzeln-2\\\/\",\"name\":\"Zur\u00fcck zu den Wurzeln - H\u00e4kelfieber\",\"isPartOf\":{\"@id\":\"https:\\\/\\\/www.haekelfieber.de\\\/wp-blog\\\/#website\"},\"primaryImageOfPage\":{\"@id\":\"https:\\\/\\\/www.haekelfieber.de\\\/wp-blog\\\/2024\\\/01\\\/zurueck-zu-den-wurzeln-2\\\/#primaryimage\"},\"image\":{\"@id\":\"https:\\\/\\\/www.haekelfieber.de\\\/wp-blog\\\/2024\\\/01\\\/zurueck-zu-den-wurzeln-2\\\/#primaryimage\"},\"thumbnailUrl\":\"https:\\\/\\\/www.haekelfieber.de\\\/wp-blog\\\/wp-content\\\/uploads\\\/2024\\\/01\\\/wintergarten1.jpg\",\"datePublished\":\"2024-01-28T10:48:45+00:00\",\"dateModified\":\"2024-01-28T10:48:48+00:00\",\"breadcrumb\":{\"@id\":\"https:\\\/\\\/www.haekelfieber.de\\\/wp-blog\\\/2024\\\/01\\\/zurueck-zu-den-wurzeln-2\\\/#breadcrumb\"},\"inLanguage\":\"de\",\"potentialAction\":[{\"@type\":\"ReadAction\",\"target\":[\"https:\\\/\\\/www.haekelfieber.de\\\/wp-blog\\\/2024\\\/01\\\/zurueck-zu-den-wurzeln-2\\\/\"]}]},{\"@type\":\"ImageObject\",\"inLanguage\":\"de\",\"@id\":\"https:\\\/\\\/www.haekelfieber.de\\\/wp-blog\\\/2024\\\/01\\\/zurueck-zu-den-wurzeln-2\\\/#primaryimage\",\"url\":\"https:\\\/\\\/www.haekelfieber.de\\\/wp-blog\\\/wp-content\\\/uploads\\\/2024\\\/01\\\/wintergarten1.jpg\",\"contentUrl\":\"https:\\\/\\\/www.haekelfieber.de\\\/wp-blog\\\/wp-content\\\/uploads\\\/2024\\\/01\\\/wintergarten1.jpg\",\"width\":683,\"height\":1024},{\"@type\":\"BreadcrumbList\",\"@id\":\"https:\\\/\\\/www.haekelfieber.de\\\/wp-blog\\\/2024\\\/01\\\/zurueck-zu-den-wurzeln-2\\\/#breadcrumb\",\"itemListElement\":[{\"@type\":\"ListItem\",\"position\":1,\"name\":\"Home\",\"item\":\"https:\\\/\\\/www.haekelfieber.de\\\/wp-blog\\\/\"},{\"@type\":\"ListItem\",\"position\":2,\"name\":\"Zur\u00fcck zu den Wurzeln\"}]},{\"@type\":\"WebSite\",\"@id\":\"https:\\\/\\\/www.haekelfieber.de\\\/wp-blog\\\/#website\",\"url\":\"https:\\\/\\\/www.haekelfieber.de\\\/wp-blog\\\/\",\"name\":\"H\u00e4kelfieber\",\"description\":\"Ich bin im...\",\"publisher\":{\"@id\":\"https:\\\/\\\/www.haekelfieber.de\\\/wp-blog\\\/#organization\"},\"potentialAction\":[{\"@type\":\"SearchAction\",\"target\":{\"@type\":\"EntryPoint\",\"urlTemplate\":\"https:\\\/\\\/www.haekelfieber.de\\\/wp-blog\\\/?s={search_term_string}\"},\"query-input\":{\"@type\":\"PropertyValueSpecification\",\"valueRequired\":true,\"valueName\":\"search_term_string\"}}],\"inLanguage\":\"de\"},{\"@type\":\"Organization\",\"@id\":\"https:\\\/\\\/www.haekelfieber.de\\\/wp-blog\\\/#organization\",\"name\":\"H\u00e4kelfieber\",\"url\":\"https:\\\/\\\/www.haekelfieber.de\\\/wp-blog\\\/\",\"logo\":{\"@type\":\"ImageObject\",\"inLanguage\":\"de\",\"@id\":\"https:\\\/\\\/www.haekelfieber.de\\\/wp-blog\\\/#\\\/schema\\\/logo\\\/image\\\/\",\"url\":\"https:\\\/\\\/www.haekelfieber.de\\\/wp-blog\\\/wp-content\\\/uploads\\\/2023\\\/03\\\/kissen-haekeln2.jpg\",\"contentUrl\":\"https:\\\/\\\/www.haekelfieber.de\\\/wp-blog\\\/wp-content\\\/uploads\\\/2023\\\/03\\\/kissen-haekeln2.jpg\",\"width\":683,\"height\":1024,\"caption\":\"H\u00e4kelfieber\"},\"image\":{\"@id\":\"https:\\\/\\\/www.haekelfieber.de\\\/wp-blog\\\/#\\\/schema\\\/logo\\\/image\\\/\"}},{\"@type\":\"Person\",\"@id\":\"https:\\\/\\\/www.haekelfieber.de\\\/wp-blog\\\/#\\\/schema\\\/person\\\/08b81f8e0d3480519aadc66881dee8d7\",\"name\":\"Jutta\",\"image\":{\"@type\":\"ImageObject\",\"inLanguage\":\"de\",\"@id\":\"https:\\\/\\\/secure.gravatar.com\\\/avatar\\\/4fb96a09981d3eab52fd94765c38a5395ca69a563a8cd98c172ef85375636d9d?s=96&d=mm&r=g\",\"url\":\"https:\\\/\\\/secure.gravatar.com\\\/avatar\\\/4fb96a09981d3eab52fd94765c38a5395ca69a563a8cd98c172ef85375636d9d?s=96&d=mm&r=g\",\"contentUrl\":\"https:\\\/\\\/secure.gravatar.com\\\/avatar\\\/4fb96a09981d3eab52fd94765c38a5395ca69a563a8cd98c172ef85375636d9d?s=96&d=mm&r=g\",\"caption\":\"Jutta\"},\"url\":\"https:\\\/\\\/www.haekelfieber.de\\\/wp-blog\\\/author\\\/admin\\\/\"}]}<\/script>\n<!-- \/ Yoast SEO plugin. -->","yoast_head_json":{"title":"Zur\u00fcck zu den Wurzeln - H\u00e4kelfieber","robots":{"index":"index","follow":"follow","max-snippet":"max-snippet:-1","max-image-preview":"max-image-preview:large","max-video-preview":"max-video-preview:-1"},"canonical":"https:\/\/www.haekelfieber.de\/wp-blog\/2024\/01\/zurueck-zu-den-wurzeln-2\/","og_locale":"de_DE","og_type":"article","og_title":"Zur\u00fcck zu den Wurzeln - H\u00e4kelfieber","og_description":"Es tut so gut drau\u00dfen im Garten zu sein und neues frisches Gr\u00fcn zu entdecken. Freude. Die Sonne scheint und w\u00e4rmt die Seele.Zart spitzen die Schneegl\u00f6ckchen und Winterlinge aus der Erde. Im Gew\u00e4chshaus bedecken Winterportulak und Feldsalat den Boden. Wenn jetzt, mit den Tagen der Sonnenstand immer ein bissl h\u00f6her wird und mehr Licht ins &hellip; Zur\u00fcck zu den Wurzeln weiterlesen &rarr;","og_url":"https:\/\/www.haekelfieber.de\/wp-blog\/2024\/01\/zurueck-zu-den-wurzeln-2\/","og_site_name":"H\u00e4kelfieber","article_published_time":"2024-01-28T10:48:45+00:00","article_modified_time":"2024-01-28T10:48:48+00:00","og_image":[{"url":"https:\/\/www.haekelfieber.de\/wp-blog\/wp-content\/uploads\/2024\/01\/wintergarten1.jpg","type":"","width":"","height":""}],"author":"Jutta","twitter_misc":{"Verfasst von":"Jutta","Gesch\u00e4tzte Lesezeit":"2\u00a0Minuten"},"schema":{"@context":"https:\/\/schema.org","@graph":[{"@type":"Article","@id":"https:\/\/www.haekelfieber.de\/wp-blog\/2024\/01\/zurueck-zu-den-wurzeln-2\/#article","isPartOf":{"@id":"https:\/\/www.haekelfieber.de\/wp-blog\/2024\/01\/zurueck-zu-den-wurzeln-2\/"},"author":{"name":"Jutta","@id":"https:\/\/www.haekelfieber.de\/wp-blog\/#\/schema\/person\/08b81f8e0d3480519aadc66881dee8d7"},"headline":"Zur\u00fcck zu den Wurzeln","datePublished":"2024-01-28T10:48:45+00:00","dateModified":"2024-01-28T10:48:48+00:00","mainEntityOfPage":{"@id":"https:\/\/www.haekelfieber.de\/wp-blog\/2024\/01\/zurueck-zu-den-wurzeln-2\/"},"wordCount":149,"commentCount":0,"publisher":{"@id":"https:\/\/www.haekelfieber.de\/wp-blog\/#organization"},"image":{"@id":"https:\/\/www.haekelfieber.de\/wp-blog\/2024\/01\/zurueck-zu-den-wurzeln-2\/#primaryimage"},"thumbnailUrl":"https:\/\/www.haekelfieber.de\/wp-blog\/wp-content\/uploads\/2024\/01\/wintergarten1.jpg","articleSection":["Garten"],"inLanguage":"de","potentialAction":[{"@type":"CommentAction","name":"Comment","target":["https:\/\/www.haekelfieber.de\/wp-blog\/2024\/01\/zurueck-zu-den-wurzeln-2\/#respond"]}]},{"@type":"WebPage","@id":"https:\/\/www.haekelfieber.de\/wp-blog\/2024\/01\/zurueck-zu-den-wurzeln-2\/","url":"https:\/\/www.haekelfieber.de\/wp-blog\/2024\/01\/zurueck-zu-den-wurzeln-2\/","name":"Zur\u00fcck zu den Wurzeln - H\u00e4kelfieber","isPartOf":{"@id":"https:\/\/www.haekelfieber.de\/wp-blog\/#website"},"primaryImageOfPage":{"@id":"https:\/\/www.haekelfieber.de\/wp-blog\/2024\/01\/zurueck-zu-den-wurzeln-2\/#primaryimage"},"image":{"@id":"https:\/\/www.haekelfieber.de\/wp-blog\/2024\/01\/zurueck-zu-den-wurzeln-2\/#primaryimage"},"thumbnailUrl":"https:\/\/www.haekelfieber.de\/wp-blog\/wp-content\/uploads\/2024\/01\/wintergarten1.jpg","datePublished":"2024-01-28T10:48:45+00:00","dateModified":"2024-01-28T10:48:48+00:00","breadcrumb":{"@id":"https:\/\/www.haekelfieber.de\/wp-blog\/2024\/01\/zurueck-zu-den-wurzeln-2\/#breadcrumb"},"inLanguage":"de","potentialAction":[{"@type":"ReadAction","target":["https:\/\/www.haekelfieber.de\/wp-blog\/2024\/01\/zurueck-zu-den-wurzeln-2\/"]}]},{"@type":"ImageObject","inLanguage":"de","@id":"https:\/\/www.haekelfieber.de\/wp-blog\/2024\/01\/zurueck-zu-den-wurzeln-2\/#primaryimage","url":"https:\/\/www.haekelfieber.de\/wp-blog\/wp-content\/uploads\/2024\/01\/wintergarten1.jpg","contentUrl":"https:\/\/www.haekelfieber.de\/wp-blog\/wp-content\/uploads\/2024\/01\/wintergarten1.jpg","width":683,"height":1024},{"@type":"BreadcrumbList","@id":"https:\/\/www.haekelfieber.de\/wp-blog\/2024\/01\/zurueck-zu-den-wurzeln-2\/#breadcrumb","itemListElement":[{"@type":"ListItem","position":1,"name":"Home","item":"https:\/\/www.haekelfieber.de\/wp-blog\/"},{"@type":"ListItem","position":2,"name":"Zur\u00fcck zu den Wurzeln"}]},{"@type":"WebSite","@id":"https:\/\/www.haekelfieber.de\/wp-blog\/#website","url":"https:\/\/www.haekelfieber.de\/wp-blog\/","name":"H\u00e4kelfieber","description":"Ich bin im...","publisher":{"@id":"https:\/\/www.haekelfieber.de\/wp-blog\/#organization"},"potentialAction":[{"@type":"SearchAction","target":{"@type":"EntryPoint","urlTemplate":"https:\/\/www.haekelfieber.de\/wp-blog\/?s={search_term_string}"},"query-input":{"@type":"PropertyValueSpecification","valueRequired":true,"valueName":"search_term_string"}}],"inLanguage":"de"},{"@type":"Organization","@id":"https:\/\/www.haekelfieber.de\/wp-blog\/#organization","name":"H\u00e4kelfieber","url":"https:\/\/www.haekelfieber.de\/wp-blog\/","logo":{"@type":"ImageObject","inLanguage":"de","@id":"https:\/\/www.haekelfieber.de\/wp-blog\/#\/schema\/logo\/image\/","url":"https:\/\/www.haekelfieber.de\/wp-blog\/wp-content\/uploads\/2023\/03\/kissen-haekeln2.jpg","contentUrl":"https:\/\/www.haekelfieber.de\/wp-blog\/wp-content\/uploads\/2023\/03\/kissen-haekeln2.jpg","width":683,"height":1024,"caption":"H\u00e4kelfieber"},"image":{"@id":"https:\/\/www.haekelfieber.de\/wp-blog\/#\/schema\/logo\/image\/"}},{"@type":"Person","@id":"https:\/\/www.haekelfieber.de\/wp-blog\/#\/schema\/person\/08b81f8e0d3480519aadc66881dee8d7","name":"Jutta","image":{"@type":"ImageObject","inLanguage":"de","@id":"https:\/\/secure.gravatar.com\/avatar\/4fb96a09981d3eab52fd94765c38a5395ca69a563a8cd98c172ef85375636d9d?s=96&d=mm&r=g","url":"https:\/\/secure.gravatar.com\/avatar\/4fb96a09981d3eab52fd94765c38a5395ca69a563a8cd98c172ef85375636d9d?s=96&d=mm&r=g","contentUrl":"https:\/\/secure.gravatar.com\/avatar\/4fb96a09981d3eab52fd94765c38a5395ca69a563a8cd98c172ef85375636d9d?s=96&d=mm&r=g","caption":"Jutta"},"url":"https:\/\/www.haekelfieber.de\/wp-blog\/author\/admin\/"}]}},"_links":{"self":[{"href":"https:\/\/www.haekelfieber.de\/wp-blog\/wp-json\/wp\/v2\/posts\/14544","targetHints":{"allow":["GET"]}}],"collection":[{"href":"https:\/\/www.haekelfieber.de\/wp-blog\/wp-json\/wp\/v2\/posts"}],"about":[{"href":"https:\/\/www.haekelfieber.de\/wp-blog\/wp-json\/wp\/v2\/types\/post"}],"author":[{"embeddable":true,"href":"https:\/\/www.haekelfieber.de\/wp-blog\/wp-json\/wp\/v2\/users\/1"}],"replies":[{"embeddable":true,"href":"https:\/\/www.haekelfieber.de\/wp-blog\/wp-json\/wp\/v2\/comments?post=14544"}],"version-history":[{"count":1,"href":"https:\/\/www.haekelfieber.de\/wp-blog\/wp-json\/wp\/v2\/posts\/14544\/revisions"}],"predecessor-version":[{"id":14545,"href":"https:\/\/www.haekelfieber.de\/wp-blog\/wp-json\/wp\/v2\/posts\/14544\/revisions\/14545"}],"wp:attachment":[{"href":"https:\/\/www.haekelfieber.de\/wp-blog\/wp-json\/wp\/v2\/media?parent=14544"}],"wp:term":[{"taxonomy":"category","embeddable":true,"href":"https:\/\/www.haekelfieber.de\/wp-blog\/wp-json\/wp\/v2\/categories?post=14544"},{"taxonomy":"post_tag","embeddable":true,"href":"https:\/\/www.haekelfieber.de\/wp-blog\/wp-json\/wp\/v2\/tags?post=14544"}],"curies":[{"name":"wp","href":"https:\/\/api.w.org\/{rel}","templated":true}]}}