{"id":14594,"date":"2024-02-22T10:18:54","date_gmt":"2024-02-22T09:18:54","guid":{"rendered":"https:\/\/www.haekelfieber.de\/wp-blog\/?p=14594"},"modified":"2024-02-22T10:20:14","modified_gmt":"2024-02-22T09:20:14","slug":"dem-geht-es-an-den-kragen","status":"publish","type":"post","link":"https:\/\/www.haekelfieber.de\/wp-blog\/2024\/02\/dem-geht-es-an-den-kragen\/","title":{"rendered":"Dem geht es an den Kragen"},"content":{"rendered":"\n\n\n<p>In Ermangelung eines passenden Halses f\u00fcr meinen fabrizierten Prototyp, musste der alte Hase herhalten. Drei\u00dfig Jahre hat er auf dem Buckel und sieht noch immer taufrisch aus. <br \/>Und nun mit R\u00fcschchen um die Gurgel. Hm. \u00dcber seine geschlechtliche Identit\u00e4t, wie er\u00a0 &#8222;gelesen&#8220; werden will, wei\u00df ich nicht bescheid. Egal. So aufger\u00fcscht sieht er jedenfalls h\u00fcbsch aus. <br \/>Werde den n\u00e4chsten Kragen gr\u00f6\u00dfer h\u00e4keln, damit auch menschliche H\u00e4lse daf\u00fcr in Betracht kommen \ud83d\ude42<br \/><br \/><\/p>\n\n\n\n\n\n<figure class=\"wp-block-image size-full\"><img loading=\"lazy\" decoding=\"async\" width=\"688\" height=\"1024\" src=\"https:\/\/www.haekelfieber.de\/wp-blog\/wp-content\/uploads\/2024\/02\/spitzenkragen-haekeln5.jpg\" alt=\"\" class=\"wp-image-14592\" srcset=\"https:\/\/www.haekelfieber.de\/wp-blog\/wp-content\/uploads\/2024\/02\/spitzenkragen-haekeln5.jpg 688w, https:\/\/www.haekelfieber.de\/wp-blog\/wp-content\/uploads\/2024\/02\/spitzenkragen-haekeln5-202x300.jpg 202w, https:\/\/www.haekelfieber.de\/wp-blog\/wp-content\/uploads\/2024\/02\/spitzenkragen-haekeln5-403x600.jpg 403w\" sizes=\"auto, (max-width: 688px) 100vw, 688px\" \/><\/figure>\n\n\n\n<p><br \/><br \/><\/p>\n\n\n\n<figure class=\"wp-block-image size-full\"><img loading=\"lazy\" decoding=\"async\" width=\"732\" height=\"1024\" src=\"https:\/\/www.haekelfieber.de\/wp-blog\/wp-content\/uploads\/2024\/02\/spitzenkragen-haekeln2.jpg\" alt=\"\" class=\"wp-image-14591\" srcset=\"https:\/\/www.haekelfieber.de\/wp-blog\/wp-content\/uploads\/2024\/02\/spitzenkragen-haekeln2.jpg 732w, https:\/\/www.haekelfieber.de\/wp-blog\/wp-content\/uploads\/2024\/02\/spitzenkragen-haekeln2-214x300.jpg 214w, https:\/\/www.haekelfieber.de\/wp-blog\/wp-content\/uploads\/2024\/02\/spitzenkragen-haekeln2-429x600.jpg 429w\" sizes=\"auto, (max-width: 732px) 100vw, 732px\" \/><\/figure>\n\n\n\n<p><br \/><br \/><\/p>\n\n\n\n<figure class=\"wp-block-image size-full\"><img loading=\"lazy\" decoding=\"async\" width=\"712\" height=\"1024\" src=\"https:\/\/www.haekelfieber.de\/wp-blog\/wp-content\/uploads\/2024\/02\/spitzenkragen-haekeln1.jpg\" alt=\"\" class=\"wp-image-14590\" srcset=\"https:\/\/www.haekelfieber.de\/wp-blog\/wp-content\/uploads\/2024\/02\/spitzenkragen-haekeln1.jpg 712w, https:\/\/www.haekelfieber.de\/wp-blog\/wp-content\/uploads\/2024\/02\/spitzenkragen-haekeln1-209x300.jpg 209w, https:\/\/www.haekelfieber.de\/wp-blog\/wp-content\/uploads\/2024\/02\/spitzenkragen-haekeln1-417x600.jpg 417w\" sizes=\"auto, (max-width: 712px) 100vw, 712px\" \/><\/figure>\n\n\n\n<p><br \/><br \/><\/p>\n\n\n\n<figure class=\"wp-block-image size-full\"><img loading=\"lazy\" decoding=\"async\" width=\"683\" height=\"1024\" src=\"https:\/\/www.haekelfieber.de\/wp-blog\/wp-content\/uploads\/2024\/02\/spitzenkragen-haekeln7.jpg\" alt=\"\" class=\"wp-image-14593\" srcset=\"https:\/\/www.haekelfieber.de\/wp-blog\/wp-content\/uploads\/2024\/02\/spitzenkragen-haekeln7.jpg 683w, https:\/\/www.haekelfieber.de\/wp-blog\/wp-content\/uploads\/2024\/02\/spitzenkragen-haekeln7-200x300.jpg 200w, https:\/\/www.haekelfieber.de\/wp-blog\/wp-content\/uploads\/2024\/02\/spitzenkragen-haekeln7-400x600.jpg 400w\" sizes=\"auto, (max-width: 683px) 100vw, 683px\" \/><\/figure>\n","protected":false},"excerpt":{"rendered":"<p>In Ermangelung eines passenden Halses f\u00fcr meinen fabrizierten Prototyp, musste der alte Hase herhalten. Drei\u00dfig Jahre hat er auf dem Buckel und sieht noch immer taufrisch aus. Und nun mit R\u00fcschchen um die Gurgel. Hm. \u00dcber seine geschlechtliche Identit\u00e4t, wie er\u00a0 &#8222;gelesen&#8220; werden will, wei\u00df ich nicht bescheid. Egal. So aufger\u00fcscht sieht er jedenfalls h\u00fcbsch &hellip; <a href=\"https:\/\/www.haekelfieber.de\/wp-blog\/2024\/02\/dem-geht-es-an-den-kragen\/\" class=\"more-link\"><span class=\"screen-reader-text\">Dem geht es an den Kragen<\/span> weiterlesen <span class=\"meta-nav\">&rarr;<\/span><\/a><\/p>\n","protected":false},"author":1,"featured_media":0,"comment_status":"open","ping_status":"open","sticky":false,"template":"","format":"standard","meta":{"footnotes":""},"categories":[5],"tags":[],"class_list":["post-14594","post","type-post","status-publish","format-standard","hentry","category-haekeln"],"yoast_head":"<!-- This site is optimized with the Yoast SEO plugin v27.4 - https:\/\/yoast.com\/product\/yoast-seo-wordpress\/ -->\n<title>Dem geht es an den Kragen - H\u00e4kelfieber<\/title>\n<meta name=\"robots\" content=\"index, follow, max-snippet:-1, max-image-preview:large, max-video-preview:-1\" \/>\n<link rel=\"canonical\" href=\"https:\/\/www.haekelfieber.de\/wp-blog\/2024\/02\/dem-geht-es-an-den-kragen\/\" \/>\n<meta property=\"og:locale\" content=\"de_DE\" \/>\n<meta property=\"og:type\" content=\"article\" \/>\n<meta property=\"og:title\" content=\"Dem geht es an den Kragen - H\u00e4kelfieber\" \/>\n<meta property=\"og:description\" content=\"In Ermangelung eines passenden Halses f\u00fcr meinen fabrizierten Prototyp, musste der alte Hase herhalten. Drei\u00dfig Jahre hat er auf dem Buckel und sieht noch immer taufrisch aus. Und nun mit R\u00fcschchen um die Gurgel. Hm. \u00dcber seine geschlechtliche Identit\u00e4t, wie er\u00a0 &#8222;gelesen&#8220; werden will, wei\u00df ich nicht bescheid. Egal. So aufger\u00fcscht sieht er jedenfalls h\u00fcbsch &hellip; Dem geht es an den Kragen weiterlesen &rarr;\" \/>\n<meta property=\"og:url\" content=\"https:\/\/www.haekelfieber.de\/wp-blog\/2024\/02\/dem-geht-es-an-den-kragen\/\" \/>\n<meta property=\"og:site_name\" content=\"H\u00e4kelfieber\" \/>\n<meta property=\"article:published_time\" content=\"2024-02-22T09:18:54+00:00\" \/>\n<meta property=\"article:modified_time\" content=\"2024-02-22T09:20:14+00:00\" \/>\n<meta property=\"og:image\" content=\"https:\/\/www.haekelfieber.de\/wp-blog\/wp-content\/uploads\/2024\/02\/spitzenkragen-haekeln5.jpg\" \/>\n<meta name=\"author\" content=\"Jutta\" \/>\n<meta name=\"twitter:label1\" content=\"Verfasst von\" \/>\n\t<meta name=\"twitter:data1\" content=\"Jutta\" \/>\n\t<meta name=\"twitter:label2\" content=\"Gesch\u00e4tzte Lesezeit\" \/>\n\t<meta name=\"twitter:data2\" content=\"2\u00a0Minuten\" \/>\n<script type=\"application\/ld+json\" class=\"yoast-schema-graph\">{\"@context\":\"https:\\\/\\\/schema.org\",\"@graph\":[{\"@type\":\"Article\",\"@id\":\"https:\\\/\\\/www.haekelfieber.de\\\/wp-blog\\\/2024\\\/02\\\/dem-geht-es-an-den-kragen\\\/#article\",\"isPartOf\":{\"@id\":\"https:\\\/\\\/www.haekelfieber.de\\\/wp-blog\\\/2024\\\/02\\\/dem-geht-es-an-den-kragen\\\/\"},\"author\":{\"name\":\"Jutta\",\"@id\":\"https:\\\/\\\/www.haekelfieber.de\\\/wp-blog\\\/#\\\/schema\\\/person\\\/08b81f8e0d3480519aadc66881dee8d7\"},\"headline\":\"Dem geht es an den Kragen\",\"datePublished\":\"2024-02-22T09:18:54+00:00\",\"dateModified\":\"2024-02-22T09:20:14+00:00\",\"mainEntityOfPage\":{\"@id\":\"https:\\\/\\\/www.haekelfieber.de\\\/wp-blog\\\/2024\\\/02\\\/dem-geht-es-an-den-kragen\\\/\"},\"wordCount\":87,\"commentCount\":1,\"publisher\":{\"@id\":\"https:\\\/\\\/www.haekelfieber.de\\\/wp-blog\\\/#organization\"},\"image\":{\"@id\":\"https:\\\/\\\/www.haekelfieber.de\\\/wp-blog\\\/2024\\\/02\\\/dem-geht-es-an-den-kragen\\\/#primaryimage\"},\"thumbnailUrl\":\"https:\\\/\\\/www.haekelfieber.de\\\/wp-blog\\\/wp-content\\\/uploads\\\/2024\\\/02\\\/spitzenkragen-haekeln5.jpg\",\"articleSection\":[\"H\u00e4keln\"],\"inLanguage\":\"de\",\"potentialAction\":[{\"@type\":\"CommentAction\",\"name\":\"Comment\",\"target\":[\"https:\\\/\\\/www.haekelfieber.de\\\/wp-blog\\\/2024\\\/02\\\/dem-geht-es-an-den-kragen\\\/#respond\"]}]},{\"@type\":\"WebPage\",\"@id\":\"https:\\\/\\\/www.haekelfieber.de\\\/wp-blog\\\/2024\\\/02\\\/dem-geht-es-an-den-kragen\\\/\",\"url\":\"https:\\\/\\\/www.haekelfieber.de\\\/wp-blog\\\/2024\\\/02\\\/dem-geht-es-an-den-kragen\\\/\",\"name\":\"Dem geht es an den Kragen - H\u00e4kelfieber\",\"isPartOf\":{\"@id\":\"https:\\\/\\\/www.haekelfieber.de\\\/wp-blog\\\/#website\"},\"primaryImageOfPage\":{\"@id\":\"https:\\\/\\\/www.haekelfieber.de\\\/wp-blog\\\/2024\\\/02\\\/dem-geht-es-an-den-kragen\\\/#primaryimage\"},\"image\":{\"@id\":\"https:\\\/\\\/www.haekelfieber.de\\\/wp-blog\\\/2024\\\/02\\\/dem-geht-es-an-den-kragen\\\/#primaryimage\"},\"thumbnailUrl\":\"https:\\\/\\\/www.haekelfieber.de\\\/wp-blog\\\/wp-content\\\/uploads\\\/2024\\\/02\\\/spitzenkragen-haekeln5.jpg\",\"datePublished\":\"2024-02-22T09:18:54+00:00\",\"dateModified\":\"2024-02-22T09:20:14+00:00\",\"breadcrumb\":{\"@id\":\"https:\\\/\\\/www.haekelfieber.de\\\/wp-blog\\\/2024\\\/02\\\/dem-geht-es-an-den-kragen\\\/#breadcrumb\"},\"inLanguage\":\"de\",\"potentialAction\":[{\"@type\":\"ReadAction\",\"target\":[\"https:\\\/\\\/www.haekelfieber.de\\\/wp-blog\\\/2024\\\/02\\\/dem-geht-es-an-den-kragen\\\/\"]}]},{\"@type\":\"ImageObject\",\"inLanguage\":\"de\",\"@id\":\"https:\\\/\\\/www.haekelfieber.de\\\/wp-blog\\\/2024\\\/02\\\/dem-geht-es-an-den-kragen\\\/#primaryimage\",\"url\":\"https:\\\/\\\/www.haekelfieber.de\\\/wp-blog\\\/wp-content\\\/uploads\\\/2024\\\/02\\\/spitzenkragen-haekeln5.jpg\",\"contentUrl\":\"https:\\\/\\\/www.haekelfieber.de\\\/wp-blog\\\/wp-content\\\/uploads\\\/2024\\\/02\\\/spitzenkragen-haekeln5.jpg\",\"width\":688,\"height\":1024},{\"@type\":\"BreadcrumbList\",\"@id\":\"https:\\\/\\\/www.haekelfieber.de\\\/wp-blog\\\/2024\\\/02\\\/dem-geht-es-an-den-kragen\\\/#breadcrumb\",\"itemListElement\":[{\"@type\":\"ListItem\",\"position\":1,\"name\":\"Home\",\"item\":\"https:\\\/\\\/www.haekelfieber.de\\\/wp-blog\\\/\"},{\"@type\":\"ListItem\",\"position\":2,\"name\":\"Dem geht es an den Kragen\"}]},{\"@type\":\"WebSite\",\"@id\":\"https:\\\/\\\/www.haekelfieber.de\\\/wp-blog\\\/#website\",\"url\":\"https:\\\/\\\/www.haekelfieber.de\\\/wp-blog\\\/\",\"name\":\"H\u00e4kelfieber\",\"description\":\"Ich bin im...\",\"publisher\":{\"@id\":\"https:\\\/\\\/www.haekelfieber.de\\\/wp-blog\\\/#organization\"},\"potentialAction\":[{\"@type\":\"SearchAction\",\"target\":{\"@type\":\"EntryPoint\",\"urlTemplate\":\"https:\\\/\\\/www.haekelfieber.de\\\/wp-blog\\\/?s={search_term_string}\"},\"query-input\":{\"@type\":\"PropertyValueSpecification\",\"valueRequired\":true,\"valueName\":\"search_term_string\"}}],\"inLanguage\":\"de\"},{\"@type\":\"Organization\",\"@id\":\"https:\\\/\\\/www.haekelfieber.de\\\/wp-blog\\\/#organization\",\"name\":\"H\u00e4kelfieber\",\"url\":\"https:\\\/\\\/www.haekelfieber.de\\\/wp-blog\\\/\",\"logo\":{\"@type\":\"ImageObject\",\"inLanguage\":\"de\",\"@id\":\"https:\\\/\\\/www.haekelfieber.de\\\/wp-blog\\\/#\\\/schema\\\/logo\\\/image\\\/\",\"url\":\"https:\\\/\\\/www.haekelfieber.de\\\/wp-blog\\\/wp-content\\\/uploads\\\/2023\\\/03\\\/kissen-haekeln2.jpg\",\"contentUrl\":\"https:\\\/\\\/www.haekelfieber.de\\\/wp-blog\\\/wp-content\\\/uploads\\\/2023\\\/03\\\/kissen-haekeln2.jpg\",\"width\":683,\"height\":1024,\"caption\":\"H\u00e4kelfieber\"},\"image\":{\"@id\":\"https:\\\/\\\/www.haekelfieber.de\\\/wp-blog\\\/#\\\/schema\\\/logo\\\/image\\\/\"}},{\"@type\":\"Person\",\"@id\":\"https:\\\/\\\/www.haekelfieber.de\\\/wp-blog\\\/#\\\/schema\\\/person\\\/08b81f8e0d3480519aadc66881dee8d7\",\"name\":\"Jutta\",\"image\":{\"@type\":\"ImageObject\",\"inLanguage\":\"de\",\"@id\":\"https:\\\/\\\/secure.gravatar.com\\\/avatar\\\/4fb96a09981d3eab52fd94765c38a5395ca69a563a8cd98c172ef85375636d9d?s=96&d=mm&r=g\",\"url\":\"https:\\\/\\\/secure.gravatar.com\\\/avatar\\\/4fb96a09981d3eab52fd94765c38a5395ca69a563a8cd98c172ef85375636d9d?s=96&d=mm&r=g\",\"contentUrl\":\"https:\\\/\\\/secure.gravatar.com\\\/avatar\\\/4fb96a09981d3eab52fd94765c38a5395ca69a563a8cd98c172ef85375636d9d?s=96&d=mm&r=g\",\"caption\":\"Jutta\"},\"url\":\"https:\\\/\\\/www.haekelfieber.de\\\/wp-blog\\\/author\\\/admin\\\/\"}]}<\/script>\n<!-- \/ Yoast SEO plugin. -->","yoast_head_json":{"title":"Dem geht es an den Kragen - H\u00e4kelfieber","robots":{"index":"index","follow":"follow","max-snippet":"max-snippet:-1","max-image-preview":"max-image-preview:large","max-video-preview":"max-video-preview:-1"},"canonical":"https:\/\/www.haekelfieber.de\/wp-blog\/2024\/02\/dem-geht-es-an-den-kragen\/","og_locale":"de_DE","og_type":"article","og_title":"Dem geht es an den Kragen - H\u00e4kelfieber","og_description":"In Ermangelung eines passenden Halses f\u00fcr meinen fabrizierten Prototyp, musste der alte Hase herhalten. Drei\u00dfig Jahre hat er auf dem Buckel und sieht noch immer taufrisch aus. Und nun mit R\u00fcschchen um die Gurgel. Hm. \u00dcber seine geschlechtliche Identit\u00e4t, wie er\u00a0 &#8222;gelesen&#8220; werden will, wei\u00df ich nicht bescheid. Egal. So aufger\u00fcscht sieht er jedenfalls h\u00fcbsch &hellip; Dem geht es an den Kragen weiterlesen &rarr;","og_url":"https:\/\/www.haekelfieber.de\/wp-blog\/2024\/02\/dem-geht-es-an-den-kragen\/","og_site_name":"H\u00e4kelfieber","article_published_time":"2024-02-22T09:18:54+00:00","article_modified_time":"2024-02-22T09:20:14+00:00","og_image":[{"url":"https:\/\/www.haekelfieber.de\/wp-blog\/wp-content\/uploads\/2024\/02\/spitzenkragen-haekeln5.jpg","type":"","width":"","height":""}],"author":"Jutta","twitter_misc":{"Verfasst von":"Jutta","Gesch\u00e4tzte Lesezeit":"2\u00a0Minuten"},"schema":{"@context":"https:\/\/schema.org","@graph":[{"@type":"Article","@id":"https:\/\/www.haekelfieber.de\/wp-blog\/2024\/02\/dem-geht-es-an-den-kragen\/#article","isPartOf":{"@id":"https:\/\/www.haekelfieber.de\/wp-blog\/2024\/02\/dem-geht-es-an-den-kragen\/"},"author":{"name":"Jutta","@id":"https:\/\/www.haekelfieber.de\/wp-blog\/#\/schema\/person\/08b81f8e0d3480519aadc66881dee8d7"},"headline":"Dem geht es an den Kragen","datePublished":"2024-02-22T09:18:54+00:00","dateModified":"2024-02-22T09:20:14+00:00","mainEntityOfPage":{"@id":"https:\/\/www.haekelfieber.de\/wp-blog\/2024\/02\/dem-geht-es-an-den-kragen\/"},"wordCount":87,"commentCount":1,"publisher":{"@id":"https:\/\/www.haekelfieber.de\/wp-blog\/#organization"},"image":{"@id":"https:\/\/www.haekelfieber.de\/wp-blog\/2024\/02\/dem-geht-es-an-den-kragen\/#primaryimage"},"thumbnailUrl":"https:\/\/www.haekelfieber.de\/wp-blog\/wp-content\/uploads\/2024\/02\/spitzenkragen-haekeln5.jpg","articleSection":["H\u00e4keln"],"inLanguage":"de","potentialAction":[{"@type":"CommentAction","name":"Comment","target":["https:\/\/www.haekelfieber.de\/wp-blog\/2024\/02\/dem-geht-es-an-den-kragen\/#respond"]}]},{"@type":"WebPage","@id":"https:\/\/www.haekelfieber.de\/wp-blog\/2024\/02\/dem-geht-es-an-den-kragen\/","url":"https:\/\/www.haekelfieber.de\/wp-blog\/2024\/02\/dem-geht-es-an-den-kragen\/","name":"Dem geht es an den Kragen - H\u00e4kelfieber","isPartOf":{"@id":"https:\/\/www.haekelfieber.de\/wp-blog\/#website"},"primaryImageOfPage":{"@id":"https:\/\/www.haekelfieber.de\/wp-blog\/2024\/02\/dem-geht-es-an-den-kragen\/#primaryimage"},"image":{"@id":"https:\/\/www.haekelfieber.de\/wp-blog\/2024\/02\/dem-geht-es-an-den-kragen\/#primaryimage"},"thumbnailUrl":"https:\/\/www.haekelfieber.de\/wp-blog\/wp-content\/uploads\/2024\/02\/spitzenkragen-haekeln5.jpg","datePublished":"2024-02-22T09:18:54+00:00","dateModified":"2024-02-22T09:20:14+00:00","breadcrumb":{"@id":"https:\/\/www.haekelfieber.de\/wp-blog\/2024\/02\/dem-geht-es-an-den-kragen\/#breadcrumb"},"inLanguage":"de","potentialAction":[{"@type":"ReadAction","target":["https:\/\/www.haekelfieber.de\/wp-blog\/2024\/02\/dem-geht-es-an-den-kragen\/"]}]},{"@type":"ImageObject","inLanguage":"de","@id":"https:\/\/www.haekelfieber.de\/wp-blog\/2024\/02\/dem-geht-es-an-den-kragen\/#primaryimage","url":"https:\/\/www.haekelfieber.de\/wp-blog\/wp-content\/uploads\/2024\/02\/spitzenkragen-haekeln5.jpg","contentUrl":"https:\/\/www.haekelfieber.de\/wp-blog\/wp-content\/uploads\/2024\/02\/spitzenkragen-haekeln5.jpg","width":688,"height":1024},{"@type":"BreadcrumbList","@id":"https:\/\/www.haekelfieber.de\/wp-blog\/2024\/02\/dem-geht-es-an-den-kragen\/#breadcrumb","itemListElement":[{"@type":"ListItem","position":1,"name":"Home","item":"https:\/\/www.haekelfieber.de\/wp-blog\/"},{"@type":"ListItem","position":2,"name":"Dem geht es an den Kragen"}]},{"@type":"WebSite","@id":"https:\/\/www.haekelfieber.de\/wp-blog\/#website","url":"https:\/\/www.haekelfieber.de\/wp-blog\/","name":"H\u00e4kelfieber","description":"Ich bin im...","publisher":{"@id":"https:\/\/www.haekelfieber.de\/wp-blog\/#organization"},"potentialAction":[{"@type":"SearchAction","target":{"@type":"EntryPoint","urlTemplate":"https:\/\/www.haekelfieber.de\/wp-blog\/?s={search_term_string}"},"query-input":{"@type":"PropertyValueSpecification","valueRequired":true,"valueName":"search_term_string"}}],"inLanguage":"de"},{"@type":"Organization","@id":"https:\/\/www.haekelfieber.de\/wp-blog\/#organization","name":"H\u00e4kelfieber","url":"https:\/\/www.haekelfieber.de\/wp-blog\/","logo":{"@type":"ImageObject","inLanguage":"de","@id":"https:\/\/www.haekelfieber.de\/wp-blog\/#\/schema\/logo\/image\/","url":"https:\/\/www.haekelfieber.de\/wp-blog\/wp-content\/uploads\/2023\/03\/kissen-haekeln2.jpg","contentUrl":"https:\/\/www.haekelfieber.de\/wp-blog\/wp-content\/uploads\/2023\/03\/kissen-haekeln2.jpg","width":683,"height":1024,"caption":"H\u00e4kelfieber"},"image":{"@id":"https:\/\/www.haekelfieber.de\/wp-blog\/#\/schema\/logo\/image\/"}},{"@type":"Person","@id":"https:\/\/www.haekelfieber.de\/wp-blog\/#\/schema\/person\/08b81f8e0d3480519aadc66881dee8d7","name":"Jutta","image":{"@type":"ImageObject","inLanguage":"de","@id":"https:\/\/secure.gravatar.com\/avatar\/4fb96a09981d3eab52fd94765c38a5395ca69a563a8cd98c172ef85375636d9d?s=96&d=mm&r=g","url":"https:\/\/secure.gravatar.com\/avatar\/4fb96a09981d3eab52fd94765c38a5395ca69a563a8cd98c172ef85375636d9d?s=96&d=mm&r=g","contentUrl":"https:\/\/secure.gravatar.com\/avatar\/4fb96a09981d3eab52fd94765c38a5395ca69a563a8cd98c172ef85375636d9d?s=96&d=mm&r=g","caption":"Jutta"},"url":"https:\/\/www.haekelfieber.de\/wp-blog\/author\/admin\/"}]}},"_links":{"self":[{"href":"https:\/\/www.haekelfieber.de\/wp-blog\/wp-json\/wp\/v2\/posts\/14594","targetHints":{"allow":["GET"]}}],"collection":[{"href":"https:\/\/www.haekelfieber.de\/wp-blog\/wp-json\/wp\/v2\/posts"}],"about":[{"href":"https:\/\/www.haekelfieber.de\/wp-blog\/wp-json\/wp\/v2\/types\/post"}],"author":[{"embeddable":true,"href":"https:\/\/www.haekelfieber.de\/wp-blog\/wp-json\/wp\/v2\/users\/1"}],"replies":[{"embeddable":true,"href":"https:\/\/www.haekelfieber.de\/wp-blog\/wp-json\/wp\/v2\/comments?post=14594"}],"version-history":[{"count":3,"href":"https:\/\/www.haekelfieber.de\/wp-blog\/wp-json\/wp\/v2\/posts\/14594\/revisions"}],"predecessor-version":[{"id":14597,"href":"https:\/\/www.haekelfieber.de\/wp-blog\/wp-json\/wp\/v2\/posts\/14594\/revisions\/14597"}],"wp:attachment":[{"href":"https:\/\/www.haekelfieber.de\/wp-blog\/wp-json\/wp\/v2\/media?parent=14594"}],"wp:term":[{"taxonomy":"category","embeddable":true,"href":"https:\/\/www.haekelfieber.de\/wp-blog\/wp-json\/wp\/v2\/categories?post=14594"},{"taxonomy":"post_tag","embeddable":true,"href":"https:\/\/www.haekelfieber.de\/wp-blog\/wp-json\/wp\/v2\/tags?post=14594"}],"curies":[{"name":"wp","href":"https:\/\/api.w.org\/{rel}","templated":true}]}}