{"id":15565,"date":"2025-01-10T13:55:31","date_gmt":"2025-01-10T12:55:31","guid":{"rendered":"https:\/\/www.haekelfieber.de\/wp-blog\/?p=15565"},"modified":"2025-01-10T16:39:40","modified_gmt":"2025-01-10T15:39:40","slug":"die-meinung-geaendert","status":"publish","type":"post","link":"https:\/\/www.haekelfieber.de\/wp-blog\/2025\/01\/die-meinung-geaendert\/","title":{"rendered":"Die Meinung ge\u00e4ndert"},"content":{"rendered":"\n<p>Sag niemals nie &#8211; oder so.<br \/>Vor Jahren ver\u00f6ffentlichte ich einen Beitrag \u00fcber Microfasersp\u00fclt\u00fccher. War hin und weg von den bunten Farben.<br \/>Heute benutze ich sie in der K\u00fcche nicht mehr. Selbstfabrizierte, haupts\u00e4chlich gestrickte Lappen, sind in gebrauch.<br \/>Ohweia, vor Jahren outete ich mich hier als Gr\u00fcnenw\u00e4hlerin. Damals glaubte ich noch an deren Friedensmission&#8230;, in meiner Unwissenheit.<br \/>Heute gehen sie gar nicht mehr.<br \/>Vor etlichen Jahren, war ich eine der Gutenden. Machte mit anderen L\u00e4rm gegen eine Veranstaltung der &#8222;Schwefelpartei&#8220;. F\u00fchlte mich auf der guten Seite, im Kampf gegen das b\u00f6se Rechte.<br \/>Heute sehe ich das differenzierter. W\u00fcrde keinen L\u00e4rm mehr schlagen, sondern mir die Argumente einfach mal anh\u00f6ren.<br \/>So . Und jetzt sitze ich hier, der Blick schweift aus dem Fenster. Viele Spatzen tummeln sich in der Hecke nah dem H\u00fchnerstall. Sch\u00f6n.<br \/>Ich belasse es hier mal so wie es ist. Pr\u00fcfe nicht mehr auf Rechtschreibfehler oder fehlende Kommasetzung. Auch das mache ich heute anders. Es ist nebens\u00e4chlicher geworden. Gut so.<br \/><br \/>Lese ich auch gern &#8211; <a href=\"https:\/\/vera-lengsfeld.de\/2025\/01\/09\/merz-contra-meinungsfreiheit\/\" target=\"_blank\" rel=\"noopener\">Vera Lengsfeld: Merz contra Meinungsfreiheit<\/a><br \/><br \/><br \/><br \/><\/p>\n\n\n\n<figure class=\"wp-block-image size-full\"><img loading=\"lazy\" decoding=\"async\" width=\"683\" height=\"1024\" src=\"https:\/\/www.haekelfieber.de\/wp-blog\/wp-content\/uploads\/2025\/01\/spueltuch-stricken8.jpg\" alt=\"\" class=\"wp-image-15561\" srcset=\"https:\/\/www.haekelfieber.de\/wp-blog\/wp-content\/uploads\/2025\/01\/spueltuch-stricken8.jpg 683w, https:\/\/www.haekelfieber.de\/wp-blog\/wp-content\/uploads\/2025\/01\/spueltuch-stricken8-200x300.jpg 200w, https:\/\/www.haekelfieber.de\/wp-blog\/wp-content\/uploads\/2025\/01\/spueltuch-stricken8-400x600.jpg 400w\" sizes=\"auto, (max-width: 683px) 100vw, 683px\" \/><\/figure>\n\n\n\n<p><br><br><\/p>\n\n\n\n<figure class=\"wp-block-image size-full\"><img loading=\"lazy\" decoding=\"async\" width=\"692\" height=\"1024\" src=\"https:\/\/www.haekelfieber.de\/wp-blog\/wp-content\/uploads\/2025\/01\/spueltuch-stricken10.jpg\" alt=\"\" class=\"wp-image-15563\" srcset=\"https:\/\/www.haekelfieber.de\/wp-blog\/wp-content\/uploads\/2025\/01\/spueltuch-stricken10.jpg 692w, https:\/\/www.haekelfieber.de\/wp-blog\/wp-content\/uploads\/2025\/01\/spueltuch-stricken10-203x300.jpg 203w, https:\/\/www.haekelfieber.de\/wp-blog\/wp-content\/uploads\/2025\/01\/spueltuch-stricken10-405x600.jpg 405w\" sizes=\"auto, (max-width: 692px) 100vw, 692px\" \/><\/figure>\n\n\n\n<p><br><br><\/p>\n\n\n\n<figure class=\"wp-block-image size-full\"><img loading=\"lazy\" decoding=\"async\" width=\"683\" height=\"1024\" src=\"https:\/\/www.haekelfieber.de\/wp-blog\/wp-content\/uploads\/2025\/01\/putzlappen-stricken7.jpg\" alt=\"\" class=\"wp-image-15564\" srcset=\"https:\/\/www.haekelfieber.de\/wp-blog\/wp-content\/uploads\/2025\/01\/putzlappen-stricken7.jpg 683w, https:\/\/www.haekelfieber.de\/wp-blog\/wp-content\/uploads\/2025\/01\/putzlappen-stricken7-200x300.jpg 200w, https:\/\/www.haekelfieber.de\/wp-blog\/wp-content\/uploads\/2025\/01\/putzlappen-stricken7-400x600.jpg 400w\" sizes=\"auto, (max-width: 683px) 100vw, 683px\" \/><\/figure>\n\n\n","protected":false},"excerpt":{"rendered":"<p>Sag niemals nie &#8211; oder so.Vor Jahren ver\u00f6ffentlichte ich einen Beitrag \u00fcber Microfasersp\u00fclt\u00fccher. War hin und weg von den bunten Farben.Heute benutze ich sie in der K\u00fcche nicht mehr. Selbstfabrizierte, haupts\u00e4chlich gestrickte Lappen, sind in gebrauch.Ohweia, vor Jahren outete ich mich hier als Gr\u00fcnenw\u00e4hlerin. Damals glaubte ich noch an deren Friedensmission&#8230;, in meiner Unwissenheit.Heute gehen &hellip; <a href=\"https:\/\/www.haekelfieber.de\/wp-blog\/2025\/01\/die-meinung-geaendert\/\" class=\"more-link\"><span class=\"screen-reader-text\">Die Meinung ge\u00e4ndert<\/span> weiterlesen <span class=\"meta-nav\">&rarr;<\/span><\/a><\/p>\n","protected":false},"author":1,"featured_media":0,"comment_status":"open","ping_status":"open","sticky":false,"template":"","format":"standard","meta":{"footnotes":""},"categories":[17],"tags":[],"class_list":["post-15565","post","type-post","status-publish","format-standard","hentry","category-stricken"],"yoast_head":"<!-- This site is optimized with the Yoast SEO plugin v27.4 - https:\/\/yoast.com\/product\/yoast-seo-wordpress\/ -->\n<title>Die Meinung ge\u00e4ndert - H\u00e4kelfieber<\/title>\n<meta name=\"robots\" content=\"index, follow, max-snippet:-1, max-image-preview:large, max-video-preview:-1\" \/>\n<link rel=\"canonical\" href=\"https:\/\/www.haekelfieber.de\/wp-blog\/2025\/01\/die-meinung-geaendert\/\" \/>\n<meta property=\"og:locale\" content=\"de_DE\" \/>\n<meta property=\"og:type\" content=\"article\" \/>\n<meta property=\"og:title\" content=\"Die Meinung ge\u00e4ndert - H\u00e4kelfieber\" \/>\n<meta property=\"og:description\" content=\"Sag niemals nie &#8211; oder so.Vor Jahren ver\u00f6ffentlichte ich einen Beitrag \u00fcber Microfasersp\u00fclt\u00fccher. War hin und weg von den bunten Farben.Heute benutze ich sie in der K\u00fcche nicht mehr. Selbstfabrizierte, haupts\u00e4chlich gestrickte Lappen, sind in gebrauch.Ohweia, vor Jahren outete ich mich hier als Gr\u00fcnenw\u00e4hlerin. Damals glaubte ich noch an deren Friedensmission&#8230;, in meiner Unwissenheit.Heute gehen &hellip; Die Meinung ge\u00e4ndert weiterlesen &rarr;\" \/>\n<meta property=\"og:url\" content=\"https:\/\/www.haekelfieber.de\/wp-blog\/2025\/01\/die-meinung-geaendert\/\" \/>\n<meta property=\"og:site_name\" content=\"H\u00e4kelfieber\" \/>\n<meta property=\"article:published_time\" content=\"2025-01-10T12:55:31+00:00\" \/>\n<meta property=\"article:modified_time\" content=\"2025-01-10T15:39:40+00:00\" \/>\n<meta property=\"og:image\" content=\"https:\/\/www.haekelfieber.de\/wp-blog\/wp-content\/uploads\/2025\/01\/spueltuch-stricken8.jpg\" \/>\n\t<meta property=\"og:image:width\" content=\"683\" \/>\n\t<meta property=\"og:image:height\" content=\"1024\" \/>\n\t<meta property=\"og:image:type\" content=\"image\/jpeg\" \/>\n<meta name=\"author\" content=\"Jutta\" \/>\n<meta name=\"twitter:label1\" content=\"Verfasst von\" \/>\n\t<meta name=\"twitter:data1\" content=\"Jutta\" \/>\n\t<meta name=\"twitter:label2\" content=\"Gesch\u00e4tzte Lesezeit\" \/>\n\t<meta name=\"twitter:data2\" content=\"2\u00a0Minuten\" \/>\n<script type=\"application\/ld+json\" class=\"yoast-schema-graph\">{\"@context\":\"https:\\\/\\\/schema.org\",\"@graph\":[{\"@type\":\"Article\",\"@id\":\"https:\\\/\\\/www.haekelfieber.de\\\/wp-blog\\\/2025\\\/01\\\/die-meinung-geaendert\\\/#article\",\"isPartOf\":{\"@id\":\"https:\\\/\\\/www.haekelfieber.de\\\/wp-blog\\\/2025\\\/01\\\/die-meinung-geaendert\\\/\"},\"author\":{\"name\":\"Jutta\",\"@id\":\"https:\\\/\\\/www.haekelfieber.de\\\/wp-blog\\\/#\\\/schema\\\/person\\\/08b81f8e0d3480519aadc66881dee8d7\"},\"headline\":\"Die Meinung ge\u00e4ndert\",\"datePublished\":\"2025-01-10T12:55:31+00:00\",\"dateModified\":\"2025-01-10T15:39:40+00:00\",\"mainEntityOfPage\":{\"@id\":\"https:\\\/\\\/www.haekelfieber.de\\\/wp-blog\\\/2025\\\/01\\\/die-meinung-geaendert\\\/\"},\"wordCount\":192,\"commentCount\":4,\"publisher\":{\"@id\":\"https:\\\/\\\/www.haekelfieber.de\\\/wp-blog\\\/#organization\"},\"image\":{\"@id\":\"https:\\\/\\\/www.haekelfieber.de\\\/wp-blog\\\/2025\\\/01\\\/die-meinung-geaendert\\\/#primaryimage\"},\"thumbnailUrl\":\"https:\\\/\\\/www.haekelfieber.de\\\/wp-blog\\\/wp-content\\\/uploads\\\/2025\\\/01\\\/spueltuch-stricken8.jpg\",\"articleSection\":[\"Stricken\"],\"inLanguage\":\"de\",\"potentialAction\":[{\"@type\":\"CommentAction\",\"name\":\"Comment\",\"target\":[\"https:\\\/\\\/www.haekelfieber.de\\\/wp-blog\\\/2025\\\/01\\\/die-meinung-geaendert\\\/#respond\"]}]},{\"@type\":\"WebPage\",\"@id\":\"https:\\\/\\\/www.haekelfieber.de\\\/wp-blog\\\/2025\\\/01\\\/die-meinung-geaendert\\\/\",\"url\":\"https:\\\/\\\/www.haekelfieber.de\\\/wp-blog\\\/2025\\\/01\\\/die-meinung-geaendert\\\/\",\"name\":\"Die Meinung ge\u00e4ndert - H\u00e4kelfieber\",\"isPartOf\":{\"@id\":\"https:\\\/\\\/www.haekelfieber.de\\\/wp-blog\\\/#website\"},\"primaryImageOfPage\":{\"@id\":\"https:\\\/\\\/www.haekelfieber.de\\\/wp-blog\\\/2025\\\/01\\\/die-meinung-geaendert\\\/#primaryimage\"},\"image\":{\"@id\":\"https:\\\/\\\/www.haekelfieber.de\\\/wp-blog\\\/2025\\\/01\\\/die-meinung-geaendert\\\/#primaryimage\"},\"thumbnailUrl\":\"https:\\\/\\\/www.haekelfieber.de\\\/wp-blog\\\/wp-content\\\/uploads\\\/2025\\\/01\\\/spueltuch-stricken8.jpg\",\"datePublished\":\"2025-01-10T12:55:31+00:00\",\"dateModified\":\"2025-01-10T15:39:40+00:00\",\"breadcrumb\":{\"@id\":\"https:\\\/\\\/www.haekelfieber.de\\\/wp-blog\\\/2025\\\/01\\\/die-meinung-geaendert\\\/#breadcrumb\"},\"inLanguage\":\"de\",\"potentialAction\":[{\"@type\":\"ReadAction\",\"target\":[\"https:\\\/\\\/www.haekelfieber.de\\\/wp-blog\\\/2025\\\/01\\\/die-meinung-geaendert\\\/\"]}]},{\"@type\":\"ImageObject\",\"inLanguage\":\"de\",\"@id\":\"https:\\\/\\\/www.haekelfieber.de\\\/wp-blog\\\/2025\\\/01\\\/die-meinung-geaendert\\\/#primaryimage\",\"url\":\"https:\\\/\\\/www.haekelfieber.de\\\/wp-blog\\\/wp-content\\\/uploads\\\/2025\\\/01\\\/spueltuch-stricken8.jpg\",\"contentUrl\":\"https:\\\/\\\/www.haekelfieber.de\\\/wp-blog\\\/wp-content\\\/uploads\\\/2025\\\/01\\\/spueltuch-stricken8.jpg\",\"width\":683,\"height\":1024},{\"@type\":\"BreadcrumbList\",\"@id\":\"https:\\\/\\\/www.haekelfieber.de\\\/wp-blog\\\/2025\\\/01\\\/die-meinung-geaendert\\\/#breadcrumb\",\"itemListElement\":[{\"@type\":\"ListItem\",\"position\":1,\"name\":\"Home\",\"item\":\"https:\\\/\\\/www.haekelfieber.de\\\/wp-blog\\\/\"},{\"@type\":\"ListItem\",\"position\":2,\"name\":\"Die Meinung ge\u00e4ndert\"}]},{\"@type\":\"WebSite\",\"@id\":\"https:\\\/\\\/www.haekelfieber.de\\\/wp-blog\\\/#website\",\"url\":\"https:\\\/\\\/www.haekelfieber.de\\\/wp-blog\\\/\",\"name\":\"H\u00e4kelfieber\",\"description\":\"Ich bin im...\",\"publisher\":{\"@id\":\"https:\\\/\\\/www.haekelfieber.de\\\/wp-blog\\\/#organization\"},\"potentialAction\":[{\"@type\":\"SearchAction\",\"target\":{\"@type\":\"EntryPoint\",\"urlTemplate\":\"https:\\\/\\\/www.haekelfieber.de\\\/wp-blog\\\/?s={search_term_string}\"},\"query-input\":{\"@type\":\"PropertyValueSpecification\",\"valueRequired\":true,\"valueName\":\"search_term_string\"}}],\"inLanguage\":\"de\"},{\"@type\":\"Organization\",\"@id\":\"https:\\\/\\\/www.haekelfieber.de\\\/wp-blog\\\/#organization\",\"name\":\"H\u00e4kelfieber\",\"url\":\"https:\\\/\\\/www.haekelfieber.de\\\/wp-blog\\\/\",\"logo\":{\"@type\":\"ImageObject\",\"inLanguage\":\"de\",\"@id\":\"https:\\\/\\\/www.haekelfieber.de\\\/wp-blog\\\/#\\\/schema\\\/logo\\\/image\\\/\",\"url\":\"https:\\\/\\\/www.haekelfieber.de\\\/wp-blog\\\/wp-content\\\/uploads\\\/2023\\\/03\\\/kissen-haekeln2.jpg\",\"contentUrl\":\"https:\\\/\\\/www.haekelfieber.de\\\/wp-blog\\\/wp-content\\\/uploads\\\/2023\\\/03\\\/kissen-haekeln2.jpg\",\"width\":683,\"height\":1024,\"caption\":\"H\u00e4kelfieber\"},\"image\":{\"@id\":\"https:\\\/\\\/www.haekelfieber.de\\\/wp-blog\\\/#\\\/schema\\\/logo\\\/image\\\/\"}},{\"@type\":\"Person\",\"@id\":\"https:\\\/\\\/www.haekelfieber.de\\\/wp-blog\\\/#\\\/schema\\\/person\\\/08b81f8e0d3480519aadc66881dee8d7\",\"name\":\"Jutta\",\"image\":{\"@type\":\"ImageObject\",\"inLanguage\":\"de\",\"@id\":\"https:\\\/\\\/secure.gravatar.com\\\/avatar\\\/4fb96a09981d3eab52fd94765c38a5395ca69a563a8cd98c172ef85375636d9d?s=96&d=mm&r=g\",\"url\":\"https:\\\/\\\/secure.gravatar.com\\\/avatar\\\/4fb96a09981d3eab52fd94765c38a5395ca69a563a8cd98c172ef85375636d9d?s=96&d=mm&r=g\",\"contentUrl\":\"https:\\\/\\\/secure.gravatar.com\\\/avatar\\\/4fb96a09981d3eab52fd94765c38a5395ca69a563a8cd98c172ef85375636d9d?s=96&d=mm&r=g\",\"caption\":\"Jutta\"},\"url\":\"https:\\\/\\\/www.haekelfieber.de\\\/wp-blog\\\/author\\\/admin\\\/\"}]}<\/script>\n<!-- \/ Yoast SEO plugin. -->","yoast_head_json":{"title":"Die Meinung ge\u00e4ndert - H\u00e4kelfieber","robots":{"index":"index","follow":"follow","max-snippet":"max-snippet:-1","max-image-preview":"max-image-preview:large","max-video-preview":"max-video-preview:-1"},"canonical":"https:\/\/www.haekelfieber.de\/wp-blog\/2025\/01\/die-meinung-geaendert\/","og_locale":"de_DE","og_type":"article","og_title":"Die Meinung ge\u00e4ndert - H\u00e4kelfieber","og_description":"Sag niemals nie &#8211; oder so.Vor Jahren ver\u00f6ffentlichte ich einen Beitrag \u00fcber Microfasersp\u00fclt\u00fccher. War hin und weg von den bunten Farben.Heute benutze ich sie in der K\u00fcche nicht mehr. Selbstfabrizierte, haupts\u00e4chlich gestrickte Lappen, sind in gebrauch.Ohweia, vor Jahren outete ich mich hier als Gr\u00fcnenw\u00e4hlerin. Damals glaubte ich noch an deren Friedensmission&#8230;, in meiner Unwissenheit.Heute gehen &hellip; Die Meinung ge\u00e4ndert weiterlesen &rarr;","og_url":"https:\/\/www.haekelfieber.de\/wp-blog\/2025\/01\/die-meinung-geaendert\/","og_site_name":"H\u00e4kelfieber","article_published_time":"2025-01-10T12:55:31+00:00","article_modified_time":"2025-01-10T15:39:40+00:00","og_image":[{"width":683,"height":1024,"url":"https:\/\/www.haekelfieber.de\/wp-blog\/wp-content\/uploads\/2025\/01\/spueltuch-stricken8.jpg","type":"image\/jpeg"}],"author":"Jutta","twitter_misc":{"Verfasst von":"Jutta","Gesch\u00e4tzte Lesezeit":"2\u00a0Minuten"},"schema":{"@context":"https:\/\/schema.org","@graph":[{"@type":"Article","@id":"https:\/\/www.haekelfieber.de\/wp-blog\/2025\/01\/die-meinung-geaendert\/#article","isPartOf":{"@id":"https:\/\/www.haekelfieber.de\/wp-blog\/2025\/01\/die-meinung-geaendert\/"},"author":{"name":"Jutta","@id":"https:\/\/www.haekelfieber.de\/wp-blog\/#\/schema\/person\/08b81f8e0d3480519aadc66881dee8d7"},"headline":"Die Meinung ge\u00e4ndert","datePublished":"2025-01-10T12:55:31+00:00","dateModified":"2025-01-10T15:39:40+00:00","mainEntityOfPage":{"@id":"https:\/\/www.haekelfieber.de\/wp-blog\/2025\/01\/die-meinung-geaendert\/"},"wordCount":192,"commentCount":4,"publisher":{"@id":"https:\/\/www.haekelfieber.de\/wp-blog\/#organization"},"image":{"@id":"https:\/\/www.haekelfieber.de\/wp-blog\/2025\/01\/die-meinung-geaendert\/#primaryimage"},"thumbnailUrl":"https:\/\/www.haekelfieber.de\/wp-blog\/wp-content\/uploads\/2025\/01\/spueltuch-stricken8.jpg","articleSection":["Stricken"],"inLanguage":"de","potentialAction":[{"@type":"CommentAction","name":"Comment","target":["https:\/\/www.haekelfieber.de\/wp-blog\/2025\/01\/die-meinung-geaendert\/#respond"]}]},{"@type":"WebPage","@id":"https:\/\/www.haekelfieber.de\/wp-blog\/2025\/01\/die-meinung-geaendert\/","url":"https:\/\/www.haekelfieber.de\/wp-blog\/2025\/01\/die-meinung-geaendert\/","name":"Die Meinung ge\u00e4ndert - H\u00e4kelfieber","isPartOf":{"@id":"https:\/\/www.haekelfieber.de\/wp-blog\/#website"},"primaryImageOfPage":{"@id":"https:\/\/www.haekelfieber.de\/wp-blog\/2025\/01\/die-meinung-geaendert\/#primaryimage"},"image":{"@id":"https:\/\/www.haekelfieber.de\/wp-blog\/2025\/01\/die-meinung-geaendert\/#primaryimage"},"thumbnailUrl":"https:\/\/www.haekelfieber.de\/wp-blog\/wp-content\/uploads\/2025\/01\/spueltuch-stricken8.jpg","datePublished":"2025-01-10T12:55:31+00:00","dateModified":"2025-01-10T15:39:40+00:00","breadcrumb":{"@id":"https:\/\/www.haekelfieber.de\/wp-blog\/2025\/01\/die-meinung-geaendert\/#breadcrumb"},"inLanguage":"de","potentialAction":[{"@type":"ReadAction","target":["https:\/\/www.haekelfieber.de\/wp-blog\/2025\/01\/die-meinung-geaendert\/"]}]},{"@type":"ImageObject","inLanguage":"de","@id":"https:\/\/www.haekelfieber.de\/wp-blog\/2025\/01\/die-meinung-geaendert\/#primaryimage","url":"https:\/\/www.haekelfieber.de\/wp-blog\/wp-content\/uploads\/2025\/01\/spueltuch-stricken8.jpg","contentUrl":"https:\/\/www.haekelfieber.de\/wp-blog\/wp-content\/uploads\/2025\/01\/spueltuch-stricken8.jpg","width":683,"height":1024},{"@type":"BreadcrumbList","@id":"https:\/\/www.haekelfieber.de\/wp-blog\/2025\/01\/die-meinung-geaendert\/#breadcrumb","itemListElement":[{"@type":"ListItem","position":1,"name":"Home","item":"https:\/\/www.haekelfieber.de\/wp-blog\/"},{"@type":"ListItem","position":2,"name":"Die Meinung ge\u00e4ndert"}]},{"@type":"WebSite","@id":"https:\/\/www.haekelfieber.de\/wp-blog\/#website","url":"https:\/\/www.haekelfieber.de\/wp-blog\/","name":"H\u00e4kelfieber","description":"Ich bin im...","publisher":{"@id":"https:\/\/www.haekelfieber.de\/wp-blog\/#organization"},"potentialAction":[{"@type":"SearchAction","target":{"@type":"EntryPoint","urlTemplate":"https:\/\/www.haekelfieber.de\/wp-blog\/?s={search_term_string}"},"query-input":{"@type":"PropertyValueSpecification","valueRequired":true,"valueName":"search_term_string"}}],"inLanguage":"de"},{"@type":"Organization","@id":"https:\/\/www.haekelfieber.de\/wp-blog\/#organization","name":"H\u00e4kelfieber","url":"https:\/\/www.haekelfieber.de\/wp-blog\/","logo":{"@type":"ImageObject","inLanguage":"de","@id":"https:\/\/www.haekelfieber.de\/wp-blog\/#\/schema\/logo\/image\/","url":"https:\/\/www.haekelfieber.de\/wp-blog\/wp-content\/uploads\/2023\/03\/kissen-haekeln2.jpg","contentUrl":"https:\/\/www.haekelfieber.de\/wp-blog\/wp-content\/uploads\/2023\/03\/kissen-haekeln2.jpg","width":683,"height":1024,"caption":"H\u00e4kelfieber"},"image":{"@id":"https:\/\/www.haekelfieber.de\/wp-blog\/#\/schema\/logo\/image\/"}},{"@type":"Person","@id":"https:\/\/www.haekelfieber.de\/wp-blog\/#\/schema\/person\/08b81f8e0d3480519aadc66881dee8d7","name":"Jutta","image":{"@type":"ImageObject","inLanguage":"de","@id":"https:\/\/secure.gravatar.com\/avatar\/4fb96a09981d3eab52fd94765c38a5395ca69a563a8cd98c172ef85375636d9d?s=96&d=mm&r=g","url":"https:\/\/secure.gravatar.com\/avatar\/4fb96a09981d3eab52fd94765c38a5395ca69a563a8cd98c172ef85375636d9d?s=96&d=mm&r=g","contentUrl":"https:\/\/secure.gravatar.com\/avatar\/4fb96a09981d3eab52fd94765c38a5395ca69a563a8cd98c172ef85375636d9d?s=96&d=mm&r=g","caption":"Jutta"},"url":"https:\/\/www.haekelfieber.de\/wp-blog\/author\/admin\/"}]}},"_links":{"self":[{"href":"https:\/\/www.haekelfieber.de\/wp-blog\/wp-json\/wp\/v2\/posts\/15565","targetHints":{"allow":["GET"]}}],"collection":[{"href":"https:\/\/www.haekelfieber.de\/wp-blog\/wp-json\/wp\/v2\/posts"}],"about":[{"href":"https:\/\/www.haekelfieber.de\/wp-blog\/wp-json\/wp\/v2\/types\/post"}],"author":[{"embeddable":true,"href":"https:\/\/www.haekelfieber.de\/wp-blog\/wp-json\/wp\/v2\/users\/1"}],"replies":[{"embeddable":true,"href":"https:\/\/www.haekelfieber.de\/wp-blog\/wp-json\/wp\/v2\/comments?post=15565"}],"version-history":[{"count":4,"href":"https:\/\/www.haekelfieber.de\/wp-blog\/wp-json\/wp\/v2\/posts\/15565\/revisions"}],"predecessor-version":[{"id":15571,"href":"https:\/\/www.haekelfieber.de\/wp-blog\/wp-json\/wp\/v2\/posts\/15565\/revisions\/15571"}],"wp:attachment":[{"href":"https:\/\/www.haekelfieber.de\/wp-blog\/wp-json\/wp\/v2\/media?parent=15565"}],"wp:term":[{"taxonomy":"category","embeddable":true,"href":"https:\/\/www.haekelfieber.de\/wp-blog\/wp-json\/wp\/v2\/categories?post=15565"},{"taxonomy":"post_tag","embeddable":true,"href":"https:\/\/www.haekelfieber.de\/wp-blog\/wp-json\/wp\/v2\/tags?post=15565"}],"curies":[{"name":"wp","href":"https:\/\/api.w.org\/{rel}","templated":true}]}}