{"id":1569,"date":"2014-12-26T16:49:43","date_gmt":"2014-12-26T15:49:43","guid":{"rendered":"http:\/\/www.haekelfieber.de\/wp-blog\/?p=1569"},"modified":"2014-12-26T16:58:37","modified_gmt":"2014-12-26T15:58:37","slug":"gehaekelter-waermflaschenbezug-mal-unbunt","status":"publish","type":"post","link":"https:\/\/www.haekelfieber.de\/wp-blog\/2014\/12\/gehaekelter-waermflaschenbezug-mal-unbunt\/","title":{"rendered":"Geh\u00e4kelter W\u00e4rmflaschenbezug &#8211; mal &#8222;unbunt&#8220;"},"content":{"rendered":"<p><a href=\"https:\/\/www.haekelfieber.de\/wp-blog\/wp-content\/uploads\/2014\/12\/geh\u00e4kelter-W\u00e4rmflaschenbezug-3.jpg\"><img loading=\"lazy\" decoding=\"async\" class=\"aligncenter size-large wp-image-1565\" src=\"https:\/\/www.haekelfieber.de\/wp-blog\/wp-content\/uploads\/2014\/12\/geh\u00e4kelter-W\u00e4rmflaschenbezug-3-450x600.jpg\" alt=\"geh\u00e4kelter W\u00e4rmflaschenbezug (3)\" width=\"450\" height=\"600\" srcset=\"https:\/\/www.haekelfieber.de\/wp-blog\/wp-content\/uploads\/2014\/12\/geh\u00e4kelter-W\u00e4rmflaschenbezug-3-450x600.jpg 450w, https:\/\/www.haekelfieber.de\/wp-blog\/wp-content\/uploads\/2014\/12\/geh\u00e4kelter-W\u00e4rmflaschenbezug-3-225x300.jpg 225w, https:\/\/www.haekelfieber.de\/wp-blog\/wp-content\/uploads\/2014\/12\/geh\u00e4kelter-W\u00e4rmflaschenbezug-3.jpg 600w\" sizes=\"auto, (max-width: 450px) 100vw, 450px\" \/><\/a><br \/>\nEs geht auch anders. Ich meine damit nicht so farbenvielf\u00e4ltig \ud83d\ude42 , sondern farbreduzierter. Das Muster habe ich auf Youtube entdeckt. Nat\u00fcrlich in bunt!<\/p>\n<p><a href=\"https:\/\/www.haekelfieber.de\/wp-blog\/wp-content\/uploads\/2014\/12\/geh\u00e4kelter-W\u00e4rmflaschenbezug-1.jpg\"><img loading=\"lazy\" decoding=\"async\" class=\"aligncenter size-large wp-image-1568\" src=\"https:\/\/www.haekelfieber.de\/wp-blog\/wp-content\/uploads\/2014\/12\/geh\u00e4kelter-W\u00e4rmflaschenbezug-1-450x600.jpg\" alt=\"geh\u00e4kelter W\u00e4rmflaschenbezug (1)\" width=\"450\" height=\"600\" srcset=\"https:\/\/www.haekelfieber.de\/wp-blog\/wp-content\/uploads\/2014\/12\/geh\u00e4kelter-W\u00e4rmflaschenbezug-1-450x600.jpg 450w, https:\/\/www.haekelfieber.de\/wp-blog\/wp-content\/uploads\/2014\/12\/geh\u00e4kelter-W\u00e4rmflaschenbezug-1-225x300.jpg 225w, https:\/\/www.haekelfieber.de\/wp-blog\/wp-content\/uploads\/2014\/12\/geh\u00e4kelter-W\u00e4rmflaschenbezug-1.jpg 600w\" sizes=\"auto, (max-width: 450px) 100vw, 450px\" \/><\/a><br \/>\nZweifarbig gearbeitet wirkt es moderner, geometrischer. Meiner Meinung nach \ud83d\ude42 . Es sieht vielleicht kompliziert aus, ist aber ganz einfach zu h\u00e4keln. Ich habe es nach einer Videoanleitung gemacht. Die Anleitung ist auf spanisch. Ich kann kein Wort spanisch. Hat trotzdem wunderbar geklappt!<\/p>\n<p><a href=\"https:\/\/www.haekelfieber.de\/wp-blog\/wp-content\/uploads\/2014\/12\/geh\u00e4kelter-W\u00e4rmflaschenbezug-2.jpg\"><img loading=\"lazy\" decoding=\"async\" class=\"aligncenter size-large wp-image-1564\" src=\"https:\/\/www.haekelfieber.de\/wp-blog\/wp-content\/uploads\/2014\/12\/geh\u00e4kelter-W\u00e4rmflaschenbezug-2-450x600.jpg\" alt=\"geh\u00e4kelter W\u00e4rmflaschenbezug (2)\" width=\"450\" height=\"600\" srcset=\"https:\/\/www.haekelfieber.de\/wp-blog\/wp-content\/uploads\/2014\/12\/geh\u00e4kelter-W\u00e4rmflaschenbezug-2-450x600.jpg 450w, https:\/\/www.haekelfieber.de\/wp-blog\/wp-content\/uploads\/2014\/12\/geh\u00e4kelter-W\u00e4rmflaschenbezug-2-225x300.jpg 225w, https:\/\/www.haekelfieber.de\/wp-blog\/wp-content\/uploads\/2014\/12\/geh\u00e4kelter-W\u00e4rmflaschenbezug-2.jpg 600w\" sizes=\"auto, (max-width: 450px) 100vw, 450px\" \/><\/a><br \/>\nDie ersten Musterreihen werden langsam vorgeh\u00e4kelt, mit spanischen Worten untermalt \ud83d\ude42\u00a0 Am Ende des Tutorials hatte sich mir die Musterstruktur erschlossen. Euch wird es sicher auch so gehen.<br \/>\n<a href=\"https:\/\/www.youtube.com\/watch?v=MAIcJ5_VNCs\" target=\"_blank\">Hier<\/a> kommt ihr zur Anleitung.<\/p>\n<p><a href=\"https:\/\/www.haekelfieber.de\/wp-blog\/wp-content\/uploads\/2014\/12\/geh\u00e4kelter-W\u00e4rmflaschenbezug-5.jpg\"><img loading=\"lazy\" decoding=\"async\" class=\"aligncenter size-large wp-image-1567\" src=\"https:\/\/www.haekelfieber.de\/wp-blog\/wp-content\/uploads\/2014\/12\/geh\u00e4kelter-W\u00e4rmflaschenbezug-5-450x600.jpg\" alt=\"geh\u00e4kelter W\u00e4rmflaschenbezug (5)\" width=\"450\" height=\"600\" srcset=\"https:\/\/www.haekelfieber.de\/wp-blog\/wp-content\/uploads\/2014\/12\/geh\u00e4kelter-W\u00e4rmflaschenbezug-5-450x600.jpg 450w, https:\/\/www.haekelfieber.de\/wp-blog\/wp-content\/uploads\/2014\/12\/geh\u00e4kelter-W\u00e4rmflaschenbezug-5-225x300.jpg 225w, https:\/\/www.haekelfieber.de\/wp-blog\/wp-content\/uploads\/2014\/12\/geh\u00e4kelter-W\u00e4rmflaschenbezug-5.jpg 600w\" sizes=\"auto, (max-width: 450px) 100vw, 450px\" \/><\/a><br \/>\nMein Plan war ja, \u00fcber die Weihnachtsfeiertage, nicht zu bloggen. Machen auch ganz viele. Sorry, das halte ich nicht durch. &#8222;Die hat ja ein Mitteilungsbed\u00fcrfnis&#8220;, mag sich vielleicht einer denken. Stimmt, ich spreche gern&#8216; mit meinem G\u00f6ttergatten, den T\u00f6chtern, Freunden, Verwandten, Bekannten&#8230; weil es sch\u00f6n ist, sich auszutauschen. Oder sollte ich die Kommunikation wegen der Feiertage einstellen?! Also, ganz logisch, dass ich auch mit euch kommuniziere. Wenn auch nur nonverbal. Es macht einfach Freude, auch wenn Feiertage sind.<br \/>\nWar das jetzt eine Rechtfertigung f\u00fcr mein Tun? \ud83d\ude42 Macht nix (nichts) !<\/p>\n<p>Macht nix. Warum schreibt sie so oft &#8222;Macht nix!&#8220;, mag sich vielleicht einer denken. Vielleicht, weil ich es gern&#8216; h\u00f6re und lese. Weil es f\u00fcr mich bedeutet: Nimm&#8217;s locker, stress dich nicht, halb so wild. Ich schreibe es zu 50 Prozent f\u00fcr euch und zu 50 Prozent f\u00fcr mich \ud83d\ude42<\/p>\n<p><a href=\"https:\/\/www.haekelfieber.de\/wp-blog\/wp-content\/uploads\/2014\/12\/geh\u00e4kelter-W\u00e4rmflaschenbezug-4.jpg\"><img loading=\"lazy\" decoding=\"async\" class=\"aligncenter size-large wp-image-1566\" src=\"https:\/\/www.haekelfieber.de\/wp-blog\/wp-content\/uploads\/2014\/12\/geh\u00e4kelter-W\u00e4rmflaschenbezug-4-450x600.jpg\" alt=\"geh\u00e4kelter W\u00e4rmflaschenbezug (4)\" width=\"450\" height=\"600\" srcset=\"https:\/\/www.haekelfieber.de\/wp-blog\/wp-content\/uploads\/2014\/12\/geh\u00e4kelter-W\u00e4rmflaschenbezug-4-450x600.jpg 450w, https:\/\/www.haekelfieber.de\/wp-blog\/wp-content\/uploads\/2014\/12\/geh\u00e4kelter-W\u00e4rmflaschenbezug-4-225x300.jpg 225w, https:\/\/www.haekelfieber.de\/wp-blog\/wp-content\/uploads\/2014\/12\/geh\u00e4kelter-W\u00e4rmflaschenbezug-4.jpg 600w\" sizes=\"auto, (max-width: 450px) 100vw, 450px\" \/><\/a><br \/>\nMein Plan war ja, beim Bloggen an der Oberfl\u00e4che zu bleiben. Smalltalkm\u00e4\u00dfig und so. Ganz nett von tollen Dingen, in meinem tollen Leben, zu berichten.<br \/>\nSorry, das halte ich nicht nicht durch. Auf Dauer w\u00fcrde es mich total langweilen. Aber sowas von. Deswegen, im Sinne von &#8222;Salz in der Suppe&#8220;, w\u00fcrze ich meine Beitr\u00e4ge mit &#8222;mir&#8220; \ud83d\ude42 .<\/p>\n<p>So. Das war das Wort zum Freitag. Myself f\u00fcr yourself \ud83d\ude42 .<\/p>\n","protected":false},"excerpt":{"rendered":"<p>Es geht auch anders. Ich meine damit nicht so farbenvielf\u00e4ltig \ud83d\ude42 , sondern farbreduzierter. Das Muster habe ich auf Youtube entdeckt. Nat\u00fcrlich in bunt! Zweifarbig gearbeitet wirkt es moderner, geometrischer. Meiner Meinung nach \ud83d\ude42 . Es sieht vielleicht kompliziert aus, ist aber ganz einfach zu h\u00e4keln. Ich habe es nach einer Videoanleitung gemacht. Die Anleitung &hellip; <a href=\"https:\/\/www.haekelfieber.de\/wp-blog\/2014\/12\/gehaekelter-waermflaschenbezug-mal-unbunt\/\" class=\"more-link\"><span class=\"screen-reader-text\">Geh\u00e4kelter W\u00e4rmflaschenbezug &#8211; mal &#8222;unbunt&#8220;<\/span> weiterlesen <span class=\"meta-nav\">&rarr;<\/span><\/a><\/p>\n","protected":false},"author":1,"featured_media":0,"comment_status":"open","ping_status":"open","sticky":false,"template":"","format":"standard","meta":{"footnotes":""},"categories":[5],"tags":[],"class_list":["post-1569","post","type-post","status-publish","format-standard","hentry","category-haekeln"],"yoast_head":"<!-- This site is optimized with the Yoast SEO plugin v27.4 - https:\/\/yoast.com\/product\/yoast-seo-wordpress\/ -->\n<title>Geh\u00e4kelter W\u00e4rmflaschenbezug - mal &quot;unbunt&quot; - H\u00e4kelfieber<\/title>\n<meta name=\"robots\" content=\"index, follow, max-snippet:-1, max-image-preview:large, max-video-preview:-1\" \/>\n<link rel=\"canonical\" href=\"https:\/\/www.haekelfieber.de\/wp-blog\/2014\/12\/gehaekelter-waermflaschenbezug-mal-unbunt\/\" \/>\n<meta property=\"og:locale\" content=\"de_DE\" \/>\n<meta property=\"og:type\" content=\"article\" \/>\n<meta property=\"og:title\" content=\"Geh\u00e4kelter W\u00e4rmflaschenbezug - mal &quot;unbunt&quot; - H\u00e4kelfieber\" \/>\n<meta property=\"og:description\" content=\"Es geht auch anders. Ich meine damit nicht so farbenvielf\u00e4ltig \ud83d\ude42 , sondern farbreduzierter. Das Muster habe ich auf Youtube entdeckt. Nat\u00fcrlich in bunt! Zweifarbig gearbeitet wirkt es moderner, geometrischer. Meiner Meinung nach \ud83d\ude42 . Es sieht vielleicht kompliziert aus, ist aber ganz einfach zu h\u00e4keln. Ich habe es nach einer Videoanleitung gemacht. Die Anleitung &hellip; Geh\u00e4kelter W\u00e4rmflaschenbezug &#8211; mal &#8222;unbunt&#8220; weiterlesen &rarr;\" \/>\n<meta property=\"og:url\" content=\"https:\/\/www.haekelfieber.de\/wp-blog\/2014\/12\/gehaekelter-waermflaschenbezug-mal-unbunt\/\" \/>\n<meta property=\"og:site_name\" content=\"H\u00e4kelfieber\" \/>\n<meta property=\"article:published_time\" content=\"2014-12-26T15:49:43+00:00\" \/>\n<meta property=\"article:modified_time\" content=\"2014-12-26T15:58:37+00:00\" \/>\n<meta property=\"og:image\" content=\"https:\/\/www.haekelfieber.de\/wp-blog\/wp-content\/uploads\/2014\/12\/geh\u00e4kelter-W\u00e4rmflaschenbezug-3-450x600.jpg\" \/>\n<meta name=\"author\" content=\"Jutta\" \/>\n<meta name=\"twitter:label1\" content=\"Verfasst von\" \/>\n\t<meta name=\"twitter:data1\" content=\"Jutta\" \/>\n\t<meta name=\"twitter:label2\" content=\"Gesch\u00e4tzte Lesezeit\" \/>\n\t<meta name=\"twitter:data2\" content=\"2\u00a0Minuten\" \/>\n<script type=\"application\/ld+json\" class=\"yoast-schema-graph\">{\"@context\":\"https:\\\/\\\/schema.org\",\"@graph\":[{\"@type\":\"Article\",\"@id\":\"https:\\\/\\\/www.haekelfieber.de\\\/wp-blog\\\/2014\\\/12\\\/gehaekelter-waermflaschenbezug-mal-unbunt\\\/#article\",\"isPartOf\":{\"@id\":\"https:\\\/\\\/www.haekelfieber.de\\\/wp-blog\\\/2014\\\/12\\\/gehaekelter-waermflaschenbezug-mal-unbunt\\\/\"},\"author\":{\"name\":\"Jutta\",\"@id\":\"https:\\\/\\\/www.haekelfieber.de\\\/wp-blog\\\/#\\\/schema\\\/person\\\/08b81f8e0d3480519aadc66881dee8d7\"},\"headline\":\"Geh\u00e4kelter W\u00e4rmflaschenbezug &#8211; mal &#8222;unbunt&#8220;\",\"datePublished\":\"2014-12-26T15:49:43+00:00\",\"dateModified\":\"2014-12-26T15:58:37+00:00\",\"mainEntityOfPage\":{\"@id\":\"https:\\\/\\\/www.haekelfieber.de\\\/wp-blog\\\/2014\\\/12\\\/gehaekelter-waermflaschenbezug-mal-unbunt\\\/\"},\"wordCount\":324,\"commentCount\":6,\"publisher\":{\"@id\":\"https:\\\/\\\/www.haekelfieber.de\\\/wp-blog\\\/#organization\"},\"articleSection\":[\"H\u00e4keln\"],\"inLanguage\":\"de\",\"potentialAction\":[{\"@type\":\"CommentAction\",\"name\":\"Comment\",\"target\":[\"https:\\\/\\\/www.haekelfieber.de\\\/wp-blog\\\/2014\\\/12\\\/gehaekelter-waermflaschenbezug-mal-unbunt\\\/#respond\"]}]},{\"@type\":\"WebPage\",\"@id\":\"https:\\\/\\\/www.haekelfieber.de\\\/wp-blog\\\/2014\\\/12\\\/gehaekelter-waermflaschenbezug-mal-unbunt\\\/\",\"url\":\"https:\\\/\\\/www.haekelfieber.de\\\/wp-blog\\\/2014\\\/12\\\/gehaekelter-waermflaschenbezug-mal-unbunt\\\/\",\"name\":\"Geh\u00e4kelter W\u00e4rmflaschenbezug - mal \\\"unbunt\\\" - H\u00e4kelfieber\",\"isPartOf\":{\"@id\":\"https:\\\/\\\/www.haekelfieber.de\\\/wp-blog\\\/#website\"},\"datePublished\":\"2014-12-26T15:49:43+00:00\",\"dateModified\":\"2014-12-26T15:58:37+00:00\",\"breadcrumb\":{\"@id\":\"https:\\\/\\\/www.haekelfieber.de\\\/wp-blog\\\/2014\\\/12\\\/gehaekelter-waermflaschenbezug-mal-unbunt\\\/#breadcrumb\"},\"inLanguage\":\"de\",\"potentialAction\":[{\"@type\":\"ReadAction\",\"target\":[\"https:\\\/\\\/www.haekelfieber.de\\\/wp-blog\\\/2014\\\/12\\\/gehaekelter-waermflaschenbezug-mal-unbunt\\\/\"]}]},{\"@type\":\"BreadcrumbList\",\"@id\":\"https:\\\/\\\/www.haekelfieber.de\\\/wp-blog\\\/2014\\\/12\\\/gehaekelter-waermflaschenbezug-mal-unbunt\\\/#breadcrumb\",\"itemListElement\":[{\"@type\":\"ListItem\",\"position\":1,\"name\":\"Home\",\"item\":\"https:\\\/\\\/www.haekelfieber.de\\\/wp-blog\\\/\"},{\"@type\":\"ListItem\",\"position\":2,\"name\":\"Geh\u00e4kelter W\u00e4rmflaschenbezug &#8211; mal &#8222;unbunt&#8220;\"}]},{\"@type\":\"WebSite\",\"@id\":\"https:\\\/\\\/www.haekelfieber.de\\\/wp-blog\\\/#website\",\"url\":\"https:\\\/\\\/www.haekelfieber.de\\\/wp-blog\\\/\",\"name\":\"H\u00e4kelfieber\",\"description\":\"Ich bin im...\",\"publisher\":{\"@id\":\"https:\\\/\\\/www.haekelfieber.de\\\/wp-blog\\\/#organization\"},\"potentialAction\":[{\"@type\":\"SearchAction\",\"target\":{\"@type\":\"EntryPoint\",\"urlTemplate\":\"https:\\\/\\\/www.haekelfieber.de\\\/wp-blog\\\/?s={search_term_string}\"},\"query-input\":{\"@type\":\"PropertyValueSpecification\",\"valueRequired\":true,\"valueName\":\"search_term_string\"}}],\"inLanguage\":\"de\"},{\"@type\":\"Organization\",\"@id\":\"https:\\\/\\\/www.haekelfieber.de\\\/wp-blog\\\/#organization\",\"name\":\"H\u00e4kelfieber\",\"url\":\"https:\\\/\\\/www.haekelfieber.de\\\/wp-blog\\\/\",\"logo\":{\"@type\":\"ImageObject\",\"inLanguage\":\"de\",\"@id\":\"https:\\\/\\\/www.haekelfieber.de\\\/wp-blog\\\/#\\\/schema\\\/logo\\\/image\\\/\",\"url\":\"https:\\\/\\\/www.haekelfieber.de\\\/wp-blog\\\/wp-content\\\/uploads\\\/2023\\\/03\\\/kissen-haekeln2.jpg\",\"contentUrl\":\"https:\\\/\\\/www.haekelfieber.de\\\/wp-blog\\\/wp-content\\\/uploads\\\/2023\\\/03\\\/kissen-haekeln2.jpg\",\"width\":683,\"height\":1024,\"caption\":\"H\u00e4kelfieber\"},\"image\":{\"@id\":\"https:\\\/\\\/www.haekelfieber.de\\\/wp-blog\\\/#\\\/schema\\\/logo\\\/image\\\/\"}},{\"@type\":\"Person\",\"@id\":\"https:\\\/\\\/www.haekelfieber.de\\\/wp-blog\\\/#\\\/schema\\\/person\\\/08b81f8e0d3480519aadc66881dee8d7\",\"name\":\"Jutta\",\"image\":{\"@type\":\"ImageObject\",\"inLanguage\":\"de\",\"@id\":\"https:\\\/\\\/secure.gravatar.com\\\/avatar\\\/4fb96a09981d3eab52fd94765c38a5395ca69a563a8cd98c172ef85375636d9d?s=96&d=mm&r=g\",\"url\":\"https:\\\/\\\/secure.gravatar.com\\\/avatar\\\/4fb96a09981d3eab52fd94765c38a5395ca69a563a8cd98c172ef85375636d9d?s=96&d=mm&r=g\",\"contentUrl\":\"https:\\\/\\\/secure.gravatar.com\\\/avatar\\\/4fb96a09981d3eab52fd94765c38a5395ca69a563a8cd98c172ef85375636d9d?s=96&d=mm&r=g\",\"caption\":\"Jutta\"},\"url\":\"https:\\\/\\\/www.haekelfieber.de\\\/wp-blog\\\/author\\\/admin\\\/\"}]}<\/script>\n<!-- \/ Yoast SEO plugin. -->","yoast_head_json":{"title":"Geh\u00e4kelter W\u00e4rmflaschenbezug - mal \"unbunt\" - H\u00e4kelfieber","robots":{"index":"index","follow":"follow","max-snippet":"max-snippet:-1","max-image-preview":"max-image-preview:large","max-video-preview":"max-video-preview:-1"},"canonical":"https:\/\/www.haekelfieber.de\/wp-blog\/2014\/12\/gehaekelter-waermflaschenbezug-mal-unbunt\/","og_locale":"de_DE","og_type":"article","og_title":"Geh\u00e4kelter W\u00e4rmflaschenbezug - mal \"unbunt\" - H\u00e4kelfieber","og_description":"Es geht auch anders. Ich meine damit nicht so farbenvielf\u00e4ltig \ud83d\ude42 , sondern farbreduzierter. Das Muster habe ich auf Youtube entdeckt. Nat\u00fcrlich in bunt! Zweifarbig gearbeitet wirkt es moderner, geometrischer. Meiner Meinung nach \ud83d\ude42 . Es sieht vielleicht kompliziert aus, ist aber ganz einfach zu h\u00e4keln. Ich habe es nach einer Videoanleitung gemacht. Die Anleitung &hellip; Geh\u00e4kelter W\u00e4rmflaschenbezug &#8211; mal &#8222;unbunt&#8220; weiterlesen &rarr;","og_url":"https:\/\/www.haekelfieber.de\/wp-blog\/2014\/12\/gehaekelter-waermflaschenbezug-mal-unbunt\/","og_site_name":"H\u00e4kelfieber","article_published_time":"2014-12-26T15:49:43+00:00","article_modified_time":"2014-12-26T15:58:37+00:00","og_image":[{"url":"https:\/\/www.haekelfieber.de\/wp-blog\/wp-content\/uploads\/2014\/12\/geh\u00e4kelter-W\u00e4rmflaschenbezug-3-450x600.jpg","type":"","width":"","height":""}],"author":"Jutta","twitter_misc":{"Verfasst von":"Jutta","Gesch\u00e4tzte Lesezeit":"2\u00a0Minuten"},"schema":{"@context":"https:\/\/schema.org","@graph":[{"@type":"Article","@id":"https:\/\/www.haekelfieber.de\/wp-blog\/2014\/12\/gehaekelter-waermflaschenbezug-mal-unbunt\/#article","isPartOf":{"@id":"https:\/\/www.haekelfieber.de\/wp-blog\/2014\/12\/gehaekelter-waermflaschenbezug-mal-unbunt\/"},"author":{"name":"Jutta","@id":"https:\/\/www.haekelfieber.de\/wp-blog\/#\/schema\/person\/08b81f8e0d3480519aadc66881dee8d7"},"headline":"Geh\u00e4kelter W\u00e4rmflaschenbezug &#8211; mal &#8222;unbunt&#8220;","datePublished":"2014-12-26T15:49:43+00:00","dateModified":"2014-12-26T15:58:37+00:00","mainEntityOfPage":{"@id":"https:\/\/www.haekelfieber.de\/wp-blog\/2014\/12\/gehaekelter-waermflaschenbezug-mal-unbunt\/"},"wordCount":324,"commentCount":6,"publisher":{"@id":"https:\/\/www.haekelfieber.de\/wp-blog\/#organization"},"articleSection":["H\u00e4keln"],"inLanguage":"de","potentialAction":[{"@type":"CommentAction","name":"Comment","target":["https:\/\/www.haekelfieber.de\/wp-blog\/2014\/12\/gehaekelter-waermflaschenbezug-mal-unbunt\/#respond"]}]},{"@type":"WebPage","@id":"https:\/\/www.haekelfieber.de\/wp-blog\/2014\/12\/gehaekelter-waermflaschenbezug-mal-unbunt\/","url":"https:\/\/www.haekelfieber.de\/wp-blog\/2014\/12\/gehaekelter-waermflaschenbezug-mal-unbunt\/","name":"Geh\u00e4kelter W\u00e4rmflaschenbezug - mal \"unbunt\" - H\u00e4kelfieber","isPartOf":{"@id":"https:\/\/www.haekelfieber.de\/wp-blog\/#website"},"datePublished":"2014-12-26T15:49:43+00:00","dateModified":"2014-12-26T15:58:37+00:00","breadcrumb":{"@id":"https:\/\/www.haekelfieber.de\/wp-blog\/2014\/12\/gehaekelter-waermflaschenbezug-mal-unbunt\/#breadcrumb"},"inLanguage":"de","potentialAction":[{"@type":"ReadAction","target":["https:\/\/www.haekelfieber.de\/wp-blog\/2014\/12\/gehaekelter-waermflaschenbezug-mal-unbunt\/"]}]},{"@type":"BreadcrumbList","@id":"https:\/\/www.haekelfieber.de\/wp-blog\/2014\/12\/gehaekelter-waermflaschenbezug-mal-unbunt\/#breadcrumb","itemListElement":[{"@type":"ListItem","position":1,"name":"Home","item":"https:\/\/www.haekelfieber.de\/wp-blog\/"},{"@type":"ListItem","position":2,"name":"Geh\u00e4kelter W\u00e4rmflaschenbezug &#8211; mal &#8222;unbunt&#8220;"}]},{"@type":"WebSite","@id":"https:\/\/www.haekelfieber.de\/wp-blog\/#website","url":"https:\/\/www.haekelfieber.de\/wp-blog\/","name":"H\u00e4kelfieber","description":"Ich bin im...","publisher":{"@id":"https:\/\/www.haekelfieber.de\/wp-blog\/#organization"},"potentialAction":[{"@type":"SearchAction","target":{"@type":"EntryPoint","urlTemplate":"https:\/\/www.haekelfieber.de\/wp-blog\/?s={search_term_string}"},"query-input":{"@type":"PropertyValueSpecification","valueRequired":true,"valueName":"search_term_string"}}],"inLanguage":"de"},{"@type":"Organization","@id":"https:\/\/www.haekelfieber.de\/wp-blog\/#organization","name":"H\u00e4kelfieber","url":"https:\/\/www.haekelfieber.de\/wp-blog\/","logo":{"@type":"ImageObject","inLanguage":"de","@id":"https:\/\/www.haekelfieber.de\/wp-blog\/#\/schema\/logo\/image\/","url":"https:\/\/www.haekelfieber.de\/wp-blog\/wp-content\/uploads\/2023\/03\/kissen-haekeln2.jpg","contentUrl":"https:\/\/www.haekelfieber.de\/wp-blog\/wp-content\/uploads\/2023\/03\/kissen-haekeln2.jpg","width":683,"height":1024,"caption":"H\u00e4kelfieber"},"image":{"@id":"https:\/\/www.haekelfieber.de\/wp-blog\/#\/schema\/logo\/image\/"}},{"@type":"Person","@id":"https:\/\/www.haekelfieber.de\/wp-blog\/#\/schema\/person\/08b81f8e0d3480519aadc66881dee8d7","name":"Jutta","image":{"@type":"ImageObject","inLanguage":"de","@id":"https:\/\/secure.gravatar.com\/avatar\/4fb96a09981d3eab52fd94765c38a5395ca69a563a8cd98c172ef85375636d9d?s=96&d=mm&r=g","url":"https:\/\/secure.gravatar.com\/avatar\/4fb96a09981d3eab52fd94765c38a5395ca69a563a8cd98c172ef85375636d9d?s=96&d=mm&r=g","contentUrl":"https:\/\/secure.gravatar.com\/avatar\/4fb96a09981d3eab52fd94765c38a5395ca69a563a8cd98c172ef85375636d9d?s=96&d=mm&r=g","caption":"Jutta"},"url":"https:\/\/www.haekelfieber.de\/wp-blog\/author\/admin\/"}]}},"_links":{"self":[{"href":"https:\/\/www.haekelfieber.de\/wp-blog\/wp-json\/wp\/v2\/posts\/1569","targetHints":{"allow":["GET"]}}],"collection":[{"href":"https:\/\/www.haekelfieber.de\/wp-blog\/wp-json\/wp\/v2\/posts"}],"about":[{"href":"https:\/\/www.haekelfieber.de\/wp-blog\/wp-json\/wp\/v2\/types\/post"}],"author":[{"embeddable":true,"href":"https:\/\/www.haekelfieber.de\/wp-blog\/wp-json\/wp\/v2\/users\/1"}],"replies":[{"embeddable":true,"href":"https:\/\/www.haekelfieber.de\/wp-blog\/wp-json\/wp\/v2\/comments?post=1569"}],"version-history":[{"count":1,"href":"https:\/\/www.haekelfieber.de\/wp-blog\/wp-json\/wp\/v2\/posts\/1569\/revisions"}],"predecessor-version":[{"id":1570,"href":"https:\/\/www.haekelfieber.de\/wp-blog\/wp-json\/wp\/v2\/posts\/1569\/revisions\/1570"}],"wp:attachment":[{"href":"https:\/\/www.haekelfieber.de\/wp-blog\/wp-json\/wp\/v2\/media?parent=1569"}],"wp:term":[{"taxonomy":"category","embeddable":true,"href":"https:\/\/www.haekelfieber.de\/wp-blog\/wp-json\/wp\/v2\/categories?post=1569"},{"taxonomy":"post_tag","embeddable":true,"href":"https:\/\/www.haekelfieber.de\/wp-blog\/wp-json\/wp\/v2\/tags?post=1569"}],"curies":[{"name":"wp","href":"https:\/\/api.w.org\/{rel}","templated":true}]}}