{"id":15907,"date":"2025-05-17T11:16:12","date_gmt":"2025-05-17T09:16:12","guid":{"rendered":"https:\/\/www.haekelfieber.de\/wp-blog\/?p=15907"},"modified":"2025-05-17T11:16:15","modified_gmt":"2025-05-17T09:16:15","slug":"meine-bayrische-gartenheimat-1","status":"publish","type":"post","link":"https:\/\/www.haekelfieber.de\/wp-blog\/2025\/05\/meine-bayrische-gartenheimat-1\/","title":{"rendered":"Meine bayrische Gartenheimat 1"},"content":{"rendered":"\n<p>Passt viel Gr\u00fcnzeug auf tausend Quadratmeter. Was vor vielen Jahren einst nur eine Wiese war, beheimatet jetzt mein \u00d6kosystem. Viel Busch, Strauch, Baum, Staude. Fast keine Rasenfl\u00e4che. Alles wird gemulcht mit Grasschnitt (den bekomme ich von jemandem aus dem Dorf), Hackschnitzeln, Stroh, Heu, Hobelsp\u00e4nen, Rindenmulch. Keine kahle Bodenfl\u00e4che. <br \/>Der Garten dankt es mit angenehmer K\u00fchle. Es ist ein entspannter Garten. Durch das Mulchmaterial und dichtes Pflanzenwachstum, ist der Arbeitsaufwand f\u00fcr diese Vielf\u00e4ltigkeit sehr gering. <br \/>Von der Fledermaus bis zum Turmfalken &#8211; es regt sich was.<br \/>Meine Leidenschaft &#8211; die Natur \ud83d\ude42<br \/><br \/>,<br \/><br \/><br \/><br \/><\/p>\n\n\n\n<figure class=\"wp-block-image size-full\"><img loading=\"lazy\" decoding=\"async\" width=\"683\" height=\"1024\" src=\"https:\/\/www.haekelfieber.de\/wp-blog\/wp-content\/uploads\/2025\/05\/hausgarten-bayern23.jpg\" alt=\"\" class=\"wp-image-15906\" srcset=\"https:\/\/www.haekelfieber.de\/wp-blog\/wp-content\/uploads\/2025\/05\/hausgarten-bayern23.jpg 683w, https:\/\/www.haekelfieber.de\/wp-blog\/wp-content\/uploads\/2025\/05\/hausgarten-bayern23-200x300.jpg 200w, https:\/\/www.haekelfieber.de\/wp-blog\/wp-content\/uploads\/2025\/05\/hausgarten-bayern23-400x600.jpg 400w\" sizes=\"auto, (max-width: 683px) 100vw, 683px\" \/><\/figure>\n\n\n\n<p><br \/><br \/><\/p>\n\n\n\n<figure class=\"wp-block-image size-full\"><img loading=\"lazy\" decoding=\"async\" width=\"683\" height=\"1024\" src=\"https:\/\/www.haekelfieber.de\/wp-blog\/wp-content\/uploads\/2025\/05\/hausgarten-bayern21.jpg\" alt=\"\" class=\"wp-image-15905\" srcset=\"https:\/\/www.haekelfieber.de\/wp-blog\/wp-content\/uploads\/2025\/05\/hausgarten-bayern21.jpg 683w, https:\/\/www.haekelfieber.de\/wp-blog\/wp-content\/uploads\/2025\/05\/hausgarten-bayern21-200x300.jpg 200w, https:\/\/www.haekelfieber.de\/wp-blog\/wp-content\/uploads\/2025\/05\/hausgarten-bayern21-400x600.jpg 400w\" sizes=\"auto, (max-width: 683px) 100vw, 683px\" \/><\/figure>\n\n\n\n<p><br \/><br \/><\/p>\n\n\n\n<figure class=\"wp-block-image size-full\"><img loading=\"lazy\" decoding=\"async\" width=\"683\" height=\"1024\" src=\"https:\/\/www.haekelfieber.de\/wp-blog\/wp-content\/uploads\/2025\/05\/hausgarten-bayern8.jpg\" alt=\"\" class=\"wp-image-15899\" srcset=\"https:\/\/www.haekelfieber.de\/wp-blog\/wp-content\/uploads\/2025\/05\/hausgarten-bayern8.jpg 683w, https:\/\/www.haekelfieber.de\/wp-blog\/wp-content\/uploads\/2025\/05\/hausgarten-bayern8-200x300.jpg 200w, https:\/\/www.haekelfieber.de\/wp-blog\/wp-content\/uploads\/2025\/05\/hausgarten-bayern8-400x600.jpg 400w\" sizes=\"auto, (max-width: 683px) 100vw, 683px\" \/><\/figure>\n\n\n\n<p><br \/><br \/><\/p>\n\n\n\n<figure class=\"wp-block-image size-full\"><img loading=\"lazy\" decoding=\"async\" width=\"683\" height=\"1024\" src=\"https:\/\/www.haekelfieber.de\/wp-blog\/wp-content\/uploads\/2025\/05\/hausgarten-bayern6.jpg\" alt=\"\" class=\"wp-image-15898\" srcset=\"https:\/\/www.haekelfieber.de\/wp-blog\/wp-content\/uploads\/2025\/05\/hausgarten-bayern6.jpg 683w, https:\/\/www.haekelfieber.de\/wp-blog\/wp-content\/uploads\/2025\/05\/hausgarten-bayern6-200x300.jpg 200w, https:\/\/www.haekelfieber.de\/wp-blog\/wp-content\/uploads\/2025\/05\/hausgarten-bayern6-400x600.jpg 400w\" sizes=\"auto, (max-width: 683px) 100vw, 683px\" \/><\/figure>\n\n\n\n<p><br \/><br \/><\/p>\n\n\n\n<figure class=\"wp-block-image size-full\"><img loading=\"lazy\" decoding=\"async\" width=\"683\" height=\"1024\" src=\"https:\/\/www.haekelfieber.de\/wp-blog\/wp-content\/uploads\/2025\/05\/hausgarten-bayern5.jpg\" alt=\"\" class=\"wp-image-15897\" srcset=\"https:\/\/www.haekelfieber.de\/wp-blog\/wp-content\/uploads\/2025\/05\/hausgarten-bayern5.jpg 683w, https:\/\/www.haekelfieber.de\/wp-blog\/wp-content\/uploads\/2025\/05\/hausgarten-bayern5-200x300.jpg 200w, https:\/\/www.haekelfieber.de\/wp-blog\/wp-content\/uploads\/2025\/05\/hausgarten-bayern5-400x600.jpg 400w\" sizes=\"auto, (max-width: 683px) 100vw, 683px\" \/><\/figure>\n\n\n","protected":false},"excerpt":{"rendered":"<p>Passt viel Gr\u00fcnzeug auf tausend Quadratmeter. Was vor vielen Jahren einst nur eine Wiese war, beheimatet jetzt mein \u00d6kosystem. Viel Busch, Strauch, Baum, Staude. Fast keine Rasenfl\u00e4che. Alles wird gemulcht mit Grasschnitt (den bekomme ich von jemandem aus dem Dorf), Hackschnitzeln, Stroh, Heu, Hobelsp\u00e4nen, Rindenmulch. Keine kahle Bodenfl\u00e4che. Der Garten dankt es mit angenehmer K\u00fchle. &hellip; <a href=\"https:\/\/www.haekelfieber.de\/wp-blog\/2025\/05\/meine-bayrische-gartenheimat-1\/\" class=\"more-link\"><span class=\"screen-reader-text\">Meine bayrische Gartenheimat 1<\/span> weiterlesen <span class=\"meta-nav\">&rarr;<\/span><\/a><\/p>\n","protected":false},"author":1,"featured_media":0,"comment_status":"open","ping_status":"open","sticky":false,"template":"","format":"standard","meta":{"footnotes":""},"categories":[7],"tags":[],"class_list":["post-15907","post","type-post","status-publish","format-standard","hentry","category-garten"],"yoast_head":"<!-- This site is optimized with the Yoast SEO plugin v27.4 - https:\/\/yoast.com\/product\/yoast-seo-wordpress\/ -->\n<title>Meine bayrische Gartenheimat 1 - H\u00e4kelfieber<\/title>\n<meta name=\"robots\" content=\"index, follow, max-snippet:-1, max-image-preview:large, max-video-preview:-1\" \/>\n<link rel=\"canonical\" href=\"https:\/\/www.haekelfieber.de\/wp-blog\/2025\/05\/meine-bayrische-gartenheimat-1\/\" \/>\n<meta property=\"og:locale\" content=\"de_DE\" \/>\n<meta property=\"og:type\" content=\"article\" \/>\n<meta property=\"og:title\" content=\"Meine bayrische Gartenheimat 1 - H\u00e4kelfieber\" \/>\n<meta property=\"og:description\" content=\"Passt viel Gr\u00fcnzeug auf tausend Quadratmeter. Was vor vielen Jahren einst nur eine Wiese war, beheimatet jetzt mein \u00d6kosystem. Viel Busch, Strauch, Baum, Staude. Fast keine Rasenfl\u00e4che. Alles wird gemulcht mit Grasschnitt (den bekomme ich von jemandem aus dem Dorf), Hackschnitzeln, Stroh, Heu, Hobelsp\u00e4nen, Rindenmulch. Keine kahle Bodenfl\u00e4che. Der Garten dankt es mit angenehmer K\u00fchle. &hellip; Meine bayrische Gartenheimat 1 weiterlesen &rarr;\" \/>\n<meta property=\"og:url\" content=\"https:\/\/www.haekelfieber.de\/wp-blog\/2025\/05\/meine-bayrische-gartenheimat-1\/\" \/>\n<meta property=\"og:site_name\" content=\"H\u00e4kelfieber\" \/>\n<meta property=\"article:published_time\" content=\"2025-05-17T09:16:12+00:00\" \/>\n<meta property=\"article:modified_time\" content=\"2025-05-17T09:16:15+00:00\" \/>\n<meta property=\"og:image\" content=\"https:\/\/www.haekelfieber.de\/wp-blog\/wp-content\/uploads\/2025\/05\/hausgarten-bayern23.jpg\" \/>\n\t<meta property=\"og:image:width\" content=\"683\" \/>\n\t<meta property=\"og:image:height\" content=\"1024\" \/>\n\t<meta property=\"og:image:type\" content=\"image\/jpeg\" \/>\n<meta name=\"author\" content=\"Jutta\" \/>\n<meta name=\"twitter:label1\" content=\"Verfasst von\" \/>\n\t<meta name=\"twitter:data1\" content=\"Jutta\" \/>\n\t<meta name=\"twitter:label2\" content=\"Gesch\u00e4tzte Lesezeit\" \/>\n\t<meta name=\"twitter:data2\" content=\"2\u00a0Minuten\" \/>\n<script type=\"application\/ld+json\" class=\"yoast-schema-graph\">{\"@context\":\"https:\\\/\\\/schema.org\",\"@graph\":[{\"@type\":\"Article\",\"@id\":\"https:\\\/\\\/www.haekelfieber.de\\\/wp-blog\\\/2025\\\/05\\\/meine-bayrische-gartenheimat-1\\\/#article\",\"isPartOf\":{\"@id\":\"https:\\\/\\\/www.haekelfieber.de\\\/wp-blog\\\/2025\\\/05\\\/meine-bayrische-gartenheimat-1\\\/\"},\"author\":{\"name\":\"Jutta\",\"@id\":\"https:\\\/\\\/www.haekelfieber.de\\\/wp-blog\\\/#\\\/schema\\\/person\\\/08b81f8e0d3480519aadc66881dee8d7\"},\"headline\":\"Meine bayrische Gartenheimat 1\",\"datePublished\":\"2025-05-17T09:16:12+00:00\",\"dateModified\":\"2025-05-17T09:16:15+00:00\",\"mainEntityOfPage\":{\"@id\":\"https:\\\/\\\/www.haekelfieber.de\\\/wp-blog\\\/2025\\\/05\\\/meine-bayrische-gartenheimat-1\\\/\"},\"wordCount\":100,\"commentCount\":1,\"publisher\":{\"@id\":\"https:\\\/\\\/www.haekelfieber.de\\\/wp-blog\\\/#organization\"},\"image\":{\"@id\":\"https:\\\/\\\/www.haekelfieber.de\\\/wp-blog\\\/2025\\\/05\\\/meine-bayrische-gartenheimat-1\\\/#primaryimage\"},\"thumbnailUrl\":\"https:\\\/\\\/www.haekelfieber.de\\\/wp-blog\\\/wp-content\\\/uploads\\\/2025\\\/05\\\/hausgarten-bayern23.jpg\",\"articleSection\":[\"Garten\"],\"inLanguage\":\"de\",\"potentialAction\":[{\"@type\":\"CommentAction\",\"name\":\"Comment\",\"target\":[\"https:\\\/\\\/www.haekelfieber.de\\\/wp-blog\\\/2025\\\/05\\\/meine-bayrische-gartenheimat-1\\\/#respond\"]}]},{\"@type\":\"WebPage\",\"@id\":\"https:\\\/\\\/www.haekelfieber.de\\\/wp-blog\\\/2025\\\/05\\\/meine-bayrische-gartenheimat-1\\\/\",\"url\":\"https:\\\/\\\/www.haekelfieber.de\\\/wp-blog\\\/2025\\\/05\\\/meine-bayrische-gartenheimat-1\\\/\",\"name\":\"Meine bayrische Gartenheimat 1 - H\u00e4kelfieber\",\"isPartOf\":{\"@id\":\"https:\\\/\\\/www.haekelfieber.de\\\/wp-blog\\\/#website\"},\"primaryImageOfPage\":{\"@id\":\"https:\\\/\\\/www.haekelfieber.de\\\/wp-blog\\\/2025\\\/05\\\/meine-bayrische-gartenheimat-1\\\/#primaryimage\"},\"image\":{\"@id\":\"https:\\\/\\\/www.haekelfieber.de\\\/wp-blog\\\/2025\\\/05\\\/meine-bayrische-gartenheimat-1\\\/#primaryimage\"},\"thumbnailUrl\":\"https:\\\/\\\/www.haekelfieber.de\\\/wp-blog\\\/wp-content\\\/uploads\\\/2025\\\/05\\\/hausgarten-bayern23.jpg\",\"datePublished\":\"2025-05-17T09:16:12+00:00\",\"dateModified\":\"2025-05-17T09:16:15+00:00\",\"breadcrumb\":{\"@id\":\"https:\\\/\\\/www.haekelfieber.de\\\/wp-blog\\\/2025\\\/05\\\/meine-bayrische-gartenheimat-1\\\/#breadcrumb\"},\"inLanguage\":\"de\",\"potentialAction\":[{\"@type\":\"ReadAction\",\"target\":[\"https:\\\/\\\/www.haekelfieber.de\\\/wp-blog\\\/2025\\\/05\\\/meine-bayrische-gartenheimat-1\\\/\"]}]},{\"@type\":\"ImageObject\",\"inLanguage\":\"de\",\"@id\":\"https:\\\/\\\/www.haekelfieber.de\\\/wp-blog\\\/2025\\\/05\\\/meine-bayrische-gartenheimat-1\\\/#primaryimage\",\"url\":\"https:\\\/\\\/www.haekelfieber.de\\\/wp-blog\\\/wp-content\\\/uploads\\\/2025\\\/05\\\/hausgarten-bayern23.jpg\",\"contentUrl\":\"https:\\\/\\\/www.haekelfieber.de\\\/wp-blog\\\/wp-content\\\/uploads\\\/2025\\\/05\\\/hausgarten-bayern23.jpg\",\"width\":683,\"height\":1024},{\"@type\":\"BreadcrumbList\",\"@id\":\"https:\\\/\\\/www.haekelfieber.de\\\/wp-blog\\\/2025\\\/05\\\/meine-bayrische-gartenheimat-1\\\/#breadcrumb\",\"itemListElement\":[{\"@type\":\"ListItem\",\"position\":1,\"name\":\"Home\",\"item\":\"https:\\\/\\\/www.haekelfieber.de\\\/wp-blog\\\/\"},{\"@type\":\"ListItem\",\"position\":2,\"name\":\"Meine bayrische Gartenheimat 1\"}]},{\"@type\":\"WebSite\",\"@id\":\"https:\\\/\\\/www.haekelfieber.de\\\/wp-blog\\\/#website\",\"url\":\"https:\\\/\\\/www.haekelfieber.de\\\/wp-blog\\\/\",\"name\":\"H\u00e4kelfieber\",\"description\":\"Ich bin im...\",\"publisher\":{\"@id\":\"https:\\\/\\\/www.haekelfieber.de\\\/wp-blog\\\/#organization\"},\"potentialAction\":[{\"@type\":\"SearchAction\",\"target\":{\"@type\":\"EntryPoint\",\"urlTemplate\":\"https:\\\/\\\/www.haekelfieber.de\\\/wp-blog\\\/?s={search_term_string}\"},\"query-input\":{\"@type\":\"PropertyValueSpecification\",\"valueRequired\":true,\"valueName\":\"search_term_string\"}}],\"inLanguage\":\"de\"},{\"@type\":\"Organization\",\"@id\":\"https:\\\/\\\/www.haekelfieber.de\\\/wp-blog\\\/#organization\",\"name\":\"H\u00e4kelfieber\",\"url\":\"https:\\\/\\\/www.haekelfieber.de\\\/wp-blog\\\/\",\"logo\":{\"@type\":\"ImageObject\",\"inLanguage\":\"de\",\"@id\":\"https:\\\/\\\/www.haekelfieber.de\\\/wp-blog\\\/#\\\/schema\\\/logo\\\/image\\\/\",\"url\":\"https:\\\/\\\/www.haekelfieber.de\\\/wp-blog\\\/wp-content\\\/uploads\\\/2023\\\/03\\\/kissen-haekeln2.jpg\",\"contentUrl\":\"https:\\\/\\\/www.haekelfieber.de\\\/wp-blog\\\/wp-content\\\/uploads\\\/2023\\\/03\\\/kissen-haekeln2.jpg\",\"width\":683,\"height\":1024,\"caption\":\"H\u00e4kelfieber\"},\"image\":{\"@id\":\"https:\\\/\\\/www.haekelfieber.de\\\/wp-blog\\\/#\\\/schema\\\/logo\\\/image\\\/\"}},{\"@type\":\"Person\",\"@id\":\"https:\\\/\\\/www.haekelfieber.de\\\/wp-blog\\\/#\\\/schema\\\/person\\\/08b81f8e0d3480519aadc66881dee8d7\",\"name\":\"Jutta\",\"image\":{\"@type\":\"ImageObject\",\"inLanguage\":\"de\",\"@id\":\"https:\\\/\\\/secure.gravatar.com\\\/avatar\\\/4fb96a09981d3eab52fd94765c38a5395ca69a563a8cd98c172ef85375636d9d?s=96&d=mm&r=g\",\"url\":\"https:\\\/\\\/secure.gravatar.com\\\/avatar\\\/4fb96a09981d3eab52fd94765c38a5395ca69a563a8cd98c172ef85375636d9d?s=96&d=mm&r=g\",\"contentUrl\":\"https:\\\/\\\/secure.gravatar.com\\\/avatar\\\/4fb96a09981d3eab52fd94765c38a5395ca69a563a8cd98c172ef85375636d9d?s=96&d=mm&r=g\",\"caption\":\"Jutta\"},\"url\":\"https:\\\/\\\/www.haekelfieber.de\\\/wp-blog\\\/author\\\/admin\\\/\"}]}<\/script>\n<!-- \/ Yoast SEO plugin. -->","yoast_head_json":{"title":"Meine bayrische Gartenheimat 1 - H\u00e4kelfieber","robots":{"index":"index","follow":"follow","max-snippet":"max-snippet:-1","max-image-preview":"max-image-preview:large","max-video-preview":"max-video-preview:-1"},"canonical":"https:\/\/www.haekelfieber.de\/wp-blog\/2025\/05\/meine-bayrische-gartenheimat-1\/","og_locale":"de_DE","og_type":"article","og_title":"Meine bayrische Gartenheimat 1 - H\u00e4kelfieber","og_description":"Passt viel Gr\u00fcnzeug auf tausend Quadratmeter. Was vor vielen Jahren einst nur eine Wiese war, beheimatet jetzt mein \u00d6kosystem. Viel Busch, Strauch, Baum, Staude. Fast keine Rasenfl\u00e4che. Alles wird gemulcht mit Grasschnitt (den bekomme ich von jemandem aus dem Dorf), Hackschnitzeln, Stroh, Heu, Hobelsp\u00e4nen, Rindenmulch. Keine kahle Bodenfl\u00e4che. Der Garten dankt es mit angenehmer K\u00fchle. &hellip; Meine bayrische Gartenheimat 1 weiterlesen &rarr;","og_url":"https:\/\/www.haekelfieber.de\/wp-blog\/2025\/05\/meine-bayrische-gartenheimat-1\/","og_site_name":"H\u00e4kelfieber","article_published_time":"2025-05-17T09:16:12+00:00","article_modified_time":"2025-05-17T09:16:15+00:00","og_image":[{"width":683,"height":1024,"url":"https:\/\/www.haekelfieber.de\/wp-blog\/wp-content\/uploads\/2025\/05\/hausgarten-bayern23.jpg","type":"image\/jpeg"}],"author":"Jutta","twitter_misc":{"Verfasst von":"Jutta","Gesch\u00e4tzte Lesezeit":"2\u00a0Minuten"},"schema":{"@context":"https:\/\/schema.org","@graph":[{"@type":"Article","@id":"https:\/\/www.haekelfieber.de\/wp-blog\/2025\/05\/meine-bayrische-gartenheimat-1\/#article","isPartOf":{"@id":"https:\/\/www.haekelfieber.de\/wp-blog\/2025\/05\/meine-bayrische-gartenheimat-1\/"},"author":{"name":"Jutta","@id":"https:\/\/www.haekelfieber.de\/wp-blog\/#\/schema\/person\/08b81f8e0d3480519aadc66881dee8d7"},"headline":"Meine bayrische Gartenheimat 1","datePublished":"2025-05-17T09:16:12+00:00","dateModified":"2025-05-17T09:16:15+00:00","mainEntityOfPage":{"@id":"https:\/\/www.haekelfieber.de\/wp-blog\/2025\/05\/meine-bayrische-gartenheimat-1\/"},"wordCount":100,"commentCount":1,"publisher":{"@id":"https:\/\/www.haekelfieber.de\/wp-blog\/#organization"},"image":{"@id":"https:\/\/www.haekelfieber.de\/wp-blog\/2025\/05\/meine-bayrische-gartenheimat-1\/#primaryimage"},"thumbnailUrl":"https:\/\/www.haekelfieber.de\/wp-blog\/wp-content\/uploads\/2025\/05\/hausgarten-bayern23.jpg","articleSection":["Garten"],"inLanguage":"de","potentialAction":[{"@type":"CommentAction","name":"Comment","target":["https:\/\/www.haekelfieber.de\/wp-blog\/2025\/05\/meine-bayrische-gartenheimat-1\/#respond"]}]},{"@type":"WebPage","@id":"https:\/\/www.haekelfieber.de\/wp-blog\/2025\/05\/meine-bayrische-gartenheimat-1\/","url":"https:\/\/www.haekelfieber.de\/wp-blog\/2025\/05\/meine-bayrische-gartenheimat-1\/","name":"Meine bayrische Gartenheimat 1 - H\u00e4kelfieber","isPartOf":{"@id":"https:\/\/www.haekelfieber.de\/wp-blog\/#website"},"primaryImageOfPage":{"@id":"https:\/\/www.haekelfieber.de\/wp-blog\/2025\/05\/meine-bayrische-gartenheimat-1\/#primaryimage"},"image":{"@id":"https:\/\/www.haekelfieber.de\/wp-blog\/2025\/05\/meine-bayrische-gartenheimat-1\/#primaryimage"},"thumbnailUrl":"https:\/\/www.haekelfieber.de\/wp-blog\/wp-content\/uploads\/2025\/05\/hausgarten-bayern23.jpg","datePublished":"2025-05-17T09:16:12+00:00","dateModified":"2025-05-17T09:16:15+00:00","breadcrumb":{"@id":"https:\/\/www.haekelfieber.de\/wp-blog\/2025\/05\/meine-bayrische-gartenheimat-1\/#breadcrumb"},"inLanguage":"de","potentialAction":[{"@type":"ReadAction","target":["https:\/\/www.haekelfieber.de\/wp-blog\/2025\/05\/meine-bayrische-gartenheimat-1\/"]}]},{"@type":"ImageObject","inLanguage":"de","@id":"https:\/\/www.haekelfieber.de\/wp-blog\/2025\/05\/meine-bayrische-gartenheimat-1\/#primaryimage","url":"https:\/\/www.haekelfieber.de\/wp-blog\/wp-content\/uploads\/2025\/05\/hausgarten-bayern23.jpg","contentUrl":"https:\/\/www.haekelfieber.de\/wp-blog\/wp-content\/uploads\/2025\/05\/hausgarten-bayern23.jpg","width":683,"height":1024},{"@type":"BreadcrumbList","@id":"https:\/\/www.haekelfieber.de\/wp-blog\/2025\/05\/meine-bayrische-gartenheimat-1\/#breadcrumb","itemListElement":[{"@type":"ListItem","position":1,"name":"Home","item":"https:\/\/www.haekelfieber.de\/wp-blog\/"},{"@type":"ListItem","position":2,"name":"Meine bayrische Gartenheimat 1"}]},{"@type":"WebSite","@id":"https:\/\/www.haekelfieber.de\/wp-blog\/#website","url":"https:\/\/www.haekelfieber.de\/wp-blog\/","name":"H\u00e4kelfieber","description":"Ich bin im...","publisher":{"@id":"https:\/\/www.haekelfieber.de\/wp-blog\/#organization"},"potentialAction":[{"@type":"SearchAction","target":{"@type":"EntryPoint","urlTemplate":"https:\/\/www.haekelfieber.de\/wp-blog\/?s={search_term_string}"},"query-input":{"@type":"PropertyValueSpecification","valueRequired":true,"valueName":"search_term_string"}}],"inLanguage":"de"},{"@type":"Organization","@id":"https:\/\/www.haekelfieber.de\/wp-blog\/#organization","name":"H\u00e4kelfieber","url":"https:\/\/www.haekelfieber.de\/wp-blog\/","logo":{"@type":"ImageObject","inLanguage":"de","@id":"https:\/\/www.haekelfieber.de\/wp-blog\/#\/schema\/logo\/image\/","url":"https:\/\/www.haekelfieber.de\/wp-blog\/wp-content\/uploads\/2023\/03\/kissen-haekeln2.jpg","contentUrl":"https:\/\/www.haekelfieber.de\/wp-blog\/wp-content\/uploads\/2023\/03\/kissen-haekeln2.jpg","width":683,"height":1024,"caption":"H\u00e4kelfieber"},"image":{"@id":"https:\/\/www.haekelfieber.de\/wp-blog\/#\/schema\/logo\/image\/"}},{"@type":"Person","@id":"https:\/\/www.haekelfieber.de\/wp-blog\/#\/schema\/person\/08b81f8e0d3480519aadc66881dee8d7","name":"Jutta","image":{"@type":"ImageObject","inLanguage":"de","@id":"https:\/\/secure.gravatar.com\/avatar\/4fb96a09981d3eab52fd94765c38a5395ca69a563a8cd98c172ef85375636d9d?s=96&d=mm&r=g","url":"https:\/\/secure.gravatar.com\/avatar\/4fb96a09981d3eab52fd94765c38a5395ca69a563a8cd98c172ef85375636d9d?s=96&d=mm&r=g","contentUrl":"https:\/\/secure.gravatar.com\/avatar\/4fb96a09981d3eab52fd94765c38a5395ca69a563a8cd98c172ef85375636d9d?s=96&d=mm&r=g","caption":"Jutta"},"url":"https:\/\/www.haekelfieber.de\/wp-blog\/author\/admin\/"}]}},"_links":{"self":[{"href":"https:\/\/www.haekelfieber.de\/wp-blog\/wp-json\/wp\/v2\/posts\/15907","targetHints":{"allow":["GET"]}}],"collection":[{"href":"https:\/\/www.haekelfieber.de\/wp-blog\/wp-json\/wp\/v2\/posts"}],"about":[{"href":"https:\/\/www.haekelfieber.de\/wp-blog\/wp-json\/wp\/v2\/types\/post"}],"author":[{"embeddable":true,"href":"https:\/\/www.haekelfieber.de\/wp-blog\/wp-json\/wp\/v2\/users\/1"}],"replies":[{"embeddable":true,"href":"https:\/\/www.haekelfieber.de\/wp-blog\/wp-json\/wp\/v2\/comments?post=15907"}],"version-history":[{"count":1,"href":"https:\/\/www.haekelfieber.de\/wp-blog\/wp-json\/wp\/v2\/posts\/15907\/revisions"}],"predecessor-version":[{"id":15908,"href":"https:\/\/www.haekelfieber.de\/wp-blog\/wp-json\/wp\/v2\/posts\/15907\/revisions\/15908"}],"wp:attachment":[{"href":"https:\/\/www.haekelfieber.de\/wp-blog\/wp-json\/wp\/v2\/media?parent=15907"}],"wp:term":[{"taxonomy":"category","embeddable":true,"href":"https:\/\/www.haekelfieber.de\/wp-blog\/wp-json\/wp\/v2\/categories?post=15907"},{"taxonomy":"post_tag","embeddable":true,"href":"https:\/\/www.haekelfieber.de\/wp-blog\/wp-json\/wp\/v2\/tags?post=15907"}],"curies":[{"name":"wp","href":"https:\/\/api.w.org\/{rel}","templated":true}]}}