{"id":1595,"date":"2014-12-30T16:24:44","date_gmt":"2014-12-30T15:24:44","guid":{"rendered":"http:\/\/www.haekelfieber.de\/wp-blog\/?p=1595"},"modified":"2014-12-30T16:24:44","modified_gmt":"2014-12-30T15:24:44","slug":"ich-wollte-einen-ganz-normalen-schal-haekeln-aber","status":"publish","type":"post","link":"https:\/\/www.haekelfieber.de\/wp-blog\/2014\/12\/ich-wollte-einen-ganz-normalen-schal-haekeln-aber\/","title":{"rendered":"Ich wollte einen ganz normalen Schal h\u00e4keln, aber&#8230;"},"content":{"rendered":"<p><a href=\"https:\/\/www.haekelfieber.de\/wp-blog\/wp-content\/uploads\/2014\/12\/Schal-h\u00e4keln-4.jpg\"><img loading=\"lazy\" decoding=\"async\" class=\"aligncenter size-large wp-image-1592\" src=\"https:\/\/www.haekelfieber.de\/wp-blog\/wp-content\/uploads\/2014\/12\/Schal-h\u00e4keln-4-450x600.jpg\" alt=\"Schal h\u00e4keln (4)\" width=\"450\" height=\"600\" srcset=\"https:\/\/www.haekelfieber.de\/wp-blog\/wp-content\/uploads\/2014\/12\/Schal-h\u00e4keln-4-450x600.jpg 450w, https:\/\/www.haekelfieber.de\/wp-blog\/wp-content\/uploads\/2014\/12\/Schal-h\u00e4keln-4-225x300.jpg 225w, https:\/\/www.haekelfieber.de\/wp-blog\/wp-content\/uploads\/2014\/12\/Schal-h\u00e4keln-4.jpg 600w\" sizes=\"auto, (max-width: 450px) 100vw, 450px\" \/><\/a><br \/>\n&#8230;die Farben sind mit mir durchgegangen.<br \/>\nNach 30cm sch\u00f6nem, geh\u00e4kelten Hahnentrittmuster mit softweicher Wolle (70% Alpaka, 30% Seide) in gedeckten Farben, setzte sich ein Begriff bei mir im Oberst\u00fcbchen fest: &#8222;Nett&#8220;. &#8222;Nett&#8220; verhei\u00dft nichts Gutes. H\u00e4kelstop! &#8222;Nett&#8220; ist die kleine Schwester von (vorab entschuldige ich mich f\u00fcr folgenden Begriff, muss sein! \ud83d\ude42 ) &#8222;Schei\u00dfe&#8220;.<\/p>\n<p><a href=\"https:\/\/www.haekelfieber.de\/wp-blog\/wp-content\/uploads\/2014\/12\/Schal-h\u00e4keln-3.jpg\"><img loading=\"lazy\" decoding=\"async\" class=\"aligncenter size-large wp-image-1591\" src=\"https:\/\/www.haekelfieber.de\/wp-blog\/wp-content\/uploads\/2014\/12\/Schal-h\u00e4keln-3-450x600.jpg\" alt=\"Schal h\u00e4keln (3)\" width=\"450\" height=\"600\" srcset=\"https:\/\/www.haekelfieber.de\/wp-blog\/wp-content\/uploads\/2014\/12\/Schal-h\u00e4keln-3-450x600.jpg 450w, https:\/\/www.haekelfieber.de\/wp-blog\/wp-content\/uploads\/2014\/12\/Schal-h\u00e4keln-3-225x300.jpg 225w, https:\/\/www.haekelfieber.de\/wp-blog\/wp-content\/uploads\/2014\/12\/Schal-h\u00e4keln-3.jpg 600w\" sizes=\"auto, (max-width: 450px) 100vw, 450px\" \/><\/a><br \/>\nHabe einen Korb mit \u00e4hnlich starkem Baumwollgarn geholt, diverse kr\u00e4ftige Farben ans bereits Geh\u00e4kelte gehalten, um Spannung in die ganze Sache zu bringen. Meine Farbwahl fiel auf: Hellgr\u00fcn, senfgelb, rot, hellgrau und smaragdgr\u00fcn.<br \/>\nErst mal weitergeh\u00e4kelt, mit Beimischung von rot und senfgelb. Mhm, hm, passt das, naja, hm. Und pl\u00f6tzlich der Durchbruch. Ja, genau in diesen Farben und dann wiederholen sie sich, damit Ruhe reinkommt, sp\u00e4ter tauchen sie wieder auf, um eine runde Sache&#8230;<\/p>\n<p><a href=\"https:\/\/www.haekelfieber.de\/wp-blog\/wp-content\/uploads\/2014\/12\/Schal-h\u00e4keln-2.jpg\"><img loading=\"lazy\" decoding=\"async\" class=\"aligncenter size-large wp-image-1590\" src=\"https:\/\/www.haekelfieber.de\/wp-blog\/wp-content\/uploads\/2014\/12\/Schal-h\u00e4keln-2-450x600.jpg\" alt=\"Schal h\u00e4keln (2)\" width=\"450\" height=\"600\" srcset=\"https:\/\/www.haekelfieber.de\/wp-blog\/wp-content\/uploads\/2014\/12\/Schal-h\u00e4keln-2-450x600.jpg 450w, https:\/\/www.haekelfieber.de\/wp-blog\/wp-content\/uploads\/2014\/12\/Schal-h\u00e4keln-2-225x300.jpg 225w, https:\/\/www.haekelfieber.de\/wp-blog\/wp-content\/uploads\/2014\/12\/Schal-h\u00e4keln-2.jpg 600w\" sizes=\"auto, (max-width: 450px) 100vw, 450px\" \/><\/a><br \/>\nKreativ sein ist durchaus auch anstrengend. Nichts mit so meditativ vor sich hinh\u00e4keln. Nein, da geht es erst mal auf und ab mit den Gef\u00fchlen. Sp\u00e4testens dann, wenn ich wei\u00df wo&#8217;s hingeht mit dem Schal und mir, wird es streckenweise meditativ \ud83d\ude42 .<\/p>\n<p><a href=\"https:\/\/www.haekelfieber.de\/wp-blog\/wp-content\/uploads\/2014\/12\/Schal-h\u00e4keln-1.jpg\"><img loading=\"lazy\" decoding=\"async\" class=\"aligncenter size-large wp-image-1589\" src=\"https:\/\/www.haekelfieber.de\/wp-blog\/wp-content\/uploads\/2014\/12\/Schal-h\u00e4keln-1-450x600.jpg\" alt=\"Schal h\u00e4keln (1)\" width=\"450\" height=\"600\" srcset=\"https:\/\/www.haekelfieber.de\/wp-blog\/wp-content\/uploads\/2014\/12\/Schal-h\u00e4keln-1-450x600.jpg 450w, https:\/\/www.haekelfieber.de\/wp-blog\/wp-content\/uploads\/2014\/12\/Schal-h\u00e4keln-1-225x300.jpg 225w, https:\/\/www.haekelfieber.de\/wp-blog\/wp-content\/uploads\/2014\/12\/Schal-h\u00e4keln-1.jpg 600w\" sizes=\"auto, (max-width: 450px) 100vw, 450px\" \/><\/a><br \/>\nManchmal muss man mutig sein, mit dem Kombinieren. Zusammenf\u00fcgen, was auf den ersten Blick nicht zusammenpasst. Klar kann der Versuch in die Hose gehen. Passiert eher selten, aus eigener Erfahrung. Aber &#8211; ja aber &#8211; wenn es gl\u00fcckt, bin ich erstaunt \u00fcber die Lebendigkeit eines H\u00e4kelst\u00fcckes.<\/p>\n<p><a href=\"https:\/\/www.haekelfieber.de\/wp-blog\/wp-content\/uploads\/2014\/12\/Schal-h\u00e4keln-5.jpg\"><img loading=\"lazy\" decoding=\"async\" class=\"aligncenter size-large wp-image-1593\" src=\"https:\/\/www.haekelfieber.de\/wp-blog\/wp-content\/uploads\/2014\/12\/Schal-h\u00e4keln-5-450x600.jpg\" alt=\"Schal h\u00e4keln (5)\" width=\"450\" height=\"600\" srcset=\"https:\/\/www.haekelfieber.de\/wp-blog\/wp-content\/uploads\/2014\/12\/Schal-h\u00e4keln-5-450x600.jpg 450w, https:\/\/www.haekelfieber.de\/wp-blog\/wp-content\/uploads\/2014\/12\/Schal-h\u00e4keln-5-225x300.jpg 225w, https:\/\/www.haekelfieber.de\/wp-blog\/wp-content\/uploads\/2014\/12\/Schal-h\u00e4keln-5.jpg 600w\" sizes=\"auto, (max-width: 450px) 100vw, 450px\" \/><\/a><br \/>\nH\u00e4keln ist manchmal so etwas wie ein Abenteuer, zuhause im warmen Zimmer. Keine Bedrohung von Au\u00dfen durch wilde Tiere&#8230; Nein, aber innerlich f\u00fchle ich mich, als ob ich gerade auf einer spannenden, Neuland erkundenden, Expedition w\u00e4re.<br \/>\nIch sehe eine Schlagzeile vor mir: <em><strong>Geh\u00e4kelter Hahnentritt &#8211; ich wu\u00dfte keinen Ausweg mehr als den Griff zu t\u00fcrkis!<\/strong><\/em><br \/>\nSo viel zu dem Thema: Einen ganz normalen Schal h\u00e4keln.<\/p>\n<table>\n<tbody>\n<tr>\n<td><a href=\"https:\/\/www.haekelfieber.de\/wp-blog\/wp-content\/uploads\/2014\/12\/2014-12-28-16.34.26.jpg\"><img loading=\"lazy\" decoding=\"async\" class=\"aligncenter size-medium wp-image-1594\" src=\"https:\/\/www.haekelfieber.de\/wp-blog\/wp-content\/uploads\/2014\/12\/2014-12-28-16.34.26-225x300.jpg\" alt=\"2014-12-28 16.34.26\" width=\"225\" height=\"300\" srcset=\"https:\/\/www.haekelfieber.de\/wp-blog\/wp-content\/uploads\/2014\/12\/2014-12-28-16.34.26-225x300.jpg 225w, https:\/\/www.haekelfieber.de\/wp-blog\/wp-content\/uploads\/2014\/12\/2014-12-28-16.34.26-450x600.jpg 450w, https:\/\/www.haekelfieber.de\/wp-blog\/wp-content\/uploads\/2014\/12\/2014-12-28-16.34.26.jpg 600w\" sizes=\"auto, (max-width: 225px) 100vw, 225px\" \/><\/a><\/td>\n<td><a href=\"https:\/\/www.haekelfieber.de\/wp-blog\/wp-content\/uploads\/2014\/12\/2014-12-30-10.32.02.jpg\"><img loading=\"lazy\" decoding=\"async\" class=\"aligncenter size-medium wp-image-1588\" src=\"https:\/\/www.haekelfieber.de\/wp-blog\/wp-content\/uploads\/2014\/12\/2014-12-30-10.32.02-225x300.jpg\" alt=\"2014-12-30 10.32.02\" width=\"225\" height=\"300\" srcset=\"https:\/\/www.haekelfieber.de\/wp-blog\/wp-content\/uploads\/2014\/12\/2014-12-30-10.32.02-225x300.jpg 225w, https:\/\/www.haekelfieber.de\/wp-blog\/wp-content\/uploads\/2014\/12\/2014-12-30-10.32.02-450x600.jpg 450w, https:\/\/www.haekelfieber.de\/wp-blog\/wp-content\/uploads\/2014\/12\/2014-12-30-10.32.02.jpg 600w\" sizes=\"auto, (max-width: 225px) 100vw, 225px\" \/><\/a><\/td>\n<\/tr>\n<\/tbody>\n<\/table>\n<p>Zum guten Schlu\u00df ein Bild vom Sonnenuntergang vorgestern und vom Schneefall heute Mittag.<br \/>\nEinfach nur entspannen.\u00a0 \ud83d\ude42<\/p>\n<p>PS: Bald bin ich &#8211; \u00e4h, nein &#8211; der Schal fertig. Vielleicht schon im n\u00e4chsten Beitrag.<br \/>\nMal sehen \ud83d\ude42<\/p>\n","protected":false},"excerpt":{"rendered":"<p>&#8230;die Farben sind mit mir durchgegangen. Nach 30cm sch\u00f6nem, geh\u00e4kelten Hahnentrittmuster mit softweicher Wolle (70% Alpaka, 30% Seide) in gedeckten Farben, setzte sich ein Begriff bei mir im Oberst\u00fcbchen fest: &#8222;Nett&#8220;. &#8222;Nett&#8220; verhei\u00dft nichts Gutes. H\u00e4kelstop! &#8222;Nett&#8220; ist die kleine Schwester von (vorab entschuldige ich mich f\u00fcr folgenden Begriff, muss sein! \ud83d\ude42 ) &#8222;Schei\u00dfe&#8220;. Habe &hellip; <a href=\"https:\/\/www.haekelfieber.de\/wp-blog\/2014\/12\/ich-wollte-einen-ganz-normalen-schal-haekeln-aber\/\" class=\"more-link\"><span class=\"screen-reader-text\">Ich wollte einen ganz normalen Schal h\u00e4keln, aber&#8230;<\/span> weiterlesen <span class=\"meta-nav\">&rarr;<\/span><\/a><\/p>\n","protected":false},"author":1,"featured_media":0,"comment_status":"open","ping_status":"open","sticky":false,"template":"","format":"standard","meta":{"footnotes":""},"categories":[5],"tags":[],"class_list":["post-1595","post","type-post","status-publish","format-standard","hentry","category-haekeln"],"yoast_head":"<!-- This site is optimized with the Yoast SEO plugin v27.4 - https:\/\/yoast.com\/product\/yoast-seo-wordpress\/ -->\n<title>Ich wollte einen ganz normalen Schal h\u00e4keln, aber... - H\u00e4kelfieber<\/title>\n<meta name=\"robots\" content=\"index, follow, max-snippet:-1, max-image-preview:large, max-video-preview:-1\" \/>\n<link rel=\"canonical\" href=\"https:\/\/www.haekelfieber.de\/wp-blog\/2014\/12\/ich-wollte-einen-ganz-normalen-schal-haekeln-aber\/\" \/>\n<meta property=\"og:locale\" content=\"de_DE\" \/>\n<meta property=\"og:type\" content=\"article\" \/>\n<meta property=\"og:title\" content=\"Ich wollte einen ganz normalen Schal h\u00e4keln, aber... - H\u00e4kelfieber\" \/>\n<meta property=\"og:description\" content=\"&#8230;die Farben sind mit mir durchgegangen. Nach 30cm sch\u00f6nem, geh\u00e4kelten Hahnentrittmuster mit softweicher Wolle (70% Alpaka, 30% Seide) in gedeckten Farben, setzte sich ein Begriff bei mir im Oberst\u00fcbchen fest: &#8222;Nett&#8220;. &#8222;Nett&#8220; verhei\u00dft nichts Gutes. H\u00e4kelstop! &#8222;Nett&#8220; ist die kleine Schwester von (vorab entschuldige ich mich f\u00fcr folgenden Begriff, muss sein! \ud83d\ude42 ) &#8222;Schei\u00dfe&#8220;. Habe &hellip; Ich wollte einen ganz normalen Schal h\u00e4keln, aber&#8230; weiterlesen &rarr;\" \/>\n<meta property=\"og:url\" content=\"https:\/\/www.haekelfieber.de\/wp-blog\/2014\/12\/ich-wollte-einen-ganz-normalen-schal-haekeln-aber\/\" \/>\n<meta property=\"og:site_name\" content=\"H\u00e4kelfieber\" \/>\n<meta property=\"article:published_time\" content=\"2014-12-30T15:24:44+00:00\" \/>\n<meta property=\"og:image\" content=\"https:\/\/www.haekelfieber.de\/wp-blog\/wp-content\/uploads\/2014\/12\/Schal-h\u00e4keln-4-450x600.jpg\" \/>\n<meta name=\"author\" content=\"Jutta\" \/>\n<meta name=\"twitter:label1\" content=\"Verfasst von\" \/>\n\t<meta name=\"twitter:data1\" content=\"Jutta\" \/>\n\t<meta name=\"twitter:label2\" content=\"Gesch\u00e4tzte Lesezeit\" \/>\n\t<meta name=\"twitter:data2\" content=\"2\u00a0Minuten\" \/>\n<script type=\"application\/ld+json\" class=\"yoast-schema-graph\">{\"@context\":\"https:\\\/\\\/schema.org\",\"@graph\":[{\"@type\":\"Article\",\"@id\":\"https:\\\/\\\/www.haekelfieber.de\\\/wp-blog\\\/2014\\\/12\\\/ich-wollte-einen-ganz-normalen-schal-haekeln-aber\\\/#article\",\"isPartOf\":{\"@id\":\"https:\\\/\\\/www.haekelfieber.de\\\/wp-blog\\\/2014\\\/12\\\/ich-wollte-einen-ganz-normalen-schal-haekeln-aber\\\/\"},\"author\":{\"name\":\"Jutta\",\"@id\":\"https:\\\/\\\/www.haekelfieber.de\\\/wp-blog\\\/#\\\/schema\\\/person\\\/08b81f8e0d3480519aadc66881dee8d7\"},\"headline\":\"Ich wollte einen ganz normalen Schal h\u00e4keln, aber&#8230;\",\"datePublished\":\"2014-12-30T15:24:44+00:00\",\"mainEntityOfPage\":{\"@id\":\"https:\\\/\\\/www.haekelfieber.de\\\/wp-blog\\\/2014\\\/12\\\/ich-wollte-einen-ganz-normalen-schal-haekeln-aber\\\/\"},\"wordCount\":350,\"commentCount\":2,\"publisher\":{\"@id\":\"https:\\\/\\\/www.haekelfieber.de\\\/wp-blog\\\/#organization\"},\"image\":{\"@id\":\"https:\\\/\\\/www.haekelfieber.de\\\/wp-blog\\\/2014\\\/12\\\/ich-wollte-einen-ganz-normalen-schal-haekeln-aber\\\/#primaryimage\"},\"thumbnailUrl\":\"https:\\\/\\\/www.haekelfieber.de\\\/wp-blog\\\/wp-content\\\/uploads\\\/2014\\\/12\\\/2014-12-28-16.34.26-225x300.jpg\",\"articleSection\":[\"H\u00e4keln\"],\"inLanguage\":\"de\",\"potentialAction\":[{\"@type\":\"CommentAction\",\"name\":\"Comment\",\"target\":[\"https:\\\/\\\/www.haekelfieber.de\\\/wp-blog\\\/2014\\\/12\\\/ich-wollte-einen-ganz-normalen-schal-haekeln-aber\\\/#respond\"]}]},{\"@type\":\"WebPage\",\"@id\":\"https:\\\/\\\/www.haekelfieber.de\\\/wp-blog\\\/2014\\\/12\\\/ich-wollte-einen-ganz-normalen-schal-haekeln-aber\\\/\",\"url\":\"https:\\\/\\\/www.haekelfieber.de\\\/wp-blog\\\/2014\\\/12\\\/ich-wollte-einen-ganz-normalen-schal-haekeln-aber\\\/\",\"name\":\"Ich wollte einen ganz normalen Schal h\u00e4keln, aber... - H\u00e4kelfieber\",\"isPartOf\":{\"@id\":\"https:\\\/\\\/www.haekelfieber.de\\\/wp-blog\\\/#website\"},\"primaryImageOfPage\":{\"@id\":\"https:\\\/\\\/www.haekelfieber.de\\\/wp-blog\\\/2014\\\/12\\\/ich-wollte-einen-ganz-normalen-schal-haekeln-aber\\\/#primaryimage\"},\"image\":{\"@id\":\"https:\\\/\\\/www.haekelfieber.de\\\/wp-blog\\\/2014\\\/12\\\/ich-wollte-einen-ganz-normalen-schal-haekeln-aber\\\/#primaryimage\"},\"thumbnailUrl\":\"https:\\\/\\\/www.haekelfieber.de\\\/wp-blog\\\/wp-content\\\/uploads\\\/2014\\\/12\\\/2014-12-28-16.34.26-225x300.jpg\",\"datePublished\":\"2014-12-30T15:24:44+00:00\",\"breadcrumb\":{\"@id\":\"https:\\\/\\\/www.haekelfieber.de\\\/wp-blog\\\/2014\\\/12\\\/ich-wollte-einen-ganz-normalen-schal-haekeln-aber\\\/#breadcrumb\"},\"inLanguage\":\"de\",\"potentialAction\":[{\"@type\":\"ReadAction\",\"target\":[\"https:\\\/\\\/www.haekelfieber.de\\\/wp-blog\\\/2014\\\/12\\\/ich-wollte-einen-ganz-normalen-schal-haekeln-aber\\\/\"]}]},{\"@type\":\"ImageObject\",\"inLanguage\":\"de\",\"@id\":\"https:\\\/\\\/www.haekelfieber.de\\\/wp-blog\\\/2014\\\/12\\\/ich-wollte-einen-ganz-normalen-schal-haekeln-aber\\\/#primaryimage\",\"url\":\"https:\\\/\\\/www.haekelfieber.de\\\/wp-blog\\\/wp-content\\\/uploads\\\/2014\\\/12\\\/2014-12-28-16.34.26.jpg\",\"contentUrl\":\"https:\\\/\\\/www.haekelfieber.de\\\/wp-blog\\\/wp-content\\\/uploads\\\/2014\\\/12\\\/2014-12-28-16.34.26.jpg\",\"width\":600,\"height\":800},{\"@type\":\"BreadcrumbList\",\"@id\":\"https:\\\/\\\/www.haekelfieber.de\\\/wp-blog\\\/2014\\\/12\\\/ich-wollte-einen-ganz-normalen-schal-haekeln-aber\\\/#breadcrumb\",\"itemListElement\":[{\"@type\":\"ListItem\",\"position\":1,\"name\":\"Home\",\"item\":\"https:\\\/\\\/www.haekelfieber.de\\\/wp-blog\\\/\"},{\"@type\":\"ListItem\",\"position\":2,\"name\":\"Ich wollte einen ganz normalen Schal h\u00e4keln, aber&#8230;\"}]},{\"@type\":\"WebSite\",\"@id\":\"https:\\\/\\\/www.haekelfieber.de\\\/wp-blog\\\/#website\",\"url\":\"https:\\\/\\\/www.haekelfieber.de\\\/wp-blog\\\/\",\"name\":\"H\u00e4kelfieber\",\"description\":\"Ich bin im...\",\"publisher\":{\"@id\":\"https:\\\/\\\/www.haekelfieber.de\\\/wp-blog\\\/#organization\"},\"potentialAction\":[{\"@type\":\"SearchAction\",\"target\":{\"@type\":\"EntryPoint\",\"urlTemplate\":\"https:\\\/\\\/www.haekelfieber.de\\\/wp-blog\\\/?s={search_term_string}\"},\"query-input\":{\"@type\":\"PropertyValueSpecification\",\"valueRequired\":true,\"valueName\":\"search_term_string\"}}],\"inLanguage\":\"de\"},{\"@type\":\"Organization\",\"@id\":\"https:\\\/\\\/www.haekelfieber.de\\\/wp-blog\\\/#organization\",\"name\":\"H\u00e4kelfieber\",\"url\":\"https:\\\/\\\/www.haekelfieber.de\\\/wp-blog\\\/\",\"logo\":{\"@type\":\"ImageObject\",\"inLanguage\":\"de\",\"@id\":\"https:\\\/\\\/www.haekelfieber.de\\\/wp-blog\\\/#\\\/schema\\\/logo\\\/image\\\/\",\"url\":\"https:\\\/\\\/www.haekelfieber.de\\\/wp-blog\\\/wp-content\\\/uploads\\\/2023\\\/03\\\/kissen-haekeln2.jpg\",\"contentUrl\":\"https:\\\/\\\/www.haekelfieber.de\\\/wp-blog\\\/wp-content\\\/uploads\\\/2023\\\/03\\\/kissen-haekeln2.jpg\",\"width\":683,\"height\":1024,\"caption\":\"H\u00e4kelfieber\"},\"image\":{\"@id\":\"https:\\\/\\\/www.haekelfieber.de\\\/wp-blog\\\/#\\\/schema\\\/logo\\\/image\\\/\"}},{\"@type\":\"Person\",\"@id\":\"https:\\\/\\\/www.haekelfieber.de\\\/wp-blog\\\/#\\\/schema\\\/person\\\/08b81f8e0d3480519aadc66881dee8d7\",\"name\":\"Jutta\",\"image\":{\"@type\":\"ImageObject\",\"inLanguage\":\"de\",\"@id\":\"https:\\\/\\\/secure.gravatar.com\\\/avatar\\\/4fb96a09981d3eab52fd94765c38a5395ca69a563a8cd98c172ef85375636d9d?s=96&d=mm&r=g\",\"url\":\"https:\\\/\\\/secure.gravatar.com\\\/avatar\\\/4fb96a09981d3eab52fd94765c38a5395ca69a563a8cd98c172ef85375636d9d?s=96&d=mm&r=g\",\"contentUrl\":\"https:\\\/\\\/secure.gravatar.com\\\/avatar\\\/4fb96a09981d3eab52fd94765c38a5395ca69a563a8cd98c172ef85375636d9d?s=96&d=mm&r=g\",\"caption\":\"Jutta\"},\"url\":\"https:\\\/\\\/www.haekelfieber.de\\\/wp-blog\\\/author\\\/admin\\\/\"}]}<\/script>\n<!-- \/ Yoast SEO plugin. -->","yoast_head_json":{"title":"Ich wollte einen ganz normalen Schal h\u00e4keln, aber... - H\u00e4kelfieber","robots":{"index":"index","follow":"follow","max-snippet":"max-snippet:-1","max-image-preview":"max-image-preview:large","max-video-preview":"max-video-preview:-1"},"canonical":"https:\/\/www.haekelfieber.de\/wp-blog\/2014\/12\/ich-wollte-einen-ganz-normalen-schal-haekeln-aber\/","og_locale":"de_DE","og_type":"article","og_title":"Ich wollte einen ganz normalen Schal h\u00e4keln, aber... - H\u00e4kelfieber","og_description":"&#8230;die Farben sind mit mir durchgegangen. Nach 30cm sch\u00f6nem, geh\u00e4kelten Hahnentrittmuster mit softweicher Wolle (70% Alpaka, 30% Seide) in gedeckten Farben, setzte sich ein Begriff bei mir im Oberst\u00fcbchen fest: &#8222;Nett&#8220;. &#8222;Nett&#8220; verhei\u00dft nichts Gutes. H\u00e4kelstop! &#8222;Nett&#8220; ist die kleine Schwester von (vorab entschuldige ich mich f\u00fcr folgenden Begriff, muss sein! \ud83d\ude42 ) &#8222;Schei\u00dfe&#8220;. Habe &hellip; Ich wollte einen ganz normalen Schal h\u00e4keln, aber&#8230; weiterlesen &rarr;","og_url":"https:\/\/www.haekelfieber.de\/wp-blog\/2014\/12\/ich-wollte-einen-ganz-normalen-schal-haekeln-aber\/","og_site_name":"H\u00e4kelfieber","article_published_time":"2014-12-30T15:24:44+00:00","og_image":[{"url":"https:\/\/www.haekelfieber.de\/wp-blog\/wp-content\/uploads\/2014\/12\/Schal-h\u00e4keln-4-450x600.jpg","type":"","width":"","height":""}],"author":"Jutta","twitter_misc":{"Verfasst von":"Jutta","Gesch\u00e4tzte Lesezeit":"2\u00a0Minuten"},"schema":{"@context":"https:\/\/schema.org","@graph":[{"@type":"Article","@id":"https:\/\/www.haekelfieber.de\/wp-blog\/2014\/12\/ich-wollte-einen-ganz-normalen-schal-haekeln-aber\/#article","isPartOf":{"@id":"https:\/\/www.haekelfieber.de\/wp-blog\/2014\/12\/ich-wollte-einen-ganz-normalen-schal-haekeln-aber\/"},"author":{"name":"Jutta","@id":"https:\/\/www.haekelfieber.de\/wp-blog\/#\/schema\/person\/08b81f8e0d3480519aadc66881dee8d7"},"headline":"Ich wollte einen ganz normalen Schal h\u00e4keln, aber&#8230;","datePublished":"2014-12-30T15:24:44+00:00","mainEntityOfPage":{"@id":"https:\/\/www.haekelfieber.de\/wp-blog\/2014\/12\/ich-wollte-einen-ganz-normalen-schal-haekeln-aber\/"},"wordCount":350,"commentCount":2,"publisher":{"@id":"https:\/\/www.haekelfieber.de\/wp-blog\/#organization"},"image":{"@id":"https:\/\/www.haekelfieber.de\/wp-blog\/2014\/12\/ich-wollte-einen-ganz-normalen-schal-haekeln-aber\/#primaryimage"},"thumbnailUrl":"https:\/\/www.haekelfieber.de\/wp-blog\/wp-content\/uploads\/2014\/12\/2014-12-28-16.34.26-225x300.jpg","articleSection":["H\u00e4keln"],"inLanguage":"de","potentialAction":[{"@type":"CommentAction","name":"Comment","target":["https:\/\/www.haekelfieber.de\/wp-blog\/2014\/12\/ich-wollte-einen-ganz-normalen-schal-haekeln-aber\/#respond"]}]},{"@type":"WebPage","@id":"https:\/\/www.haekelfieber.de\/wp-blog\/2014\/12\/ich-wollte-einen-ganz-normalen-schal-haekeln-aber\/","url":"https:\/\/www.haekelfieber.de\/wp-blog\/2014\/12\/ich-wollte-einen-ganz-normalen-schal-haekeln-aber\/","name":"Ich wollte einen ganz normalen Schal h\u00e4keln, aber... - H\u00e4kelfieber","isPartOf":{"@id":"https:\/\/www.haekelfieber.de\/wp-blog\/#website"},"primaryImageOfPage":{"@id":"https:\/\/www.haekelfieber.de\/wp-blog\/2014\/12\/ich-wollte-einen-ganz-normalen-schal-haekeln-aber\/#primaryimage"},"image":{"@id":"https:\/\/www.haekelfieber.de\/wp-blog\/2014\/12\/ich-wollte-einen-ganz-normalen-schal-haekeln-aber\/#primaryimage"},"thumbnailUrl":"https:\/\/www.haekelfieber.de\/wp-blog\/wp-content\/uploads\/2014\/12\/2014-12-28-16.34.26-225x300.jpg","datePublished":"2014-12-30T15:24:44+00:00","breadcrumb":{"@id":"https:\/\/www.haekelfieber.de\/wp-blog\/2014\/12\/ich-wollte-einen-ganz-normalen-schal-haekeln-aber\/#breadcrumb"},"inLanguage":"de","potentialAction":[{"@type":"ReadAction","target":["https:\/\/www.haekelfieber.de\/wp-blog\/2014\/12\/ich-wollte-einen-ganz-normalen-schal-haekeln-aber\/"]}]},{"@type":"ImageObject","inLanguage":"de","@id":"https:\/\/www.haekelfieber.de\/wp-blog\/2014\/12\/ich-wollte-einen-ganz-normalen-schal-haekeln-aber\/#primaryimage","url":"https:\/\/www.haekelfieber.de\/wp-blog\/wp-content\/uploads\/2014\/12\/2014-12-28-16.34.26.jpg","contentUrl":"https:\/\/www.haekelfieber.de\/wp-blog\/wp-content\/uploads\/2014\/12\/2014-12-28-16.34.26.jpg","width":600,"height":800},{"@type":"BreadcrumbList","@id":"https:\/\/www.haekelfieber.de\/wp-blog\/2014\/12\/ich-wollte-einen-ganz-normalen-schal-haekeln-aber\/#breadcrumb","itemListElement":[{"@type":"ListItem","position":1,"name":"Home","item":"https:\/\/www.haekelfieber.de\/wp-blog\/"},{"@type":"ListItem","position":2,"name":"Ich wollte einen ganz normalen Schal h\u00e4keln, aber&#8230;"}]},{"@type":"WebSite","@id":"https:\/\/www.haekelfieber.de\/wp-blog\/#website","url":"https:\/\/www.haekelfieber.de\/wp-blog\/","name":"H\u00e4kelfieber","description":"Ich bin im...","publisher":{"@id":"https:\/\/www.haekelfieber.de\/wp-blog\/#organization"},"potentialAction":[{"@type":"SearchAction","target":{"@type":"EntryPoint","urlTemplate":"https:\/\/www.haekelfieber.de\/wp-blog\/?s={search_term_string}"},"query-input":{"@type":"PropertyValueSpecification","valueRequired":true,"valueName":"search_term_string"}}],"inLanguage":"de"},{"@type":"Organization","@id":"https:\/\/www.haekelfieber.de\/wp-blog\/#organization","name":"H\u00e4kelfieber","url":"https:\/\/www.haekelfieber.de\/wp-blog\/","logo":{"@type":"ImageObject","inLanguage":"de","@id":"https:\/\/www.haekelfieber.de\/wp-blog\/#\/schema\/logo\/image\/","url":"https:\/\/www.haekelfieber.de\/wp-blog\/wp-content\/uploads\/2023\/03\/kissen-haekeln2.jpg","contentUrl":"https:\/\/www.haekelfieber.de\/wp-blog\/wp-content\/uploads\/2023\/03\/kissen-haekeln2.jpg","width":683,"height":1024,"caption":"H\u00e4kelfieber"},"image":{"@id":"https:\/\/www.haekelfieber.de\/wp-blog\/#\/schema\/logo\/image\/"}},{"@type":"Person","@id":"https:\/\/www.haekelfieber.de\/wp-blog\/#\/schema\/person\/08b81f8e0d3480519aadc66881dee8d7","name":"Jutta","image":{"@type":"ImageObject","inLanguage":"de","@id":"https:\/\/secure.gravatar.com\/avatar\/4fb96a09981d3eab52fd94765c38a5395ca69a563a8cd98c172ef85375636d9d?s=96&d=mm&r=g","url":"https:\/\/secure.gravatar.com\/avatar\/4fb96a09981d3eab52fd94765c38a5395ca69a563a8cd98c172ef85375636d9d?s=96&d=mm&r=g","contentUrl":"https:\/\/secure.gravatar.com\/avatar\/4fb96a09981d3eab52fd94765c38a5395ca69a563a8cd98c172ef85375636d9d?s=96&d=mm&r=g","caption":"Jutta"},"url":"https:\/\/www.haekelfieber.de\/wp-blog\/author\/admin\/"}]}},"_links":{"self":[{"href":"https:\/\/www.haekelfieber.de\/wp-blog\/wp-json\/wp\/v2\/posts\/1595","targetHints":{"allow":["GET"]}}],"collection":[{"href":"https:\/\/www.haekelfieber.de\/wp-blog\/wp-json\/wp\/v2\/posts"}],"about":[{"href":"https:\/\/www.haekelfieber.de\/wp-blog\/wp-json\/wp\/v2\/types\/post"}],"author":[{"embeddable":true,"href":"https:\/\/www.haekelfieber.de\/wp-blog\/wp-json\/wp\/v2\/users\/1"}],"replies":[{"embeddable":true,"href":"https:\/\/www.haekelfieber.de\/wp-blog\/wp-json\/wp\/v2\/comments?post=1595"}],"version-history":[{"count":1,"href":"https:\/\/www.haekelfieber.de\/wp-blog\/wp-json\/wp\/v2\/posts\/1595\/revisions"}],"predecessor-version":[{"id":1596,"href":"https:\/\/www.haekelfieber.de\/wp-blog\/wp-json\/wp\/v2\/posts\/1595\/revisions\/1596"}],"wp:attachment":[{"href":"https:\/\/www.haekelfieber.de\/wp-blog\/wp-json\/wp\/v2\/media?parent=1595"}],"wp:term":[{"taxonomy":"category","embeddable":true,"href":"https:\/\/www.haekelfieber.de\/wp-blog\/wp-json\/wp\/v2\/categories?post=1595"},{"taxonomy":"post_tag","embeddable":true,"href":"https:\/\/www.haekelfieber.de\/wp-blog\/wp-json\/wp\/v2\/tags?post=1595"}],"curies":[{"name":"wp","href":"https:\/\/api.w.org\/{rel}","templated":true}]}}