{"id":16540,"date":"2026-03-15T13:11:18","date_gmt":"2026-03-15T12:11:18","guid":{"rendered":"https:\/\/www.haekelfieber.de\/wp-blog\/?p=16540"},"modified":"2026-03-15T13:11:49","modified_gmt":"2026-03-15T12:11:49","slug":"perlnicki-und-andere-einsichten","status":"publish","type":"post","link":"https:\/\/www.haekelfieber.de\/wp-blog\/2026\/03\/perlnicki-und-andere-einsichten\/","title":{"rendered":"Perlnicki und andere Einsichten"},"content":{"rendered":"\n<p>Na toll! Sa\u00df ich grad noch mit meiner morgentlichen Tasse Kaffee so voller mitteilungsbed\u00fcrftiger Gedanken da &#8211; schwups &#8211; jetzt wo ich sie in die Tasten kloppen will, haben sie sich verd\u00fcnnisiert.\u00a0<br \/>Mache mich auf die Suche, wie ein Perlentaucher-Sternchen-innen-Scherz. Apropos: hab so kleine, feine Perlnickit\u00fccher gestrickt. Ausgehend von der Spitze, wird immer am Reihenanfang und -ende eine Masche zugenommen. Gestartet mit vier, entwickelt sich ein nettes T\u00fcchlein, das sich in der \u00dcbergangszeit leicht um den Hals schlingt und zart w\u00e4rmt. Gesehen bei der Orientbayerin auf Youtube.<br \/>Mein Blick schweift aus dem Fenster, die Welt wird heller &#8211; medial dunkler. Irre. Der ganze Zugang da drau\u00dfen. Hier ne Bombe, da ne Detonation, hier Hass, dort Hass&#8230;<br \/>Im Krieg stirbt die Wahrheit zuerst, alles ist im Nebel. Zur\u00fcckblickend in die Historie der vergangenen Schlachten zeigt sich, dass es nie um Menschlichkeit, immer um Machterhalt und Geld ging. Geld regiert bis jetzt die Welt.<br \/>Der Bill, also der Gr\u00fcnder eines Computerbetriebssystems, welcher in Anfangscoronazeiten in der Tagesschau seine lukrativen Impfempfehlungen rauslabern durfte, hat wieder ein Bereicherungsprojekt am Start: Er warnt vor einer Grippe, welche abermillionen Tote fordern werde. In was hat er denn nun wieder investiert, der Kumpel vom Epstein. Mit willf\u00e4hrigen medialen Helferlein muss er die bl\u00f6ckende Masse schon mal in Aufruhr versetzen. Angst ist das beste Verkaufsargument. Damit wirst du jeden Schei\u00df los.\u00a0<br \/>Ein letztes Relikt aus alten Tagen, die seit Jahren ungenutzte Satelitensch\u00fcssel ist von unserem Dach geholt worden. Der \u00d6ffentlich-(Un)rechtliche-Rundfunk findet in unserem Haushalt nicht mehr statt.\u00a0<br \/>Wollte gern die Sch\u00fcssel als Vogeltr\u00e4nke nutzen, ging leider nicht, zwecks Schraubenloch in der Mitte.\u00a0 Ist verschrottet worden &#8211; gut so. Der Schei\u00df kann wech.\u00a0<br \/>Es lebt sich so sch\u00f6n ruhig, wenn kein Radioger\u00e4t im Hintergrund dudelt und kein Fernsehger\u00e4t das Wohnzimmer verschandelt. Ich kann es euch w\u00e4rmstens empfehlen. Wenn der Ausstieg geschafft ist, will man nie mehr dahin zur\u00fcck &#8211; also ich zumindestens.<br \/>Es gibt ja die neuen Medien (Kontrafunk, Tichys Einblick&#8230;) welche man sich wohldosiert zuf\u00fchren kann, zwecks neutraler und guter journalistischer Information.\u00a0<br \/>Habt einen sch\u00f6nen Sonntag mit lieben Menschen, oder in der Natur, oder mit euren Handarbeitsprojekten! \ud83d\ude42<br \/><br \/><br \/><br \/>\u00a0\u00a0<\/p>\n\n\n\n<figure class=\"wp-block-image size-full\"><img loading=\"lazy\" decoding=\"async\" width=\"660\" height=\"1024\" src=\"https:\/\/www.haekelfieber.de\/wp-blog\/wp-content\/uploads\/2026\/03\/tuch-stricken1.jpg\" alt=\"\" class=\"wp-image-16542\" srcset=\"https:\/\/www.haekelfieber.de\/wp-blog\/wp-content\/uploads\/2026\/03\/tuch-stricken1.jpg 660w, https:\/\/www.haekelfieber.de\/wp-blog\/wp-content\/uploads\/2026\/03\/tuch-stricken1-193x300.jpg 193w, https:\/\/www.haekelfieber.de\/wp-blog\/wp-content\/uploads\/2026\/03\/tuch-stricken1-387x600.jpg 387w\" sizes=\"auto, (max-width: 660px) 100vw, 660px\" \/><\/figure>\n\n\n\n<p><br \/><br \/><\/p>\n\n\n\n<figure class=\"wp-block-image size-full\"><img loading=\"lazy\" decoding=\"async\" width=\"648\" height=\"1024\" src=\"https:\/\/www.haekelfieber.de\/wp-blog\/wp-content\/uploads\/2026\/03\/tuch-stricken3.jpg\" alt=\"\" class=\"wp-image-16544\" srcset=\"https:\/\/www.haekelfieber.de\/wp-blog\/wp-content\/uploads\/2026\/03\/tuch-stricken3.jpg 648w, https:\/\/www.haekelfieber.de\/wp-blog\/wp-content\/uploads\/2026\/03\/tuch-stricken3-190x300.jpg 190w, https:\/\/www.haekelfieber.de\/wp-blog\/wp-content\/uploads\/2026\/03\/tuch-stricken3-380x600.jpg 380w\" sizes=\"auto, (max-width: 648px) 100vw, 648px\" \/><\/figure>\n\n\n\n<p><br \/><br \/><\/p>\n\n\n\n<figure class=\"wp-block-image size-full\"><img loading=\"lazy\" decoding=\"async\" width=\"683\" height=\"1024\" src=\"https:\/\/www.haekelfieber.de\/wp-blog\/wp-content\/uploads\/2026\/03\/tuch-stricken2.jpg\" alt=\"\" class=\"wp-image-16543\" srcset=\"https:\/\/www.haekelfieber.de\/wp-blog\/wp-content\/uploads\/2026\/03\/tuch-stricken2.jpg 683w, https:\/\/www.haekelfieber.de\/wp-blog\/wp-content\/uploads\/2026\/03\/tuch-stricken2-200x300.jpg 200w, https:\/\/www.haekelfieber.de\/wp-blog\/wp-content\/uploads\/2026\/03\/tuch-stricken2-400x600.jpg 400w\" sizes=\"auto, (max-width: 683px) 100vw, 683px\" \/><\/figure>\n\n\n","protected":false},"excerpt":{"rendered":"<p>Na toll! Sa\u00df ich grad noch mit meiner morgentlichen Tasse Kaffee so voller mitteilungsbed\u00fcrftiger Gedanken da &#8211; schwups &#8211; jetzt wo ich sie in die Tasten kloppen will, haben sie sich verd\u00fcnnisiert.\u00a0Mache mich auf die Suche, wie ein Perlentaucher-Sternchen-innen-Scherz. Apropos: hab so kleine, feine Perlnickit\u00fccher gestrickt. Ausgehend von der Spitze, wird immer am Reihenanfang und &hellip; <a href=\"https:\/\/www.haekelfieber.de\/wp-blog\/2026\/03\/perlnicki-und-andere-einsichten\/\" class=\"more-link\"><span class=\"screen-reader-text\">Perlnicki und andere Einsichten<\/span> weiterlesen <span class=\"meta-nav\">&rarr;<\/span><\/a><\/p>\n","protected":false},"author":1,"featured_media":0,"comment_status":"open","ping_status":"open","sticky":false,"template":"","format":"standard","meta":{"footnotes":""},"categories":[1,17],"tags":[],"class_list":["post-16540","post","type-post","status-publish","format-standard","hentry","category-manch-anderes","category-stricken"],"yoast_head":"<!-- This site is optimized with the Yoast SEO plugin v27.5 - https:\/\/yoast.com\/product\/yoast-seo-wordpress\/ -->\n<title>Perlnicki und andere Einsichten - H\u00e4kelfieber<\/title>\n<meta name=\"robots\" content=\"index, follow, max-snippet:-1, max-image-preview:large, max-video-preview:-1\" \/>\n<link rel=\"canonical\" href=\"https:\/\/www.haekelfieber.de\/wp-blog\/2026\/03\/perlnicki-und-andere-einsichten\/\" \/>\n<meta property=\"og:locale\" content=\"de_DE\" \/>\n<meta property=\"og:type\" content=\"article\" \/>\n<meta property=\"og:title\" content=\"Perlnicki und andere Einsichten - H\u00e4kelfieber\" \/>\n<meta property=\"og:description\" content=\"Na toll! Sa\u00df ich grad noch mit meiner morgentlichen Tasse Kaffee so voller mitteilungsbed\u00fcrftiger Gedanken da &#8211; schwups &#8211; jetzt wo ich sie in die Tasten kloppen will, haben sie sich verd\u00fcnnisiert.\u00a0Mache mich auf die Suche, wie ein Perlentaucher-Sternchen-innen-Scherz. Apropos: hab so kleine, feine Perlnickit\u00fccher gestrickt. Ausgehend von der Spitze, wird immer am Reihenanfang und &hellip; Perlnicki und andere Einsichten weiterlesen &rarr;\" \/>\n<meta property=\"og:url\" content=\"https:\/\/www.haekelfieber.de\/wp-blog\/2026\/03\/perlnicki-und-andere-einsichten\/\" \/>\n<meta property=\"og:site_name\" content=\"H\u00e4kelfieber\" \/>\n<meta property=\"article:published_time\" content=\"2026-03-15T12:11:18+00:00\" \/>\n<meta property=\"article:modified_time\" content=\"2026-03-15T12:11:49+00:00\" \/>\n<meta property=\"og:image\" content=\"https:\/\/www.haekelfieber.de\/wp-blog\/wp-content\/uploads\/2026\/03\/tuch-stricken1.jpg\" \/>\n\t<meta property=\"og:image:width\" content=\"660\" \/>\n\t<meta property=\"og:image:height\" content=\"1024\" \/>\n\t<meta property=\"og:image:type\" content=\"image\/jpeg\" \/>\n<meta name=\"author\" content=\"Jutta\" \/>\n<meta name=\"twitter:label1\" content=\"Verfasst von\" \/>\n\t<meta name=\"twitter:data1\" content=\"Jutta\" \/>\n\t<meta name=\"twitter:label2\" content=\"Gesch\u00e4tzte Lesezeit\" \/>\n\t<meta name=\"twitter:data2\" content=\"3\u00a0Minuten\" \/>\n<script type=\"application\/ld+json\" class=\"yoast-schema-graph\">{\"@context\":\"https:\\\/\\\/schema.org\",\"@graph\":[{\"@type\":\"Article\",\"@id\":\"https:\\\/\\\/www.haekelfieber.de\\\/wp-blog\\\/2026\\\/03\\\/perlnicki-und-andere-einsichten\\\/#article\",\"isPartOf\":{\"@id\":\"https:\\\/\\\/www.haekelfieber.de\\\/wp-blog\\\/2026\\\/03\\\/perlnicki-und-andere-einsichten\\\/\"},\"author\":{\"name\":\"Jutta\",\"@id\":\"https:\\\/\\\/www.haekelfieber.de\\\/wp-blog\\\/#\\\/schema\\\/person\\\/08b81f8e0d3480519aadc66881dee8d7\"},\"headline\":\"Perlnicki und andere Einsichten\",\"datePublished\":\"2026-03-15T12:11:18+00:00\",\"dateModified\":\"2026-03-15T12:11:49+00:00\",\"mainEntityOfPage\":{\"@id\":\"https:\\\/\\\/www.haekelfieber.de\\\/wp-blog\\\/2026\\\/03\\\/perlnicki-und-andere-einsichten\\\/\"},\"wordCount\":375,\"commentCount\":4,\"publisher\":{\"@id\":\"https:\\\/\\\/www.haekelfieber.de\\\/wp-blog\\\/#organization\"},\"image\":{\"@id\":\"https:\\\/\\\/www.haekelfieber.de\\\/wp-blog\\\/2026\\\/03\\\/perlnicki-und-andere-einsichten\\\/#primaryimage\"},\"thumbnailUrl\":\"https:\\\/\\\/www.haekelfieber.de\\\/wp-blog\\\/wp-content\\\/uploads\\\/2026\\\/03\\\/tuch-stricken1.jpg\",\"articleSection\":[\"Manch anderes\",\"Stricken\"],\"inLanguage\":\"de\",\"potentialAction\":[{\"@type\":\"CommentAction\",\"name\":\"Comment\",\"target\":[\"https:\\\/\\\/www.haekelfieber.de\\\/wp-blog\\\/2026\\\/03\\\/perlnicki-und-andere-einsichten\\\/#respond\"]}]},{\"@type\":\"WebPage\",\"@id\":\"https:\\\/\\\/www.haekelfieber.de\\\/wp-blog\\\/2026\\\/03\\\/perlnicki-und-andere-einsichten\\\/\",\"url\":\"https:\\\/\\\/www.haekelfieber.de\\\/wp-blog\\\/2026\\\/03\\\/perlnicki-und-andere-einsichten\\\/\",\"name\":\"Perlnicki und andere Einsichten - H\u00e4kelfieber\",\"isPartOf\":{\"@id\":\"https:\\\/\\\/www.haekelfieber.de\\\/wp-blog\\\/#website\"},\"primaryImageOfPage\":{\"@id\":\"https:\\\/\\\/www.haekelfieber.de\\\/wp-blog\\\/2026\\\/03\\\/perlnicki-und-andere-einsichten\\\/#primaryimage\"},\"image\":{\"@id\":\"https:\\\/\\\/www.haekelfieber.de\\\/wp-blog\\\/2026\\\/03\\\/perlnicki-und-andere-einsichten\\\/#primaryimage\"},\"thumbnailUrl\":\"https:\\\/\\\/www.haekelfieber.de\\\/wp-blog\\\/wp-content\\\/uploads\\\/2026\\\/03\\\/tuch-stricken1.jpg\",\"datePublished\":\"2026-03-15T12:11:18+00:00\",\"dateModified\":\"2026-03-15T12:11:49+00:00\",\"breadcrumb\":{\"@id\":\"https:\\\/\\\/www.haekelfieber.de\\\/wp-blog\\\/2026\\\/03\\\/perlnicki-und-andere-einsichten\\\/#breadcrumb\"},\"inLanguage\":\"de\",\"potentialAction\":[{\"@type\":\"ReadAction\",\"target\":[\"https:\\\/\\\/www.haekelfieber.de\\\/wp-blog\\\/2026\\\/03\\\/perlnicki-und-andere-einsichten\\\/\"]}]},{\"@type\":\"ImageObject\",\"inLanguage\":\"de\",\"@id\":\"https:\\\/\\\/www.haekelfieber.de\\\/wp-blog\\\/2026\\\/03\\\/perlnicki-und-andere-einsichten\\\/#primaryimage\",\"url\":\"https:\\\/\\\/www.haekelfieber.de\\\/wp-blog\\\/wp-content\\\/uploads\\\/2026\\\/03\\\/tuch-stricken1.jpg\",\"contentUrl\":\"https:\\\/\\\/www.haekelfieber.de\\\/wp-blog\\\/wp-content\\\/uploads\\\/2026\\\/03\\\/tuch-stricken1.jpg\",\"width\":660,\"height\":1024},{\"@type\":\"BreadcrumbList\",\"@id\":\"https:\\\/\\\/www.haekelfieber.de\\\/wp-blog\\\/2026\\\/03\\\/perlnicki-und-andere-einsichten\\\/#breadcrumb\",\"itemListElement\":[{\"@type\":\"ListItem\",\"position\":1,\"name\":\"Home\",\"item\":\"https:\\\/\\\/www.haekelfieber.de\\\/wp-blog\\\/\"},{\"@type\":\"ListItem\",\"position\":2,\"name\":\"Perlnicki und andere Einsichten\"}]},{\"@type\":\"WebSite\",\"@id\":\"https:\\\/\\\/www.haekelfieber.de\\\/wp-blog\\\/#website\",\"url\":\"https:\\\/\\\/www.haekelfieber.de\\\/wp-blog\\\/\",\"name\":\"H\u00e4kelfieber\",\"description\":\"Ich bin im...\",\"publisher\":{\"@id\":\"https:\\\/\\\/www.haekelfieber.de\\\/wp-blog\\\/#organization\"},\"potentialAction\":[{\"@type\":\"SearchAction\",\"target\":{\"@type\":\"EntryPoint\",\"urlTemplate\":\"https:\\\/\\\/www.haekelfieber.de\\\/wp-blog\\\/?s={search_term_string}\"},\"query-input\":{\"@type\":\"PropertyValueSpecification\",\"valueRequired\":true,\"valueName\":\"search_term_string\"}}],\"inLanguage\":\"de\"},{\"@type\":\"Organization\",\"@id\":\"https:\\\/\\\/www.haekelfieber.de\\\/wp-blog\\\/#organization\",\"name\":\"H\u00e4kelfieber\",\"url\":\"https:\\\/\\\/www.haekelfieber.de\\\/wp-blog\\\/\",\"logo\":{\"@type\":\"ImageObject\",\"inLanguage\":\"de\",\"@id\":\"https:\\\/\\\/www.haekelfieber.de\\\/wp-blog\\\/#\\\/schema\\\/logo\\\/image\\\/\",\"url\":\"https:\\\/\\\/www.haekelfieber.de\\\/wp-blog\\\/wp-content\\\/uploads\\\/2023\\\/03\\\/kissen-haekeln2.jpg\",\"contentUrl\":\"https:\\\/\\\/www.haekelfieber.de\\\/wp-blog\\\/wp-content\\\/uploads\\\/2023\\\/03\\\/kissen-haekeln2.jpg\",\"width\":683,\"height\":1024,\"caption\":\"H\u00e4kelfieber\"},\"image\":{\"@id\":\"https:\\\/\\\/www.haekelfieber.de\\\/wp-blog\\\/#\\\/schema\\\/logo\\\/image\\\/\"}},{\"@type\":\"Person\",\"@id\":\"https:\\\/\\\/www.haekelfieber.de\\\/wp-blog\\\/#\\\/schema\\\/person\\\/08b81f8e0d3480519aadc66881dee8d7\",\"name\":\"Jutta\",\"image\":{\"@type\":\"ImageObject\",\"inLanguage\":\"de\",\"@id\":\"https:\\\/\\\/secure.gravatar.com\\\/avatar\\\/4fb96a09981d3eab52fd94765c38a5395ca69a563a8cd98c172ef85375636d9d?s=96&d=mm&r=g\",\"url\":\"https:\\\/\\\/secure.gravatar.com\\\/avatar\\\/4fb96a09981d3eab52fd94765c38a5395ca69a563a8cd98c172ef85375636d9d?s=96&d=mm&r=g\",\"contentUrl\":\"https:\\\/\\\/secure.gravatar.com\\\/avatar\\\/4fb96a09981d3eab52fd94765c38a5395ca69a563a8cd98c172ef85375636d9d?s=96&d=mm&r=g\",\"caption\":\"Jutta\"},\"url\":\"https:\\\/\\\/www.haekelfieber.de\\\/wp-blog\\\/author\\\/admin\\\/\"}]}<\/script>\n<!-- \/ Yoast SEO plugin. -->","yoast_head_json":{"title":"Perlnicki und andere Einsichten - H\u00e4kelfieber","robots":{"index":"index","follow":"follow","max-snippet":"max-snippet:-1","max-image-preview":"max-image-preview:large","max-video-preview":"max-video-preview:-1"},"canonical":"https:\/\/www.haekelfieber.de\/wp-blog\/2026\/03\/perlnicki-und-andere-einsichten\/","og_locale":"de_DE","og_type":"article","og_title":"Perlnicki und andere Einsichten - H\u00e4kelfieber","og_description":"Na toll! Sa\u00df ich grad noch mit meiner morgentlichen Tasse Kaffee so voller mitteilungsbed\u00fcrftiger Gedanken da &#8211; schwups &#8211; jetzt wo ich sie in die Tasten kloppen will, haben sie sich verd\u00fcnnisiert.\u00a0Mache mich auf die Suche, wie ein Perlentaucher-Sternchen-innen-Scherz. Apropos: hab so kleine, feine Perlnickit\u00fccher gestrickt. Ausgehend von der Spitze, wird immer am Reihenanfang und &hellip; Perlnicki und andere Einsichten weiterlesen &rarr;","og_url":"https:\/\/www.haekelfieber.de\/wp-blog\/2026\/03\/perlnicki-und-andere-einsichten\/","og_site_name":"H\u00e4kelfieber","article_published_time":"2026-03-15T12:11:18+00:00","article_modified_time":"2026-03-15T12:11:49+00:00","og_image":[{"width":660,"height":1024,"url":"https:\/\/www.haekelfieber.de\/wp-blog\/wp-content\/uploads\/2026\/03\/tuch-stricken1.jpg","type":"image\/jpeg"}],"author":"Jutta","twitter_misc":{"Verfasst von":"Jutta","Gesch\u00e4tzte Lesezeit":"3\u00a0Minuten"},"schema":{"@context":"https:\/\/schema.org","@graph":[{"@type":"Article","@id":"https:\/\/www.haekelfieber.de\/wp-blog\/2026\/03\/perlnicki-und-andere-einsichten\/#article","isPartOf":{"@id":"https:\/\/www.haekelfieber.de\/wp-blog\/2026\/03\/perlnicki-und-andere-einsichten\/"},"author":{"name":"Jutta","@id":"https:\/\/www.haekelfieber.de\/wp-blog\/#\/schema\/person\/08b81f8e0d3480519aadc66881dee8d7"},"headline":"Perlnicki und andere Einsichten","datePublished":"2026-03-15T12:11:18+00:00","dateModified":"2026-03-15T12:11:49+00:00","mainEntityOfPage":{"@id":"https:\/\/www.haekelfieber.de\/wp-blog\/2026\/03\/perlnicki-und-andere-einsichten\/"},"wordCount":375,"commentCount":4,"publisher":{"@id":"https:\/\/www.haekelfieber.de\/wp-blog\/#organization"},"image":{"@id":"https:\/\/www.haekelfieber.de\/wp-blog\/2026\/03\/perlnicki-und-andere-einsichten\/#primaryimage"},"thumbnailUrl":"https:\/\/www.haekelfieber.de\/wp-blog\/wp-content\/uploads\/2026\/03\/tuch-stricken1.jpg","articleSection":["Manch anderes","Stricken"],"inLanguage":"de","potentialAction":[{"@type":"CommentAction","name":"Comment","target":["https:\/\/www.haekelfieber.de\/wp-blog\/2026\/03\/perlnicki-und-andere-einsichten\/#respond"]}]},{"@type":"WebPage","@id":"https:\/\/www.haekelfieber.de\/wp-blog\/2026\/03\/perlnicki-und-andere-einsichten\/","url":"https:\/\/www.haekelfieber.de\/wp-blog\/2026\/03\/perlnicki-und-andere-einsichten\/","name":"Perlnicki und andere Einsichten - H\u00e4kelfieber","isPartOf":{"@id":"https:\/\/www.haekelfieber.de\/wp-blog\/#website"},"primaryImageOfPage":{"@id":"https:\/\/www.haekelfieber.de\/wp-blog\/2026\/03\/perlnicki-und-andere-einsichten\/#primaryimage"},"image":{"@id":"https:\/\/www.haekelfieber.de\/wp-blog\/2026\/03\/perlnicki-und-andere-einsichten\/#primaryimage"},"thumbnailUrl":"https:\/\/www.haekelfieber.de\/wp-blog\/wp-content\/uploads\/2026\/03\/tuch-stricken1.jpg","datePublished":"2026-03-15T12:11:18+00:00","dateModified":"2026-03-15T12:11:49+00:00","breadcrumb":{"@id":"https:\/\/www.haekelfieber.de\/wp-blog\/2026\/03\/perlnicki-und-andere-einsichten\/#breadcrumb"},"inLanguage":"de","potentialAction":[{"@type":"ReadAction","target":["https:\/\/www.haekelfieber.de\/wp-blog\/2026\/03\/perlnicki-und-andere-einsichten\/"]}]},{"@type":"ImageObject","inLanguage":"de","@id":"https:\/\/www.haekelfieber.de\/wp-blog\/2026\/03\/perlnicki-und-andere-einsichten\/#primaryimage","url":"https:\/\/www.haekelfieber.de\/wp-blog\/wp-content\/uploads\/2026\/03\/tuch-stricken1.jpg","contentUrl":"https:\/\/www.haekelfieber.de\/wp-blog\/wp-content\/uploads\/2026\/03\/tuch-stricken1.jpg","width":660,"height":1024},{"@type":"BreadcrumbList","@id":"https:\/\/www.haekelfieber.de\/wp-blog\/2026\/03\/perlnicki-und-andere-einsichten\/#breadcrumb","itemListElement":[{"@type":"ListItem","position":1,"name":"Home","item":"https:\/\/www.haekelfieber.de\/wp-blog\/"},{"@type":"ListItem","position":2,"name":"Perlnicki und andere Einsichten"}]},{"@type":"WebSite","@id":"https:\/\/www.haekelfieber.de\/wp-blog\/#website","url":"https:\/\/www.haekelfieber.de\/wp-blog\/","name":"H\u00e4kelfieber","description":"Ich bin im...","publisher":{"@id":"https:\/\/www.haekelfieber.de\/wp-blog\/#organization"},"potentialAction":[{"@type":"SearchAction","target":{"@type":"EntryPoint","urlTemplate":"https:\/\/www.haekelfieber.de\/wp-blog\/?s={search_term_string}"},"query-input":{"@type":"PropertyValueSpecification","valueRequired":true,"valueName":"search_term_string"}}],"inLanguage":"de"},{"@type":"Organization","@id":"https:\/\/www.haekelfieber.de\/wp-blog\/#organization","name":"H\u00e4kelfieber","url":"https:\/\/www.haekelfieber.de\/wp-blog\/","logo":{"@type":"ImageObject","inLanguage":"de","@id":"https:\/\/www.haekelfieber.de\/wp-blog\/#\/schema\/logo\/image\/","url":"https:\/\/www.haekelfieber.de\/wp-blog\/wp-content\/uploads\/2023\/03\/kissen-haekeln2.jpg","contentUrl":"https:\/\/www.haekelfieber.de\/wp-blog\/wp-content\/uploads\/2023\/03\/kissen-haekeln2.jpg","width":683,"height":1024,"caption":"H\u00e4kelfieber"},"image":{"@id":"https:\/\/www.haekelfieber.de\/wp-blog\/#\/schema\/logo\/image\/"}},{"@type":"Person","@id":"https:\/\/www.haekelfieber.de\/wp-blog\/#\/schema\/person\/08b81f8e0d3480519aadc66881dee8d7","name":"Jutta","image":{"@type":"ImageObject","inLanguage":"de","@id":"https:\/\/secure.gravatar.com\/avatar\/4fb96a09981d3eab52fd94765c38a5395ca69a563a8cd98c172ef85375636d9d?s=96&d=mm&r=g","url":"https:\/\/secure.gravatar.com\/avatar\/4fb96a09981d3eab52fd94765c38a5395ca69a563a8cd98c172ef85375636d9d?s=96&d=mm&r=g","contentUrl":"https:\/\/secure.gravatar.com\/avatar\/4fb96a09981d3eab52fd94765c38a5395ca69a563a8cd98c172ef85375636d9d?s=96&d=mm&r=g","caption":"Jutta"},"url":"https:\/\/www.haekelfieber.de\/wp-blog\/author\/admin\/"}]}},"_links":{"self":[{"href":"https:\/\/www.haekelfieber.de\/wp-blog\/wp-json\/wp\/v2\/posts\/16540","targetHints":{"allow":["GET"]}}],"collection":[{"href":"https:\/\/www.haekelfieber.de\/wp-blog\/wp-json\/wp\/v2\/posts"}],"about":[{"href":"https:\/\/www.haekelfieber.de\/wp-blog\/wp-json\/wp\/v2\/types\/post"}],"author":[{"embeddable":true,"href":"https:\/\/www.haekelfieber.de\/wp-blog\/wp-json\/wp\/v2\/users\/1"}],"replies":[{"embeddable":true,"href":"https:\/\/www.haekelfieber.de\/wp-blog\/wp-json\/wp\/v2\/comments?post=16540"}],"version-history":[{"count":2,"href":"https:\/\/www.haekelfieber.de\/wp-blog\/wp-json\/wp\/v2\/posts\/16540\/revisions"}],"predecessor-version":[{"id":16545,"href":"https:\/\/www.haekelfieber.de\/wp-blog\/wp-json\/wp\/v2\/posts\/16540\/revisions\/16545"}],"wp:attachment":[{"href":"https:\/\/www.haekelfieber.de\/wp-blog\/wp-json\/wp\/v2\/media?parent=16540"}],"wp:term":[{"taxonomy":"category","embeddable":true,"href":"https:\/\/www.haekelfieber.de\/wp-blog\/wp-json\/wp\/v2\/categories?post=16540"},{"taxonomy":"post_tag","embeddable":true,"href":"https:\/\/www.haekelfieber.de\/wp-blog\/wp-json\/wp\/v2\/tags?post=16540"}],"curies":[{"name":"wp","href":"https:\/\/api.w.org\/{rel}","templated":true}]}}