{"id":1799,"date":"2015-02-13T16:36:35","date_gmt":"2015-02-13T15:36:35","guid":{"rendered":"http:\/\/www.haekelfieber.de\/wp-blog\/?p=1799"},"modified":"2015-02-13T16:36:35","modified_gmt":"2015-02-13T15:36:35","slug":"kleinerer-ausfuehrung-sueueueueuess","status":"publish","type":"post","link":"https:\/\/www.haekelfieber.de\/wp-blog\/2015\/02\/kleinerer-ausfuehrung-sueueueueuess\/","title":{"rendered":"In kleinerer Ausf\u00fchrung &#8211; s\u00fc\u00fc\u00fc\u00fc\u00fc\u00df :)"},"content":{"rendered":"<p><a href=\"https:\/\/www.haekelfieber.de\/wp-blog\/wp-content\/uploads\/2015\/02\/Melitta-Mini-Kanne.jpg\"><img loading=\"lazy\" decoding=\"async\" class=\"aligncenter size-large wp-image-1798\" src=\"https:\/\/www.haekelfieber.de\/wp-blog\/wp-content\/uploads\/2015\/02\/Melitta-Mini-Kanne-450x600.jpg\" alt=\"Melitta Mini Kanne\" width=\"450\" height=\"600\" srcset=\"https:\/\/www.haekelfieber.de\/wp-blog\/wp-content\/uploads\/2015\/02\/Melitta-Mini-Kanne-450x600.jpg 450w, https:\/\/www.haekelfieber.de\/wp-blog\/wp-content\/uploads\/2015\/02\/Melitta-Mini-Kanne-225x300.jpg 225w, https:\/\/www.haekelfieber.de\/wp-blog\/wp-content\/uploads\/2015\/02\/Melitta-Mini-Kanne.jpg 600w\" sizes=\"auto, (max-width: 450px) 100vw, 450px\" \/><\/a><br \/>\nDieses nette Mini-Melitta-K\u00e4nnchen samt Kaffeefilter habe ich heute im Second-Hand-Laden gefunden und gekauft. Sch\u00f6\u00f6\u00f6\u00f6\u00f6\u00f6\u00f6\u00f6\u00f6\u00f6\u00f6\u00f6\u00f6n!<\/p>\n<p><a href=\"https:\/\/www.haekelfieber.de\/wp-blog\/wp-content\/uploads\/2015\/02\/Melitta-Kanne-mini.jpg\"><img loading=\"lazy\" decoding=\"async\" class=\"aligncenter size-large wp-image-1800\" src=\"https:\/\/www.haekelfieber.de\/wp-blog\/wp-content\/uploads\/2015\/02\/Melitta-Kanne-mini-450x600.jpg\" alt=\"Melitta Kanne mini\" width=\"450\" height=\"600\" srcset=\"https:\/\/www.haekelfieber.de\/wp-blog\/wp-content\/uploads\/2015\/02\/Melitta-Kanne-mini-450x600.jpg 450w, https:\/\/www.haekelfieber.de\/wp-blog\/wp-content\/uploads\/2015\/02\/Melitta-Kanne-mini-225x300.jpg 225w, https:\/\/www.haekelfieber.de\/wp-blog\/wp-content\/uploads\/2015\/02\/Melitta-Kanne-mini.jpg 600w\" sizes=\"auto, (max-width: 450px) 100vw, 450px\" \/><\/a><\/p>\n<p>Hier habe ich das ganze mit einer normalen Tasse arrangiert.<br \/>\nIhr seht, ich \u00fcbertreibe nicht mit &#8222;mini&#8220;.<\/p>\n<p><a href=\"https:\/\/www.haekelfieber.de\/wp-blog\/wp-content\/uploads\/2015\/02\/Melitta-Mini-Kanne-1.jpg\"><img loading=\"lazy\" decoding=\"async\" class=\"aligncenter size-large wp-image-1797\" src=\"https:\/\/www.haekelfieber.de\/wp-blog\/wp-content\/uploads\/2015\/02\/Melitta-Mini-Kanne-1-450x600.jpg\" alt=\"Melitta Mini Kanne (1)\" width=\"450\" height=\"600\" srcset=\"https:\/\/www.haekelfieber.de\/wp-blog\/wp-content\/uploads\/2015\/02\/Melitta-Mini-Kanne-1-450x600.jpg 450w, https:\/\/www.haekelfieber.de\/wp-blog\/wp-content\/uploads\/2015\/02\/Melitta-Mini-Kanne-1-225x300.jpg 225w, https:\/\/www.haekelfieber.de\/wp-blog\/wp-content\/uploads\/2015\/02\/Melitta-Mini-Kanne-1.jpg 600w\" sizes=\"auto, (max-width: 450px) 100vw, 450px\" \/><\/a><br \/>\nDie alten Melittakannen samt Filter haben es mir angetan. Vor allem, wenn sie noch in Pastellt\u00f6nen gehalten sind.<\/p>\n<p><a href=\"https:\/\/www.haekelfieber.de\/wp-blog\/wp-content\/uploads\/2015\/02\/Melitta-Mini-Kanne-3.jpg\"><img loading=\"lazy\" decoding=\"async\" class=\"aligncenter size-large wp-image-1794\" src=\"https:\/\/www.haekelfieber.de\/wp-blog\/wp-content\/uploads\/2015\/02\/Melitta-Mini-Kanne-3-450x600.jpg\" alt=\"Melitta Mini Kanne (3)\" width=\"450\" height=\"600\" srcset=\"https:\/\/www.haekelfieber.de\/wp-blog\/wp-content\/uploads\/2015\/02\/Melitta-Mini-Kanne-3-450x600.jpg 450w, https:\/\/www.haekelfieber.de\/wp-blog\/wp-content\/uploads\/2015\/02\/Melitta-Mini-Kanne-3-225x300.jpg 225w, https:\/\/www.haekelfieber.de\/wp-blog\/wp-content\/uploads\/2015\/02\/Melitta-Mini-Kanne-3.jpg 600w\" sizes=\"auto, (max-width: 450px) 100vw, 450px\" \/><\/a><br \/>\nLeider ist mir bis jetzt noch keine in Normalgr\u00f6\u00dfe in die H\u00e4nde gefallen. Auf Ebay kann man sie ersteigern. Preislich liegen die Kannen so ab 20 Euro aufw\u00e4rts, wenn ich richtig informiert bin. Ich hoffe allerdings immer noch, dass ich eine f\u00fcr&#8217;n &#8222;Appel und ein Ei&#8220; erstehen werde. Da brechen bei mir Urinstinkte durch &#8211; der Jagdtrieb \ud83d\ude42 .<br \/>\nUnd &#8211; Vorfreude ist die sch\u00f6nste Freude. Ich kann sie noch ein paar J\u00e4hrchen hinausz\u00f6gern. Quasi jahrelanges Freuen auf dieses Ding, ohne einen Cent daf\u00fcr ausgegeben zu haben. Man muss mich nicht verstehen. Schrieb ich neulich noch, dass ich horrende viel f\u00fcr einen Toaster bezahlt habe und bei 20 Euro f\u00fcr eine Kanne&#8230;<br \/>\nDas ist h\u00f6here Logik. Nicht f\u00fcr alle verst\u00e4ndlich \ud83d\ude42 .<br \/>\nApropo: Der Toaster &#8211; erste Sahne! Vielleicht schreibe ich nach l\u00e4ngerem Gebrauch desselben eine Toasterkritik. Wie zum Beispiel: &#8222;Gut gebr\u00e4unt in den Morgen&#8220; oder &#8222;Krosse Sache &#8211; wenn dem Zahnfleisch das Lachen vergeht&#8220; \ud83d\ude42<\/p>\n","protected":false},"excerpt":{"rendered":"<p>Dieses nette Mini-Melitta-K\u00e4nnchen samt Kaffeefilter habe ich heute im Second-Hand-Laden gefunden und gekauft. Sch\u00f6\u00f6\u00f6\u00f6\u00f6\u00f6\u00f6\u00f6\u00f6\u00f6\u00f6\u00f6\u00f6n! Hier habe ich das ganze mit einer normalen Tasse arrangiert. Ihr seht, ich \u00fcbertreibe nicht mit &#8222;mini&#8220;. Die alten Melittakannen samt Filter haben es mir angetan. Vor allem, wenn sie noch in Pastellt\u00f6nen gehalten sind. Leider ist mir bis jetzt noch &hellip; <a href=\"https:\/\/www.haekelfieber.de\/wp-blog\/2015\/02\/kleinerer-ausfuehrung-sueueueueuess\/\" class=\"more-link\"><span class=\"screen-reader-text\">In kleinerer Ausf\u00fchrung &#8211; s\u00fc\u00fc\u00fc\u00fc\u00fc\u00df \ud83d\ude42<\/span> weiterlesen <span class=\"meta-nav\">&rarr;<\/span><\/a><\/p>\n","protected":false},"author":1,"featured_media":0,"comment_status":"open","ping_status":"open","sticky":false,"template":"","format":"standard","meta":{"footnotes":""},"categories":[8],"tags":[],"class_list":["post-1799","post","type-post","status-publish","format-standard","hentry","category-flohmarktschaetze"],"yoast_head":"<!-- This site is optimized with the Yoast SEO plugin v27.4 - https:\/\/yoast.com\/product\/yoast-seo-wordpress\/ -->\n<title>In kleinerer Ausf\u00fchrung - s\u00fc\u00fc\u00fc\u00fc\u00fc\u00df :) - H\u00e4kelfieber<\/title>\n<meta name=\"robots\" content=\"index, follow, max-snippet:-1, max-image-preview:large, max-video-preview:-1\" \/>\n<link rel=\"canonical\" href=\"https:\/\/www.haekelfieber.de\/wp-blog\/2015\/02\/kleinerer-ausfuehrung-sueueueueuess\/\" \/>\n<meta property=\"og:locale\" content=\"de_DE\" \/>\n<meta property=\"og:type\" content=\"article\" \/>\n<meta property=\"og:title\" content=\"In kleinerer Ausf\u00fchrung - s\u00fc\u00fc\u00fc\u00fc\u00fc\u00df :) - H\u00e4kelfieber\" \/>\n<meta property=\"og:description\" content=\"Dieses nette Mini-Melitta-K\u00e4nnchen samt Kaffeefilter habe ich heute im Second-Hand-Laden gefunden und gekauft. Sch\u00f6\u00f6\u00f6\u00f6\u00f6\u00f6\u00f6\u00f6\u00f6\u00f6\u00f6\u00f6\u00f6n! Hier habe ich das ganze mit einer normalen Tasse arrangiert. Ihr seht, ich \u00fcbertreibe nicht mit &#8222;mini&#8220;. Die alten Melittakannen samt Filter haben es mir angetan. Vor allem, wenn sie noch in Pastellt\u00f6nen gehalten sind. Leider ist mir bis jetzt noch &hellip; In kleinerer Ausf\u00fchrung &#8211; s\u00fc\u00fc\u00fc\u00fc\u00fc\u00df :) weiterlesen &rarr;\" \/>\n<meta property=\"og:url\" content=\"https:\/\/www.haekelfieber.de\/wp-blog\/2015\/02\/kleinerer-ausfuehrung-sueueueueuess\/\" \/>\n<meta property=\"og:site_name\" content=\"H\u00e4kelfieber\" \/>\n<meta property=\"article:published_time\" content=\"2015-02-13T15:36:35+00:00\" \/>\n<meta property=\"og:image\" content=\"https:\/\/www.haekelfieber.de\/wp-blog\/wp-content\/uploads\/2015\/02\/Melitta-Mini-Kanne-450x600.jpg\" \/>\n<meta name=\"author\" content=\"Jutta\" \/>\n<meta name=\"twitter:label1\" content=\"Verfasst von\" \/>\n\t<meta name=\"twitter:data1\" content=\"Jutta\" \/>\n\t<meta name=\"twitter:label2\" content=\"Gesch\u00e4tzte Lesezeit\" \/>\n\t<meta name=\"twitter:data2\" content=\"1\u00a0Minute\" \/>\n<script type=\"application\/ld+json\" class=\"yoast-schema-graph\">{\"@context\":\"https:\\\/\\\/schema.org\",\"@graph\":[{\"@type\":\"Article\",\"@id\":\"https:\\\/\\\/www.haekelfieber.de\\\/wp-blog\\\/2015\\\/02\\\/kleinerer-ausfuehrung-sueueueueuess\\\/#article\",\"isPartOf\":{\"@id\":\"https:\\\/\\\/www.haekelfieber.de\\\/wp-blog\\\/2015\\\/02\\\/kleinerer-ausfuehrung-sueueueueuess\\\/\"},\"author\":{\"name\":\"Jutta\",\"@id\":\"https:\\\/\\\/www.haekelfieber.de\\\/wp-blog\\\/#\\\/schema\\\/person\\\/08b81f8e0d3480519aadc66881dee8d7\"},\"headline\":\"In kleinerer Ausf\u00fchrung &#8211; s\u00fc\u00fc\u00fc\u00fc\u00fc\u00df :)\",\"datePublished\":\"2015-02-13T15:36:35+00:00\",\"mainEntityOfPage\":{\"@id\":\"https:\\\/\\\/www.haekelfieber.de\\\/wp-blog\\\/2015\\\/02\\\/kleinerer-ausfuehrung-sueueueueuess\\\/\"},\"wordCount\":223,\"commentCount\":5,\"publisher\":{\"@id\":\"https:\\\/\\\/www.haekelfieber.de\\\/wp-blog\\\/#organization\"},\"image\":{\"@id\":\"https:\\\/\\\/www.haekelfieber.de\\\/wp-blog\\\/2015\\\/02\\\/kleinerer-ausfuehrung-sueueueueuess\\\/#primaryimage\"},\"thumbnailUrl\":\"https:\\\/\\\/www.haekelfieber.de\\\/wp-blog\\\/wp-content\\\/uploads\\\/2015\\\/02\\\/Melitta-Mini-Kanne-450x600.jpg\",\"articleSection\":[\"Flohmarktsch\u00e4tze\"],\"inLanguage\":\"de\",\"potentialAction\":[{\"@type\":\"CommentAction\",\"name\":\"Comment\",\"target\":[\"https:\\\/\\\/www.haekelfieber.de\\\/wp-blog\\\/2015\\\/02\\\/kleinerer-ausfuehrung-sueueueueuess\\\/#respond\"]}]},{\"@type\":\"WebPage\",\"@id\":\"https:\\\/\\\/www.haekelfieber.de\\\/wp-blog\\\/2015\\\/02\\\/kleinerer-ausfuehrung-sueueueueuess\\\/\",\"url\":\"https:\\\/\\\/www.haekelfieber.de\\\/wp-blog\\\/2015\\\/02\\\/kleinerer-ausfuehrung-sueueueueuess\\\/\",\"name\":\"In kleinerer Ausf\u00fchrung - s\u00fc\u00fc\u00fc\u00fc\u00fc\u00df :) - H\u00e4kelfieber\",\"isPartOf\":{\"@id\":\"https:\\\/\\\/www.haekelfieber.de\\\/wp-blog\\\/#website\"},\"primaryImageOfPage\":{\"@id\":\"https:\\\/\\\/www.haekelfieber.de\\\/wp-blog\\\/2015\\\/02\\\/kleinerer-ausfuehrung-sueueueueuess\\\/#primaryimage\"},\"image\":{\"@id\":\"https:\\\/\\\/www.haekelfieber.de\\\/wp-blog\\\/2015\\\/02\\\/kleinerer-ausfuehrung-sueueueueuess\\\/#primaryimage\"},\"thumbnailUrl\":\"https:\\\/\\\/www.haekelfieber.de\\\/wp-blog\\\/wp-content\\\/uploads\\\/2015\\\/02\\\/Melitta-Mini-Kanne-450x600.jpg\",\"datePublished\":\"2015-02-13T15:36:35+00:00\",\"breadcrumb\":{\"@id\":\"https:\\\/\\\/www.haekelfieber.de\\\/wp-blog\\\/2015\\\/02\\\/kleinerer-ausfuehrung-sueueueueuess\\\/#breadcrumb\"},\"inLanguage\":\"de\",\"potentialAction\":[{\"@type\":\"ReadAction\",\"target\":[\"https:\\\/\\\/www.haekelfieber.de\\\/wp-blog\\\/2015\\\/02\\\/kleinerer-ausfuehrung-sueueueueuess\\\/\"]}]},{\"@type\":\"ImageObject\",\"inLanguage\":\"de\",\"@id\":\"https:\\\/\\\/www.haekelfieber.de\\\/wp-blog\\\/2015\\\/02\\\/kleinerer-ausfuehrung-sueueueueuess\\\/#primaryimage\",\"url\":\"https:\\\/\\\/www.haekelfieber.de\\\/wp-blog\\\/wp-content\\\/uploads\\\/2015\\\/02\\\/Melitta-Mini-Kanne.jpg\",\"contentUrl\":\"https:\\\/\\\/www.haekelfieber.de\\\/wp-blog\\\/wp-content\\\/uploads\\\/2015\\\/02\\\/Melitta-Mini-Kanne.jpg\",\"width\":600,\"height\":800},{\"@type\":\"BreadcrumbList\",\"@id\":\"https:\\\/\\\/www.haekelfieber.de\\\/wp-blog\\\/2015\\\/02\\\/kleinerer-ausfuehrung-sueueueueuess\\\/#breadcrumb\",\"itemListElement\":[{\"@type\":\"ListItem\",\"position\":1,\"name\":\"Home\",\"item\":\"https:\\\/\\\/www.haekelfieber.de\\\/wp-blog\\\/\"},{\"@type\":\"ListItem\",\"position\":2,\"name\":\"In kleinerer Ausf\u00fchrung &#8211; s\u00fc\u00fc\u00fc\u00fc\u00fc\u00df :)\"}]},{\"@type\":\"WebSite\",\"@id\":\"https:\\\/\\\/www.haekelfieber.de\\\/wp-blog\\\/#website\",\"url\":\"https:\\\/\\\/www.haekelfieber.de\\\/wp-blog\\\/\",\"name\":\"H\u00e4kelfieber\",\"description\":\"Ich bin im...\",\"publisher\":{\"@id\":\"https:\\\/\\\/www.haekelfieber.de\\\/wp-blog\\\/#organization\"},\"potentialAction\":[{\"@type\":\"SearchAction\",\"target\":{\"@type\":\"EntryPoint\",\"urlTemplate\":\"https:\\\/\\\/www.haekelfieber.de\\\/wp-blog\\\/?s={search_term_string}\"},\"query-input\":{\"@type\":\"PropertyValueSpecification\",\"valueRequired\":true,\"valueName\":\"search_term_string\"}}],\"inLanguage\":\"de\"},{\"@type\":\"Organization\",\"@id\":\"https:\\\/\\\/www.haekelfieber.de\\\/wp-blog\\\/#organization\",\"name\":\"H\u00e4kelfieber\",\"url\":\"https:\\\/\\\/www.haekelfieber.de\\\/wp-blog\\\/\",\"logo\":{\"@type\":\"ImageObject\",\"inLanguage\":\"de\",\"@id\":\"https:\\\/\\\/www.haekelfieber.de\\\/wp-blog\\\/#\\\/schema\\\/logo\\\/image\\\/\",\"url\":\"https:\\\/\\\/www.haekelfieber.de\\\/wp-blog\\\/wp-content\\\/uploads\\\/2023\\\/03\\\/kissen-haekeln2.jpg\",\"contentUrl\":\"https:\\\/\\\/www.haekelfieber.de\\\/wp-blog\\\/wp-content\\\/uploads\\\/2023\\\/03\\\/kissen-haekeln2.jpg\",\"width\":683,\"height\":1024,\"caption\":\"H\u00e4kelfieber\"},\"image\":{\"@id\":\"https:\\\/\\\/www.haekelfieber.de\\\/wp-blog\\\/#\\\/schema\\\/logo\\\/image\\\/\"}},{\"@type\":\"Person\",\"@id\":\"https:\\\/\\\/www.haekelfieber.de\\\/wp-blog\\\/#\\\/schema\\\/person\\\/08b81f8e0d3480519aadc66881dee8d7\",\"name\":\"Jutta\",\"image\":{\"@type\":\"ImageObject\",\"inLanguage\":\"de\",\"@id\":\"https:\\\/\\\/secure.gravatar.com\\\/avatar\\\/4fb96a09981d3eab52fd94765c38a5395ca69a563a8cd98c172ef85375636d9d?s=96&d=mm&r=g\",\"url\":\"https:\\\/\\\/secure.gravatar.com\\\/avatar\\\/4fb96a09981d3eab52fd94765c38a5395ca69a563a8cd98c172ef85375636d9d?s=96&d=mm&r=g\",\"contentUrl\":\"https:\\\/\\\/secure.gravatar.com\\\/avatar\\\/4fb96a09981d3eab52fd94765c38a5395ca69a563a8cd98c172ef85375636d9d?s=96&d=mm&r=g\",\"caption\":\"Jutta\"},\"url\":\"https:\\\/\\\/www.haekelfieber.de\\\/wp-blog\\\/author\\\/admin\\\/\"}]}<\/script>\n<!-- \/ Yoast SEO plugin. -->","yoast_head_json":{"title":"In kleinerer Ausf\u00fchrung - s\u00fc\u00fc\u00fc\u00fc\u00fc\u00df :) - H\u00e4kelfieber","robots":{"index":"index","follow":"follow","max-snippet":"max-snippet:-1","max-image-preview":"max-image-preview:large","max-video-preview":"max-video-preview:-1"},"canonical":"https:\/\/www.haekelfieber.de\/wp-blog\/2015\/02\/kleinerer-ausfuehrung-sueueueueuess\/","og_locale":"de_DE","og_type":"article","og_title":"In kleinerer Ausf\u00fchrung - s\u00fc\u00fc\u00fc\u00fc\u00fc\u00df :) - H\u00e4kelfieber","og_description":"Dieses nette Mini-Melitta-K\u00e4nnchen samt Kaffeefilter habe ich heute im Second-Hand-Laden gefunden und gekauft. Sch\u00f6\u00f6\u00f6\u00f6\u00f6\u00f6\u00f6\u00f6\u00f6\u00f6\u00f6\u00f6\u00f6n! Hier habe ich das ganze mit einer normalen Tasse arrangiert. Ihr seht, ich \u00fcbertreibe nicht mit &#8222;mini&#8220;. Die alten Melittakannen samt Filter haben es mir angetan. Vor allem, wenn sie noch in Pastellt\u00f6nen gehalten sind. Leider ist mir bis jetzt noch &hellip; In kleinerer Ausf\u00fchrung &#8211; s\u00fc\u00fc\u00fc\u00fc\u00fc\u00df :) weiterlesen &rarr;","og_url":"https:\/\/www.haekelfieber.de\/wp-blog\/2015\/02\/kleinerer-ausfuehrung-sueueueueuess\/","og_site_name":"H\u00e4kelfieber","article_published_time":"2015-02-13T15:36:35+00:00","og_image":[{"url":"https:\/\/www.haekelfieber.de\/wp-blog\/wp-content\/uploads\/2015\/02\/Melitta-Mini-Kanne-450x600.jpg","type":"","width":"","height":""}],"author":"Jutta","twitter_misc":{"Verfasst von":"Jutta","Gesch\u00e4tzte Lesezeit":"1\u00a0Minute"},"schema":{"@context":"https:\/\/schema.org","@graph":[{"@type":"Article","@id":"https:\/\/www.haekelfieber.de\/wp-blog\/2015\/02\/kleinerer-ausfuehrung-sueueueueuess\/#article","isPartOf":{"@id":"https:\/\/www.haekelfieber.de\/wp-blog\/2015\/02\/kleinerer-ausfuehrung-sueueueueuess\/"},"author":{"name":"Jutta","@id":"https:\/\/www.haekelfieber.de\/wp-blog\/#\/schema\/person\/08b81f8e0d3480519aadc66881dee8d7"},"headline":"In kleinerer Ausf\u00fchrung &#8211; s\u00fc\u00fc\u00fc\u00fc\u00fc\u00df :)","datePublished":"2015-02-13T15:36:35+00:00","mainEntityOfPage":{"@id":"https:\/\/www.haekelfieber.de\/wp-blog\/2015\/02\/kleinerer-ausfuehrung-sueueueueuess\/"},"wordCount":223,"commentCount":5,"publisher":{"@id":"https:\/\/www.haekelfieber.de\/wp-blog\/#organization"},"image":{"@id":"https:\/\/www.haekelfieber.de\/wp-blog\/2015\/02\/kleinerer-ausfuehrung-sueueueueuess\/#primaryimage"},"thumbnailUrl":"https:\/\/www.haekelfieber.de\/wp-blog\/wp-content\/uploads\/2015\/02\/Melitta-Mini-Kanne-450x600.jpg","articleSection":["Flohmarktsch\u00e4tze"],"inLanguage":"de","potentialAction":[{"@type":"CommentAction","name":"Comment","target":["https:\/\/www.haekelfieber.de\/wp-blog\/2015\/02\/kleinerer-ausfuehrung-sueueueueuess\/#respond"]}]},{"@type":"WebPage","@id":"https:\/\/www.haekelfieber.de\/wp-blog\/2015\/02\/kleinerer-ausfuehrung-sueueueueuess\/","url":"https:\/\/www.haekelfieber.de\/wp-blog\/2015\/02\/kleinerer-ausfuehrung-sueueueueuess\/","name":"In kleinerer Ausf\u00fchrung - s\u00fc\u00fc\u00fc\u00fc\u00fc\u00df :) - H\u00e4kelfieber","isPartOf":{"@id":"https:\/\/www.haekelfieber.de\/wp-blog\/#website"},"primaryImageOfPage":{"@id":"https:\/\/www.haekelfieber.de\/wp-blog\/2015\/02\/kleinerer-ausfuehrung-sueueueueuess\/#primaryimage"},"image":{"@id":"https:\/\/www.haekelfieber.de\/wp-blog\/2015\/02\/kleinerer-ausfuehrung-sueueueueuess\/#primaryimage"},"thumbnailUrl":"https:\/\/www.haekelfieber.de\/wp-blog\/wp-content\/uploads\/2015\/02\/Melitta-Mini-Kanne-450x600.jpg","datePublished":"2015-02-13T15:36:35+00:00","breadcrumb":{"@id":"https:\/\/www.haekelfieber.de\/wp-blog\/2015\/02\/kleinerer-ausfuehrung-sueueueueuess\/#breadcrumb"},"inLanguage":"de","potentialAction":[{"@type":"ReadAction","target":["https:\/\/www.haekelfieber.de\/wp-blog\/2015\/02\/kleinerer-ausfuehrung-sueueueueuess\/"]}]},{"@type":"ImageObject","inLanguage":"de","@id":"https:\/\/www.haekelfieber.de\/wp-blog\/2015\/02\/kleinerer-ausfuehrung-sueueueueuess\/#primaryimage","url":"https:\/\/www.haekelfieber.de\/wp-blog\/wp-content\/uploads\/2015\/02\/Melitta-Mini-Kanne.jpg","contentUrl":"https:\/\/www.haekelfieber.de\/wp-blog\/wp-content\/uploads\/2015\/02\/Melitta-Mini-Kanne.jpg","width":600,"height":800},{"@type":"BreadcrumbList","@id":"https:\/\/www.haekelfieber.de\/wp-blog\/2015\/02\/kleinerer-ausfuehrung-sueueueueuess\/#breadcrumb","itemListElement":[{"@type":"ListItem","position":1,"name":"Home","item":"https:\/\/www.haekelfieber.de\/wp-blog\/"},{"@type":"ListItem","position":2,"name":"In kleinerer Ausf\u00fchrung &#8211; s\u00fc\u00fc\u00fc\u00fc\u00fc\u00df :)"}]},{"@type":"WebSite","@id":"https:\/\/www.haekelfieber.de\/wp-blog\/#website","url":"https:\/\/www.haekelfieber.de\/wp-blog\/","name":"H\u00e4kelfieber","description":"Ich bin im...","publisher":{"@id":"https:\/\/www.haekelfieber.de\/wp-blog\/#organization"},"potentialAction":[{"@type":"SearchAction","target":{"@type":"EntryPoint","urlTemplate":"https:\/\/www.haekelfieber.de\/wp-blog\/?s={search_term_string}"},"query-input":{"@type":"PropertyValueSpecification","valueRequired":true,"valueName":"search_term_string"}}],"inLanguage":"de"},{"@type":"Organization","@id":"https:\/\/www.haekelfieber.de\/wp-blog\/#organization","name":"H\u00e4kelfieber","url":"https:\/\/www.haekelfieber.de\/wp-blog\/","logo":{"@type":"ImageObject","inLanguage":"de","@id":"https:\/\/www.haekelfieber.de\/wp-blog\/#\/schema\/logo\/image\/","url":"https:\/\/www.haekelfieber.de\/wp-blog\/wp-content\/uploads\/2023\/03\/kissen-haekeln2.jpg","contentUrl":"https:\/\/www.haekelfieber.de\/wp-blog\/wp-content\/uploads\/2023\/03\/kissen-haekeln2.jpg","width":683,"height":1024,"caption":"H\u00e4kelfieber"},"image":{"@id":"https:\/\/www.haekelfieber.de\/wp-blog\/#\/schema\/logo\/image\/"}},{"@type":"Person","@id":"https:\/\/www.haekelfieber.de\/wp-blog\/#\/schema\/person\/08b81f8e0d3480519aadc66881dee8d7","name":"Jutta","image":{"@type":"ImageObject","inLanguage":"de","@id":"https:\/\/secure.gravatar.com\/avatar\/4fb96a09981d3eab52fd94765c38a5395ca69a563a8cd98c172ef85375636d9d?s=96&d=mm&r=g","url":"https:\/\/secure.gravatar.com\/avatar\/4fb96a09981d3eab52fd94765c38a5395ca69a563a8cd98c172ef85375636d9d?s=96&d=mm&r=g","contentUrl":"https:\/\/secure.gravatar.com\/avatar\/4fb96a09981d3eab52fd94765c38a5395ca69a563a8cd98c172ef85375636d9d?s=96&d=mm&r=g","caption":"Jutta"},"url":"https:\/\/www.haekelfieber.de\/wp-blog\/author\/admin\/"}]}},"_links":{"self":[{"href":"https:\/\/www.haekelfieber.de\/wp-blog\/wp-json\/wp\/v2\/posts\/1799","targetHints":{"allow":["GET"]}}],"collection":[{"href":"https:\/\/www.haekelfieber.de\/wp-blog\/wp-json\/wp\/v2\/posts"}],"about":[{"href":"https:\/\/www.haekelfieber.de\/wp-blog\/wp-json\/wp\/v2\/types\/post"}],"author":[{"embeddable":true,"href":"https:\/\/www.haekelfieber.de\/wp-blog\/wp-json\/wp\/v2\/users\/1"}],"replies":[{"embeddable":true,"href":"https:\/\/www.haekelfieber.de\/wp-blog\/wp-json\/wp\/v2\/comments?post=1799"}],"version-history":[{"count":1,"href":"https:\/\/www.haekelfieber.de\/wp-blog\/wp-json\/wp\/v2\/posts\/1799\/revisions"}],"predecessor-version":[{"id":1801,"href":"https:\/\/www.haekelfieber.de\/wp-blog\/wp-json\/wp\/v2\/posts\/1799\/revisions\/1801"}],"wp:attachment":[{"href":"https:\/\/www.haekelfieber.de\/wp-blog\/wp-json\/wp\/v2\/media?parent=1799"}],"wp:term":[{"taxonomy":"category","embeddable":true,"href":"https:\/\/www.haekelfieber.de\/wp-blog\/wp-json\/wp\/v2\/categories?post=1799"},{"taxonomy":"post_tag","embeddable":true,"href":"https:\/\/www.haekelfieber.de\/wp-blog\/wp-json\/wp\/v2\/tags?post=1799"}],"curies":[{"name":"wp","href":"https:\/\/api.w.org\/{rel}","templated":true}]}}