{"id":1837,"date":"2015-02-24T18:13:12","date_gmt":"2015-02-24T17:13:12","guid":{"rendered":"http:\/\/www.haekelfieber.de\/wp-blog\/?p=1837"},"modified":"2015-02-25T06:04:05","modified_gmt":"2015-02-25T05:04:05","slug":"nur-die-dummen-sprechen-dialekt-eine-abrechnung","status":"publish","type":"post","link":"https:\/\/www.haekelfieber.de\/wp-blog\/2015\/02\/nur-die-dummen-sprechen-dialekt-eine-abrechnung\/","title":{"rendered":"&#8222;Nur die Dummen sprechen Dialekt&#8220; &#8211; Eine Abrechnung"},"content":{"rendered":"<p>Wo lebe ich denn? In Bayern. Und welche Sprache spricht man? Nat\u00fcrlich hochdeutsch. Vor allem in M\u00fcnchen. Die Haupstadt Bayerns ist nahezu dialektfrei, wenn nicht sogar ganz. Tja, und wer spricht bayrisch in Bayern? Die Dummen, die Landwirte und Bauarbeiter. So die Vorstellung von etlichen Zeitgenossen. Letztere bezeichne ich als &#8222;Saubreissn&#8220;. Diese Spezies ist der Auffassung, dass dialektsprechende Mitb\u00fcrger ein Defizit in ihrer Intelligenz, aufgrund ihres Dialektes, aufweisen.<br \/>\nMein Fass ist voll! Warum ist es nicht egal ob jemand Dialekt spricht oder nicht?<br \/>\nWarum kann das Andersein in der Sprache nicht akzeptiert werden? Leben und leben lassen!<br \/>\nDialekt ist die Herzenssprache. Deswegen sollten wir ihn pflegen und erhalten und ihn nicht abtrainieren. Gef\u00fchlte 80% der Studierenden sprechen ihn nicht mehr. Dialekt ist die Sprache der Dummen, in ihrer &#8222;beschr\u00e4nkten&#8220; Auffassung . Vor allem in diesen Kreisen ist die Herzensprache sehr verp\u00f6hnt. Ausnahmen gibt es immer und ich will hier nicht verallgemeinern. Ich spreche aus meinen pers\u00f6nlichen Erfahrungen.<br \/>\nAus Akademikermund erst k\u00fcrzlich geh\u00f6rt:<br \/>\n&#8211; Dialekt ist ja keine Krankheit. Ansteckend ist er ja nicht. Ha Ha!<br \/>\n&#8211; Du hast sicher einen Bauernhof zuhause\u00a0 ( Im Geiste dachte ich: Sicher, sicher. Und das gr\u00f6\u00dfte Rindvieh vom Bestand steht gerade vor mir!)<br \/>\n&#8211; Das h\u00f6rt sich ja witzig an, wie Du sprichst!<br \/>\n&#8211; K\u00f6nnen Sie auch so richtig bellen? Hou, hou!<\/p>\n<p>Diesen Menschen, die so etwas absondern, genau diesen spreche ich qualifiziertes F\u00fcllmaterial in der Hirnregion ab. &#8222;Dene feids vom Boa weg&#8220;<\/p>\n<p>Ach ja, hier meine Beschreibung:<br \/>\nIch laufe den ganzen Tag, im Dirndl jodelnd, in der Gegend herum. In der einen Hand eine Ma\u00df Bier, in der anderen ein paar Wei\u00dfw\u00fcrste und eine Breze. Ich ern\u00e4hre mich in Bayern ausschlie\u00dflich von W\u00fcrsten, Brezen und Bier.<\/p>\n<p>Wer so ein Bild von Bayern hat, meine lieben Leserinnen und Leser, klickt jetzt bitte von meiner Seite weg. Ganz schnell klicken. Und bitte, bitte nicht wiederkommen. Danke.<\/p>\n<p>Ich bin ein praktizierender Dialektfan. Dialekt in jeglicher Form (schw\u00e4bisch, s\u00e4chsisch, platt, hessisch, berlinerisch&#8230;) ist toll und erhaltenswert!<\/p>\n<p>Ach ja, dass ich&#8217;s nicht vergesse! Wos ich gfressn hob, is:<br \/>\nWenn zum Oktoberfest die ganzen dialektverachtenden Breissn sich in Tracht kleiden. Im Sinne von: Ist ja ganz witzig, mal in Verkleidung zum Trinken zu gehen. Auf einen Liter Bier und so.<br \/>\nMein Tip: Lasst&#8217;ses einfach bleim!<\/p>\n<p>Also nacha. Bis zum n\u00e4chst&#8217;n Beitrag oda a ned \ud83d\ude42<\/p>\n","protected":false},"excerpt":{"rendered":"<p>Wo lebe ich denn? In Bayern. Und welche Sprache spricht man? Nat\u00fcrlich hochdeutsch. Vor allem in M\u00fcnchen. Die Haupstadt Bayerns ist nahezu dialektfrei, wenn nicht sogar ganz. Tja, und wer spricht bayrisch in Bayern? Die Dummen, die Landwirte und Bauarbeiter. So die Vorstellung von etlichen Zeitgenossen. Letztere bezeichne ich als &#8222;Saubreissn&#8220;. Diese Spezies ist der &hellip; <a href=\"https:\/\/www.haekelfieber.de\/wp-blog\/2015\/02\/nur-die-dummen-sprechen-dialekt-eine-abrechnung\/\" class=\"more-link\"><span class=\"screen-reader-text\">&#8222;Nur die Dummen sprechen Dialekt&#8220; &#8211; Eine Abrechnung<\/span> weiterlesen <span class=\"meta-nav\">&rarr;<\/span><\/a><\/p>\n","protected":false},"author":1,"featured_media":0,"comment_status":"open","ping_status":"open","sticky":false,"template":"","format":"standard","meta":{"footnotes":""},"categories":[9,1],"tags":[],"class_list":["post-1837","post","type-post","status-publish","format-standard","hentry","category-allerlei-nuetzliches","category-manch-anderes"],"yoast_head":"<!-- This site is optimized with the Yoast SEO plugin v27.4 - https:\/\/yoast.com\/product\/yoast-seo-wordpress\/ -->\n<title>&quot;Nur die Dummen sprechen Dialekt&quot; - Eine Abrechnung - H\u00e4kelfieber<\/title>\n<meta name=\"robots\" content=\"index, follow, max-snippet:-1, max-image-preview:large, max-video-preview:-1\" \/>\n<link rel=\"canonical\" href=\"https:\/\/www.haekelfieber.de\/wp-blog\/2015\/02\/nur-die-dummen-sprechen-dialekt-eine-abrechnung\/\" \/>\n<meta property=\"og:locale\" content=\"de_DE\" \/>\n<meta property=\"og:type\" content=\"article\" \/>\n<meta property=\"og:title\" content=\"&quot;Nur die Dummen sprechen Dialekt&quot; - Eine Abrechnung - H\u00e4kelfieber\" \/>\n<meta property=\"og:description\" content=\"Wo lebe ich denn? In Bayern. Und welche Sprache spricht man? Nat\u00fcrlich hochdeutsch. Vor allem in M\u00fcnchen. Die Haupstadt Bayerns ist nahezu dialektfrei, wenn nicht sogar ganz. Tja, und wer spricht bayrisch in Bayern? Die Dummen, die Landwirte und Bauarbeiter. So die Vorstellung von etlichen Zeitgenossen. Letztere bezeichne ich als &#8222;Saubreissn&#8220;. Diese Spezies ist der &hellip; &#8222;Nur die Dummen sprechen Dialekt&#8220; &#8211; Eine Abrechnung weiterlesen &rarr;\" \/>\n<meta property=\"og:url\" content=\"https:\/\/www.haekelfieber.de\/wp-blog\/2015\/02\/nur-die-dummen-sprechen-dialekt-eine-abrechnung\/\" \/>\n<meta property=\"og:site_name\" content=\"H\u00e4kelfieber\" \/>\n<meta property=\"article:published_time\" content=\"2015-02-24T17:13:12+00:00\" \/>\n<meta property=\"article:modified_time\" content=\"2015-02-25T05:04:05+00:00\" \/>\n<meta name=\"author\" content=\"Jutta\" \/>\n<meta name=\"twitter:label1\" content=\"Verfasst von\" \/>\n\t<meta name=\"twitter:data1\" content=\"Jutta\" \/>\n\t<meta name=\"twitter:label2\" content=\"Gesch\u00e4tzte Lesezeit\" \/>\n\t<meta name=\"twitter:data2\" content=\"2\u00a0Minuten\" \/>\n<script type=\"application\/ld+json\" class=\"yoast-schema-graph\">{\"@context\":\"https:\\\/\\\/schema.org\",\"@graph\":[{\"@type\":\"Article\",\"@id\":\"https:\\\/\\\/www.haekelfieber.de\\\/wp-blog\\\/2015\\\/02\\\/nur-die-dummen-sprechen-dialekt-eine-abrechnung\\\/#article\",\"isPartOf\":{\"@id\":\"https:\\\/\\\/www.haekelfieber.de\\\/wp-blog\\\/2015\\\/02\\\/nur-die-dummen-sprechen-dialekt-eine-abrechnung\\\/\"},\"author\":{\"name\":\"Jutta\",\"@id\":\"https:\\\/\\\/www.haekelfieber.de\\\/wp-blog\\\/#\\\/schema\\\/person\\\/08b81f8e0d3480519aadc66881dee8d7\"},\"headline\":\"&#8222;Nur die Dummen sprechen Dialekt&#8220; &#8211; Eine Abrechnung\",\"datePublished\":\"2015-02-24T17:13:12+00:00\",\"dateModified\":\"2015-02-25T05:04:05+00:00\",\"mainEntityOfPage\":{\"@id\":\"https:\\\/\\\/www.haekelfieber.de\\\/wp-blog\\\/2015\\\/02\\\/nur-die-dummen-sprechen-dialekt-eine-abrechnung\\\/\"},\"wordCount\":414,\"commentCount\":11,\"publisher\":{\"@id\":\"https:\\\/\\\/www.haekelfieber.de\\\/wp-blog\\\/#organization\"},\"articleSection\":[\"Allerlei N\u00fctzliches\",\"Manch anderes\"],\"inLanguage\":\"de\",\"potentialAction\":[{\"@type\":\"CommentAction\",\"name\":\"Comment\",\"target\":[\"https:\\\/\\\/www.haekelfieber.de\\\/wp-blog\\\/2015\\\/02\\\/nur-die-dummen-sprechen-dialekt-eine-abrechnung\\\/#respond\"]}]},{\"@type\":\"WebPage\",\"@id\":\"https:\\\/\\\/www.haekelfieber.de\\\/wp-blog\\\/2015\\\/02\\\/nur-die-dummen-sprechen-dialekt-eine-abrechnung\\\/\",\"url\":\"https:\\\/\\\/www.haekelfieber.de\\\/wp-blog\\\/2015\\\/02\\\/nur-die-dummen-sprechen-dialekt-eine-abrechnung\\\/\",\"name\":\"\\\"Nur die Dummen sprechen Dialekt\\\" - Eine Abrechnung - H\u00e4kelfieber\",\"isPartOf\":{\"@id\":\"https:\\\/\\\/www.haekelfieber.de\\\/wp-blog\\\/#website\"},\"datePublished\":\"2015-02-24T17:13:12+00:00\",\"dateModified\":\"2015-02-25T05:04:05+00:00\",\"breadcrumb\":{\"@id\":\"https:\\\/\\\/www.haekelfieber.de\\\/wp-blog\\\/2015\\\/02\\\/nur-die-dummen-sprechen-dialekt-eine-abrechnung\\\/#breadcrumb\"},\"inLanguage\":\"de\",\"potentialAction\":[{\"@type\":\"ReadAction\",\"target\":[\"https:\\\/\\\/www.haekelfieber.de\\\/wp-blog\\\/2015\\\/02\\\/nur-die-dummen-sprechen-dialekt-eine-abrechnung\\\/\"]}]},{\"@type\":\"BreadcrumbList\",\"@id\":\"https:\\\/\\\/www.haekelfieber.de\\\/wp-blog\\\/2015\\\/02\\\/nur-die-dummen-sprechen-dialekt-eine-abrechnung\\\/#breadcrumb\",\"itemListElement\":[{\"@type\":\"ListItem\",\"position\":1,\"name\":\"Home\",\"item\":\"https:\\\/\\\/www.haekelfieber.de\\\/wp-blog\\\/\"},{\"@type\":\"ListItem\",\"position\":2,\"name\":\"&#8222;Nur die Dummen sprechen Dialekt&#8220; &#8211; Eine Abrechnung\"}]},{\"@type\":\"WebSite\",\"@id\":\"https:\\\/\\\/www.haekelfieber.de\\\/wp-blog\\\/#website\",\"url\":\"https:\\\/\\\/www.haekelfieber.de\\\/wp-blog\\\/\",\"name\":\"H\u00e4kelfieber\",\"description\":\"Ich bin im...\",\"publisher\":{\"@id\":\"https:\\\/\\\/www.haekelfieber.de\\\/wp-blog\\\/#organization\"},\"potentialAction\":[{\"@type\":\"SearchAction\",\"target\":{\"@type\":\"EntryPoint\",\"urlTemplate\":\"https:\\\/\\\/www.haekelfieber.de\\\/wp-blog\\\/?s={search_term_string}\"},\"query-input\":{\"@type\":\"PropertyValueSpecification\",\"valueRequired\":true,\"valueName\":\"search_term_string\"}}],\"inLanguage\":\"de\"},{\"@type\":\"Organization\",\"@id\":\"https:\\\/\\\/www.haekelfieber.de\\\/wp-blog\\\/#organization\",\"name\":\"H\u00e4kelfieber\",\"url\":\"https:\\\/\\\/www.haekelfieber.de\\\/wp-blog\\\/\",\"logo\":{\"@type\":\"ImageObject\",\"inLanguage\":\"de\",\"@id\":\"https:\\\/\\\/www.haekelfieber.de\\\/wp-blog\\\/#\\\/schema\\\/logo\\\/image\\\/\",\"url\":\"https:\\\/\\\/www.haekelfieber.de\\\/wp-blog\\\/wp-content\\\/uploads\\\/2023\\\/03\\\/kissen-haekeln2.jpg\",\"contentUrl\":\"https:\\\/\\\/www.haekelfieber.de\\\/wp-blog\\\/wp-content\\\/uploads\\\/2023\\\/03\\\/kissen-haekeln2.jpg\",\"width\":683,\"height\":1024,\"caption\":\"H\u00e4kelfieber\"},\"image\":{\"@id\":\"https:\\\/\\\/www.haekelfieber.de\\\/wp-blog\\\/#\\\/schema\\\/logo\\\/image\\\/\"}},{\"@type\":\"Person\",\"@id\":\"https:\\\/\\\/www.haekelfieber.de\\\/wp-blog\\\/#\\\/schema\\\/person\\\/08b81f8e0d3480519aadc66881dee8d7\",\"name\":\"Jutta\",\"image\":{\"@type\":\"ImageObject\",\"inLanguage\":\"de\",\"@id\":\"https:\\\/\\\/secure.gravatar.com\\\/avatar\\\/4fb96a09981d3eab52fd94765c38a5395ca69a563a8cd98c172ef85375636d9d?s=96&d=mm&r=g\",\"url\":\"https:\\\/\\\/secure.gravatar.com\\\/avatar\\\/4fb96a09981d3eab52fd94765c38a5395ca69a563a8cd98c172ef85375636d9d?s=96&d=mm&r=g\",\"contentUrl\":\"https:\\\/\\\/secure.gravatar.com\\\/avatar\\\/4fb96a09981d3eab52fd94765c38a5395ca69a563a8cd98c172ef85375636d9d?s=96&d=mm&r=g\",\"caption\":\"Jutta\"},\"url\":\"https:\\\/\\\/www.haekelfieber.de\\\/wp-blog\\\/author\\\/admin\\\/\"}]}<\/script>\n<!-- \/ Yoast SEO plugin. -->","yoast_head_json":{"title":"\"Nur die Dummen sprechen Dialekt\" - Eine Abrechnung - H\u00e4kelfieber","robots":{"index":"index","follow":"follow","max-snippet":"max-snippet:-1","max-image-preview":"max-image-preview:large","max-video-preview":"max-video-preview:-1"},"canonical":"https:\/\/www.haekelfieber.de\/wp-blog\/2015\/02\/nur-die-dummen-sprechen-dialekt-eine-abrechnung\/","og_locale":"de_DE","og_type":"article","og_title":"\"Nur die Dummen sprechen Dialekt\" - Eine Abrechnung - H\u00e4kelfieber","og_description":"Wo lebe ich denn? In Bayern. Und welche Sprache spricht man? Nat\u00fcrlich hochdeutsch. Vor allem in M\u00fcnchen. Die Haupstadt Bayerns ist nahezu dialektfrei, wenn nicht sogar ganz. Tja, und wer spricht bayrisch in Bayern? Die Dummen, die Landwirte und Bauarbeiter. So die Vorstellung von etlichen Zeitgenossen. Letztere bezeichne ich als &#8222;Saubreissn&#8220;. Diese Spezies ist der &hellip; &#8222;Nur die Dummen sprechen Dialekt&#8220; &#8211; Eine Abrechnung weiterlesen &rarr;","og_url":"https:\/\/www.haekelfieber.de\/wp-blog\/2015\/02\/nur-die-dummen-sprechen-dialekt-eine-abrechnung\/","og_site_name":"H\u00e4kelfieber","article_published_time":"2015-02-24T17:13:12+00:00","article_modified_time":"2015-02-25T05:04:05+00:00","author":"Jutta","twitter_misc":{"Verfasst von":"Jutta","Gesch\u00e4tzte Lesezeit":"2\u00a0Minuten"},"schema":{"@context":"https:\/\/schema.org","@graph":[{"@type":"Article","@id":"https:\/\/www.haekelfieber.de\/wp-blog\/2015\/02\/nur-die-dummen-sprechen-dialekt-eine-abrechnung\/#article","isPartOf":{"@id":"https:\/\/www.haekelfieber.de\/wp-blog\/2015\/02\/nur-die-dummen-sprechen-dialekt-eine-abrechnung\/"},"author":{"name":"Jutta","@id":"https:\/\/www.haekelfieber.de\/wp-blog\/#\/schema\/person\/08b81f8e0d3480519aadc66881dee8d7"},"headline":"&#8222;Nur die Dummen sprechen Dialekt&#8220; &#8211; Eine Abrechnung","datePublished":"2015-02-24T17:13:12+00:00","dateModified":"2015-02-25T05:04:05+00:00","mainEntityOfPage":{"@id":"https:\/\/www.haekelfieber.de\/wp-blog\/2015\/02\/nur-die-dummen-sprechen-dialekt-eine-abrechnung\/"},"wordCount":414,"commentCount":11,"publisher":{"@id":"https:\/\/www.haekelfieber.de\/wp-blog\/#organization"},"articleSection":["Allerlei N\u00fctzliches","Manch anderes"],"inLanguage":"de","potentialAction":[{"@type":"CommentAction","name":"Comment","target":["https:\/\/www.haekelfieber.de\/wp-blog\/2015\/02\/nur-die-dummen-sprechen-dialekt-eine-abrechnung\/#respond"]}]},{"@type":"WebPage","@id":"https:\/\/www.haekelfieber.de\/wp-blog\/2015\/02\/nur-die-dummen-sprechen-dialekt-eine-abrechnung\/","url":"https:\/\/www.haekelfieber.de\/wp-blog\/2015\/02\/nur-die-dummen-sprechen-dialekt-eine-abrechnung\/","name":"\"Nur die Dummen sprechen Dialekt\" - Eine Abrechnung - H\u00e4kelfieber","isPartOf":{"@id":"https:\/\/www.haekelfieber.de\/wp-blog\/#website"},"datePublished":"2015-02-24T17:13:12+00:00","dateModified":"2015-02-25T05:04:05+00:00","breadcrumb":{"@id":"https:\/\/www.haekelfieber.de\/wp-blog\/2015\/02\/nur-die-dummen-sprechen-dialekt-eine-abrechnung\/#breadcrumb"},"inLanguage":"de","potentialAction":[{"@type":"ReadAction","target":["https:\/\/www.haekelfieber.de\/wp-blog\/2015\/02\/nur-die-dummen-sprechen-dialekt-eine-abrechnung\/"]}]},{"@type":"BreadcrumbList","@id":"https:\/\/www.haekelfieber.de\/wp-blog\/2015\/02\/nur-die-dummen-sprechen-dialekt-eine-abrechnung\/#breadcrumb","itemListElement":[{"@type":"ListItem","position":1,"name":"Home","item":"https:\/\/www.haekelfieber.de\/wp-blog\/"},{"@type":"ListItem","position":2,"name":"&#8222;Nur die Dummen sprechen Dialekt&#8220; &#8211; Eine Abrechnung"}]},{"@type":"WebSite","@id":"https:\/\/www.haekelfieber.de\/wp-blog\/#website","url":"https:\/\/www.haekelfieber.de\/wp-blog\/","name":"H\u00e4kelfieber","description":"Ich bin im...","publisher":{"@id":"https:\/\/www.haekelfieber.de\/wp-blog\/#organization"},"potentialAction":[{"@type":"SearchAction","target":{"@type":"EntryPoint","urlTemplate":"https:\/\/www.haekelfieber.de\/wp-blog\/?s={search_term_string}"},"query-input":{"@type":"PropertyValueSpecification","valueRequired":true,"valueName":"search_term_string"}}],"inLanguage":"de"},{"@type":"Organization","@id":"https:\/\/www.haekelfieber.de\/wp-blog\/#organization","name":"H\u00e4kelfieber","url":"https:\/\/www.haekelfieber.de\/wp-blog\/","logo":{"@type":"ImageObject","inLanguage":"de","@id":"https:\/\/www.haekelfieber.de\/wp-blog\/#\/schema\/logo\/image\/","url":"https:\/\/www.haekelfieber.de\/wp-blog\/wp-content\/uploads\/2023\/03\/kissen-haekeln2.jpg","contentUrl":"https:\/\/www.haekelfieber.de\/wp-blog\/wp-content\/uploads\/2023\/03\/kissen-haekeln2.jpg","width":683,"height":1024,"caption":"H\u00e4kelfieber"},"image":{"@id":"https:\/\/www.haekelfieber.de\/wp-blog\/#\/schema\/logo\/image\/"}},{"@type":"Person","@id":"https:\/\/www.haekelfieber.de\/wp-blog\/#\/schema\/person\/08b81f8e0d3480519aadc66881dee8d7","name":"Jutta","image":{"@type":"ImageObject","inLanguage":"de","@id":"https:\/\/secure.gravatar.com\/avatar\/4fb96a09981d3eab52fd94765c38a5395ca69a563a8cd98c172ef85375636d9d?s=96&d=mm&r=g","url":"https:\/\/secure.gravatar.com\/avatar\/4fb96a09981d3eab52fd94765c38a5395ca69a563a8cd98c172ef85375636d9d?s=96&d=mm&r=g","contentUrl":"https:\/\/secure.gravatar.com\/avatar\/4fb96a09981d3eab52fd94765c38a5395ca69a563a8cd98c172ef85375636d9d?s=96&d=mm&r=g","caption":"Jutta"},"url":"https:\/\/www.haekelfieber.de\/wp-blog\/author\/admin\/"}]}},"_links":{"self":[{"href":"https:\/\/www.haekelfieber.de\/wp-blog\/wp-json\/wp\/v2\/posts\/1837","targetHints":{"allow":["GET"]}}],"collection":[{"href":"https:\/\/www.haekelfieber.de\/wp-blog\/wp-json\/wp\/v2\/posts"}],"about":[{"href":"https:\/\/www.haekelfieber.de\/wp-blog\/wp-json\/wp\/v2\/types\/post"}],"author":[{"embeddable":true,"href":"https:\/\/www.haekelfieber.de\/wp-blog\/wp-json\/wp\/v2\/users\/1"}],"replies":[{"embeddable":true,"href":"https:\/\/www.haekelfieber.de\/wp-blog\/wp-json\/wp\/v2\/comments?post=1837"}],"version-history":[{"count":2,"href":"https:\/\/www.haekelfieber.de\/wp-blog\/wp-json\/wp\/v2\/posts\/1837\/revisions"}],"predecessor-version":[{"id":1839,"href":"https:\/\/www.haekelfieber.de\/wp-blog\/wp-json\/wp\/v2\/posts\/1837\/revisions\/1839"}],"wp:attachment":[{"href":"https:\/\/www.haekelfieber.de\/wp-blog\/wp-json\/wp\/v2\/media?parent=1837"}],"wp:term":[{"taxonomy":"category","embeddable":true,"href":"https:\/\/www.haekelfieber.de\/wp-blog\/wp-json\/wp\/v2\/categories?post=1837"},{"taxonomy":"post_tag","embeddable":true,"href":"https:\/\/www.haekelfieber.de\/wp-blog\/wp-json\/wp\/v2\/tags?post=1837"}],"curies":[{"name":"wp","href":"https:\/\/api.w.org\/{rel}","templated":true}]}}