{"id":219,"date":"2014-06-04T19:49:38","date_gmt":"2014-06-04T17:49:38","guid":{"rendered":"http:\/\/www.haekelfieber.de\/wp-blog\/?p=219"},"modified":"2014-06-15T14:37:06","modified_gmt":"2014-06-15T12:37:06","slug":"im-garten","status":"publish","type":"post","link":"https:\/\/www.haekelfieber.de\/wp-blog\/2014\/06\/im-garten\/","title":{"rendered":"Im Garten"},"content":{"rendered":"<p>Heute, bei dem sch\u00f6nen Wetter war Gartenarbeit angesagt. Meine Tochter m\u00e4hte den Rasen und ich werkelte im Gem\u00fcsegarten herum. Sellerie- und Kohlrabipfl\u00e4nzchen wurden gesetzt und Unkraut gezupft.<\/p>\n<p><a href=\"https:\/\/www.haekelfieber.de\/wp-blog\/wp-content\/uploads\/2014\/06\/Gem\u00fcsegarten_2.jpg\"><img loading=\"lazy\" decoding=\"async\" class=\"aligncenter size-large wp-image-226\" src=\"https:\/\/www.haekelfieber.de\/wp-blog\/wp-content\/uploads\/2014\/06\/Gem\u00fcsegarten_2-768x1024.jpg\" alt=\"Gem\u00fcsegarten\" width=\"604\" height=\"805\" srcset=\"https:\/\/www.haekelfieber.de\/wp-blog\/wp-content\/uploads\/2014\/06\/Gem\u00fcsegarten_2-768x1024.jpg 768w, https:\/\/www.haekelfieber.de\/wp-blog\/wp-content\/uploads\/2014\/06\/Gem\u00fcsegarten_2-225x300.jpg 225w, https:\/\/www.haekelfieber.de\/wp-blog\/wp-content\/uploads\/2014\/06\/Gem\u00fcsegarten_2.jpg 1200w\" sizes=\"auto, (max-width: 604px) 100vw, 604px\" \/><br \/>\n<\/a>Die zum zweiten Mal ausges\u00e4hten M\u00f6hren sind leider erneut Schneckenfutter geworden \ud83d\ude41<\/p>\n<p><a href=\"https:\/\/www.haekelfieber.de\/wp-blog\/wp-content\/uploads\/2014\/06\/Gem\u00fcsegarten_1.jpg\"><img loading=\"lazy\" decoding=\"async\" class=\"aligncenter wp-image-224 size-large\" src=\"https:\/\/www.haekelfieber.de\/wp-blog\/wp-content\/uploads\/2014\/06\/Gem\u00fcsegarten_1-e1401905019941-1024x768.jpg\" alt=\"Gem\u00fcsegarten\" width=\"604\" height=\"453\" srcset=\"https:\/\/www.haekelfieber.de\/wp-blog\/wp-content\/uploads\/2014\/06\/Gem\u00fcsegarten_1-e1401905019941-1024x768.jpg 1024w, https:\/\/www.haekelfieber.de\/wp-blog\/wp-content\/uploads\/2014\/06\/Gem\u00fcsegarten_1-e1401905019941-300x225.jpg 300w, https:\/\/www.haekelfieber.de\/wp-blog\/wp-content\/uploads\/2014\/06\/Gem\u00fcsegarten_1-e1401905019941.jpg 1600w\" sizes=\"auto, (max-width: 604px) 100vw, 604px\" \/><\/a>Fast nichts zu sehen, wie ihr seht.<\/p>\n<p><a href=\"https:\/\/www.haekelfieber.de\/wp-blog\/wp-content\/uploads\/2014\/06\/Gem\u00fcsegarte_3.jpg\"><img loading=\"lazy\" decoding=\"async\" class=\"aligncenter size-large wp-image-223\" src=\"https:\/\/www.haekelfieber.de\/wp-blog\/wp-content\/uploads\/2014\/06\/Gem\u00fcsegarte_3-768x1024.jpg\" alt=\"Zuckererbsen\" width=\"604\" height=\"805\" srcset=\"https:\/\/www.haekelfieber.de\/wp-blog\/wp-content\/uploads\/2014\/06\/Gem\u00fcsegarte_3-768x1024.jpg 768w, https:\/\/www.haekelfieber.de\/wp-blog\/wp-content\/uploads\/2014\/06\/Gem\u00fcsegarte_3-225x300.jpg 225w, https:\/\/www.haekelfieber.de\/wp-blog\/wp-content\/uploads\/2014\/06\/Gem\u00fcsegarte_3.jpg 1200w\" sizes=\"auto, (max-width: 604px) 100vw, 604px\" \/><\/a><br \/>\nDie Zuckererbsen wachsen ganz gut und machen Hoffnung auf eine gute Ernte \ud83d\ude42<\/p>\n<p>Der Garten hat mich mit den Jahren Gelassenheit gelehrt. Mal w\u00e4chst was, mal nicht. Ist so.<\/p>\n<p><a href=\"https:\/\/www.haekelfieber.de\/wp-blog\/wp-content\/uploads\/2014\/06\/Fingerhut.jpg\"><img loading=\"lazy\" decoding=\"async\" class=\"aligncenter size-large wp-image-222\" src=\"https:\/\/www.haekelfieber.de\/wp-blog\/wp-content\/uploads\/2014\/06\/Fingerhut-768x1024.jpg\" alt=\"Fingerhut\" width=\"604\" height=\"805\" srcset=\"https:\/\/www.haekelfieber.de\/wp-blog\/wp-content\/uploads\/2014\/06\/Fingerhut-768x1024.jpg 768w, https:\/\/www.haekelfieber.de\/wp-blog\/wp-content\/uploads\/2014\/06\/Fingerhut-225x300.jpg 225w, https:\/\/www.haekelfieber.de\/wp-blog\/wp-content\/uploads\/2014\/06\/Fingerhut.jpg 1200w\" sizes=\"auto, (max-width: 604px) 100vw, 604px\" \/><\/a><br \/>\nBesonders freue ich mich auf den, im letzten Jahr ges\u00e4ten und in diesem Jahr zur Bl\u00fcte kommenden Fingerhut.<\/p>\n<p><a href=\"https:\/\/www.haekelfieber.de\/wp-blog\/wp-content\/uploads\/2014\/06\/Pfingstrose_gro\u00df.jpg\"><img loading=\"lazy\" decoding=\"async\" class=\"aligncenter size-large wp-image-229\" src=\"https:\/\/www.haekelfieber.de\/wp-blog\/wp-content\/uploads\/2014\/06\/Pfingstrose_gro\u00df-768x1024.jpg\" alt=\"Pfingstrose_gro\u00df\" width=\"604\" height=\"805\" srcset=\"https:\/\/www.haekelfieber.de\/wp-blog\/wp-content\/uploads\/2014\/06\/Pfingstrose_gro\u00df-768x1024.jpg 768w, https:\/\/www.haekelfieber.de\/wp-blog\/wp-content\/uploads\/2014\/06\/Pfingstrose_gro\u00df-225x300.jpg 225w, https:\/\/www.haekelfieber.de\/wp-blog\/wp-content\/uploads\/2014\/06\/Pfingstrose_gro\u00df.jpg 1200w\" sizes=\"auto, (max-width: 604px) 100vw, 604px\" \/><\/a><br \/>\n<a href=\"https:\/\/www.haekelfieber.de\/wp-blog\/wp-content\/uploads\/2014\/06\/Pfingstrose.jpg\"><img loading=\"lazy\" decoding=\"async\" class=\"aligncenter size-large wp-image-228\" src=\"https:\/\/www.haekelfieber.de\/wp-blog\/wp-content\/uploads\/2014\/06\/Pfingstrose-768x1024.jpg\" alt=\"Pfingstrose\" width=\"604\" height=\"805\" srcset=\"https:\/\/www.haekelfieber.de\/wp-blog\/wp-content\/uploads\/2014\/06\/Pfingstrose-768x1024.jpg 768w, https:\/\/www.haekelfieber.de\/wp-blog\/wp-content\/uploads\/2014\/06\/Pfingstrose-225x300.jpg 225w, https:\/\/www.haekelfieber.de\/wp-blog\/wp-content\/uploads\/2014\/06\/Pfingstrose.jpg 1200w\" sizes=\"auto, (max-width: 604px) 100vw, 604px\" \/><\/a><br \/>\nDie Pfingstrosen beginnen zu bl\u00fchen. Ich liebe die Kombination mit dem Storchschnabel und Salbei.<\/p>\n<p><a href=\"https:\/\/www.haekelfieber.de\/wp-blog\/wp-content\/uploads\/2014\/06\/L\u00f6wenmaul.jpg\"><img loading=\"lazy\" decoding=\"async\" class=\"aligncenter size-large wp-image-227\" src=\"https:\/\/www.haekelfieber.de\/wp-blog\/wp-content\/uploads\/2014\/06\/L\u00f6wenmaul-768x1024.jpg\" alt=\"L\u00f6wenmaul\" width=\"604\" height=\"805\" srcset=\"https:\/\/www.haekelfieber.de\/wp-blog\/wp-content\/uploads\/2014\/06\/L\u00f6wenmaul-768x1024.jpg 768w, https:\/\/www.haekelfieber.de\/wp-blog\/wp-content\/uploads\/2014\/06\/L\u00f6wenmaul-225x300.jpg 225w, https:\/\/www.haekelfieber.de\/wp-blog\/wp-content\/uploads\/2014\/06\/L\u00f6wenmaul.jpg 1200w\" sizes=\"auto, (max-width: 604px) 100vw, 604px\" \/><\/a><br \/>\nDurch den milden Winter hat das L\u00f6wenmaul einen tollen Auftritt!<\/p>\n<p><a href=\"https:\/\/www.haekelfieber.de\/wp-blog\/wp-content\/uploads\/2014\/06\/Blattl\u00e4use.jpg\"><img loading=\"lazy\" decoding=\"async\" class=\"aligncenter size-large wp-image-221\" src=\"https:\/\/www.haekelfieber.de\/wp-blog\/wp-content\/uploads\/2014\/06\/Blattl\u00e4use-768x1024.jpg\" alt=\"Blattl\u00e4use\" width=\"604\" height=\"805\" srcset=\"https:\/\/www.haekelfieber.de\/wp-blog\/wp-content\/uploads\/2014\/06\/Blattl\u00e4use-768x1024.jpg 768w, https:\/\/www.haekelfieber.de\/wp-blog\/wp-content\/uploads\/2014\/06\/Blattl\u00e4use-225x300.jpg 225w, https:\/\/www.haekelfieber.de\/wp-blog\/wp-content\/uploads\/2014\/06\/Blattl\u00e4use.jpg 1200w\" sizes=\"auto, (max-width: 604px) 100vw, 604px\" \/><\/a><br \/>\nAuch die Blattl\u00e4use wachsen und gedeihen gut \ud83d\ude42<\/p>\n","protected":false},"excerpt":{"rendered":"<p>Heute, bei dem sch\u00f6nen Wetter war Gartenarbeit angesagt. Meine Tochter m\u00e4hte den Rasen und ich werkelte im Gem\u00fcsegarten herum. Sellerie- und Kohlrabipfl\u00e4nzchen wurden gesetzt und Unkraut gezupft. Die zum zweiten Mal ausges\u00e4hten M\u00f6hren sind leider erneut Schneckenfutter geworden \ud83d\ude41 Fast nichts zu sehen, wie ihr seht. Die Zuckererbsen wachsen ganz gut und machen Hoffnung auf &hellip; <a href=\"https:\/\/www.haekelfieber.de\/wp-blog\/2014\/06\/im-garten\/\" class=\"more-link\"><span class=\"screen-reader-text\">Im Garten<\/span> weiterlesen <span class=\"meta-nav\">&rarr;<\/span><\/a><\/p>\n","protected":false},"author":1,"featured_media":0,"comment_status":"open","ping_status":"open","sticky":false,"template":"","format":"standard","meta":{"footnotes":""},"categories":[7],"tags":[],"class_list":["post-219","post","type-post","status-publish","format-standard","hentry","category-garten"],"yoast_head":"<!-- This site is optimized with the Yoast SEO plugin v27.4 - https:\/\/yoast.com\/product\/yoast-seo-wordpress\/ -->\n<title>Im Garten - H\u00e4kelfieber<\/title>\n<meta name=\"robots\" content=\"index, follow, max-snippet:-1, max-image-preview:large, max-video-preview:-1\" \/>\n<link rel=\"canonical\" href=\"https:\/\/www.haekelfieber.de\/wp-blog\/2014\/06\/im-garten\/\" \/>\n<meta property=\"og:locale\" content=\"de_DE\" \/>\n<meta property=\"og:type\" content=\"article\" \/>\n<meta property=\"og:title\" content=\"Im Garten - H\u00e4kelfieber\" \/>\n<meta property=\"og:description\" content=\"Heute, bei dem sch\u00f6nen Wetter war Gartenarbeit angesagt. Meine Tochter m\u00e4hte den Rasen und ich werkelte im Gem\u00fcsegarten herum. Sellerie- und Kohlrabipfl\u00e4nzchen wurden gesetzt und Unkraut gezupft. Die zum zweiten Mal ausges\u00e4hten M\u00f6hren sind leider erneut Schneckenfutter geworden \ud83d\ude41 Fast nichts zu sehen, wie ihr seht. Die Zuckererbsen wachsen ganz gut und machen Hoffnung auf &hellip; Im Garten weiterlesen &rarr;\" \/>\n<meta property=\"og:url\" content=\"https:\/\/www.haekelfieber.de\/wp-blog\/2014\/06\/im-garten\/\" \/>\n<meta property=\"og:site_name\" content=\"H\u00e4kelfieber\" \/>\n<meta property=\"article:published_time\" content=\"2014-06-04T17:49:38+00:00\" \/>\n<meta property=\"article:modified_time\" content=\"2014-06-15T12:37:06+00:00\" \/>\n<meta property=\"og:image\" content=\"https:\/\/www.haekelfieber.de\/wp-blog\/wp-content\/uploads\/2014\/06\/Gem\u00fcsegarten_2-768x1024.jpg\" \/>\n<meta name=\"author\" content=\"Jutta\" \/>\n<meta name=\"twitter:label1\" content=\"Verfasst von\" \/>\n\t<meta name=\"twitter:data1\" content=\"Jutta\" \/>\n\t<meta name=\"twitter:label2\" content=\"Gesch\u00e4tzte Lesezeit\" \/>\n\t<meta name=\"twitter:data2\" content=\"1\u00a0Minute\" \/>\n<script type=\"application\/ld+json\" class=\"yoast-schema-graph\">{\"@context\":\"https:\\\/\\\/schema.org\",\"@graph\":[{\"@type\":\"Article\",\"@id\":\"https:\\\/\\\/www.haekelfieber.de\\\/wp-blog\\\/2014\\\/06\\\/im-garten\\\/#article\",\"isPartOf\":{\"@id\":\"https:\\\/\\\/www.haekelfieber.de\\\/wp-blog\\\/2014\\\/06\\\/im-garten\\\/\"},\"author\":{\"name\":\"Jutta\",\"@id\":\"https:\\\/\\\/www.haekelfieber.de\\\/wp-blog\\\/#\\\/schema\\\/person\\\/08b81f8e0d3480519aadc66881dee8d7\"},\"headline\":\"Im Garten\",\"datePublished\":\"2014-06-04T17:49:38+00:00\",\"dateModified\":\"2014-06-15T12:37:06+00:00\",\"mainEntityOfPage\":{\"@id\":\"https:\\\/\\\/www.haekelfieber.de\\\/wp-blog\\\/2014\\\/06\\\/im-garten\\\/\"},\"wordCount\":136,\"commentCount\":0,\"publisher\":{\"@id\":\"https:\\\/\\\/www.haekelfieber.de\\\/wp-blog\\\/#organization\"},\"image\":{\"@id\":\"https:\\\/\\\/www.haekelfieber.de\\\/wp-blog\\\/2014\\\/06\\\/im-garten\\\/#primaryimage\"},\"thumbnailUrl\":\"https:\\\/\\\/www.haekelfieber.de\\\/wp-blog\\\/wp-content\\\/uploads\\\/2014\\\/06\\\/Fingerhut-768x1024.jpg\",\"articleSection\":[\"Garten\"],\"inLanguage\":\"de\",\"potentialAction\":[{\"@type\":\"CommentAction\",\"name\":\"Comment\",\"target\":[\"https:\\\/\\\/www.haekelfieber.de\\\/wp-blog\\\/2014\\\/06\\\/im-garten\\\/#respond\"]}]},{\"@type\":\"WebPage\",\"@id\":\"https:\\\/\\\/www.haekelfieber.de\\\/wp-blog\\\/2014\\\/06\\\/im-garten\\\/\",\"url\":\"https:\\\/\\\/www.haekelfieber.de\\\/wp-blog\\\/2014\\\/06\\\/im-garten\\\/\",\"name\":\"Im Garten - H\u00e4kelfieber\",\"isPartOf\":{\"@id\":\"https:\\\/\\\/www.haekelfieber.de\\\/wp-blog\\\/#website\"},\"primaryImageOfPage\":{\"@id\":\"https:\\\/\\\/www.haekelfieber.de\\\/wp-blog\\\/2014\\\/06\\\/im-garten\\\/#primaryimage\"},\"image\":{\"@id\":\"https:\\\/\\\/www.haekelfieber.de\\\/wp-blog\\\/2014\\\/06\\\/im-garten\\\/#primaryimage\"},\"thumbnailUrl\":\"https:\\\/\\\/www.haekelfieber.de\\\/wp-blog\\\/wp-content\\\/uploads\\\/2014\\\/06\\\/Fingerhut-768x1024.jpg\",\"datePublished\":\"2014-06-04T17:49:38+00:00\",\"dateModified\":\"2014-06-15T12:37:06+00:00\",\"breadcrumb\":{\"@id\":\"https:\\\/\\\/www.haekelfieber.de\\\/wp-blog\\\/2014\\\/06\\\/im-garten\\\/#breadcrumb\"},\"inLanguage\":\"de\",\"potentialAction\":[{\"@type\":\"ReadAction\",\"target\":[\"https:\\\/\\\/www.haekelfieber.de\\\/wp-blog\\\/2014\\\/06\\\/im-garten\\\/\"]}]},{\"@type\":\"ImageObject\",\"inLanguage\":\"de\",\"@id\":\"https:\\\/\\\/www.haekelfieber.de\\\/wp-blog\\\/2014\\\/06\\\/im-garten\\\/#primaryimage\",\"url\":\"https:\\\/\\\/www.haekelfieber.de\\\/wp-blog\\\/wp-content\\\/uploads\\\/2014\\\/06\\\/Fingerhut.jpg\",\"contentUrl\":\"https:\\\/\\\/www.haekelfieber.de\\\/wp-blog\\\/wp-content\\\/uploads\\\/2014\\\/06\\\/Fingerhut.jpg\",\"width\":1200,\"height\":1600},{\"@type\":\"BreadcrumbList\",\"@id\":\"https:\\\/\\\/www.haekelfieber.de\\\/wp-blog\\\/2014\\\/06\\\/im-garten\\\/#breadcrumb\",\"itemListElement\":[{\"@type\":\"ListItem\",\"position\":1,\"name\":\"Home\",\"item\":\"https:\\\/\\\/www.haekelfieber.de\\\/wp-blog\\\/\"},{\"@type\":\"ListItem\",\"position\":2,\"name\":\"Im Garten\"}]},{\"@type\":\"WebSite\",\"@id\":\"https:\\\/\\\/www.haekelfieber.de\\\/wp-blog\\\/#website\",\"url\":\"https:\\\/\\\/www.haekelfieber.de\\\/wp-blog\\\/\",\"name\":\"H\u00e4kelfieber\",\"description\":\"Ich bin im...\",\"publisher\":{\"@id\":\"https:\\\/\\\/www.haekelfieber.de\\\/wp-blog\\\/#organization\"},\"potentialAction\":[{\"@type\":\"SearchAction\",\"target\":{\"@type\":\"EntryPoint\",\"urlTemplate\":\"https:\\\/\\\/www.haekelfieber.de\\\/wp-blog\\\/?s={search_term_string}\"},\"query-input\":{\"@type\":\"PropertyValueSpecification\",\"valueRequired\":true,\"valueName\":\"search_term_string\"}}],\"inLanguage\":\"de\"},{\"@type\":\"Organization\",\"@id\":\"https:\\\/\\\/www.haekelfieber.de\\\/wp-blog\\\/#organization\",\"name\":\"H\u00e4kelfieber\",\"url\":\"https:\\\/\\\/www.haekelfieber.de\\\/wp-blog\\\/\",\"logo\":{\"@type\":\"ImageObject\",\"inLanguage\":\"de\",\"@id\":\"https:\\\/\\\/www.haekelfieber.de\\\/wp-blog\\\/#\\\/schema\\\/logo\\\/image\\\/\",\"url\":\"https:\\\/\\\/www.haekelfieber.de\\\/wp-blog\\\/wp-content\\\/uploads\\\/2023\\\/03\\\/kissen-haekeln2.jpg\",\"contentUrl\":\"https:\\\/\\\/www.haekelfieber.de\\\/wp-blog\\\/wp-content\\\/uploads\\\/2023\\\/03\\\/kissen-haekeln2.jpg\",\"width\":683,\"height\":1024,\"caption\":\"H\u00e4kelfieber\"},\"image\":{\"@id\":\"https:\\\/\\\/www.haekelfieber.de\\\/wp-blog\\\/#\\\/schema\\\/logo\\\/image\\\/\"}},{\"@type\":\"Person\",\"@id\":\"https:\\\/\\\/www.haekelfieber.de\\\/wp-blog\\\/#\\\/schema\\\/person\\\/08b81f8e0d3480519aadc66881dee8d7\",\"name\":\"Jutta\",\"image\":{\"@type\":\"ImageObject\",\"inLanguage\":\"de\",\"@id\":\"https:\\\/\\\/secure.gravatar.com\\\/avatar\\\/4fb96a09981d3eab52fd94765c38a5395ca69a563a8cd98c172ef85375636d9d?s=96&d=mm&r=g\",\"url\":\"https:\\\/\\\/secure.gravatar.com\\\/avatar\\\/4fb96a09981d3eab52fd94765c38a5395ca69a563a8cd98c172ef85375636d9d?s=96&d=mm&r=g\",\"contentUrl\":\"https:\\\/\\\/secure.gravatar.com\\\/avatar\\\/4fb96a09981d3eab52fd94765c38a5395ca69a563a8cd98c172ef85375636d9d?s=96&d=mm&r=g\",\"caption\":\"Jutta\"},\"url\":\"https:\\\/\\\/www.haekelfieber.de\\\/wp-blog\\\/author\\\/admin\\\/\"}]}<\/script>\n<!-- \/ Yoast SEO plugin. -->","yoast_head_json":{"title":"Im Garten - H\u00e4kelfieber","robots":{"index":"index","follow":"follow","max-snippet":"max-snippet:-1","max-image-preview":"max-image-preview:large","max-video-preview":"max-video-preview:-1"},"canonical":"https:\/\/www.haekelfieber.de\/wp-blog\/2014\/06\/im-garten\/","og_locale":"de_DE","og_type":"article","og_title":"Im Garten - H\u00e4kelfieber","og_description":"Heute, bei dem sch\u00f6nen Wetter war Gartenarbeit angesagt. Meine Tochter m\u00e4hte den Rasen und ich werkelte im Gem\u00fcsegarten herum. Sellerie- und Kohlrabipfl\u00e4nzchen wurden gesetzt und Unkraut gezupft. Die zum zweiten Mal ausges\u00e4hten M\u00f6hren sind leider erneut Schneckenfutter geworden \ud83d\ude41 Fast nichts zu sehen, wie ihr seht. Die Zuckererbsen wachsen ganz gut und machen Hoffnung auf &hellip; Im Garten weiterlesen &rarr;","og_url":"https:\/\/www.haekelfieber.de\/wp-blog\/2014\/06\/im-garten\/","og_site_name":"H\u00e4kelfieber","article_published_time":"2014-06-04T17:49:38+00:00","article_modified_time":"2014-06-15T12:37:06+00:00","og_image":[{"url":"https:\/\/www.haekelfieber.de\/wp-blog\/wp-content\/uploads\/2014\/06\/Gem\u00fcsegarten_2-768x1024.jpg","type":"","width":"","height":""}],"author":"Jutta","twitter_misc":{"Verfasst von":"Jutta","Gesch\u00e4tzte Lesezeit":"1\u00a0Minute"},"schema":{"@context":"https:\/\/schema.org","@graph":[{"@type":"Article","@id":"https:\/\/www.haekelfieber.de\/wp-blog\/2014\/06\/im-garten\/#article","isPartOf":{"@id":"https:\/\/www.haekelfieber.de\/wp-blog\/2014\/06\/im-garten\/"},"author":{"name":"Jutta","@id":"https:\/\/www.haekelfieber.de\/wp-blog\/#\/schema\/person\/08b81f8e0d3480519aadc66881dee8d7"},"headline":"Im Garten","datePublished":"2014-06-04T17:49:38+00:00","dateModified":"2014-06-15T12:37:06+00:00","mainEntityOfPage":{"@id":"https:\/\/www.haekelfieber.de\/wp-blog\/2014\/06\/im-garten\/"},"wordCount":136,"commentCount":0,"publisher":{"@id":"https:\/\/www.haekelfieber.de\/wp-blog\/#organization"},"image":{"@id":"https:\/\/www.haekelfieber.de\/wp-blog\/2014\/06\/im-garten\/#primaryimage"},"thumbnailUrl":"https:\/\/www.haekelfieber.de\/wp-blog\/wp-content\/uploads\/2014\/06\/Fingerhut-768x1024.jpg","articleSection":["Garten"],"inLanguage":"de","potentialAction":[{"@type":"CommentAction","name":"Comment","target":["https:\/\/www.haekelfieber.de\/wp-blog\/2014\/06\/im-garten\/#respond"]}]},{"@type":"WebPage","@id":"https:\/\/www.haekelfieber.de\/wp-blog\/2014\/06\/im-garten\/","url":"https:\/\/www.haekelfieber.de\/wp-blog\/2014\/06\/im-garten\/","name":"Im Garten - H\u00e4kelfieber","isPartOf":{"@id":"https:\/\/www.haekelfieber.de\/wp-blog\/#website"},"primaryImageOfPage":{"@id":"https:\/\/www.haekelfieber.de\/wp-blog\/2014\/06\/im-garten\/#primaryimage"},"image":{"@id":"https:\/\/www.haekelfieber.de\/wp-blog\/2014\/06\/im-garten\/#primaryimage"},"thumbnailUrl":"https:\/\/www.haekelfieber.de\/wp-blog\/wp-content\/uploads\/2014\/06\/Fingerhut-768x1024.jpg","datePublished":"2014-06-04T17:49:38+00:00","dateModified":"2014-06-15T12:37:06+00:00","breadcrumb":{"@id":"https:\/\/www.haekelfieber.de\/wp-blog\/2014\/06\/im-garten\/#breadcrumb"},"inLanguage":"de","potentialAction":[{"@type":"ReadAction","target":["https:\/\/www.haekelfieber.de\/wp-blog\/2014\/06\/im-garten\/"]}]},{"@type":"ImageObject","inLanguage":"de","@id":"https:\/\/www.haekelfieber.de\/wp-blog\/2014\/06\/im-garten\/#primaryimage","url":"https:\/\/www.haekelfieber.de\/wp-blog\/wp-content\/uploads\/2014\/06\/Fingerhut.jpg","contentUrl":"https:\/\/www.haekelfieber.de\/wp-blog\/wp-content\/uploads\/2014\/06\/Fingerhut.jpg","width":1200,"height":1600},{"@type":"BreadcrumbList","@id":"https:\/\/www.haekelfieber.de\/wp-blog\/2014\/06\/im-garten\/#breadcrumb","itemListElement":[{"@type":"ListItem","position":1,"name":"Home","item":"https:\/\/www.haekelfieber.de\/wp-blog\/"},{"@type":"ListItem","position":2,"name":"Im Garten"}]},{"@type":"WebSite","@id":"https:\/\/www.haekelfieber.de\/wp-blog\/#website","url":"https:\/\/www.haekelfieber.de\/wp-blog\/","name":"H\u00e4kelfieber","description":"Ich bin im...","publisher":{"@id":"https:\/\/www.haekelfieber.de\/wp-blog\/#organization"},"potentialAction":[{"@type":"SearchAction","target":{"@type":"EntryPoint","urlTemplate":"https:\/\/www.haekelfieber.de\/wp-blog\/?s={search_term_string}"},"query-input":{"@type":"PropertyValueSpecification","valueRequired":true,"valueName":"search_term_string"}}],"inLanguage":"de"},{"@type":"Organization","@id":"https:\/\/www.haekelfieber.de\/wp-blog\/#organization","name":"H\u00e4kelfieber","url":"https:\/\/www.haekelfieber.de\/wp-blog\/","logo":{"@type":"ImageObject","inLanguage":"de","@id":"https:\/\/www.haekelfieber.de\/wp-blog\/#\/schema\/logo\/image\/","url":"https:\/\/www.haekelfieber.de\/wp-blog\/wp-content\/uploads\/2023\/03\/kissen-haekeln2.jpg","contentUrl":"https:\/\/www.haekelfieber.de\/wp-blog\/wp-content\/uploads\/2023\/03\/kissen-haekeln2.jpg","width":683,"height":1024,"caption":"H\u00e4kelfieber"},"image":{"@id":"https:\/\/www.haekelfieber.de\/wp-blog\/#\/schema\/logo\/image\/"}},{"@type":"Person","@id":"https:\/\/www.haekelfieber.de\/wp-blog\/#\/schema\/person\/08b81f8e0d3480519aadc66881dee8d7","name":"Jutta","image":{"@type":"ImageObject","inLanguage":"de","@id":"https:\/\/secure.gravatar.com\/avatar\/4fb96a09981d3eab52fd94765c38a5395ca69a563a8cd98c172ef85375636d9d?s=96&d=mm&r=g","url":"https:\/\/secure.gravatar.com\/avatar\/4fb96a09981d3eab52fd94765c38a5395ca69a563a8cd98c172ef85375636d9d?s=96&d=mm&r=g","contentUrl":"https:\/\/secure.gravatar.com\/avatar\/4fb96a09981d3eab52fd94765c38a5395ca69a563a8cd98c172ef85375636d9d?s=96&d=mm&r=g","caption":"Jutta"},"url":"https:\/\/www.haekelfieber.de\/wp-blog\/author\/admin\/"}]}},"_links":{"self":[{"href":"https:\/\/www.haekelfieber.de\/wp-blog\/wp-json\/wp\/v2\/posts\/219","targetHints":{"allow":["GET"]}}],"collection":[{"href":"https:\/\/www.haekelfieber.de\/wp-blog\/wp-json\/wp\/v2\/posts"}],"about":[{"href":"https:\/\/www.haekelfieber.de\/wp-blog\/wp-json\/wp\/v2\/types\/post"}],"author":[{"embeddable":true,"href":"https:\/\/www.haekelfieber.de\/wp-blog\/wp-json\/wp\/v2\/users\/1"}],"replies":[{"embeddable":true,"href":"https:\/\/www.haekelfieber.de\/wp-blog\/wp-json\/wp\/v2\/comments?post=219"}],"version-history":[{"count":4,"href":"https:\/\/www.haekelfieber.de\/wp-blog\/wp-json\/wp\/v2\/posts\/219\/revisions"}],"predecessor-version":[{"id":232,"href":"https:\/\/www.haekelfieber.de\/wp-blog\/wp-json\/wp\/v2\/posts\/219\/revisions\/232"}],"wp:attachment":[{"href":"https:\/\/www.haekelfieber.de\/wp-blog\/wp-json\/wp\/v2\/media?parent=219"}],"wp:term":[{"taxonomy":"category","embeddable":true,"href":"https:\/\/www.haekelfieber.de\/wp-blog\/wp-json\/wp\/v2\/categories?post=219"},{"taxonomy":"post_tag","embeddable":true,"href":"https:\/\/www.haekelfieber.de\/wp-blog\/wp-json\/wp\/v2\/tags?post=219"}],"curies":[{"name":"wp","href":"https:\/\/api.w.org\/{rel}","templated":true}]}}