{"id":2462,"date":"2015-05-21T19:36:39","date_gmt":"2015-05-21T17:36:39","guid":{"rendered":"http:\/\/www.haekelfieber.de\/wp-blog\/?p=2462"},"modified":"2015-05-21T19:36:39","modified_gmt":"2015-05-21T17:36:39","slug":"haekelwunsch-meiner-tochter","status":"publish","type":"post","link":"https:\/\/www.haekelfieber.de\/wp-blog\/2015\/05\/haekelwunsch-meiner-tochter\/","title":{"rendered":"H\u00e4kelwunsch meiner Tochter"},"content":{"rendered":"<p>Das ist er&#8230;<\/p>\n<p><a href=\"https:\/\/www.haekelfieber.de\/wp-blog\/wp-content\/uploads\/2015\/05\/Ladekabel-h\u00e4keln-4.jpg\"><img loading=\"lazy\" decoding=\"async\" class=\"aligncenter size-large wp-image-2460\" src=\"https:\/\/www.haekelfieber.de\/wp-blog\/wp-content\/uploads\/2015\/05\/Ladekabel-h\u00e4keln-4-450x600.jpg\" alt=\"Ladekabel h\u00e4keln (4)\" width=\"450\" height=\"600\" srcset=\"https:\/\/www.haekelfieber.de\/wp-blog\/wp-content\/uploads\/2015\/05\/Ladekabel-h\u00e4keln-4-450x600.jpg 450w, https:\/\/www.haekelfieber.de\/wp-blog\/wp-content\/uploads\/2015\/05\/Ladekabel-h\u00e4keln-4-225x300.jpg 225w, https:\/\/www.haekelfieber.de\/wp-blog\/wp-content\/uploads\/2015\/05\/Ladekabel-h\u00e4keln-4.jpg 600w\" sizes=\"auto, (max-width: 450px) 100vw, 450px\" \/><\/a><br \/>\n&#8230;der H\u00e4kelwunsch einer meiner T\u00f6chter. Die Idee dazu hat sie auf Pinterest gefunden.<\/p>\n<p><a href=\"https:\/\/www.haekelfieber.de\/wp-blog\/wp-content\/uploads\/2015\/05\/Ladekabel-h\u00e4keln-1.jpg\"><img loading=\"lazy\" decoding=\"async\" class=\"aligncenter size-large wp-image-2461\" src=\"https:\/\/www.haekelfieber.de\/wp-blog\/wp-content\/uploads\/2015\/05\/Ladekabel-h\u00e4keln-1-450x600.jpg\" alt=\"Ladekabel h\u00e4keln (1)\" width=\"450\" height=\"600\" srcset=\"https:\/\/www.haekelfieber.de\/wp-blog\/wp-content\/uploads\/2015\/05\/Ladekabel-h\u00e4keln-1-450x600.jpg 450w, https:\/\/www.haekelfieber.de\/wp-blog\/wp-content\/uploads\/2015\/05\/Ladekabel-h\u00e4keln-1-225x300.jpg 225w, https:\/\/www.haekelfieber.de\/wp-blog\/wp-content\/uploads\/2015\/05\/Ladekabel-h\u00e4keln-1.jpg 600w\" sizes=\"auto, (max-width: 450px) 100vw, 450px\" \/><\/a><br \/>\nF\u00fcr alle nichttechnikaffinen Menschen: Das ist ein Handyladekabel \ud83d\ude42<\/p>\n<p><a href=\"https:\/\/www.haekelfieber.de\/wp-blog\/wp-content\/uploads\/2015\/05\/Ladekabel-h\u00e4keln-3.jpg\"><img loading=\"lazy\" decoding=\"async\" class=\"aligncenter size-large wp-image-2459\" src=\"https:\/\/www.haekelfieber.de\/wp-blog\/wp-content\/uploads\/2015\/05\/Ladekabel-h\u00e4keln-3-450x600.jpg\" alt=\"Ladekabel h\u00e4keln (3)\" width=\"450\" height=\"600\" srcset=\"https:\/\/www.haekelfieber.de\/wp-blog\/wp-content\/uploads\/2015\/05\/Ladekabel-h\u00e4keln-3-450x600.jpg 450w, https:\/\/www.haekelfieber.de\/wp-blog\/wp-content\/uploads\/2015\/05\/Ladekabel-h\u00e4keln-3-225x300.jpg 225w, https:\/\/www.haekelfieber.de\/wp-blog\/wp-content\/uploads\/2015\/05\/Ladekabel-h\u00e4keln-3.jpg 600w\" sizes=\"auto, (max-width: 450px) 100vw, 450px\" \/><\/a><br \/>\nIch mach jetzt in elektrisch \ud83d\ude42<br \/>\nDa f\u00e4llt mir ein: ich k\u00f6nnte auch noch das Kabel von der Kabeltrommel aus der Werkstatt umh\u00e4keln. Das w\u00fcrde meinem G\u00f6ttergatten bestimmt gefallen \ud83d\ude42 \ud83d\ude42 \ud83d\ude09<br \/>\nAn der Bohrmaschine, Stichs\u00e4ge, Bandschleifer, Handkreiss\u00e4ge, \u00fcberall h\u00e4ngt Kabel zum umh\u00e4keln dran. Wollte auch den Akkuschrauber in der Auflistung anf\u00fchren &#8211; ups, der hat ja keins, ist ja Akku \ud83d\ude42<\/p>\n<p><a href=\"https:\/\/www.haekelfieber.de\/wp-blog\/wp-content\/uploads\/2015\/05\/Ladekabel-h\u00e4keln-2.jpg\"><img loading=\"lazy\" decoding=\"async\" class=\"aligncenter size-large wp-image-2458\" src=\"https:\/\/www.haekelfieber.de\/wp-blog\/wp-content\/uploads\/2015\/05\/Ladekabel-h\u00e4keln-2-450x600.jpg\" alt=\"Ladekabel h\u00e4keln (2)\" width=\"450\" height=\"600\" srcset=\"https:\/\/www.haekelfieber.de\/wp-blog\/wp-content\/uploads\/2015\/05\/Ladekabel-h\u00e4keln-2-450x600.jpg 450w, https:\/\/www.haekelfieber.de\/wp-blog\/wp-content\/uploads\/2015\/05\/Ladekabel-h\u00e4keln-2-225x300.jpg 225w, https:\/\/www.haekelfieber.de\/wp-blog\/wp-content\/uploads\/2015\/05\/Ladekabel-h\u00e4keln-2.jpg 600w\" sizes=\"auto, (max-width: 450px) 100vw, 450px\" \/><\/a><br \/>\nDer nette Farbverlauf kommt durch die bunte Sockenwolle (Lana Grossa &#8222;Rocky&#8220;) zustande.<\/p>\n<p>PS: Jetzt muss ich was gestehn: Auf den Fotos seht ihr nicht das Kabel meiner Tochter. Neeeiiin. Das ist meins. Ich hab mir meins auch gleich noch umh\u00e4kelt.<\/p>\n<p>PPSS: Eine unserer Katzen findet das Kabel auch ganz toll. Sie hat es zum Fressen gern \ud83d\ude09<\/p>\n<p>PPPSSS: H\u00e4tte ich doch nur die Rubrik: Alles was die Welt nicht braucht, was aber wundersch\u00f6n ist. Dieses Teil w\u00fcrde perfekt hineinpassen.<\/p>\n","protected":false},"excerpt":{"rendered":"<p>Das ist er&#8230; &#8230;der H\u00e4kelwunsch einer meiner T\u00f6chter. Die Idee dazu hat sie auf Pinterest gefunden. F\u00fcr alle nichttechnikaffinen Menschen: Das ist ein Handyladekabel \ud83d\ude42 Ich mach jetzt in elektrisch \ud83d\ude42 Da f\u00e4llt mir ein: ich k\u00f6nnte auch noch das Kabel von der Kabeltrommel aus der Werkstatt umh\u00e4keln. Das w\u00fcrde meinem G\u00f6ttergatten bestimmt gefallen \ud83d\ude42 &hellip; <a href=\"https:\/\/www.haekelfieber.de\/wp-blog\/2015\/05\/haekelwunsch-meiner-tochter\/\" class=\"more-link\"><span class=\"screen-reader-text\">H\u00e4kelwunsch meiner Tochter<\/span> weiterlesen <span class=\"meta-nav\">&rarr;<\/span><\/a><\/p>\n","protected":false},"author":1,"featured_media":0,"comment_status":"open","ping_status":"open","sticky":false,"template":"","format":"standard","meta":{"footnotes":""},"categories":[9,5],"tags":[],"class_list":["post-2462","post","type-post","status-publish","format-standard","hentry","category-allerlei-nuetzliches","category-haekeln"],"yoast_head":"<!-- This site is optimized with the Yoast SEO plugin v27.4 - https:\/\/yoast.com\/product\/yoast-seo-wordpress\/ -->\n<title>H\u00e4kelwunsch meiner Tochter - H\u00e4kelfieber<\/title>\n<meta name=\"robots\" content=\"index, follow, max-snippet:-1, max-image-preview:large, max-video-preview:-1\" \/>\n<link rel=\"canonical\" href=\"https:\/\/www.haekelfieber.de\/wp-blog\/2015\/05\/haekelwunsch-meiner-tochter\/\" \/>\n<meta property=\"og:locale\" content=\"de_DE\" \/>\n<meta property=\"og:type\" content=\"article\" \/>\n<meta property=\"og:title\" content=\"H\u00e4kelwunsch meiner Tochter - H\u00e4kelfieber\" \/>\n<meta property=\"og:description\" content=\"Das ist er&#8230; &#8230;der H\u00e4kelwunsch einer meiner T\u00f6chter. Die Idee dazu hat sie auf Pinterest gefunden. F\u00fcr alle nichttechnikaffinen Menschen: Das ist ein Handyladekabel \ud83d\ude42 Ich mach jetzt in elektrisch \ud83d\ude42 Da f\u00e4llt mir ein: ich k\u00f6nnte auch noch das Kabel von der Kabeltrommel aus der Werkstatt umh\u00e4keln. Das w\u00fcrde meinem G\u00f6ttergatten bestimmt gefallen \ud83d\ude42 &hellip; H\u00e4kelwunsch meiner Tochter weiterlesen &rarr;\" \/>\n<meta property=\"og:url\" content=\"https:\/\/www.haekelfieber.de\/wp-blog\/2015\/05\/haekelwunsch-meiner-tochter\/\" \/>\n<meta property=\"og:site_name\" content=\"H\u00e4kelfieber\" \/>\n<meta property=\"article:published_time\" content=\"2015-05-21T17:36:39+00:00\" \/>\n<meta property=\"og:image\" content=\"https:\/\/www.haekelfieber.de\/wp-blog\/wp-content\/uploads\/2015\/05\/Ladekabel-h\u00e4keln-4-450x600.jpg\" \/>\n<meta name=\"author\" content=\"Jutta\" \/>\n<meta name=\"twitter:label1\" content=\"Verfasst von\" \/>\n\t<meta name=\"twitter:data1\" content=\"Jutta\" \/>\n\t<meta name=\"twitter:label2\" content=\"Gesch\u00e4tzte Lesezeit\" \/>\n\t<meta name=\"twitter:data2\" content=\"1\u00a0Minute\" \/>\n<script type=\"application\/ld+json\" class=\"yoast-schema-graph\">{\"@context\":\"https:\\\/\\\/schema.org\",\"@graph\":[{\"@type\":\"Article\",\"@id\":\"https:\\\/\\\/www.haekelfieber.de\\\/wp-blog\\\/2015\\\/05\\\/haekelwunsch-meiner-tochter\\\/#article\",\"isPartOf\":{\"@id\":\"https:\\\/\\\/www.haekelfieber.de\\\/wp-blog\\\/2015\\\/05\\\/haekelwunsch-meiner-tochter\\\/\"},\"author\":{\"name\":\"Jutta\",\"@id\":\"https:\\\/\\\/www.haekelfieber.de\\\/wp-blog\\\/#\\\/schema\\\/person\\\/08b81f8e0d3480519aadc66881dee8d7\"},\"headline\":\"H\u00e4kelwunsch meiner Tochter\",\"datePublished\":\"2015-05-21T17:36:39+00:00\",\"mainEntityOfPage\":{\"@id\":\"https:\\\/\\\/www.haekelfieber.de\\\/wp-blog\\\/2015\\\/05\\\/haekelwunsch-meiner-tochter\\\/\"},\"wordCount\":180,\"commentCount\":1,\"publisher\":{\"@id\":\"https:\\\/\\\/www.haekelfieber.de\\\/wp-blog\\\/#organization\"},\"articleSection\":[\"Allerlei N\u00fctzliches\",\"H\u00e4keln\"],\"inLanguage\":\"de\",\"potentialAction\":[{\"@type\":\"CommentAction\",\"name\":\"Comment\",\"target\":[\"https:\\\/\\\/www.haekelfieber.de\\\/wp-blog\\\/2015\\\/05\\\/haekelwunsch-meiner-tochter\\\/#respond\"]}]},{\"@type\":\"WebPage\",\"@id\":\"https:\\\/\\\/www.haekelfieber.de\\\/wp-blog\\\/2015\\\/05\\\/haekelwunsch-meiner-tochter\\\/\",\"url\":\"https:\\\/\\\/www.haekelfieber.de\\\/wp-blog\\\/2015\\\/05\\\/haekelwunsch-meiner-tochter\\\/\",\"name\":\"H\u00e4kelwunsch meiner Tochter - H\u00e4kelfieber\",\"isPartOf\":{\"@id\":\"https:\\\/\\\/www.haekelfieber.de\\\/wp-blog\\\/#website\"},\"datePublished\":\"2015-05-21T17:36:39+00:00\",\"breadcrumb\":{\"@id\":\"https:\\\/\\\/www.haekelfieber.de\\\/wp-blog\\\/2015\\\/05\\\/haekelwunsch-meiner-tochter\\\/#breadcrumb\"},\"inLanguage\":\"de\",\"potentialAction\":[{\"@type\":\"ReadAction\",\"target\":[\"https:\\\/\\\/www.haekelfieber.de\\\/wp-blog\\\/2015\\\/05\\\/haekelwunsch-meiner-tochter\\\/\"]}]},{\"@type\":\"BreadcrumbList\",\"@id\":\"https:\\\/\\\/www.haekelfieber.de\\\/wp-blog\\\/2015\\\/05\\\/haekelwunsch-meiner-tochter\\\/#breadcrumb\",\"itemListElement\":[{\"@type\":\"ListItem\",\"position\":1,\"name\":\"Home\",\"item\":\"https:\\\/\\\/www.haekelfieber.de\\\/wp-blog\\\/\"},{\"@type\":\"ListItem\",\"position\":2,\"name\":\"H\u00e4kelwunsch meiner Tochter\"}]},{\"@type\":\"WebSite\",\"@id\":\"https:\\\/\\\/www.haekelfieber.de\\\/wp-blog\\\/#website\",\"url\":\"https:\\\/\\\/www.haekelfieber.de\\\/wp-blog\\\/\",\"name\":\"H\u00e4kelfieber\",\"description\":\"Ich bin im...\",\"publisher\":{\"@id\":\"https:\\\/\\\/www.haekelfieber.de\\\/wp-blog\\\/#organization\"},\"potentialAction\":[{\"@type\":\"SearchAction\",\"target\":{\"@type\":\"EntryPoint\",\"urlTemplate\":\"https:\\\/\\\/www.haekelfieber.de\\\/wp-blog\\\/?s={search_term_string}\"},\"query-input\":{\"@type\":\"PropertyValueSpecification\",\"valueRequired\":true,\"valueName\":\"search_term_string\"}}],\"inLanguage\":\"de\"},{\"@type\":\"Organization\",\"@id\":\"https:\\\/\\\/www.haekelfieber.de\\\/wp-blog\\\/#organization\",\"name\":\"H\u00e4kelfieber\",\"url\":\"https:\\\/\\\/www.haekelfieber.de\\\/wp-blog\\\/\",\"logo\":{\"@type\":\"ImageObject\",\"inLanguage\":\"de\",\"@id\":\"https:\\\/\\\/www.haekelfieber.de\\\/wp-blog\\\/#\\\/schema\\\/logo\\\/image\\\/\",\"url\":\"https:\\\/\\\/www.haekelfieber.de\\\/wp-blog\\\/wp-content\\\/uploads\\\/2023\\\/03\\\/kissen-haekeln2.jpg\",\"contentUrl\":\"https:\\\/\\\/www.haekelfieber.de\\\/wp-blog\\\/wp-content\\\/uploads\\\/2023\\\/03\\\/kissen-haekeln2.jpg\",\"width\":683,\"height\":1024,\"caption\":\"H\u00e4kelfieber\"},\"image\":{\"@id\":\"https:\\\/\\\/www.haekelfieber.de\\\/wp-blog\\\/#\\\/schema\\\/logo\\\/image\\\/\"}},{\"@type\":\"Person\",\"@id\":\"https:\\\/\\\/www.haekelfieber.de\\\/wp-blog\\\/#\\\/schema\\\/person\\\/08b81f8e0d3480519aadc66881dee8d7\",\"name\":\"Jutta\",\"image\":{\"@type\":\"ImageObject\",\"inLanguage\":\"de\",\"@id\":\"https:\\\/\\\/secure.gravatar.com\\\/avatar\\\/4fb96a09981d3eab52fd94765c38a5395ca69a563a8cd98c172ef85375636d9d?s=96&d=mm&r=g\",\"url\":\"https:\\\/\\\/secure.gravatar.com\\\/avatar\\\/4fb96a09981d3eab52fd94765c38a5395ca69a563a8cd98c172ef85375636d9d?s=96&d=mm&r=g\",\"contentUrl\":\"https:\\\/\\\/secure.gravatar.com\\\/avatar\\\/4fb96a09981d3eab52fd94765c38a5395ca69a563a8cd98c172ef85375636d9d?s=96&d=mm&r=g\",\"caption\":\"Jutta\"},\"url\":\"https:\\\/\\\/www.haekelfieber.de\\\/wp-blog\\\/author\\\/admin\\\/\"}]}<\/script>\n<!-- \/ Yoast SEO plugin. -->","yoast_head_json":{"title":"H\u00e4kelwunsch meiner Tochter - H\u00e4kelfieber","robots":{"index":"index","follow":"follow","max-snippet":"max-snippet:-1","max-image-preview":"max-image-preview:large","max-video-preview":"max-video-preview:-1"},"canonical":"https:\/\/www.haekelfieber.de\/wp-blog\/2015\/05\/haekelwunsch-meiner-tochter\/","og_locale":"de_DE","og_type":"article","og_title":"H\u00e4kelwunsch meiner Tochter - H\u00e4kelfieber","og_description":"Das ist er&#8230; &#8230;der H\u00e4kelwunsch einer meiner T\u00f6chter. Die Idee dazu hat sie auf Pinterest gefunden. F\u00fcr alle nichttechnikaffinen Menschen: Das ist ein Handyladekabel \ud83d\ude42 Ich mach jetzt in elektrisch \ud83d\ude42 Da f\u00e4llt mir ein: ich k\u00f6nnte auch noch das Kabel von der Kabeltrommel aus der Werkstatt umh\u00e4keln. Das w\u00fcrde meinem G\u00f6ttergatten bestimmt gefallen \ud83d\ude42 &hellip; H\u00e4kelwunsch meiner Tochter weiterlesen &rarr;","og_url":"https:\/\/www.haekelfieber.de\/wp-blog\/2015\/05\/haekelwunsch-meiner-tochter\/","og_site_name":"H\u00e4kelfieber","article_published_time":"2015-05-21T17:36:39+00:00","og_image":[{"url":"https:\/\/www.haekelfieber.de\/wp-blog\/wp-content\/uploads\/2015\/05\/Ladekabel-h\u00e4keln-4-450x600.jpg","type":"","width":"","height":""}],"author":"Jutta","twitter_misc":{"Verfasst von":"Jutta","Gesch\u00e4tzte Lesezeit":"1\u00a0Minute"},"schema":{"@context":"https:\/\/schema.org","@graph":[{"@type":"Article","@id":"https:\/\/www.haekelfieber.de\/wp-blog\/2015\/05\/haekelwunsch-meiner-tochter\/#article","isPartOf":{"@id":"https:\/\/www.haekelfieber.de\/wp-blog\/2015\/05\/haekelwunsch-meiner-tochter\/"},"author":{"name":"Jutta","@id":"https:\/\/www.haekelfieber.de\/wp-blog\/#\/schema\/person\/08b81f8e0d3480519aadc66881dee8d7"},"headline":"H\u00e4kelwunsch meiner Tochter","datePublished":"2015-05-21T17:36:39+00:00","mainEntityOfPage":{"@id":"https:\/\/www.haekelfieber.de\/wp-blog\/2015\/05\/haekelwunsch-meiner-tochter\/"},"wordCount":180,"commentCount":1,"publisher":{"@id":"https:\/\/www.haekelfieber.de\/wp-blog\/#organization"},"articleSection":["Allerlei N\u00fctzliches","H\u00e4keln"],"inLanguage":"de","potentialAction":[{"@type":"CommentAction","name":"Comment","target":["https:\/\/www.haekelfieber.de\/wp-blog\/2015\/05\/haekelwunsch-meiner-tochter\/#respond"]}]},{"@type":"WebPage","@id":"https:\/\/www.haekelfieber.de\/wp-blog\/2015\/05\/haekelwunsch-meiner-tochter\/","url":"https:\/\/www.haekelfieber.de\/wp-blog\/2015\/05\/haekelwunsch-meiner-tochter\/","name":"H\u00e4kelwunsch meiner Tochter - H\u00e4kelfieber","isPartOf":{"@id":"https:\/\/www.haekelfieber.de\/wp-blog\/#website"},"datePublished":"2015-05-21T17:36:39+00:00","breadcrumb":{"@id":"https:\/\/www.haekelfieber.de\/wp-blog\/2015\/05\/haekelwunsch-meiner-tochter\/#breadcrumb"},"inLanguage":"de","potentialAction":[{"@type":"ReadAction","target":["https:\/\/www.haekelfieber.de\/wp-blog\/2015\/05\/haekelwunsch-meiner-tochter\/"]}]},{"@type":"BreadcrumbList","@id":"https:\/\/www.haekelfieber.de\/wp-blog\/2015\/05\/haekelwunsch-meiner-tochter\/#breadcrumb","itemListElement":[{"@type":"ListItem","position":1,"name":"Home","item":"https:\/\/www.haekelfieber.de\/wp-blog\/"},{"@type":"ListItem","position":2,"name":"H\u00e4kelwunsch meiner Tochter"}]},{"@type":"WebSite","@id":"https:\/\/www.haekelfieber.de\/wp-blog\/#website","url":"https:\/\/www.haekelfieber.de\/wp-blog\/","name":"H\u00e4kelfieber","description":"Ich bin im...","publisher":{"@id":"https:\/\/www.haekelfieber.de\/wp-blog\/#organization"},"potentialAction":[{"@type":"SearchAction","target":{"@type":"EntryPoint","urlTemplate":"https:\/\/www.haekelfieber.de\/wp-blog\/?s={search_term_string}"},"query-input":{"@type":"PropertyValueSpecification","valueRequired":true,"valueName":"search_term_string"}}],"inLanguage":"de"},{"@type":"Organization","@id":"https:\/\/www.haekelfieber.de\/wp-blog\/#organization","name":"H\u00e4kelfieber","url":"https:\/\/www.haekelfieber.de\/wp-blog\/","logo":{"@type":"ImageObject","inLanguage":"de","@id":"https:\/\/www.haekelfieber.de\/wp-blog\/#\/schema\/logo\/image\/","url":"https:\/\/www.haekelfieber.de\/wp-blog\/wp-content\/uploads\/2023\/03\/kissen-haekeln2.jpg","contentUrl":"https:\/\/www.haekelfieber.de\/wp-blog\/wp-content\/uploads\/2023\/03\/kissen-haekeln2.jpg","width":683,"height":1024,"caption":"H\u00e4kelfieber"},"image":{"@id":"https:\/\/www.haekelfieber.de\/wp-blog\/#\/schema\/logo\/image\/"}},{"@type":"Person","@id":"https:\/\/www.haekelfieber.de\/wp-blog\/#\/schema\/person\/08b81f8e0d3480519aadc66881dee8d7","name":"Jutta","image":{"@type":"ImageObject","inLanguage":"de","@id":"https:\/\/secure.gravatar.com\/avatar\/4fb96a09981d3eab52fd94765c38a5395ca69a563a8cd98c172ef85375636d9d?s=96&d=mm&r=g","url":"https:\/\/secure.gravatar.com\/avatar\/4fb96a09981d3eab52fd94765c38a5395ca69a563a8cd98c172ef85375636d9d?s=96&d=mm&r=g","contentUrl":"https:\/\/secure.gravatar.com\/avatar\/4fb96a09981d3eab52fd94765c38a5395ca69a563a8cd98c172ef85375636d9d?s=96&d=mm&r=g","caption":"Jutta"},"url":"https:\/\/www.haekelfieber.de\/wp-blog\/author\/admin\/"}]}},"_links":{"self":[{"href":"https:\/\/www.haekelfieber.de\/wp-blog\/wp-json\/wp\/v2\/posts\/2462","targetHints":{"allow":["GET"]}}],"collection":[{"href":"https:\/\/www.haekelfieber.de\/wp-blog\/wp-json\/wp\/v2\/posts"}],"about":[{"href":"https:\/\/www.haekelfieber.de\/wp-blog\/wp-json\/wp\/v2\/types\/post"}],"author":[{"embeddable":true,"href":"https:\/\/www.haekelfieber.de\/wp-blog\/wp-json\/wp\/v2\/users\/1"}],"replies":[{"embeddable":true,"href":"https:\/\/www.haekelfieber.de\/wp-blog\/wp-json\/wp\/v2\/comments?post=2462"}],"version-history":[{"count":1,"href":"https:\/\/www.haekelfieber.de\/wp-blog\/wp-json\/wp\/v2\/posts\/2462\/revisions"}],"predecessor-version":[{"id":2463,"href":"https:\/\/www.haekelfieber.de\/wp-blog\/wp-json\/wp\/v2\/posts\/2462\/revisions\/2463"}],"wp:attachment":[{"href":"https:\/\/www.haekelfieber.de\/wp-blog\/wp-json\/wp\/v2\/media?parent=2462"}],"wp:term":[{"taxonomy":"category","embeddable":true,"href":"https:\/\/www.haekelfieber.de\/wp-blog\/wp-json\/wp\/v2\/categories?post=2462"},{"taxonomy":"post_tag","embeddable":true,"href":"https:\/\/www.haekelfieber.de\/wp-blog\/wp-json\/wp\/v2\/tags?post=2462"}],"curies":[{"name":"wp","href":"https:\/\/api.w.org\/{rel}","templated":true}]}}