{"id":2526,"date":"2015-05-29T17:59:08","date_gmt":"2015-05-29T15:59:08","guid":{"rendered":"http:\/\/www.haekelfieber.de\/wp-blog\/?p=2526"},"modified":"2015-05-29T18:23:28","modified_gmt":"2015-05-29T16:23:28","slug":"taeschchen-fuers-pfotie-oder-handytasche-haekeln","status":"publish","type":"post","link":"https:\/\/www.haekelfieber.de\/wp-blog\/2015\/05\/taeschchen-fuers-pfotie-oder-handytasche-haekeln\/","title":{"rendered":"T\u00e4schchen f\u00fcr&#8217;s &#8222;Pfotie&#8220; oder Handytasche h\u00e4keln"},"content":{"rendered":"<p>Das Handy hat bei mir einen zweiten Namen: &#8222;Pfotie&#8220;. Genau.<br \/>\nEs wird nicht h\u00e4ufig benutzt. Zum Telefonieren sehr selten (ich hab noch ein analoges Telefon und da h\u00e4nge ich gern an der Strippe &#8211; hoffe, es gibt diese Technik noch ein paar J\u00e4hrchen), haupts\u00e4chlich aber zum Fotografieren. Alle Bilder f\u00fcr meinen Blog schie\u00dfe ich damit (ab). Es steckt in einer Halbschale. Und wenn ich es doch einmal einpacke, dann mache ich die Tasche auf und zack ist es drin. In einem bunten Sammelsurium, was Frau so alles braucht.<br \/>\nDamit es zwischen all den Gegenst\u00e4nden nicht so abgeschubbert wird, habe ich ihm eine H\u00fclle verpasst.<\/p>\n<p><a href=\"https:\/\/www.haekelfieber.de\/wp-blog\/wp-content\/uploads\/2015\/05\/Handytasche-h\u00e4keln-8-e1432913815574.jpg\"><img loading=\"lazy\" decoding=\"async\" class=\"aligncenter size-large wp-image-2524\" src=\"https:\/\/www.haekelfieber.de\/wp-blog\/wp-content\/uploads\/2015\/05\/Handytasche-h\u00e4keln-8-e1432913815574-450x600.jpg\" alt=\"Handytasche h\u00e4keln (8)\" width=\"450\" height=\"600\" srcset=\"https:\/\/www.haekelfieber.de\/wp-blog\/wp-content\/uploads\/2015\/05\/Handytasche-h\u00e4keln-8-e1432913815574-450x600.jpg 450w, https:\/\/www.haekelfieber.de\/wp-blog\/wp-content\/uploads\/2015\/05\/Handytasche-h\u00e4keln-8-e1432913815574-225x300.jpg 225w, https:\/\/www.haekelfieber.de\/wp-blog\/wp-content\/uploads\/2015\/05\/Handytasche-h\u00e4keln-8-e1432913815574.jpg 600w\" sizes=\"auto, (max-width: 450px) 100vw, 450px\" \/><\/a><br \/>\nVon der <a href=\"https:\/\/www.haekelfieber.de\/wp-blog\/2015\/05\/ich-seh-schwarz-weiss\/\" target=\"_blank\">Vase <\/a>inspiriert arbeitete ich in schwarz\/wei\u00df. Hoffentlich \u00fcbertr\u00e4gt sich das Farbschema nicht auf meine Gedanken \ud83d\ude42 .<\/p>\n<p><a href=\"https:\/\/www.haekelfieber.de\/wp-blog\/wp-content\/uploads\/2015\/05\/Handytasche-h\u00e4keln-7-e1432913957995.jpg\"><img loading=\"lazy\" decoding=\"async\" class=\"aligncenter size-large wp-image-2523\" src=\"https:\/\/www.haekelfieber.de\/wp-blog\/wp-content\/uploads\/2015\/05\/Handytasche-h\u00e4keln-7-e1432913957995-450x600.jpg\" alt=\"Handytasche h\u00e4keln (7)\" width=\"450\" height=\"600\" srcset=\"https:\/\/www.haekelfieber.de\/wp-blog\/wp-content\/uploads\/2015\/05\/Handytasche-h\u00e4keln-7-e1432913957995-450x600.jpg 450w, https:\/\/www.haekelfieber.de\/wp-blog\/wp-content\/uploads\/2015\/05\/Handytasche-h\u00e4keln-7-e1432913957995-225x300.jpg 225w, https:\/\/www.haekelfieber.de\/wp-blog\/wp-content\/uploads\/2015\/05\/Handytasche-h\u00e4keln-7-e1432913957995.jpg 600w\" sizes=\"auto, (max-width: 450px) 100vw, 450px\" \/><\/a><\/p>\n<p><a href=\"https:\/\/www.haekelfieber.de\/wp-blog\/wp-content\/uploads\/2015\/05\/Handytasche-h\u00e4keln-6.jpg\"><img loading=\"lazy\" decoding=\"async\" class=\"aligncenter size-large wp-image-2522\" src=\"https:\/\/www.haekelfieber.de\/wp-blog\/wp-content\/uploads\/2015\/05\/Handytasche-h\u00e4keln-6-450x600.jpg\" alt=\"Handytasche h\u00e4keln (6)\" width=\"450\" height=\"600\" srcset=\"https:\/\/www.haekelfieber.de\/wp-blog\/wp-content\/uploads\/2015\/05\/Handytasche-h\u00e4keln-6-450x600.jpg 450w, https:\/\/www.haekelfieber.de\/wp-blog\/wp-content\/uploads\/2015\/05\/Handytasche-h\u00e4keln-6-225x300.jpg 225w, https:\/\/www.haekelfieber.de\/wp-blog\/wp-content\/uploads\/2015\/05\/Handytasche-h\u00e4keln-6.jpg 600w\" sizes=\"auto, (max-width: 450px) 100vw, 450px\" \/><\/a><br \/>\nHab mit Acrylgarn geh\u00e4kelt. Eine Reihe mit jeweils zwei wei\u00dfen und zwei schwarzen Maschen im Wechsel. In der n\u00e4chsten Runde wieder das gleiche Farbmuster. Danach Farbwechsel. Wo vorher wei\u00df war habe ich schwarz und wo vorher schwarz war habe ich wei\u00df verarbeitet&#8230;<br \/>\nDurch die <a href=\"https:\/\/www.haekelfieber.de\/wp-blog\/so-gehts-farbuebergang-farbwechsel-haekeln\/\" target=\"_blank\">Tapestry-Technik<\/a> kommt der sch\u00f6ne Farb\u00fcbergang zustande.<\/p>\n<p><a href=\"https:\/\/www.haekelfieber.de\/wp-blog\/wp-content\/uploads\/2015\/05\/Handytasche-h\u00e4keln-1.jpg\"><img loading=\"lazy\" decoding=\"async\" class=\"aligncenter size-large wp-image-2525\" src=\"https:\/\/www.haekelfieber.de\/wp-blog\/wp-content\/uploads\/2015\/05\/Handytasche-h\u00e4keln-1-450x600.jpg\" alt=\"Handytasche h\u00e4keln (1)\" width=\"450\" height=\"600\" srcset=\"https:\/\/www.haekelfieber.de\/wp-blog\/wp-content\/uploads\/2015\/05\/Handytasche-h\u00e4keln-1-450x600.jpg 450w, https:\/\/www.haekelfieber.de\/wp-blog\/wp-content\/uploads\/2015\/05\/Handytasche-h\u00e4keln-1-225x300.jpg 225w, https:\/\/www.haekelfieber.de\/wp-blog\/wp-content\/uploads\/2015\/05\/Handytasche-h\u00e4keln-1.jpg 600w\" sizes=\"auto, (max-width: 450px) 100vw, 450px\" \/><\/a><br \/>\nAb in meine Lieblingstasche! Jedesmal wenn ich sie sehe, denke ich an Auckland. Dort habe ich sie vor drei Jahren in einem Second-Hand-Laden erstanden, als ich mit einer meiner T\u00f6chter mit Zelt und Rucksack unterwegs war.<br \/>\nDa bekomm ich gleich ein bisschen Fernweh.<\/p>\n<p>So. Und weil es jetzt so gut verpackt ist, das Pfotie, kann ich noch diversen anderen Kram mit einpacken \ud83d\ude42<\/p>\n","protected":false},"excerpt":{"rendered":"<p>Das Handy hat bei mir einen zweiten Namen: &#8222;Pfotie&#8220;. Genau. Es wird nicht h\u00e4ufig benutzt. Zum Telefonieren sehr selten (ich hab noch ein analoges Telefon und da h\u00e4nge ich gern an der Strippe &#8211; hoffe, es gibt diese Technik noch ein paar J\u00e4hrchen), haupts\u00e4chlich aber zum Fotografieren. Alle Bilder f\u00fcr meinen Blog schie\u00dfe ich damit &hellip; <a href=\"https:\/\/www.haekelfieber.de\/wp-blog\/2015\/05\/taeschchen-fuers-pfotie-oder-handytasche-haekeln\/\" class=\"more-link\"><span class=\"screen-reader-text\">T\u00e4schchen f\u00fcr&#8217;s &#8222;Pfotie&#8220; oder Handytasche h\u00e4keln<\/span> weiterlesen <span class=\"meta-nav\">&rarr;<\/span><\/a><\/p>\n","protected":false},"author":1,"featured_media":0,"comment_status":"open","ping_status":"open","sticky":false,"template":"","format":"standard","meta":{"footnotes":""},"categories":[5],"tags":[],"class_list":["post-2526","post","type-post","status-publish","format-standard","hentry","category-haekeln"],"yoast_head":"<!-- This site is optimized with the Yoast SEO plugin v27.4 - https:\/\/yoast.com\/product\/yoast-seo-wordpress\/ -->\n<title>T\u00e4schchen f\u00fcr&#039;s &quot;Pfotie&quot; oder Handytasche h\u00e4keln - H\u00e4kelfieber<\/title>\n<meta name=\"robots\" content=\"index, follow, max-snippet:-1, max-image-preview:large, max-video-preview:-1\" \/>\n<link rel=\"canonical\" href=\"https:\/\/www.haekelfieber.de\/wp-blog\/2015\/05\/taeschchen-fuers-pfotie-oder-handytasche-haekeln\/\" \/>\n<meta property=\"og:locale\" content=\"de_DE\" \/>\n<meta property=\"og:type\" content=\"article\" \/>\n<meta property=\"og:title\" content=\"T\u00e4schchen f\u00fcr&#039;s &quot;Pfotie&quot; oder Handytasche h\u00e4keln - H\u00e4kelfieber\" \/>\n<meta property=\"og:description\" content=\"Das Handy hat bei mir einen zweiten Namen: &#8222;Pfotie&#8220;. Genau. Es wird nicht h\u00e4ufig benutzt. Zum Telefonieren sehr selten (ich hab noch ein analoges Telefon und da h\u00e4nge ich gern an der Strippe &#8211; hoffe, es gibt diese Technik noch ein paar J\u00e4hrchen), haupts\u00e4chlich aber zum Fotografieren. Alle Bilder f\u00fcr meinen Blog schie\u00dfe ich damit &hellip; T\u00e4schchen f\u00fcr&#8217;s &#8222;Pfotie&#8220; oder Handytasche h\u00e4keln weiterlesen &rarr;\" \/>\n<meta property=\"og:url\" content=\"https:\/\/www.haekelfieber.de\/wp-blog\/2015\/05\/taeschchen-fuers-pfotie-oder-handytasche-haekeln\/\" \/>\n<meta property=\"og:site_name\" content=\"H\u00e4kelfieber\" \/>\n<meta property=\"article:published_time\" content=\"2015-05-29T15:59:08+00:00\" \/>\n<meta property=\"article:modified_time\" content=\"2015-05-29T16:23:28+00:00\" \/>\n<meta property=\"og:image\" content=\"https:\/\/www.haekelfieber.de\/wp-blog\/wp-content\/uploads\/2015\/05\/Handytasche-h\u00e4keln-8-e1432913815574-450x600.jpg\" \/>\n<meta name=\"author\" content=\"Jutta\" \/>\n<meta name=\"twitter:label1\" content=\"Verfasst von\" \/>\n\t<meta name=\"twitter:data1\" content=\"Jutta\" \/>\n\t<meta name=\"twitter:label2\" content=\"Gesch\u00e4tzte Lesezeit\" \/>\n\t<meta name=\"twitter:data2\" content=\"1\u00a0Minute\" \/>\n<script type=\"application\/ld+json\" class=\"yoast-schema-graph\">{\"@context\":\"https:\\\/\\\/schema.org\",\"@graph\":[{\"@type\":\"Article\",\"@id\":\"https:\\\/\\\/www.haekelfieber.de\\\/wp-blog\\\/2015\\\/05\\\/taeschchen-fuers-pfotie-oder-handytasche-haekeln\\\/#article\",\"isPartOf\":{\"@id\":\"https:\\\/\\\/www.haekelfieber.de\\\/wp-blog\\\/2015\\\/05\\\/taeschchen-fuers-pfotie-oder-handytasche-haekeln\\\/\"},\"author\":{\"name\":\"Jutta\",\"@id\":\"https:\\\/\\\/www.haekelfieber.de\\\/wp-blog\\\/#\\\/schema\\\/person\\\/08b81f8e0d3480519aadc66881dee8d7\"},\"headline\":\"T\u00e4schchen f\u00fcr&#8217;s &#8222;Pfotie&#8220; oder Handytasche h\u00e4keln\",\"datePublished\":\"2015-05-29T15:59:08+00:00\",\"dateModified\":\"2015-05-29T16:23:28+00:00\",\"mainEntityOfPage\":{\"@id\":\"https:\\\/\\\/www.haekelfieber.de\\\/wp-blog\\\/2015\\\/05\\\/taeschchen-fuers-pfotie-oder-handytasche-haekeln\\\/\"},\"wordCount\":259,\"commentCount\":0,\"publisher\":{\"@id\":\"https:\\\/\\\/www.haekelfieber.de\\\/wp-blog\\\/#organization\"},\"articleSection\":[\"H\u00e4keln\"],\"inLanguage\":\"de\",\"potentialAction\":[{\"@type\":\"CommentAction\",\"name\":\"Comment\",\"target\":[\"https:\\\/\\\/www.haekelfieber.de\\\/wp-blog\\\/2015\\\/05\\\/taeschchen-fuers-pfotie-oder-handytasche-haekeln\\\/#respond\"]}]},{\"@type\":\"WebPage\",\"@id\":\"https:\\\/\\\/www.haekelfieber.de\\\/wp-blog\\\/2015\\\/05\\\/taeschchen-fuers-pfotie-oder-handytasche-haekeln\\\/\",\"url\":\"https:\\\/\\\/www.haekelfieber.de\\\/wp-blog\\\/2015\\\/05\\\/taeschchen-fuers-pfotie-oder-handytasche-haekeln\\\/\",\"name\":\"T\u00e4schchen f\u00fcr's \\\"Pfotie\\\" oder Handytasche h\u00e4keln - H\u00e4kelfieber\",\"isPartOf\":{\"@id\":\"https:\\\/\\\/www.haekelfieber.de\\\/wp-blog\\\/#website\"},\"datePublished\":\"2015-05-29T15:59:08+00:00\",\"dateModified\":\"2015-05-29T16:23:28+00:00\",\"breadcrumb\":{\"@id\":\"https:\\\/\\\/www.haekelfieber.de\\\/wp-blog\\\/2015\\\/05\\\/taeschchen-fuers-pfotie-oder-handytasche-haekeln\\\/#breadcrumb\"},\"inLanguage\":\"de\",\"potentialAction\":[{\"@type\":\"ReadAction\",\"target\":[\"https:\\\/\\\/www.haekelfieber.de\\\/wp-blog\\\/2015\\\/05\\\/taeschchen-fuers-pfotie-oder-handytasche-haekeln\\\/\"]}]},{\"@type\":\"BreadcrumbList\",\"@id\":\"https:\\\/\\\/www.haekelfieber.de\\\/wp-blog\\\/2015\\\/05\\\/taeschchen-fuers-pfotie-oder-handytasche-haekeln\\\/#breadcrumb\",\"itemListElement\":[{\"@type\":\"ListItem\",\"position\":1,\"name\":\"Home\",\"item\":\"https:\\\/\\\/www.haekelfieber.de\\\/wp-blog\\\/\"},{\"@type\":\"ListItem\",\"position\":2,\"name\":\"T\u00e4schchen f\u00fcr&#8217;s &#8222;Pfotie&#8220; oder Handytasche h\u00e4keln\"}]},{\"@type\":\"WebSite\",\"@id\":\"https:\\\/\\\/www.haekelfieber.de\\\/wp-blog\\\/#website\",\"url\":\"https:\\\/\\\/www.haekelfieber.de\\\/wp-blog\\\/\",\"name\":\"H\u00e4kelfieber\",\"description\":\"Ich bin im...\",\"publisher\":{\"@id\":\"https:\\\/\\\/www.haekelfieber.de\\\/wp-blog\\\/#organization\"},\"potentialAction\":[{\"@type\":\"SearchAction\",\"target\":{\"@type\":\"EntryPoint\",\"urlTemplate\":\"https:\\\/\\\/www.haekelfieber.de\\\/wp-blog\\\/?s={search_term_string}\"},\"query-input\":{\"@type\":\"PropertyValueSpecification\",\"valueRequired\":true,\"valueName\":\"search_term_string\"}}],\"inLanguage\":\"de\"},{\"@type\":\"Organization\",\"@id\":\"https:\\\/\\\/www.haekelfieber.de\\\/wp-blog\\\/#organization\",\"name\":\"H\u00e4kelfieber\",\"url\":\"https:\\\/\\\/www.haekelfieber.de\\\/wp-blog\\\/\",\"logo\":{\"@type\":\"ImageObject\",\"inLanguage\":\"de\",\"@id\":\"https:\\\/\\\/www.haekelfieber.de\\\/wp-blog\\\/#\\\/schema\\\/logo\\\/image\\\/\",\"url\":\"https:\\\/\\\/www.haekelfieber.de\\\/wp-blog\\\/wp-content\\\/uploads\\\/2023\\\/03\\\/kissen-haekeln2.jpg\",\"contentUrl\":\"https:\\\/\\\/www.haekelfieber.de\\\/wp-blog\\\/wp-content\\\/uploads\\\/2023\\\/03\\\/kissen-haekeln2.jpg\",\"width\":683,\"height\":1024,\"caption\":\"H\u00e4kelfieber\"},\"image\":{\"@id\":\"https:\\\/\\\/www.haekelfieber.de\\\/wp-blog\\\/#\\\/schema\\\/logo\\\/image\\\/\"}},{\"@type\":\"Person\",\"@id\":\"https:\\\/\\\/www.haekelfieber.de\\\/wp-blog\\\/#\\\/schema\\\/person\\\/08b81f8e0d3480519aadc66881dee8d7\",\"name\":\"Jutta\",\"image\":{\"@type\":\"ImageObject\",\"inLanguage\":\"de\",\"@id\":\"https:\\\/\\\/secure.gravatar.com\\\/avatar\\\/4fb96a09981d3eab52fd94765c38a5395ca69a563a8cd98c172ef85375636d9d?s=96&d=mm&r=g\",\"url\":\"https:\\\/\\\/secure.gravatar.com\\\/avatar\\\/4fb96a09981d3eab52fd94765c38a5395ca69a563a8cd98c172ef85375636d9d?s=96&d=mm&r=g\",\"contentUrl\":\"https:\\\/\\\/secure.gravatar.com\\\/avatar\\\/4fb96a09981d3eab52fd94765c38a5395ca69a563a8cd98c172ef85375636d9d?s=96&d=mm&r=g\",\"caption\":\"Jutta\"},\"url\":\"https:\\\/\\\/www.haekelfieber.de\\\/wp-blog\\\/author\\\/admin\\\/\"}]}<\/script>\n<!-- \/ Yoast SEO plugin. -->","yoast_head_json":{"title":"T\u00e4schchen f\u00fcr's \"Pfotie\" oder Handytasche h\u00e4keln - H\u00e4kelfieber","robots":{"index":"index","follow":"follow","max-snippet":"max-snippet:-1","max-image-preview":"max-image-preview:large","max-video-preview":"max-video-preview:-1"},"canonical":"https:\/\/www.haekelfieber.de\/wp-blog\/2015\/05\/taeschchen-fuers-pfotie-oder-handytasche-haekeln\/","og_locale":"de_DE","og_type":"article","og_title":"T\u00e4schchen f\u00fcr's \"Pfotie\" oder Handytasche h\u00e4keln - H\u00e4kelfieber","og_description":"Das Handy hat bei mir einen zweiten Namen: &#8222;Pfotie&#8220;. Genau. Es wird nicht h\u00e4ufig benutzt. Zum Telefonieren sehr selten (ich hab noch ein analoges Telefon und da h\u00e4nge ich gern an der Strippe &#8211; hoffe, es gibt diese Technik noch ein paar J\u00e4hrchen), haupts\u00e4chlich aber zum Fotografieren. Alle Bilder f\u00fcr meinen Blog schie\u00dfe ich damit &hellip; T\u00e4schchen f\u00fcr&#8217;s &#8222;Pfotie&#8220; oder Handytasche h\u00e4keln weiterlesen &rarr;","og_url":"https:\/\/www.haekelfieber.de\/wp-blog\/2015\/05\/taeschchen-fuers-pfotie-oder-handytasche-haekeln\/","og_site_name":"H\u00e4kelfieber","article_published_time":"2015-05-29T15:59:08+00:00","article_modified_time":"2015-05-29T16:23:28+00:00","og_image":[{"url":"https:\/\/www.haekelfieber.de\/wp-blog\/wp-content\/uploads\/2015\/05\/Handytasche-h\u00e4keln-8-e1432913815574-450x600.jpg","type":"","width":"","height":""}],"author":"Jutta","twitter_misc":{"Verfasst von":"Jutta","Gesch\u00e4tzte Lesezeit":"1\u00a0Minute"},"schema":{"@context":"https:\/\/schema.org","@graph":[{"@type":"Article","@id":"https:\/\/www.haekelfieber.de\/wp-blog\/2015\/05\/taeschchen-fuers-pfotie-oder-handytasche-haekeln\/#article","isPartOf":{"@id":"https:\/\/www.haekelfieber.de\/wp-blog\/2015\/05\/taeschchen-fuers-pfotie-oder-handytasche-haekeln\/"},"author":{"name":"Jutta","@id":"https:\/\/www.haekelfieber.de\/wp-blog\/#\/schema\/person\/08b81f8e0d3480519aadc66881dee8d7"},"headline":"T\u00e4schchen f\u00fcr&#8217;s &#8222;Pfotie&#8220; oder Handytasche h\u00e4keln","datePublished":"2015-05-29T15:59:08+00:00","dateModified":"2015-05-29T16:23:28+00:00","mainEntityOfPage":{"@id":"https:\/\/www.haekelfieber.de\/wp-blog\/2015\/05\/taeschchen-fuers-pfotie-oder-handytasche-haekeln\/"},"wordCount":259,"commentCount":0,"publisher":{"@id":"https:\/\/www.haekelfieber.de\/wp-blog\/#organization"},"articleSection":["H\u00e4keln"],"inLanguage":"de","potentialAction":[{"@type":"CommentAction","name":"Comment","target":["https:\/\/www.haekelfieber.de\/wp-blog\/2015\/05\/taeschchen-fuers-pfotie-oder-handytasche-haekeln\/#respond"]}]},{"@type":"WebPage","@id":"https:\/\/www.haekelfieber.de\/wp-blog\/2015\/05\/taeschchen-fuers-pfotie-oder-handytasche-haekeln\/","url":"https:\/\/www.haekelfieber.de\/wp-blog\/2015\/05\/taeschchen-fuers-pfotie-oder-handytasche-haekeln\/","name":"T\u00e4schchen f\u00fcr's \"Pfotie\" oder Handytasche h\u00e4keln - H\u00e4kelfieber","isPartOf":{"@id":"https:\/\/www.haekelfieber.de\/wp-blog\/#website"},"datePublished":"2015-05-29T15:59:08+00:00","dateModified":"2015-05-29T16:23:28+00:00","breadcrumb":{"@id":"https:\/\/www.haekelfieber.de\/wp-blog\/2015\/05\/taeschchen-fuers-pfotie-oder-handytasche-haekeln\/#breadcrumb"},"inLanguage":"de","potentialAction":[{"@type":"ReadAction","target":["https:\/\/www.haekelfieber.de\/wp-blog\/2015\/05\/taeschchen-fuers-pfotie-oder-handytasche-haekeln\/"]}]},{"@type":"BreadcrumbList","@id":"https:\/\/www.haekelfieber.de\/wp-blog\/2015\/05\/taeschchen-fuers-pfotie-oder-handytasche-haekeln\/#breadcrumb","itemListElement":[{"@type":"ListItem","position":1,"name":"Home","item":"https:\/\/www.haekelfieber.de\/wp-blog\/"},{"@type":"ListItem","position":2,"name":"T\u00e4schchen f\u00fcr&#8217;s &#8222;Pfotie&#8220; oder Handytasche h\u00e4keln"}]},{"@type":"WebSite","@id":"https:\/\/www.haekelfieber.de\/wp-blog\/#website","url":"https:\/\/www.haekelfieber.de\/wp-blog\/","name":"H\u00e4kelfieber","description":"Ich bin im...","publisher":{"@id":"https:\/\/www.haekelfieber.de\/wp-blog\/#organization"},"potentialAction":[{"@type":"SearchAction","target":{"@type":"EntryPoint","urlTemplate":"https:\/\/www.haekelfieber.de\/wp-blog\/?s={search_term_string}"},"query-input":{"@type":"PropertyValueSpecification","valueRequired":true,"valueName":"search_term_string"}}],"inLanguage":"de"},{"@type":"Organization","@id":"https:\/\/www.haekelfieber.de\/wp-blog\/#organization","name":"H\u00e4kelfieber","url":"https:\/\/www.haekelfieber.de\/wp-blog\/","logo":{"@type":"ImageObject","inLanguage":"de","@id":"https:\/\/www.haekelfieber.de\/wp-blog\/#\/schema\/logo\/image\/","url":"https:\/\/www.haekelfieber.de\/wp-blog\/wp-content\/uploads\/2023\/03\/kissen-haekeln2.jpg","contentUrl":"https:\/\/www.haekelfieber.de\/wp-blog\/wp-content\/uploads\/2023\/03\/kissen-haekeln2.jpg","width":683,"height":1024,"caption":"H\u00e4kelfieber"},"image":{"@id":"https:\/\/www.haekelfieber.de\/wp-blog\/#\/schema\/logo\/image\/"}},{"@type":"Person","@id":"https:\/\/www.haekelfieber.de\/wp-blog\/#\/schema\/person\/08b81f8e0d3480519aadc66881dee8d7","name":"Jutta","image":{"@type":"ImageObject","inLanguage":"de","@id":"https:\/\/secure.gravatar.com\/avatar\/4fb96a09981d3eab52fd94765c38a5395ca69a563a8cd98c172ef85375636d9d?s=96&d=mm&r=g","url":"https:\/\/secure.gravatar.com\/avatar\/4fb96a09981d3eab52fd94765c38a5395ca69a563a8cd98c172ef85375636d9d?s=96&d=mm&r=g","contentUrl":"https:\/\/secure.gravatar.com\/avatar\/4fb96a09981d3eab52fd94765c38a5395ca69a563a8cd98c172ef85375636d9d?s=96&d=mm&r=g","caption":"Jutta"},"url":"https:\/\/www.haekelfieber.de\/wp-blog\/author\/admin\/"}]}},"_links":{"self":[{"href":"https:\/\/www.haekelfieber.de\/wp-blog\/wp-json\/wp\/v2\/posts\/2526","targetHints":{"allow":["GET"]}}],"collection":[{"href":"https:\/\/www.haekelfieber.de\/wp-blog\/wp-json\/wp\/v2\/posts"}],"about":[{"href":"https:\/\/www.haekelfieber.de\/wp-blog\/wp-json\/wp\/v2\/types\/post"}],"author":[{"embeddable":true,"href":"https:\/\/www.haekelfieber.de\/wp-blog\/wp-json\/wp\/v2\/users\/1"}],"replies":[{"embeddable":true,"href":"https:\/\/www.haekelfieber.de\/wp-blog\/wp-json\/wp\/v2\/comments?post=2526"}],"version-history":[{"count":3,"href":"https:\/\/www.haekelfieber.de\/wp-blog\/wp-json\/wp\/v2\/posts\/2526\/revisions"}],"predecessor-version":[{"id":2529,"href":"https:\/\/www.haekelfieber.de\/wp-blog\/wp-json\/wp\/v2\/posts\/2526\/revisions\/2529"}],"wp:attachment":[{"href":"https:\/\/www.haekelfieber.de\/wp-blog\/wp-json\/wp\/v2\/media?parent=2526"}],"wp:term":[{"taxonomy":"category","embeddable":true,"href":"https:\/\/www.haekelfieber.de\/wp-blog\/wp-json\/wp\/v2\/categories?post=2526"},{"taxonomy":"post_tag","embeddable":true,"href":"https:\/\/www.haekelfieber.de\/wp-blog\/wp-json\/wp\/v2\/tags?post=2526"}],"curies":[{"name":"wp","href":"https:\/\/api.w.org\/{rel}","templated":true}]}}