{"id":2641,"date":"2015-06-12T15:55:02","date_gmt":"2015-06-12T13:55:02","guid":{"rendered":"http:\/\/www.haekelfieber.de\/wp-blog\/?p=2641"},"modified":"2015-06-12T16:14:48","modified_gmt":"2015-06-12T14:14:48","slug":"haekeln-gross-gedacht","status":"publish","type":"post","link":"https:\/\/www.haekelfieber.de\/wp-blog\/2015\/06\/haekeln-gross-gedacht\/","title":{"rendered":"H\u00e4keln gro\u00df gedacht"},"content":{"rendered":"<p>Neulich habe ich in einem Beitrag die Aussage geh\u00f6rt, dass wir Deutschen uns scheuen &#8222;gro\u00df zu denken&#8220;. Es ging um Architektur. Ich pers\u00f6nlich glaube schon, dass an dieser Aussage was dran ist und deswegen mache ich heute den Versuch in gro\u00df und so.<br \/>\nIch stelle die Frage: Geht h\u00e4keln und Kunst zusammen?<br \/>\nUhhhh, ein Raunen geht durch die intellektuelle Szene. Eine H\u00e4kelmutti mit Handarbeitsblog nimmt das Wort &#8222;Kunst&#8220; in den Mund! Das Ende ist nah!<br \/>\nTja, ich steh auf bunt, pastell, manchmal schwarz wei\u00df, kuschlig, nordisch wei\u00df, shabby&#8230; und auf Kunst.<br \/>\nAlso. Ich hatte da ein H\u00e4kelprojekt vor Augen, welches sich aber in der Umsetzung als Flop erwies.<br \/>\nMir ging es darum einen Draht zu umh\u00e4keln und eine bestimmte Form daraus zu biegen. Das Resultat sah schlichtweg bescheiden aus. So sa\u00df ich frustriert auf der Couch, ein Auge auf dem Drahtdingens, das andere Auge auf dem Fernsehbildschirm. Frau kann ja in multitasking. Null problemo!<br \/>\nAls das Teil dann so richtig unf\u00f6rmig verbogen war, vor lauter &#8222;ich wei\u00df nicht wohin mit dir&#8220;, kam die Erleuchtung von oben. Ein Lichtstrahl senkte sich auf mich herab, Fanfaren ert\u00f6nten und eine g\u00f6ttliche weibliche Stimme sprach: &#8222;Hey Alte, mach doch mal in Kunst!&#8220; Beim Schreiben muss ich jetzt lachen \ud83d\ude42 Abgefahren!!! \ud83d\ude42<\/p>\n<p>Tadah &#8211; meine g\u00f6ttliche kunstvolle Kreation, das Konglomerat von H\u00e4kelnadel, Wolle und Draht:<\/p>\n<p>&nbsp;<\/p>\n<p><a href=\"https:\/\/www.haekelfieber.de\/wp-blog\/wp-content\/uploads\/2015\/06\/H\u00e4kelkunst-3.jpg\"><img loading=\"lazy\" decoding=\"async\" class=\"aligncenter size-large wp-image-2645\" src=\"https:\/\/www.haekelfieber.de\/wp-blog\/wp-content\/uploads\/2015\/06\/H\u00e4kelkunst-3-450x600.jpg\" alt=\"H\u00e4kelkunst (3)\" width=\"450\" height=\"600\" srcset=\"https:\/\/www.haekelfieber.de\/wp-blog\/wp-content\/uploads\/2015\/06\/H\u00e4kelkunst-3-450x600.jpg 450w, https:\/\/www.haekelfieber.de\/wp-blog\/wp-content\/uploads\/2015\/06\/H\u00e4kelkunst-3-225x300.jpg 225w, https:\/\/www.haekelfieber.de\/wp-blog\/wp-content\/uploads\/2015\/06\/H\u00e4kelkunst-3.jpg 600w\" sizes=\"auto, (max-width: 450px) 100vw, 450px\" \/><\/a><\/p>\n<p>&nbsp;<\/p>\n<p><a href=\"https:\/\/www.haekelfieber.de\/wp-blog\/wp-content\/uploads\/2015\/06\/H\u00e4kelkunst-2.jpg\"><br \/>\n<\/a> <a href=\"https:\/\/www.haekelfieber.de\/wp-blog\/wp-content\/uploads\/2015\/06\/H\u00e4kelkunst-5.jpg\"><img loading=\"lazy\" decoding=\"async\" class=\"aligncenter size-large wp-image-2647\" src=\"https:\/\/www.haekelfieber.de\/wp-blog\/wp-content\/uploads\/2015\/06\/H\u00e4kelkunst-5-450x600.jpg\" alt=\"H\u00e4kelkunst (5)\" width=\"450\" height=\"600\" srcset=\"https:\/\/www.haekelfieber.de\/wp-blog\/wp-content\/uploads\/2015\/06\/H\u00e4kelkunst-5-450x600.jpg 450w, https:\/\/www.haekelfieber.de\/wp-blog\/wp-content\/uploads\/2015\/06\/H\u00e4kelkunst-5-225x300.jpg 225w, https:\/\/www.haekelfieber.de\/wp-blog\/wp-content\/uploads\/2015\/06\/H\u00e4kelkunst-5.jpg 600w\" sizes=\"auto, (max-width: 450px) 100vw, 450px\" \/><\/a><\/p>\n<p>&nbsp;<\/p>\n<p><a href=\"https:\/\/www.haekelfieber.de\/wp-blog\/wp-content\/uploads\/2015\/06\/H\u00e4kelkunst-6.jpg\"><br \/>\n<\/a> <a href=\"https:\/\/www.haekelfieber.de\/wp-blog\/wp-content\/uploads\/2015\/06\/H\u00e4kelkunst-4.jpg\"><img loading=\"lazy\" decoding=\"async\" class=\"aligncenter size-large wp-image-2646\" src=\"https:\/\/www.haekelfieber.de\/wp-blog\/wp-content\/uploads\/2015\/06\/H\u00e4kelkunst-4-450x600.jpg\" alt=\"H\u00e4kelkunst (4)\" width=\"450\" height=\"600\" srcset=\"https:\/\/www.haekelfieber.de\/wp-blog\/wp-content\/uploads\/2015\/06\/H\u00e4kelkunst-4-450x600.jpg 450w, https:\/\/www.haekelfieber.de\/wp-blog\/wp-content\/uploads\/2015\/06\/H\u00e4kelkunst-4-225x300.jpg 225w, https:\/\/www.haekelfieber.de\/wp-blog\/wp-content\/uploads\/2015\/06\/H\u00e4kelkunst-4.jpg 600w\" sizes=\"auto, (max-width: 450px) 100vw, 450px\" \/><\/a><\/p>\n<p>&nbsp;<\/p>\n<p><a href=\"https:\/\/www.haekelfieber.de\/wp-blog\/wp-content\/uploads\/2015\/06\/H\u00e4kelkunst-1-e1434118352112.jpg\"><img loading=\"lazy\" decoding=\"async\" class=\"aligncenter size-large wp-image-2643\" src=\"https:\/\/www.haekelfieber.de\/wp-blog\/wp-content\/uploads\/2015\/06\/H\u00e4kelkunst-1-e1434118352112-450x600.jpg\" alt=\"H\u00e4kelkunst (1)\" width=\"450\" height=\"600\" srcset=\"https:\/\/www.haekelfieber.de\/wp-blog\/wp-content\/uploads\/2015\/06\/H\u00e4kelkunst-1-e1434118352112-450x600.jpg 450w, https:\/\/www.haekelfieber.de\/wp-blog\/wp-content\/uploads\/2015\/06\/H\u00e4kelkunst-1-e1434118352112-225x300.jpg 225w, https:\/\/www.haekelfieber.de\/wp-blog\/wp-content\/uploads\/2015\/06\/H\u00e4kelkunst-1-e1434118352112.jpg 600w\" sizes=\"auto, (max-width: 450px) 100vw, 450px\" \/><\/a><\/p>\n<p>&nbsp;<\/p>\n<p><a href=\"https:\/\/www.haekelfieber.de\/wp-blog\/wp-content\/uploads\/2015\/06\/H\u00e4kelkunst-2.jpg\"><img loading=\"lazy\" decoding=\"async\" class=\"aligncenter size-large wp-image-2644\" src=\"https:\/\/www.haekelfieber.de\/wp-blog\/wp-content\/uploads\/2015\/06\/H\u00e4kelkunst-2-600x450.jpg\" alt=\"H\u00e4kelkunst (2)\" width=\"600\" height=\"450\" srcset=\"https:\/\/www.haekelfieber.de\/wp-blog\/wp-content\/uploads\/2015\/06\/H\u00e4kelkunst-2-600x450.jpg 600w, https:\/\/www.haekelfieber.de\/wp-blog\/wp-content\/uploads\/2015\/06\/H\u00e4kelkunst-2-300x225.jpg 300w, https:\/\/www.haekelfieber.de\/wp-blog\/wp-content\/uploads\/2015\/06\/H\u00e4kelkunst-2.jpg 800w\" sizes=\"auto, (max-width: 600px) 100vw, 600px\" \/><\/a><\/p>\n","protected":false},"excerpt":{"rendered":"<p>Neulich habe ich in einem Beitrag die Aussage geh\u00f6rt, dass wir Deutschen uns scheuen &#8222;gro\u00df zu denken&#8220;. Es ging um Architektur. Ich pers\u00f6nlich glaube schon, dass an dieser Aussage was dran ist und deswegen mache ich heute den Versuch in gro\u00df und so. Ich stelle die Frage: Geht h\u00e4keln und Kunst zusammen? Uhhhh, ein Raunen &hellip; <a href=\"https:\/\/www.haekelfieber.de\/wp-blog\/2015\/06\/haekeln-gross-gedacht\/\" class=\"more-link\"><span class=\"screen-reader-text\">H\u00e4keln gro\u00df gedacht<\/span> weiterlesen <span class=\"meta-nav\">&rarr;<\/span><\/a><\/p>\n","protected":false},"author":1,"featured_media":0,"comment_status":"open","ping_status":"open","sticky":false,"template":"","format":"standard","meta":{"footnotes":""},"categories":[5,1],"tags":[],"class_list":["post-2641","post","type-post","status-publish","format-standard","hentry","category-haekeln","category-manch-anderes"],"yoast_head":"<!-- This site is optimized with the Yoast SEO plugin v27.4 - https:\/\/yoast.com\/product\/yoast-seo-wordpress\/ -->\n<title>H\u00e4keln gro\u00df gedacht - H\u00e4kelfieber<\/title>\n<meta name=\"robots\" content=\"index, follow, max-snippet:-1, max-image-preview:large, max-video-preview:-1\" \/>\n<link rel=\"canonical\" href=\"https:\/\/www.haekelfieber.de\/wp-blog\/2015\/06\/haekeln-gross-gedacht\/\" \/>\n<meta property=\"og:locale\" content=\"de_DE\" \/>\n<meta property=\"og:type\" content=\"article\" \/>\n<meta property=\"og:title\" content=\"H\u00e4keln gro\u00df gedacht - H\u00e4kelfieber\" \/>\n<meta property=\"og:description\" content=\"Neulich habe ich in einem Beitrag die Aussage geh\u00f6rt, dass wir Deutschen uns scheuen &#8222;gro\u00df zu denken&#8220;. Es ging um Architektur. Ich pers\u00f6nlich glaube schon, dass an dieser Aussage was dran ist und deswegen mache ich heute den Versuch in gro\u00df und so. Ich stelle die Frage: Geht h\u00e4keln und Kunst zusammen? Uhhhh, ein Raunen &hellip; H\u00e4keln gro\u00df gedacht weiterlesen &rarr;\" \/>\n<meta property=\"og:url\" content=\"https:\/\/www.haekelfieber.de\/wp-blog\/2015\/06\/haekeln-gross-gedacht\/\" \/>\n<meta property=\"og:site_name\" content=\"H\u00e4kelfieber\" \/>\n<meta property=\"article:published_time\" content=\"2015-06-12T13:55:02+00:00\" \/>\n<meta property=\"article:modified_time\" content=\"2015-06-12T14:14:48+00:00\" \/>\n<meta property=\"og:image\" content=\"https:\/\/www.haekelfieber.de\/wp-blog\/wp-content\/uploads\/2015\/06\/H\u00e4kelkunst-3-450x600.jpg\" \/>\n<meta name=\"author\" content=\"Jutta\" \/>\n<meta name=\"twitter:label1\" content=\"Verfasst von\" \/>\n\t<meta name=\"twitter:data1\" content=\"Jutta\" \/>\n\t<meta name=\"twitter:label2\" content=\"Gesch\u00e4tzte Lesezeit\" \/>\n\t<meta name=\"twitter:data2\" content=\"1\u00a0Minute\" \/>\n<script type=\"application\/ld+json\" class=\"yoast-schema-graph\">{\"@context\":\"https:\\\/\\\/schema.org\",\"@graph\":[{\"@type\":\"Article\",\"@id\":\"https:\\\/\\\/www.haekelfieber.de\\\/wp-blog\\\/2015\\\/06\\\/haekeln-gross-gedacht\\\/#article\",\"isPartOf\":{\"@id\":\"https:\\\/\\\/www.haekelfieber.de\\\/wp-blog\\\/2015\\\/06\\\/haekeln-gross-gedacht\\\/\"},\"author\":{\"name\":\"Jutta\",\"@id\":\"https:\\\/\\\/www.haekelfieber.de\\\/wp-blog\\\/#\\\/schema\\\/person\\\/08b81f8e0d3480519aadc66881dee8d7\"},\"headline\":\"H\u00e4keln gro\u00df gedacht\",\"datePublished\":\"2015-06-12T13:55:02+00:00\",\"dateModified\":\"2015-06-12T14:14:48+00:00\",\"mainEntityOfPage\":{\"@id\":\"https:\\\/\\\/www.haekelfieber.de\\\/wp-blog\\\/2015\\\/06\\\/haekeln-gross-gedacht\\\/\"},\"wordCount\":238,\"commentCount\":1,\"publisher\":{\"@id\":\"https:\\\/\\\/www.haekelfieber.de\\\/wp-blog\\\/#organization\"},\"articleSection\":[\"H\u00e4keln\",\"Manch anderes\"],\"inLanguage\":\"de\",\"potentialAction\":[{\"@type\":\"CommentAction\",\"name\":\"Comment\",\"target\":[\"https:\\\/\\\/www.haekelfieber.de\\\/wp-blog\\\/2015\\\/06\\\/haekeln-gross-gedacht\\\/#respond\"]}]},{\"@type\":\"WebPage\",\"@id\":\"https:\\\/\\\/www.haekelfieber.de\\\/wp-blog\\\/2015\\\/06\\\/haekeln-gross-gedacht\\\/\",\"url\":\"https:\\\/\\\/www.haekelfieber.de\\\/wp-blog\\\/2015\\\/06\\\/haekeln-gross-gedacht\\\/\",\"name\":\"H\u00e4keln gro\u00df gedacht - H\u00e4kelfieber\",\"isPartOf\":{\"@id\":\"https:\\\/\\\/www.haekelfieber.de\\\/wp-blog\\\/#website\"},\"datePublished\":\"2015-06-12T13:55:02+00:00\",\"dateModified\":\"2015-06-12T14:14:48+00:00\",\"breadcrumb\":{\"@id\":\"https:\\\/\\\/www.haekelfieber.de\\\/wp-blog\\\/2015\\\/06\\\/haekeln-gross-gedacht\\\/#breadcrumb\"},\"inLanguage\":\"de\",\"potentialAction\":[{\"@type\":\"ReadAction\",\"target\":[\"https:\\\/\\\/www.haekelfieber.de\\\/wp-blog\\\/2015\\\/06\\\/haekeln-gross-gedacht\\\/\"]}]},{\"@type\":\"BreadcrumbList\",\"@id\":\"https:\\\/\\\/www.haekelfieber.de\\\/wp-blog\\\/2015\\\/06\\\/haekeln-gross-gedacht\\\/#breadcrumb\",\"itemListElement\":[{\"@type\":\"ListItem\",\"position\":1,\"name\":\"Home\",\"item\":\"https:\\\/\\\/www.haekelfieber.de\\\/wp-blog\\\/\"},{\"@type\":\"ListItem\",\"position\":2,\"name\":\"H\u00e4keln gro\u00df gedacht\"}]},{\"@type\":\"WebSite\",\"@id\":\"https:\\\/\\\/www.haekelfieber.de\\\/wp-blog\\\/#website\",\"url\":\"https:\\\/\\\/www.haekelfieber.de\\\/wp-blog\\\/\",\"name\":\"H\u00e4kelfieber\",\"description\":\"Ich bin im...\",\"publisher\":{\"@id\":\"https:\\\/\\\/www.haekelfieber.de\\\/wp-blog\\\/#organization\"},\"potentialAction\":[{\"@type\":\"SearchAction\",\"target\":{\"@type\":\"EntryPoint\",\"urlTemplate\":\"https:\\\/\\\/www.haekelfieber.de\\\/wp-blog\\\/?s={search_term_string}\"},\"query-input\":{\"@type\":\"PropertyValueSpecification\",\"valueRequired\":true,\"valueName\":\"search_term_string\"}}],\"inLanguage\":\"de\"},{\"@type\":\"Organization\",\"@id\":\"https:\\\/\\\/www.haekelfieber.de\\\/wp-blog\\\/#organization\",\"name\":\"H\u00e4kelfieber\",\"url\":\"https:\\\/\\\/www.haekelfieber.de\\\/wp-blog\\\/\",\"logo\":{\"@type\":\"ImageObject\",\"inLanguage\":\"de\",\"@id\":\"https:\\\/\\\/www.haekelfieber.de\\\/wp-blog\\\/#\\\/schema\\\/logo\\\/image\\\/\",\"url\":\"https:\\\/\\\/www.haekelfieber.de\\\/wp-blog\\\/wp-content\\\/uploads\\\/2023\\\/03\\\/kissen-haekeln2.jpg\",\"contentUrl\":\"https:\\\/\\\/www.haekelfieber.de\\\/wp-blog\\\/wp-content\\\/uploads\\\/2023\\\/03\\\/kissen-haekeln2.jpg\",\"width\":683,\"height\":1024,\"caption\":\"H\u00e4kelfieber\"},\"image\":{\"@id\":\"https:\\\/\\\/www.haekelfieber.de\\\/wp-blog\\\/#\\\/schema\\\/logo\\\/image\\\/\"}},{\"@type\":\"Person\",\"@id\":\"https:\\\/\\\/www.haekelfieber.de\\\/wp-blog\\\/#\\\/schema\\\/person\\\/08b81f8e0d3480519aadc66881dee8d7\",\"name\":\"Jutta\",\"image\":{\"@type\":\"ImageObject\",\"inLanguage\":\"de\",\"@id\":\"https:\\\/\\\/secure.gravatar.com\\\/avatar\\\/4fb96a09981d3eab52fd94765c38a5395ca69a563a8cd98c172ef85375636d9d?s=96&d=mm&r=g\",\"url\":\"https:\\\/\\\/secure.gravatar.com\\\/avatar\\\/4fb96a09981d3eab52fd94765c38a5395ca69a563a8cd98c172ef85375636d9d?s=96&d=mm&r=g\",\"contentUrl\":\"https:\\\/\\\/secure.gravatar.com\\\/avatar\\\/4fb96a09981d3eab52fd94765c38a5395ca69a563a8cd98c172ef85375636d9d?s=96&d=mm&r=g\",\"caption\":\"Jutta\"},\"url\":\"https:\\\/\\\/www.haekelfieber.de\\\/wp-blog\\\/author\\\/admin\\\/\"}]}<\/script>\n<!-- \/ Yoast SEO plugin. -->","yoast_head_json":{"title":"H\u00e4keln gro\u00df gedacht - H\u00e4kelfieber","robots":{"index":"index","follow":"follow","max-snippet":"max-snippet:-1","max-image-preview":"max-image-preview:large","max-video-preview":"max-video-preview:-1"},"canonical":"https:\/\/www.haekelfieber.de\/wp-blog\/2015\/06\/haekeln-gross-gedacht\/","og_locale":"de_DE","og_type":"article","og_title":"H\u00e4keln gro\u00df gedacht - H\u00e4kelfieber","og_description":"Neulich habe ich in einem Beitrag die Aussage geh\u00f6rt, dass wir Deutschen uns scheuen &#8222;gro\u00df zu denken&#8220;. Es ging um Architektur. Ich pers\u00f6nlich glaube schon, dass an dieser Aussage was dran ist und deswegen mache ich heute den Versuch in gro\u00df und so. Ich stelle die Frage: Geht h\u00e4keln und Kunst zusammen? Uhhhh, ein Raunen &hellip; H\u00e4keln gro\u00df gedacht weiterlesen &rarr;","og_url":"https:\/\/www.haekelfieber.de\/wp-blog\/2015\/06\/haekeln-gross-gedacht\/","og_site_name":"H\u00e4kelfieber","article_published_time":"2015-06-12T13:55:02+00:00","article_modified_time":"2015-06-12T14:14:48+00:00","og_image":[{"url":"https:\/\/www.haekelfieber.de\/wp-blog\/wp-content\/uploads\/2015\/06\/H\u00e4kelkunst-3-450x600.jpg","type":"","width":"","height":""}],"author":"Jutta","twitter_misc":{"Verfasst von":"Jutta","Gesch\u00e4tzte Lesezeit":"1\u00a0Minute"},"schema":{"@context":"https:\/\/schema.org","@graph":[{"@type":"Article","@id":"https:\/\/www.haekelfieber.de\/wp-blog\/2015\/06\/haekeln-gross-gedacht\/#article","isPartOf":{"@id":"https:\/\/www.haekelfieber.de\/wp-blog\/2015\/06\/haekeln-gross-gedacht\/"},"author":{"name":"Jutta","@id":"https:\/\/www.haekelfieber.de\/wp-blog\/#\/schema\/person\/08b81f8e0d3480519aadc66881dee8d7"},"headline":"H\u00e4keln gro\u00df gedacht","datePublished":"2015-06-12T13:55:02+00:00","dateModified":"2015-06-12T14:14:48+00:00","mainEntityOfPage":{"@id":"https:\/\/www.haekelfieber.de\/wp-blog\/2015\/06\/haekeln-gross-gedacht\/"},"wordCount":238,"commentCount":1,"publisher":{"@id":"https:\/\/www.haekelfieber.de\/wp-blog\/#organization"},"articleSection":["H\u00e4keln","Manch anderes"],"inLanguage":"de","potentialAction":[{"@type":"CommentAction","name":"Comment","target":["https:\/\/www.haekelfieber.de\/wp-blog\/2015\/06\/haekeln-gross-gedacht\/#respond"]}]},{"@type":"WebPage","@id":"https:\/\/www.haekelfieber.de\/wp-blog\/2015\/06\/haekeln-gross-gedacht\/","url":"https:\/\/www.haekelfieber.de\/wp-blog\/2015\/06\/haekeln-gross-gedacht\/","name":"H\u00e4keln gro\u00df gedacht - H\u00e4kelfieber","isPartOf":{"@id":"https:\/\/www.haekelfieber.de\/wp-blog\/#website"},"datePublished":"2015-06-12T13:55:02+00:00","dateModified":"2015-06-12T14:14:48+00:00","breadcrumb":{"@id":"https:\/\/www.haekelfieber.de\/wp-blog\/2015\/06\/haekeln-gross-gedacht\/#breadcrumb"},"inLanguage":"de","potentialAction":[{"@type":"ReadAction","target":["https:\/\/www.haekelfieber.de\/wp-blog\/2015\/06\/haekeln-gross-gedacht\/"]}]},{"@type":"BreadcrumbList","@id":"https:\/\/www.haekelfieber.de\/wp-blog\/2015\/06\/haekeln-gross-gedacht\/#breadcrumb","itemListElement":[{"@type":"ListItem","position":1,"name":"Home","item":"https:\/\/www.haekelfieber.de\/wp-blog\/"},{"@type":"ListItem","position":2,"name":"H\u00e4keln gro\u00df gedacht"}]},{"@type":"WebSite","@id":"https:\/\/www.haekelfieber.de\/wp-blog\/#website","url":"https:\/\/www.haekelfieber.de\/wp-blog\/","name":"H\u00e4kelfieber","description":"Ich bin im...","publisher":{"@id":"https:\/\/www.haekelfieber.de\/wp-blog\/#organization"},"potentialAction":[{"@type":"SearchAction","target":{"@type":"EntryPoint","urlTemplate":"https:\/\/www.haekelfieber.de\/wp-blog\/?s={search_term_string}"},"query-input":{"@type":"PropertyValueSpecification","valueRequired":true,"valueName":"search_term_string"}}],"inLanguage":"de"},{"@type":"Organization","@id":"https:\/\/www.haekelfieber.de\/wp-blog\/#organization","name":"H\u00e4kelfieber","url":"https:\/\/www.haekelfieber.de\/wp-blog\/","logo":{"@type":"ImageObject","inLanguage":"de","@id":"https:\/\/www.haekelfieber.de\/wp-blog\/#\/schema\/logo\/image\/","url":"https:\/\/www.haekelfieber.de\/wp-blog\/wp-content\/uploads\/2023\/03\/kissen-haekeln2.jpg","contentUrl":"https:\/\/www.haekelfieber.de\/wp-blog\/wp-content\/uploads\/2023\/03\/kissen-haekeln2.jpg","width":683,"height":1024,"caption":"H\u00e4kelfieber"},"image":{"@id":"https:\/\/www.haekelfieber.de\/wp-blog\/#\/schema\/logo\/image\/"}},{"@type":"Person","@id":"https:\/\/www.haekelfieber.de\/wp-blog\/#\/schema\/person\/08b81f8e0d3480519aadc66881dee8d7","name":"Jutta","image":{"@type":"ImageObject","inLanguage":"de","@id":"https:\/\/secure.gravatar.com\/avatar\/4fb96a09981d3eab52fd94765c38a5395ca69a563a8cd98c172ef85375636d9d?s=96&d=mm&r=g","url":"https:\/\/secure.gravatar.com\/avatar\/4fb96a09981d3eab52fd94765c38a5395ca69a563a8cd98c172ef85375636d9d?s=96&d=mm&r=g","contentUrl":"https:\/\/secure.gravatar.com\/avatar\/4fb96a09981d3eab52fd94765c38a5395ca69a563a8cd98c172ef85375636d9d?s=96&d=mm&r=g","caption":"Jutta"},"url":"https:\/\/www.haekelfieber.de\/wp-blog\/author\/admin\/"}]}},"_links":{"self":[{"href":"https:\/\/www.haekelfieber.de\/wp-blog\/wp-json\/wp\/v2\/posts\/2641","targetHints":{"allow":["GET"]}}],"collection":[{"href":"https:\/\/www.haekelfieber.de\/wp-blog\/wp-json\/wp\/v2\/posts"}],"about":[{"href":"https:\/\/www.haekelfieber.de\/wp-blog\/wp-json\/wp\/v2\/types\/post"}],"author":[{"embeddable":true,"href":"https:\/\/www.haekelfieber.de\/wp-blog\/wp-json\/wp\/v2\/users\/1"}],"replies":[{"embeddable":true,"href":"https:\/\/www.haekelfieber.de\/wp-blog\/wp-json\/wp\/v2\/comments?post=2641"}],"version-history":[{"count":4,"href":"https:\/\/www.haekelfieber.de\/wp-blog\/wp-json\/wp\/v2\/posts\/2641\/revisions"}],"predecessor-version":[{"id":2653,"href":"https:\/\/www.haekelfieber.de\/wp-blog\/wp-json\/wp\/v2\/posts\/2641\/revisions\/2653"}],"wp:attachment":[{"href":"https:\/\/www.haekelfieber.de\/wp-blog\/wp-json\/wp\/v2\/media?parent=2641"}],"wp:term":[{"taxonomy":"category","embeddable":true,"href":"https:\/\/www.haekelfieber.de\/wp-blog\/wp-json\/wp\/v2\/categories?post=2641"},{"taxonomy":"post_tag","embeddable":true,"href":"https:\/\/www.haekelfieber.de\/wp-blog\/wp-json\/wp\/v2\/tags?post=2641"}],"curies":[{"name":"wp","href":"https:\/\/api.w.org\/{rel}","templated":true}]}}