{"id":2802,"date":"2015-07-07T10:57:23","date_gmt":"2015-07-07T08:57:23","guid":{"rendered":"http:\/\/www.haekelfieber.de\/wp-blog\/?p=2802"},"modified":"2015-07-07T10:57:23","modified_gmt":"2015-07-07T08:57:23","slug":"wie-ein-fass-ohne-boden","status":"publish","type":"post","link":"https:\/\/www.haekelfieber.de\/wp-blog\/2015\/07\/wie-ein-fass-ohne-boden\/","title":{"rendered":"Wie ein Fass ohne Boden &#8230;"},"content":{"rendered":"<p>&#8230; verh\u00e4lt es sich mit dem Garten und dem Gie\u00dfen. Er vegetiert am Existenzminimum. Alle zwei Tage durchgie\u00dfen muss reichen. In Ermangelung eines Brunnens muss das gute Leitungswasser herhalten. Der Rasen darf zur Trockenwiese werden.<br \/>\nBei uns hat es seit langer, langer Zeit nicht mehr geregnet. Bisher hatten wir kein k\u00fchlendes Nass, aber auch keine Unwetter. Ich klopfe jetzt dreimal auf den Holztisch \ud83d\ude42 .<br \/>\nAber ab heute Abend soll der Umschwung kommen! Eine Kaltfront oder so ist im Anmarsch. Unwettergefahr &#8211; huhu. Ich als Gewitterschisshase und Hausdachwegfliegenseherin bin erstaunlicherweise noch ruhig. Mir geht diese Affenhitze gewaltig auf den Zeiger. Wenn ich nochmal im Radio W\u00f6rter wie: Supersommer, K\u00f6nigswetter &#8230; h\u00f6re, mache ich &#8230; \ud83d\ude42<br \/>\nGem\u00fctlich im Garten arbeiten &#8211; geht nicht. Offene Fenster &#8211; geht nicht. Sich drau\u00dfen bewegen ohne gef\u00fchlte 10 Liter an Schwei\u00df abzusondern &#8211; geht nicht.<br \/>\nAber heute, ja heute, war das Fass dann doch voll. Bei mir. Jawoll! Bei dem ewigen temperaturbedingten Rumgammeln &#8211; da mache ich nicht mehr mit. Ich wehre mich. Deswegen bin ich joggen gegangen. Die zwei letzten W\u00f6rter passen in dem Zusammenhang ganz gut zusammen \ud83d\ude42 . Schnell habe ich mich nicht bewegt, daf\u00fcr aber langsam und viel. Ein Widerspruch denkt ihr. Ich sage nein, denn nicht nur ich war zeitig unterwegs, sondern auch die Stechm\u00fccken oder &#8220; blindn Brema&#8220; wie man auf gut bayrisch sagt. Bei\u00dfm\u00fccken w\u00e4re ein treffender Name f\u00fcr diese Mistviecher. Noch besser: bei\u00dfende Mistviecher.<br \/>\nStellt euch vor: Eine Frau mittleren Alters, sehr langsam joggend und wild auf sich einschlagend. Manch einer habe ich den Garaus gemacht mit einem gezielten Schlag auf mich. Manch eine war leider schneller mit zubei\u00dfen und sich vom Acker machen. Werde also rote und blaue Flecken von meiner Laufrunde davontragen \ud83d\ude42 .<br \/>\nAber meine vergossenen Schwei\u00dftropfen haben dazu beigetragen die D\u00fcrre in der Natur ein bisschen abzumildern.<\/p>\n","protected":false},"excerpt":{"rendered":"<p>&#8230; verh\u00e4lt es sich mit dem Garten und dem Gie\u00dfen. Er vegetiert am Existenzminimum. Alle zwei Tage durchgie\u00dfen muss reichen. In Ermangelung eines Brunnens muss das gute Leitungswasser herhalten. Der Rasen darf zur Trockenwiese werden. Bei uns hat es seit langer, langer Zeit nicht mehr geregnet. Bisher hatten wir kein k\u00fchlendes Nass, aber auch keine &hellip; <a href=\"https:\/\/www.haekelfieber.de\/wp-blog\/2015\/07\/wie-ein-fass-ohne-boden\/\" class=\"more-link\"><span class=\"screen-reader-text\">Wie ein Fass ohne Boden &#8230;<\/span> weiterlesen <span class=\"meta-nav\">&rarr;<\/span><\/a><\/p>\n","protected":false},"author":1,"featured_media":0,"comment_status":"open","ping_status":"open","sticky":false,"template":"","format":"standard","meta":{"footnotes":""},"categories":[10,1],"tags":[],"class_list":["post-2802","post","type-post","status-publish","format-standard","hentry","category-die-natur","category-manch-anderes"],"yoast_head":"<!-- This site is optimized with the Yoast SEO plugin v27.5 - https:\/\/yoast.com\/product\/yoast-seo-wordpress\/ -->\n<title>Wie ein Fass ohne Boden ... - H\u00e4kelfieber<\/title>\n<meta name=\"robots\" content=\"index, follow, max-snippet:-1, max-image-preview:large, max-video-preview:-1\" \/>\n<link rel=\"canonical\" href=\"https:\/\/www.haekelfieber.de\/wp-blog\/2015\/07\/wie-ein-fass-ohne-boden\/\" \/>\n<meta property=\"og:locale\" content=\"de_DE\" \/>\n<meta property=\"og:type\" content=\"article\" \/>\n<meta property=\"og:title\" content=\"Wie ein Fass ohne Boden ... - H\u00e4kelfieber\" \/>\n<meta property=\"og:description\" content=\"&#8230; verh\u00e4lt es sich mit dem Garten und dem Gie\u00dfen. Er vegetiert am Existenzminimum. Alle zwei Tage durchgie\u00dfen muss reichen. In Ermangelung eines Brunnens muss das gute Leitungswasser herhalten. Der Rasen darf zur Trockenwiese werden. Bei uns hat es seit langer, langer Zeit nicht mehr geregnet. Bisher hatten wir kein k\u00fchlendes Nass, aber auch keine &hellip; Wie ein Fass ohne Boden &#8230; weiterlesen &rarr;\" \/>\n<meta property=\"og:url\" content=\"https:\/\/www.haekelfieber.de\/wp-blog\/2015\/07\/wie-ein-fass-ohne-boden\/\" \/>\n<meta property=\"og:site_name\" content=\"H\u00e4kelfieber\" \/>\n<meta property=\"article:published_time\" content=\"2015-07-07T08:57:23+00:00\" \/>\n<meta name=\"author\" content=\"Jutta\" \/>\n<meta name=\"twitter:label1\" content=\"Verfasst von\" \/>\n\t<meta name=\"twitter:data1\" content=\"Jutta\" \/>\n\t<meta name=\"twitter:label2\" content=\"Gesch\u00e4tzte Lesezeit\" \/>\n\t<meta name=\"twitter:data2\" content=\"2\u00a0Minuten\" \/>\n<script type=\"application\/ld+json\" class=\"yoast-schema-graph\">{\"@context\":\"https:\\\/\\\/schema.org\",\"@graph\":[{\"@type\":\"Article\",\"@id\":\"https:\\\/\\\/www.haekelfieber.de\\\/wp-blog\\\/2015\\\/07\\\/wie-ein-fass-ohne-boden\\\/#article\",\"isPartOf\":{\"@id\":\"https:\\\/\\\/www.haekelfieber.de\\\/wp-blog\\\/2015\\\/07\\\/wie-ein-fass-ohne-boden\\\/\"},\"author\":{\"name\":\"Jutta\",\"@id\":\"https:\\\/\\\/www.haekelfieber.de\\\/wp-blog\\\/#\\\/schema\\\/person\\\/08b81f8e0d3480519aadc66881dee8d7\"},\"headline\":\"Wie ein Fass ohne Boden &#8230;\",\"datePublished\":\"2015-07-07T08:57:23+00:00\",\"mainEntityOfPage\":{\"@id\":\"https:\\\/\\\/www.haekelfieber.de\\\/wp-blog\\\/2015\\\/07\\\/wie-ein-fass-ohne-boden\\\/\"},\"wordCount\":318,\"commentCount\":0,\"publisher\":{\"@id\":\"https:\\\/\\\/www.haekelfieber.de\\\/wp-blog\\\/#organization\"},\"articleSection\":[\"Die Natur\",\"Manch anderes\"],\"inLanguage\":\"de\",\"potentialAction\":[{\"@type\":\"CommentAction\",\"name\":\"Comment\",\"target\":[\"https:\\\/\\\/www.haekelfieber.de\\\/wp-blog\\\/2015\\\/07\\\/wie-ein-fass-ohne-boden\\\/#respond\"]}]},{\"@type\":\"WebPage\",\"@id\":\"https:\\\/\\\/www.haekelfieber.de\\\/wp-blog\\\/2015\\\/07\\\/wie-ein-fass-ohne-boden\\\/\",\"url\":\"https:\\\/\\\/www.haekelfieber.de\\\/wp-blog\\\/2015\\\/07\\\/wie-ein-fass-ohne-boden\\\/\",\"name\":\"Wie ein Fass ohne Boden ... - H\u00e4kelfieber\",\"isPartOf\":{\"@id\":\"https:\\\/\\\/www.haekelfieber.de\\\/wp-blog\\\/#website\"},\"datePublished\":\"2015-07-07T08:57:23+00:00\",\"breadcrumb\":{\"@id\":\"https:\\\/\\\/www.haekelfieber.de\\\/wp-blog\\\/2015\\\/07\\\/wie-ein-fass-ohne-boden\\\/#breadcrumb\"},\"inLanguage\":\"de\",\"potentialAction\":[{\"@type\":\"ReadAction\",\"target\":[\"https:\\\/\\\/www.haekelfieber.de\\\/wp-blog\\\/2015\\\/07\\\/wie-ein-fass-ohne-boden\\\/\"]}]},{\"@type\":\"BreadcrumbList\",\"@id\":\"https:\\\/\\\/www.haekelfieber.de\\\/wp-blog\\\/2015\\\/07\\\/wie-ein-fass-ohne-boden\\\/#breadcrumb\",\"itemListElement\":[{\"@type\":\"ListItem\",\"position\":1,\"name\":\"Home\",\"item\":\"https:\\\/\\\/www.haekelfieber.de\\\/wp-blog\\\/\"},{\"@type\":\"ListItem\",\"position\":2,\"name\":\"Wie ein Fass ohne Boden &#8230;\"}]},{\"@type\":\"WebSite\",\"@id\":\"https:\\\/\\\/www.haekelfieber.de\\\/wp-blog\\\/#website\",\"url\":\"https:\\\/\\\/www.haekelfieber.de\\\/wp-blog\\\/\",\"name\":\"H\u00e4kelfieber\",\"description\":\"Ich bin im...\",\"publisher\":{\"@id\":\"https:\\\/\\\/www.haekelfieber.de\\\/wp-blog\\\/#organization\"},\"potentialAction\":[{\"@type\":\"SearchAction\",\"target\":{\"@type\":\"EntryPoint\",\"urlTemplate\":\"https:\\\/\\\/www.haekelfieber.de\\\/wp-blog\\\/?s={search_term_string}\"},\"query-input\":{\"@type\":\"PropertyValueSpecification\",\"valueRequired\":true,\"valueName\":\"search_term_string\"}}],\"inLanguage\":\"de\"},{\"@type\":\"Organization\",\"@id\":\"https:\\\/\\\/www.haekelfieber.de\\\/wp-blog\\\/#organization\",\"name\":\"H\u00e4kelfieber\",\"url\":\"https:\\\/\\\/www.haekelfieber.de\\\/wp-blog\\\/\",\"logo\":{\"@type\":\"ImageObject\",\"inLanguage\":\"de\",\"@id\":\"https:\\\/\\\/www.haekelfieber.de\\\/wp-blog\\\/#\\\/schema\\\/logo\\\/image\\\/\",\"url\":\"https:\\\/\\\/www.haekelfieber.de\\\/wp-blog\\\/wp-content\\\/uploads\\\/2023\\\/03\\\/kissen-haekeln2.jpg\",\"contentUrl\":\"https:\\\/\\\/www.haekelfieber.de\\\/wp-blog\\\/wp-content\\\/uploads\\\/2023\\\/03\\\/kissen-haekeln2.jpg\",\"width\":683,\"height\":1024,\"caption\":\"H\u00e4kelfieber\"},\"image\":{\"@id\":\"https:\\\/\\\/www.haekelfieber.de\\\/wp-blog\\\/#\\\/schema\\\/logo\\\/image\\\/\"}},{\"@type\":\"Person\",\"@id\":\"https:\\\/\\\/www.haekelfieber.de\\\/wp-blog\\\/#\\\/schema\\\/person\\\/08b81f8e0d3480519aadc66881dee8d7\",\"name\":\"Jutta\",\"image\":{\"@type\":\"ImageObject\",\"inLanguage\":\"de\",\"@id\":\"https:\\\/\\\/secure.gravatar.com\\\/avatar\\\/4fb96a09981d3eab52fd94765c38a5395ca69a563a8cd98c172ef85375636d9d?s=96&d=mm&r=g\",\"url\":\"https:\\\/\\\/secure.gravatar.com\\\/avatar\\\/4fb96a09981d3eab52fd94765c38a5395ca69a563a8cd98c172ef85375636d9d?s=96&d=mm&r=g\",\"contentUrl\":\"https:\\\/\\\/secure.gravatar.com\\\/avatar\\\/4fb96a09981d3eab52fd94765c38a5395ca69a563a8cd98c172ef85375636d9d?s=96&d=mm&r=g\",\"caption\":\"Jutta\"},\"url\":\"https:\\\/\\\/www.haekelfieber.de\\\/wp-blog\\\/author\\\/admin\\\/\"}]}<\/script>\n<!-- \/ Yoast SEO plugin. -->","yoast_head_json":{"title":"Wie ein Fass ohne Boden ... - H\u00e4kelfieber","robots":{"index":"index","follow":"follow","max-snippet":"max-snippet:-1","max-image-preview":"max-image-preview:large","max-video-preview":"max-video-preview:-1"},"canonical":"https:\/\/www.haekelfieber.de\/wp-blog\/2015\/07\/wie-ein-fass-ohne-boden\/","og_locale":"de_DE","og_type":"article","og_title":"Wie ein Fass ohne Boden ... - H\u00e4kelfieber","og_description":"&#8230; verh\u00e4lt es sich mit dem Garten und dem Gie\u00dfen. Er vegetiert am Existenzminimum. Alle zwei Tage durchgie\u00dfen muss reichen. In Ermangelung eines Brunnens muss das gute Leitungswasser herhalten. Der Rasen darf zur Trockenwiese werden. Bei uns hat es seit langer, langer Zeit nicht mehr geregnet. Bisher hatten wir kein k\u00fchlendes Nass, aber auch keine &hellip; Wie ein Fass ohne Boden &#8230; weiterlesen &rarr;","og_url":"https:\/\/www.haekelfieber.de\/wp-blog\/2015\/07\/wie-ein-fass-ohne-boden\/","og_site_name":"H\u00e4kelfieber","article_published_time":"2015-07-07T08:57:23+00:00","author":"Jutta","twitter_misc":{"Verfasst von":"Jutta","Gesch\u00e4tzte Lesezeit":"2\u00a0Minuten"},"schema":{"@context":"https:\/\/schema.org","@graph":[{"@type":"Article","@id":"https:\/\/www.haekelfieber.de\/wp-blog\/2015\/07\/wie-ein-fass-ohne-boden\/#article","isPartOf":{"@id":"https:\/\/www.haekelfieber.de\/wp-blog\/2015\/07\/wie-ein-fass-ohne-boden\/"},"author":{"name":"Jutta","@id":"https:\/\/www.haekelfieber.de\/wp-blog\/#\/schema\/person\/08b81f8e0d3480519aadc66881dee8d7"},"headline":"Wie ein Fass ohne Boden &#8230;","datePublished":"2015-07-07T08:57:23+00:00","mainEntityOfPage":{"@id":"https:\/\/www.haekelfieber.de\/wp-blog\/2015\/07\/wie-ein-fass-ohne-boden\/"},"wordCount":318,"commentCount":0,"publisher":{"@id":"https:\/\/www.haekelfieber.de\/wp-blog\/#organization"},"articleSection":["Die Natur","Manch anderes"],"inLanguage":"de","potentialAction":[{"@type":"CommentAction","name":"Comment","target":["https:\/\/www.haekelfieber.de\/wp-blog\/2015\/07\/wie-ein-fass-ohne-boden\/#respond"]}]},{"@type":"WebPage","@id":"https:\/\/www.haekelfieber.de\/wp-blog\/2015\/07\/wie-ein-fass-ohne-boden\/","url":"https:\/\/www.haekelfieber.de\/wp-blog\/2015\/07\/wie-ein-fass-ohne-boden\/","name":"Wie ein Fass ohne Boden ... - H\u00e4kelfieber","isPartOf":{"@id":"https:\/\/www.haekelfieber.de\/wp-blog\/#website"},"datePublished":"2015-07-07T08:57:23+00:00","breadcrumb":{"@id":"https:\/\/www.haekelfieber.de\/wp-blog\/2015\/07\/wie-ein-fass-ohne-boden\/#breadcrumb"},"inLanguage":"de","potentialAction":[{"@type":"ReadAction","target":["https:\/\/www.haekelfieber.de\/wp-blog\/2015\/07\/wie-ein-fass-ohne-boden\/"]}]},{"@type":"BreadcrumbList","@id":"https:\/\/www.haekelfieber.de\/wp-blog\/2015\/07\/wie-ein-fass-ohne-boden\/#breadcrumb","itemListElement":[{"@type":"ListItem","position":1,"name":"Home","item":"https:\/\/www.haekelfieber.de\/wp-blog\/"},{"@type":"ListItem","position":2,"name":"Wie ein Fass ohne Boden &#8230;"}]},{"@type":"WebSite","@id":"https:\/\/www.haekelfieber.de\/wp-blog\/#website","url":"https:\/\/www.haekelfieber.de\/wp-blog\/","name":"H\u00e4kelfieber","description":"Ich bin im...","publisher":{"@id":"https:\/\/www.haekelfieber.de\/wp-blog\/#organization"},"potentialAction":[{"@type":"SearchAction","target":{"@type":"EntryPoint","urlTemplate":"https:\/\/www.haekelfieber.de\/wp-blog\/?s={search_term_string}"},"query-input":{"@type":"PropertyValueSpecification","valueRequired":true,"valueName":"search_term_string"}}],"inLanguage":"de"},{"@type":"Organization","@id":"https:\/\/www.haekelfieber.de\/wp-blog\/#organization","name":"H\u00e4kelfieber","url":"https:\/\/www.haekelfieber.de\/wp-blog\/","logo":{"@type":"ImageObject","inLanguage":"de","@id":"https:\/\/www.haekelfieber.de\/wp-blog\/#\/schema\/logo\/image\/","url":"https:\/\/www.haekelfieber.de\/wp-blog\/wp-content\/uploads\/2023\/03\/kissen-haekeln2.jpg","contentUrl":"https:\/\/www.haekelfieber.de\/wp-blog\/wp-content\/uploads\/2023\/03\/kissen-haekeln2.jpg","width":683,"height":1024,"caption":"H\u00e4kelfieber"},"image":{"@id":"https:\/\/www.haekelfieber.de\/wp-blog\/#\/schema\/logo\/image\/"}},{"@type":"Person","@id":"https:\/\/www.haekelfieber.de\/wp-blog\/#\/schema\/person\/08b81f8e0d3480519aadc66881dee8d7","name":"Jutta","image":{"@type":"ImageObject","inLanguage":"de","@id":"https:\/\/secure.gravatar.com\/avatar\/4fb96a09981d3eab52fd94765c38a5395ca69a563a8cd98c172ef85375636d9d?s=96&d=mm&r=g","url":"https:\/\/secure.gravatar.com\/avatar\/4fb96a09981d3eab52fd94765c38a5395ca69a563a8cd98c172ef85375636d9d?s=96&d=mm&r=g","contentUrl":"https:\/\/secure.gravatar.com\/avatar\/4fb96a09981d3eab52fd94765c38a5395ca69a563a8cd98c172ef85375636d9d?s=96&d=mm&r=g","caption":"Jutta"},"url":"https:\/\/www.haekelfieber.de\/wp-blog\/author\/admin\/"}]}},"_links":{"self":[{"href":"https:\/\/www.haekelfieber.de\/wp-blog\/wp-json\/wp\/v2\/posts\/2802","targetHints":{"allow":["GET"]}}],"collection":[{"href":"https:\/\/www.haekelfieber.de\/wp-blog\/wp-json\/wp\/v2\/posts"}],"about":[{"href":"https:\/\/www.haekelfieber.de\/wp-blog\/wp-json\/wp\/v2\/types\/post"}],"author":[{"embeddable":true,"href":"https:\/\/www.haekelfieber.de\/wp-blog\/wp-json\/wp\/v2\/users\/1"}],"replies":[{"embeddable":true,"href":"https:\/\/www.haekelfieber.de\/wp-blog\/wp-json\/wp\/v2\/comments?post=2802"}],"version-history":[{"count":1,"href":"https:\/\/www.haekelfieber.de\/wp-blog\/wp-json\/wp\/v2\/posts\/2802\/revisions"}],"predecessor-version":[{"id":2803,"href":"https:\/\/www.haekelfieber.de\/wp-blog\/wp-json\/wp\/v2\/posts\/2802\/revisions\/2803"}],"wp:attachment":[{"href":"https:\/\/www.haekelfieber.de\/wp-blog\/wp-json\/wp\/v2\/media?parent=2802"}],"wp:term":[{"taxonomy":"category","embeddable":true,"href":"https:\/\/www.haekelfieber.de\/wp-blog\/wp-json\/wp\/v2\/categories?post=2802"},{"taxonomy":"post_tag","embeddable":true,"href":"https:\/\/www.haekelfieber.de\/wp-blog\/wp-json\/wp\/v2\/tags?post=2802"}],"curies":[{"name":"wp","href":"https:\/\/api.w.org\/{rel}","templated":true}]}}