{"id":2870,"date":"2015-07-19T20:27:13","date_gmt":"2015-07-19T18:27:13","guid":{"rendered":"http:\/\/www.haekelfieber.de\/wp-blog\/?p=2870"},"modified":"2015-07-19T20:27:13","modified_gmt":"2015-07-19T18:27:13","slug":"garten-am-sonntag","status":"publish","type":"post","link":"https:\/\/www.haekelfieber.de\/wp-blog\/2015\/07\/garten-am-sonntag\/","title":{"rendered":"Garten am Sonntag"},"content":{"rendered":"<p><a href=\"https:\/\/www.haekelfieber.de\/wp-blog\/wp-content\/uploads\/2015\/07\/Garten-1.jpg\"><img loading=\"lazy\" decoding=\"async\" class=\"aligncenter size-large wp-image-2861\" src=\"https:\/\/www.haekelfieber.de\/wp-blog\/wp-content\/uploads\/2015\/07\/Garten-1-450x600.jpg\" alt=\"Garten (1)\" width=\"450\" height=\"600\" srcset=\"https:\/\/www.haekelfieber.de\/wp-blog\/wp-content\/uploads\/2015\/07\/Garten-1-450x600.jpg 450w, https:\/\/www.haekelfieber.de\/wp-blog\/wp-content\/uploads\/2015\/07\/Garten-1-225x300.jpg 225w, https:\/\/www.haekelfieber.de\/wp-blog\/wp-content\/uploads\/2015\/07\/Garten-1.jpg 600w\" sizes=\"auto, (max-width: 450px) 100vw, 450px\" \/><\/a><br \/>\nSeit mindestens 2 Wochen hat es bei uns nicht geregnet. Oder doch, heute mal ganz kurz und ganz wenig. Gerade mal soviel, dass man sich wie in der Sauna vorkam. Das Tagesgesch\u00e4ft besteht aus gie\u00dfen. Wie ich schon mal erw\u00e4hnt habe, wird das gute Trinkwasser daf\u00fcr hergenommen. Aus \u00f6kologischer Sicht ein &#8222;No Go&#8220;. Deswegen duschen und baden wir nicht mehr. Jeder hat zwei Klosp\u00fclungen am Tag frei. Einmal f\u00fcr gro\u00df und einmal f\u00fcr klein.<br \/>\nDas war jetzt ein Scherz.<\/p>\n<p>Wie ihr auf dem Bild seht, haben wir die Rasenfarbe gewechselt. \u00d6fter mal was neues.<br \/>\nAuch im Garten braucht man Abwechslung, farbtechnisch und so.<\/p>\n<p><a href=\"https:\/\/www.haekelfieber.de\/wp-blog\/wp-content\/uploads\/2015\/07\/Garten-3.jpg\"><img loading=\"lazy\" decoding=\"async\" class=\"aligncenter size-large wp-image-2863\" src=\"https:\/\/www.haekelfieber.de\/wp-blog\/wp-content\/uploads\/2015\/07\/Garten-3-450x600.jpg\" alt=\"Garten (3)\" width=\"450\" height=\"600\" srcset=\"https:\/\/www.haekelfieber.de\/wp-blog\/wp-content\/uploads\/2015\/07\/Garten-3-450x600.jpg 450w, https:\/\/www.haekelfieber.de\/wp-blog\/wp-content\/uploads\/2015\/07\/Garten-3-225x300.jpg 225w, https:\/\/www.haekelfieber.de\/wp-blog\/wp-content\/uploads\/2015\/07\/Garten-3.jpg 600w\" sizes=\"auto, (max-width: 450px) 100vw, 450px\" \/><\/a><br \/>\nKaum mehr zu erkennen. Ein Weinstock erobert unser Gew\u00e4chshaus.<\/p>\n<p><a href=\"https:\/\/www.haekelfieber.de\/wp-blog\/wp-content\/uploads\/2015\/07\/Garten-2.jpg\"><img loading=\"lazy\" decoding=\"async\" class=\"aligncenter size-large wp-image-2862\" src=\"https:\/\/www.haekelfieber.de\/wp-blog\/wp-content\/uploads\/2015\/07\/Garten-2-450x600.jpg\" alt=\"Garten (2)\" width=\"450\" height=\"600\" srcset=\"https:\/\/www.haekelfieber.de\/wp-blog\/wp-content\/uploads\/2015\/07\/Garten-2-450x600.jpg 450w, https:\/\/www.haekelfieber.de\/wp-blog\/wp-content\/uploads\/2015\/07\/Garten-2-225x300.jpg 225w, https:\/\/www.haekelfieber.de\/wp-blog\/wp-content\/uploads\/2015\/07\/Garten-2.jpg 600w\" sizes=\"auto, (max-width: 450px) 100vw, 450px\" \/><\/a><br \/>\nEr darf das, weil er reichlich mit Weintrauben best\u00fcckt ist.<\/p>\n<p><a href=\"https:\/\/www.haekelfieber.de\/wp-blog\/wp-content\/uploads\/2015\/07\/Garten-5.jpg\"><img loading=\"lazy\" decoding=\"async\" class=\"aligncenter size-large wp-image-2865\" src=\"https:\/\/www.haekelfieber.de\/wp-blog\/wp-content\/uploads\/2015\/07\/Garten-5-450x600.jpg\" alt=\"Garten (5)\" width=\"450\" height=\"600\" srcset=\"https:\/\/www.haekelfieber.de\/wp-blog\/wp-content\/uploads\/2015\/07\/Garten-5-450x600.jpg 450w, https:\/\/www.haekelfieber.de\/wp-blog\/wp-content\/uploads\/2015\/07\/Garten-5-225x300.jpg 225w, https:\/\/www.haekelfieber.de\/wp-blog\/wp-content\/uploads\/2015\/07\/Garten-5.jpg 600w\" sizes=\"auto, (max-width: 450px) 100vw, 450px\" \/><\/a><br \/>\nSo sieht&#8217;s drinnen aus. Zum ersten Mal, seit wir einen Garten haben, deutet sich eine reiche Paprikaernte an. Also, liebe Gartenfreunde, gebt nicht so schnell auf.<br \/>\nManches dauert einfach ein paar J\u00e4hrchen \ud83d\ude42<\/p>\n<p><a href=\"https:\/\/www.haekelfieber.de\/wp-blog\/wp-content\/uploads\/2015\/07\/Garten-4.jpg\"><img loading=\"lazy\" decoding=\"async\" class=\"aligncenter size-large wp-image-2864\" src=\"https:\/\/www.haekelfieber.de\/wp-blog\/wp-content\/uploads\/2015\/07\/Garten-4-450x600.jpg\" alt=\"Garten (4)\" width=\"450\" height=\"600\" srcset=\"https:\/\/www.haekelfieber.de\/wp-blog\/wp-content\/uploads\/2015\/07\/Garten-4-450x600.jpg 450w, https:\/\/www.haekelfieber.de\/wp-blog\/wp-content\/uploads\/2015\/07\/Garten-4-225x300.jpg 225w, https:\/\/www.haekelfieber.de\/wp-blog\/wp-content\/uploads\/2015\/07\/Garten-4.jpg 600w\" sizes=\"auto, (max-width: 450px) 100vw, 450px\" \/><\/a><br \/>\nDen Tomaten geht&#8217;s auch pr\u00e4chtig.<br \/>\nBilder von den Schlangengurken kann ich euch leider nicht mehr zeigen. Sie wurden von der Spinnmilbe dahingerafft.<br \/>\nApropo &#8211; diverses andere wurde auch schon dahingerafft &#8211; macht nix.<\/p>\n<p><a href=\"https:\/\/www.haekelfieber.de\/wp-blog\/wp-content\/uploads\/2015\/07\/Garten-8.jpg\"><img loading=\"lazy\" decoding=\"async\" class=\"aligncenter size-large wp-image-2868\" src=\"https:\/\/www.haekelfieber.de\/wp-blog\/wp-content\/uploads\/2015\/07\/Garten-8-450x600.jpg\" alt=\"Garten (8)\" width=\"450\" height=\"600\" srcset=\"https:\/\/www.haekelfieber.de\/wp-blog\/wp-content\/uploads\/2015\/07\/Garten-8-450x600.jpg 450w, https:\/\/www.haekelfieber.de\/wp-blog\/wp-content\/uploads\/2015\/07\/Garten-8-225x300.jpg 225w, https:\/\/www.haekelfieber.de\/wp-blog\/wp-content\/uploads\/2015\/07\/Garten-8.jpg 600w\" sizes=\"auto, (max-width: 450px) 100vw, 450px\" \/><\/a><br \/>\nIn die geschenktbekommenen alten Krautt\u00f6pfen habe ich Auberginen gepflanzt. Sie stehen an der Hauswand auf unserer Terasse. Ah &#8211; seht doch dieses Prachtst\u00fcck.<\/p>\n<p><a href=\"https:\/\/www.haekelfieber.de\/wp-blog\/wp-content\/uploads\/2015\/07\/Garten-9.jpg\"><img loading=\"lazy\" decoding=\"async\" class=\"aligncenter size-large wp-image-2869\" src=\"https:\/\/www.haekelfieber.de\/wp-blog\/wp-content\/uploads\/2015\/07\/Garten-9-450x600.jpg\" alt=\"Garten (9)\" width=\"450\" height=\"600\" srcset=\"https:\/\/www.haekelfieber.de\/wp-blog\/wp-content\/uploads\/2015\/07\/Garten-9-450x600.jpg 450w, https:\/\/www.haekelfieber.de\/wp-blog\/wp-content\/uploads\/2015\/07\/Garten-9-225x300.jpg 225w, https:\/\/www.haekelfieber.de\/wp-blog\/wp-content\/uploads\/2015\/07\/Garten-9.jpg 600w\" sizes=\"auto, (max-width: 450px) 100vw, 450px\" \/><\/a><br \/>\nZum Fr\u00fchst\u00fcck hatten wir einen Gast &#8211; dieser Grash\u00fcpfer hat uns Gesellschaft geleistet. Sicher hei\u00dft er Phillip &#8211; ihr wisst schon: &#8222;Biene Maja&#8220; und so.<\/p>\n<p><a href=\"https:\/\/www.haekelfieber.de\/wp-blog\/wp-content\/uploads\/2015\/07\/Garten-7.jpg\"><img loading=\"lazy\" decoding=\"async\" class=\"aligncenter size-large wp-image-2867\" src=\"https:\/\/www.haekelfieber.de\/wp-blog\/wp-content\/uploads\/2015\/07\/Garten-7-450x600.jpg\" alt=\"Garten (7)\" width=\"450\" height=\"600\" srcset=\"https:\/\/www.haekelfieber.de\/wp-blog\/wp-content\/uploads\/2015\/07\/Garten-7-450x600.jpg 450w, https:\/\/www.haekelfieber.de\/wp-blog\/wp-content\/uploads\/2015\/07\/Garten-7-225x300.jpg 225w, https:\/\/www.haekelfieber.de\/wp-blog\/wp-content\/uploads\/2015\/07\/Garten-7.jpg 600w\" sizes=\"auto, (max-width: 450px) 100vw, 450px\" \/><\/a><br \/>\nIch bin verliebt in Annabel. Schreibt man jetzt Annabel oder Anabell? Ersteres sieht optisch besser aus.<\/p>\n<p><a href=\"https:\/\/www.haekelfieber.de\/wp-blog\/wp-content\/uploads\/2015\/07\/Garten-6.jpg\"><img loading=\"lazy\" decoding=\"async\" class=\"aligncenter size-large wp-image-2866\" src=\"https:\/\/www.haekelfieber.de\/wp-blog\/wp-content\/uploads\/2015\/07\/Garten-6-450x600.jpg\" alt=\"Garten (6)\" width=\"450\" height=\"600\" srcset=\"https:\/\/www.haekelfieber.de\/wp-blog\/wp-content\/uploads\/2015\/07\/Garten-6-450x600.jpg 450w, https:\/\/www.haekelfieber.de\/wp-blog\/wp-content\/uploads\/2015\/07\/Garten-6-225x300.jpg 225w, https:\/\/www.haekelfieber.de\/wp-blog\/wp-content\/uploads\/2015\/07\/Garten-6.jpg 600w\" sizes=\"auto, (max-width: 450px) 100vw, 450px\" \/><\/a><br \/>\nAch, die Gr\u00e4ser sind eine wahre Augenweide. Aus einem Gr\u00e4serstock habe ich in den letzten zwei Jahren sieben St\u00fcck gemacht, durch zeitiges Abstechen und Neuverpflanzen im Fr\u00fchjahr. Es grenzt an Magie \ud83d\ude42<\/p>\n<p>Das war&#8217;s f\u00fcr den Sonntag. Habt noch einen sch\u00f6nen Abend.<\/p>\n<p>Jutta<\/p>\n","protected":false},"excerpt":{"rendered":"<p>Seit mindestens 2 Wochen hat es bei uns nicht geregnet. Oder doch, heute mal ganz kurz und ganz wenig. Gerade mal soviel, dass man sich wie in der Sauna vorkam. Das Tagesgesch\u00e4ft besteht aus gie\u00dfen. Wie ich schon mal erw\u00e4hnt habe, wird das gute Trinkwasser daf\u00fcr hergenommen. Aus \u00f6kologischer Sicht ein &#8222;No Go&#8220;. Deswegen duschen &hellip; <a href=\"https:\/\/www.haekelfieber.de\/wp-blog\/2015\/07\/garten-am-sonntag\/\" class=\"more-link\"><span class=\"screen-reader-text\">Garten am Sonntag<\/span> weiterlesen <span class=\"meta-nav\">&rarr;<\/span><\/a><\/p>\n","protected":false},"author":1,"featured_media":0,"comment_status":"open","ping_status":"open","sticky":false,"template":"","format":"standard","meta":{"footnotes":""},"categories":[10,7],"tags":[],"class_list":["post-2870","post","type-post","status-publish","format-standard","hentry","category-die-natur","category-garten"],"yoast_head":"<!-- This site is optimized with the Yoast SEO plugin v27.4 - https:\/\/yoast.com\/product\/yoast-seo-wordpress\/ -->\n<title>Garten am Sonntag - H\u00e4kelfieber<\/title>\n<meta name=\"robots\" content=\"index, follow, max-snippet:-1, max-image-preview:large, max-video-preview:-1\" \/>\n<link rel=\"canonical\" href=\"https:\/\/www.haekelfieber.de\/wp-blog\/2015\/07\/garten-am-sonntag\/\" \/>\n<meta property=\"og:locale\" content=\"de_DE\" \/>\n<meta property=\"og:type\" content=\"article\" \/>\n<meta property=\"og:title\" content=\"Garten am Sonntag - H\u00e4kelfieber\" \/>\n<meta property=\"og:description\" content=\"Seit mindestens 2 Wochen hat es bei uns nicht geregnet. Oder doch, heute mal ganz kurz und ganz wenig. Gerade mal soviel, dass man sich wie in der Sauna vorkam. Das Tagesgesch\u00e4ft besteht aus gie\u00dfen. Wie ich schon mal erw\u00e4hnt habe, wird das gute Trinkwasser daf\u00fcr hergenommen. Aus \u00f6kologischer Sicht ein &#8222;No Go&#8220;. Deswegen duschen &hellip; Garten am Sonntag weiterlesen &rarr;\" \/>\n<meta property=\"og:url\" content=\"https:\/\/www.haekelfieber.de\/wp-blog\/2015\/07\/garten-am-sonntag\/\" \/>\n<meta property=\"og:site_name\" content=\"H\u00e4kelfieber\" \/>\n<meta property=\"article:published_time\" content=\"2015-07-19T18:27:13+00:00\" \/>\n<meta property=\"og:image\" content=\"https:\/\/www.haekelfieber.de\/wp-blog\/wp-content\/uploads\/2015\/07\/Garten-1-450x600.jpg\" \/>\n<meta name=\"author\" content=\"Jutta\" \/>\n<meta name=\"twitter:label1\" content=\"Verfasst von\" \/>\n\t<meta name=\"twitter:data1\" content=\"Jutta\" \/>\n\t<meta name=\"twitter:label2\" content=\"Gesch\u00e4tzte Lesezeit\" \/>\n\t<meta name=\"twitter:data2\" content=\"2\u00a0Minuten\" \/>\n<script type=\"application\/ld+json\" class=\"yoast-schema-graph\">{\"@context\":\"https:\\\/\\\/schema.org\",\"@graph\":[{\"@type\":\"Article\",\"@id\":\"https:\\\/\\\/www.haekelfieber.de\\\/wp-blog\\\/2015\\\/07\\\/garten-am-sonntag\\\/#article\",\"isPartOf\":{\"@id\":\"https:\\\/\\\/www.haekelfieber.de\\\/wp-blog\\\/2015\\\/07\\\/garten-am-sonntag\\\/\"},\"author\":{\"name\":\"Jutta\",\"@id\":\"https:\\\/\\\/www.haekelfieber.de\\\/wp-blog\\\/#\\\/schema\\\/person\\\/08b81f8e0d3480519aadc66881dee8d7\"},\"headline\":\"Garten am Sonntag\",\"datePublished\":\"2015-07-19T18:27:13+00:00\",\"mainEntityOfPage\":{\"@id\":\"https:\\\/\\\/www.haekelfieber.de\\\/wp-blog\\\/2015\\\/07\\\/garten-am-sonntag\\\/\"},\"wordCount\":321,\"commentCount\":0,\"publisher\":{\"@id\":\"https:\\\/\\\/www.haekelfieber.de\\\/wp-blog\\\/#organization\"},\"image\":{\"@id\":\"https:\\\/\\\/www.haekelfieber.de\\\/wp-blog\\\/2015\\\/07\\\/garten-am-sonntag\\\/#primaryimage\"},\"thumbnailUrl\":\"https:\\\/\\\/www.haekelfieber.de\\\/wp-blog\\\/wp-content\\\/uploads\\\/2015\\\/07\\\/Garten-1-450x600.jpg\",\"articleSection\":[\"Die Natur\",\"Garten\"],\"inLanguage\":\"de\",\"potentialAction\":[{\"@type\":\"CommentAction\",\"name\":\"Comment\",\"target\":[\"https:\\\/\\\/www.haekelfieber.de\\\/wp-blog\\\/2015\\\/07\\\/garten-am-sonntag\\\/#respond\"]}]},{\"@type\":\"WebPage\",\"@id\":\"https:\\\/\\\/www.haekelfieber.de\\\/wp-blog\\\/2015\\\/07\\\/garten-am-sonntag\\\/\",\"url\":\"https:\\\/\\\/www.haekelfieber.de\\\/wp-blog\\\/2015\\\/07\\\/garten-am-sonntag\\\/\",\"name\":\"Garten am Sonntag - H\u00e4kelfieber\",\"isPartOf\":{\"@id\":\"https:\\\/\\\/www.haekelfieber.de\\\/wp-blog\\\/#website\"},\"primaryImageOfPage\":{\"@id\":\"https:\\\/\\\/www.haekelfieber.de\\\/wp-blog\\\/2015\\\/07\\\/garten-am-sonntag\\\/#primaryimage\"},\"image\":{\"@id\":\"https:\\\/\\\/www.haekelfieber.de\\\/wp-blog\\\/2015\\\/07\\\/garten-am-sonntag\\\/#primaryimage\"},\"thumbnailUrl\":\"https:\\\/\\\/www.haekelfieber.de\\\/wp-blog\\\/wp-content\\\/uploads\\\/2015\\\/07\\\/Garten-1-450x600.jpg\",\"datePublished\":\"2015-07-19T18:27:13+00:00\",\"breadcrumb\":{\"@id\":\"https:\\\/\\\/www.haekelfieber.de\\\/wp-blog\\\/2015\\\/07\\\/garten-am-sonntag\\\/#breadcrumb\"},\"inLanguage\":\"de\",\"potentialAction\":[{\"@type\":\"ReadAction\",\"target\":[\"https:\\\/\\\/www.haekelfieber.de\\\/wp-blog\\\/2015\\\/07\\\/garten-am-sonntag\\\/\"]}]},{\"@type\":\"ImageObject\",\"inLanguage\":\"de\",\"@id\":\"https:\\\/\\\/www.haekelfieber.de\\\/wp-blog\\\/2015\\\/07\\\/garten-am-sonntag\\\/#primaryimage\",\"url\":\"https:\\\/\\\/www.haekelfieber.de\\\/wp-blog\\\/wp-content\\\/uploads\\\/2015\\\/07\\\/Garten-1.jpg\",\"contentUrl\":\"https:\\\/\\\/www.haekelfieber.de\\\/wp-blog\\\/wp-content\\\/uploads\\\/2015\\\/07\\\/Garten-1.jpg\",\"width\":600,\"height\":800},{\"@type\":\"BreadcrumbList\",\"@id\":\"https:\\\/\\\/www.haekelfieber.de\\\/wp-blog\\\/2015\\\/07\\\/garten-am-sonntag\\\/#breadcrumb\",\"itemListElement\":[{\"@type\":\"ListItem\",\"position\":1,\"name\":\"Home\",\"item\":\"https:\\\/\\\/www.haekelfieber.de\\\/wp-blog\\\/\"},{\"@type\":\"ListItem\",\"position\":2,\"name\":\"Garten am Sonntag\"}]},{\"@type\":\"WebSite\",\"@id\":\"https:\\\/\\\/www.haekelfieber.de\\\/wp-blog\\\/#website\",\"url\":\"https:\\\/\\\/www.haekelfieber.de\\\/wp-blog\\\/\",\"name\":\"H\u00e4kelfieber\",\"description\":\"Ich bin im...\",\"publisher\":{\"@id\":\"https:\\\/\\\/www.haekelfieber.de\\\/wp-blog\\\/#organization\"},\"potentialAction\":[{\"@type\":\"SearchAction\",\"target\":{\"@type\":\"EntryPoint\",\"urlTemplate\":\"https:\\\/\\\/www.haekelfieber.de\\\/wp-blog\\\/?s={search_term_string}\"},\"query-input\":{\"@type\":\"PropertyValueSpecification\",\"valueRequired\":true,\"valueName\":\"search_term_string\"}}],\"inLanguage\":\"de\"},{\"@type\":\"Organization\",\"@id\":\"https:\\\/\\\/www.haekelfieber.de\\\/wp-blog\\\/#organization\",\"name\":\"H\u00e4kelfieber\",\"url\":\"https:\\\/\\\/www.haekelfieber.de\\\/wp-blog\\\/\",\"logo\":{\"@type\":\"ImageObject\",\"inLanguage\":\"de\",\"@id\":\"https:\\\/\\\/www.haekelfieber.de\\\/wp-blog\\\/#\\\/schema\\\/logo\\\/image\\\/\",\"url\":\"https:\\\/\\\/www.haekelfieber.de\\\/wp-blog\\\/wp-content\\\/uploads\\\/2023\\\/03\\\/kissen-haekeln2.jpg\",\"contentUrl\":\"https:\\\/\\\/www.haekelfieber.de\\\/wp-blog\\\/wp-content\\\/uploads\\\/2023\\\/03\\\/kissen-haekeln2.jpg\",\"width\":683,\"height\":1024,\"caption\":\"H\u00e4kelfieber\"},\"image\":{\"@id\":\"https:\\\/\\\/www.haekelfieber.de\\\/wp-blog\\\/#\\\/schema\\\/logo\\\/image\\\/\"}},{\"@type\":\"Person\",\"@id\":\"https:\\\/\\\/www.haekelfieber.de\\\/wp-blog\\\/#\\\/schema\\\/person\\\/08b81f8e0d3480519aadc66881dee8d7\",\"name\":\"Jutta\",\"image\":{\"@type\":\"ImageObject\",\"inLanguage\":\"de\",\"@id\":\"https:\\\/\\\/secure.gravatar.com\\\/avatar\\\/4fb96a09981d3eab52fd94765c38a5395ca69a563a8cd98c172ef85375636d9d?s=96&d=mm&r=g\",\"url\":\"https:\\\/\\\/secure.gravatar.com\\\/avatar\\\/4fb96a09981d3eab52fd94765c38a5395ca69a563a8cd98c172ef85375636d9d?s=96&d=mm&r=g\",\"contentUrl\":\"https:\\\/\\\/secure.gravatar.com\\\/avatar\\\/4fb96a09981d3eab52fd94765c38a5395ca69a563a8cd98c172ef85375636d9d?s=96&d=mm&r=g\",\"caption\":\"Jutta\"},\"url\":\"https:\\\/\\\/www.haekelfieber.de\\\/wp-blog\\\/author\\\/admin\\\/\"}]}<\/script>\n<!-- \/ Yoast SEO plugin. -->","yoast_head_json":{"title":"Garten am Sonntag - H\u00e4kelfieber","robots":{"index":"index","follow":"follow","max-snippet":"max-snippet:-1","max-image-preview":"max-image-preview:large","max-video-preview":"max-video-preview:-1"},"canonical":"https:\/\/www.haekelfieber.de\/wp-blog\/2015\/07\/garten-am-sonntag\/","og_locale":"de_DE","og_type":"article","og_title":"Garten am Sonntag - H\u00e4kelfieber","og_description":"Seit mindestens 2 Wochen hat es bei uns nicht geregnet. Oder doch, heute mal ganz kurz und ganz wenig. Gerade mal soviel, dass man sich wie in der Sauna vorkam. Das Tagesgesch\u00e4ft besteht aus gie\u00dfen. Wie ich schon mal erw\u00e4hnt habe, wird das gute Trinkwasser daf\u00fcr hergenommen. Aus \u00f6kologischer Sicht ein &#8222;No Go&#8220;. Deswegen duschen &hellip; Garten am Sonntag weiterlesen &rarr;","og_url":"https:\/\/www.haekelfieber.de\/wp-blog\/2015\/07\/garten-am-sonntag\/","og_site_name":"H\u00e4kelfieber","article_published_time":"2015-07-19T18:27:13+00:00","og_image":[{"url":"https:\/\/www.haekelfieber.de\/wp-blog\/wp-content\/uploads\/2015\/07\/Garten-1-450x600.jpg","type":"","width":"","height":""}],"author":"Jutta","twitter_misc":{"Verfasst von":"Jutta","Gesch\u00e4tzte Lesezeit":"2\u00a0Minuten"},"schema":{"@context":"https:\/\/schema.org","@graph":[{"@type":"Article","@id":"https:\/\/www.haekelfieber.de\/wp-blog\/2015\/07\/garten-am-sonntag\/#article","isPartOf":{"@id":"https:\/\/www.haekelfieber.de\/wp-blog\/2015\/07\/garten-am-sonntag\/"},"author":{"name":"Jutta","@id":"https:\/\/www.haekelfieber.de\/wp-blog\/#\/schema\/person\/08b81f8e0d3480519aadc66881dee8d7"},"headline":"Garten am Sonntag","datePublished":"2015-07-19T18:27:13+00:00","mainEntityOfPage":{"@id":"https:\/\/www.haekelfieber.de\/wp-blog\/2015\/07\/garten-am-sonntag\/"},"wordCount":321,"commentCount":0,"publisher":{"@id":"https:\/\/www.haekelfieber.de\/wp-blog\/#organization"},"image":{"@id":"https:\/\/www.haekelfieber.de\/wp-blog\/2015\/07\/garten-am-sonntag\/#primaryimage"},"thumbnailUrl":"https:\/\/www.haekelfieber.de\/wp-blog\/wp-content\/uploads\/2015\/07\/Garten-1-450x600.jpg","articleSection":["Die Natur","Garten"],"inLanguage":"de","potentialAction":[{"@type":"CommentAction","name":"Comment","target":["https:\/\/www.haekelfieber.de\/wp-blog\/2015\/07\/garten-am-sonntag\/#respond"]}]},{"@type":"WebPage","@id":"https:\/\/www.haekelfieber.de\/wp-blog\/2015\/07\/garten-am-sonntag\/","url":"https:\/\/www.haekelfieber.de\/wp-blog\/2015\/07\/garten-am-sonntag\/","name":"Garten am Sonntag - H\u00e4kelfieber","isPartOf":{"@id":"https:\/\/www.haekelfieber.de\/wp-blog\/#website"},"primaryImageOfPage":{"@id":"https:\/\/www.haekelfieber.de\/wp-blog\/2015\/07\/garten-am-sonntag\/#primaryimage"},"image":{"@id":"https:\/\/www.haekelfieber.de\/wp-blog\/2015\/07\/garten-am-sonntag\/#primaryimage"},"thumbnailUrl":"https:\/\/www.haekelfieber.de\/wp-blog\/wp-content\/uploads\/2015\/07\/Garten-1-450x600.jpg","datePublished":"2015-07-19T18:27:13+00:00","breadcrumb":{"@id":"https:\/\/www.haekelfieber.de\/wp-blog\/2015\/07\/garten-am-sonntag\/#breadcrumb"},"inLanguage":"de","potentialAction":[{"@type":"ReadAction","target":["https:\/\/www.haekelfieber.de\/wp-blog\/2015\/07\/garten-am-sonntag\/"]}]},{"@type":"ImageObject","inLanguage":"de","@id":"https:\/\/www.haekelfieber.de\/wp-blog\/2015\/07\/garten-am-sonntag\/#primaryimage","url":"https:\/\/www.haekelfieber.de\/wp-blog\/wp-content\/uploads\/2015\/07\/Garten-1.jpg","contentUrl":"https:\/\/www.haekelfieber.de\/wp-blog\/wp-content\/uploads\/2015\/07\/Garten-1.jpg","width":600,"height":800},{"@type":"BreadcrumbList","@id":"https:\/\/www.haekelfieber.de\/wp-blog\/2015\/07\/garten-am-sonntag\/#breadcrumb","itemListElement":[{"@type":"ListItem","position":1,"name":"Home","item":"https:\/\/www.haekelfieber.de\/wp-blog\/"},{"@type":"ListItem","position":2,"name":"Garten am Sonntag"}]},{"@type":"WebSite","@id":"https:\/\/www.haekelfieber.de\/wp-blog\/#website","url":"https:\/\/www.haekelfieber.de\/wp-blog\/","name":"H\u00e4kelfieber","description":"Ich bin im...","publisher":{"@id":"https:\/\/www.haekelfieber.de\/wp-blog\/#organization"},"potentialAction":[{"@type":"SearchAction","target":{"@type":"EntryPoint","urlTemplate":"https:\/\/www.haekelfieber.de\/wp-blog\/?s={search_term_string}"},"query-input":{"@type":"PropertyValueSpecification","valueRequired":true,"valueName":"search_term_string"}}],"inLanguage":"de"},{"@type":"Organization","@id":"https:\/\/www.haekelfieber.de\/wp-blog\/#organization","name":"H\u00e4kelfieber","url":"https:\/\/www.haekelfieber.de\/wp-blog\/","logo":{"@type":"ImageObject","inLanguage":"de","@id":"https:\/\/www.haekelfieber.de\/wp-blog\/#\/schema\/logo\/image\/","url":"https:\/\/www.haekelfieber.de\/wp-blog\/wp-content\/uploads\/2023\/03\/kissen-haekeln2.jpg","contentUrl":"https:\/\/www.haekelfieber.de\/wp-blog\/wp-content\/uploads\/2023\/03\/kissen-haekeln2.jpg","width":683,"height":1024,"caption":"H\u00e4kelfieber"},"image":{"@id":"https:\/\/www.haekelfieber.de\/wp-blog\/#\/schema\/logo\/image\/"}},{"@type":"Person","@id":"https:\/\/www.haekelfieber.de\/wp-blog\/#\/schema\/person\/08b81f8e0d3480519aadc66881dee8d7","name":"Jutta","image":{"@type":"ImageObject","inLanguage":"de","@id":"https:\/\/secure.gravatar.com\/avatar\/4fb96a09981d3eab52fd94765c38a5395ca69a563a8cd98c172ef85375636d9d?s=96&d=mm&r=g","url":"https:\/\/secure.gravatar.com\/avatar\/4fb96a09981d3eab52fd94765c38a5395ca69a563a8cd98c172ef85375636d9d?s=96&d=mm&r=g","contentUrl":"https:\/\/secure.gravatar.com\/avatar\/4fb96a09981d3eab52fd94765c38a5395ca69a563a8cd98c172ef85375636d9d?s=96&d=mm&r=g","caption":"Jutta"},"url":"https:\/\/www.haekelfieber.de\/wp-blog\/author\/admin\/"}]}},"_links":{"self":[{"href":"https:\/\/www.haekelfieber.de\/wp-blog\/wp-json\/wp\/v2\/posts\/2870","targetHints":{"allow":["GET"]}}],"collection":[{"href":"https:\/\/www.haekelfieber.de\/wp-blog\/wp-json\/wp\/v2\/posts"}],"about":[{"href":"https:\/\/www.haekelfieber.de\/wp-blog\/wp-json\/wp\/v2\/types\/post"}],"author":[{"embeddable":true,"href":"https:\/\/www.haekelfieber.de\/wp-blog\/wp-json\/wp\/v2\/users\/1"}],"replies":[{"embeddable":true,"href":"https:\/\/www.haekelfieber.de\/wp-blog\/wp-json\/wp\/v2\/comments?post=2870"}],"version-history":[{"count":1,"href":"https:\/\/www.haekelfieber.de\/wp-blog\/wp-json\/wp\/v2\/posts\/2870\/revisions"}],"predecessor-version":[{"id":2871,"href":"https:\/\/www.haekelfieber.de\/wp-blog\/wp-json\/wp\/v2\/posts\/2870\/revisions\/2871"}],"wp:attachment":[{"href":"https:\/\/www.haekelfieber.de\/wp-blog\/wp-json\/wp\/v2\/media?parent=2870"}],"wp:term":[{"taxonomy":"category","embeddable":true,"href":"https:\/\/www.haekelfieber.de\/wp-blog\/wp-json\/wp\/v2\/categories?post=2870"},{"taxonomy":"post_tag","embeddable":true,"href":"https:\/\/www.haekelfieber.de\/wp-blog\/wp-json\/wp\/v2\/tags?post=2870"}],"curies":[{"name":"wp","href":"https:\/\/api.w.org\/{rel}","templated":true}]}}