{"id":3182,"date":"2015-09-20T17:19:02","date_gmt":"2015-09-20T15:19:02","guid":{"rendered":"http:\/\/www.haekelfieber.de\/wp-blog\/?p=3182"},"modified":"2015-09-20T17:19:02","modified_gmt":"2015-09-20T15:19:02","slug":"gegen-graue-herbsttage-bunter-schal","status":"publish","type":"post","link":"https:\/\/www.haekelfieber.de\/wp-blog\/2015\/09\/gegen-graue-herbsttage-bunter-schal\/","title":{"rendered":"Gegen graue Herbsttage: bunter Schal"},"content":{"rendered":"<p>Ja. Ich habe jetzt auch so einen kleinen, wie der <a href=\"https:\/\/www.haekelfieber.de\/wp-blog\/2015\/09\/fuer-den-mann\/\" target=\"_blank\">Mann<\/a>.<br \/>\nIch spreche von einem Schal. Ups. Jetzt wird mir erst die Tragweite meines Anfangsatzes bewusst. \ud83d\ude42<\/p>\n<p><a href=\"https:\/\/www.haekelfieber.de\/wp-blog\/wp-content\/uploads\/2015\/09\/Schal-haekeln-6.jpg\"><img loading=\"lazy\" decoding=\"async\" class=\"aligncenter size-large wp-image-3178\" src=\"https:\/\/www.haekelfieber.de\/wp-blog\/wp-content\/uploads\/2015\/09\/Schal-haekeln-6-600x450.jpg\" alt=\"Schal haekeln (6)\" width=\"600\" height=\"450\" srcset=\"https:\/\/www.haekelfieber.de\/wp-blog\/wp-content\/uploads\/2015\/09\/Schal-haekeln-6-600x450.jpg 600w, https:\/\/www.haekelfieber.de\/wp-blog\/wp-content\/uploads\/2015\/09\/Schal-haekeln-6-300x225.jpg 300w, https:\/\/www.haekelfieber.de\/wp-blog\/wp-content\/uploads\/2015\/09\/Schal-haekeln-6.jpg 800w\" sizes=\"auto, (max-width: 600px) 100vw, 600px\" \/><br \/>\n<\/a><a href=\"https:\/\/www.haekelfieber.de\/wp-blog\/wp-content\/uploads\/2015\/09\/Schal-haekeln-2.jpg\"><img loading=\"lazy\" decoding=\"async\" class=\"aligncenter size-large wp-image-3174\" src=\"https:\/\/www.haekelfieber.de\/wp-blog\/wp-content\/uploads\/2015\/09\/Schal-haekeln-2-450x600.jpg\" alt=\"Schal haekeln (2)\" width=\"450\" height=\"600\" srcset=\"https:\/\/www.haekelfieber.de\/wp-blog\/wp-content\/uploads\/2015\/09\/Schal-haekeln-2-450x600.jpg 450w, https:\/\/www.haekelfieber.de\/wp-blog\/wp-content\/uploads\/2015\/09\/Schal-haekeln-2-225x300.jpg 225w, https:\/\/www.haekelfieber.de\/wp-blog\/wp-content\/uploads\/2015\/09\/Schal-haekeln-2.jpg 600w\" sizes=\"auto, (max-width: 450px) 100vw, 450px\" \/><br \/>\n<\/a>Naja. Schal ist wahrscheinlich nicht die treffende Bezeichnung daf\u00fcr. Im englischen Sprachgebrauch w\u00fcrde sich &#8222;Loop&#8220; anbieten. Quasi ein Loop, der nur einmal um den Hals herumgeht. Nicht weil ich einen so dicken Hals habe (manchmal schon, wenn ich mich \u00e4rgern muss) sondern weil er kurz, eng&#8230; geh\u00e4kelt ist.<br \/>\nEr passt gut \u00fcber den Kopf und schmiegt sich sch\u00f6n am Hals an. Nach vorn hin hat er schon ein bisschen Luft.<\/p>\n<p><a href=\"https:\/\/www.haekelfieber.de\/wp-blog\/wp-content\/uploads\/2015\/09\/Schal-haekeln-3.jpg\"><img loading=\"lazy\" decoding=\"async\" class=\"aligncenter size-large wp-image-3175\" src=\"https:\/\/www.haekelfieber.de\/wp-blog\/wp-content\/uploads\/2015\/09\/Schal-haekeln-3-600x450.jpg\" alt=\"Schal haekeln (3)\" width=\"600\" height=\"450\" srcset=\"https:\/\/www.haekelfieber.de\/wp-blog\/wp-content\/uploads\/2015\/09\/Schal-haekeln-3-600x450.jpg 600w, https:\/\/www.haekelfieber.de\/wp-blog\/wp-content\/uploads\/2015\/09\/Schal-haekeln-3-300x225.jpg 300w, https:\/\/www.haekelfieber.de\/wp-blog\/wp-content\/uploads\/2015\/09\/Schal-haekeln-3.jpg 800w\" sizes=\"auto, (max-width: 600px) 100vw, 600px\" \/><br \/>\n<\/a> <a href=\"https:\/\/www.haekelfieber.de\/wp-blog\/wp-content\/uploads\/2015\/09\/Schal-haekeln-5.jpg\"><img loading=\"lazy\" decoding=\"async\" class=\"aligncenter size-large wp-image-3177\" src=\"https:\/\/www.haekelfieber.de\/wp-blog\/wp-content\/uploads\/2015\/09\/Schal-haekeln-5-600x450.jpg\" alt=\"Schal haekeln (5)\" width=\"600\" height=\"450\" srcset=\"https:\/\/www.haekelfieber.de\/wp-blog\/wp-content\/uploads\/2015\/09\/Schal-haekeln-5-600x450.jpg 600w, https:\/\/www.haekelfieber.de\/wp-blog\/wp-content\/uploads\/2015\/09\/Schal-haekeln-5-300x225.jpg 300w, https:\/\/www.haekelfieber.de\/wp-blog\/wp-content\/uploads\/2015\/09\/Schal-haekeln-5.jpg 800w\" sizes=\"auto, (max-width: 600px) 100vw, 600px\" \/><br \/>\n<\/a>In der H\u00e4lfte zusammengelegt eignet er sich prima als Stirnband.<\/p>\n<p><a href=\"https:\/\/www.haekelfieber.de\/wp-blog\/wp-content\/uploads\/2015\/09\/Schal-haekeln-4.jpg\"><img loading=\"lazy\" decoding=\"async\" class=\"aligncenter size-large wp-image-3176\" src=\"https:\/\/www.haekelfieber.de\/wp-blog\/wp-content\/uploads\/2015\/09\/Schal-haekeln-4-450x600.jpg\" alt=\"Schal haekeln (4)\" width=\"450\" height=\"600\" srcset=\"https:\/\/www.haekelfieber.de\/wp-blog\/wp-content\/uploads\/2015\/09\/Schal-haekeln-4-450x600.jpg 450w, https:\/\/www.haekelfieber.de\/wp-blog\/wp-content\/uploads\/2015\/09\/Schal-haekeln-4-225x300.jpg 225w, https:\/\/www.haekelfieber.de\/wp-blog\/wp-content\/uploads\/2015\/09\/Schal-haekeln-4.jpg 600w\" sizes=\"auto, (max-width: 450px) 100vw, 450px\" \/><br \/>\n<\/a>Sieht ein bisschen aus wie gestrickt.<br \/>\nHab&#8216; schon mal einen gr\u00f6\u00dferen Loop f\u00fcr den Mann mit diesem Stich geh\u00e4kelt.<br \/>\nIn <a href=\"https:\/\/www.haekelfieber.de\/wp-blog\/2014\/09\/gehaekelter-loop\/\" target=\"_blank\"><strong>diesem<\/strong><\/a> Beitrag findet ihr den Link auf ein Youtube-Videotutorial.<\/p>\n<p><a href=\"https:\/\/www.haekelfieber.de\/wp-blog\/wp-content\/uploads\/2015\/09\/Schal-haekeln-1.jpg\"><img loading=\"lazy\" decoding=\"async\" class=\"aligncenter size-large wp-image-3179\" src=\"https:\/\/www.haekelfieber.de\/wp-blog\/wp-content\/uploads\/2015\/09\/Schal-haekeln-1-450x600.jpg\" alt=\"Schal haekeln (1)\" width=\"450\" height=\"600\" srcset=\"https:\/\/www.haekelfieber.de\/wp-blog\/wp-content\/uploads\/2015\/09\/Schal-haekeln-1-450x600.jpg 450w, https:\/\/www.haekelfieber.de\/wp-blog\/wp-content\/uploads\/2015\/09\/Schal-haekeln-1-225x300.jpg 225w, https:\/\/www.haekelfieber.de\/wp-blog\/wp-content\/uploads\/2015\/09\/Schal-haekeln-1.jpg 600w\" sizes=\"auto, (max-width: 450px) 100vw, 450px\" \/><\/a><br \/>\nW\u00fcrde sicher auch einfarbig gut ausschauen oder in Erd-, Beerent\u00f6nen. Ich komme im Augenblick nicht von diesen frischen Farben weg. Macht nix. \ud83d\ude42<\/p>\n","protected":false},"excerpt":{"rendered":"<p>Ja. Ich habe jetzt auch so einen kleinen, wie der Mann. Ich spreche von einem Schal. Ups. Jetzt wird mir erst die Tragweite meines Anfangsatzes bewusst. \ud83d\ude42 Naja. Schal ist wahrscheinlich nicht die treffende Bezeichnung daf\u00fcr. Im englischen Sprachgebrauch w\u00fcrde sich &#8222;Loop&#8220; anbieten. Quasi ein Loop, der nur einmal um den Hals herumgeht. Nicht weil &hellip; <a href=\"https:\/\/www.haekelfieber.de\/wp-blog\/2015\/09\/gegen-graue-herbsttage-bunter-schal\/\" class=\"more-link\"><span class=\"screen-reader-text\">Gegen graue Herbsttage: bunter Schal<\/span> weiterlesen <span class=\"meta-nav\">&rarr;<\/span><\/a><\/p>\n","protected":false},"author":1,"featured_media":0,"comment_status":"open","ping_status":"open","sticky":false,"template":"","format":"standard","meta":{"footnotes":""},"categories":[5],"tags":[],"class_list":["post-3182","post","type-post","status-publish","format-standard","hentry","category-haekeln"],"yoast_head":"<!-- This site is optimized with the Yoast SEO plugin v27.4 - https:\/\/yoast.com\/product\/yoast-seo-wordpress\/ -->\n<title>Gegen graue Herbsttage: bunter Schal - H\u00e4kelfieber<\/title>\n<meta name=\"robots\" content=\"index, follow, max-snippet:-1, max-image-preview:large, max-video-preview:-1\" \/>\n<link rel=\"canonical\" href=\"https:\/\/www.haekelfieber.de\/wp-blog\/2015\/09\/gegen-graue-herbsttage-bunter-schal\/\" \/>\n<meta property=\"og:locale\" content=\"de_DE\" \/>\n<meta property=\"og:type\" content=\"article\" \/>\n<meta property=\"og:title\" content=\"Gegen graue Herbsttage: bunter Schal - H\u00e4kelfieber\" \/>\n<meta property=\"og:description\" content=\"Ja. Ich habe jetzt auch so einen kleinen, wie der Mann. Ich spreche von einem Schal. Ups. Jetzt wird mir erst die Tragweite meines Anfangsatzes bewusst. \ud83d\ude42 Naja. Schal ist wahrscheinlich nicht die treffende Bezeichnung daf\u00fcr. Im englischen Sprachgebrauch w\u00fcrde sich &#8222;Loop&#8220; anbieten. Quasi ein Loop, der nur einmal um den Hals herumgeht. Nicht weil &hellip; Gegen graue Herbsttage: bunter Schal weiterlesen &rarr;\" \/>\n<meta property=\"og:url\" content=\"https:\/\/www.haekelfieber.de\/wp-blog\/2015\/09\/gegen-graue-herbsttage-bunter-schal\/\" \/>\n<meta property=\"og:site_name\" content=\"H\u00e4kelfieber\" \/>\n<meta property=\"article:published_time\" content=\"2015-09-20T15:19:02+00:00\" \/>\n<meta property=\"og:image\" content=\"https:\/\/www.haekelfieber.de\/wp-blog\/wp-content\/uploads\/2015\/09\/Schal-haekeln-6-600x450.jpg\" \/>\n<meta name=\"author\" content=\"Jutta\" \/>\n<meta name=\"twitter:label1\" content=\"Verfasst von\" \/>\n\t<meta name=\"twitter:data1\" content=\"Jutta\" \/>\n\t<meta name=\"twitter:label2\" content=\"Gesch\u00e4tzte Lesezeit\" \/>\n\t<meta name=\"twitter:data2\" content=\"1\u00a0Minute\" \/>\n<script type=\"application\/ld+json\" class=\"yoast-schema-graph\">{\"@context\":\"https:\\\/\\\/schema.org\",\"@graph\":[{\"@type\":\"Article\",\"@id\":\"https:\\\/\\\/www.haekelfieber.de\\\/wp-blog\\\/2015\\\/09\\\/gegen-graue-herbsttage-bunter-schal\\\/#article\",\"isPartOf\":{\"@id\":\"https:\\\/\\\/www.haekelfieber.de\\\/wp-blog\\\/2015\\\/09\\\/gegen-graue-herbsttage-bunter-schal\\\/\"},\"author\":{\"name\":\"Jutta\",\"@id\":\"https:\\\/\\\/www.haekelfieber.de\\\/wp-blog\\\/#\\\/schema\\\/person\\\/08b81f8e0d3480519aadc66881dee8d7\"},\"headline\":\"Gegen graue Herbsttage: bunter Schal\",\"datePublished\":\"2015-09-20T15:19:02+00:00\",\"mainEntityOfPage\":{\"@id\":\"https:\\\/\\\/www.haekelfieber.de\\\/wp-blog\\\/2015\\\/09\\\/gegen-graue-herbsttage-bunter-schal\\\/\"},\"wordCount\":172,\"commentCount\":3,\"publisher\":{\"@id\":\"https:\\\/\\\/www.haekelfieber.de\\\/wp-blog\\\/#organization\"},\"image\":{\"@id\":\"https:\\\/\\\/www.haekelfieber.de\\\/wp-blog\\\/2015\\\/09\\\/gegen-graue-herbsttage-bunter-schal\\\/#primaryimage\"},\"thumbnailUrl\":\"https:\\\/\\\/www.haekelfieber.de\\\/wp-blog\\\/wp-content\\\/uploads\\\/2015\\\/09\\\/Schal-haekeln-6-600x450.jpg\",\"articleSection\":[\"H\u00e4keln\"],\"inLanguage\":\"de\",\"potentialAction\":[{\"@type\":\"CommentAction\",\"name\":\"Comment\",\"target\":[\"https:\\\/\\\/www.haekelfieber.de\\\/wp-blog\\\/2015\\\/09\\\/gegen-graue-herbsttage-bunter-schal\\\/#respond\"]}]},{\"@type\":\"WebPage\",\"@id\":\"https:\\\/\\\/www.haekelfieber.de\\\/wp-blog\\\/2015\\\/09\\\/gegen-graue-herbsttage-bunter-schal\\\/\",\"url\":\"https:\\\/\\\/www.haekelfieber.de\\\/wp-blog\\\/2015\\\/09\\\/gegen-graue-herbsttage-bunter-schal\\\/\",\"name\":\"Gegen graue Herbsttage: bunter Schal - H\u00e4kelfieber\",\"isPartOf\":{\"@id\":\"https:\\\/\\\/www.haekelfieber.de\\\/wp-blog\\\/#website\"},\"primaryImageOfPage\":{\"@id\":\"https:\\\/\\\/www.haekelfieber.de\\\/wp-blog\\\/2015\\\/09\\\/gegen-graue-herbsttage-bunter-schal\\\/#primaryimage\"},\"image\":{\"@id\":\"https:\\\/\\\/www.haekelfieber.de\\\/wp-blog\\\/2015\\\/09\\\/gegen-graue-herbsttage-bunter-schal\\\/#primaryimage\"},\"thumbnailUrl\":\"https:\\\/\\\/www.haekelfieber.de\\\/wp-blog\\\/wp-content\\\/uploads\\\/2015\\\/09\\\/Schal-haekeln-6-600x450.jpg\",\"datePublished\":\"2015-09-20T15:19:02+00:00\",\"breadcrumb\":{\"@id\":\"https:\\\/\\\/www.haekelfieber.de\\\/wp-blog\\\/2015\\\/09\\\/gegen-graue-herbsttage-bunter-schal\\\/#breadcrumb\"},\"inLanguage\":\"de\",\"potentialAction\":[{\"@type\":\"ReadAction\",\"target\":[\"https:\\\/\\\/www.haekelfieber.de\\\/wp-blog\\\/2015\\\/09\\\/gegen-graue-herbsttage-bunter-schal\\\/\"]}]},{\"@type\":\"ImageObject\",\"inLanguage\":\"de\",\"@id\":\"https:\\\/\\\/www.haekelfieber.de\\\/wp-blog\\\/2015\\\/09\\\/gegen-graue-herbsttage-bunter-schal\\\/#primaryimage\",\"url\":\"https:\\\/\\\/www.haekelfieber.de\\\/wp-blog\\\/wp-content\\\/uploads\\\/2015\\\/09\\\/Schal-haekeln-6.jpg\",\"contentUrl\":\"https:\\\/\\\/www.haekelfieber.de\\\/wp-blog\\\/wp-content\\\/uploads\\\/2015\\\/09\\\/Schal-haekeln-6.jpg\",\"width\":800,\"height\":600},{\"@type\":\"BreadcrumbList\",\"@id\":\"https:\\\/\\\/www.haekelfieber.de\\\/wp-blog\\\/2015\\\/09\\\/gegen-graue-herbsttage-bunter-schal\\\/#breadcrumb\",\"itemListElement\":[{\"@type\":\"ListItem\",\"position\":1,\"name\":\"Home\",\"item\":\"https:\\\/\\\/www.haekelfieber.de\\\/wp-blog\\\/\"},{\"@type\":\"ListItem\",\"position\":2,\"name\":\"Gegen graue Herbsttage: bunter Schal\"}]},{\"@type\":\"WebSite\",\"@id\":\"https:\\\/\\\/www.haekelfieber.de\\\/wp-blog\\\/#website\",\"url\":\"https:\\\/\\\/www.haekelfieber.de\\\/wp-blog\\\/\",\"name\":\"H\u00e4kelfieber\",\"description\":\"Ich bin im...\",\"publisher\":{\"@id\":\"https:\\\/\\\/www.haekelfieber.de\\\/wp-blog\\\/#organization\"},\"potentialAction\":[{\"@type\":\"SearchAction\",\"target\":{\"@type\":\"EntryPoint\",\"urlTemplate\":\"https:\\\/\\\/www.haekelfieber.de\\\/wp-blog\\\/?s={search_term_string}\"},\"query-input\":{\"@type\":\"PropertyValueSpecification\",\"valueRequired\":true,\"valueName\":\"search_term_string\"}}],\"inLanguage\":\"de\"},{\"@type\":\"Organization\",\"@id\":\"https:\\\/\\\/www.haekelfieber.de\\\/wp-blog\\\/#organization\",\"name\":\"H\u00e4kelfieber\",\"url\":\"https:\\\/\\\/www.haekelfieber.de\\\/wp-blog\\\/\",\"logo\":{\"@type\":\"ImageObject\",\"inLanguage\":\"de\",\"@id\":\"https:\\\/\\\/www.haekelfieber.de\\\/wp-blog\\\/#\\\/schema\\\/logo\\\/image\\\/\",\"url\":\"https:\\\/\\\/www.haekelfieber.de\\\/wp-blog\\\/wp-content\\\/uploads\\\/2023\\\/03\\\/kissen-haekeln2.jpg\",\"contentUrl\":\"https:\\\/\\\/www.haekelfieber.de\\\/wp-blog\\\/wp-content\\\/uploads\\\/2023\\\/03\\\/kissen-haekeln2.jpg\",\"width\":683,\"height\":1024,\"caption\":\"H\u00e4kelfieber\"},\"image\":{\"@id\":\"https:\\\/\\\/www.haekelfieber.de\\\/wp-blog\\\/#\\\/schema\\\/logo\\\/image\\\/\"}},{\"@type\":\"Person\",\"@id\":\"https:\\\/\\\/www.haekelfieber.de\\\/wp-blog\\\/#\\\/schema\\\/person\\\/08b81f8e0d3480519aadc66881dee8d7\",\"name\":\"Jutta\",\"image\":{\"@type\":\"ImageObject\",\"inLanguage\":\"de\",\"@id\":\"https:\\\/\\\/secure.gravatar.com\\\/avatar\\\/4fb96a09981d3eab52fd94765c38a5395ca69a563a8cd98c172ef85375636d9d?s=96&d=mm&r=g\",\"url\":\"https:\\\/\\\/secure.gravatar.com\\\/avatar\\\/4fb96a09981d3eab52fd94765c38a5395ca69a563a8cd98c172ef85375636d9d?s=96&d=mm&r=g\",\"contentUrl\":\"https:\\\/\\\/secure.gravatar.com\\\/avatar\\\/4fb96a09981d3eab52fd94765c38a5395ca69a563a8cd98c172ef85375636d9d?s=96&d=mm&r=g\",\"caption\":\"Jutta\"},\"url\":\"https:\\\/\\\/www.haekelfieber.de\\\/wp-blog\\\/author\\\/admin\\\/\"}]}<\/script>\n<!-- \/ Yoast SEO plugin. -->","yoast_head_json":{"title":"Gegen graue Herbsttage: bunter Schal - H\u00e4kelfieber","robots":{"index":"index","follow":"follow","max-snippet":"max-snippet:-1","max-image-preview":"max-image-preview:large","max-video-preview":"max-video-preview:-1"},"canonical":"https:\/\/www.haekelfieber.de\/wp-blog\/2015\/09\/gegen-graue-herbsttage-bunter-schal\/","og_locale":"de_DE","og_type":"article","og_title":"Gegen graue Herbsttage: bunter Schal - H\u00e4kelfieber","og_description":"Ja. Ich habe jetzt auch so einen kleinen, wie der Mann. Ich spreche von einem Schal. Ups. Jetzt wird mir erst die Tragweite meines Anfangsatzes bewusst. \ud83d\ude42 Naja. Schal ist wahrscheinlich nicht die treffende Bezeichnung daf\u00fcr. Im englischen Sprachgebrauch w\u00fcrde sich &#8222;Loop&#8220; anbieten. Quasi ein Loop, der nur einmal um den Hals herumgeht. Nicht weil &hellip; Gegen graue Herbsttage: bunter Schal weiterlesen &rarr;","og_url":"https:\/\/www.haekelfieber.de\/wp-blog\/2015\/09\/gegen-graue-herbsttage-bunter-schal\/","og_site_name":"H\u00e4kelfieber","article_published_time":"2015-09-20T15:19:02+00:00","og_image":[{"url":"https:\/\/www.haekelfieber.de\/wp-blog\/wp-content\/uploads\/2015\/09\/Schal-haekeln-6-600x450.jpg","type":"","width":"","height":""}],"author":"Jutta","twitter_misc":{"Verfasst von":"Jutta","Gesch\u00e4tzte Lesezeit":"1\u00a0Minute"},"schema":{"@context":"https:\/\/schema.org","@graph":[{"@type":"Article","@id":"https:\/\/www.haekelfieber.de\/wp-blog\/2015\/09\/gegen-graue-herbsttage-bunter-schal\/#article","isPartOf":{"@id":"https:\/\/www.haekelfieber.de\/wp-blog\/2015\/09\/gegen-graue-herbsttage-bunter-schal\/"},"author":{"name":"Jutta","@id":"https:\/\/www.haekelfieber.de\/wp-blog\/#\/schema\/person\/08b81f8e0d3480519aadc66881dee8d7"},"headline":"Gegen graue Herbsttage: bunter Schal","datePublished":"2015-09-20T15:19:02+00:00","mainEntityOfPage":{"@id":"https:\/\/www.haekelfieber.de\/wp-blog\/2015\/09\/gegen-graue-herbsttage-bunter-schal\/"},"wordCount":172,"commentCount":3,"publisher":{"@id":"https:\/\/www.haekelfieber.de\/wp-blog\/#organization"},"image":{"@id":"https:\/\/www.haekelfieber.de\/wp-blog\/2015\/09\/gegen-graue-herbsttage-bunter-schal\/#primaryimage"},"thumbnailUrl":"https:\/\/www.haekelfieber.de\/wp-blog\/wp-content\/uploads\/2015\/09\/Schal-haekeln-6-600x450.jpg","articleSection":["H\u00e4keln"],"inLanguage":"de","potentialAction":[{"@type":"CommentAction","name":"Comment","target":["https:\/\/www.haekelfieber.de\/wp-blog\/2015\/09\/gegen-graue-herbsttage-bunter-schal\/#respond"]}]},{"@type":"WebPage","@id":"https:\/\/www.haekelfieber.de\/wp-blog\/2015\/09\/gegen-graue-herbsttage-bunter-schal\/","url":"https:\/\/www.haekelfieber.de\/wp-blog\/2015\/09\/gegen-graue-herbsttage-bunter-schal\/","name":"Gegen graue Herbsttage: bunter Schal - H\u00e4kelfieber","isPartOf":{"@id":"https:\/\/www.haekelfieber.de\/wp-blog\/#website"},"primaryImageOfPage":{"@id":"https:\/\/www.haekelfieber.de\/wp-blog\/2015\/09\/gegen-graue-herbsttage-bunter-schal\/#primaryimage"},"image":{"@id":"https:\/\/www.haekelfieber.de\/wp-blog\/2015\/09\/gegen-graue-herbsttage-bunter-schal\/#primaryimage"},"thumbnailUrl":"https:\/\/www.haekelfieber.de\/wp-blog\/wp-content\/uploads\/2015\/09\/Schal-haekeln-6-600x450.jpg","datePublished":"2015-09-20T15:19:02+00:00","breadcrumb":{"@id":"https:\/\/www.haekelfieber.de\/wp-blog\/2015\/09\/gegen-graue-herbsttage-bunter-schal\/#breadcrumb"},"inLanguage":"de","potentialAction":[{"@type":"ReadAction","target":["https:\/\/www.haekelfieber.de\/wp-blog\/2015\/09\/gegen-graue-herbsttage-bunter-schal\/"]}]},{"@type":"ImageObject","inLanguage":"de","@id":"https:\/\/www.haekelfieber.de\/wp-blog\/2015\/09\/gegen-graue-herbsttage-bunter-schal\/#primaryimage","url":"https:\/\/www.haekelfieber.de\/wp-blog\/wp-content\/uploads\/2015\/09\/Schal-haekeln-6.jpg","contentUrl":"https:\/\/www.haekelfieber.de\/wp-blog\/wp-content\/uploads\/2015\/09\/Schal-haekeln-6.jpg","width":800,"height":600},{"@type":"BreadcrumbList","@id":"https:\/\/www.haekelfieber.de\/wp-blog\/2015\/09\/gegen-graue-herbsttage-bunter-schal\/#breadcrumb","itemListElement":[{"@type":"ListItem","position":1,"name":"Home","item":"https:\/\/www.haekelfieber.de\/wp-blog\/"},{"@type":"ListItem","position":2,"name":"Gegen graue Herbsttage: bunter Schal"}]},{"@type":"WebSite","@id":"https:\/\/www.haekelfieber.de\/wp-blog\/#website","url":"https:\/\/www.haekelfieber.de\/wp-blog\/","name":"H\u00e4kelfieber","description":"Ich bin im...","publisher":{"@id":"https:\/\/www.haekelfieber.de\/wp-blog\/#organization"},"potentialAction":[{"@type":"SearchAction","target":{"@type":"EntryPoint","urlTemplate":"https:\/\/www.haekelfieber.de\/wp-blog\/?s={search_term_string}"},"query-input":{"@type":"PropertyValueSpecification","valueRequired":true,"valueName":"search_term_string"}}],"inLanguage":"de"},{"@type":"Organization","@id":"https:\/\/www.haekelfieber.de\/wp-blog\/#organization","name":"H\u00e4kelfieber","url":"https:\/\/www.haekelfieber.de\/wp-blog\/","logo":{"@type":"ImageObject","inLanguage":"de","@id":"https:\/\/www.haekelfieber.de\/wp-blog\/#\/schema\/logo\/image\/","url":"https:\/\/www.haekelfieber.de\/wp-blog\/wp-content\/uploads\/2023\/03\/kissen-haekeln2.jpg","contentUrl":"https:\/\/www.haekelfieber.de\/wp-blog\/wp-content\/uploads\/2023\/03\/kissen-haekeln2.jpg","width":683,"height":1024,"caption":"H\u00e4kelfieber"},"image":{"@id":"https:\/\/www.haekelfieber.de\/wp-blog\/#\/schema\/logo\/image\/"}},{"@type":"Person","@id":"https:\/\/www.haekelfieber.de\/wp-blog\/#\/schema\/person\/08b81f8e0d3480519aadc66881dee8d7","name":"Jutta","image":{"@type":"ImageObject","inLanguage":"de","@id":"https:\/\/secure.gravatar.com\/avatar\/4fb96a09981d3eab52fd94765c38a5395ca69a563a8cd98c172ef85375636d9d?s=96&d=mm&r=g","url":"https:\/\/secure.gravatar.com\/avatar\/4fb96a09981d3eab52fd94765c38a5395ca69a563a8cd98c172ef85375636d9d?s=96&d=mm&r=g","contentUrl":"https:\/\/secure.gravatar.com\/avatar\/4fb96a09981d3eab52fd94765c38a5395ca69a563a8cd98c172ef85375636d9d?s=96&d=mm&r=g","caption":"Jutta"},"url":"https:\/\/www.haekelfieber.de\/wp-blog\/author\/admin\/"}]}},"_links":{"self":[{"href":"https:\/\/www.haekelfieber.de\/wp-blog\/wp-json\/wp\/v2\/posts\/3182","targetHints":{"allow":["GET"]}}],"collection":[{"href":"https:\/\/www.haekelfieber.de\/wp-blog\/wp-json\/wp\/v2\/posts"}],"about":[{"href":"https:\/\/www.haekelfieber.de\/wp-blog\/wp-json\/wp\/v2\/types\/post"}],"author":[{"embeddable":true,"href":"https:\/\/www.haekelfieber.de\/wp-blog\/wp-json\/wp\/v2\/users\/1"}],"replies":[{"embeddable":true,"href":"https:\/\/www.haekelfieber.de\/wp-blog\/wp-json\/wp\/v2\/comments?post=3182"}],"version-history":[{"count":1,"href":"https:\/\/www.haekelfieber.de\/wp-blog\/wp-json\/wp\/v2\/posts\/3182\/revisions"}],"predecessor-version":[{"id":3183,"href":"https:\/\/www.haekelfieber.de\/wp-blog\/wp-json\/wp\/v2\/posts\/3182\/revisions\/3183"}],"wp:attachment":[{"href":"https:\/\/www.haekelfieber.de\/wp-blog\/wp-json\/wp\/v2\/media?parent=3182"}],"wp:term":[{"taxonomy":"category","embeddable":true,"href":"https:\/\/www.haekelfieber.de\/wp-blog\/wp-json\/wp\/v2\/categories?post=3182"},{"taxonomy":"post_tag","embeddable":true,"href":"https:\/\/www.haekelfieber.de\/wp-blog\/wp-json\/wp\/v2\/tags?post=3182"}],"curies":[{"name":"wp","href":"https:\/\/api.w.org\/{rel}","templated":true}]}}