{"id":3421,"date":"2015-11-28T17:18:06","date_gmt":"2015-11-28T16:18:06","guid":{"rendered":"http:\/\/www.haekelfieber.de\/wp-blog\/?p=3421"},"modified":"2015-11-28T17:18:38","modified_gmt":"2015-11-28T16:18:38","slug":"weihnachtsdeko-quietschbunt-und-neues-vom","status":"publish","type":"post","link":"https:\/\/www.haekelfieber.de\/wp-blog\/2015\/11\/weihnachtsdeko-quietschbunt-und-neues-vom\/","title":{"rendered":"Weihnachtsdeko quietschbunt und neues vom&#8230;"},"content":{"rendered":"<p>&#8230;Assistenten:<\/p>\n<p><a href=\"https:\/\/www.haekelfieber.de\/wp-blog\/wp-content\/uploads\/2015\/11\/Weihnachtsdekoration-6.jpg\"><img loading=\"lazy\" decoding=\"async\" class=\"aligncenter size-large wp-image-3419\" src=\"https:\/\/www.haekelfieber.de\/wp-blog\/wp-content\/uploads\/2015\/11\/Weihnachtsdekoration-6-450x600.jpg\" alt=\"Weihnachtsdekoration (6)\" width=\"450\" height=\"600\" srcset=\"https:\/\/www.haekelfieber.de\/wp-blog\/wp-content\/uploads\/2015\/11\/Weihnachtsdekoration-6-450x600.jpg 450w, https:\/\/www.haekelfieber.de\/wp-blog\/wp-content\/uploads\/2015\/11\/Weihnachtsdekoration-6-225x300.jpg 225w, https:\/\/www.haekelfieber.de\/wp-blog\/wp-content\/uploads\/2015\/11\/Weihnachtsdekoration-6.jpg 600w\" sizes=\"auto, (max-width: 450px) 100vw, 450px\" \/><\/a><br \/>\n&#8222;Bin ich gut drauf, auf dem Foto, oder soll ich etwas nach rechts rutschen, den Kopf vielleicht etwas drehen?&#8220;<\/p>\n<p><a href=\"https:\/\/www.haekelfieber.de\/wp-blog\/wp-content\/uploads\/2015\/11\/Weihnachtsdekoration-3.jpg\"><img loading=\"lazy\" decoding=\"async\" class=\"aligncenter size-large wp-image-3416\" src=\"https:\/\/www.haekelfieber.de\/wp-blog\/wp-content\/uploads\/2015\/11\/Weihnachtsdekoration-3-450x600.jpg\" alt=\"Weihnachtsdekoration (3)\" width=\"450\" height=\"600\" srcset=\"https:\/\/www.haekelfieber.de\/wp-blog\/wp-content\/uploads\/2015\/11\/Weihnachtsdekoration-3-450x600.jpg 450w, https:\/\/www.haekelfieber.de\/wp-blog\/wp-content\/uploads\/2015\/11\/Weihnachtsdekoration-3-225x300.jpg 225w, https:\/\/www.haekelfieber.de\/wp-blog\/wp-content\/uploads\/2015\/11\/Weihnachtsdekoration-3.jpg 600w\" sizes=\"auto, (max-width: 450px) 100vw, 450px\" \/><br \/>\n<\/a> <a href=\"https:\/\/www.haekelfieber.de\/wp-blog\/wp-content\/uploads\/2015\/11\/Weihnachtsdekoration-5.jpg\"><img loading=\"lazy\" decoding=\"async\" class=\"aligncenter size-large wp-image-3418\" src=\"https:\/\/www.haekelfieber.de\/wp-blog\/wp-content\/uploads\/2015\/11\/Weihnachtsdekoration-5-450x600.jpg\" alt=\"Weihnachtsdekoration (5)\" width=\"450\" height=\"600\" srcset=\"https:\/\/www.haekelfieber.de\/wp-blog\/wp-content\/uploads\/2015\/11\/Weihnachtsdekoration-5-450x600.jpg 450w, https:\/\/www.haekelfieber.de\/wp-blog\/wp-content\/uploads\/2015\/11\/Weihnachtsdekoration-5-225x300.jpg 225w, https:\/\/www.haekelfieber.de\/wp-blog\/wp-content\/uploads\/2015\/11\/Weihnachtsdekoration-5.jpg 600w\" sizes=\"auto, (max-width: 450px) 100vw, 450px\" \/><br \/>\n<\/a> <a href=\"https:\/\/www.haekelfieber.de\/wp-blog\/wp-content\/uploads\/2015\/11\/Weihnachtsdekoration-2.jpg\"><img loading=\"lazy\" decoding=\"async\" class=\"aligncenter size-large wp-image-3415\" src=\"https:\/\/www.haekelfieber.de\/wp-blog\/wp-content\/uploads\/2015\/11\/Weihnachtsdekoration-2-450x600.jpg\" alt=\"Weihnachtsdekoration (2)\" width=\"450\" height=\"600\" srcset=\"https:\/\/www.haekelfieber.de\/wp-blog\/wp-content\/uploads\/2015\/11\/Weihnachtsdekoration-2-450x600.jpg 450w, https:\/\/www.haekelfieber.de\/wp-blog\/wp-content\/uploads\/2015\/11\/Weihnachtsdekoration-2-225x300.jpg 225w, https:\/\/www.haekelfieber.de\/wp-blog\/wp-content\/uploads\/2015\/11\/Weihnachtsdekoration-2.jpg 600w\" sizes=\"auto, (max-width: 450px) 100vw, 450px\" \/><br \/>\n<\/a>Uff. Gerade noch fertig geworden, vorm ersten Advent.<\/p>\n<p><a href=\"https:\/\/www.haekelfieber.de\/wp-blog\/wp-content\/uploads\/2015\/11\/Weihnachtsdekoration.jpg\"><img loading=\"lazy\" decoding=\"async\" class=\"aligncenter size-large wp-image-3422\" src=\"https:\/\/www.haekelfieber.de\/wp-blog\/wp-content\/uploads\/2015\/11\/Weihnachtsdekoration-450x600.jpg\" alt=\"Weihnachtsdekoration\" width=\"450\" height=\"600\" srcset=\"https:\/\/www.haekelfieber.de\/wp-blog\/wp-content\/uploads\/2015\/11\/Weihnachtsdekoration-450x600.jpg 450w, https:\/\/www.haekelfieber.de\/wp-blog\/wp-content\/uploads\/2015\/11\/Weihnachtsdekoration-225x300.jpg 225w, https:\/\/www.haekelfieber.de\/wp-blog\/wp-content\/uploads\/2015\/11\/Weihnachtsdekoration.jpg 600w\" sizes=\"auto, (max-width: 450px) 100vw, 450px\" \/><br \/>\n<\/a>So sah er vorher aus, bevor ich ihn in die Mangel genommen habe. Gekauft im D\u00e4nischen Bettenlager f\u00fcr 7 Euro haumichblau. Nur so nebenbei angemerkt, f\u00fcr diejenigen unter euch, welche sich so etwas \u00c4hnliches auch nachbauen m\u00f6chten.<br \/>\nPerlen bei Tedi f\u00fcr 1 Euro pro P\u00e4ckchen. Die kleinen Geschenkanh\u00e4nger sind aus meinem Fundus. Man k\u00f6nnte auch kleine, bunte Weihnachtskugeln, selbstgeh\u00e4kelte Sterne, wei\u00dflackierte Butzelk\u00fcche (Tannenzapfen) oder bunte Wollreste dranbinden. Der Phantasie sind keine Grenzen gesetzt.<br \/>\nDie Kerzenteller habe ich heute in einer sehr sch\u00f6nen G\u00e4rtnerei erstanden. Sie waren das Teuerste. 2,50 Euro pro Teller &#8211; war mir aber wurscht. Die netten L\u00e4den vor Ort sollen ja auch bestehen bleiben.<br \/>\nBei einem netten Ambiente und freundlichen Verk\u00e4ufer\/innen bin ich gern bereit etwas mehr Geld f\u00fcr ein Teil auszugeben anstatt es immer nur billig im Internet zu kaufen.<\/p>\n<p><a href=\"https:\/\/www.haekelfieber.de\/wp-blog\/wp-content\/uploads\/2015\/11\/Weihnachtsdekoration-1.jpg\"><img loading=\"lazy\" decoding=\"async\" class=\"aligncenter size-large wp-image-3414\" src=\"https:\/\/www.haekelfieber.de\/wp-blog\/wp-content\/uploads\/2015\/11\/Weihnachtsdekoration-1-450x600.jpg\" alt=\"Weihnachtsdekoration (1)\" width=\"450\" height=\"600\" srcset=\"https:\/\/www.haekelfieber.de\/wp-blog\/wp-content\/uploads\/2015\/11\/Weihnachtsdekoration-1-450x600.jpg 450w, https:\/\/www.haekelfieber.de\/wp-blog\/wp-content\/uploads\/2015\/11\/Weihnachtsdekoration-1-225x300.jpg 225w, https:\/\/www.haekelfieber.de\/wp-blog\/wp-content\/uploads\/2015\/11\/Weihnachtsdekoration-1.jpg 600w\" sizes=\"auto, (max-width: 450px) 100vw, 450px\" \/><br \/>\n<\/a> <a href=\"https:\/\/www.haekelfieber.de\/wp-blog\/wp-content\/uploads\/2015\/11\/Weihnachtsdekoration-4.jpg\"><img loading=\"lazy\" decoding=\"async\" class=\"aligncenter size-large wp-image-3417\" src=\"https:\/\/www.haekelfieber.de\/wp-blog\/wp-content\/uploads\/2015\/11\/Weihnachtsdekoration-4-450x600.jpg\" alt=\"Weihnachtsdekoration (4)\" width=\"450\" height=\"600\" srcset=\"https:\/\/www.haekelfieber.de\/wp-blog\/wp-content\/uploads\/2015\/11\/Weihnachtsdekoration-4-450x600.jpg 450w, https:\/\/www.haekelfieber.de\/wp-blog\/wp-content\/uploads\/2015\/11\/Weihnachtsdekoration-4-225x300.jpg 225w, https:\/\/www.haekelfieber.de\/wp-blog\/wp-content\/uploads\/2015\/11\/Weihnachtsdekoration-4.jpg 600w\" sizes=\"auto, (max-width: 450px) 100vw, 450px\" \/><\/a><br \/>\nDas hat f\u00fcr mich Potential f\u00fcr eine Ganzjahresdeko \ud83d\ude42 Mal sehen.<\/p>\n","protected":false},"excerpt":{"rendered":"<p>&#8230;Assistenten: &#8222;Bin ich gut drauf, auf dem Foto, oder soll ich etwas nach rechts rutschen, den Kopf vielleicht etwas drehen?&#8220; Uff. Gerade noch fertig geworden, vorm ersten Advent. So sah er vorher aus, bevor ich ihn in die Mangel genommen habe. Gekauft im D\u00e4nischen Bettenlager f\u00fcr 7 Euro haumichblau. Nur so nebenbei angemerkt, f\u00fcr diejenigen &hellip; <a href=\"https:\/\/www.haekelfieber.de\/wp-blog\/2015\/11\/weihnachtsdeko-quietschbunt-und-neues-vom\/\" class=\"more-link\"><span class=\"screen-reader-text\">Weihnachtsdeko quietschbunt und neues vom&#8230;<\/span> weiterlesen <span class=\"meta-nav\">&rarr;<\/span><\/a><\/p>\n","protected":false},"author":1,"featured_media":0,"comment_status":"open","ping_status":"open","sticky":false,"template":"","format":"standard","meta":{"footnotes":""},"categories":[9],"tags":[],"class_list":["post-3421","post","type-post","status-publish","format-standard","hentry","category-allerlei-nuetzliches"],"yoast_head":"<!-- This site is optimized with the Yoast SEO plugin v27.4 - https:\/\/yoast.com\/product\/yoast-seo-wordpress\/ -->\n<title>Weihnachtsdeko quietschbunt und neues vom... - H\u00e4kelfieber<\/title>\n<meta name=\"robots\" content=\"index, follow, max-snippet:-1, max-image-preview:large, max-video-preview:-1\" \/>\n<link rel=\"canonical\" href=\"https:\/\/www.haekelfieber.de\/wp-blog\/2015\/11\/weihnachtsdeko-quietschbunt-und-neues-vom\/\" \/>\n<meta property=\"og:locale\" content=\"de_DE\" \/>\n<meta property=\"og:type\" content=\"article\" \/>\n<meta property=\"og:title\" content=\"Weihnachtsdeko quietschbunt und neues vom... - H\u00e4kelfieber\" \/>\n<meta property=\"og:description\" content=\"&#8230;Assistenten: &#8222;Bin ich gut drauf, auf dem Foto, oder soll ich etwas nach rechts rutschen, den Kopf vielleicht etwas drehen?&#8220; Uff. Gerade noch fertig geworden, vorm ersten Advent. So sah er vorher aus, bevor ich ihn in die Mangel genommen habe. Gekauft im D\u00e4nischen Bettenlager f\u00fcr 7 Euro haumichblau. Nur so nebenbei angemerkt, f\u00fcr diejenigen &hellip; Weihnachtsdeko quietschbunt und neues vom&#8230; weiterlesen &rarr;\" \/>\n<meta property=\"og:url\" content=\"https:\/\/www.haekelfieber.de\/wp-blog\/2015\/11\/weihnachtsdeko-quietschbunt-und-neues-vom\/\" \/>\n<meta property=\"og:site_name\" content=\"H\u00e4kelfieber\" \/>\n<meta property=\"article:published_time\" content=\"2015-11-28T16:18:06+00:00\" \/>\n<meta property=\"article:modified_time\" content=\"2015-11-28T16:18:38+00:00\" \/>\n<meta property=\"og:image\" content=\"https:\/\/www.haekelfieber.de\/wp-blog\/wp-content\/uploads\/2015\/11\/Weihnachtsdekoration-6-450x600.jpg\" \/>\n<meta name=\"author\" content=\"Jutta\" \/>\n<meta name=\"twitter:label1\" content=\"Verfasst von\" \/>\n\t<meta name=\"twitter:data1\" content=\"Jutta\" \/>\n\t<meta name=\"twitter:label2\" content=\"Gesch\u00e4tzte Lesezeit\" \/>\n\t<meta name=\"twitter:data2\" content=\"1\u00a0Minute\" \/>\n<script type=\"application\/ld+json\" class=\"yoast-schema-graph\">{\"@context\":\"https:\\\/\\\/schema.org\",\"@graph\":[{\"@type\":\"Article\",\"@id\":\"https:\\\/\\\/www.haekelfieber.de\\\/wp-blog\\\/2015\\\/11\\\/weihnachtsdeko-quietschbunt-und-neues-vom\\\/#article\",\"isPartOf\":{\"@id\":\"https:\\\/\\\/www.haekelfieber.de\\\/wp-blog\\\/2015\\\/11\\\/weihnachtsdeko-quietschbunt-und-neues-vom\\\/\"},\"author\":{\"name\":\"Jutta\",\"@id\":\"https:\\\/\\\/www.haekelfieber.de\\\/wp-blog\\\/#\\\/schema\\\/person\\\/08b81f8e0d3480519aadc66881dee8d7\"},\"headline\":\"Weihnachtsdeko quietschbunt und neues vom&#8230;\",\"datePublished\":\"2015-11-28T16:18:06+00:00\",\"dateModified\":\"2015-11-28T16:18:38+00:00\",\"mainEntityOfPage\":{\"@id\":\"https:\\\/\\\/www.haekelfieber.de\\\/wp-blog\\\/2015\\\/11\\\/weihnachtsdeko-quietschbunt-und-neues-vom\\\/\"},\"wordCount\":193,\"commentCount\":4,\"publisher\":{\"@id\":\"https:\\\/\\\/www.haekelfieber.de\\\/wp-blog\\\/#organization\"},\"image\":{\"@id\":\"https:\\\/\\\/www.haekelfieber.de\\\/wp-blog\\\/2015\\\/11\\\/weihnachtsdeko-quietschbunt-und-neues-vom\\\/#primaryimage\"},\"thumbnailUrl\":\"https:\\\/\\\/www.haekelfieber.de\\\/wp-blog\\\/wp-content\\\/uploads\\\/2015\\\/11\\\/Weihnachtsdekoration-6-450x600.jpg\",\"articleSection\":[\"Allerlei N\u00fctzliches\"],\"inLanguage\":\"de\",\"potentialAction\":[{\"@type\":\"CommentAction\",\"name\":\"Comment\",\"target\":[\"https:\\\/\\\/www.haekelfieber.de\\\/wp-blog\\\/2015\\\/11\\\/weihnachtsdeko-quietschbunt-und-neues-vom\\\/#respond\"]}]},{\"@type\":\"WebPage\",\"@id\":\"https:\\\/\\\/www.haekelfieber.de\\\/wp-blog\\\/2015\\\/11\\\/weihnachtsdeko-quietschbunt-und-neues-vom\\\/\",\"url\":\"https:\\\/\\\/www.haekelfieber.de\\\/wp-blog\\\/2015\\\/11\\\/weihnachtsdeko-quietschbunt-und-neues-vom\\\/\",\"name\":\"Weihnachtsdeko quietschbunt und neues vom... - H\u00e4kelfieber\",\"isPartOf\":{\"@id\":\"https:\\\/\\\/www.haekelfieber.de\\\/wp-blog\\\/#website\"},\"primaryImageOfPage\":{\"@id\":\"https:\\\/\\\/www.haekelfieber.de\\\/wp-blog\\\/2015\\\/11\\\/weihnachtsdeko-quietschbunt-und-neues-vom\\\/#primaryimage\"},\"image\":{\"@id\":\"https:\\\/\\\/www.haekelfieber.de\\\/wp-blog\\\/2015\\\/11\\\/weihnachtsdeko-quietschbunt-und-neues-vom\\\/#primaryimage\"},\"thumbnailUrl\":\"https:\\\/\\\/www.haekelfieber.de\\\/wp-blog\\\/wp-content\\\/uploads\\\/2015\\\/11\\\/Weihnachtsdekoration-6-450x600.jpg\",\"datePublished\":\"2015-11-28T16:18:06+00:00\",\"dateModified\":\"2015-11-28T16:18:38+00:00\",\"breadcrumb\":{\"@id\":\"https:\\\/\\\/www.haekelfieber.de\\\/wp-blog\\\/2015\\\/11\\\/weihnachtsdeko-quietschbunt-und-neues-vom\\\/#breadcrumb\"},\"inLanguage\":\"de\",\"potentialAction\":[{\"@type\":\"ReadAction\",\"target\":[\"https:\\\/\\\/www.haekelfieber.de\\\/wp-blog\\\/2015\\\/11\\\/weihnachtsdeko-quietschbunt-und-neues-vom\\\/\"]}]},{\"@type\":\"ImageObject\",\"inLanguage\":\"de\",\"@id\":\"https:\\\/\\\/www.haekelfieber.de\\\/wp-blog\\\/2015\\\/11\\\/weihnachtsdeko-quietschbunt-und-neues-vom\\\/#primaryimage\",\"url\":\"https:\\\/\\\/www.haekelfieber.de\\\/wp-blog\\\/wp-content\\\/uploads\\\/2015\\\/11\\\/Weihnachtsdekoration-6.jpg\",\"contentUrl\":\"https:\\\/\\\/www.haekelfieber.de\\\/wp-blog\\\/wp-content\\\/uploads\\\/2015\\\/11\\\/Weihnachtsdekoration-6.jpg\",\"width\":600,\"height\":800},{\"@type\":\"BreadcrumbList\",\"@id\":\"https:\\\/\\\/www.haekelfieber.de\\\/wp-blog\\\/2015\\\/11\\\/weihnachtsdeko-quietschbunt-und-neues-vom\\\/#breadcrumb\",\"itemListElement\":[{\"@type\":\"ListItem\",\"position\":1,\"name\":\"Home\",\"item\":\"https:\\\/\\\/www.haekelfieber.de\\\/wp-blog\\\/\"},{\"@type\":\"ListItem\",\"position\":2,\"name\":\"Weihnachtsdeko quietschbunt und neues vom&#8230;\"}]},{\"@type\":\"WebSite\",\"@id\":\"https:\\\/\\\/www.haekelfieber.de\\\/wp-blog\\\/#website\",\"url\":\"https:\\\/\\\/www.haekelfieber.de\\\/wp-blog\\\/\",\"name\":\"H\u00e4kelfieber\",\"description\":\"Ich bin im...\",\"publisher\":{\"@id\":\"https:\\\/\\\/www.haekelfieber.de\\\/wp-blog\\\/#organization\"},\"potentialAction\":[{\"@type\":\"SearchAction\",\"target\":{\"@type\":\"EntryPoint\",\"urlTemplate\":\"https:\\\/\\\/www.haekelfieber.de\\\/wp-blog\\\/?s={search_term_string}\"},\"query-input\":{\"@type\":\"PropertyValueSpecification\",\"valueRequired\":true,\"valueName\":\"search_term_string\"}}],\"inLanguage\":\"de\"},{\"@type\":\"Organization\",\"@id\":\"https:\\\/\\\/www.haekelfieber.de\\\/wp-blog\\\/#organization\",\"name\":\"H\u00e4kelfieber\",\"url\":\"https:\\\/\\\/www.haekelfieber.de\\\/wp-blog\\\/\",\"logo\":{\"@type\":\"ImageObject\",\"inLanguage\":\"de\",\"@id\":\"https:\\\/\\\/www.haekelfieber.de\\\/wp-blog\\\/#\\\/schema\\\/logo\\\/image\\\/\",\"url\":\"https:\\\/\\\/www.haekelfieber.de\\\/wp-blog\\\/wp-content\\\/uploads\\\/2023\\\/03\\\/kissen-haekeln2.jpg\",\"contentUrl\":\"https:\\\/\\\/www.haekelfieber.de\\\/wp-blog\\\/wp-content\\\/uploads\\\/2023\\\/03\\\/kissen-haekeln2.jpg\",\"width\":683,\"height\":1024,\"caption\":\"H\u00e4kelfieber\"},\"image\":{\"@id\":\"https:\\\/\\\/www.haekelfieber.de\\\/wp-blog\\\/#\\\/schema\\\/logo\\\/image\\\/\"}},{\"@type\":\"Person\",\"@id\":\"https:\\\/\\\/www.haekelfieber.de\\\/wp-blog\\\/#\\\/schema\\\/person\\\/08b81f8e0d3480519aadc66881dee8d7\",\"name\":\"Jutta\",\"image\":{\"@type\":\"ImageObject\",\"inLanguage\":\"de\",\"@id\":\"https:\\\/\\\/secure.gravatar.com\\\/avatar\\\/4fb96a09981d3eab52fd94765c38a5395ca69a563a8cd98c172ef85375636d9d?s=96&d=mm&r=g\",\"url\":\"https:\\\/\\\/secure.gravatar.com\\\/avatar\\\/4fb96a09981d3eab52fd94765c38a5395ca69a563a8cd98c172ef85375636d9d?s=96&d=mm&r=g\",\"contentUrl\":\"https:\\\/\\\/secure.gravatar.com\\\/avatar\\\/4fb96a09981d3eab52fd94765c38a5395ca69a563a8cd98c172ef85375636d9d?s=96&d=mm&r=g\",\"caption\":\"Jutta\"},\"url\":\"https:\\\/\\\/www.haekelfieber.de\\\/wp-blog\\\/author\\\/admin\\\/\"}]}<\/script>\n<!-- \/ Yoast SEO plugin. -->","yoast_head_json":{"title":"Weihnachtsdeko quietschbunt und neues vom... - H\u00e4kelfieber","robots":{"index":"index","follow":"follow","max-snippet":"max-snippet:-1","max-image-preview":"max-image-preview:large","max-video-preview":"max-video-preview:-1"},"canonical":"https:\/\/www.haekelfieber.de\/wp-blog\/2015\/11\/weihnachtsdeko-quietschbunt-und-neues-vom\/","og_locale":"de_DE","og_type":"article","og_title":"Weihnachtsdeko quietschbunt und neues vom... - H\u00e4kelfieber","og_description":"&#8230;Assistenten: &#8222;Bin ich gut drauf, auf dem Foto, oder soll ich etwas nach rechts rutschen, den Kopf vielleicht etwas drehen?&#8220; Uff. Gerade noch fertig geworden, vorm ersten Advent. So sah er vorher aus, bevor ich ihn in die Mangel genommen habe. Gekauft im D\u00e4nischen Bettenlager f\u00fcr 7 Euro haumichblau. Nur so nebenbei angemerkt, f\u00fcr diejenigen &hellip; Weihnachtsdeko quietschbunt und neues vom&#8230; weiterlesen &rarr;","og_url":"https:\/\/www.haekelfieber.de\/wp-blog\/2015\/11\/weihnachtsdeko-quietschbunt-und-neues-vom\/","og_site_name":"H\u00e4kelfieber","article_published_time":"2015-11-28T16:18:06+00:00","article_modified_time":"2015-11-28T16:18:38+00:00","og_image":[{"url":"https:\/\/www.haekelfieber.de\/wp-blog\/wp-content\/uploads\/2015\/11\/Weihnachtsdekoration-6-450x600.jpg","type":"","width":"","height":""}],"author":"Jutta","twitter_misc":{"Verfasst von":"Jutta","Gesch\u00e4tzte Lesezeit":"1\u00a0Minute"},"schema":{"@context":"https:\/\/schema.org","@graph":[{"@type":"Article","@id":"https:\/\/www.haekelfieber.de\/wp-blog\/2015\/11\/weihnachtsdeko-quietschbunt-und-neues-vom\/#article","isPartOf":{"@id":"https:\/\/www.haekelfieber.de\/wp-blog\/2015\/11\/weihnachtsdeko-quietschbunt-und-neues-vom\/"},"author":{"name":"Jutta","@id":"https:\/\/www.haekelfieber.de\/wp-blog\/#\/schema\/person\/08b81f8e0d3480519aadc66881dee8d7"},"headline":"Weihnachtsdeko quietschbunt und neues vom&#8230;","datePublished":"2015-11-28T16:18:06+00:00","dateModified":"2015-11-28T16:18:38+00:00","mainEntityOfPage":{"@id":"https:\/\/www.haekelfieber.de\/wp-blog\/2015\/11\/weihnachtsdeko-quietschbunt-und-neues-vom\/"},"wordCount":193,"commentCount":4,"publisher":{"@id":"https:\/\/www.haekelfieber.de\/wp-blog\/#organization"},"image":{"@id":"https:\/\/www.haekelfieber.de\/wp-blog\/2015\/11\/weihnachtsdeko-quietschbunt-und-neues-vom\/#primaryimage"},"thumbnailUrl":"https:\/\/www.haekelfieber.de\/wp-blog\/wp-content\/uploads\/2015\/11\/Weihnachtsdekoration-6-450x600.jpg","articleSection":["Allerlei N\u00fctzliches"],"inLanguage":"de","potentialAction":[{"@type":"CommentAction","name":"Comment","target":["https:\/\/www.haekelfieber.de\/wp-blog\/2015\/11\/weihnachtsdeko-quietschbunt-und-neues-vom\/#respond"]}]},{"@type":"WebPage","@id":"https:\/\/www.haekelfieber.de\/wp-blog\/2015\/11\/weihnachtsdeko-quietschbunt-und-neues-vom\/","url":"https:\/\/www.haekelfieber.de\/wp-blog\/2015\/11\/weihnachtsdeko-quietschbunt-und-neues-vom\/","name":"Weihnachtsdeko quietschbunt und neues vom... - H\u00e4kelfieber","isPartOf":{"@id":"https:\/\/www.haekelfieber.de\/wp-blog\/#website"},"primaryImageOfPage":{"@id":"https:\/\/www.haekelfieber.de\/wp-blog\/2015\/11\/weihnachtsdeko-quietschbunt-und-neues-vom\/#primaryimage"},"image":{"@id":"https:\/\/www.haekelfieber.de\/wp-blog\/2015\/11\/weihnachtsdeko-quietschbunt-und-neues-vom\/#primaryimage"},"thumbnailUrl":"https:\/\/www.haekelfieber.de\/wp-blog\/wp-content\/uploads\/2015\/11\/Weihnachtsdekoration-6-450x600.jpg","datePublished":"2015-11-28T16:18:06+00:00","dateModified":"2015-11-28T16:18:38+00:00","breadcrumb":{"@id":"https:\/\/www.haekelfieber.de\/wp-blog\/2015\/11\/weihnachtsdeko-quietschbunt-und-neues-vom\/#breadcrumb"},"inLanguage":"de","potentialAction":[{"@type":"ReadAction","target":["https:\/\/www.haekelfieber.de\/wp-blog\/2015\/11\/weihnachtsdeko-quietschbunt-und-neues-vom\/"]}]},{"@type":"ImageObject","inLanguage":"de","@id":"https:\/\/www.haekelfieber.de\/wp-blog\/2015\/11\/weihnachtsdeko-quietschbunt-und-neues-vom\/#primaryimage","url":"https:\/\/www.haekelfieber.de\/wp-blog\/wp-content\/uploads\/2015\/11\/Weihnachtsdekoration-6.jpg","contentUrl":"https:\/\/www.haekelfieber.de\/wp-blog\/wp-content\/uploads\/2015\/11\/Weihnachtsdekoration-6.jpg","width":600,"height":800},{"@type":"BreadcrumbList","@id":"https:\/\/www.haekelfieber.de\/wp-blog\/2015\/11\/weihnachtsdeko-quietschbunt-und-neues-vom\/#breadcrumb","itemListElement":[{"@type":"ListItem","position":1,"name":"Home","item":"https:\/\/www.haekelfieber.de\/wp-blog\/"},{"@type":"ListItem","position":2,"name":"Weihnachtsdeko quietschbunt und neues vom&#8230;"}]},{"@type":"WebSite","@id":"https:\/\/www.haekelfieber.de\/wp-blog\/#website","url":"https:\/\/www.haekelfieber.de\/wp-blog\/","name":"H\u00e4kelfieber","description":"Ich bin im...","publisher":{"@id":"https:\/\/www.haekelfieber.de\/wp-blog\/#organization"},"potentialAction":[{"@type":"SearchAction","target":{"@type":"EntryPoint","urlTemplate":"https:\/\/www.haekelfieber.de\/wp-blog\/?s={search_term_string}"},"query-input":{"@type":"PropertyValueSpecification","valueRequired":true,"valueName":"search_term_string"}}],"inLanguage":"de"},{"@type":"Organization","@id":"https:\/\/www.haekelfieber.de\/wp-blog\/#organization","name":"H\u00e4kelfieber","url":"https:\/\/www.haekelfieber.de\/wp-blog\/","logo":{"@type":"ImageObject","inLanguage":"de","@id":"https:\/\/www.haekelfieber.de\/wp-blog\/#\/schema\/logo\/image\/","url":"https:\/\/www.haekelfieber.de\/wp-blog\/wp-content\/uploads\/2023\/03\/kissen-haekeln2.jpg","contentUrl":"https:\/\/www.haekelfieber.de\/wp-blog\/wp-content\/uploads\/2023\/03\/kissen-haekeln2.jpg","width":683,"height":1024,"caption":"H\u00e4kelfieber"},"image":{"@id":"https:\/\/www.haekelfieber.de\/wp-blog\/#\/schema\/logo\/image\/"}},{"@type":"Person","@id":"https:\/\/www.haekelfieber.de\/wp-blog\/#\/schema\/person\/08b81f8e0d3480519aadc66881dee8d7","name":"Jutta","image":{"@type":"ImageObject","inLanguage":"de","@id":"https:\/\/secure.gravatar.com\/avatar\/4fb96a09981d3eab52fd94765c38a5395ca69a563a8cd98c172ef85375636d9d?s=96&d=mm&r=g","url":"https:\/\/secure.gravatar.com\/avatar\/4fb96a09981d3eab52fd94765c38a5395ca69a563a8cd98c172ef85375636d9d?s=96&d=mm&r=g","contentUrl":"https:\/\/secure.gravatar.com\/avatar\/4fb96a09981d3eab52fd94765c38a5395ca69a563a8cd98c172ef85375636d9d?s=96&d=mm&r=g","caption":"Jutta"},"url":"https:\/\/www.haekelfieber.de\/wp-blog\/author\/admin\/"}]}},"_links":{"self":[{"href":"https:\/\/www.haekelfieber.de\/wp-blog\/wp-json\/wp\/v2\/posts\/3421","targetHints":{"allow":["GET"]}}],"collection":[{"href":"https:\/\/www.haekelfieber.de\/wp-blog\/wp-json\/wp\/v2\/posts"}],"about":[{"href":"https:\/\/www.haekelfieber.de\/wp-blog\/wp-json\/wp\/v2\/types\/post"}],"author":[{"embeddable":true,"href":"https:\/\/www.haekelfieber.de\/wp-blog\/wp-json\/wp\/v2\/users\/1"}],"replies":[{"embeddable":true,"href":"https:\/\/www.haekelfieber.de\/wp-blog\/wp-json\/wp\/v2\/comments?post=3421"}],"version-history":[{"count":1,"href":"https:\/\/www.haekelfieber.de\/wp-blog\/wp-json\/wp\/v2\/posts\/3421\/revisions"}],"predecessor-version":[{"id":3423,"href":"https:\/\/www.haekelfieber.de\/wp-blog\/wp-json\/wp\/v2\/posts\/3421\/revisions\/3423"}],"wp:attachment":[{"href":"https:\/\/www.haekelfieber.de\/wp-blog\/wp-json\/wp\/v2\/media?parent=3421"}],"wp:term":[{"taxonomy":"category","embeddable":true,"href":"https:\/\/www.haekelfieber.de\/wp-blog\/wp-json\/wp\/v2\/categories?post=3421"},{"taxonomy":"post_tag","embeddable":true,"href":"https:\/\/www.haekelfieber.de\/wp-blog\/wp-json\/wp\/v2\/tags?post=3421"}],"curies":[{"name":"wp","href":"https:\/\/api.w.org\/{rel}","templated":true}]}}