{"id":4186,"date":"2016-04-14T17:46:09","date_gmt":"2016-04-14T15:46:09","guid":{"rendered":"http:\/\/www.haekelfieber.de\/wp-blog\/?p=4186"},"modified":"2016-04-14T17:46:09","modified_gmt":"2016-04-14T15:46:09","slug":"70-garten-30-haus","status":"publish","type":"post","link":"https:\/\/www.haekelfieber.de\/wp-blog\/2016\/04\/70-garten-30-haus\/","title":{"rendered":"70% Garten &#8211; 30% Haus"},"content":{"rendered":"<p>Der Garten ist meinen Hauptwohnsitz. Vor mich hinbuddeln und zupfen. Dabei Gedanken durch den Kopf spazieren lassen. Meistens entspannt. Dann gibt es wieder Arbeitsstrecken wo man durch muss. Tage herum geeiert und gef\u00fchlte hundert Mal gedacht: Das mache ich als n\u00e4chstes. Sicher. Oder Morgen. Wenn das Wetter pa\u00dft.<br \/>\nJetzt wei\u00df ich es: Das ganze Herumgedruckse ist n\u00f6tig, denn wenn das L\u00e4stige abgearbeitet ist, scheint die Sonne doppelt so sch\u00f6n \ud83d\ude42 Also. Aufschieben ist wichtig. Nicht immer alles gleich erledigen. Durch Konsequenz verbaut man sich lang anhaltende Gl\u00fccksgef\u00fchle. Sicher. Ich spreche aus Erfahrung.<\/p>\n<p><img loading=\"lazy\" decoding=\"async\" class=\"aligncenter size-large wp-image-4193\" src=\"https:\/\/www.haekelfieber.de\/wp-blog\/wp-content\/uploads\/2016\/04\/gem\u00fcsegarten-7-e1460647895306-450x600.jpg\" alt=\"gem\u00fcsegarten (7)\" width=\"450\" height=\"600\" srcset=\"https:\/\/www.haekelfieber.de\/wp-blog\/wp-content\/uploads\/2016\/04\/gem\u00fcsegarten-7-e1460647895306-450x600.jpg 450w, https:\/\/www.haekelfieber.de\/wp-blog\/wp-content\/uploads\/2016\/04\/gem\u00fcsegarten-7-e1460647895306-225x300.jpg 225w, https:\/\/www.haekelfieber.de\/wp-blog\/wp-content\/uploads\/2016\/04\/gem\u00fcsegarten-7-e1460647895306.jpg 600w\" sizes=\"auto, (max-width: 450px) 100vw, 450px\" \/><\/p>\n<p>Voller Hochgef\u00fchl schaue ich mir schon seit Tagen den Gem\u00fcsegarten an. Welche Freude, es endlich nach vielen Tagen geschafft zu haben, im Schwei\u00dfe meines Angesichts.<br \/>\nDer Kompost ist eingearbeitet. M\u00f6hren Radieschen, Zuckererbsen und Rote Beete sind ges\u00e4t.Steckzwiebeln gesetzt. Salat-, Wei\u00dfkohl-, Sellerie-,\u00a0 und Kohlrabipflanzen gepflanzt.<\/p>\n<p><img loading=\"lazy\" decoding=\"async\" class=\"aligncenter size-large wp-image-4190\" src=\"https:\/\/www.haekelfieber.de\/wp-blog\/wp-content\/uploads\/2016\/04\/gem\u00fcsegarten-4-e1460647935773-450x600.jpg\" alt=\"gem\u00fcsegarten (4)\" width=\"450\" height=\"600\" srcset=\"https:\/\/www.haekelfieber.de\/wp-blog\/wp-content\/uploads\/2016\/04\/gem\u00fcsegarten-4-e1460647935773-450x600.jpg 450w, https:\/\/www.haekelfieber.de\/wp-blog\/wp-content\/uploads\/2016\/04\/gem\u00fcsegarten-4-e1460647935773-225x300.jpg 225w, https:\/\/www.haekelfieber.de\/wp-blog\/wp-content\/uploads\/2016\/04\/gem\u00fcsegarten-4-e1460647935773.jpg 600w\" sizes=\"auto, (max-width: 450px) 100vw, 450px\" \/><br \/>\n<img loading=\"lazy\" decoding=\"async\" class=\"aligncenter size-large wp-image-4191\" src=\"https:\/\/www.haekelfieber.de\/wp-blog\/wp-content\/uploads\/2016\/04\/gem\u00fcsegarten-5-e1460647922692-450x600.jpg\" alt=\"gem\u00fcsegarten (5)\" width=\"450\" height=\"600\" srcset=\"https:\/\/www.haekelfieber.de\/wp-blog\/wp-content\/uploads\/2016\/04\/gem\u00fcsegarten-5-e1460647922692-450x600.jpg 450w, https:\/\/www.haekelfieber.de\/wp-blog\/wp-content\/uploads\/2016\/04\/gem\u00fcsegarten-5-e1460647922692-225x300.jpg 225w, https:\/\/www.haekelfieber.de\/wp-blog\/wp-content\/uploads\/2016\/04\/gem\u00fcsegarten-5-e1460647922692.jpg 600w\" sizes=\"auto, (max-width: 450px) 100vw, 450px\" \/><br \/>\n<img loading=\"lazy\" decoding=\"async\" class=\"aligncenter size-large wp-image-4192\" src=\"https:\/\/www.haekelfieber.de\/wp-blog\/wp-content\/uploads\/2016\/04\/gem\u00fcsegarten-6-e1460647904126-450x600.jpg\" alt=\"gem\u00fcsegarten (6)\" width=\"450\" height=\"600\" srcset=\"https:\/\/www.haekelfieber.de\/wp-blog\/wp-content\/uploads\/2016\/04\/gem\u00fcsegarten-6-e1460647904126-450x600.jpg 450w, https:\/\/www.haekelfieber.de\/wp-blog\/wp-content\/uploads\/2016\/04\/gem\u00fcsegarten-6-e1460647904126-225x300.jpg 225w, https:\/\/www.haekelfieber.de\/wp-blog\/wp-content\/uploads\/2016\/04\/gem\u00fcsegarten-6-e1460647904126.jpg 600w\" sizes=\"auto, (max-width: 450px) 100vw, 450px\" \/><br \/>\nIm Gew\u00e4chshaus hat die Erntezeit begonnen. Kresse, zarter Spinat und Pfl\u00fccksalat lassen den Fr\u00fchling im Gaumen erwachen. H\u00f6rt sich schwulstig an, stimmt aber. Der Salat schmeckt nach Fr\u00fchling. Der Kopfsalat muss noch, die Radischen nicht mehr &#8211; sie sind erntereif.<\/p>\n<table>\n<tbody>\n<tr>\n<td><img loading=\"lazy\" decoding=\"async\" class=\"aligncenter size-medium wp-image-4194\" src=\"https:\/\/www.haekelfieber.de\/wp-blog\/wp-content\/uploads\/2016\/04\/gem\u00fcsegarten-1-e1460647850997-225x300.jpg\" alt=\"gem\u00fcsegarten (1)\" width=\"225\" height=\"300\" srcset=\"https:\/\/www.haekelfieber.de\/wp-blog\/wp-content\/uploads\/2016\/04\/gem\u00fcsegarten-1-e1460647850997-225x300.jpg 225w, https:\/\/www.haekelfieber.de\/wp-blog\/wp-content\/uploads\/2016\/04\/gem\u00fcsegarten-1-e1460647850997-450x600.jpg 450w, https:\/\/www.haekelfieber.de\/wp-blog\/wp-content\/uploads\/2016\/04\/gem\u00fcsegarten-1-e1460647850997.jpg 600w\" sizes=\"auto, (max-width: 225px) 100vw, 225px\" \/><\/td>\n<td><img loading=\"lazy\" decoding=\"async\" class=\"aligncenter size-medium wp-image-4188\" src=\"https:\/\/www.haekelfieber.de\/wp-blog\/wp-content\/uploads\/2016\/04\/gem\u00fcsegarten-2-e1460647957762-225x300.jpg\" alt=\"gem\u00fcsegarten (2)\" width=\"225\" height=\"300\" srcset=\"https:\/\/www.haekelfieber.de\/wp-blog\/wp-content\/uploads\/2016\/04\/gem\u00fcsegarten-2-e1460647957762-225x300.jpg 225w, https:\/\/www.haekelfieber.de\/wp-blog\/wp-content\/uploads\/2016\/04\/gem\u00fcsegarten-2-e1460647957762-450x600.jpg 450w, https:\/\/www.haekelfieber.de\/wp-blog\/wp-content\/uploads\/2016\/04\/gem\u00fcsegarten-2-e1460647957762.jpg 600w\" sizes=\"auto, (max-width: 225px) 100vw, 225px\" \/><\/td>\n<\/tr>\n<\/tbody>\n<\/table>\n<p>Den Pflanzen kann ich f\u00f6rmlich beim Wachsen zusehen. Im Fr\u00fchling ver\u00e4ndert sich der Garten t\u00e4glich. Sch\u00f6\u00f6\u00f6\u00f6nnnnnnn \ud83d\ude42 \ud83d\ude42 \ud83d\ude42<\/p>\n<p><img loading=\"lazy\" decoding=\"async\" class=\"aligncenter size-large wp-image-4189\" src=\"https:\/\/www.haekelfieber.de\/wp-blog\/wp-content\/uploads\/2016\/04\/gem\u00fcsegarten-3-e1460647945944-450x600.jpg\" alt=\"gem\u00fcsegarten (3)\" width=\"450\" height=\"600\" srcset=\"https:\/\/www.haekelfieber.de\/wp-blog\/wp-content\/uploads\/2016\/04\/gem\u00fcsegarten-3-e1460647945944-450x600.jpg 450w, https:\/\/www.haekelfieber.de\/wp-blog\/wp-content\/uploads\/2016\/04\/gem\u00fcsegarten-3-e1460647945944-225x300.jpg 225w, https:\/\/www.haekelfieber.de\/wp-blog\/wp-content\/uploads\/2016\/04\/gem\u00fcsegarten-3-e1460647945944.jpg 600w\" sizes=\"auto, (max-width: 450px) 100vw, 450px\" \/><\/p>\n","protected":false},"excerpt":{"rendered":"<p>Der Garten ist meinen Hauptwohnsitz. Vor mich hinbuddeln und zupfen. Dabei Gedanken durch den Kopf spazieren lassen. Meistens entspannt. Dann gibt es wieder Arbeitsstrecken wo man durch muss. Tage herum geeiert und gef\u00fchlte hundert Mal gedacht: Das mache ich als n\u00e4chstes. Sicher. Oder Morgen. Wenn das Wetter pa\u00dft. Jetzt wei\u00df ich es: Das ganze Herumgedruckse &hellip; <a href=\"https:\/\/www.haekelfieber.de\/wp-blog\/2016\/04\/70-garten-30-haus\/\" class=\"more-link\"><span class=\"screen-reader-text\">70% Garten &#8211; 30% Haus<\/span> weiterlesen <span class=\"meta-nav\">&rarr;<\/span><\/a><\/p>\n","protected":false},"author":1,"featured_media":0,"comment_status":"open","ping_status":"open","sticky":false,"template":"","format":"standard","meta":{"footnotes":""},"categories":[10,7],"tags":[],"class_list":["post-4186","post","type-post","status-publish","format-standard","hentry","category-die-natur","category-garten"],"yoast_head":"<!-- This site is optimized with the Yoast SEO plugin v27.4 - https:\/\/yoast.com\/product\/yoast-seo-wordpress\/ -->\n<title>70% Garten - 30% Haus - H\u00e4kelfieber<\/title>\n<meta name=\"robots\" content=\"index, follow, max-snippet:-1, max-image-preview:large, max-video-preview:-1\" \/>\n<link rel=\"canonical\" href=\"https:\/\/www.haekelfieber.de\/wp-blog\/2016\/04\/70-garten-30-haus\/\" \/>\n<meta property=\"og:locale\" content=\"de_DE\" \/>\n<meta property=\"og:type\" content=\"article\" \/>\n<meta property=\"og:title\" content=\"70% Garten - 30% Haus - H\u00e4kelfieber\" \/>\n<meta property=\"og:description\" content=\"Der Garten ist meinen Hauptwohnsitz. Vor mich hinbuddeln und zupfen. Dabei Gedanken durch den Kopf spazieren lassen. Meistens entspannt. Dann gibt es wieder Arbeitsstrecken wo man durch muss. Tage herum geeiert und gef\u00fchlte hundert Mal gedacht: Das mache ich als n\u00e4chstes. Sicher. Oder Morgen. Wenn das Wetter pa\u00dft. Jetzt wei\u00df ich es: Das ganze Herumgedruckse &hellip; 70% Garten &#8211; 30% Haus weiterlesen &rarr;\" \/>\n<meta property=\"og:url\" content=\"https:\/\/www.haekelfieber.de\/wp-blog\/2016\/04\/70-garten-30-haus\/\" \/>\n<meta property=\"og:site_name\" content=\"H\u00e4kelfieber\" \/>\n<meta property=\"article:published_time\" content=\"2016-04-14T15:46:09+00:00\" \/>\n<meta property=\"og:image\" content=\"https:\/\/www.haekelfieber.de\/wp-blog\/wp-content\/uploads\/2016\/04\/gem\u00fcsegarten-7-e1460647895306-450x600.jpg\" \/>\n<meta name=\"author\" content=\"Jutta\" \/>\n<meta name=\"twitter:label1\" content=\"Verfasst von\" \/>\n\t<meta name=\"twitter:data1\" content=\"Jutta\" \/>\n\t<meta name=\"twitter:label2\" content=\"Gesch\u00e4tzte Lesezeit\" \/>\n\t<meta name=\"twitter:data2\" content=\"1\u00a0Minute\" \/>\n<script type=\"application\/ld+json\" class=\"yoast-schema-graph\">{\"@context\":\"https:\\\/\\\/schema.org\",\"@graph\":[{\"@type\":\"Article\",\"@id\":\"https:\\\/\\\/www.haekelfieber.de\\\/wp-blog\\\/2016\\\/04\\\/70-garten-30-haus\\\/#article\",\"isPartOf\":{\"@id\":\"https:\\\/\\\/www.haekelfieber.de\\\/wp-blog\\\/2016\\\/04\\\/70-garten-30-haus\\\/\"},\"author\":{\"name\":\"Jutta\",\"@id\":\"https:\\\/\\\/www.haekelfieber.de\\\/wp-blog\\\/#\\\/schema\\\/person\\\/08b81f8e0d3480519aadc66881dee8d7\"},\"headline\":\"70% Garten &#8211; 30% Haus\",\"datePublished\":\"2016-04-14T15:46:09+00:00\",\"mainEntityOfPage\":{\"@id\":\"https:\\\/\\\/www.haekelfieber.de\\\/wp-blog\\\/2016\\\/04\\\/70-garten-30-haus\\\/\"},\"wordCount\":219,\"commentCount\":1,\"publisher\":{\"@id\":\"https:\\\/\\\/www.haekelfieber.de\\\/wp-blog\\\/#organization\"},\"articleSection\":[\"Die Natur\",\"Garten\"],\"inLanguage\":\"de\",\"potentialAction\":[{\"@type\":\"CommentAction\",\"name\":\"Comment\",\"target\":[\"https:\\\/\\\/www.haekelfieber.de\\\/wp-blog\\\/2016\\\/04\\\/70-garten-30-haus\\\/#respond\"]}]},{\"@type\":\"WebPage\",\"@id\":\"https:\\\/\\\/www.haekelfieber.de\\\/wp-blog\\\/2016\\\/04\\\/70-garten-30-haus\\\/\",\"url\":\"https:\\\/\\\/www.haekelfieber.de\\\/wp-blog\\\/2016\\\/04\\\/70-garten-30-haus\\\/\",\"name\":\"70% Garten - 30% Haus - H\u00e4kelfieber\",\"isPartOf\":{\"@id\":\"https:\\\/\\\/www.haekelfieber.de\\\/wp-blog\\\/#website\"},\"datePublished\":\"2016-04-14T15:46:09+00:00\",\"breadcrumb\":{\"@id\":\"https:\\\/\\\/www.haekelfieber.de\\\/wp-blog\\\/2016\\\/04\\\/70-garten-30-haus\\\/#breadcrumb\"},\"inLanguage\":\"de\",\"potentialAction\":[{\"@type\":\"ReadAction\",\"target\":[\"https:\\\/\\\/www.haekelfieber.de\\\/wp-blog\\\/2016\\\/04\\\/70-garten-30-haus\\\/\"]}]},{\"@type\":\"BreadcrumbList\",\"@id\":\"https:\\\/\\\/www.haekelfieber.de\\\/wp-blog\\\/2016\\\/04\\\/70-garten-30-haus\\\/#breadcrumb\",\"itemListElement\":[{\"@type\":\"ListItem\",\"position\":1,\"name\":\"Home\",\"item\":\"https:\\\/\\\/www.haekelfieber.de\\\/wp-blog\\\/\"},{\"@type\":\"ListItem\",\"position\":2,\"name\":\"70% Garten &#8211; 30% Haus\"}]},{\"@type\":\"WebSite\",\"@id\":\"https:\\\/\\\/www.haekelfieber.de\\\/wp-blog\\\/#website\",\"url\":\"https:\\\/\\\/www.haekelfieber.de\\\/wp-blog\\\/\",\"name\":\"H\u00e4kelfieber\",\"description\":\"Ich bin im...\",\"publisher\":{\"@id\":\"https:\\\/\\\/www.haekelfieber.de\\\/wp-blog\\\/#organization\"},\"potentialAction\":[{\"@type\":\"SearchAction\",\"target\":{\"@type\":\"EntryPoint\",\"urlTemplate\":\"https:\\\/\\\/www.haekelfieber.de\\\/wp-blog\\\/?s={search_term_string}\"},\"query-input\":{\"@type\":\"PropertyValueSpecification\",\"valueRequired\":true,\"valueName\":\"search_term_string\"}}],\"inLanguage\":\"de\"},{\"@type\":\"Organization\",\"@id\":\"https:\\\/\\\/www.haekelfieber.de\\\/wp-blog\\\/#organization\",\"name\":\"H\u00e4kelfieber\",\"url\":\"https:\\\/\\\/www.haekelfieber.de\\\/wp-blog\\\/\",\"logo\":{\"@type\":\"ImageObject\",\"inLanguage\":\"de\",\"@id\":\"https:\\\/\\\/www.haekelfieber.de\\\/wp-blog\\\/#\\\/schema\\\/logo\\\/image\\\/\",\"url\":\"https:\\\/\\\/www.haekelfieber.de\\\/wp-blog\\\/wp-content\\\/uploads\\\/2023\\\/03\\\/kissen-haekeln2.jpg\",\"contentUrl\":\"https:\\\/\\\/www.haekelfieber.de\\\/wp-blog\\\/wp-content\\\/uploads\\\/2023\\\/03\\\/kissen-haekeln2.jpg\",\"width\":683,\"height\":1024,\"caption\":\"H\u00e4kelfieber\"},\"image\":{\"@id\":\"https:\\\/\\\/www.haekelfieber.de\\\/wp-blog\\\/#\\\/schema\\\/logo\\\/image\\\/\"}},{\"@type\":\"Person\",\"@id\":\"https:\\\/\\\/www.haekelfieber.de\\\/wp-blog\\\/#\\\/schema\\\/person\\\/08b81f8e0d3480519aadc66881dee8d7\",\"name\":\"Jutta\",\"image\":{\"@type\":\"ImageObject\",\"inLanguage\":\"de\",\"@id\":\"https:\\\/\\\/secure.gravatar.com\\\/avatar\\\/4fb96a09981d3eab52fd94765c38a5395ca69a563a8cd98c172ef85375636d9d?s=96&d=mm&r=g\",\"url\":\"https:\\\/\\\/secure.gravatar.com\\\/avatar\\\/4fb96a09981d3eab52fd94765c38a5395ca69a563a8cd98c172ef85375636d9d?s=96&d=mm&r=g\",\"contentUrl\":\"https:\\\/\\\/secure.gravatar.com\\\/avatar\\\/4fb96a09981d3eab52fd94765c38a5395ca69a563a8cd98c172ef85375636d9d?s=96&d=mm&r=g\",\"caption\":\"Jutta\"},\"url\":\"https:\\\/\\\/www.haekelfieber.de\\\/wp-blog\\\/author\\\/admin\\\/\"}]}<\/script>\n<!-- \/ Yoast SEO plugin. -->","yoast_head_json":{"title":"70% Garten - 30% Haus - H\u00e4kelfieber","robots":{"index":"index","follow":"follow","max-snippet":"max-snippet:-1","max-image-preview":"max-image-preview:large","max-video-preview":"max-video-preview:-1"},"canonical":"https:\/\/www.haekelfieber.de\/wp-blog\/2016\/04\/70-garten-30-haus\/","og_locale":"de_DE","og_type":"article","og_title":"70% Garten - 30% Haus - H\u00e4kelfieber","og_description":"Der Garten ist meinen Hauptwohnsitz. Vor mich hinbuddeln und zupfen. Dabei Gedanken durch den Kopf spazieren lassen. Meistens entspannt. Dann gibt es wieder Arbeitsstrecken wo man durch muss. Tage herum geeiert und gef\u00fchlte hundert Mal gedacht: Das mache ich als n\u00e4chstes. Sicher. Oder Morgen. Wenn das Wetter pa\u00dft. Jetzt wei\u00df ich es: Das ganze Herumgedruckse &hellip; 70% Garten &#8211; 30% Haus weiterlesen &rarr;","og_url":"https:\/\/www.haekelfieber.de\/wp-blog\/2016\/04\/70-garten-30-haus\/","og_site_name":"H\u00e4kelfieber","article_published_time":"2016-04-14T15:46:09+00:00","og_image":[{"url":"https:\/\/www.haekelfieber.de\/wp-blog\/wp-content\/uploads\/2016\/04\/gem\u00fcsegarten-7-e1460647895306-450x600.jpg","type":"","width":"","height":""}],"author":"Jutta","twitter_misc":{"Verfasst von":"Jutta","Gesch\u00e4tzte Lesezeit":"1\u00a0Minute"},"schema":{"@context":"https:\/\/schema.org","@graph":[{"@type":"Article","@id":"https:\/\/www.haekelfieber.de\/wp-blog\/2016\/04\/70-garten-30-haus\/#article","isPartOf":{"@id":"https:\/\/www.haekelfieber.de\/wp-blog\/2016\/04\/70-garten-30-haus\/"},"author":{"name":"Jutta","@id":"https:\/\/www.haekelfieber.de\/wp-blog\/#\/schema\/person\/08b81f8e0d3480519aadc66881dee8d7"},"headline":"70% Garten &#8211; 30% Haus","datePublished":"2016-04-14T15:46:09+00:00","mainEntityOfPage":{"@id":"https:\/\/www.haekelfieber.de\/wp-blog\/2016\/04\/70-garten-30-haus\/"},"wordCount":219,"commentCount":1,"publisher":{"@id":"https:\/\/www.haekelfieber.de\/wp-blog\/#organization"},"articleSection":["Die Natur","Garten"],"inLanguage":"de","potentialAction":[{"@type":"CommentAction","name":"Comment","target":["https:\/\/www.haekelfieber.de\/wp-blog\/2016\/04\/70-garten-30-haus\/#respond"]}]},{"@type":"WebPage","@id":"https:\/\/www.haekelfieber.de\/wp-blog\/2016\/04\/70-garten-30-haus\/","url":"https:\/\/www.haekelfieber.de\/wp-blog\/2016\/04\/70-garten-30-haus\/","name":"70% Garten - 30% Haus - H\u00e4kelfieber","isPartOf":{"@id":"https:\/\/www.haekelfieber.de\/wp-blog\/#website"},"datePublished":"2016-04-14T15:46:09+00:00","breadcrumb":{"@id":"https:\/\/www.haekelfieber.de\/wp-blog\/2016\/04\/70-garten-30-haus\/#breadcrumb"},"inLanguage":"de","potentialAction":[{"@type":"ReadAction","target":["https:\/\/www.haekelfieber.de\/wp-blog\/2016\/04\/70-garten-30-haus\/"]}]},{"@type":"BreadcrumbList","@id":"https:\/\/www.haekelfieber.de\/wp-blog\/2016\/04\/70-garten-30-haus\/#breadcrumb","itemListElement":[{"@type":"ListItem","position":1,"name":"Home","item":"https:\/\/www.haekelfieber.de\/wp-blog\/"},{"@type":"ListItem","position":2,"name":"70% Garten &#8211; 30% Haus"}]},{"@type":"WebSite","@id":"https:\/\/www.haekelfieber.de\/wp-blog\/#website","url":"https:\/\/www.haekelfieber.de\/wp-blog\/","name":"H\u00e4kelfieber","description":"Ich bin im...","publisher":{"@id":"https:\/\/www.haekelfieber.de\/wp-blog\/#organization"},"potentialAction":[{"@type":"SearchAction","target":{"@type":"EntryPoint","urlTemplate":"https:\/\/www.haekelfieber.de\/wp-blog\/?s={search_term_string}"},"query-input":{"@type":"PropertyValueSpecification","valueRequired":true,"valueName":"search_term_string"}}],"inLanguage":"de"},{"@type":"Organization","@id":"https:\/\/www.haekelfieber.de\/wp-blog\/#organization","name":"H\u00e4kelfieber","url":"https:\/\/www.haekelfieber.de\/wp-blog\/","logo":{"@type":"ImageObject","inLanguage":"de","@id":"https:\/\/www.haekelfieber.de\/wp-blog\/#\/schema\/logo\/image\/","url":"https:\/\/www.haekelfieber.de\/wp-blog\/wp-content\/uploads\/2023\/03\/kissen-haekeln2.jpg","contentUrl":"https:\/\/www.haekelfieber.de\/wp-blog\/wp-content\/uploads\/2023\/03\/kissen-haekeln2.jpg","width":683,"height":1024,"caption":"H\u00e4kelfieber"},"image":{"@id":"https:\/\/www.haekelfieber.de\/wp-blog\/#\/schema\/logo\/image\/"}},{"@type":"Person","@id":"https:\/\/www.haekelfieber.de\/wp-blog\/#\/schema\/person\/08b81f8e0d3480519aadc66881dee8d7","name":"Jutta","image":{"@type":"ImageObject","inLanguage":"de","@id":"https:\/\/secure.gravatar.com\/avatar\/4fb96a09981d3eab52fd94765c38a5395ca69a563a8cd98c172ef85375636d9d?s=96&d=mm&r=g","url":"https:\/\/secure.gravatar.com\/avatar\/4fb96a09981d3eab52fd94765c38a5395ca69a563a8cd98c172ef85375636d9d?s=96&d=mm&r=g","contentUrl":"https:\/\/secure.gravatar.com\/avatar\/4fb96a09981d3eab52fd94765c38a5395ca69a563a8cd98c172ef85375636d9d?s=96&d=mm&r=g","caption":"Jutta"},"url":"https:\/\/www.haekelfieber.de\/wp-blog\/author\/admin\/"}]}},"_links":{"self":[{"href":"https:\/\/www.haekelfieber.de\/wp-blog\/wp-json\/wp\/v2\/posts\/4186","targetHints":{"allow":["GET"]}}],"collection":[{"href":"https:\/\/www.haekelfieber.de\/wp-blog\/wp-json\/wp\/v2\/posts"}],"about":[{"href":"https:\/\/www.haekelfieber.de\/wp-blog\/wp-json\/wp\/v2\/types\/post"}],"author":[{"embeddable":true,"href":"https:\/\/www.haekelfieber.de\/wp-blog\/wp-json\/wp\/v2\/users\/1"}],"replies":[{"embeddable":true,"href":"https:\/\/www.haekelfieber.de\/wp-blog\/wp-json\/wp\/v2\/comments?post=4186"}],"version-history":[{"count":2,"href":"https:\/\/www.haekelfieber.de\/wp-blog\/wp-json\/wp\/v2\/posts\/4186\/revisions"}],"predecessor-version":[{"id":4195,"href":"https:\/\/www.haekelfieber.de\/wp-blog\/wp-json\/wp\/v2\/posts\/4186\/revisions\/4195"}],"wp:attachment":[{"href":"https:\/\/www.haekelfieber.de\/wp-blog\/wp-json\/wp\/v2\/media?parent=4186"}],"wp:term":[{"taxonomy":"category","embeddable":true,"href":"https:\/\/www.haekelfieber.de\/wp-blog\/wp-json\/wp\/v2\/categories?post=4186"},{"taxonomy":"post_tag","embeddable":true,"href":"https:\/\/www.haekelfieber.de\/wp-blog\/wp-json\/wp\/v2\/tags?post=4186"}],"curies":[{"name":"wp","href":"https:\/\/api.w.org\/{rel}","templated":true}]}}