{"id":4347,"date":"2016-05-08T19:13:54","date_gmt":"2016-05-08T17:13:54","guid":{"rendered":"http:\/\/www.haekelfieber.de\/wp-blog\/?p=4347"},"modified":"2016-05-08T19:16:35","modified_gmt":"2016-05-08T17:16:35","slug":"minimalistisch-war-gestern","status":"publish","type":"post","link":"https:\/\/www.haekelfieber.de\/wp-blog\/2016\/05\/minimalistisch-war-gestern\/","title":{"rendered":"Minimalistisch war gestern"},"content":{"rendered":"<p>Heute gibt es Bilder vom neuen Terassensideboard, welches gestern mein Mann aus Holzresten zusammengezimmert hat. Hab es gleich mal \u00fcppig dekoriert. Aus allen Gartenwinkeln die Sachen zusammengetragen, auch einen Teil aus dem Haus. Jetzt kann ich sagen, dass sich die Terassengestaltung der &#8222;so ist es gut&#8220; Marke n\u00e4hert. An manchen Ecken muss erst eine Weile herumgemurkst werden, bis es\u00a0 passt.<br \/>\nHeute ist auch der 8. Mai. Muuuutttertag. Dieser Tag hat f\u00fcr mich sehr sehr viel Potenzial. Hier trifft sich meine Ratio Nase an Nase mit meinen Gef\u00fchlen. Also, in beide Richtungen ist viel drin. Diese elendige Gesch\u00e4ftemacherei um diesen Tag. Aber es ist auch sch\u00f6n etwas geschenkt zu bekommen. Manchmal denke ich mir: Weg damit. Aber, gibt es nicht auch einen Tag des Baumes, des Hundes und der Ringelsocken?!<\/p>\n<p>&nbsp;<\/p>\n<p><img loading=\"lazy\" decoding=\"async\" class=\"aligncenter size-large wp-image-4356\" src=\"https:\/\/www.haekelfieber.de\/wp-blog\/wp-content\/uploads\/2016\/05\/DIY-terassengestaltung-6-450x600.jpg\" alt=\"DIY terassengestaltung (6)\" width=\"450\" height=\"600\" srcset=\"https:\/\/www.haekelfieber.de\/wp-blog\/wp-content\/uploads\/2016\/05\/DIY-terassengestaltung-6-450x600.jpg 450w, https:\/\/www.haekelfieber.de\/wp-blog\/wp-content\/uploads\/2016\/05\/DIY-terassengestaltung-6-225x300.jpg 225w, https:\/\/www.haekelfieber.de\/wp-blog\/wp-content\/uploads\/2016\/05\/DIY-terassengestaltung-6.jpg 600w\" sizes=\"auto, (max-width: 450px) 100vw, 450px\" \/><\/p>\n<p>&nbsp;<\/p>\n<p><img loading=\"lazy\" decoding=\"async\" class=\"aligncenter size-large wp-image-4355\" src=\"https:\/\/www.haekelfieber.de\/wp-blog\/wp-content\/uploads\/2016\/05\/DIY-terassengestaltung-10-450x600.jpg\" alt=\"DIY terassengestaltung (10)\" width=\"450\" height=\"600\" srcset=\"https:\/\/www.haekelfieber.de\/wp-blog\/wp-content\/uploads\/2016\/05\/DIY-terassengestaltung-10-450x600.jpg 450w, https:\/\/www.haekelfieber.de\/wp-blog\/wp-content\/uploads\/2016\/05\/DIY-terassengestaltung-10-225x300.jpg 225w, https:\/\/www.haekelfieber.de\/wp-blog\/wp-content\/uploads\/2016\/05\/DIY-terassengestaltung-10.jpg 600w\" sizes=\"auto, (max-width: 450px) 100vw, 450px\" \/><br \/>\nDie zwei Blubberblasengl\u00e4ser waren urspr\u00fcnglich mal Deckenlampen. Ich benutze sie jetzt als Windlichter. Sie haben einen tollen Lichteffekt.<\/p>\n<p>&nbsp;<\/p>\n<p><img loading=\"lazy\" decoding=\"async\" class=\"aligncenter size-large wp-image-4357\" src=\"https:\/\/www.haekelfieber.de\/wp-blog\/wp-content\/uploads\/2016\/05\/DIY-terassengestaltung-8-450x600.jpg\" alt=\"DIY terassengestaltung (8)\" width=\"450\" height=\"600\" srcset=\"https:\/\/www.haekelfieber.de\/wp-blog\/wp-content\/uploads\/2016\/05\/DIY-terassengestaltung-8-450x600.jpg 450w, https:\/\/www.haekelfieber.de\/wp-blog\/wp-content\/uploads\/2016\/05\/DIY-terassengestaltung-8-225x300.jpg 225w, https:\/\/www.haekelfieber.de\/wp-blog\/wp-content\/uploads\/2016\/05\/DIY-terassengestaltung-8.jpg 600w\" sizes=\"auto, (max-width: 450px) 100vw, 450px\" \/><br \/>\nDie Bretter sind noch s\u00e4gerauh. Das gibt dem Sideboard einen rustikalen Charme. In dem gro\u00dfen, braunen Krauttopf zieht demn\u00e4chst eine Auberginenpflanze ein.<\/p>\n<p>&nbsp;<\/p>\n<p><img loading=\"lazy\" decoding=\"async\" class=\"aligncenter size-large wp-image-4349\" src=\"https:\/\/www.haekelfieber.de\/wp-blog\/wp-content\/uploads\/2016\/05\/DIY-terassengestaltung-7-450x600.jpg\" alt=\"DIY terassengestaltung (7)\" width=\"450\" height=\"600\" srcset=\"https:\/\/www.haekelfieber.de\/wp-blog\/wp-content\/uploads\/2016\/05\/DIY-terassengestaltung-7-450x600.jpg 450w, https:\/\/www.haekelfieber.de\/wp-blog\/wp-content\/uploads\/2016\/05\/DIY-terassengestaltung-7-225x300.jpg 225w, https:\/\/www.haekelfieber.de\/wp-blog\/wp-content\/uploads\/2016\/05\/DIY-terassengestaltung-7.jpg 600w\" sizes=\"auto, (max-width: 450px) 100vw, 450px\" \/><br \/>\nF\u00fcr k\u00fchle Abende.<\/p>\n<p>&nbsp;<\/p>\n<table>\n<tbody>\n<tr>\n<td><img loading=\"lazy\" decoding=\"async\" class=\"aligncenter size-medium wp-image-4352\" src=\"https:\/\/www.haekelfieber.de\/wp-blog\/wp-content\/uploads\/2016\/05\/DIY-terassengestaltung-2-225x300.jpg\" alt=\"DIY terassengestaltung (2)\" width=\"225\" height=\"300\" srcset=\"https:\/\/www.haekelfieber.de\/wp-blog\/wp-content\/uploads\/2016\/05\/DIY-terassengestaltung-2-225x300.jpg 225w, https:\/\/www.haekelfieber.de\/wp-blog\/wp-content\/uploads\/2016\/05\/DIY-terassengestaltung-2-450x600.jpg 450w, https:\/\/www.haekelfieber.de\/wp-blog\/wp-content\/uploads\/2016\/05\/DIY-terassengestaltung-2.jpg 600w\" sizes=\"auto, (max-width: 225px) 100vw, 225px\" \/><\/td>\n<td><img loading=\"lazy\" decoding=\"async\" class=\"aligncenter size-medium wp-image-4351\" src=\"https:\/\/www.haekelfieber.de\/wp-blog\/wp-content\/uploads\/2016\/05\/DIY-terassengestaltung-1-225x300.jpg\" alt=\"DIY terassengestaltung (1)\" width=\"225\" height=\"300\" srcset=\"https:\/\/www.haekelfieber.de\/wp-blog\/wp-content\/uploads\/2016\/05\/DIY-terassengestaltung-1-225x300.jpg 225w, https:\/\/www.haekelfieber.de\/wp-blog\/wp-content\/uploads\/2016\/05\/DIY-terassengestaltung-1-450x600.jpg 450w, https:\/\/www.haekelfieber.de\/wp-blog\/wp-content\/uploads\/2016\/05\/DIY-terassengestaltung-1.jpg 600w\" sizes=\"auto, (max-width: 225px) 100vw, 225px\" \/><\/td>\n<\/tr>\n<\/tbody>\n<\/table>\n<p>Zus\u00e4tzlich zur Sonne strahlt heute auch der Hahnenfu\u00df.<\/p>\n<p>&nbsp;<\/p>\n<p><img loading=\"lazy\" decoding=\"async\" class=\"aligncenter size-large wp-image-4358\" src=\"https:\/\/www.haekelfieber.de\/wp-blog\/wp-content\/uploads\/2016\/05\/DIY-terassengestaltung-9-450x600.jpg\" alt=\"DIY terassengestaltung (9)\" width=\"450\" height=\"600\" srcset=\"https:\/\/www.haekelfieber.de\/wp-blog\/wp-content\/uploads\/2016\/05\/DIY-terassengestaltung-9-450x600.jpg 450w, https:\/\/www.haekelfieber.de\/wp-blog\/wp-content\/uploads\/2016\/05\/DIY-terassengestaltung-9-225x300.jpg 225w, https:\/\/www.haekelfieber.de\/wp-blog\/wp-content\/uploads\/2016\/05\/DIY-terassengestaltung-9.jpg 600w\" sizes=\"auto, (max-width: 450px) 100vw, 450px\" \/><br \/>\nIn einem leeren Honigtopf hat sich die Hauswurz einquartiert. Der Pot wurde \u00fcber den Winter, bei Wind und Wetter, drau\u00dfen gelagert.<br \/>\nZiel erreicht. Er hat eine sch\u00f6ne, rostige Patina angesetzt. Auf dem Bild leider nicht so gut zu erkennen, da er noch ziemlich verdreckt ist, von meiner Hauswurzpflanzaktion.<\/p>\n<p>&nbsp;<\/p>\n<p><img loading=\"lazy\" decoding=\"async\" class=\"aligncenter size-large wp-image-4354\" src=\"https:\/\/www.haekelfieber.de\/wp-blog\/wp-content\/uploads\/2016\/05\/DIY-terassengestaltung-4-450x600.jpg\" alt=\"DIY terassengestaltung (4)\" width=\"450\" height=\"600\" srcset=\"https:\/\/www.haekelfieber.de\/wp-blog\/wp-content\/uploads\/2016\/05\/DIY-terassengestaltung-4-450x600.jpg 450w, https:\/\/www.haekelfieber.de\/wp-blog\/wp-content\/uploads\/2016\/05\/DIY-terassengestaltung-4-225x300.jpg 225w, https:\/\/www.haekelfieber.de\/wp-blog\/wp-content\/uploads\/2016\/05\/DIY-terassengestaltung-4.jpg 600w\" sizes=\"auto, (max-width: 450px) 100vw, 450px\" \/><\/p>\n<p>&nbsp;<\/p>\n<p><img loading=\"lazy\" decoding=\"async\" class=\"aligncenter size-large wp-image-4350\" src=\"https:\/\/www.haekelfieber.de\/wp-blog\/wp-content\/uploads\/2016\/05\/DIY-terassengestaltung-5-600x450.jpg\" alt=\"DIY terassengestaltung (5)\" width=\"600\" height=\"450\" srcset=\"https:\/\/www.haekelfieber.de\/wp-blog\/wp-content\/uploads\/2016\/05\/DIY-terassengestaltung-5-600x450.jpg 600w, https:\/\/www.haekelfieber.de\/wp-blog\/wp-content\/uploads\/2016\/05\/DIY-terassengestaltung-5-300x225.jpg 300w, https:\/\/www.haekelfieber.de\/wp-blog\/wp-content\/uploads\/2016\/05\/DIY-terassengestaltung-5-768x576.jpg 768w, https:\/\/www.haekelfieber.de\/wp-blog\/wp-content\/uploads\/2016\/05\/DIY-terassengestaltung-5.jpg 800w\" sizes=\"auto, (max-width: 600px) 100vw, 600px\" \/><br \/>\nMal gucken, wie sich die Deko in den n\u00e4chsten Wochen ver\u00e4ndert \ud83d\ude09<\/p>\n","protected":false},"excerpt":{"rendered":"<p>Heute gibt es Bilder vom neuen Terassensideboard, welches gestern mein Mann aus Holzresten zusammengezimmert hat. Hab es gleich mal \u00fcppig dekoriert. Aus allen Gartenwinkeln die Sachen zusammengetragen, auch einen Teil aus dem Haus. Jetzt kann ich sagen, dass sich die Terassengestaltung der &#8222;so ist es gut&#8220; Marke n\u00e4hert. An manchen Ecken muss erst eine Weile &hellip; <a href=\"https:\/\/www.haekelfieber.de\/wp-blog\/2016\/05\/minimalistisch-war-gestern\/\" class=\"more-link\"><span class=\"screen-reader-text\">Minimalistisch war gestern<\/span> weiterlesen <span class=\"meta-nav\">&rarr;<\/span><\/a><\/p>\n","protected":false},"author":1,"featured_media":0,"comment_status":"open","ping_status":"open","sticky":false,"template":"","format":"standard","meta":{"footnotes":""},"categories":[7,1],"tags":[],"class_list":["post-4347","post","type-post","status-publish","format-standard","hentry","category-garten","category-manch-anderes"],"yoast_head":"<!-- This site is optimized with the Yoast SEO plugin v27.4 - https:\/\/yoast.com\/product\/yoast-seo-wordpress\/ -->\n<title>Minimalistisch war gestern - H\u00e4kelfieber<\/title>\n<meta name=\"robots\" content=\"index, follow, max-snippet:-1, max-image-preview:large, max-video-preview:-1\" \/>\n<link rel=\"canonical\" href=\"https:\/\/www.haekelfieber.de\/wp-blog\/2016\/05\/minimalistisch-war-gestern\/\" \/>\n<meta property=\"og:locale\" content=\"de_DE\" \/>\n<meta property=\"og:type\" content=\"article\" \/>\n<meta property=\"og:title\" content=\"Minimalistisch war gestern - H\u00e4kelfieber\" \/>\n<meta property=\"og:description\" content=\"Heute gibt es Bilder vom neuen Terassensideboard, welches gestern mein Mann aus Holzresten zusammengezimmert hat. Hab es gleich mal \u00fcppig dekoriert. Aus allen Gartenwinkeln die Sachen zusammengetragen, auch einen Teil aus dem Haus. Jetzt kann ich sagen, dass sich die Terassengestaltung der &#8222;so ist es gut&#8220; Marke n\u00e4hert. An manchen Ecken muss erst eine Weile &hellip; Minimalistisch war gestern weiterlesen &rarr;\" \/>\n<meta property=\"og:url\" content=\"https:\/\/www.haekelfieber.de\/wp-blog\/2016\/05\/minimalistisch-war-gestern\/\" \/>\n<meta property=\"og:site_name\" content=\"H\u00e4kelfieber\" \/>\n<meta property=\"article:published_time\" content=\"2016-05-08T17:13:54+00:00\" \/>\n<meta property=\"article:modified_time\" content=\"2016-05-08T17:16:35+00:00\" \/>\n<meta property=\"og:image\" content=\"https:\/\/www.haekelfieber.de\/wp-blog\/wp-content\/uploads\/2016\/05\/DIY-terassengestaltung-6-450x600.jpg\" \/>\n<meta name=\"author\" content=\"Jutta\" \/>\n<meta name=\"twitter:label1\" content=\"Verfasst von\" \/>\n\t<meta name=\"twitter:data1\" content=\"Jutta\" \/>\n\t<meta name=\"twitter:label2\" content=\"Gesch\u00e4tzte Lesezeit\" \/>\n\t<meta name=\"twitter:data2\" content=\"1\u00a0Minute\" \/>\n<script type=\"application\/ld+json\" class=\"yoast-schema-graph\">{\"@context\":\"https:\\\/\\\/schema.org\",\"@graph\":[{\"@type\":\"Article\",\"@id\":\"https:\\\/\\\/www.haekelfieber.de\\\/wp-blog\\\/2016\\\/05\\\/minimalistisch-war-gestern\\\/#article\",\"isPartOf\":{\"@id\":\"https:\\\/\\\/www.haekelfieber.de\\\/wp-blog\\\/2016\\\/05\\\/minimalistisch-war-gestern\\\/\"},\"author\":{\"name\":\"Jutta\",\"@id\":\"https:\\\/\\\/www.haekelfieber.de\\\/wp-blog\\\/#\\\/schema\\\/person\\\/08b81f8e0d3480519aadc66881dee8d7\"},\"headline\":\"Minimalistisch war gestern\",\"datePublished\":\"2016-05-08T17:13:54+00:00\",\"dateModified\":\"2016-05-08T17:16:35+00:00\",\"mainEntityOfPage\":{\"@id\":\"https:\\\/\\\/www.haekelfieber.de\\\/wp-blog\\\/2016\\\/05\\\/minimalistisch-war-gestern\\\/\"},\"wordCount\":266,\"commentCount\":1,\"publisher\":{\"@id\":\"https:\\\/\\\/www.haekelfieber.de\\\/wp-blog\\\/#organization\"},\"image\":{\"@id\":\"https:\\\/\\\/www.haekelfieber.de\\\/wp-blog\\\/2016\\\/05\\\/minimalistisch-war-gestern\\\/#primaryimage\"},\"thumbnailUrl\":\"https:\\\/\\\/www.haekelfieber.de\\\/wp-blog\\\/wp-content\\\/uploads\\\/2016\\\/05\\\/DIY-terassengestaltung-6-450x600.jpg\",\"articleSection\":[\"Garten\",\"Manch anderes\"],\"inLanguage\":\"de\",\"potentialAction\":[{\"@type\":\"CommentAction\",\"name\":\"Comment\",\"target\":[\"https:\\\/\\\/www.haekelfieber.de\\\/wp-blog\\\/2016\\\/05\\\/minimalistisch-war-gestern\\\/#respond\"]}]},{\"@type\":\"WebPage\",\"@id\":\"https:\\\/\\\/www.haekelfieber.de\\\/wp-blog\\\/2016\\\/05\\\/minimalistisch-war-gestern\\\/\",\"url\":\"https:\\\/\\\/www.haekelfieber.de\\\/wp-blog\\\/2016\\\/05\\\/minimalistisch-war-gestern\\\/\",\"name\":\"Minimalistisch war gestern - H\u00e4kelfieber\",\"isPartOf\":{\"@id\":\"https:\\\/\\\/www.haekelfieber.de\\\/wp-blog\\\/#website\"},\"primaryImageOfPage\":{\"@id\":\"https:\\\/\\\/www.haekelfieber.de\\\/wp-blog\\\/2016\\\/05\\\/minimalistisch-war-gestern\\\/#primaryimage\"},\"image\":{\"@id\":\"https:\\\/\\\/www.haekelfieber.de\\\/wp-blog\\\/2016\\\/05\\\/minimalistisch-war-gestern\\\/#primaryimage\"},\"thumbnailUrl\":\"https:\\\/\\\/www.haekelfieber.de\\\/wp-blog\\\/wp-content\\\/uploads\\\/2016\\\/05\\\/DIY-terassengestaltung-6-450x600.jpg\",\"datePublished\":\"2016-05-08T17:13:54+00:00\",\"dateModified\":\"2016-05-08T17:16:35+00:00\",\"breadcrumb\":{\"@id\":\"https:\\\/\\\/www.haekelfieber.de\\\/wp-blog\\\/2016\\\/05\\\/minimalistisch-war-gestern\\\/#breadcrumb\"},\"inLanguage\":\"de\",\"potentialAction\":[{\"@type\":\"ReadAction\",\"target\":[\"https:\\\/\\\/www.haekelfieber.de\\\/wp-blog\\\/2016\\\/05\\\/minimalistisch-war-gestern\\\/\"]}]},{\"@type\":\"ImageObject\",\"inLanguage\":\"de\",\"@id\":\"https:\\\/\\\/www.haekelfieber.de\\\/wp-blog\\\/2016\\\/05\\\/minimalistisch-war-gestern\\\/#primaryimage\",\"url\":\"https:\\\/\\\/www.haekelfieber.de\\\/wp-blog\\\/wp-content\\\/uploads\\\/2016\\\/05\\\/DIY-terassengestaltung-6.jpg\",\"contentUrl\":\"https:\\\/\\\/www.haekelfieber.de\\\/wp-blog\\\/wp-content\\\/uploads\\\/2016\\\/05\\\/DIY-terassengestaltung-6.jpg\",\"width\":600,\"height\":800},{\"@type\":\"BreadcrumbList\",\"@id\":\"https:\\\/\\\/www.haekelfieber.de\\\/wp-blog\\\/2016\\\/05\\\/minimalistisch-war-gestern\\\/#breadcrumb\",\"itemListElement\":[{\"@type\":\"ListItem\",\"position\":1,\"name\":\"Home\",\"item\":\"https:\\\/\\\/www.haekelfieber.de\\\/wp-blog\\\/\"},{\"@type\":\"ListItem\",\"position\":2,\"name\":\"Minimalistisch war gestern\"}]},{\"@type\":\"WebSite\",\"@id\":\"https:\\\/\\\/www.haekelfieber.de\\\/wp-blog\\\/#website\",\"url\":\"https:\\\/\\\/www.haekelfieber.de\\\/wp-blog\\\/\",\"name\":\"H\u00e4kelfieber\",\"description\":\"Ich bin im...\",\"publisher\":{\"@id\":\"https:\\\/\\\/www.haekelfieber.de\\\/wp-blog\\\/#organization\"},\"potentialAction\":[{\"@type\":\"SearchAction\",\"target\":{\"@type\":\"EntryPoint\",\"urlTemplate\":\"https:\\\/\\\/www.haekelfieber.de\\\/wp-blog\\\/?s={search_term_string}\"},\"query-input\":{\"@type\":\"PropertyValueSpecification\",\"valueRequired\":true,\"valueName\":\"search_term_string\"}}],\"inLanguage\":\"de\"},{\"@type\":\"Organization\",\"@id\":\"https:\\\/\\\/www.haekelfieber.de\\\/wp-blog\\\/#organization\",\"name\":\"H\u00e4kelfieber\",\"url\":\"https:\\\/\\\/www.haekelfieber.de\\\/wp-blog\\\/\",\"logo\":{\"@type\":\"ImageObject\",\"inLanguage\":\"de\",\"@id\":\"https:\\\/\\\/www.haekelfieber.de\\\/wp-blog\\\/#\\\/schema\\\/logo\\\/image\\\/\",\"url\":\"https:\\\/\\\/www.haekelfieber.de\\\/wp-blog\\\/wp-content\\\/uploads\\\/2023\\\/03\\\/kissen-haekeln2.jpg\",\"contentUrl\":\"https:\\\/\\\/www.haekelfieber.de\\\/wp-blog\\\/wp-content\\\/uploads\\\/2023\\\/03\\\/kissen-haekeln2.jpg\",\"width\":683,\"height\":1024,\"caption\":\"H\u00e4kelfieber\"},\"image\":{\"@id\":\"https:\\\/\\\/www.haekelfieber.de\\\/wp-blog\\\/#\\\/schema\\\/logo\\\/image\\\/\"}},{\"@type\":\"Person\",\"@id\":\"https:\\\/\\\/www.haekelfieber.de\\\/wp-blog\\\/#\\\/schema\\\/person\\\/08b81f8e0d3480519aadc66881dee8d7\",\"name\":\"Jutta\",\"image\":{\"@type\":\"ImageObject\",\"inLanguage\":\"de\",\"@id\":\"https:\\\/\\\/secure.gravatar.com\\\/avatar\\\/4fb96a09981d3eab52fd94765c38a5395ca69a563a8cd98c172ef85375636d9d?s=96&d=mm&r=g\",\"url\":\"https:\\\/\\\/secure.gravatar.com\\\/avatar\\\/4fb96a09981d3eab52fd94765c38a5395ca69a563a8cd98c172ef85375636d9d?s=96&d=mm&r=g\",\"contentUrl\":\"https:\\\/\\\/secure.gravatar.com\\\/avatar\\\/4fb96a09981d3eab52fd94765c38a5395ca69a563a8cd98c172ef85375636d9d?s=96&d=mm&r=g\",\"caption\":\"Jutta\"},\"url\":\"https:\\\/\\\/www.haekelfieber.de\\\/wp-blog\\\/author\\\/admin\\\/\"}]}<\/script>\n<!-- \/ Yoast SEO plugin. -->","yoast_head_json":{"title":"Minimalistisch war gestern - H\u00e4kelfieber","robots":{"index":"index","follow":"follow","max-snippet":"max-snippet:-1","max-image-preview":"max-image-preview:large","max-video-preview":"max-video-preview:-1"},"canonical":"https:\/\/www.haekelfieber.de\/wp-blog\/2016\/05\/minimalistisch-war-gestern\/","og_locale":"de_DE","og_type":"article","og_title":"Minimalistisch war gestern - H\u00e4kelfieber","og_description":"Heute gibt es Bilder vom neuen Terassensideboard, welches gestern mein Mann aus Holzresten zusammengezimmert hat. Hab es gleich mal \u00fcppig dekoriert. Aus allen Gartenwinkeln die Sachen zusammengetragen, auch einen Teil aus dem Haus. Jetzt kann ich sagen, dass sich die Terassengestaltung der &#8222;so ist es gut&#8220; Marke n\u00e4hert. An manchen Ecken muss erst eine Weile &hellip; Minimalistisch war gestern weiterlesen &rarr;","og_url":"https:\/\/www.haekelfieber.de\/wp-blog\/2016\/05\/minimalistisch-war-gestern\/","og_site_name":"H\u00e4kelfieber","article_published_time":"2016-05-08T17:13:54+00:00","article_modified_time":"2016-05-08T17:16:35+00:00","og_image":[{"url":"https:\/\/www.haekelfieber.de\/wp-blog\/wp-content\/uploads\/2016\/05\/DIY-terassengestaltung-6-450x600.jpg","type":"","width":"","height":""}],"author":"Jutta","twitter_misc":{"Verfasst von":"Jutta","Gesch\u00e4tzte Lesezeit":"1\u00a0Minute"},"schema":{"@context":"https:\/\/schema.org","@graph":[{"@type":"Article","@id":"https:\/\/www.haekelfieber.de\/wp-blog\/2016\/05\/minimalistisch-war-gestern\/#article","isPartOf":{"@id":"https:\/\/www.haekelfieber.de\/wp-blog\/2016\/05\/minimalistisch-war-gestern\/"},"author":{"name":"Jutta","@id":"https:\/\/www.haekelfieber.de\/wp-blog\/#\/schema\/person\/08b81f8e0d3480519aadc66881dee8d7"},"headline":"Minimalistisch war gestern","datePublished":"2016-05-08T17:13:54+00:00","dateModified":"2016-05-08T17:16:35+00:00","mainEntityOfPage":{"@id":"https:\/\/www.haekelfieber.de\/wp-blog\/2016\/05\/minimalistisch-war-gestern\/"},"wordCount":266,"commentCount":1,"publisher":{"@id":"https:\/\/www.haekelfieber.de\/wp-blog\/#organization"},"image":{"@id":"https:\/\/www.haekelfieber.de\/wp-blog\/2016\/05\/minimalistisch-war-gestern\/#primaryimage"},"thumbnailUrl":"https:\/\/www.haekelfieber.de\/wp-blog\/wp-content\/uploads\/2016\/05\/DIY-terassengestaltung-6-450x600.jpg","articleSection":["Garten","Manch anderes"],"inLanguage":"de","potentialAction":[{"@type":"CommentAction","name":"Comment","target":["https:\/\/www.haekelfieber.de\/wp-blog\/2016\/05\/minimalistisch-war-gestern\/#respond"]}]},{"@type":"WebPage","@id":"https:\/\/www.haekelfieber.de\/wp-blog\/2016\/05\/minimalistisch-war-gestern\/","url":"https:\/\/www.haekelfieber.de\/wp-blog\/2016\/05\/minimalistisch-war-gestern\/","name":"Minimalistisch war gestern - H\u00e4kelfieber","isPartOf":{"@id":"https:\/\/www.haekelfieber.de\/wp-blog\/#website"},"primaryImageOfPage":{"@id":"https:\/\/www.haekelfieber.de\/wp-blog\/2016\/05\/minimalistisch-war-gestern\/#primaryimage"},"image":{"@id":"https:\/\/www.haekelfieber.de\/wp-blog\/2016\/05\/minimalistisch-war-gestern\/#primaryimage"},"thumbnailUrl":"https:\/\/www.haekelfieber.de\/wp-blog\/wp-content\/uploads\/2016\/05\/DIY-terassengestaltung-6-450x600.jpg","datePublished":"2016-05-08T17:13:54+00:00","dateModified":"2016-05-08T17:16:35+00:00","breadcrumb":{"@id":"https:\/\/www.haekelfieber.de\/wp-blog\/2016\/05\/minimalistisch-war-gestern\/#breadcrumb"},"inLanguage":"de","potentialAction":[{"@type":"ReadAction","target":["https:\/\/www.haekelfieber.de\/wp-blog\/2016\/05\/minimalistisch-war-gestern\/"]}]},{"@type":"ImageObject","inLanguage":"de","@id":"https:\/\/www.haekelfieber.de\/wp-blog\/2016\/05\/minimalistisch-war-gestern\/#primaryimage","url":"https:\/\/www.haekelfieber.de\/wp-blog\/wp-content\/uploads\/2016\/05\/DIY-terassengestaltung-6.jpg","contentUrl":"https:\/\/www.haekelfieber.de\/wp-blog\/wp-content\/uploads\/2016\/05\/DIY-terassengestaltung-6.jpg","width":600,"height":800},{"@type":"BreadcrumbList","@id":"https:\/\/www.haekelfieber.de\/wp-blog\/2016\/05\/minimalistisch-war-gestern\/#breadcrumb","itemListElement":[{"@type":"ListItem","position":1,"name":"Home","item":"https:\/\/www.haekelfieber.de\/wp-blog\/"},{"@type":"ListItem","position":2,"name":"Minimalistisch war gestern"}]},{"@type":"WebSite","@id":"https:\/\/www.haekelfieber.de\/wp-blog\/#website","url":"https:\/\/www.haekelfieber.de\/wp-blog\/","name":"H\u00e4kelfieber","description":"Ich bin im...","publisher":{"@id":"https:\/\/www.haekelfieber.de\/wp-blog\/#organization"},"potentialAction":[{"@type":"SearchAction","target":{"@type":"EntryPoint","urlTemplate":"https:\/\/www.haekelfieber.de\/wp-blog\/?s={search_term_string}"},"query-input":{"@type":"PropertyValueSpecification","valueRequired":true,"valueName":"search_term_string"}}],"inLanguage":"de"},{"@type":"Organization","@id":"https:\/\/www.haekelfieber.de\/wp-blog\/#organization","name":"H\u00e4kelfieber","url":"https:\/\/www.haekelfieber.de\/wp-blog\/","logo":{"@type":"ImageObject","inLanguage":"de","@id":"https:\/\/www.haekelfieber.de\/wp-blog\/#\/schema\/logo\/image\/","url":"https:\/\/www.haekelfieber.de\/wp-blog\/wp-content\/uploads\/2023\/03\/kissen-haekeln2.jpg","contentUrl":"https:\/\/www.haekelfieber.de\/wp-blog\/wp-content\/uploads\/2023\/03\/kissen-haekeln2.jpg","width":683,"height":1024,"caption":"H\u00e4kelfieber"},"image":{"@id":"https:\/\/www.haekelfieber.de\/wp-blog\/#\/schema\/logo\/image\/"}},{"@type":"Person","@id":"https:\/\/www.haekelfieber.de\/wp-blog\/#\/schema\/person\/08b81f8e0d3480519aadc66881dee8d7","name":"Jutta","image":{"@type":"ImageObject","inLanguage":"de","@id":"https:\/\/secure.gravatar.com\/avatar\/4fb96a09981d3eab52fd94765c38a5395ca69a563a8cd98c172ef85375636d9d?s=96&d=mm&r=g","url":"https:\/\/secure.gravatar.com\/avatar\/4fb96a09981d3eab52fd94765c38a5395ca69a563a8cd98c172ef85375636d9d?s=96&d=mm&r=g","contentUrl":"https:\/\/secure.gravatar.com\/avatar\/4fb96a09981d3eab52fd94765c38a5395ca69a563a8cd98c172ef85375636d9d?s=96&d=mm&r=g","caption":"Jutta"},"url":"https:\/\/www.haekelfieber.de\/wp-blog\/author\/admin\/"}]}},"_links":{"self":[{"href":"https:\/\/www.haekelfieber.de\/wp-blog\/wp-json\/wp\/v2\/posts\/4347","targetHints":{"allow":["GET"]}}],"collection":[{"href":"https:\/\/www.haekelfieber.de\/wp-blog\/wp-json\/wp\/v2\/posts"}],"about":[{"href":"https:\/\/www.haekelfieber.de\/wp-blog\/wp-json\/wp\/v2\/types\/post"}],"author":[{"embeddable":true,"href":"https:\/\/www.haekelfieber.de\/wp-blog\/wp-json\/wp\/v2\/users\/1"}],"replies":[{"embeddable":true,"href":"https:\/\/www.haekelfieber.de\/wp-blog\/wp-json\/wp\/v2\/comments?post=4347"}],"version-history":[{"count":4,"href":"https:\/\/www.haekelfieber.de\/wp-blog\/wp-json\/wp\/v2\/posts\/4347\/revisions"}],"predecessor-version":[{"id":4361,"href":"https:\/\/www.haekelfieber.de\/wp-blog\/wp-json\/wp\/v2\/posts\/4347\/revisions\/4361"}],"wp:attachment":[{"href":"https:\/\/www.haekelfieber.de\/wp-blog\/wp-json\/wp\/v2\/media?parent=4347"}],"wp:term":[{"taxonomy":"category","embeddable":true,"href":"https:\/\/www.haekelfieber.de\/wp-blog\/wp-json\/wp\/v2\/categories?post=4347"},{"taxonomy":"post_tag","embeddable":true,"href":"https:\/\/www.haekelfieber.de\/wp-blog\/wp-json\/wp\/v2\/tags?post=4347"}],"curies":[{"name":"wp","href":"https:\/\/api.w.org\/{rel}","templated":true}]}}