{"id":4755,"date":"2016-07-01T17:21:37","date_gmt":"2016-07-01T15:21:37","guid":{"rendered":"http:\/\/www.haekelfieber.de\/wp-blog\/?p=4755"},"modified":"2016-07-01T17:21:37","modified_gmt":"2016-07-01T15:21:37","slug":"restposten-tasche-haekeln","status":"publish","type":"post","link":"https:\/\/www.haekelfieber.de\/wp-blog\/2016\/07\/restposten-tasche-haekeln\/","title":{"rendered":"&#8222;Restposten &#8211; Tasche&#8220; h\u00e4keln"},"content":{"rendered":"<p><img loading=\"lazy\" decoding=\"async\" class=\"aligncenter size-large wp-image-4767\" src=\"https:\/\/www.haekelfieber.de\/wp-blog\/wp-content\/uploads\/2016\/07\/tasche-haekeln-1-1-450x600.jpg\" alt=\"tasche haekeln (1)\" width=\"450\" height=\"600\" srcset=\"https:\/\/www.haekelfieber.de\/wp-blog\/wp-content\/uploads\/2016\/07\/tasche-haekeln-1-1-450x600.jpg 450w, https:\/\/www.haekelfieber.de\/wp-blog\/wp-content\/uploads\/2016\/07\/tasche-haekeln-1-1-225x300.jpg 225w, https:\/\/www.haekelfieber.de\/wp-blog\/wp-content\/uploads\/2016\/07\/tasche-haekeln-1-1.jpg 600w\" sizes=\"auto, (max-width: 450px) 100vw, 450px\" \/><\/p>\n<p>Jetzt sind sie weg, die &#8222;\u00dcberbleibsel&#8220; von der <a href=\"https:\/\/www.haekelfieber.de\/wp-blog\/2016\/06\/man-koennte-auch-stola-dazu-sagen\/\" target=\"_blank\">Stola<\/a> und dem <a href=\"https:\/\/www.haekelfieber.de\/wp-blog\/2016\/06\/ich-hab-einen-haekeltuchfimmel\/\" target=\"_blank\">Dreieckstuch<\/a>. Entstanden ist daraus eine Sommertasche. Quietschbunt. F\u00fcr den Badesee, als Proviantbeutel f\u00fcr eventuelle Radtouren, als Samstagsmorgenfr\u00fchst\u00fcckholtasche f\u00fcr den B\u00e4cker oder als bunter Rumh\u00e4nger im Flur.<\/p>\n<p><img loading=\"lazy\" decoding=\"async\" class=\"aligncenter size-large wp-image-4761\" src=\"https:\/\/www.haekelfieber.de\/wp-blog\/wp-content\/uploads\/2016\/07\/tasche-haekeln-2-450x600.jpg\" alt=\"tasche haekeln (2)\" width=\"450\" height=\"600\" srcset=\"https:\/\/www.haekelfieber.de\/wp-blog\/wp-content\/uploads\/2016\/07\/tasche-haekeln-2-450x600.jpg 450w, https:\/\/www.haekelfieber.de\/wp-blog\/wp-content\/uploads\/2016\/07\/tasche-haekeln-2-225x300.jpg 225w, https:\/\/www.haekelfieber.de\/wp-blog\/wp-content\/uploads\/2016\/07\/tasche-haekeln-2.jpg 600w\" sizes=\"auto, (max-width: 450px) 100vw, 450px\" \/><\/p>\n<p>Tja, es gibt sehr elegante geh\u00e4kelte Taschen in grau, beige&#8230; . W\u00e4ren die vielleicht ein passenderer Begleiter f\u00fcr eine mittelalte Frau wie mich? Kann sein, aber Farbhunger kennt nunmal keine Altersgrenze. Er erwischt dich auch noch mit siebzig. Hab da neulich eine wirklich alte Dame, weit \u00fcber dieser Altersgrenze, gesehen. Gekleidet in petrol, t\u00fcrkis. Mann, sah die flott aus! Diesen Anblick hab ich bei mir abgespeichert. Wenn dann mal die Frage nach altersgem\u00e4\u00dfen Farben auftaucht, denke ich an sie und bin mutig. Irgendwie kann ich auch nicht anders. Au\u00dfer manchmal.<\/p>\n<p><img loading=\"lazy\" decoding=\"async\" class=\"aligncenter size-large wp-image-4762\" src=\"https:\/\/www.haekelfieber.de\/wp-blog\/wp-content\/uploads\/2016\/07\/tasche-haekeln-3-450x600.jpg\" alt=\"tasche haekeln (3)\" width=\"450\" height=\"600\" srcset=\"https:\/\/www.haekelfieber.de\/wp-blog\/wp-content\/uploads\/2016\/07\/tasche-haekeln-3-450x600.jpg 450w, https:\/\/www.haekelfieber.de\/wp-blog\/wp-content\/uploads\/2016\/07\/tasche-haekeln-3-225x300.jpg 225w, https:\/\/www.haekelfieber.de\/wp-blog\/wp-content\/uploads\/2016\/07\/tasche-haekeln-3.jpg 600w\" sizes=\"auto, (max-width: 450px) 100vw, 450px\" \/><br \/>\nKonglomerat meiner neuesten H\u00e4keloutputs.<\/p>\n<p>Die Entstehung:<\/p>\n<table>\n<tbody>\n<tr>\n<td><img loading=\"lazy\" decoding=\"async\" class=\"aligncenter size-medium wp-image-4750\" src=\"https:\/\/www.haekelfieber.de\/wp-blog\/wp-content\/uploads\/2016\/06\/haekeln-1-225x300.jpg\" alt=\"haekeln (1)\" width=\"225\" height=\"300\" srcset=\"https:\/\/www.haekelfieber.de\/wp-blog\/wp-content\/uploads\/2016\/06\/haekeln-1-225x300.jpg 225w, https:\/\/www.haekelfieber.de\/wp-blog\/wp-content\/uploads\/2016\/06\/haekeln-1-450x600.jpg 450w, https:\/\/www.haekelfieber.de\/wp-blog\/wp-content\/uploads\/2016\/06\/haekeln-1.jpg 600w\" sizes=\"auto, (max-width: 225px) 100vw, 225px\" \/><\/td>\n<td><img loading=\"lazy\" decoding=\"async\" class=\"aligncenter size-medium wp-image-4752\" src=\"https:\/\/www.haekelfieber.de\/wp-blog\/wp-content\/uploads\/2016\/06\/haekeln-3-225x300.jpg\" alt=\"haekeln (3)\" width=\"225\" height=\"300\" srcset=\"https:\/\/www.haekelfieber.de\/wp-blog\/wp-content\/uploads\/2016\/06\/haekeln-3-225x300.jpg 225w, https:\/\/www.haekelfieber.de\/wp-blog\/wp-content\/uploads\/2016\/06\/haekeln-3-450x600.jpg 450w, https:\/\/www.haekelfieber.de\/wp-blog\/wp-content\/uploads\/2016\/06\/haekeln-3.jpg 600w\" sizes=\"auto, (max-width: 225px) 100vw, 225px\" \/><\/td>\n<\/tr>\n<tr>\n<td><img loading=\"lazy\" decoding=\"async\" class=\"aligncenter size-medium wp-image-4751\" src=\"https:\/\/www.haekelfieber.de\/wp-blog\/wp-content\/uploads\/2016\/06\/haekeln-2-225x300.jpg\" alt=\"haekeln (2)\" width=\"225\" height=\"300\" srcset=\"https:\/\/www.haekelfieber.de\/wp-blog\/wp-content\/uploads\/2016\/06\/haekeln-2-225x300.jpg 225w, https:\/\/www.haekelfieber.de\/wp-blog\/wp-content\/uploads\/2016\/06\/haekeln-2-450x600.jpg 450w, https:\/\/www.haekelfieber.de\/wp-blog\/wp-content\/uploads\/2016\/06\/haekeln-2.jpg 600w\" sizes=\"auto, (max-width: 225px) 100vw, 225px\" \/><\/td>\n<td><img loading=\"lazy\" decoding=\"async\" class=\"aligncenter size-medium wp-image-4769\" src=\"https:\/\/www.haekelfieber.de\/wp-blog\/wp-content\/uploads\/2016\/07\/tasche-haekeln-5-225x300.jpg\" alt=\"tasche haekeln (5)\" width=\"225\" height=\"300\" srcset=\"https:\/\/www.haekelfieber.de\/wp-blog\/wp-content\/uploads\/2016\/07\/tasche-haekeln-5-225x300.jpg 225w, https:\/\/www.haekelfieber.de\/wp-blog\/wp-content\/uploads\/2016\/07\/tasche-haekeln-5-450x600.jpg 450w, https:\/\/www.haekelfieber.de\/wp-blog\/wp-content\/uploads\/2016\/07\/tasche-haekeln-5.jpg 600w\" sizes=\"auto, (max-width: 225px) 100vw, 225px\" \/><\/td>\n<\/tr>\n<\/tbody>\n<\/table>\n<p><img loading=\"lazy\" decoding=\"async\" class=\"aligncenter size-large wp-image-4768\" src=\"https:\/\/www.haekelfieber.de\/wp-blog\/wp-content\/uploads\/2016\/07\/tasche-haekeln-4-450x600.jpg\" alt=\"tasche haekeln (4)\" width=\"450\" height=\"600\" srcset=\"https:\/\/www.haekelfieber.de\/wp-blog\/wp-content\/uploads\/2016\/07\/tasche-haekeln-4-450x600.jpg 450w, https:\/\/www.haekelfieber.de\/wp-blog\/wp-content\/uploads\/2016\/07\/tasche-haekeln-4-225x300.jpg 225w, https:\/\/www.haekelfieber.de\/wp-blog\/wp-content\/uploads\/2016\/07\/tasche-haekeln-4.jpg 600w\" sizes=\"auto, (max-width: 450px) 100vw, 450px\" \/><\/p>\n","protected":false},"excerpt":{"rendered":"<p>Jetzt sind sie weg, die &#8222;\u00dcberbleibsel&#8220; von der Stola und dem Dreieckstuch. Entstanden ist daraus eine Sommertasche. Quietschbunt. F\u00fcr den Badesee, als Proviantbeutel f\u00fcr eventuelle Radtouren, als Samstagsmorgenfr\u00fchst\u00fcckholtasche f\u00fcr den B\u00e4cker oder als bunter Rumh\u00e4nger im Flur. Tja, es gibt sehr elegante geh\u00e4kelte Taschen in grau, beige&#8230; . W\u00e4ren die vielleicht ein passenderer Begleiter f\u00fcr &hellip; <a href=\"https:\/\/www.haekelfieber.de\/wp-blog\/2016\/07\/restposten-tasche-haekeln\/\" class=\"more-link\"><span class=\"screen-reader-text\">&#8222;Restposten &#8211; Tasche&#8220; h\u00e4keln<\/span> weiterlesen <span class=\"meta-nav\">&rarr;<\/span><\/a><\/p>\n","protected":false},"author":1,"featured_media":0,"comment_status":"open","ping_status":"open","sticky":false,"template":"","format":"standard","meta":{"footnotes":""},"categories":[5],"tags":[],"class_list":["post-4755","post","type-post","status-publish","format-standard","hentry","category-haekeln"],"yoast_head":"<!-- This site is optimized with the Yoast SEO plugin v27.4 - https:\/\/yoast.com\/product\/yoast-seo-wordpress\/ -->\n<title>&quot;Restposten - Tasche&quot; h\u00e4keln - H\u00e4kelfieber<\/title>\n<meta name=\"robots\" content=\"index, follow, max-snippet:-1, max-image-preview:large, max-video-preview:-1\" \/>\n<link rel=\"canonical\" href=\"https:\/\/www.haekelfieber.de\/wp-blog\/2016\/07\/restposten-tasche-haekeln\/\" \/>\n<meta property=\"og:locale\" content=\"de_DE\" \/>\n<meta property=\"og:type\" content=\"article\" \/>\n<meta property=\"og:title\" content=\"&quot;Restposten - Tasche&quot; h\u00e4keln - H\u00e4kelfieber\" \/>\n<meta property=\"og:description\" content=\"Jetzt sind sie weg, die &#8222;\u00dcberbleibsel&#8220; von der Stola und dem Dreieckstuch. Entstanden ist daraus eine Sommertasche. Quietschbunt. F\u00fcr den Badesee, als Proviantbeutel f\u00fcr eventuelle Radtouren, als Samstagsmorgenfr\u00fchst\u00fcckholtasche f\u00fcr den B\u00e4cker oder als bunter Rumh\u00e4nger im Flur. Tja, es gibt sehr elegante geh\u00e4kelte Taschen in grau, beige&#8230; . W\u00e4ren die vielleicht ein passenderer Begleiter f\u00fcr &hellip; &#8222;Restposten &#8211; Tasche&#8220; h\u00e4keln weiterlesen &rarr;\" \/>\n<meta property=\"og:url\" content=\"https:\/\/www.haekelfieber.de\/wp-blog\/2016\/07\/restposten-tasche-haekeln\/\" \/>\n<meta property=\"og:site_name\" content=\"H\u00e4kelfieber\" \/>\n<meta property=\"article:published_time\" content=\"2016-07-01T15:21:37+00:00\" \/>\n<meta property=\"og:image\" content=\"https:\/\/www.haekelfieber.de\/wp-blog\/wp-content\/uploads\/2016\/07\/tasche-haekeln-1-1-450x600.jpg\" \/>\n<meta name=\"author\" content=\"Jutta\" \/>\n<meta name=\"twitter:label1\" content=\"Verfasst von\" \/>\n\t<meta name=\"twitter:data1\" content=\"Jutta\" \/>\n\t<meta name=\"twitter:label2\" content=\"Gesch\u00e4tzte Lesezeit\" \/>\n\t<meta name=\"twitter:data2\" content=\"1\u00a0Minute\" \/>\n<script type=\"application\/ld+json\" class=\"yoast-schema-graph\">{\"@context\":\"https:\\\/\\\/schema.org\",\"@graph\":[{\"@type\":\"Article\",\"@id\":\"https:\\\/\\\/www.haekelfieber.de\\\/wp-blog\\\/2016\\\/07\\\/restposten-tasche-haekeln\\\/#article\",\"isPartOf\":{\"@id\":\"https:\\\/\\\/www.haekelfieber.de\\\/wp-blog\\\/2016\\\/07\\\/restposten-tasche-haekeln\\\/\"},\"author\":{\"name\":\"Jutta\",\"@id\":\"https:\\\/\\\/www.haekelfieber.de\\\/wp-blog\\\/#\\\/schema\\\/person\\\/08b81f8e0d3480519aadc66881dee8d7\"},\"headline\":\"&#8222;Restposten &#8211; Tasche&#8220; h\u00e4keln\",\"datePublished\":\"2016-07-01T15:21:37+00:00\",\"mainEntityOfPage\":{\"@id\":\"https:\\\/\\\/www.haekelfieber.de\\\/wp-blog\\\/2016\\\/07\\\/restposten-tasche-haekeln\\\/\"},\"wordCount\":151,\"commentCount\":17,\"publisher\":{\"@id\":\"https:\\\/\\\/www.haekelfieber.de\\\/wp-blog\\\/#organization\"},\"image\":{\"@id\":\"https:\\\/\\\/www.haekelfieber.de\\\/wp-blog\\\/2016\\\/07\\\/restposten-tasche-haekeln\\\/#primaryimage\"},\"thumbnailUrl\":\"https:\\\/\\\/www.haekelfieber.de\\\/wp-blog\\\/wp-content\\\/uploads\\\/2016\\\/07\\\/tasche-haekeln-1-1-450x600.jpg\",\"articleSection\":[\"H\u00e4keln\"],\"inLanguage\":\"de\",\"potentialAction\":[{\"@type\":\"CommentAction\",\"name\":\"Comment\",\"target\":[\"https:\\\/\\\/www.haekelfieber.de\\\/wp-blog\\\/2016\\\/07\\\/restposten-tasche-haekeln\\\/#respond\"]}]},{\"@type\":\"WebPage\",\"@id\":\"https:\\\/\\\/www.haekelfieber.de\\\/wp-blog\\\/2016\\\/07\\\/restposten-tasche-haekeln\\\/\",\"url\":\"https:\\\/\\\/www.haekelfieber.de\\\/wp-blog\\\/2016\\\/07\\\/restposten-tasche-haekeln\\\/\",\"name\":\"\\\"Restposten - Tasche\\\" h\u00e4keln - H\u00e4kelfieber\",\"isPartOf\":{\"@id\":\"https:\\\/\\\/www.haekelfieber.de\\\/wp-blog\\\/#website\"},\"primaryImageOfPage\":{\"@id\":\"https:\\\/\\\/www.haekelfieber.de\\\/wp-blog\\\/2016\\\/07\\\/restposten-tasche-haekeln\\\/#primaryimage\"},\"image\":{\"@id\":\"https:\\\/\\\/www.haekelfieber.de\\\/wp-blog\\\/2016\\\/07\\\/restposten-tasche-haekeln\\\/#primaryimage\"},\"thumbnailUrl\":\"https:\\\/\\\/www.haekelfieber.de\\\/wp-blog\\\/wp-content\\\/uploads\\\/2016\\\/07\\\/tasche-haekeln-1-1-450x600.jpg\",\"datePublished\":\"2016-07-01T15:21:37+00:00\",\"breadcrumb\":{\"@id\":\"https:\\\/\\\/www.haekelfieber.de\\\/wp-blog\\\/2016\\\/07\\\/restposten-tasche-haekeln\\\/#breadcrumb\"},\"inLanguage\":\"de\",\"potentialAction\":[{\"@type\":\"ReadAction\",\"target\":[\"https:\\\/\\\/www.haekelfieber.de\\\/wp-blog\\\/2016\\\/07\\\/restposten-tasche-haekeln\\\/\"]}]},{\"@type\":\"ImageObject\",\"inLanguage\":\"de\",\"@id\":\"https:\\\/\\\/www.haekelfieber.de\\\/wp-blog\\\/2016\\\/07\\\/restposten-tasche-haekeln\\\/#primaryimage\",\"url\":\"https:\\\/\\\/www.haekelfieber.de\\\/wp-blog\\\/wp-content\\\/uploads\\\/2016\\\/07\\\/tasche-haekeln-1-1.jpg\",\"contentUrl\":\"https:\\\/\\\/www.haekelfieber.de\\\/wp-blog\\\/wp-content\\\/uploads\\\/2016\\\/07\\\/tasche-haekeln-1-1.jpg\",\"width\":600,\"height\":800},{\"@type\":\"BreadcrumbList\",\"@id\":\"https:\\\/\\\/www.haekelfieber.de\\\/wp-blog\\\/2016\\\/07\\\/restposten-tasche-haekeln\\\/#breadcrumb\",\"itemListElement\":[{\"@type\":\"ListItem\",\"position\":1,\"name\":\"Home\",\"item\":\"https:\\\/\\\/www.haekelfieber.de\\\/wp-blog\\\/\"},{\"@type\":\"ListItem\",\"position\":2,\"name\":\"&#8222;Restposten &#8211; Tasche&#8220; h\u00e4keln\"}]},{\"@type\":\"WebSite\",\"@id\":\"https:\\\/\\\/www.haekelfieber.de\\\/wp-blog\\\/#website\",\"url\":\"https:\\\/\\\/www.haekelfieber.de\\\/wp-blog\\\/\",\"name\":\"H\u00e4kelfieber\",\"description\":\"Ich bin im...\",\"publisher\":{\"@id\":\"https:\\\/\\\/www.haekelfieber.de\\\/wp-blog\\\/#organization\"},\"potentialAction\":[{\"@type\":\"SearchAction\",\"target\":{\"@type\":\"EntryPoint\",\"urlTemplate\":\"https:\\\/\\\/www.haekelfieber.de\\\/wp-blog\\\/?s={search_term_string}\"},\"query-input\":{\"@type\":\"PropertyValueSpecification\",\"valueRequired\":true,\"valueName\":\"search_term_string\"}}],\"inLanguage\":\"de\"},{\"@type\":\"Organization\",\"@id\":\"https:\\\/\\\/www.haekelfieber.de\\\/wp-blog\\\/#organization\",\"name\":\"H\u00e4kelfieber\",\"url\":\"https:\\\/\\\/www.haekelfieber.de\\\/wp-blog\\\/\",\"logo\":{\"@type\":\"ImageObject\",\"inLanguage\":\"de\",\"@id\":\"https:\\\/\\\/www.haekelfieber.de\\\/wp-blog\\\/#\\\/schema\\\/logo\\\/image\\\/\",\"url\":\"https:\\\/\\\/www.haekelfieber.de\\\/wp-blog\\\/wp-content\\\/uploads\\\/2023\\\/03\\\/kissen-haekeln2.jpg\",\"contentUrl\":\"https:\\\/\\\/www.haekelfieber.de\\\/wp-blog\\\/wp-content\\\/uploads\\\/2023\\\/03\\\/kissen-haekeln2.jpg\",\"width\":683,\"height\":1024,\"caption\":\"H\u00e4kelfieber\"},\"image\":{\"@id\":\"https:\\\/\\\/www.haekelfieber.de\\\/wp-blog\\\/#\\\/schema\\\/logo\\\/image\\\/\"}},{\"@type\":\"Person\",\"@id\":\"https:\\\/\\\/www.haekelfieber.de\\\/wp-blog\\\/#\\\/schema\\\/person\\\/08b81f8e0d3480519aadc66881dee8d7\",\"name\":\"Jutta\",\"image\":{\"@type\":\"ImageObject\",\"inLanguage\":\"de\",\"@id\":\"https:\\\/\\\/secure.gravatar.com\\\/avatar\\\/4fb96a09981d3eab52fd94765c38a5395ca69a563a8cd98c172ef85375636d9d?s=96&d=mm&r=g\",\"url\":\"https:\\\/\\\/secure.gravatar.com\\\/avatar\\\/4fb96a09981d3eab52fd94765c38a5395ca69a563a8cd98c172ef85375636d9d?s=96&d=mm&r=g\",\"contentUrl\":\"https:\\\/\\\/secure.gravatar.com\\\/avatar\\\/4fb96a09981d3eab52fd94765c38a5395ca69a563a8cd98c172ef85375636d9d?s=96&d=mm&r=g\",\"caption\":\"Jutta\"},\"url\":\"https:\\\/\\\/www.haekelfieber.de\\\/wp-blog\\\/author\\\/admin\\\/\"}]}<\/script>\n<!-- \/ Yoast SEO plugin. -->","yoast_head_json":{"title":"\"Restposten - Tasche\" h\u00e4keln - H\u00e4kelfieber","robots":{"index":"index","follow":"follow","max-snippet":"max-snippet:-1","max-image-preview":"max-image-preview:large","max-video-preview":"max-video-preview:-1"},"canonical":"https:\/\/www.haekelfieber.de\/wp-blog\/2016\/07\/restposten-tasche-haekeln\/","og_locale":"de_DE","og_type":"article","og_title":"\"Restposten - Tasche\" h\u00e4keln - H\u00e4kelfieber","og_description":"Jetzt sind sie weg, die &#8222;\u00dcberbleibsel&#8220; von der Stola und dem Dreieckstuch. Entstanden ist daraus eine Sommertasche. Quietschbunt. F\u00fcr den Badesee, als Proviantbeutel f\u00fcr eventuelle Radtouren, als Samstagsmorgenfr\u00fchst\u00fcckholtasche f\u00fcr den B\u00e4cker oder als bunter Rumh\u00e4nger im Flur. Tja, es gibt sehr elegante geh\u00e4kelte Taschen in grau, beige&#8230; . W\u00e4ren die vielleicht ein passenderer Begleiter f\u00fcr &hellip; &#8222;Restposten &#8211; Tasche&#8220; h\u00e4keln weiterlesen &rarr;","og_url":"https:\/\/www.haekelfieber.de\/wp-blog\/2016\/07\/restposten-tasche-haekeln\/","og_site_name":"H\u00e4kelfieber","article_published_time":"2016-07-01T15:21:37+00:00","og_image":[{"url":"https:\/\/www.haekelfieber.de\/wp-blog\/wp-content\/uploads\/2016\/07\/tasche-haekeln-1-1-450x600.jpg","type":"","width":"","height":""}],"author":"Jutta","twitter_misc":{"Verfasst von":"Jutta","Gesch\u00e4tzte Lesezeit":"1\u00a0Minute"},"schema":{"@context":"https:\/\/schema.org","@graph":[{"@type":"Article","@id":"https:\/\/www.haekelfieber.de\/wp-blog\/2016\/07\/restposten-tasche-haekeln\/#article","isPartOf":{"@id":"https:\/\/www.haekelfieber.de\/wp-blog\/2016\/07\/restposten-tasche-haekeln\/"},"author":{"name":"Jutta","@id":"https:\/\/www.haekelfieber.de\/wp-blog\/#\/schema\/person\/08b81f8e0d3480519aadc66881dee8d7"},"headline":"&#8222;Restposten &#8211; Tasche&#8220; h\u00e4keln","datePublished":"2016-07-01T15:21:37+00:00","mainEntityOfPage":{"@id":"https:\/\/www.haekelfieber.de\/wp-blog\/2016\/07\/restposten-tasche-haekeln\/"},"wordCount":151,"commentCount":17,"publisher":{"@id":"https:\/\/www.haekelfieber.de\/wp-blog\/#organization"},"image":{"@id":"https:\/\/www.haekelfieber.de\/wp-blog\/2016\/07\/restposten-tasche-haekeln\/#primaryimage"},"thumbnailUrl":"https:\/\/www.haekelfieber.de\/wp-blog\/wp-content\/uploads\/2016\/07\/tasche-haekeln-1-1-450x600.jpg","articleSection":["H\u00e4keln"],"inLanguage":"de","potentialAction":[{"@type":"CommentAction","name":"Comment","target":["https:\/\/www.haekelfieber.de\/wp-blog\/2016\/07\/restposten-tasche-haekeln\/#respond"]}]},{"@type":"WebPage","@id":"https:\/\/www.haekelfieber.de\/wp-blog\/2016\/07\/restposten-tasche-haekeln\/","url":"https:\/\/www.haekelfieber.de\/wp-blog\/2016\/07\/restposten-tasche-haekeln\/","name":"\"Restposten - Tasche\" h\u00e4keln - H\u00e4kelfieber","isPartOf":{"@id":"https:\/\/www.haekelfieber.de\/wp-blog\/#website"},"primaryImageOfPage":{"@id":"https:\/\/www.haekelfieber.de\/wp-blog\/2016\/07\/restposten-tasche-haekeln\/#primaryimage"},"image":{"@id":"https:\/\/www.haekelfieber.de\/wp-blog\/2016\/07\/restposten-tasche-haekeln\/#primaryimage"},"thumbnailUrl":"https:\/\/www.haekelfieber.de\/wp-blog\/wp-content\/uploads\/2016\/07\/tasche-haekeln-1-1-450x600.jpg","datePublished":"2016-07-01T15:21:37+00:00","breadcrumb":{"@id":"https:\/\/www.haekelfieber.de\/wp-blog\/2016\/07\/restposten-tasche-haekeln\/#breadcrumb"},"inLanguage":"de","potentialAction":[{"@type":"ReadAction","target":["https:\/\/www.haekelfieber.de\/wp-blog\/2016\/07\/restposten-tasche-haekeln\/"]}]},{"@type":"ImageObject","inLanguage":"de","@id":"https:\/\/www.haekelfieber.de\/wp-blog\/2016\/07\/restposten-tasche-haekeln\/#primaryimage","url":"https:\/\/www.haekelfieber.de\/wp-blog\/wp-content\/uploads\/2016\/07\/tasche-haekeln-1-1.jpg","contentUrl":"https:\/\/www.haekelfieber.de\/wp-blog\/wp-content\/uploads\/2016\/07\/tasche-haekeln-1-1.jpg","width":600,"height":800},{"@type":"BreadcrumbList","@id":"https:\/\/www.haekelfieber.de\/wp-blog\/2016\/07\/restposten-tasche-haekeln\/#breadcrumb","itemListElement":[{"@type":"ListItem","position":1,"name":"Home","item":"https:\/\/www.haekelfieber.de\/wp-blog\/"},{"@type":"ListItem","position":2,"name":"&#8222;Restposten &#8211; Tasche&#8220; h\u00e4keln"}]},{"@type":"WebSite","@id":"https:\/\/www.haekelfieber.de\/wp-blog\/#website","url":"https:\/\/www.haekelfieber.de\/wp-blog\/","name":"H\u00e4kelfieber","description":"Ich bin im...","publisher":{"@id":"https:\/\/www.haekelfieber.de\/wp-blog\/#organization"},"potentialAction":[{"@type":"SearchAction","target":{"@type":"EntryPoint","urlTemplate":"https:\/\/www.haekelfieber.de\/wp-blog\/?s={search_term_string}"},"query-input":{"@type":"PropertyValueSpecification","valueRequired":true,"valueName":"search_term_string"}}],"inLanguage":"de"},{"@type":"Organization","@id":"https:\/\/www.haekelfieber.de\/wp-blog\/#organization","name":"H\u00e4kelfieber","url":"https:\/\/www.haekelfieber.de\/wp-blog\/","logo":{"@type":"ImageObject","inLanguage":"de","@id":"https:\/\/www.haekelfieber.de\/wp-blog\/#\/schema\/logo\/image\/","url":"https:\/\/www.haekelfieber.de\/wp-blog\/wp-content\/uploads\/2023\/03\/kissen-haekeln2.jpg","contentUrl":"https:\/\/www.haekelfieber.de\/wp-blog\/wp-content\/uploads\/2023\/03\/kissen-haekeln2.jpg","width":683,"height":1024,"caption":"H\u00e4kelfieber"},"image":{"@id":"https:\/\/www.haekelfieber.de\/wp-blog\/#\/schema\/logo\/image\/"}},{"@type":"Person","@id":"https:\/\/www.haekelfieber.de\/wp-blog\/#\/schema\/person\/08b81f8e0d3480519aadc66881dee8d7","name":"Jutta","image":{"@type":"ImageObject","inLanguage":"de","@id":"https:\/\/secure.gravatar.com\/avatar\/4fb96a09981d3eab52fd94765c38a5395ca69a563a8cd98c172ef85375636d9d?s=96&d=mm&r=g","url":"https:\/\/secure.gravatar.com\/avatar\/4fb96a09981d3eab52fd94765c38a5395ca69a563a8cd98c172ef85375636d9d?s=96&d=mm&r=g","contentUrl":"https:\/\/secure.gravatar.com\/avatar\/4fb96a09981d3eab52fd94765c38a5395ca69a563a8cd98c172ef85375636d9d?s=96&d=mm&r=g","caption":"Jutta"},"url":"https:\/\/www.haekelfieber.de\/wp-blog\/author\/admin\/"}]}},"_links":{"self":[{"href":"https:\/\/www.haekelfieber.de\/wp-blog\/wp-json\/wp\/v2\/posts\/4755","targetHints":{"allow":["GET"]}}],"collection":[{"href":"https:\/\/www.haekelfieber.de\/wp-blog\/wp-json\/wp\/v2\/posts"}],"about":[{"href":"https:\/\/www.haekelfieber.de\/wp-blog\/wp-json\/wp\/v2\/types\/post"}],"author":[{"embeddable":true,"href":"https:\/\/www.haekelfieber.de\/wp-blog\/wp-json\/wp\/v2\/users\/1"}],"replies":[{"embeddable":true,"href":"https:\/\/www.haekelfieber.de\/wp-blog\/wp-json\/wp\/v2\/comments?post=4755"}],"version-history":[{"count":3,"href":"https:\/\/www.haekelfieber.de\/wp-blog\/wp-json\/wp\/v2\/posts\/4755\/revisions"}],"predecessor-version":[{"id":4770,"href":"https:\/\/www.haekelfieber.de\/wp-blog\/wp-json\/wp\/v2\/posts\/4755\/revisions\/4770"}],"wp:attachment":[{"href":"https:\/\/www.haekelfieber.de\/wp-blog\/wp-json\/wp\/v2\/media?parent=4755"}],"wp:term":[{"taxonomy":"category","embeddable":true,"href":"https:\/\/www.haekelfieber.de\/wp-blog\/wp-json\/wp\/v2\/categories?post=4755"},{"taxonomy":"post_tag","embeddable":true,"href":"https:\/\/www.haekelfieber.de\/wp-blog\/wp-json\/wp\/v2\/tags?post=4755"}],"curies":[{"name":"wp","href":"https:\/\/api.w.org\/{rel}","templated":true}]}}