{"id":5300,"date":"2016-09-28T19:19:15","date_gmt":"2016-09-28T17:19:15","guid":{"rendered":"http:\/\/www.haekelfieber.de\/wp-blog\/?p=5300"},"modified":"2016-09-28T19:19:15","modified_gmt":"2016-09-28T17:19:15","slug":"azyklisches-haekeln-jahreszeitentechnisch-gesehen","status":"publish","type":"post","link":"https:\/\/www.haekelfieber.de\/wp-blog\/2016\/09\/azyklisches-haekeln-jahreszeitentechnisch-gesehen\/","title":{"rendered":"Azyklisches H\u00e4keln &#8211; jahreszeitentechnisch gesehen"},"content":{"rendered":"<p><img loading=\"lazy\" decoding=\"async\" class=\"aligncenter size-large wp-image-5306\" src=\"https:\/\/www.haekelfieber.de\/wp-blog\/wp-content\/uploads\/2016\/09\/schluesselanhaenger-haekeln-5-450x600.jpg\" alt=\"schluesselanhaenger-haekeln-5\" width=\"450\" height=\"600\" srcset=\"https:\/\/www.haekelfieber.de\/wp-blog\/wp-content\/uploads\/2016\/09\/schluesselanhaenger-haekeln-5-450x600.jpg 450w, https:\/\/www.haekelfieber.de\/wp-blog\/wp-content\/uploads\/2016\/09\/schluesselanhaenger-haekeln-5-225x300.jpg 225w, https:\/\/www.haekelfieber.de\/wp-blog\/wp-content\/uploads\/2016\/09\/schluesselanhaenger-haekeln-5.jpg 600w\" sizes=\"auto, (max-width: 450px) 100vw, 450px\" \/><\/p>\n<p>Wow, ich\u00a0 habe voll Brain! Die \u00dcberschrift ist der Beweis. Man unterstellt ja h\u00e4ufig den Verfassern von komplizierten und unverst\u00e4ndlichen Geschreibseln, dass sie Gehirnwindungstechnisch besonders gut ausgestattet sein sollen. So. Jetzt bildet euch mal eine Meinung \u00fcber meine geistige Verfassung \ud83d\ude42<\/p>\n<p><img loading=\"lazy\" decoding=\"async\" class=\"aligncenter size-large wp-image-5307\" src=\"https:\/\/www.haekelfieber.de\/wp-blog\/wp-content\/uploads\/2016\/09\/schluesselanhaenger-haekeln-6-450x600.jpg\" alt=\"schluesselanhaenger-haekeln-6\" width=\"450\" height=\"600\" srcset=\"https:\/\/www.haekelfieber.de\/wp-blog\/wp-content\/uploads\/2016\/09\/schluesselanhaenger-haekeln-6-450x600.jpg 450w, https:\/\/www.haekelfieber.de\/wp-blog\/wp-content\/uploads\/2016\/09\/schluesselanhaenger-haekeln-6-225x300.jpg 225w, https:\/\/www.haekelfieber.de\/wp-blog\/wp-content\/uploads\/2016\/09\/schluesselanhaenger-haekeln-6.jpg 600w\" sizes=\"auto, (max-width: 450px) 100vw, 450px\" \/><br \/>\n<img loading=\"lazy\" decoding=\"async\" class=\"aligncenter size-large wp-image-5305\" src=\"https:\/\/www.haekelfieber.de\/wp-blog\/wp-content\/uploads\/2016\/09\/schluesselanhaenger-haekeln-4-450x600.jpg\" alt=\"schluesselanhaenger-haekeln-4\" width=\"450\" height=\"600\" srcset=\"https:\/\/www.haekelfieber.de\/wp-blog\/wp-content\/uploads\/2016\/09\/schluesselanhaenger-haekeln-4-450x600.jpg 450w, https:\/\/www.haekelfieber.de\/wp-blog\/wp-content\/uploads\/2016\/09\/schluesselanhaenger-haekeln-4-225x300.jpg 225w, https:\/\/www.haekelfieber.de\/wp-blog\/wp-content\/uploads\/2016\/09\/schluesselanhaenger-haekeln-4.jpg 600w\" sizes=\"auto, (max-width: 450px) 100vw, 450px\" \/><\/p>\n<p>Kurz, knapp und verst\u00e4ndlich f\u00fcr alle: In beige und braun geht bei mir farbtechnisch nichts. Herbstkompatible Farbauswahl &#8211; niente. H\u00e4keltechnisch \u00fcberspringe ich diese Jahreszeit.<br \/>\nIch mach mal wieder &#8211; g\u00e4hn &#8211; in bunt \ud83d\ude09<\/p>\n<p><img loading=\"lazy\" decoding=\"async\" class=\"aligncenter size-large wp-image-5304\" src=\"https:\/\/www.haekelfieber.de\/wp-blog\/wp-content\/uploads\/2016\/09\/schluesselanhaenger-haekeln-3-450x600.jpg\" alt=\"schluesselanhaenger-haekeln-3\" width=\"450\" height=\"600\" srcset=\"https:\/\/www.haekelfieber.de\/wp-blog\/wp-content\/uploads\/2016\/09\/schluesselanhaenger-haekeln-3-450x600.jpg 450w, https:\/\/www.haekelfieber.de\/wp-blog\/wp-content\/uploads\/2016\/09\/schluesselanhaenger-haekeln-3-225x300.jpg 225w, https:\/\/www.haekelfieber.de\/wp-blog\/wp-content\/uploads\/2016\/09\/schluesselanhaenger-haekeln-3.jpg 600w\" sizes=\"auto, (max-width: 450px) 100vw, 450px\" \/><br \/>\n<img loading=\"lazy\" decoding=\"async\" class=\"aligncenter size-large wp-image-5303\" src=\"https:\/\/www.haekelfieber.de\/wp-blog\/wp-content\/uploads\/2016\/09\/schluesselanhaenger-haekeln-2-450x600.jpg\" alt=\"schluesselanhaenger-haekeln-2\" width=\"450\" height=\"600\" srcset=\"https:\/\/www.haekelfieber.de\/wp-blog\/wp-content\/uploads\/2016\/09\/schluesselanhaenger-haekeln-2-450x600.jpg 450w, https:\/\/www.haekelfieber.de\/wp-blog\/wp-content\/uploads\/2016\/09\/schluesselanhaenger-haekeln-2-225x300.jpg 225w, https:\/\/www.haekelfieber.de\/wp-blog\/wp-content\/uploads\/2016\/09\/schluesselanhaenger-haekeln-2.jpg 600w\" sizes=\"auto, (max-width: 450px) 100vw, 450px\" \/><\/p>\n<p>Die Schl\u00fcssel sind mit neuen Anh\u00e4ngern best\u00fcckt. Mit Melone am Autoschl\u00fcssel f\u00e4hrt es sich besser. Sicher! Ist auch voll im Trend: Ein veganer Schl\u00fcsselanh\u00e4nger \ud83d\ude42<\/p>\n<p><img loading=\"lazy\" decoding=\"async\" class=\"aligncenter size-large wp-image-5302\" src=\"https:\/\/www.haekelfieber.de\/wp-blog\/wp-content\/uploads\/2016\/09\/schluesselanhaenger-haekeln-1-e1475082997444-600x450.jpg\" alt=\"schluesselanhaenger-haekeln-1\" width=\"600\" height=\"450\" srcset=\"https:\/\/www.haekelfieber.de\/wp-blog\/wp-content\/uploads\/2016\/09\/schluesselanhaenger-haekeln-1-e1475082997444-600x450.jpg 600w, https:\/\/www.haekelfieber.de\/wp-blog\/wp-content\/uploads\/2016\/09\/schluesselanhaenger-haekeln-1-e1475082997444-300x225.jpg 300w, https:\/\/www.haekelfieber.de\/wp-blog\/wp-content\/uploads\/2016\/09\/schluesselanhaenger-haekeln-1-e1475082997444-768x576.jpg 768w, https:\/\/www.haekelfieber.de\/wp-blog\/wp-content\/uploads\/2016\/09\/schluesselanhaenger-haekeln-1-e1475082997444.jpg 800w\" sizes=\"auto, (max-width: 600px) 100vw, 600px\" \/><\/p>\n","protected":false},"excerpt":{"rendered":"<p>Wow, ich\u00a0 habe voll Brain! Die \u00dcberschrift ist der Beweis. Man unterstellt ja h\u00e4ufig den Verfassern von komplizierten und unverst\u00e4ndlichen Geschreibseln, dass sie Gehirnwindungstechnisch besonders gut ausgestattet sein sollen. So. Jetzt bildet euch mal eine Meinung \u00fcber meine geistige Verfassung \ud83d\ude42 Kurz, knapp und verst\u00e4ndlich f\u00fcr alle: In beige und braun geht bei mir farbtechnisch &hellip; <a href=\"https:\/\/www.haekelfieber.de\/wp-blog\/2016\/09\/azyklisches-haekeln-jahreszeitentechnisch-gesehen\/\" class=\"more-link\"><span class=\"screen-reader-text\">Azyklisches H\u00e4keln &#8211; jahreszeitentechnisch gesehen<\/span> weiterlesen <span class=\"meta-nav\">&rarr;<\/span><\/a><\/p>\n","protected":false},"author":1,"featured_media":0,"comment_status":"open","ping_status":"open","sticky":false,"template":"","format":"standard","meta":{"footnotes":""},"categories":[5],"tags":[],"class_list":["post-5300","post","type-post","status-publish","format-standard","hentry","category-haekeln"],"yoast_head":"<!-- This site is optimized with the Yoast SEO plugin v27.5 - https:\/\/yoast.com\/product\/yoast-seo-wordpress\/ -->\n<title>Azyklisches H\u00e4keln - jahreszeitentechnisch gesehen - H\u00e4kelfieber<\/title>\n<meta name=\"robots\" content=\"index, follow, max-snippet:-1, max-image-preview:large, max-video-preview:-1\" \/>\n<link rel=\"canonical\" href=\"https:\/\/www.haekelfieber.de\/wp-blog\/2016\/09\/azyklisches-haekeln-jahreszeitentechnisch-gesehen\/\" \/>\n<meta property=\"og:locale\" content=\"de_DE\" \/>\n<meta property=\"og:type\" content=\"article\" \/>\n<meta property=\"og:title\" content=\"Azyklisches H\u00e4keln - jahreszeitentechnisch gesehen - H\u00e4kelfieber\" \/>\n<meta property=\"og:description\" content=\"Wow, ich\u00a0 habe voll Brain! Die \u00dcberschrift ist der Beweis. Man unterstellt ja h\u00e4ufig den Verfassern von komplizierten und unverst\u00e4ndlichen Geschreibseln, dass sie Gehirnwindungstechnisch besonders gut ausgestattet sein sollen. So. Jetzt bildet euch mal eine Meinung \u00fcber meine geistige Verfassung \ud83d\ude42 Kurz, knapp und verst\u00e4ndlich f\u00fcr alle: In beige und braun geht bei mir farbtechnisch &hellip; Azyklisches H\u00e4keln &#8211; jahreszeitentechnisch gesehen weiterlesen &rarr;\" \/>\n<meta property=\"og:url\" content=\"https:\/\/www.haekelfieber.de\/wp-blog\/2016\/09\/azyklisches-haekeln-jahreszeitentechnisch-gesehen\/\" \/>\n<meta property=\"og:site_name\" content=\"H\u00e4kelfieber\" \/>\n<meta property=\"article:published_time\" content=\"2016-09-28T17:19:15+00:00\" \/>\n<meta property=\"og:image\" content=\"https:\/\/www.haekelfieber.de\/wp-blog\/wp-content\/uploads\/2016\/09\/schluesselanhaenger-haekeln-5-450x600.jpg\" \/>\n<meta name=\"author\" content=\"Jutta\" \/>\n<meta name=\"twitter:label1\" content=\"Verfasst von\" \/>\n\t<meta name=\"twitter:data1\" content=\"Jutta\" \/>\n\t<meta name=\"twitter:label2\" content=\"Gesch\u00e4tzte Lesezeit\" \/>\n\t<meta name=\"twitter:data2\" content=\"1\u00a0Minute\" \/>\n<script type=\"application\/ld+json\" class=\"yoast-schema-graph\">{\"@context\":\"https:\\\/\\\/schema.org\",\"@graph\":[{\"@type\":\"Article\",\"@id\":\"https:\\\/\\\/www.haekelfieber.de\\\/wp-blog\\\/2016\\\/09\\\/azyklisches-haekeln-jahreszeitentechnisch-gesehen\\\/#article\",\"isPartOf\":{\"@id\":\"https:\\\/\\\/www.haekelfieber.de\\\/wp-blog\\\/2016\\\/09\\\/azyklisches-haekeln-jahreszeitentechnisch-gesehen\\\/\"},\"author\":{\"name\":\"Jutta\",\"@id\":\"https:\\\/\\\/www.haekelfieber.de\\\/wp-blog\\\/#\\\/schema\\\/person\\\/08b81f8e0d3480519aadc66881dee8d7\"},\"headline\":\"Azyklisches H\u00e4keln &#8211; jahreszeitentechnisch gesehen\",\"datePublished\":\"2016-09-28T17:19:15+00:00\",\"mainEntityOfPage\":{\"@id\":\"https:\\\/\\\/www.haekelfieber.de\\\/wp-blog\\\/2016\\\/09\\\/azyklisches-haekeln-jahreszeitentechnisch-gesehen\\\/\"},\"wordCount\":116,\"commentCount\":3,\"publisher\":{\"@id\":\"https:\\\/\\\/www.haekelfieber.de\\\/wp-blog\\\/#organization\"},\"image\":{\"@id\":\"https:\\\/\\\/www.haekelfieber.de\\\/wp-blog\\\/2016\\\/09\\\/azyklisches-haekeln-jahreszeitentechnisch-gesehen\\\/#primaryimage\"},\"thumbnailUrl\":\"https:\\\/\\\/www.haekelfieber.de\\\/wp-blog\\\/wp-content\\\/uploads\\\/2016\\\/09\\\/schluesselanhaenger-haekeln-5-450x600.jpg\",\"articleSection\":[\"H\u00e4keln\"],\"inLanguage\":\"de\",\"potentialAction\":[{\"@type\":\"CommentAction\",\"name\":\"Comment\",\"target\":[\"https:\\\/\\\/www.haekelfieber.de\\\/wp-blog\\\/2016\\\/09\\\/azyklisches-haekeln-jahreszeitentechnisch-gesehen\\\/#respond\"]}]},{\"@type\":\"WebPage\",\"@id\":\"https:\\\/\\\/www.haekelfieber.de\\\/wp-blog\\\/2016\\\/09\\\/azyklisches-haekeln-jahreszeitentechnisch-gesehen\\\/\",\"url\":\"https:\\\/\\\/www.haekelfieber.de\\\/wp-blog\\\/2016\\\/09\\\/azyklisches-haekeln-jahreszeitentechnisch-gesehen\\\/\",\"name\":\"Azyklisches H\u00e4keln - jahreszeitentechnisch gesehen - H\u00e4kelfieber\",\"isPartOf\":{\"@id\":\"https:\\\/\\\/www.haekelfieber.de\\\/wp-blog\\\/#website\"},\"primaryImageOfPage\":{\"@id\":\"https:\\\/\\\/www.haekelfieber.de\\\/wp-blog\\\/2016\\\/09\\\/azyklisches-haekeln-jahreszeitentechnisch-gesehen\\\/#primaryimage\"},\"image\":{\"@id\":\"https:\\\/\\\/www.haekelfieber.de\\\/wp-blog\\\/2016\\\/09\\\/azyklisches-haekeln-jahreszeitentechnisch-gesehen\\\/#primaryimage\"},\"thumbnailUrl\":\"https:\\\/\\\/www.haekelfieber.de\\\/wp-blog\\\/wp-content\\\/uploads\\\/2016\\\/09\\\/schluesselanhaenger-haekeln-5-450x600.jpg\",\"datePublished\":\"2016-09-28T17:19:15+00:00\",\"breadcrumb\":{\"@id\":\"https:\\\/\\\/www.haekelfieber.de\\\/wp-blog\\\/2016\\\/09\\\/azyklisches-haekeln-jahreszeitentechnisch-gesehen\\\/#breadcrumb\"},\"inLanguage\":\"de\",\"potentialAction\":[{\"@type\":\"ReadAction\",\"target\":[\"https:\\\/\\\/www.haekelfieber.de\\\/wp-blog\\\/2016\\\/09\\\/azyklisches-haekeln-jahreszeitentechnisch-gesehen\\\/\"]}]},{\"@type\":\"ImageObject\",\"inLanguage\":\"de\",\"@id\":\"https:\\\/\\\/www.haekelfieber.de\\\/wp-blog\\\/2016\\\/09\\\/azyklisches-haekeln-jahreszeitentechnisch-gesehen\\\/#primaryimage\",\"url\":\"https:\\\/\\\/www.haekelfieber.de\\\/wp-blog\\\/wp-content\\\/uploads\\\/2016\\\/09\\\/schluesselanhaenger-haekeln-5.jpg\",\"contentUrl\":\"https:\\\/\\\/www.haekelfieber.de\\\/wp-blog\\\/wp-content\\\/uploads\\\/2016\\\/09\\\/schluesselanhaenger-haekeln-5.jpg\",\"width\":600,\"height\":800},{\"@type\":\"BreadcrumbList\",\"@id\":\"https:\\\/\\\/www.haekelfieber.de\\\/wp-blog\\\/2016\\\/09\\\/azyklisches-haekeln-jahreszeitentechnisch-gesehen\\\/#breadcrumb\",\"itemListElement\":[{\"@type\":\"ListItem\",\"position\":1,\"name\":\"Home\",\"item\":\"https:\\\/\\\/www.haekelfieber.de\\\/wp-blog\\\/\"},{\"@type\":\"ListItem\",\"position\":2,\"name\":\"Azyklisches H\u00e4keln &#8211; jahreszeitentechnisch gesehen\"}]},{\"@type\":\"WebSite\",\"@id\":\"https:\\\/\\\/www.haekelfieber.de\\\/wp-blog\\\/#website\",\"url\":\"https:\\\/\\\/www.haekelfieber.de\\\/wp-blog\\\/\",\"name\":\"H\u00e4kelfieber\",\"description\":\"Ich bin im...\",\"publisher\":{\"@id\":\"https:\\\/\\\/www.haekelfieber.de\\\/wp-blog\\\/#organization\"},\"potentialAction\":[{\"@type\":\"SearchAction\",\"target\":{\"@type\":\"EntryPoint\",\"urlTemplate\":\"https:\\\/\\\/www.haekelfieber.de\\\/wp-blog\\\/?s={search_term_string}\"},\"query-input\":{\"@type\":\"PropertyValueSpecification\",\"valueRequired\":true,\"valueName\":\"search_term_string\"}}],\"inLanguage\":\"de\"},{\"@type\":\"Organization\",\"@id\":\"https:\\\/\\\/www.haekelfieber.de\\\/wp-blog\\\/#organization\",\"name\":\"H\u00e4kelfieber\",\"url\":\"https:\\\/\\\/www.haekelfieber.de\\\/wp-blog\\\/\",\"logo\":{\"@type\":\"ImageObject\",\"inLanguage\":\"de\",\"@id\":\"https:\\\/\\\/www.haekelfieber.de\\\/wp-blog\\\/#\\\/schema\\\/logo\\\/image\\\/\",\"url\":\"https:\\\/\\\/www.haekelfieber.de\\\/wp-blog\\\/wp-content\\\/uploads\\\/2023\\\/03\\\/kissen-haekeln2.jpg\",\"contentUrl\":\"https:\\\/\\\/www.haekelfieber.de\\\/wp-blog\\\/wp-content\\\/uploads\\\/2023\\\/03\\\/kissen-haekeln2.jpg\",\"width\":683,\"height\":1024,\"caption\":\"H\u00e4kelfieber\"},\"image\":{\"@id\":\"https:\\\/\\\/www.haekelfieber.de\\\/wp-blog\\\/#\\\/schema\\\/logo\\\/image\\\/\"}},{\"@type\":\"Person\",\"@id\":\"https:\\\/\\\/www.haekelfieber.de\\\/wp-blog\\\/#\\\/schema\\\/person\\\/08b81f8e0d3480519aadc66881dee8d7\",\"name\":\"Jutta\",\"image\":{\"@type\":\"ImageObject\",\"inLanguage\":\"de\",\"@id\":\"https:\\\/\\\/secure.gravatar.com\\\/avatar\\\/4fb96a09981d3eab52fd94765c38a5395ca69a563a8cd98c172ef85375636d9d?s=96&d=mm&r=g\",\"url\":\"https:\\\/\\\/secure.gravatar.com\\\/avatar\\\/4fb96a09981d3eab52fd94765c38a5395ca69a563a8cd98c172ef85375636d9d?s=96&d=mm&r=g\",\"contentUrl\":\"https:\\\/\\\/secure.gravatar.com\\\/avatar\\\/4fb96a09981d3eab52fd94765c38a5395ca69a563a8cd98c172ef85375636d9d?s=96&d=mm&r=g\",\"caption\":\"Jutta\"},\"url\":\"https:\\\/\\\/www.haekelfieber.de\\\/wp-blog\\\/author\\\/admin\\\/\"}]}<\/script>\n<!-- \/ Yoast SEO plugin. -->","yoast_head_json":{"title":"Azyklisches H\u00e4keln - jahreszeitentechnisch gesehen - H\u00e4kelfieber","robots":{"index":"index","follow":"follow","max-snippet":"max-snippet:-1","max-image-preview":"max-image-preview:large","max-video-preview":"max-video-preview:-1"},"canonical":"https:\/\/www.haekelfieber.de\/wp-blog\/2016\/09\/azyklisches-haekeln-jahreszeitentechnisch-gesehen\/","og_locale":"de_DE","og_type":"article","og_title":"Azyklisches H\u00e4keln - jahreszeitentechnisch gesehen - H\u00e4kelfieber","og_description":"Wow, ich\u00a0 habe voll Brain! Die \u00dcberschrift ist der Beweis. Man unterstellt ja h\u00e4ufig den Verfassern von komplizierten und unverst\u00e4ndlichen Geschreibseln, dass sie Gehirnwindungstechnisch besonders gut ausgestattet sein sollen. So. Jetzt bildet euch mal eine Meinung \u00fcber meine geistige Verfassung \ud83d\ude42 Kurz, knapp und verst\u00e4ndlich f\u00fcr alle: In beige und braun geht bei mir farbtechnisch &hellip; Azyklisches H\u00e4keln &#8211; jahreszeitentechnisch gesehen weiterlesen &rarr;","og_url":"https:\/\/www.haekelfieber.de\/wp-blog\/2016\/09\/azyklisches-haekeln-jahreszeitentechnisch-gesehen\/","og_site_name":"H\u00e4kelfieber","article_published_time":"2016-09-28T17:19:15+00:00","og_image":[{"url":"https:\/\/www.haekelfieber.de\/wp-blog\/wp-content\/uploads\/2016\/09\/schluesselanhaenger-haekeln-5-450x600.jpg","type":"","width":"","height":""}],"author":"Jutta","twitter_misc":{"Verfasst von":"Jutta","Gesch\u00e4tzte Lesezeit":"1\u00a0Minute"},"schema":{"@context":"https:\/\/schema.org","@graph":[{"@type":"Article","@id":"https:\/\/www.haekelfieber.de\/wp-blog\/2016\/09\/azyklisches-haekeln-jahreszeitentechnisch-gesehen\/#article","isPartOf":{"@id":"https:\/\/www.haekelfieber.de\/wp-blog\/2016\/09\/azyklisches-haekeln-jahreszeitentechnisch-gesehen\/"},"author":{"name":"Jutta","@id":"https:\/\/www.haekelfieber.de\/wp-blog\/#\/schema\/person\/08b81f8e0d3480519aadc66881dee8d7"},"headline":"Azyklisches H\u00e4keln &#8211; jahreszeitentechnisch gesehen","datePublished":"2016-09-28T17:19:15+00:00","mainEntityOfPage":{"@id":"https:\/\/www.haekelfieber.de\/wp-blog\/2016\/09\/azyklisches-haekeln-jahreszeitentechnisch-gesehen\/"},"wordCount":116,"commentCount":3,"publisher":{"@id":"https:\/\/www.haekelfieber.de\/wp-blog\/#organization"},"image":{"@id":"https:\/\/www.haekelfieber.de\/wp-blog\/2016\/09\/azyklisches-haekeln-jahreszeitentechnisch-gesehen\/#primaryimage"},"thumbnailUrl":"https:\/\/www.haekelfieber.de\/wp-blog\/wp-content\/uploads\/2016\/09\/schluesselanhaenger-haekeln-5-450x600.jpg","articleSection":["H\u00e4keln"],"inLanguage":"de","potentialAction":[{"@type":"CommentAction","name":"Comment","target":["https:\/\/www.haekelfieber.de\/wp-blog\/2016\/09\/azyklisches-haekeln-jahreszeitentechnisch-gesehen\/#respond"]}]},{"@type":"WebPage","@id":"https:\/\/www.haekelfieber.de\/wp-blog\/2016\/09\/azyklisches-haekeln-jahreszeitentechnisch-gesehen\/","url":"https:\/\/www.haekelfieber.de\/wp-blog\/2016\/09\/azyklisches-haekeln-jahreszeitentechnisch-gesehen\/","name":"Azyklisches H\u00e4keln - jahreszeitentechnisch gesehen - H\u00e4kelfieber","isPartOf":{"@id":"https:\/\/www.haekelfieber.de\/wp-blog\/#website"},"primaryImageOfPage":{"@id":"https:\/\/www.haekelfieber.de\/wp-blog\/2016\/09\/azyklisches-haekeln-jahreszeitentechnisch-gesehen\/#primaryimage"},"image":{"@id":"https:\/\/www.haekelfieber.de\/wp-blog\/2016\/09\/azyklisches-haekeln-jahreszeitentechnisch-gesehen\/#primaryimage"},"thumbnailUrl":"https:\/\/www.haekelfieber.de\/wp-blog\/wp-content\/uploads\/2016\/09\/schluesselanhaenger-haekeln-5-450x600.jpg","datePublished":"2016-09-28T17:19:15+00:00","breadcrumb":{"@id":"https:\/\/www.haekelfieber.de\/wp-blog\/2016\/09\/azyklisches-haekeln-jahreszeitentechnisch-gesehen\/#breadcrumb"},"inLanguage":"de","potentialAction":[{"@type":"ReadAction","target":["https:\/\/www.haekelfieber.de\/wp-blog\/2016\/09\/azyklisches-haekeln-jahreszeitentechnisch-gesehen\/"]}]},{"@type":"ImageObject","inLanguage":"de","@id":"https:\/\/www.haekelfieber.de\/wp-blog\/2016\/09\/azyklisches-haekeln-jahreszeitentechnisch-gesehen\/#primaryimage","url":"https:\/\/www.haekelfieber.de\/wp-blog\/wp-content\/uploads\/2016\/09\/schluesselanhaenger-haekeln-5.jpg","contentUrl":"https:\/\/www.haekelfieber.de\/wp-blog\/wp-content\/uploads\/2016\/09\/schluesselanhaenger-haekeln-5.jpg","width":600,"height":800},{"@type":"BreadcrumbList","@id":"https:\/\/www.haekelfieber.de\/wp-blog\/2016\/09\/azyklisches-haekeln-jahreszeitentechnisch-gesehen\/#breadcrumb","itemListElement":[{"@type":"ListItem","position":1,"name":"Home","item":"https:\/\/www.haekelfieber.de\/wp-blog\/"},{"@type":"ListItem","position":2,"name":"Azyklisches H\u00e4keln &#8211; jahreszeitentechnisch gesehen"}]},{"@type":"WebSite","@id":"https:\/\/www.haekelfieber.de\/wp-blog\/#website","url":"https:\/\/www.haekelfieber.de\/wp-blog\/","name":"H\u00e4kelfieber","description":"Ich bin im...","publisher":{"@id":"https:\/\/www.haekelfieber.de\/wp-blog\/#organization"},"potentialAction":[{"@type":"SearchAction","target":{"@type":"EntryPoint","urlTemplate":"https:\/\/www.haekelfieber.de\/wp-blog\/?s={search_term_string}"},"query-input":{"@type":"PropertyValueSpecification","valueRequired":true,"valueName":"search_term_string"}}],"inLanguage":"de"},{"@type":"Organization","@id":"https:\/\/www.haekelfieber.de\/wp-blog\/#organization","name":"H\u00e4kelfieber","url":"https:\/\/www.haekelfieber.de\/wp-blog\/","logo":{"@type":"ImageObject","inLanguage":"de","@id":"https:\/\/www.haekelfieber.de\/wp-blog\/#\/schema\/logo\/image\/","url":"https:\/\/www.haekelfieber.de\/wp-blog\/wp-content\/uploads\/2023\/03\/kissen-haekeln2.jpg","contentUrl":"https:\/\/www.haekelfieber.de\/wp-blog\/wp-content\/uploads\/2023\/03\/kissen-haekeln2.jpg","width":683,"height":1024,"caption":"H\u00e4kelfieber"},"image":{"@id":"https:\/\/www.haekelfieber.de\/wp-blog\/#\/schema\/logo\/image\/"}},{"@type":"Person","@id":"https:\/\/www.haekelfieber.de\/wp-blog\/#\/schema\/person\/08b81f8e0d3480519aadc66881dee8d7","name":"Jutta","image":{"@type":"ImageObject","inLanguage":"de","@id":"https:\/\/secure.gravatar.com\/avatar\/4fb96a09981d3eab52fd94765c38a5395ca69a563a8cd98c172ef85375636d9d?s=96&d=mm&r=g","url":"https:\/\/secure.gravatar.com\/avatar\/4fb96a09981d3eab52fd94765c38a5395ca69a563a8cd98c172ef85375636d9d?s=96&d=mm&r=g","contentUrl":"https:\/\/secure.gravatar.com\/avatar\/4fb96a09981d3eab52fd94765c38a5395ca69a563a8cd98c172ef85375636d9d?s=96&d=mm&r=g","caption":"Jutta"},"url":"https:\/\/www.haekelfieber.de\/wp-blog\/author\/admin\/"}]}},"_links":{"self":[{"href":"https:\/\/www.haekelfieber.de\/wp-blog\/wp-json\/wp\/v2\/posts\/5300","targetHints":{"allow":["GET"]}}],"collection":[{"href":"https:\/\/www.haekelfieber.de\/wp-blog\/wp-json\/wp\/v2\/posts"}],"about":[{"href":"https:\/\/www.haekelfieber.de\/wp-blog\/wp-json\/wp\/v2\/types\/post"}],"author":[{"embeddable":true,"href":"https:\/\/www.haekelfieber.de\/wp-blog\/wp-json\/wp\/v2\/users\/1"}],"replies":[{"embeddable":true,"href":"https:\/\/www.haekelfieber.de\/wp-blog\/wp-json\/wp\/v2\/comments?post=5300"}],"version-history":[{"count":2,"href":"https:\/\/www.haekelfieber.de\/wp-blog\/wp-json\/wp\/v2\/posts\/5300\/revisions"}],"predecessor-version":[{"id":5308,"href":"https:\/\/www.haekelfieber.de\/wp-blog\/wp-json\/wp\/v2\/posts\/5300\/revisions\/5308"}],"wp:attachment":[{"href":"https:\/\/www.haekelfieber.de\/wp-blog\/wp-json\/wp\/v2\/media?parent=5300"}],"wp:term":[{"taxonomy":"category","embeddable":true,"href":"https:\/\/www.haekelfieber.de\/wp-blog\/wp-json\/wp\/v2\/categories?post=5300"},{"taxonomy":"post_tag","embeddable":true,"href":"https:\/\/www.haekelfieber.de\/wp-blog\/wp-json\/wp\/v2\/tags?post=5300"}],"curies":[{"name":"wp","href":"https:\/\/api.w.org\/{rel}","templated":true}]}}