{"id":5535,"date":"2016-11-10T19:03:10","date_gmt":"2016-11-10T18:03:10","guid":{"rendered":"http:\/\/www.haekelfieber.de\/wp-blog\/?p=5535"},"modified":"2016-11-10T19:05:41","modified_gmt":"2016-11-10T18:05:41","slug":"die-zu-berge-stehenden-haare","status":"publish","type":"post","link":"https:\/\/www.haekelfieber.de\/wp-blog\/2016\/11\/die-zu-berge-stehenden-haare\/","title":{"rendered":"Die zu Berge stehenden Haare&#8230;"},"content":{"rendered":"<p><img loading=\"lazy\" decoding=\"async\" class=\"aligncenter size-large wp-image-5538\" src=\"https:\/\/www.haekelfieber.de\/wp-blog\/wp-content\/uploads\/2016\/11\/borte-ha\u0308keln-umha\u0308keln-2-450x600.jpg\" alt=\"borte-ha%cc%88keln-umha%cc%88keln-2\" width=\"450\" height=\"600\" srcset=\"https:\/\/www.haekelfieber.de\/wp-blog\/wp-content\/uploads\/2016\/11\/borte-ha\u0308keln-umha\u0308keln-2-450x600.jpg 450w, https:\/\/www.haekelfieber.de\/wp-blog\/wp-content\/uploads\/2016\/11\/borte-ha\u0308keln-umha\u0308keln-2-225x300.jpg 225w, https:\/\/www.haekelfieber.de\/wp-blog\/wp-content\/uploads\/2016\/11\/borte-ha\u0308keln-umha\u0308keln-2.jpg 600w\" sizes=\"auto, (max-width: 450px) 100vw, 450px\" \/><\/p>\n<p>&#8230;haben sich wieder etwas gelegt und ich verdaue den neuen US Pr\u00e4sidenten.<br \/>\nSchwere Kost, die lange im Magen liegt. &#8222;Shit happens&#8220; oder so.<br \/>\nUm gegen den grauen November und obiges &#8222;anstinken&#8220; zu k\u00f6nnen ist Farbe, viel Farbe mein probates Mittel:<\/p>\n<p><img loading=\"lazy\" decoding=\"async\" class=\"aligncenter size-large wp-image-5539\" src=\"https:\/\/www.haekelfieber.de\/wp-blog\/wp-content\/uploads\/2016\/11\/borte-ha\u0308keln-umha\u0308keln-3-450x600.jpg\" alt=\"borte-ha%cc%88keln-umha%cc%88keln-3\" width=\"450\" height=\"600\" srcset=\"https:\/\/www.haekelfieber.de\/wp-blog\/wp-content\/uploads\/2016\/11\/borte-ha\u0308keln-umha\u0308keln-3-450x600.jpg 450w, https:\/\/www.haekelfieber.de\/wp-blog\/wp-content\/uploads\/2016\/11\/borte-ha\u0308keln-umha\u0308keln-3-225x300.jpg 225w, https:\/\/www.haekelfieber.de\/wp-blog\/wp-content\/uploads\/2016\/11\/borte-ha\u0308keln-umha\u0308keln-3.jpg 600w\" sizes=\"auto, (max-width: 450px) 100vw, 450px\" \/><\/p>\n<p>Ein Tischset zu umh\u00e4keln hat auch zur Entspannung beigetragen.<\/p>\n<p><img loading=\"lazy\" decoding=\"async\" class=\"aligncenter size-large wp-image-5544\" src=\"https:\/\/www.haekelfieber.de\/wp-blog\/wp-content\/uploads\/2016\/11\/borte-ha\u0308keln-umha\u0308keln-4-450x600.jpg\" alt=\"borte-ha%cc%88keln-umha%cc%88keln-4\" width=\"450\" height=\"600\" srcset=\"https:\/\/www.haekelfieber.de\/wp-blog\/wp-content\/uploads\/2016\/11\/borte-ha\u0308keln-umha\u0308keln-4-450x600.jpg 450w, https:\/\/www.haekelfieber.de\/wp-blog\/wp-content\/uploads\/2016\/11\/borte-ha\u0308keln-umha\u0308keln-4-225x300.jpg 225w, https:\/\/www.haekelfieber.de\/wp-blog\/wp-content\/uploads\/2016\/11\/borte-ha\u0308keln-umha\u0308keln-4.jpg 600w\" sizes=\"auto, (max-width: 450px) 100vw, 450px\" \/><br \/>\n<img loading=\"lazy\" decoding=\"async\" class=\"aligncenter size-large wp-image-5542\" src=\"https:\/\/www.haekelfieber.de\/wp-blog\/wp-content\/uploads\/2016\/11\/borte-ha\u0308keln-umha\u0308keln-6-450x600.jpg\" alt=\"borte-ha%cc%88keln-umha%cc%88keln-6\" width=\"450\" height=\"600\" srcset=\"https:\/\/www.haekelfieber.de\/wp-blog\/wp-content\/uploads\/2016\/11\/borte-ha\u0308keln-umha\u0308keln-6-450x600.jpg 450w, https:\/\/www.haekelfieber.de\/wp-blog\/wp-content\/uploads\/2016\/11\/borte-ha\u0308keln-umha\u0308keln-6-225x300.jpg 225w, https:\/\/www.haekelfieber.de\/wp-blog\/wp-content\/uploads\/2016\/11\/borte-ha\u0308keln-umha\u0308keln-6.jpg 600w\" sizes=\"auto, (max-width: 450px) 100vw, 450px\" \/><br \/>\n<img loading=\"lazy\" decoding=\"async\" class=\"aligncenter size-large wp-image-5541\" src=\"https:\/\/www.haekelfieber.de\/wp-blog\/wp-content\/uploads\/2016\/11\/borte-ha\u0308keln-umha\u0308keln-5-450x600.jpg\" alt=\"borte-ha%cc%88keln-umha%cc%88keln-5\" width=\"450\" height=\"600\" srcset=\"https:\/\/www.haekelfieber.de\/wp-blog\/wp-content\/uploads\/2016\/11\/borte-ha\u0308keln-umha\u0308keln-5-450x600.jpg 450w, https:\/\/www.haekelfieber.de\/wp-blog\/wp-content\/uploads\/2016\/11\/borte-ha\u0308keln-umha\u0308keln-5-225x300.jpg 225w, https:\/\/www.haekelfieber.de\/wp-blog\/wp-content\/uploads\/2016\/11\/borte-ha\u0308keln-umha\u0308keln-5.jpg 600w\" sizes=\"auto, (max-width: 450px) 100vw, 450px\" \/><\/p>\n<p>Und &#8211; ich m\u00f6chte euch zwischendurch mal wieder Danke sagen f\u00fcr eure Besuche bei mir und die netten Kommentare. Fast eine halbe Million Besucher! Die Statistik zeigt mir, dass ich nicht in den luftleeren Raum blogge. Wenn ich mir im Netz mit meinem Blog ein bisschen einsam vorkomme, manchmal \ud83d\ude09 , dann werf ich einen Blick auf die Zahlen.<br \/>\nZahlen gucken kann auch aufbauend und motivierend sein. H\u00e4tte ich vor meinem Bloggerleben nicht gedacht \ud83d\ude09<\/p>\n<p><img loading=\"lazy\" decoding=\"async\" class=\"aligncenter size-large wp-image-5543\" src=\"https:\/\/www.haekelfieber.de\/wp-blog\/wp-content\/uploads\/2016\/11\/borte-ha\u0308keln-umha\u0308keln-7-450x600.jpg\" alt=\"borte-ha%cc%88keln-umha%cc%88keln-7\" width=\"450\" height=\"600\" srcset=\"https:\/\/www.haekelfieber.de\/wp-blog\/wp-content\/uploads\/2016\/11\/borte-ha\u0308keln-umha\u0308keln-7-450x600.jpg 450w, https:\/\/www.haekelfieber.de\/wp-blog\/wp-content\/uploads\/2016\/11\/borte-ha\u0308keln-umha\u0308keln-7-225x300.jpg 225w, https:\/\/www.haekelfieber.de\/wp-blog\/wp-content\/uploads\/2016\/11\/borte-ha\u0308keln-umha\u0308keln-7.jpg 600w\" sizes=\"auto, (max-width: 450px) 100vw, 450px\" \/><\/p>\n<p>Eine meiner Wolllogistikstationen \ud83d\ude42<\/p>\n","protected":false},"excerpt":{"rendered":"<p>&#8230;haben sich wieder etwas gelegt und ich verdaue den neuen US Pr\u00e4sidenten. Schwere Kost, die lange im Magen liegt. &#8222;Shit happens&#8220; oder so. Um gegen den grauen November und obiges &#8222;anstinken&#8220; zu k\u00f6nnen ist Farbe, viel Farbe mein probates Mittel: Ein Tischset zu umh\u00e4keln hat auch zur Entspannung beigetragen. Und &#8211; ich m\u00f6chte euch zwischendurch &hellip; <a href=\"https:\/\/www.haekelfieber.de\/wp-blog\/2016\/11\/die-zu-berge-stehenden-haare\/\" class=\"more-link\"><span class=\"screen-reader-text\">Die zu Berge stehenden Haare&#8230;<\/span> weiterlesen <span class=\"meta-nav\">&rarr;<\/span><\/a><\/p>\n","protected":false},"author":1,"featured_media":0,"comment_status":"open","ping_status":"open","sticky":false,"template":"","format":"standard","meta":{"footnotes":""},"categories":[5,1],"tags":[],"class_list":["post-5535","post","type-post","status-publish","format-standard","hentry","category-haekeln","category-manch-anderes"],"yoast_head":"<!-- This site is optimized with the Yoast SEO plugin v27.4 - https:\/\/yoast.com\/product\/yoast-seo-wordpress\/ -->\n<title>Die zu Berge stehenden Haare... - H\u00e4kelfieber<\/title>\n<meta name=\"robots\" content=\"index, follow, max-snippet:-1, max-image-preview:large, max-video-preview:-1\" \/>\n<link rel=\"canonical\" href=\"https:\/\/www.haekelfieber.de\/wp-blog\/2016\/11\/die-zu-berge-stehenden-haare\/\" \/>\n<meta property=\"og:locale\" content=\"de_DE\" \/>\n<meta property=\"og:type\" content=\"article\" \/>\n<meta property=\"og:title\" content=\"Die zu Berge stehenden Haare... - H\u00e4kelfieber\" \/>\n<meta property=\"og:description\" content=\"&#8230;haben sich wieder etwas gelegt und ich verdaue den neuen US Pr\u00e4sidenten. Schwere Kost, die lange im Magen liegt. &#8222;Shit happens&#8220; oder so. Um gegen den grauen November und obiges &#8222;anstinken&#8220; zu k\u00f6nnen ist Farbe, viel Farbe mein probates Mittel: Ein Tischset zu umh\u00e4keln hat auch zur Entspannung beigetragen. Und &#8211; ich m\u00f6chte euch zwischendurch &hellip; Die zu Berge stehenden Haare&#8230; weiterlesen &rarr;\" \/>\n<meta property=\"og:url\" content=\"https:\/\/www.haekelfieber.de\/wp-blog\/2016\/11\/die-zu-berge-stehenden-haare\/\" \/>\n<meta property=\"og:site_name\" content=\"H\u00e4kelfieber\" \/>\n<meta property=\"article:published_time\" content=\"2016-11-10T18:03:10+00:00\" \/>\n<meta property=\"article:modified_time\" content=\"2016-11-10T18:05:41+00:00\" \/>\n<meta property=\"og:image\" content=\"https:\/\/www.haekelfieber.de\/wp-blog\/wp-content\/uploads\/2016\/11\/borte-ha\u0308keln-umha\u0308keln-2-450x600.jpg\" \/>\n<meta name=\"author\" content=\"Jutta\" \/>\n<meta name=\"twitter:label1\" content=\"Verfasst von\" \/>\n\t<meta name=\"twitter:data1\" content=\"Jutta\" \/>\n\t<meta name=\"twitter:label2\" content=\"Gesch\u00e4tzte Lesezeit\" \/>\n\t<meta name=\"twitter:data2\" content=\"1\u00a0Minute\" \/>\n<script type=\"application\/ld+json\" class=\"yoast-schema-graph\">{\"@context\":\"https:\\\/\\\/schema.org\",\"@graph\":[{\"@type\":\"Article\",\"@id\":\"https:\\\/\\\/www.haekelfieber.de\\\/wp-blog\\\/2016\\\/11\\\/die-zu-berge-stehenden-haare\\\/#article\",\"isPartOf\":{\"@id\":\"https:\\\/\\\/www.haekelfieber.de\\\/wp-blog\\\/2016\\\/11\\\/die-zu-berge-stehenden-haare\\\/\"},\"author\":{\"name\":\"Jutta\",\"@id\":\"https:\\\/\\\/www.haekelfieber.de\\\/wp-blog\\\/#\\\/schema\\\/person\\\/08b81f8e0d3480519aadc66881dee8d7\"},\"headline\":\"Die zu Berge stehenden Haare&#8230;\",\"datePublished\":\"2016-11-10T18:03:10+00:00\",\"dateModified\":\"2016-11-10T18:05:41+00:00\",\"mainEntityOfPage\":{\"@id\":\"https:\\\/\\\/www.haekelfieber.de\\\/wp-blog\\\/2016\\\/11\\\/die-zu-berge-stehenden-haare\\\/\"},\"wordCount\":135,\"commentCount\":4,\"publisher\":{\"@id\":\"https:\\\/\\\/www.haekelfieber.de\\\/wp-blog\\\/#organization\"},\"articleSection\":[\"H\u00e4keln\",\"Manch anderes\"],\"inLanguage\":\"de\",\"potentialAction\":[{\"@type\":\"CommentAction\",\"name\":\"Comment\",\"target\":[\"https:\\\/\\\/www.haekelfieber.de\\\/wp-blog\\\/2016\\\/11\\\/die-zu-berge-stehenden-haare\\\/#respond\"]}]},{\"@type\":\"WebPage\",\"@id\":\"https:\\\/\\\/www.haekelfieber.de\\\/wp-blog\\\/2016\\\/11\\\/die-zu-berge-stehenden-haare\\\/\",\"url\":\"https:\\\/\\\/www.haekelfieber.de\\\/wp-blog\\\/2016\\\/11\\\/die-zu-berge-stehenden-haare\\\/\",\"name\":\"Die zu Berge stehenden Haare... - H\u00e4kelfieber\",\"isPartOf\":{\"@id\":\"https:\\\/\\\/www.haekelfieber.de\\\/wp-blog\\\/#website\"},\"datePublished\":\"2016-11-10T18:03:10+00:00\",\"dateModified\":\"2016-11-10T18:05:41+00:00\",\"breadcrumb\":{\"@id\":\"https:\\\/\\\/www.haekelfieber.de\\\/wp-blog\\\/2016\\\/11\\\/die-zu-berge-stehenden-haare\\\/#breadcrumb\"},\"inLanguage\":\"de\",\"potentialAction\":[{\"@type\":\"ReadAction\",\"target\":[\"https:\\\/\\\/www.haekelfieber.de\\\/wp-blog\\\/2016\\\/11\\\/die-zu-berge-stehenden-haare\\\/\"]}]},{\"@type\":\"BreadcrumbList\",\"@id\":\"https:\\\/\\\/www.haekelfieber.de\\\/wp-blog\\\/2016\\\/11\\\/die-zu-berge-stehenden-haare\\\/#breadcrumb\",\"itemListElement\":[{\"@type\":\"ListItem\",\"position\":1,\"name\":\"Home\",\"item\":\"https:\\\/\\\/www.haekelfieber.de\\\/wp-blog\\\/\"},{\"@type\":\"ListItem\",\"position\":2,\"name\":\"Die zu Berge stehenden Haare&#8230;\"}]},{\"@type\":\"WebSite\",\"@id\":\"https:\\\/\\\/www.haekelfieber.de\\\/wp-blog\\\/#website\",\"url\":\"https:\\\/\\\/www.haekelfieber.de\\\/wp-blog\\\/\",\"name\":\"H\u00e4kelfieber\",\"description\":\"Ich bin im...\",\"publisher\":{\"@id\":\"https:\\\/\\\/www.haekelfieber.de\\\/wp-blog\\\/#organization\"},\"potentialAction\":[{\"@type\":\"SearchAction\",\"target\":{\"@type\":\"EntryPoint\",\"urlTemplate\":\"https:\\\/\\\/www.haekelfieber.de\\\/wp-blog\\\/?s={search_term_string}\"},\"query-input\":{\"@type\":\"PropertyValueSpecification\",\"valueRequired\":true,\"valueName\":\"search_term_string\"}}],\"inLanguage\":\"de\"},{\"@type\":\"Organization\",\"@id\":\"https:\\\/\\\/www.haekelfieber.de\\\/wp-blog\\\/#organization\",\"name\":\"H\u00e4kelfieber\",\"url\":\"https:\\\/\\\/www.haekelfieber.de\\\/wp-blog\\\/\",\"logo\":{\"@type\":\"ImageObject\",\"inLanguage\":\"de\",\"@id\":\"https:\\\/\\\/www.haekelfieber.de\\\/wp-blog\\\/#\\\/schema\\\/logo\\\/image\\\/\",\"url\":\"https:\\\/\\\/www.haekelfieber.de\\\/wp-blog\\\/wp-content\\\/uploads\\\/2023\\\/03\\\/kissen-haekeln2.jpg\",\"contentUrl\":\"https:\\\/\\\/www.haekelfieber.de\\\/wp-blog\\\/wp-content\\\/uploads\\\/2023\\\/03\\\/kissen-haekeln2.jpg\",\"width\":683,\"height\":1024,\"caption\":\"H\u00e4kelfieber\"},\"image\":{\"@id\":\"https:\\\/\\\/www.haekelfieber.de\\\/wp-blog\\\/#\\\/schema\\\/logo\\\/image\\\/\"}},{\"@type\":\"Person\",\"@id\":\"https:\\\/\\\/www.haekelfieber.de\\\/wp-blog\\\/#\\\/schema\\\/person\\\/08b81f8e0d3480519aadc66881dee8d7\",\"name\":\"Jutta\",\"image\":{\"@type\":\"ImageObject\",\"inLanguage\":\"de\",\"@id\":\"https:\\\/\\\/secure.gravatar.com\\\/avatar\\\/4fb96a09981d3eab52fd94765c38a5395ca69a563a8cd98c172ef85375636d9d?s=96&d=mm&r=g\",\"url\":\"https:\\\/\\\/secure.gravatar.com\\\/avatar\\\/4fb96a09981d3eab52fd94765c38a5395ca69a563a8cd98c172ef85375636d9d?s=96&d=mm&r=g\",\"contentUrl\":\"https:\\\/\\\/secure.gravatar.com\\\/avatar\\\/4fb96a09981d3eab52fd94765c38a5395ca69a563a8cd98c172ef85375636d9d?s=96&d=mm&r=g\",\"caption\":\"Jutta\"},\"url\":\"https:\\\/\\\/www.haekelfieber.de\\\/wp-blog\\\/author\\\/admin\\\/\"}]}<\/script>\n<!-- \/ Yoast SEO plugin. -->","yoast_head_json":{"title":"Die zu Berge stehenden Haare... - H\u00e4kelfieber","robots":{"index":"index","follow":"follow","max-snippet":"max-snippet:-1","max-image-preview":"max-image-preview:large","max-video-preview":"max-video-preview:-1"},"canonical":"https:\/\/www.haekelfieber.de\/wp-blog\/2016\/11\/die-zu-berge-stehenden-haare\/","og_locale":"de_DE","og_type":"article","og_title":"Die zu Berge stehenden Haare... - H\u00e4kelfieber","og_description":"&#8230;haben sich wieder etwas gelegt und ich verdaue den neuen US Pr\u00e4sidenten. Schwere Kost, die lange im Magen liegt. &#8222;Shit happens&#8220; oder so. Um gegen den grauen November und obiges &#8222;anstinken&#8220; zu k\u00f6nnen ist Farbe, viel Farbe mein probates Mittel: Ein Tischset zu umh\u00e4keln hat auch zur Entspannung beigetragen. Und &#8211; ich m\u00f6chte euch zwischendurch &hellip; Die zu Berge stehenden Haare&#8230; weiterlesen &rarr;","og_url":"https:\/\/www.haekelfieber.de\/wp-blog\/2016\/11\/die-zu-berge-stehenden-haare\/","og_site_name":"H\u00e4kelfieber","article_published_time":"2016-11-10T18:03:10+00:00","article_modified_time":"2016-11-10T18:05:41+00:00","og_image":[{"url":"https:\/\/www.haekelfieber.de\/wp-blog\/wp-content\/uploads\/2016\/11\/borte-ha\u0308keln-umha\u0308keln-2-450x600.jpg","type":"","width":"","height":""}],"author":"Jutta","twitter_misc":{"Verfasst von":"Jutta","Gesch\u00e4tzte Lesezeit":"1\u00a0Minute"},"schema":{"@context":"https:\/\/schema.org","@graph":[{"@type":"Article","@id":"https:\/\/www.haekelfieber.de\/wp-blog\/2016\/11\/die-zu-berge-stehenden-haare\/#article","isPartOf":{"@id":"https:\/\/www.haekelfieber.de\/wp-blog\/2016\/11\/die-zu-berge-stehenden-haare\/"},"author":{"name":"Jutta","@id":"https:\/\/www.haekelfieber.de\/wp-blog\/#\/schema\/person\/08b81f8e0d3480519aadc66881dee8d7"},"headline":"Die zu Berge stehenden Haare&#8230;","datePublished":"2016-11-10T18:03:10+00:00","dateModified":"2016-11-10T18:05:41+00:00","mainEntityOfPage":{"@id":"https:\/\/www.haekelfieber.de\/wp-blog\/2016\/11\/die-zu-berge-stehenden-haare\/"},"wordCount":135,"commentCount":4,"publisher":{"@id":"https:\/\/www.haekelfieber.de\/wp-blog\/#organization"},"articleSection":["H\u00e4keln","Manch anderes"],"inLanguage":"de","potentialAction":[{"@type":"CommentAction","name":"Comment","target":["https:\/\/www.haekelfieber.de\/wp-blog\/2016\/11\/die-zu-berge-stehenden-haare\/#respond"]}]},{"@type":"WebPage","@id":"https:\/\/www.haekelfieber.de\/wp-blog\/2016\/11\/die-zu-berge-stehenden-haare\/","url":"https:\/\/www.haekelfieber.de\/wp-blog\/2016\/11\/die-zu-berge-stehenden-haare\/","name":"Die zu Berge stehenden Haare... - H\u00e4kelfieber","isPartOf":{"@id":"https:\/\/www.haekelfieber.de\/wp-blog\/#website"},"datePublished":"2016-11-10T18:03:10+00:00","dateModified":"2016-11-10T18:05:41+00:00","breadcrumb":{"@id":"https:\/\/www.haekelfieber.de\/wp-blog\/2016\/11\/die-zu-berge-stehenden-haare\/#breadcrumb"},"inLanguage":"de","potentialAction":[{"@type":"ReadAction","target":["https:\/\/www.haekelfieber.de\/wp-blog\/2016\/11\/die-zu-berge-stehenden-haare\/"]}]},{"@type":"BreadcrumbList","@id":"https:\/\/www.haekelfieber.de\/wp-blog\/2016\/11\/die-zu-berge-stehenden-haare\/#breadcrumb","itemListElement":[{"@type":"ListItem","position":1,"name":"Home","item":"https:\/\/www.haekelfieber.de\/wp-blog\/"},{"@type":"ListItem","position":2,"name":"Die zu Berge stehenden Haare&#8230;"}]},{"@type":"WebSite","@id":"https:\/\/www.haekelfieber.de\/wp-blog\/#website","url":"https:\/\/www.haekelfieber.de\/wp-blog\/","name":"H\u00e4kelfieber","description":"Ich bin im...","publisher":{"@id":"https:\/\/www.haekelfieber.de\/wp-blog\/#organization"},"potentialAction":[{"@type":"SearchAction","target":{"@type":"EntryPoint","urlTemplate":"https:\/\/www.haekelfieber.de\/wp-blog\/?s={search_term_string}"},"query-input":{"@type":"PropertyValueSpecification","valueRequired":true,"valueName":"search_term_string"}}],"inLanguage":"de"},{"@type":"Organization","@id":"https:\/\/www.haekelfieber.de\/wp-blog\/#organization","name":"H\u00e4kelfieber","url":"https:\/\/www.haekelfieber.de\/wp-blog\/","logo":{"@type":"ImageObject","inLanguage":"de","@id":"https:\/\/www.haekelfieber.de\/wp-blog\/#\/schema\/logo\/image\/","url":"https:\/\/www.haekelfieber.de\/wp-blog\/wp-content\/uploads\/2023\/03\/kissen-haekeln2.jpg","contentUrl":"https:\/\/www.haekelfieber.de\/wp-blog\/wp-content\/uploads\/2023\/03\/kissen-haekeln2.jpg","width":683,"height":1024,"caption":"H\u00e4kelfieber"},"image":{"@id":"https:\/\/www.haekelfieber.de\/wp-blog\/#\/schema\/logo\/image\/"}},{"@type":"Person","@id":"https:\/\/www.haekelfieber.de\/wp-blog\/#\/schema\/person\/08b81f8e0d3480519aadc66881dee8d7","name":"Jutta","image":{"@type":"ImageObject","inLanguage":"de","@id":"https:\/\/secure.gravatar.com\/avatar\/4fb96a09981d3eab52fd94765c38a5395ca69a563a8cd98c172ef85375636d9d?s=96&d=mm&r=g","url":"https:\/\/secure.gravatar.com\/avatar\/4fb96a09981d3eab52fd94765c38a5395ca69a563a8cd98c172ef85375636d9d?s=96&d=mm&r=g","contentUrl":"https:\/\/secure.gravatar.com\/avatar\/4fb96a09981d3eab52fd94765c38a5395ca69a563a8cd98c172ef85375636d9d?s=96&d=mm&r=g","caption":"Jutta"},"url":"https:\/\/www.haekelfieber.de\/wp-blog\/author\/admin\/"}]}},"_links":{"self":[{"href":"https:\/\/www.haekelfieber.de\/wp-blog\/wp-json\/wp\/v2\/posts\/5535","targetHints":{"allow":["GET"]}}],"collection":[{"href":"https:\/\/www.haekelfieber.de\/wp-blog\/wp-json\/wp\/v2\/posts"}],"about":[{"href":"https:\/\/www.haekelfieber.de\/wp-blog\/wp-json\/wp\/v2\/types\/post"}],"author":[{"embeddable":true,"href":"https:\/\/www.haekelfieber.de\/wp-blog\/wp-json\/wp\/v2\/users\/1"}],"replies":[{"embeddable":true,"href":"https:\/\/www.haekelfieber.de\/wp-blog\/wp-json\/wp\/v2\/comments?post=5535"}],"version-history":[{"count":2,"href":"https:\/\/www.haekelfieber.de\/wp-blog\/wp-json\/wp\/v2\/posts\/5535\/revisions"}],"predecessor-version":[{"id":5545,"href":"https:\/\/www.haekelfieber.de\/wp-blog\/wp-json\/wp\/v2\/posts\/5535\/revisions\/5545"}],"wp:attachment":[{"href":"https:\/\/www.haekelfieber.de\/wp-blog\/wp-json\/wp\/v2\/media?parent=5535"}],"wp:term":[{"taxonomy":"category","embeddable":true,"href":"https:\/\/www.haekelfieber.de\/wp-blog\/wp-json\/wp\/v2\/categories?post=5535"},{"taxonomy":"post_tag","embeddable":true,"href":"https:\/\/www.haekelfieber.de\/wp-blog\/wp-json\/wp\/v2\/tags?post=5535"}],"curies":[{"name":"wp","href":"https:\/\/api.w.org\/{rel}","templated":true}]}}