{"id":559,"date":"2014-07-13T19:37:29","date_gmt":"2014-07-13T17:37:29","guid":{"rendered":"http:\/\/www.haekelfieber.de\/wp-blog\/?p=559"},"modified":"2014-07-13T19:40:32","modified_gmt":"2014-07-13T17:40:32","slug":"eine-genaehaekelte-tasche","status":"publish","type":"post","link":"https:\/\/www.haekelfieber.de\/wp-blog\/2014\/07\/eine-genaehaekelte-tasche\/","title":{"rendered":"Eine &#8222;gen\u00e4h\u00e4kelte&#8220; :) Tasche"},"content":{"rendered":"<p><a href=\"https:\/\/www.haekelfieber.de\/wp-blog\/wp-content\/uploads\/2014\/07\/Stofftasche-beh\u00e4kelt-1.jpg\"><img loading=\"lazy\" decoding=\"async\" class=\"aligncenter wp-image-553\" src=\"https:\/\/www.haekelfieber.de\/wp-blog\/wp-content\/uploads\/2014\/07\/Stofftasche-beh\u00e4kelt-1-768x1024.jpg\" alt=\"Stofftasche beh\u00e4kelt (1)\" width=\"450\" height=\"600\" srcset=\"https:\/\/www.haekelfieber.de\/wp-blog\/wp-content\/uploads\/2014\/07\/Stofftasche-beh\u00e4kelt-1-768x1024.jpg 768w, https:\/\/www.haekelfieber.de\/wp-blog\/wp-content\/uploads\/2014\/07\/Stofftasche-beh\u00e4kelt-1-225x300.jpg 225w, https:\/\/www.haekelfieber.de\/wp-blog\/wp-content\/uploads\/2014\/07\/Stofftasche-beh\u00e4kelt-1.jpg 1200w\" sizes=\"auto, (max-width: 450px) 100vw, 450px\" \/><\/a><br \/>\nVom Kissenn\u00e4hen von gestern ist noch Blumenstoff \u00fcbrig geblieben und in meinem &#8222;Da-kann-man-noch-was-draus-machen-Fach&#8220; im Schrank, bin ich auch f\u00fcndig geworden.<\/p>\n<p><a href=\"https:\/\/www.haekelfieber.de\/wp-blog\/wp-content\/uploads\/2014\/07\/H\u00e4kelstern-2.jpg\"><img loading=\"lazy\" decoding=\"async\" class=\"aligncenter wp-image-556\" src=\"https:\/\/www.haekelfieber.de\/wp-blog\/wp-content\/uploads\/2014\/07\/H\u00e4kelstern-2-768x1024.jpg\" alt=\"H\u00e4kelstern (2)\" width=\"450\" height=\"600\" srcset=\"https:\/\/www.haekelfieber.de\/wp-blog\/wp-content\/uploads\/2014\/07\/H\u00e4kelstern-2-768x1024.jpg 768w, https:\/\/www.haekelfieber.de\/wp-blog\/wp-content\/uploads\/2014\/07\/H\u00e4kelstern-2-225x300.jpg 225w, https:\/\/www.haekelfieber.de\/wp-blog\/wp-content\/uploads\/2014\/07\/H\u00e4kelstern-2.jpg 1200w\" sizes=\"auto, (max-width: 450px) 100vw, 450px\" \/><br \/>\n<\/a> <a href=\"https:\/\/www.haekelfieber.de\/wp-blog\/wp-content\/uploads\/2014\/07\/H\u00e4kelstern-1.jpg\"><img loading=\"lazy\" decoding=\"async\" class=\"aligncenter wp-image-555\" src=\"https:\/\/www.haekelfieber.de\/wp-blog\/wp-content\/uploads\/2014\/07\/H\u00e4kelstern-1-768x1024.jpg\" alt=\"H\u00e4kelstern (1)\" width=\"450\" height=\"600\" srcset=\"https:\/\/www.haekelfieber.de\/wp-blog\/wp-content\/uploads\/2014\/07\/H\u00e4kelstern-1-768x1024.jpg 768w, https:\/\/www.haekelfieber.de\/wp-blog\/wp-content\/uploads\/2014\/07\/H\u00e4kelstern-1-225x300.jpg 225w, https:\/\/www.haekelfieber.de\/wp-blog\/wp-content\/uploads\/2014\/07\/H\u00e4kelstern-1.jpg 1200w\" sizes=\"auto, (max-width: 450px) 100vw, 450px\" \/><\/a><br \/>\nDieses sch\u00f6ne, \u00e4h, wie soll ich dazu sagen, H\u00e4kelornament?, H\u00e4kelbl\u00fcte?<br \/>\nIn der Anleitung (von Elizza: Nadelspiel.com), nach der ich sie geh\u00e4kelt habe, wird sie als Stern bezeichnet.<br \/>\nDie Anleitung dazu findet ihr <a href=\"https:\/\/www.youtube.com\/watch?v=Ipyg6NFWBl4\" target=\"_blank\">hier<\/a>.<\/p>\n<p><a href=\"https:\/\/www.haekelfieber.de\/wp-blog\/wp-content\/uploads\/2014\/07\/2014-07-13-11.27.26.jpg\"><img loading=\"lazy\" decoding=\"async\" class=\"aligncenter wp-image-558\" src=\"https:\/\/www.haekelfieber.de\/wp-blog\/wp-content\/uploads\/2014\/07\/2014-07-13-11.27.26-768x1024.jpg\" alt=\"2014-07-13 11.27.26\" width=\"450\" height=\"600\" srcset=\"https:\/\/www.haekelfieber.de\/wp-blog\/wp-content\/uploads\/2014\/07\/2014-07-13-11.27.26-768x1024.jpg 768w, https:\/\/www.haekelfieber.de\/wp-blog\/wp-content\/uploads\/2014\/07\/2014-07-13-11.27.26-225x300.jpg 225w, https:\/\/www.haekelfieber.de\/wp-blog\/wp-content\/uploads\/2014\/07\/2014-07-13-11.27.26.jpg 1200w\" sizes=\"auto, (max-width: 450px) 100vw, 450px\" \/><\/a><br \/>\n<a href=\"https:\/\/www.haekelfieber.de\/wp-blog\/wp-content\/uploads\/2014\/07\/2014-07-13-11.27.56.jpg\"><img loading=\"lazy\" decoding=\"async\" class=\"aligncenter wp-image-557\" src=\"https:\/\/www.haekelfieber.de\/wp-blog\/wp-content\/uploads\/2014\/07\/2014-07-13-11.27.56-768x1024.jpg\" alt=\"2014-07-13 11.27.56\" width=\"450\" height=\"600\" srcset=\"https:\/\/www.haekelfieber.de\/wp-blog\/wp-content\/uploads\/2014\/07\/2014-07-13-11.27.56-768x1024.jpg 768w, https:\/\/www.haekelfieber.de\/wp-blog\/wp-content\/uploads\/2014\/07\/2014-07-13-11.27.56-225x300.jpg 225w, https:\/\/www.haekelfieber.de\/wp-blog\/wp-content\/uploads\/2014\/07\/2014-07-13-11.27.56.jpg 1200w\" sizes=\"auto, (max-width: 450px) 100vw, 450px\" \/><br \/>\n<\/a> <a href=\"https:\/\/www.haekelfieber.de\/wp-blog\/wp-content\/uploads\/2014\/07\/2014-07-13-11.31.35.jpg\"><img loading=\"lazy\" decoding=\"async\" class=\"aligncenter wp-image-554\" src=\"https:\/\/www.haekelfieber.de\/wp-blog\/wp-content\/uploads\/2014\/07\/2014-07-13-11.31.35-768x1024.jpg\" alt=\"2014-07-13 11.31.35\" width=\"450\" height=\"600\" srcset=\"https:\/\/www.haekelfieber.de\/wp-blog\/wp-content\/uploads\/2014\/07\/2014-07-13-11.31.35-768x1024.jpg 768w, https:\/\/www.haekelfieber.de\/wp-blog\/wp-content\/uploads\/2014\/07\/2014-07-13-11.31.35-225x300.jpg 225w, https:\/\/www.haekelfieber.de\/wp-blog\/wp-content\/uploads\/2014\/07\/2014-07-13-11.31.35.jpg 1200w\" sizes=\"auto, (max-width: 450px) 100vw, 450px\" \/><\/a><br \/>\nIn dieser netten kleinen Dose waren mal <em>so<\/em> Lutschpastillen drin &#8211; <em>bayerische Grammatik<\/em> \ud83d\ude09 Jetzt benutze ich sie als Stecknadeldose.<\/p>\n<p><a href=\"https:\/\/www.haekelfieber.de\/wp-blog\/wp-content\/uploads\/2014\/07\/Stofftasche-beh\u00e4kelt-2.jpg\"><img loading=\"lazy\" decoding=\"async\" class=\"aligncenter wp-image-551\" src=\"https:\/\/www.haekelfieber.de\/wp-blog\/wp-content\/uploads\/2014\/07\/Stofftasche-beh\u00e4kelt-2-768x1024.jpg\" alt=\"Stofftasche beh\u00e4kelt (2)\" width=\"450\" height=\"600\" srcset=\"https:\/\/www.haekelfieber.de\/wp-blog\/wp-content\/uploads\/2014\/07\/Stofftasche-beh\u00e4kelt-2-768x1024.jpg 768w, https:\/\/www.haekelfieber.de\/wp-blog\/wp-content\/uploads\/2014\/07\/Stofftasche-beh\u00e4kelt-2-225x300.jpg 225w, https:\/\/www.haekelfieber.de\/wp-blog\/wp-content\/uploads\/2014\/07\/Stofftasche-beh\u00e4kelt-2.jpg 1200w\" sizes=\"auto, (max-width: 450px) 100vw, 450px\" \/><\/a><br \/>\nDiese Drei habe ich schon alle in meinem Blog beschrieben. Sind sie nicht s\u00fc\u00df?! \ud83d\ude42<\/p>\n","protected":false},"excerpt":{"rendered":"<p>Vom Kissenn\u00e4hen von gestern ist noch Blumenstoff \u00fcbrig geblieben und in meinem &#8222;Da-kann-man-noch-was-draus-machen-Fach&#8220; im Schrank, bin ich auch f\u00fcndig geworden. Dieses sch\u00f6ne, \u00e4h, wie soll ich dazu sagen, H\u00e4kelornament?, H\u00e4kelbl\u00fcte? In der Anleitung (von Elizza: Nadelspiel.com), nach der ich sie geh\u00e4kelt habe, wird sie als Stern bezeichnet. Die Anleitung dazu findet ihr hier. In dieser &hellip; <a href=\"https:\/\/www.haekelfieber.de\/wp-blog\/2014\/07\/eine-genaehaekelte-tasche\/\" class=\"more-link\"><span class=\"screen-reader-text\">Eine &#8222;gen\u00e4h\u00e4kelte&#8220; \ud83d\ude42 Tasche<\/span> weiterlesen <span class=\"meta-nav\">&rarr;<\/span><\/a><\/p>\n","protected":false},"author":1,"featured_media":0,"comment_status":"open","ping_status":"open","sticky":false,"template":"","format":"standard","meta":{"footnotes":""},"categories":[5,6],"tags":[],"class_list":["post-559","post","type-post","status-publish","format-standard","hentry","category-haekeln","category-naehen"],"yoast_head":"<!-- This site is optimized with the Yoast SEO plugin v27.4 - https:\/\/yoast.com\/product\/yoast-seo-wordpress\/ -->\n<title>Eine &quot;gen\u00e4h\u00e4kelte&quot; :) Tasche - H\u00e4kelfieber<\/title>\n<meta name=\"robots\" content=\"index, follow, max-snippet:-1, max-image-preview:large, max-video-preview:-1\" \/>\n<link rel=\"canonical\" href=\"https:\/\/www.haekelfieber.de\/wp-blog\/2014\/07\/eine-genaehaekelte-tasche\/\" \/>\n<meta property=\"og:locale\" content=\"de_DE\" \/>\n<meta property=\"og:type\" content=\"article\" \/>\n<meta property=\"og:title\" content=\"Eine &quot;gen\u00e4h\u00e4kelte&quot; :) Tasche - H\u00e4kelfieber\" \/>\n<meta property=\"og:description\" content=\"Vom Kissenn\u00e4hen von gestern ist noch Blumenstoff \u00fcbrig geblieben und in meinem &#8222;Da-kann-man-noch-was-draus-machen-Fach&#8220; im Schrank, bin ich auch f\u00fcndig geworden. Dieses sch\u00f6ne, \u00e4h, wie soll ich dazu sagen, H\u00e4kelornament?, H\u00e4kelbl\u00fcte? In der Anleitung (von Elizza: Nadelspiel.com), nach der ich sie geh\u00e4kelt habe, wird sie als Stern bezeichnet. Die Anleitung dazu findet ihr hier. In dieser &hellip; Eine &#8222;gen\u00e4h\u00e4kelte&#8220; :) Tasche weiterlesen &rarr;\" \/>\n<meta property=\"og:url\" content=\"https:\/\/www.haekelfieber.de\/wp-blog\/2014\/07\/eine-genaehaekelte-tasche\/\" \/>\n<meta property=\"og:site_name\" content=\"H\u00e4kelfieber\" \/>\n<meta property=\"article:published_time\" content=\"2014-07-13T17:37:29+00:00\" \/>\n<meta property=\"article:modified_time\" content=\"2014-07-13T17:40:32+00:00\" \/>\n<meta property=\"og:image\" content=\"https:\/\/www.haekelfieber.de\/wp-blog\/wp-content\/uploads\/2014\/07\/Stofftasche-beh\u00e4kelt-1-768x1024.jpg\" \/>\n<meta name=\"author\" content=\"Jutta\" \/>\n<meta name=\"twitter:label1\" content=\"Verfasst von\" \/>\n\t<meta name=\"twitter:data1\" content=\"Jutta\" \/>\n<script type=\"application\/ld+json\" class=\"yoast-schema-graph\">{\"@context\":\"https:\\\/\\\/schema.org\",\"@graph\":[{\"@type\":\"Article\",\"@id\":\"https:\\\/\\\/www.haekelfieber.de\\\/wp-blog\\\/2014\\\/07\\\/eine-genaehaekelte-tasche\\\/#article\",\"isPartOf\":{\"@id\":\"https:\\\/\\\/www.haekelfieber.de\\\/wp-blog\\\/2014\\\/07\\\/eine-genaehaekelte-tasche\\\/\"},\"author\":{\"name\":\"Jutta\",\"@id\":\"https:\\\/\\\/www.haekelfieber.de\\\/wp-blog\\\/#\\\/schema\\\/person\\\/08b81f8e0d3480519aadc66881dee8d7\"},\"headline\":\"Eine &#8222;gen\u00e4h\u00e4kelte&#8220; :) Tasche\",\"datePublished\":\"2014-07-13T17:37:29+00:00\",\"dateModified\":\"2014-07-13T17:40:32+00:00\",\"mainEntityOfPage\":{\"@id\":\"https:\\\/\\\/www.haekelfieber.de\\\/wp-blog\\\/2014\\\/07\\\/eine-genaehaekelte-tasche\\\/\"},\"wordCount\":99,\"commentCount\":0,\"publisher\":{\"@id\":\"https:\\\/\\\/www.haekelfieber.de\\\/wp-blog\\\/#organization\"},\"image\":{\"@id\":\"https:\\\/\\\/www.haekelfieber.de\\\/wp-blog\\\/2014\\\/07\\\/eine-genaehaekelte-tasche\\\/#primaryimage\"},\"thumbnailUrl\":\"https:\\\/\\\/www.haekelfieber.de\\\/wp-blog\\\/wp-content\\\/uploads\\\/2014\\\/07\\\/2014-07-13-11.27.26-768x1024.jpg\",\"articleSection\":[\"H\u00e4keln\",\"N\u00e4hen\"],\"inLanguage\":\"de\",\"potentialAction\":[{\"@type\":\"CommentAction\",\"name\":\"Comment\",\"target\":[\"https:\\\/\\\/www.haekelfieber.de\\\/wp-blog\\\/2014\\\/07\\\/eine-genaehaekelte-tasche\\\/#respond\"]}]},{\"@type\":\"WebPage\",\"@id\":\"https:\\\/\\\/www.haekelfieber.de\\\/wp-blog\\\/2014\\\/07\\\/eine-genaehaekelte-tasche\\\/\",\"url\":\"https:\\\/\\\/www.haekelfieber.de\\\/wp-blog\\\/2014\\\/07\\\/eine-genaehaekelte-tasche\\\/\",\"name\":\"Eine \\\"gen\u00e4h\u00e4kelte\\\" :) Tasche - H\u00e4kelfieber\",\"isPartOf\":{\"@id\":\"https:\\\/\\\/www.haekelfieber.de\\\/wp-blog\\\/#website\"},\"primaryImageOfPage\":{\"@id\":\"https:\\\/\\\/www.haekelfieber.de\\\/wp-blog\\\/2014\\\/07\\\/eine-genaehaekelte-tasche\\\/#primaryimage\"},\"image\":{\"@id\":\"https:\\\/\\\/www.haekelfieber.de\\\/wp-blog\\\/2014\\\/07\\\/eine-genaehaekelte-tasche\\\/#primaryimage\"},\"thumbnailUrl\":\"https:\\\/\\\/www.haekelfieber.de\\\/wp-blog\\\/wp-content\\\/uploads\\\/2014\\\/07\\\/2014-07-13-11.27.26-768x1024.jpg\",\"datePublished\":\"2014-07-13T17:37:29+00:00\",\"dateModified\":\"2014-07-13T17:40:32+00:00\",\"breadcrumb\":{\"@id\":\"https:\\\/\\\/www.haekelfieber.de\\\/wp-blog\\\/2014\\\/07\\\/eine-genaehaekelte-tasche\\\/#breadcrumb\"},\"inLanguage\":\"de\",\"potentialAction\":[{\"@type\":\"ReadAction\",\"target\":[\"https:\\\/\\\/www.haekelfieber.de\\\/wp-blog\\\/2014\\\/07\\\/eine-genaehaekelte-tasche\\\/\"]}]},{\"@type\":\"ImageObject\",\"inLanguage\":\"de\",\"@id\":\"https:\\\/\\\/www.haekelfieber.de\\\/wp-blog\\\/2014\\\/07\\\/eine-genaehaekelte-tasche\\\/#primaryimage\",\"url\":\"https:\\\/\\\/www.haekelfieber.de\\\/wp-blog\\\/wp-content\\\/uploads\\\/2014\\\/07\\\/2014-07-13-11.27.26.jpg\",\"contentUrl\":\"https:\\\/\\\/www.haekelfieber.de\\\/wp-blog\\\/wp-content\\\/uploads\\\/2014\\\/07\\\/2014-07-13-11.27.26.jpg\",\"width\":1200,\"height\":1600},{\"@type\":\"BreadcrumbList\",\"@id\":\"https:\\\/\\\/www.haekelfieber.de\\\/wp-blog\\\/2014\\\/07\\\/eine-genaehaekelte-tasche\\\/#breadcrumb\",\"itemListElement\":[{\"@type\":\"ListItem\",\"position\":1,\"name\":\"Home\",\"item\":\"https:\\\/\\\/www.haekelfieber.de\\\/wp-blog\\\/\"},{\"@type\":\"ListItem\",\"position\":2,\"name\":\"Eine &#8222;gen\u00e4h\u00e4kelte&#8220; :) Tasche\"}]},{\"@type\":\"WebSite\",\"@id\":\"https:\\\/\\\/www.haekelfieber.de\\\/wp-blog\\\/#website\",\"url\":\"https:\\\/\\\/www.haekelfieber.de\\\/wp-blog\\\/\",\"name\":\"H\u00e4kelfieber\",\"description\":\"Ich bin im...\",\"publisher\":{\"@id\":\"https:\\\/\\\/www.haekelfieber.de\\\/wp-blog\\\/#organization\"},\"potentialAction\":[{\"@type\":\"SearchAction\",\"target\":{\"@type\":\"EntryPoint\",\"urlTemplate\":\"https:\\\/\\\/www.haekelfieber.de\\\/wp-blog\\\/?s={search_term_string}\"},\"query-input\":{\"@type\":\"PropertyValueSpecification\",\"valueRequired\":true,\"valueName\":\"search_term_string\"}}],\"inLanguage\":\"de\"},{\"@type\":\"Organization\",\"@id\":\"https:\\\/\\\/www.haekelfieber.de\\\/wp-blog\\\/#organization\",\"name\":\"H\u00e4kelfieber\",\"url\":\"https:\\\/\\\/www.haekelfieber.de\\\/wp-blog\\\/\",\"logo\":{\"@type\":\"ImageObject\",\"inLanguage\":\"de\",\"@id\":\"https:\\\/\\\/www.haekelfieber.de\\\/wp-blog\\\/#\\\/schema\\\/logo\\\/image\\\/\",\"url\":\"https:\\\/\\\/www.haekelfieber.de\\\/wp-blog\\\/wp-content\\\/uploads\\\/2023\\\/03\\\/kissen-haekeln2.jpg\",\"contentUrl\":\"https:\\\/\\\/www.haekelfieber.de\\\/wp-blog\\\/wp-content\\\/uploads\\\/2023\\\/03\\\/kissen-haekeln2.jpg\",\"width\":683,\"height\":1024,\"caption\":\"H\u00e4kelfieber\"},\"image\":{\"@id\":\"https:\\\/\\\/www.haekelfieber.de\\\/wp-blog\\\/#\\\/schema\\\/logo\\\/image\\\/\"}},{\"@type\":\"Person\",\"@id\":\"https:\\\/\\\/www.haekelfieber.de\\\/wp-blog\\\/#\\\/schema\\\/person\\\/08b81f8e0d3480519aadc66881dee8d7\",\"name\":\"Jutta\",\"image\":{\"@type\":\"ImageObject\",\"inLanguage\":\"de\",\"@id\":\"https:\\\/\\\/secure.gravatar.com\\\/avatar\\\/4fb96a09981d3eab52fd94765c38a5395ca69a563a8cd98c172ef85375636d9d?s=96&d=mm&r=g\",\"url\":\"https:\\\/\\\/secure.gravatar.com\\\/avatar\\\/4fb96a09981d3eab52fd94765c38a5395ca69a563a8cd98c172ef85375636d9d?s=96&d=mm&r=g\",\"contentUrl\":\"https:\\\/\\\/secure.gravatar.com\\\/avatar\\\/4fb96a09981d3eab52fd94765c38a5395ca69a563a8cd98c172ef85375636d9d?s=96&d=mm&r=g\",\"caption\":\"Jutta\"},\"url\":\"https:\\\/\\\/www.haekelfieber.de\\\/wp-blog\\\/author\\\/admin\\\/\"}]}<\/script>\n<!-- \/ Yoast SEO plugin. -->","yoast_head_json":{"title":"Eine \"gen\u00e4h\u00e4kelte\" :) Tasche - H\u00e4kelfieber","robots":{"index":"index","follow":"follow","max-snippet":"max-snippet:-1","max-image-preview":"max-image-preview:large","max-video-preview":"max-video-preview:-1"},"canonical":"https:\/\/www.haekelfieber.de\/wp-blog\/2014\/07\/eine-genaehaekelte-tasche\/","og_locale":"de_DE","og_type":"article","og_title":"Eine \"gen\u00e4h\u00e4kelte\" :) Tasche - H\u00e4kelfieber","og_description":"Vom Kissenn\u00e4hen von gestern ist noch Blumenstoff \u00fcbrig geblieben und in meinem &#8222;Da-kann-man-noch-was-draus-machen-Fach&#8220; im Schrank, bin ich auch f\u00fcndig geworden. Dieses sch\u00f6ne, \u00e4h, wie soll ich dazu sagen, H\u00e4kelornament?, H\u00e4kelbl\u00fcte? In der Anleitung (von Elizza: Nadelspiel.com), nach der ich sie geh\u00e4kelt habe, wird sie als Stern bezeichnet. Die Anleitung dazu findet ihr hier. In dieser &hellip; Eine &#8222;gen\u00e4h\u00e4kelte&#8220; :) Tasche weiterlesen &rarr;","og_url":"https:\/\/www.haekelfieber.de\/wp-blog\/2014\/07\/eine-genaehaekelte-tasche\/","og_site_name":"H\u00e4kelfieber","article_published_time":"2014-07-13T17:37:29+00:00","article_modified_time":"2014-07-13T17:40:32+00:00","og_image":[{"url":"https:\/\/www.haekelfieber.de\/wp-blog\/wp-content\/uploads\/2014\/07\/Stofftasche-beh\u00e4kelt-1-768x1024.jpg","type":"","width":"","height":""}],"author":"Jutta","twitter_misc":{"Verfasst von":"Jutta"},"schema":{"@context":"https:\/\/schema.org","@graph":[{"@type":"Article","@id":"https:\/\/www.haekelfieber.de\/wp-blog\/2014\/07\/eine-genaehaekelte-tasche\/#article","isPartOf":{"@id":"https:\/\/www.haekelfieber.de\/wp-blog\/2014\/07\/eine-genaehaekelte-tasche\/"},"author":{"name":"Jutta","@id":"https:\/\/www.haekelfieber.de\/wp-blog\/#\/schema\/person\/08b81f8e0d3480519aadc66881dee8d7"},"headline":"Eine &#8222;gen\u00e4h\u00e4kelte&#8220; :) Tasche","datePublished":"2014-07-13T17:37:29+00:00","dateModified":"2014-07-13T17:40:32+00:00","mainEntityOfPage":{"@id":"https:\/\/www.haekelfieber.de\/wp-blog\/2014\/07\/eine-genaehaekelte-tasche\/"},"wordCount":99,"commentCount":0,"publisher":{"@id":"https:\/\/www.haekelfieber.de\/wp-blog\/#organization"},"image":{"@id":"https:\/\/www.haekelfieber.de\/wp-blog\/2014\/07\/eine-genaehaekelte-tasche\/#primaryimage"},"thumbnailUrl":"https:\/\/www.haekelfieber.de\/wp-blog\/wp-content\/uploads\/2014\/07\/2014-07-13-11.27.26-768x1024.jpg","articleSection":["H\u00e4keln","N\u00e4hen"],"inLanguage":"de","potentialAction":[{"@type":"CommentAction","name":"Comment","target":["https:\/\/www.haekelfieber.de\/wp-blog\/2014\/07\/eine-genaehaekelte-tasche\/#respond"]}]},{"@type":"WebPage","@id":"https:\/\/www.haekelfieber.de\/wp-blog\/2014\/07\/eine-genaehaekelte-tasche\/","url":"https:\/\/www.haekelfieber.de\/wp-blog\/2014\/07\/eine-genaehaekelte-tasche\/","name":"Eine \"gen\u00e4h\u00e4kelte\" :) Tasche - H\u00e4kelfieber","isPartOf":{"@id":"https:\/\/www.haekelfieber.de\/wp-blog\/#website"},"primaryImageOfPage":{"@id":"https:\/\/www.haekelfieber.de\/wp-blog\/2014\/07\/eine-genaehaekelte-tasche\/#primaryimage"},"image":{"@id":"https:\/\/www.haekelfieber.de\/wp-blog\/2014\/07\/eine-genaehaekelte-tasche\/#primaryimage"},"thumbnailUrl":"https:\/\/www.haekelfieber.de\/wp-blog\/wp-content\/uploads\/2014\/07\/2014-07-13-11.27.26-768x1024.jpg","datePublished":"2014-07-13T17:37:29+00:00","dateModified":"2014-07-13T17:40:32+00:00","breadcrumb":{"@id":"https:\/\/www.haekelfieber.de\/wp-blog\/2014\/07\/eine-genaehaekelte-tasche\/#breadcrumb"},"inLanguage":"de","potentialAction":[{"@type":"ReadAction","target":["https:\/\/www.haekelfieber.de\/wp-blog\/2014\/07\/eine-genaehaekelte-tasche\/"]}]},{"@type":"ImageObject","inLanguage":"de","@id":"https:\/\/www.haekelfieber.de\/wp-blog\/2014\/07\/eine-genaehaekelte-tasche\/#primaryimage","url":"https:\/\/www.haekelfieber.de\/wp-blog\/wp-content\/uploads\/2014\/07\/2014-07-13-11.27.26.jpg","contentUrl":"https:\/\/www.haekelfieber.de\/wp-blog\/wp-content\/uploads\/2014\/07\/2014-07-13-11.27.26.jpg","width":1200,"height":1600},{"@type":"BreadcrumbList","@id":"https:\/\/www.haekelfieber.de\/wp-blog\/2014\/07\/eine-genaehaekelte-tasche\/#breadcrumb","itemListElement":[{"@type":"ListItem","position":1,"name":"Home","item":"https:\/\/www.haekelfieber.de\/wp-blog\/"},{"@type":"ListItem","position":2,"name":"Eine &#8222;gen\u00e4h\u00e4kelte&#8220; :) Tasche"}]},{"@type":"WebSite","@id":"https:\/\/www.haekelfieber.de\/wp-blog\/#website","url":"https:\/\/www.haekelfieber.de\/wp-blog\/","name":"H\u00e4kelfieber","description":"Ich bin im...","publisher":{"@id":"https:\/\/www.haekelfieber.de\/wp-blog\/#organization"},"potentialAction":[{"@type":"SearchAction","target":{"@type":"EntryPoint","urlTemplate":"https:\/\/www.haekelfieber.de\/wp-blog\/?s={search_term_string}"},"query-input":{"@type":"PropertyValueSpecification","valueRequired":true,"valueName":"search_term_string"}}],"inLanguage":"de"},{"@type":"Organization","@id":"https:\/\/www.haekelfieber.de\/wp-blog\/#organization","name":"H\u00e4kelfieber","url":"https:\/\/www.haekelfieber.de\/wp-blog\/","logo":{"@type":"ImageObject","inLanguage":"de","@id":"https:\/\/www.haekelfieber.de\/wp-blog\/#\/schema\/logo\/image\/","url":"https:\/\/www.haekelfieber.de\/wp-blog\/wp-content\/uploads\/2023\/03\/kissen-haekeln2.jpg","contentUrl":"https:\/\/www.haekelfieber.de\/wp-blog\/wp-content\/uploads\/2023\/03\/kissen-haekeln2.jpg","width":683,"height":1024,"caption":"H\u00e4kelfieber"},"image":{"@id":"https:\/\/www.haekelfieber.de\/wp-blog\/#\/schema\/logo\/image\/"}},{"@type":"Person","@id":"https:\/\/www.haekelfieber.de\/wp-blog\/#\/schema\/person\/08b81f8e0d3480519aadc66881dee8d7","name":"Jutta","image":{"@type":"ImageObject","inLanguage":"de","@id":"https:\/\/secure.gravatar.com\/avatar\/4fb96a09981d3eab52fd94765c38a5395ca69a563a8cd98c172ef85375636d9d?s=96&d=mm&r=g","url":"https:\/\/secure.gravatar.com\/avatar\/4fb96a09981d3eab52fd94765c38a5395ca69a563a8cd98c172ef85375636d9d?s=96&d=mm&r=g","contentUrl":"https:\/\/secure.gravatar.com\/avatar\/4fb96a09981d3eab52fd94765c38a5395ca69a563a8cd98c172ef85375636d9d?s=96&d=mm&r=g","caption":"Jutta"},"url":"https:\/\/www.haekelfieber.de\/wp-blog\/author\/admin\/"}]}},"_links":{"self":[{"href":"https:\/\/www.haekelfieber.de\/wp-blog\/wp-json\/wp\/v2\/posts\/559","targetHints":{"allow":["GET"]}}],"collection":[{"href":"https:\/\/www.haekelfieber.de\/wp-blog\/wp-json\/wp\/v2\/posts"}],"about":[{"href":"https:\/\/www.haekelfieber.de\/wp-blog\/wp-json\/wp\/v2\/types\/post"}],"author":[{"embeddable":true,"href":"https:\/\/www.haekelfieber.de\/wp-blog\/wp-json\/wp\/v2\/users\/1"}],"replies":[{"embeddable":true,"href":"https:\/\/www.haekelfieber.de\/wp-blog\/wp-json\/wp\/v2\/comments?post=559"}],"version-history":[{"count":3,"href":"https:\/\/www.haekelfieber.de\/wp-blog\/wp-json\/wp\/v2\/posts\/559\/revisions"}],"predecessor-version":[{"id":562,"href":"https:\/\/www.haekelfieber.de\/wp-blog\/wp-json\/wp\/v2\/posts\/559\/revisions\/562"}],"wp:attachment":[{"href":"https:\/\/www.haekelfieber.de\/wp-blog\/wp-json\/wp\/v2\/media?parent=559"}],"wp:term":[{"taxonomy":"category","embeddable":true,"href":"https:\/\/www.haekelfieber.de\/wp-blog\/wp-json\/wp\/v2\/categories?post=559"},{"taxonomy":"post_tag","embeddable":true,"href":"https:\/\/www.haekelfieber.de\/wp-blog\/wp-json\/wp\/v2\/tags?post=559"}],"curies":[{"name":"wp","href":"https:\/\/api.w.org\/{rel}","templated":true}]}}