{"id":5749,"date":"2016-12-19T17:38:00","date_gmt":"2016-12-19T16:38:00","guid":{"rendered":"http:\/\/www.haekelfieber.de\/wp-blog\/?p=5749"},"modified":"2016-12-19T17:38:00","modified_gmt":"2016-12-19T16:38:00","slug":"farbtherapie","status":"publish","type":"post","link":"https:\/\/www.haekelfieber.de\/wp-blog\/2016\/12\/farbtherapie\/","title":{"rendered":"Farbtherapie"},"content":{"rendered":"<p>In diesen grauen, nebligen Tagen dringend von N\u00f6ten. So f\u00fcr mich und so.<br \/>\nHeute lasse ich euch an meinem Therapiekonzept teilhaben.<br \/>\nErste Phase: Kontrastprogramm<br \/>\nBeim gestrigen Sonntagsspaziergang habe ich versucht,\u00a0 m\u00f6glichst triste Naturbilder zu knipsen. Was tut man nicht alles f\u00fcr seine Leserschaf &#8211; ups &#8211; da fehlt das &#8222;t&#8220;. Leserschaft! \ud83d\ude42<br \/>\nJetzt folgen also extrem graue und gegenteilige Bilder. Es muss drastisch sein, damit die &#8222;Farbschocktherapie&#8220; ihre Wirkung bei euch zeigt. Das belebt die Farbsinnrezeptoren oder so:<\/p>\n<table>\n<tbody>\n<tr>\n<td><img loading=\"lazy\" decoding=\"async\" class=\"aligncenter size-medium wp-image-5768\" src=\"https:\/\/www.haekelfieber.de\/wp-blog\/wp-content\/uploads\/2016\/12\/farbe-wolle-17-225x300.jpg\" alt=\"\" width=\"225\" height=\"300\" srcset=\"https:\/\/www.haekelfieber.de\/wp-blog\/wp-content\/uploads\/2016\/12\/farbe-wolle-17-225x300.jpg 225w, https:\/\/www.haekelfieber.de\/wp-blog\/wp-content\/uploads\/2016\/12\/farbe-wolle-17-450x600.jpg 450w, https:\/\/www.haekelfieber.de\/wp-blog\/wp-content\/uploads\/2016\/12\/farbe-wolle-17.jpg 600w\" sizes=\"auto, (max-width: 225px) 100vw, 225px\" \/><\/td>\n<td><img loading=\"lazy\" decoding=\"async\" class=\"aligncenter size-medium wp-image-5752\" src=\"https:\/\/www.haekelfieber.de\/wp-blog\/wp-content\/uploads\/2016\/12\/farbe-wolle-1-225x300.jpg\" alt=\"\" width=\"225\" height=\"300\" srcset=\"https:\/\/www.haekelfieber.de\/wp-blog\/wp-content\/uploads\/2016\/12\/farbe-wolle-1-225x300.jpg 225w, https:\/\/www.haekelfieber.de\/wp-blog\/wp-content\/uploads\/2016\/12\/farbe-wolle-1-450x600.jpg 450w, https:\/\/www.haekelfieber.de\/wp-blog\/wp-content\/uploads\/2016\/12\/farbe-wolle-1.jpg 600w\" sizes=\"auto, (max-width: 225px) 100vw, 225px\" \/><\/td>\n<\/tr>\n<tr>\n<td><img loading=\"lazy\" decoding=\"async\" class=\"aligncenter size-medium wp-image-5756\" src=\"https:\/\/www.haekelfieber.de\/wp-blog\/wp-content\/uploads\/2016\/12\/farbe-wolle-5-225x300.jpg\" alt=\"\" width=\"225\" height=\"300\" srcset=\"https:\/\/www.haekelfieber.de\/wp-blog\/wp-content\/uploads\/2016\/12\/farbe-wolle-5-225x300.jpg 225w, https:\/\/www.haekelfieber.de\/wp-blog\/wp-content\/uploads\/2016\/12\/farbe-wolle-5-450x600.jpg 450w, https:\/\/www.haekelfieber.de\/wp-blog\/wp-content\/uploads\/2016\/12\/farbe-wolle-5.jpg 600w\" sizes=\"auto, (max-width: 225px) 100vw, 225px\" \/><\/td>\n<td><img loading=\"lazy\" decoding=\"async\" class=\"aligncenter size-medium wp-image-5767\" src=\"https:\/\/www.haekelfieber.de\/wp-blog\/wp-content\/uploads\/2016\/12\/farbe-wolle-16-225x300.jpg\" alt=\"\" width=\"225\" height=\"300\" srcset=\"https:\/\/www.haekelfieber.de\/wp-blog\/wp-content\/uploads\/2016\/12\/farbe-wolle-16-225x300.jpg 225w, https:\/\/www.haekelfieber.de\/wp-blog\/wp-content\/uploads\/2016\/12\/farbe-wolle-16-450x600.jpg 450w, https:\/\/www.haekelfieber.de\/wp-blog\/wp-content\/uploads\/2016\/12\/farbe-wolle-16.jpg 600w\" sizes=\"auto, (max-width: 225px) 100vw, 225px\" \/><\/td>\n<\/tr>\n<tr>\n<td><img loading=\"lazy\" decoding=\"async\" class=\"aligncenter size-medium wp-image-5769\" src=\"https:\/\/www.haekelfieber.de\/wp-blog\/wp-content\/uploads\/2016\/12\/farbe-wolle-18-225x300.jpg\" alt=\"\" width=\"225\" height=\"300\" srcset=\"https:\/\/www.haekelfieber.de\/wp-blog\/wp-content\/uploads\/2016\/12\/farbe-wolle-18-225x300.jpg 225w, https:\/\/www.haekelfieber.de\/wp-blog\/wp-content\/uploads\/2016\/12\/farbe-wolle-18-450x600.jpg 450w, https:\/\/www.haekelfieber.de\/wp-blog\/wp-content\/uploads\/2016\/12\/farbe-wolle-18.jpg 600w\" sizes=\"auto, (max-width: 225px) 100vw, 225px\" \/><\/td>\n<td><img loading=\"lazy\" decoding=\"async\" class=\"aligncenter size-medium wp-image-5753\" src=\"https:\/\/www.haekelfieber.de\/wp-blog\/wp-content\/uploads\/2016\/12\/farbe-wolle-2-225x300.jpg\" alt=\"\" width=\"225\" height=\"300\" srcset=\"https:\/\/www.haekelfieber.de\/wp-blog\/wp-content\/uploads\/2016\/12\/farbe-wolle-2-225x300.jpg 225w, https:\/\/www.haekelfieber.de\/wp-blog\/wp-content\/uploads\/2016\/12\/farbe-wolle-2-450x600.jpg 450w, https:\/\/www.haekelfieber.de\/wp-blog\/wp-content\/uploads\/2016\/12\/farbe-wolle-2.jpg 600w\" sizes=\"auto, (max-width: 225px) 100vw, 225px\" \/><\/td>\n<\/tr>\n<tr>\n<td><img loading=\"lazy\" decoding=\"async\" class=\"aligncenter size-medium wp-image-5754\" src=\"https:\/\/www.haekelfieber.de\/wp-blog\/wp-content\/uploads\/2016\/12\/farbe-wolle-3-225x300.jpg\" alt=\"\" width=\"225\" height=\"300\" srcset=\"https:\/\/www.haekelfieber.de\/wp-blog\/wp-content\/uploads\/2016\/12\/farbe-wolle-3-225x300.jpg 225w, https:\/\/www.haekelfieber.de\/wp-blog\/wp-content\/uploads\/2016\/12\/farbe-wolle-3-450x600.jpg 450w, https:\/\/www.haekelfieber.de\/wp-blog\/wp-content\/uploads\/2016\/12\/farbe-wolle-3.jpg 600w\" sizes=\"auto, (max-width: 225px) 100vw, 225px\" \/><\/td>\n<td><img loading=\"lazy\" decoding=\"async\" class=\"aligncenter size-medium wp-image-5763\" src=\"https:\/\/www.haekelfieber.de\/wp-blog\/wp-content\/uploads\/2016\/12\/farbe-wolle-12-225x300.jpg\" alt=\"\" width=\"225\" height=\"300\" srcset=\"https:\/\/www.haekelfieber.de\/wp-blog\/wp-content\/uploads\/2016\/12\/farbe-wolle-12-225x300.jpg 225w, https:\/\/www.haekelfieber.de\/wp-blog\/wp-content\/uploads\/2016\/12\/farbe-wolle-12-450x600.jpg 450w, https:\/\/www.haekelfieber.de\/wp-blog\/wp-content\/uploads\/2016\/12\/farbe-wolle-12.jpg 600w\" sizes=\"auto, (max-width: 225px) 100vw, 225px\" \/><\/td>\n<\/tr>\n<tr>\n<td><img loading=\"lazy\" decoding=\"async\" class=\"aligncenter size-medium wp-image-5766\" src=\"https:\/\/www.haekelfieber.de\/wp-blog\/wp-content\/uploads\/2016\/12\/farbe-wolle-15-225x300.jpg\" alt=\"\" width=\"225\" height=\"300\" srcset=\"https:\/\/www.haekelfieber.de\/wp-blog\/wp-content\/uploads\/2016\/12\/farbe-wolle-15-225x300.jpg 225w, https:\/\/www.haekelfieber.de\/wp-blog\/wp-content\/uploads\/2016\/12\/farbe-wolle-15-450x600.jpg 450w, https:\/\/www.haekelfieber.de\/wp-blog\/wp-content\/uploads\/2016\/12\/farbe-wolle-15.jpg 600w\" sizes=\"auto, (max-width: 225px) 100vw, 225px\" \/><\/td>\n<td><img loading=\"lazy\" decoding=\"async\" class=\"aligncenter size-medium wp-image-5755\" src=\"https:\/\/www.haekelfieber.de\/wp-blog\/wp-content\/uploads\/2016\/12\/farbe-wolle-4-225x300.jpg\" alt=\"\" width=\"225\" height=\"300\" srcset=\"https:\/\/www.haekelfieber.de\/wp-blog\/wp-content\/uploads\/2016\/12\/farbe-wolle-4-225x300.jpg 225w, https:\/\/www.haekelfieber.de\/wp-blog\/wp-content\/uploads\/2016\/12\/farbe-wolle-4-450x600.jpg 450w, https:\/\/www.haekelfieber.de\/wp-blog\/wp-content\/uploads\/2016\/12\/farbe-wolle-4.jpg 600w\" sizes=\"auto, (max-width: 225px) 100vw, 225px\" \/><\/td>\n<\/tr>\n<\/tbody>\n<\/table>\n<p>Apropo Farbe. Es gibt wirklich Menschen, welche ihre B\u00fccherwand farblich sortieren! Alle blauen, alle roten&#8230; B\u00fccher b\u00fcndeln. Oh Gott! Wie d\u00e4mlich kann denn das sein! Da findet man ja nichts mehr! So ein Unsinn! Haben die noch alle ihre Buchseiten beieinander?!<br \/>\n\u00c4hhhh, das habe ich jetzt auch gemacht. Sorry! Es ist vielleicht ein Nebeneffekt der Farbschocktherapie. Tut mir leid liebe Leser, wenn es euch genauso ergeht. Ich h\u00e4tte einen Beipackzettel mit den Risiken anf\u00fcgen sollen.<\/p>\n<p><img loading=\"lazy\" decoding=\"async\" class=\"aligncenter size-large wp-image-5760\" src=\"https:\/\/www.haekelfieber.de\/wp-blog\/wp-content\/uploads\/2016\/12\/farbe-wolle-9-450x600.jpg\" alt=\"\" width=\"450\" height=\"600\" srcset=\"https:\/\/www.haekelfieber.de\/wp-blog\/wp-content\/uploads\/2016\/12\/farbe-wolle-9-450x600.jpg 450w, https:\/\/www.haekelfieber.de\/wp-blog\/wp-content\/uploads\/2016\/12\/farbe-wolle-9-225x300.jpg 225w, https:\/\/www.haekelfieber.de\/wp-blog\/wp-content\/uploads\/2016\/12\/farbe-wolle-9.jpg 600w\" sizes=\"auto, (max-width: 450px) 100vw, 450px\" \/><br \/>\n<img loading=\"lazy\" decoding=\"async\" class=\"aligncenter size-large wp-image-5759\" src=\"https:\/\/www.haekelfieber.de\/wp-blog\/wp-content\/uploads\/2016\/12\/farbe-wolle-8-450x600.jpg\" alt=\"\" width=\"450\" height=\"600\" srcset=\"https:\/\/www.haekelfieber.de\/wp-blog\/wp-content\/uploads\/2016\/12\/farbe-wolle-8-450x600.jpg 450w, https:\/\/www.haekelfieber.de\/wp-blog\/wp-content\/uploads\/2016\/12\/farbe-wolle-8-225x300.jpg 225w, https:\/\/www.haekelfieber.de\/wp-blog\/wp-content\/uploads\/2016\/12\/farbe-wolle-8.jpg 600w\" sizes=\"auto, (max-width: 450px) 100vw, 450px\" \/><\/p>\n<p>Sehr positiv und das Leben versimplyfeiend ist der Umstand, dass ich mich nicht mehr mit dem Buchinhalt bei der Kaufentscheidung herumschlagen muss. Ich kaufe B\u00fccher ab sofort nur mehr nach ihrer Farbe. Zur Buchh\u00e4ndlerin: &#8222;Haben sie etwas zwischen Magenta und Rubinrot im Angebot. Eine Buchr\u00fcckenbreite von ca. 1,5 cm w\u00e4re von Vorteil, damit die Farbe gut zur Geltung kommt&#8220;. Ach, so einfach kann das Leben sein!<\/p>\n<p>Mein Kunterbuntes XXL-Mandala ist auch noch immer am Wachsen:<\/p>\n<p><img loading=\"lazy\" decoding=\"async\" class=\"aligncenter size-large wp-image-5758\" src=\"https:\/\/www.haekelfieber.de\/wp-blog\/wp-content\/uploads\/2016\/12\/farbe-wolle-7-450x600.jpg\" alt=\"\" width=\"450\" height=\"600\" srcset=\"https:\/\/www.haekelfieber.de\/wp-blog\/wp-content\/uploads\/2016\/12\/farbe-wolle-7-450x600.jpg 450w, https:\/\/www.haekelfieber.de\/wp-blog\/wp-content\/uploads\/2016\/12\/farbe-wolle-7-225x300.jpg 225w, https:\/\/www.haekelfieber.de\/wp-blog\/wp-content\/uploads\/2016\/12\/farbe-wolle-7.jpg 600w\" sizes=\"auto, (max-width: 450px) 100vw, 450px\" \/><\/p>\n<p>Viel Spa\u00df beim B\u00fccher nach Farbe Sortieren \ud83d\ude09<\/p>\n","protected":false},"excerpt":{"rendered":"<p>In diesen grauen, nebligen Tagen dringend von N\u00f6ten. So f\u00fcr mich und so. Heute lasse ich euch an meinem Therapiekonzept teilhaben. Erste Phase: Kontrastprogramm Beim gestrigen Sonntagsspaziergang habe ich versucht,\u00a0 m\u00f6glichst triste Naturbilder zu knipsen. Was tut man nicht alles f\u00fcr seine Leserschaf &#8211; ups &#8211; da fehlt das &#8222;t&#8220;. Leserschaft! \ud83d\ude42 Jetzt folgen also &hellip; <a href=\"https:\/\/www.haekelfieber.de\/wp-blog\/2016\/12\/farbtherapie\/\" class=\"more-link\"><span class=\"screen-reader-text\">Farbtherapie<\/span> weiterlesen <span class=\"meta-nav\">&rarr;<\/span><\/a><\/p>\n","protected":false},"author":1,"featured_media":0,"comment_status":"open","ping_status":"open","sticky":false,"template":"","format":"standard","meta":{"footnotes":""},"categories":[10,5,1],"tags":[],"class_list":["post-5749","post","type-post","status-publish","format-standard","hentry","category-die-natur","category-haekeln","category-manch-anderes"],"yoast_head":"<!-- This site is optimized with the Yoast SEO plugin v27.4 - https:\/\/yoast.com\/product\/yoast-seo-wordpress\/ -->\n<title>Farbtherapie - H\u00e4kelfieber<\/title>\n<meta name=\"robots\" content=\"index, follow, max-snippet:-1, max-image-preview:large, max-video-preview:-1\" \/>\n<link rel=\"canonical\" href=\"https:\/\/www.haekelfieber.de\/wp-blog\/2016\/12\/farbtherapie\/\" \/>\n<meta property=\"og:locale\" content=\"de_DE\" \/>\n<meta property=\"og:type\" content=\"article\" \/>\n<meta property=\"og:title\" content=\"Farbtherapie - H\u00e4kelfieber\" \/>\n<meta property=\"og:description\" content=\"In diesen grauen, nebligen Tagen dringend von N\u00f6ten. So f\u00fcr mich und so. Heute lasse ich euch an meinem Therapiekonzept teilhaben. Erste Phase: Kontrastprogramm Beim gestrigen Sonntagsspaziergang habe ich versucht,\u00a0 m\u00f6glichst triste Naturbilder zu knipsen. Was tut man nicht alles f\u00fcr seine Leserschaf &#8211; ups &#8211; da fehlt das &#8222;t&#8220;. Leserschaft! \ud83d\ude42 Jetzt folgen also &hellip; Farbtherapie weiterlesen &rarr;\" \/>\n<meta property=\"og:url\" content=\"https:\/\/www.haekelfieber.de\/wp-blog\/2016\/12\/farbtherapie\/\" \/>\n<meta property=\"og:site_name\" content=\"H\u00e4kelfieber\" \/>\n<meta property=\"article:published_time\" content=\"2016-12-19T16:38:00+00:00\" \/>\n<meta property=\"og:image\" content=\"https:\/\/www.haekelfieber.de\/wp-blog\/wp-content\/uploads\/2016\/12\/farbe-wolle-17-225x300.jpg\" \/>\n<meta name=\"author\" content=\"Jutta\" \/>\n<meta name=\"twitter:label1\" content=\"Verfasst von\" \/>\n\t<meta name=\"twitter:data1\" content=\"Jutta\" \/>\n\t<meta name=\"twitter:label2\" content=\"Gesch\u00e4tzte Lesezeit\" \/>\n\t<meta name=\"twitter:data2\" content=\"1\u00a0Minute\" \/>\n<script type=\"application\/ld+json\" class=\"yoast-schema-graph\">{\"@context\":\"https:\\\/\\\/schema.org\",\"@graph\":[{\"@type\":\"Article\",\"@id\":\"https:\\\/\\\/www.haekelfieber.de\\\/wp-blog\\\/2016\\\/12\\\/farbtherapie\\\/#article\",\"isPartOf\":{\"@id\":\"https:\\\/\\\/www.haekelfieber.de\\\/wp-blog\\\/2016\\\/12\\\/farbtherapie\\\/\"},\"author\":{\"name\":\"Jutta\",\"@id\":\"https:\\\/\\\/www.haekelfieber.de\\\/wp-blog\\\/#\\\/schema\\\/person\\\/08b81f8e0d3480519aadc66881dee8d7\"},\"headline\":\"Farbtherapie\",\"datePublished\":\"2016-12-19T16:38:00+00:00\",\"mainEntityOfPage\":{\"@id\":\"https:\\\/\\\/www.haekelfieber.de\\\/wp-blog\\\/2016\\\/12\\\/farbtherapie\\\/\"},\"wordCount\":249,\"commentCount\":2,\"publisher\":{\"@id\":\"https:\\\/\\\/www.haekelfieber.de\\\/wp-blog\\\/#organization\"},\"image\":{\"@id\":\"https:\\\/\\\/www.haekelfieber.de\\\/wp-blog\\\/2016\\\/12\\\/farbtherapie\\\/#primaryimage\"},\"thumbnailUrl\":\"https:\\\/\\\/www.haekelfieber.de\\\/wp-blog\\\/wp-content\\\/uploads\\\/2016\\\/12\\\/farbe-wolle-17-225x300.jpg\",\"articleSection\":[\"Die Natur\",\"H\u00e4keln\",\"Manch anderes\"],\"inLanguage\":\"de\",\"potentialAction\":[{\"@type\":\"CommentAction\",\"name\":\"Comment\",\"target\":[\"https:\\\/\\\/www.haekelfieber.de\\\/wp-blog\\\/2016\\\/12\\\/farbtherapie\\\/#respond\"]}]},{\"@type\":\"WebPage\",\"@id\":\"https:\\\/\\\/www.haekelfieber.de\\\/wp-blog\\\/2016\\\/12\\\/farbtherapie\\\/\",\"url\":\"https:\\\/\\\/www.haekelfieber.de\\\/wp-blog\\\/2016\\\/12\\\/farbtherapie\\\/\",\"name\":\"Farbtherapie - H\u00e4kelfieber\",\"isPartOf\":{\"@id\":\"https:\\\/\\\/www.haekelfieber.de\\\/wp-blog\\\/#website\"},\"primaryImageOfPage\":{\"@id\":\"https:\\\/\\\/www.haekelfieber.de\\\/wp-blog\\\/2016\\\/12\\\/farbtherapie\\\/#primaryimage\"},\"image\":{\"@id\":\"https:\\\/\\\/www.haekelfieber.de\\\/wp-blog\\\/2016\\\/12\\\/farbtherapie\\\/#primaryimage\"},\"thumbnailUrl\":\"https:\\\/\\\/www.haekelfieber.de\\\/wp-blog\\\/wp-content\\\/uploads\\\/2016\\\/12\\\/farbe-wolle-17-225x300.jpg\",\"datePublished\":\"2016-12-19T16:38:00+00:00\",\"breadcrumb\":{\"@id\":\"https:\\\/\\\/www.haekelfieber.de\\\/wp-blog\\\/2016\\\/12\\\/farbtherapie\\\/#breadcrumb\"},\"inLanguage\":\"de\",\"potentialAction\":[{\"@type\":\"ReadAction\",\"target\":[\"https:\\\/\\\/www.haekelfieber.de\\\/wp-blog\\\/2016\\\/12\\\/farbtherapie\\\/\"]}]},{\"@type\":\"ImageObject\",\"inLanguage\":\"de\",\"@id\":\"https:\\\/\\\/www.haekelfieber.de\\\/wp-blog\\\/2016\\\/12\\\/farbtherapie\\\/#primaryimage\",\"url\":\"https:\\\/\\\/www.haekelfieber.de\\\/wp-blog\\\/wp-content\\\/uploads\\\/2016\\\/12\\\/farbe-wolle-17.jpg\",\"contentUrl\":\"https:\\\/\\\/www.haekelfieber.de\\\/wp-blog\\\/wp-content\\\/uploads\\\/2016\\\/12\\\/farbe-wolle-17.jpg\",\"width\":600,\"height\":800},{\"@type\":\"BreadcrumbList\",\"@id\":\"https:\\\/\\\/www.haekelfieber.de\\\/wp-blog\\\/2016\\\/12\\\/farbtherapie\\\/#breadcrumb\",\"itemListElement\":[{\"@type\":\"ListItem\",\"position\":1,\"name\":\"Home\",\"item\":\"https:\\\/\\\/www.haekelfieber.de\\\/wp-blog\\\/\"},{\"@type\":\"ListItem\",\"position\":2,\"name\":\"Farbtherapie\"}]},{\"@type\":\"WebSite\",\"@id\":\"https:\\\/\\\/www.haekelfieber.de\\\/wp-blog\\\/#website\",\"url\":\"https:\\\/\\\/www.haekelfieber.de\\\/wp-blog\\\/\",\"name\":\"H\u00e4kelfieber\",\"description\":\"Ich bin im...\",\"publisher\":{\"@id\":\"https:\\\/\\\/www.haekelfieber.de\\\/wp-blog\\\/#organization\"},\"potentialAction\":[{\"@type\":\"SearchAction\",\"target\":{\"@type\":\"EntryPoint\",\"urlTemplate\":\"https:\\\/\\\/www.haekelfieber.de\\\/wp-blog\\\/?s={search_term_string}\"},\"query-input\":{\"@type\":\"PropertyValueSpecification\",\"valueRequired\":true,\"valueName\":\"search_term_string\"}}],\"inLanguage\":\"de\"},{\"@type\":\"Organization\",\"@id\":\"https:\\\/\\\/www.haekelfieber.de\\\/wp-blog\\\/#organization\",\"name\":\"H\u00e4kelfieber\",\"url\":\"https:\\\/\\\/www.haekelfieber.de\\\/wp-blog\\\/\",\"logo\":{\"@type\":\"ImageObject\",\"inLanguage\":\"de\",\"@id\":\"https:\\\/\\\/www.haekelfieber.de\\\/wp-blog\\\/#\\\/schema\\\/logo\\\/image\\\/\",\"url\":\"https:\\\/\\\/www.haekelfieber.de\\\/wp-blog\\\/wp-content\\\/uploads\\\/2023\\\/03\\\/kissen-haekeln2.jpg\",\"contentUrl\":\"https:\\\/\\\/www.haekelfieber.de\\\/wp-blog\\\/wp-content\\\/uploads\\\/2023\\\/03\\\/kissen-haekeln2.jpg\",\"width\":683,\"height\":1024,\"caption\":\"H\u00e4kelfieber\"},\"image\":{\"@id\":\"https:\\\/\\\/www.haekelfieber.de\\\/wp-blog\\\/#\\\/schema\\\/logo\\\/image\\\/\"}},{\"@type\":\"Person\",\"@id\":\"https:\\\/\\\/www.haekelfieber.de\\\/wp-blog\\\/#\\\/schema\\\/person\\\/08b81f8e0d3480519aadc66881dee8d7\",\"name\":\"Jutta\",\"image\":{\"@type\":\"ImageObject\",\"inLanguage\":\"de\",\"@id\":\"https:\\\/\\\/secure.gravatar.com\\\/avatar\\\/4fb96a09981d3eab52fd94765c38a5395ca69a563a8cd98c172ef85375636d9d?s=96&d=mm&r=g\",\"url\":\"https:\\\/\\\/secure.gravatar.com\\\/avatar\\\/4fb96a09981d3eab52fd94765c38a5395ca69a563a8cd98c172ef85375636d9d?s=96&d=mm&r=g\",\"contentUrl\":\"https:\\\/\\\/secure.gravatar.com\\\/avatar\\\/4fb96a09981d3eab52fd94765c38a5395ca69a563a8cd98c172ef85375636d9d?s=96&d=mm&r=g\",\"caption\":\"Jutta\"},\"url\":\"https:\\\/\\\/www.haekelfieber.de\\\/wp-blog\\\/author\\\/admin\\\/\"}]}<\/script>\n<!-- \/ Yoast SEO plugin. -->","yoast_head_json":{"title":"Farbtherapie - H\u00e4kelfieber","robots":{"index":"index","follow":"follow","max-snippet":"max-snippet:-1","max-image-preview":"max-image-preview:large","max-video-preview":"max-video-preview:-1"},"canonical":"https:\/\/www.haekelfieber.de\/wp-blog\/2016\/12\/farbtherapie\/","og_locale":"de_DE","og_type":"article","og_title":"Farbtherapie - H\u00e4kelfieber","og_description":"In diesen grauen, nebligen Tagen dringend von N\u00f6ten. So f\u00fcr mich und so. Heute lasse ich euch an meinem Therapiekonzept teilhaben. Erste Phase: Kontrastprogramm Beim gestrigen Sonntagsspaziergang habe ich versucht,\u00a0 m\u00f6glichst triste Naturbilder zu knipsen. Was tut man nicht alles f\u00fcr seine Leserschaf &#8211; ups &#8211; da fehlt das &#8222;t&#8220;. Leserschaft! \ud83d\ude42 Jetzt folgen also &hellip; Farbtherapie weiterlesen &rarr;","og_url":"https:\/\/www.haekelfieber.de\/wp-blog\/2016\/12\/farbtherapie\/","og_site_name":"H\u00e4kelfieber","article_published_time":"2016-12-19T16:38:00+00:00","og_image":[{"url":"https:\/\/www.haekelfieber.de\/wp-blog\/wp-content\/uploads\/2016\/12\/farbe-wolle-17-225x300.jpg","type":"","width":"","height":""}],"author":"Jutta","twitter_misc":{"Verfasst von":"Jutta","Gesch\u00e4tzte Lesezeit":"1\u00a0Minute"},"schema":{"@context":"https:\/\/schema.org","@graph":[{"@type":"Article","@id":"https:\/\/www.haekelfieber.de\/wp-blog\/2016\/12\/farbtherapie\/#article","isPartOf":{"@id":"https:\/\/www.haekelfieber.de\/wp-blog\/2016\/12\/farbtherapie\/"},"author":{"name":"Jutta","@id":"https:\/\/www.haekelfieber.de\/wp-blog\/#\/schema\/person\/08b81f8e0d3480519aadc66881dee8d7"},"headline":"Farbtherapie","datePublished":"2016-12-19T16:38:00+00:00","mainEntityOfPage":{"@id":"https:\/\/www.haekelfieber.de\/wp-blog\/2016\/12\/farbtherapie\/"},"wordCount":249,"commentCount":2,"publisher":{"@id":"https:\/\/www.haekelfieber.de\/wp-blog\/#organization"},"image":{"@id":"https:\/\/www.haekelfieber.de\/wp-blog\/2016\/12\/farbtherapie\/#primaryimage"},"thumbnailUrl":"https:\/\/www.haekelfieber.de\/wp-blog\/wp-content\/uploads\/2016\/12\/farbe-wolle-17-225x300.jpg","articleSection":["Die Natur","H\u00e4keln","Manch anderes"],"inLanguage":"de","potentialAction":[{"@type":"CommentAction","name":"Comment","target":["https:\/\/www.haekelfieber.de\/wp-blog\/2016\/12\/farbtherapie\/#respond"]}]},{"@type":"WebPage","@id":"https:\/\/www.haekelfieber.de\/wp-blog\/2016\/12\/farbtherapie\/","url":"https:\/\/www.haekelfieber.de\/wp-blog\/2016\/12\/farbtherapie\/","name":"Farbtherapie - H\u00e4kelfieber","isPartOf":{"@id":"https:\/\/www.haekelfieber.de\/wp-blog\/#website"},"primaryImageOfPage":{"@id":"https:\/\/www.haekelfieber.de\/wp-blog\/2016\/12\/farbtherapie\/#primaryimage"},"image":{"@id":"https:\/\/www.haekelfieber.de\/wp-blog\/2016\/12\/farbtherapie\/#primaryimage"},"thumbnailUrl":"https:\/\/www.haekelfieber.de\/wp-blog\/wp-content\/uploads\/2016\/12\/farbe-wolle-17-225x300.jpg","datePublished":"2016-12-19T16:38:00+00:00","breadcrumb":{"@id":"https:\/\/www.haekelfieber.de\/wp-blog\/2016\/12\/farbtherapie\/#breadcrumb"},"inLanguage":"de","potentialAction":[{"@type":"ReadAction","target":["https:\/\/www.haekelfieber.de\/wp-blog\/2016\/12\/farbtherapie\/"]}]},{"@type":"ImageObject","inLanguage":"de","@id":"https:\/\/www.haekelfieber.de\/wp-blog\/2016\/12\/farbtherapie\/#primaryimage","url":"https:\/\/www.haekelfieber.de\/wp-blog\/wp-content\/uploads\/2016\/12\/farbe-wolle-17.jpg","contentUrl":"https:\/\/www.haekelfieber.de\/wp-blog\/wp-content\/uploads\/2016\/12\/farbe-wolle-17.jpg","width":600,"height":800},{"@type":"BreadcrumbList","@id":"https:\/\/www.haekelfieber.de\/wp-blog\/2016\/12\/farbtherapie\/#breadcrumb","itemListElement":[{"@type":"ListItem","position":1,"name":"Home","item":"https:\/\/www.haekelfieber.de\/wp-blog\/"},{"@type":"ListItem","position":2,"name":"Farbtherapie"}]},{"@type":"WebSite","@id":"https:\/\/www.haekelfieber.de\/wp-blog\/#website","url":"https:\/\/www.haekelfieber.de\/wp-blog\/","name":"H\u00e4kelfieber","description":"Ich bin im...","publisher":{"@id":"https:\/\/www.haekelfieber.de\/wp-blog\/#organization"},"potentialAction":[{"@type":"SearchAction","target":{"@type":"EntryPoint","urlTemplate":"https:\/\/www.haekelfieber.de\/wp-blog\/?s={search_term_string}"},"query-input":{"@type":"PropertyValueSpecification","valueRequired":true,"valueName":"search_term_string"}}],"inLanguage":"de"},{"@type":"Organization","@id":"https:\/\/www.haekelfieber.de\/wp-blog\/#organization","name":"H\u00e4kelfieber","url":"https:\/\/www.haekelfieber.de\/wp-blog\/","logo":{"@type":"ImageObject","inLanguage":"de","@id":"https:\/\/www.haekelfieber.de\/wp-blog\/#\/schema\/logo\/image\/","url":"https:\/\/www.haekelfieber.de\/wp-blog\/wp-content\/uploads\/2023\/03\/kissen-haekeln2.jpg","contentUrl":"https:\/\/www.haekelfieber.de\/wp-blog\/wp-content\/uploads\/2023\/03\/kissen-haekeln2.jpg","width":683,"height":1024,"caption":"H\u00e4kelfieber"},"image":{"@id":"https:\/\/www.haekelfieber.de\/wp-blog\/#\/schema\/logo\/image\/"}},{"@type":"Person","@id":"https:\/\/www.haekelfieber.de\/wp-blog\/#\/schema\/person\/08b81f8e0d3480519aadc66881dee8d7","name":"Jutta","image":{"@type":"ImageObject","inLanguage":"de","@id":"https:\/\/secure.gravatar.com\/avatar\/4fb96a09981d3eab52fd94765c38a5395ca69a563a8cd98c172ef85375636d9d?s=96&d=mm&r=g","url":"https:\/\/secure.gravatar.com\/avatar\/4fb96a09981d3eab52fd94765c38a5395ca69a563a8cd98c172ef85375636d9d?s=96&d=mm&r=g","contentUrl":"https:\/\/secure.gravatar.com\/avatar\/4fb96a09981d3eab52fd94765c38a5395ca69a563a8cd98c172ef85375636d9d?s=96&d=mm&r=g","caption":"Jutta"},"url":"https:\/\/www.haekelfieber.de\/wp-blog\/author\/admin\/"}]}},"_links":{"self":[{"href":"https:\/\/www.haekelfieber.de\/wp-blog\/wp-json\/wp\/v2\/posts\/5749","targetHints":{"allow":["GET"]}}],"collection":[{"href":"https:\/\/www.haekelfieber.de\/wp-blog\/wp-json\/wp\/v2\/posts"}],"about":[{"href":"https:\/\/www.haekelfieber.de\/wp-blog\/wp-json\/wp\/v2\/types\/post"}],"author":[{"embeddable":true,"href":"https:\/\/www.haekelfieber.de\/wp-blog\/wp-json\/wp\/v2\/users\/1"}],"replies":[{"embeddable":true,"href":"https:\/\/www.haekelfieber.de\/wp-blog\/wp-json\/wp\/v2\/comments?post=5749"}],"version-history":[{"count":3,"href":"https:\/\/www.haekelfieber.de\/wp-blog\/wp-json\/wp\/v2\/posts\/5749\/revisions"}],"predecessor-version":[{"id":5770,"href":"https:\/\/www.haekelfieber.de\/wp-blog\/wp-json\/wp\/v2\/posts\/5749\/revisions\/5770"}],"wp:attachment":[{"href":"https:\/\/www.haekelfieber.de\/wp-blog\/wp-json\/wp\/v2\/media?parent=5749"}],"wp:term":[{"taxonomy":"category","embeddable":true,"href":"https:\/\/www.haekelfieber.de\/wp-blog\/wp-json\/wp\/v2\/categories?post=5749"},{"taxonomy":"post_tag","embeddable":true,"href":"https:\/\/www.haekelfieber.de\/wp-blog\/wp-json\/wp\/v2\/tags?post=5749"}],"curies":[{"name":"wp","href":"https:\/\/api.w.org\/{rel}","templated":true}]}}