{"id":5778,"date":"2016-12-21T18:53:44","date_gmt":"2016-12-21T17:53:44","guid":{"rendered":"http:\/\/www.haekelfieber.de\/wp-blog\/?p=5778"},"modified":"2016-12-22T08:01:06","modified_gmt":"2016-12-22T07:01:06","slug":"weihnachten-naht-und-ich","status":"publish","type":"post","link":"https:\/\/www.haekelfieber.de\/wp-blog\/2016\/12\/weihnachten-naht-und-ich\/","title":{"rendered":"Weihnachten naht und ich&#8230;"},"content":{"rendered":"<p>&#8230;versuche auf dem Teppich zu bleiben. Noch kein einziges Geschenk verpackt. Ach Gottchen, was gibt es nicht f\u00fcr tolle, liebevolle Geschenkeverpackungsfotos auf so manchen Blogs. Nicht bei mir. Macht nix. Den letzten Satz werde ich in diesem Beitrag noch h\u00e4ufig verwenden.<br \/>\nGestern hatte mein Mann die Idee, dass wir uns doch gegenseitig was Kleines schenken k\u00f6nnten. Okee, dachte ich mir. Geleebananen war mein zweiter Gedanke. Die w\u00fcnsche ich mir. Die braucht er auch gar nicht verpacken. Eingepackte Geleebananen &#8211;\u00a0 geht gar nicht. Da sind sie ja nicht mehr authentisch. N\u00f6, ich will das Plastikp\u00e4ckchen mit den s\u00fc\u00dfen ungesunden Dingern, welche das gesamte Alphabet in der Zutatenliste beinhalten ( also nicht nur E 10046345555) in seiner ganzen k\u00fcnstlichen leckeren Pracht in meine erwartungsvollen schwei\u00dfnassen H\u00e4nde gedr\u00fcckt bekommen. Yeahhhh, Weihnachten ist gerettet!!<br \/>\nEs sind ja bekanntlich die kleinen Dinge, welche das Leben reicher machen. Aber was schenke ich ihm? Naja vielleicht bekommt er eine Geleebanane von mir ab \ud83d\ude42<br \/>\nUnd was soll ich euch sagen: Wenn es ganz bl\u00f6d l\u00e4uft, mit dem Weihnachtsgeschenk und mir, dann mach ich den Dingern am Heiligabend, ganz and\u00e4chtig den &#8222;Garaus&#8220;. Auf die paar hundert Kalorien kommt es nach den gef\u00fchlt kiloweise gefutterten Pl\u00e4tzchen auch nicht mehr an. Die fallen nicht mehr ins Gewicht \ud83d\ude09<br \/>\nGut dass es bei mir Tradition ist, den Weihnachtsabend in der Jogginghose zu verbringen. Ich geb viel auf Traditionen, halte sie in Ehren, auch wenn sie, wie in meinem Fall, etwas stillos sind. Nicht die \u00c4sthetik sondern mein ganz direktes Wohlf\u00fchlen hat hier Priorit\u00e4t. Also der Gummizug ist geduldig und es kneift und ermahnt mich nichts, Ma\u00df zu halten. So einfach kann das Leben sein.\u00a0 Macht nix.<br \/>\nAlso liebe Leserinnen, lassen wir das Fest locker angehen. Wenn keine besinnliche Simmung aufkommen will &#8211; macht nix. Wenn die Kinder n\u00f6len, weil das Geschenk nicht pa\u00dft &#8211; macht nix. Wenn Streit in der H\u00fctte ausbricht &#8211; macht nix. Wenn Erwartungen nicht erf\u00fcllt werden &#8211; macht nix. Wenn sich unser Leben nicht von null auf hundert in den besinnlichen Modus umschalten l\u00e4\u00dft &#8211; macht nix. Wenn wir uns am Heiligabend einsam f\u00fchlen &#8211; macht nix. Wenn uns vor der geballten Verwandtschaft graust- macht nix. Wenn der Christbaumst\u00e4nder nicht aufzufinden ist &#8211; macht nix. Das alles und noch viel mehr, macht nix, denn wir lassen es locker angehen. Versprochen \ud83d\ude42<\/p>\n","protected":false},"excerpt":{"rendered":"<p>&#8230;versuche auf dem Teppich zu bleiben. Noch kein einziges Geschenk verpackt. Ach Gottchen, was gibt es nicht f\u00fcr tolle, liebevolle Geschenkeverpackungsfotos auf so manchen Blogs. Nicht bei mir. Macht nix. Den letzten Satz werde ich in diesem Beitrag noch h\u00e4ufig verwenden. Gestern hatte mein Mann die Idee, dass wir uns doch gegenseitig was Kleines schenken &hellip; <a href=\"https:\/\/www.haekelfieber.de\/wp-blog\/2016\/12\/weihnachten-naht-und-ich\/\" class=\"more-link\"><span class=\"screen-reader-text\">Weihnachten naht und ich&#8230;<\/span> weiterlesen <span class=\"meta-nav\">&rarr;<\/span><\/a><\/p>\n","protected":false},"author":1,"featured_media":0,"comment_status":"open","ping_status":"open","sticky":false,"template":"","format":"standard","meta":{"footnotes":""},"categories":[1],"tags":[],"class_list":["post-5778","post","type-post","status-publish","format-standard","hentry","category-manch-anderes"],"yoast_head":"<!-- This site is optimized with the Yoast SEO plugin v27.4 - https:\/\/yoast.com\/product\/yoast-seo-wordpress\/ -->\n<title>Weihnachten naht und ich... - H\u00e4kelfieber<\/title>\n<meta name=\"robots\" content=\"index, follow, max-snippet:-1, max-image-preview:large, max-video-preview:-1\" \/>\n<link rel=\"canonical\" href=\"https:\/\/www.haekelfieber.de\/wp-blog\/2016\/12\/weihnachten-naht-und-ich\/\" \/>\n<meta property=\"og:locale\" content=\"de_DE\" \/>\n<meta property=\"og:type\" content=\"article\" \/>\n<meta property=\"og:title\" content=\"Weihnachten naht und ich... - H\u00e4kelfieber\" \/>\n<meta property=\"og:description\" content=\"&#8230;versuche auf dem Teppich zu bleiben. Noch kein einziges Geschenk verpackt. Ach Gottchen, was gibt es nicht f\u00fcr tolle, liebevolle Geschenkeverpackungsfotos auf so manchen Blogs. Nicht bei mir. Macht nix. Den letzten Satz werde ich in diesem Beitrag noch h\u00e4ufig verwenden. Gestern hatte mein Mann die Idee, dass wir uns doch gegenseitig was Kleines schenken &hellip; Weihnachten naht und ich&#8230; weiterlesen &rarr;\" \/>\n<meta property=\"og:url\" content=\"https:\/\/www.haekelfieber.de\/wp-blog\/2016\/12\/weihnachten-naht-und-ich\/\" \/>\n<meta property=\"og:site_name\" content=\"H\u00e4kelfieber\" \/>\n<meta property=\"article:published_time\" content=\"2016-12-21T17:53:44+00:00\" \/>\n<meta property=\"article:modified_time\" content=\"2016-12-22T07:01:06+00:00\" \/>\n<meta name=\"author\" content=\"Jutta\" \/>\n<meta name=\"twitter:label1\" content=\"Verfasst von\" \/>\n\t<meta name=\"twitter:data1\" content=\"Jutta\" \/>\n\t<meta name=\"twitter:label2\" content=\"Gesch\u00e4tzte Lesezeit\" \/>\n\t<meta name=\"twitter:data2\" content=\"2\u00a0Minuten\" \/>\n<script type=\"application\/ld+json\" class=\"yoast-schema-graph\">{\"@context\":\"https:\\\/\\\/schema.org\",\"@graph\":[{\"@type\":\"Article\",\"@id\":\"https:\\\/\\\/www.haekelfieber.de\\\/wp-blog\\\/2016\\\/12\\\/weihnachten-naht-und-ich\\\/#article\",\"isPartOf\":{\"@id\":\"https:\\\/\\\/www.haekelfieber.de\\\/wp-blog\\\/2016\\\/12\\\/weihnachten-naht-und-ich\\\/\"},\"author\":{\"name\":\"Jutta\",\"@id\":\"https:\\\/\\\/www.haekelfieber.de\\\/wp-blog\\\/#\\\/schema\\\/person\\\/08b81f8e0d3480519aadc66881dee8d7\"},\"headline\":\"Weihnachten naht und ich&#8230;\",\"datePublished\":\"2016-12-21T17:53:44+00:00\",\"dateModified\":\"2016-12-22T07:01:06+00:00\",\"mainEntityOfPage\":{\"@id\":\"https:\\\/\\\/www.haekelfieber.de\\\/wp-blog\\\/2016\\\/12\\\/weihnachten-naht-und-ich\\\/\"},\"wordCount\":407,\"commentCount\":6,\"publisher\":{\"@id\":\"https:\\\/\\\/www.haekelfieber.de\\\/wp-blog\\\/#organization\"},\"articleSection\":[\"Manch anderes\"],\"inLanguage\":\"de\",\"potentialAction\":[{\"@type\":\"CommentAction\",\"name\":\"Comment\",\"target\":[\"https:\\\/\\\/www.haekelfieber.de\\\/wp-blog\\\/2016\\\/12\\\/weihnachten-naht-und-ich\\\/#respond\"]}]},{\"@type\":\"WebPage\",\"@id\":\"https:\\\/\\\/www.haekelfieber.de\\\/wp-blog\\\/2016\\\/12\\\/weihnachten-naht-und-ich\\\/\",\"url\":\"https:\\\/\\\/www.haekelfieber.de\\\/wp-blog\\\/2016\\\/12\\\/weihnachten-naht-und-ich\\\/\",\"name\":\"Weihnachten naht und ich... - H\u00e4kelfieber\",\"isPartOf\":{\"@id\":\"https:\\\/\\\/www.haekelfieber.de\\\/wp-blog\\\/#website\"},\"datePublished\":\"2016-12-21T17:53:44+00:00\",\"dateModified\":\"2016-12-22T07:01:06+00:00\",\"breadcrumb\":{\"@id\":\"https:\\\/\\\/www.haekelfieber.de\\\/wp-blog\\\/2016\\\/12\\\/weihnachten-naht-und-ich\\\/#breadcrumb\"},\"inLanguage\":\"de\",\"potentialAction\":[{\"@type\":\"ReadAction\",\"target\":[\"https:\\\/\\\/www.haekelfieber.de\\\/wp-blog\\\/2016\\\/12\\\/weihnachten-naht-und-ich\\\/\"]}]},{\"@type\":\"BreadcrumbList\",\"@id\":\"https:\\\/\\\/www.haekelfieber.de\\\/wp-blog\\\/2016\\\/12\\\/weihnachten-naht-und-ich\\\/#breadcrumb\",\"itemListElement\":[{\"@type\":\"ListItem\",\"position\":1,\"name\":\"Home\",\"item\":\"https:\\\/\\\/www.haekelfieber.de\\\/wp-blog\\\/\"},{\"@type\":\"ListItem\",\"position\":2,\"name\":\"Weihnachten naht und ich&#8230;\"}]},{\"@type\":\"WebSite\",\"@id\":\"https:\\\/\\\/www.haekelfieber.de\\\/wp-blog\\\/#website\",\"url\":\"https:\\\/\\\/www.haekelfieber.de\\\/wp-blog\\\/\",\"name\":\"H\u00e4kelfieber\",\"description\":\"Ich bin im...\",\"publisher\":{\"@id\":\"https:\\\/\\\/www.haekelfieber.de\\\/wp-blog\\\/#organization\"},\"potentialAction\":[{\"@type\":\"SearchAction\",\"target\":{\"@type\":\"EntryPoint\",\"urlTemplate\":\"https:\\\/\\\/www.haekelfieber.de\\\/wp-blog\\\/?s={search_term_string}\"},\"query-input\":{\"@type\":\"PropertyValueSpecification\",\"valueRequired\":true,\"valueName\":\"search_term_string\"}}],\"inLanguage\":\"de\"},{\"@type\":\"Organization\",\"@id\":\"https:\\\/\\\/www.haekelfieber.de\\\/wp-blog\\\/#organization\",\"name\":\"H\u00e4kelfieber\",\"url\":\"https:\\\/\\\/www.haekelfieber.de\\\/wp-blog\\\/\",\"logo\":{\"@type\":\"ImageObject\",\"inLanguage\":\"de\",\"@id\":\"https:\\\/\\\/www.haekelfieber.de\\\/wp-blog\\\/#\\\/schema\\\/logo\\\/image\\\/\",\"url\":\"https:\\\/\\\/www.haekelfieber.de\\\/wp-blog\\\/wp-content\\\/uploads\\\/2023\\\/03\\\/kissen-haekeln2.jpg\",\"contentUrl\":\"https:\\\/\\\/www.haekelfieber.de\\\/wp-blog\\\/wp-content\\\/uploads\\\/2023\\\/03\\\/kissen-haekeln2.jpg\",\"width\":683,\"height\":1024,\"caption\":\"H\u00e4kelfieber\"},\"image\":{\"@id\":\"https:\\\/\\\/www.haekelfieber.de\\\/wp-blog\\\/#\\\/schema\\\/logo\\\/image\\\/\"}},{\"@type\":\"Person\",\"@id\":\"https:\\\/\\\/www.haekelfieber.de\\\/wp-blog\\\/#\\\/schema\\\/person\\\/08b81f8e0d3480519aadc66881dee8d7\",\"name\":\"Jutta\",\"image\":{\"@type\":\"ImageObject\",\"inLanguage\":\"de\",\"@id\":\"https:\\\/\\\/secure.gravatar.com\\\/avatar\\\/4fb96a09981d3eab52fd94765c38a5395ca69a563a8cd98c172ef85375636d9d?s=96&d=mm&r=g\",\"url\":\"https:\\\/\\\/secure.gravatar.com\\\/avatar\\\/4fb96a09981d3eab52fd94765c38a5395ca69a563a8cd98c172ef85375636d9d?s=96&d=mm&r=g\",\"contentUrl\":\"https:\\\/\\\/secure.gravatar.com\\\/avatar\\\/4fb96a09981d3eab52fd94765c38a5395ca69a563a8cd98c172ef85375636d9d?s=96&d=mm&r=g\",\"caption\":\"Jutta\"},\"url\":\"https:\\\/\\\/www.haekelfieber.de\\\/wp-blog\\\/author\\\/admin\\\/\"}]}<\/script>\n<!-- \/ Yoast SEO plugin. -->","yoast_head_json":{"title":"Weihnachten naht und ich... - H\u00e4kelfieber","robots":{"index":"index","follow":"follow","max-snippet":"max-snippet:-1","max-image-preview":"max-image-preview:large","max-video-preview":"max-video-preview:-1"},"canonical":"https:\/\/www.haekelfieber.de\/wp-blog\/2016\/12\/weihnachten-naht-und-ich\/","og_locale":"de_DE","og_type":"article","og_title":"Weihnachten naht und ich... - H\u00e4kelfieber","og_description":"&#8230;versuche auf dem Teppich zu bleiben. Noch kein einziges Geschenk verpackt. Ach Gottchen, was gibt es nicht f\u00fcr tolle, liebevolle Geschenkeverpackungsfotos auf so manchen Blogs. Nicht bei mir. Macht nix. Den letzten Satz werde ich in diesem Beitrag noch h\u00e4ufig verwenden. Gestern hatte mein Mann die Idee, dass wir uns doch gegenseitig was Kleines schenken &hellip; Weihnachten naht und ich&#8230; weiterlesen &rarr;","og_url":"https:\/\/www.haekelfieber.de\/wp-blog\/2016\/12\/weihnachten-naht-und-ich\/","og_site_name":"H\u00e4kelfieber","article_published_time":"2016-12-21T17:53:44+00:00","article_modified_time":"2016-12-22T07:01:06+00:00","author":"Jutta","twitter_misc":{"Verfasst von":"Jutta","Gesch\u00e4tzte Lesezeit":"2\u00a0Minuten"},"schema":{"@context":"https:\/\/schema.org","@graph":[{"@type":"Article","@id":"https:\/\/www.haekelfieber.de\/wp-blog\/2016\/12\/weihnachten-naht-und-ich\/#article","isPartOf":{"@id":"https:\/\/www.haekelfieber.de\/wp-blog\/2016\/12\/weihnachten-naht-und-ich\/"},"author":{"name":"Jutta","@id":"https:\/\/www.haekelfieber.de\/wp-blog\/#\/schema\/person\/08b81f8e0d3480519aadc66881dee8d7"},"headline":"Weihnachten naht und ich&#8230;","datePublished":"2016-12-21T17:53:44+00:00","dateModified":"2016-12-22T07:01:06+00:00","mainEntityOfPage":{"@id":"https:\/\/www.haekelfieber.de\/wp-blog\/2016\/12\/weihnachten-naht-und-ich\/"},"wordCount":407,"commentCount":6,"publisher":{"@id":"https:\/\/www.haekelfieber.de\/wp-blog\/#organization"},"articleSection":["Manch anderes"],"inLanguage":"de","potentialAction":[{"@type":"CommentAction","name":"Comment","target":["https:\/\/www.haekelfieber.de\/wp-blog\/2016\/12\/weihnachten-naht-und-ich\/#respond"]}]},{"@type":"WebPage","@id":"https:\/\/www.haekelfieber.de\/wp-blog\/2016\/12\/weihnachten-naht-und-ich\/","url":"https:\/\/www.haekelfieber.de\/wp-blog\/2016\/12\/weihnachten-naht-und-ich\/","name":"Weihnachten naht und ich... - H\u00e4kelfieber","isPartOf":{"@id":"https:\/\/www.haekelfieber.de\/wp-blog\/#website"},"datePublished":"2016-12-21T17:53:44+00:00","dateModified":"2016-12-22T07:01:06+00:00","breadcrumb":{"@id":"https:\/\/www.haekelfieber.de\/wp-blog\/2016\/12\/weihnachten-naht-und-ich\/#breadcrumb"},"inLanguage":"de","potentialAction":[{"@type":"ReadAction","target":["https:\/\/www.haekelfieber.de\/wp-blog\/2016\/12\/weihnachten-naht-und-ich\/"]}]},{"@type":"BreadcrumbList","@id":"https:\/\/www.haekelfieber.de\/wp-blog\/2016\/12\/weihnachten-naht-und-ich\/#breadcrumb","itemListElement":[{"@type":"ListItem","position":1,"name":"Home","item":"https:\/\/www.haekelfieber.de\/wp-blog\/"},{"@type":"ListItem","position":2,"name":"Weihnachten naht und ich&#8230;"}]},{"@type":"WebSite","@id":"https:\/\/www.haekelfieber.de\/wp-blog\/#website","url":"https:\/\/www.haekelfieber.de\/wp-blog\/","name":"H\u00e4kelfieber","description":"Ich bin im...","publisher":{"@id":"https:\/\/www.haekelfieber.de\/wp-blog\/#organization"},"potentialAction":[{"@type":"SearchAction","target":{"@type":"EntryPoint","urlTemplate":"https:\/\/www.haekelfieber.de\/wp-blog\/?s={search_term_string}"},"query-input":{"@type":"PropertyValueSpecification","valueRequired":true,"valueName":"search_term_string"}}],"inLanguage":"de"},{"@type":"Organization","@id":"https:\/\/www.haekelfieber.de\/wp-blog\/#organization","name":"H\u00e4kelfieber","url":"https:\/\/www.haekelfieber.de\/wp-blog\/","logo":{"@type":"ImageObject","inLanguage":"de","@id":"https:\/\/www.haekelfieber.de\/wp-blog\/#\/schema\/logo\/image\/","url":"https:\/\/www.haekelfieber.de\/wp-blog\/wp-content\/uploads\/2023\/03\/kissen-haekeln2.jpg","contentUrl":"https:\/\/www.haekelfieber.de\/wp-blog\/wp-content\/uploads\/2023\/03\/kissen-haekeln2.jpg","width":683,"height":1024,"caption":"H\u00e4kelfieber"},"image":{"@id":"https:\/\/www.haekelfieber.de\/wp-blog\/#\/schema\/logo\/image\/"}},{"@type":"Person","@id":"https:\/\/www.haekelfieber.de\/wp-blog\/#\/schema\/person\/08b81f8e0d3480519aadc66881dee8d7","name":"Jutta","image":{"@type":"ImageObject","inLanguage":"de","@id":"https:\/\/secure.gravatar.com\/avatar\/4fb96a09981d3eab52fd94765c38a5395ca69a563a8cd98c172ef85375636d9d?s=96&d=mm&r=g","url":"https:\/\/secure.gravatar.com\/avatar\/4fb96a09981d3eab52fd94765c38a5395ca69a563a8cd98c172ef85375636d9d?s=96&d=mm&r=g","contentUrl":"https:\/\/secure.gravatar.com\/avatar\/4fb96a09981d3eab52fd94765c38a5395ca69a563a8cd98c172ef85375636d9d?s=96&d=mm&r=g","caption":"Jutta"},"url":"https:\/\/www.haekelfieber.de\/wp-blog\/author\/admin\/"}]}},"_links":{"self":[{"href":"https:\/\/www.haekelfieber.de\/wp-blog\/wp-json\/wp\/v2\/posts\/5778","targetHints":{"allow":["GET"]}}],"collection":[{"href":"https:\/\/www.haekelfieber.de\/wp-blog\/wp-json\/wp\/v2\/posts"}],"about":[{"href":"https:\/\/www.haekelfieber.de\/wp-blog\/wp-json\/wp\/v2\/types\/post"}],"author":[{"embeddable":true,"href":"https:\/\/www.haekelfieber.de\/wp-blog\/wp-json\/wp\/v2\/users\/1"}],"replies":[{"embeddable":true,"href":"https:\/\/www.haekelfieber.de\/wp-blog\/wp-json\/wp\/v2\/comments?post=5778"}],"version-history":[{"count":4,"href":"https:\/\/www.haekelfieber.de\/wp-blog\/wp-json\/wp\/v2\/posts\/5778\/revisions"}],"predecessor-version":[{"id":5784,"href":"https:\/\/www.haekelfieber.de\/wp-blog\/wp-json\/wp\/v2\/posts\/5778\/revisions\/5784"}],"wp:attachment":[{"href":"https:\/\/www.haekelfieber.de\/wp-blog\/wp-json\/wp\/v2\/media?parent=5778"}],"wp:term":[{"taxonomy":"category","embeddable":true,"href":"https:\/\/www.haekelfieber.de\/wp-blog\/wp-json\/wp\/v2\/categories?post=5778"},{"taxonomy":"post_tag","embeddable":true,"href":"https:\/\/www.haekelfieber.de\/wp-blog\/wp-json\/wp\/v2\/tags?post=5778"}],"curies":[{"name":"wp","href":"https:\/\/api.w.org\/{rel}","templated":true}]}}