{"id":592,"date":"2014-07-16T19:03:08","date_gmt":"2014-07-16T17:03:08","guid":{"rendered":"http:\/\/www.haekelfieber.de\/wp-blog\/?p=592"},"modified":"2014-07-19T07:39:14","modified_gmt":"2014-07-19T05:39:14","slug":"ich-euch-schon-laengst-mal-zeigen-wollte","status":"publish","type":"post","link":"https:\/\/www.haekelfieber.de\/wp-blog\/2014\/07\/ich-euch-schon-laengst-mal-zeigen-wollte\/","title":{"rendered":"Was ich euch schon l\u00e4ngst mal zeigen wollte &#8211; geh\u00e4kelter Kleiderb\u00fcgel &#8211; geh\u00e4kelter Korb"},"content":{"rendered":"<p>Das kennt ihr sicher auch: Wenn man am kreativen Werkeln ist kommen immer mehr Ideen. So hat sich bei mir Geh\u00e4keltes angesammelt, welches ich l\u00e4ngst mit euch teilen wollte. Zackbumm kam ein anderes, mindestens genauso ein, euch mitteilungsw\u00fcrdiges, Projekt dazwischen und somit wurden diese Ideen dann doch auf die lange Bank geschoben.<br \/>\nAuf der langen Bank wird jetzt aufger\u00e4umt.<\/p>\n<p><a href=\"https:\/\/www.haekelfieber.de\/wp-blog\/wp-content\/uploads\/2014\/07\/Geh\u00e4kelter-Kleiderb\u00fcgel-6.jpg\"><img loading=\"lazy\" decoding=\"async\" class=\"aligncenter wp-image-570\" src=\"https:\/\/www.haekelfieber.de\/wp-blog\/wp-content\/uploads\/2014\/07\/Geh\u00e4kelter-Kleiderb\u00fcgel-6-768x1024.jpg\" alt=\"Geh\u00e4kelter Kleiderb\u00fcgel (6)\" width=\"450\" height=\"600\" srcset=\"https:\/\/www.haekelfieber.de\/wp-blog\/wp-content\/uploads\/2014\/07\/Geh\u00e4kelter-Kleiderb\u00fcgel-6-768x1024.jpg 768w, https:\/\/www.haekelfieber.de\/wp-blog\/wp-content\/uploads\/2014\/07\/Geh\u00e4kelter-Kleiderb\u00fcgel-6-225x300.jpg 225w, https:\/\/www.haekelfieber.de\/wp-blog\/wp-content\/uploads\/2014\/07\/Geh\u00e4kelter-Kleiderb\u00fcgel-6.jpg 1200w\" sizes=\"auto, (max-width: 450px) 100vw, 450px\" \/><\/a><br \/>\nHier der geh\u00e4kelte Kleiderb\u00fcgel mit dazugeh\u00f6riger Tasche, den ich euch schon immer mal zeigen wollte.<\/p>\n<p><a href=\"https:\/\/www.haekelfieber.de\/wp-blog\/wp-content\/uploads\/2014\/07\/Geh\u00e4kelter-Kleiderb\u00fcgel-3.jpg\"><img loading=\"lazy\" decoding=\"async\" class=\"aligncenter wp-image-565\" src=\"https:\/\/www.haekelfieber.de\/wp-blog\/wp-content\/uploads\/2014\/07\/Geh\u00e4kelter-Kleiderb\u00fcgel-3-768x1024.jpg\" alt=\"Geh\u00e4kelter Kleiderb\u00fcgel (3)\" width=\"450\" height=\"600\" srcset=\"https:\/\/www.haekelfieber.de\/wp-blog\/wp-content\/uploads\/2014\/07\/Geh\u00e4kelter-Kleiderb\u00fcgel-3-768x1024.jpg 768w, https:\/\/www.haekelfieber.de\/wp-blog\/wp-content\/uploads\/2014\/07\/Geh\u00e4kelter-Kleiderb\u00fcgel-3-225x300.jpg 225w, https:\/\/www.haekelfieber.de\/wp-blog\/wp-content\/uploads\/2014\/07\/Geh\u00e4kelter-Kleiderb\u00fcgel-3.jpg 1200w\" sizes=\"auto, (max-width: 450px) 100vw, 450px\" \/><\/a><br \/>\n<a href=\"https:\/\/www.haekelfieber.de\/wp-blog\/wp-content\/uploads\/2014\/07\/2014-07-14-07.20.381.jpg\"><img loading=\"lazy\" decoding=\"async\" class=\"aligncenter wp-image-586\" src=\"https:\/\/www.haekelfieber.de\/wp-blog\/wp-content\/uploads\/2014\/07\/2014-07-14-07.20.381-768x1024.jpg\" alt=\"2014-07-14 07.20.38\" width=\"450\" height=\"600\" srcset=\"https:\/\/www.haekelfieber.de\/wp-blog\/wp-content\/uploads\/2014\/07\/2014-07-14-07.20.381-768x1024.jpg 768w, https:\/\/www.haekelfieber.de\/wp-blog\/wp-content\/uploads\/2014\/07\/2014-07-14-07.20.381-225x300.jpg 225w, https:\/\/www.haekelfieber.de\/wp-blog\/wp-content\/uploads\/2014\/07\/2014-07-14-07.20.381.jpg 1200w\" sizes=\"auto, (max-width: 450px) 100vw, 450px\" \/><\/a><br \/>\nGleich f\u00e4ngt Stumpi zu h\u00e4keln an \ud83d\ude42 .<\/p>\n<p><a href=\"https:\/\/www.haekelfieber.de\/wp-blog\/wp-content\/uploads\/2014\/07\/Geh\u00e4kelter-Kleiderb\u00fcgel-2.jpg\"><img loading=\"lazy\" decoding=\"async\" class=\"aligncenter wp-image-564\" src=\"https:\/\/www.haekelfieber.de\/wp-blog\/wp-content\/uploads\/2014\/07\/Geh\u00e4kelter-Kleiderb\u00fcgel-2-768x1024.jpg\" alt=\"Geh\u00e4kelter Kleiderb\u00fcgel (2)\" width=\"450\" height=\"600\" srcset=\"https:\/\/www.haekelfieber.de\/wp-blog\/wp-content\/uploads\/2014\/07\/Geh\u00e4kelter-Kleiderb\u00fcgel-2-768x1024.jpg 768w, https:\/\/www.haekelfieber.de\/wp-blog\/wp-content\/uploads\/2014\/07\/Geh\u00e4kelter-Kleiderb\u00fcgel-2-225x300.jpg 225w, https:\/\/www.haekelfieber.de\/wp-blog\/wp-content\/uploads\/2014\/07\/Geh\u00e4kelter-Kleiderb\u00fcgel-2.jpg 1200w\" sizes=\"auto, (max-width: 450px) 100vw, 450px\" \/><\/a><br \/>\nDen H\u00e4kelbeutel hab&#8216; ich schon letztes Jahr gemacht, aus Freude an den Farben und am Muster. Ich wusste aber nie f\u00fcr was er gut sein sollte. Das ist ja jetzt zum Gl\u00fcck Geschichte \ud83d\ude42 . Jetzt hat er eine H\u00e4kelborte in der Farbe vom Kleiderb\u00fcgel erhalten. So harmonisiert\u00a0 &#8211; \u00e4h &#8211; harmoniert? das Ganze recht gut.<\/p>\n<p><a href=\"https:\/\/www.haekelfieber.de\/wp-blog\/wp-content\/uploads\/2014\/07\/Geh\u00e4kelter-Kleiderb\u00fcgel-1.jpg\"><img loading=\"lazy\" decoding=\"async\" class=\"aligncenter wp-image-563\" src=\"https:\/\/www.haekelfieber.de\/wp-blog\/wp-content\/uploads\/2014\/07\/Geh\u00e4kelter-Kleiderb\u00fcgel-1-768x1024.jpg\" alt=\"Geh\u00e4kelter Kleiderb\u00fcgel (1)\" width=\"450\" height=\"600\" srcset=\"https:\/\/www.haekelfieber.de\/wp-blog\/wp-content\/uploads\/2014\/07\/Geh\u00e4kelter-Kleiderb\u00fcgel-1-768x1024.jpg 768w, https:\/\/www.haekelfieber.de\/wp-blog\/wp-content\/uploads\/2014\/07\/Geh\u00e4kelter-Kleiderb\u00fcgel-1-225x300.jpg 225w, https:\/\/www.haekelfieber.de\/wp-blog\/wp-content\/uploads\/2014\/07\/Geh\u00e4kelter-Kleiderb\u00fcgel-1.jpg 1200w\" sizes=\"auto, (max-width: 450px) 100vw, 450px\" \/><\/a><br \/>\nFrau tr\u00e4gt gerne Tuch. Ich auch. Meine drei T\u00f6chter auch. Das hei\u00dft: viele T\u00fccher, wenig Stauraum. Jetzt nicht mehr. Jetzt hab&#8216; ich sogar Platz f\u00fcr Nachschub \ud83d\ude09 .<\/p>\n<p><a href=\"https:\/\/www.haekelfieber.de\/wp-blog\/wp-content\/uploads\/2014\/07\/geh\u00e4kelter-Korb-4.jpg\"><img loading=\"lazy\" decoding=\"async\" class=\"aligncenter wp-image-590\" src=\"https:\/\/www.haekelfieber.de\/wp-blog\/wp-content\/uploads\/2014\/07\/geh\u00e4kelter-Korb-4-768x1024.jpg\" alt=\"geh\u00e4kelter Korb (4)\" width=\"450\" height=\"600\" srcset=\"https:\/\/www.haekelfieber.de\/wp-blog\/wp-content\/uploads\/2014\/07\/geh\u00e4kelter-Korb-4-768x1024.jpg 768w, https:\/\/www.haekelfieber.de\/wp-blog\/wp-content\/uploads\/2014\/07\/geh\u00e4kelter-Korb-4-225x300.jpg 225w, https:\/\/www.haekelfieber.de\/wp-blog\/wp-content\/uploads\/2014\/07\/geh\u00e4kelter-Korb-4.jpg 1200w\" sizes=\"auto, (max-width: 450px) 100vw, 450px\" \/><\/a><br \/>\nHier der geh\u00e4kelte H\u00e4ngekorb, den ich euch schon immer mal zeigen wollte.<\/p>\n<p><a href=\"https:\/\/www.haekelfieber.de\/wp-blog\/wp-content\/uploads\/2014\/07\/geh\u00e4kelter-Korb.jpg\"><img loading=\"lazy\" decoding=\"async\" class=\"aligncenter wp-image-587\" src=\"https:\/\/www.haekelfieber.de\/wp-blog\/wp-content\/uploads\/2014\/07\/geh\u00e4kelter-Korb-768x1024.jpg\" alt=\"geh\u00e4kelter Korb\" width=\"450\" height=\"600\" srcset=\"https:\/\/www.haekelfieber.de\/wp-blog\/wp-content\/uploads\/2014\/07\/geh\u00e4kelter-Korb-768x1024.jpg 768w, https:\/\/www.haekelfieber.de\/wp-blog\/wp-content\/uploads\/2014\/07\/geh\u00e4kelter-Korb-225x300.jpg 225w, https:\/\/www.haekelfieber.de\/wp-blog\/wp-content\/uploads\/2014\/07\/geh\u00e4kelter-Korb.jpg 1200w\" sizes=\"auto, (max-width: 450px) 100vw, 450px\" \/><\/a><br \/>\nFrisch begr\u00fcnt.<\/p>\n<p>Kurz wie&#8217;s geht:<br \/>\nZwei nicht ganz flach geh\u00e4kelte Kreise in einem Holzleim\/Wassergemisch einweichen, \u00fcber eine umgedrehte Sch\u00fcssel legen und trocknen lassen. \u00dcber die Sch\u00fcssel habe ich zuvor eine Frischhaltefolte gewickelt damit nichts festklebt. <strong>Wichtig:<\/strong> Gut durchtrocknen lassen, mindestens einen Tag. Ich war n\u00e4mlich zu ungeduldig und hab&#8216; die K\u00f6rbe gleich mit Pflanzen best\u00fcckt. Dabei haben sie sich etwas gewellt (waren noch nicht ganz getrocknet). Schaut aber trotzdem gut aus \ud83d\ude42 .<br \/>\nUnd noch ein Tipp. M\u00f6glichst viel Leim und wenig Wasser. Die K\u00f6rbe werden total hart und stabil.<\/p>\n<p>Sooooooo. Jetzt pack&#8216; ich meinen G\u00f6ttergatten und ein Fl\u00e4schlein Wein und wir setzen uns in den Garten und wir machen ein Feuerchen in der Feuerschale und machen es uns gem\u00fctlich. Ihr wisst ja: Wir haben sturmfrei!!!!!<\/p>\n","protected":false},"excerpt":{"rendered":"<p>Das kennt ihr sicher auch: Wenn man am kreativen Werkeln ist kommen immer mehr Ideen. So hat sich bei mir Geh\u00e4keltes angesammelt, welches ich l\u00e4ngst mit euch teilen wollte. Zackbumm kam ein anderes, mindestens genauso ein, euch mitteilungsw\u00fcrdiges, Projekt dazwischen und somit wurden diese Ideen dann doch auf die lange Bank geschoben. Auf der langen &hellip; <a href=\"https:\/\/www.haekelfieber.de\/wp-blog\/2014\/07\/ich-euch-schon-laengst-mal-zeigen-wollte\/\" class=\"more-link\"><span class=\"screen-reader-text\">Was ich euch schon l\u00e4ngst mal zeigen wollte &#8211; geh\u00e4kelter Kleiderb\u00fcgel &#8211; geh\u00e4kelter Korb<\/span> weiterlesen <span class=\"meta-nav\">&rarr;<\/span><\/a><\/p>\n","protected":false},"author":1,"featured_media":0,"comment_status":"open","ping_status":"open","sticky":false,"template":"","format":"standard","meta":{"footnotes":""},"categories":[5],"tags":[],"class_list":["post-592","post","type-post","status-publish","format-standard","hentry","category-haekeln"],"yoast_head":"<!-- This site is optimized with the Yoast SEO plugin v27.4 - https:\/\/yoast.com\/product\/yoast-seo-wordpress\/ -->\n<title>Was ich euch schon l\u00e4ngst mal zeigen wollte - geh\u00e4kelter Kleiderb\u00fcgel - geh\u00e4kelter Korb - H\u00e4kelfieber<\/title>\n<meta name=\"robots\" content=\"index, follow, max-snippet:-1, max-image-preview:large, max-video-preview:-1\" \/>\n<link rel=\"canonical\" href=\"https:\/\/www.haekelfieber.de\/wp-blog\/2014\/07\/ich-euch-schon-laengst-mal-zeigen-wollte\/\" \/>\n<meta property=\"og:locale\" content=\"de_DE\" \/>\n<meta property=\"og:type\" content=\"article\" \/>\n<meta property=\"og:title\" content=\"Was ich euch schon l\u00e4ngst mal zeigen wollte - geh\u00e4kelter Kleiderb\u00fcgel - geh\u00e4kelter Korb - H\u00e4kelfieber\" \/>\n<meta property=\"og:description\" content=\"Das kennt ihr sicher auch: Wenn man am kreativen Werkeln ist kommen immer mehr Ideen. So hat sich bei mir Geh\u00e4keltes angesammelt, welches ich l\u00e4ngst mit euch teilen wollte. Zackbumm kam ein anderes, mindestens genauso ein, euch mitteilungsw\u00fcrdiges, Projekt dazwischen und somit wurden diese Ideen dann doch auf die lange Bank geschoben. Auf der langen &hellip; Was ich euch schon l\u00e4ngst mal zeigen wollte &#8211; geh\u00e4kelter Kleiderb\u00fcgel &#8211; geh\u00e4kelter Korb weiterlesen &rarr;\" \/>\n<meta property=\"og:url\" content=\"https:\/\/www.haekelfieber.de\/wp-blog\/2014\/07\/ich-euch-schon-laengst-mal-zeigen-wollte\/\" \/>\n<meta property=\"og:site_name\" content=\"H\u00e4kelfieber\" \/>\n<meta property=\"article:published_time\" content=\"2014-07-16T17:03:08+00:00\" \/>\n<meta property=\"article:modified_time\" content=\"2014-07-19T05:39:14+00:00\" \/>\n<meta property=\"og:image\" content=\"https:\/\/www.haekelfieber.de\/wp-blog\/wp-content\/uploads\/2014\/07\/Geh\u00e4kelter-Kleiderb\u00fcgel-6-768x1024.jpg\" \/>\n<meta name=\"author\" content=\"Jutta\" \/>\n<meta name=\"twitter:label1\" content=\"Verfasst von\" \/>\n\t<meta name=\"twitter:data1\" content=\"Jutta\" \/>\n\t<meta name=\"twitter:label2\" content=\"Gesch\u00e4tzte Lesezeit\" \/>\n\t<meta name=\"twitter:data2\" content=\"2\u00a0Minuten\" \/>\n<script type=\"application\/ld+json\" class=\"yoast-schema-graph\">{\"@context\":\"https:\\\/\\\/schema.org\",\"@graph\":[{\"@type\":\"Article\",\"@id\":\"https:\\\/\\\/www.haekelfieber.de\\\/wp-blog\\\/2014\\\/07\\\/ich-euch-schon-laengst-mal-zeigen-wollte\\\/#article\",\"isPartOf\":{\"@id\":\"https:\\\/\\\/www.haekelfieber.de\\\/wp-blog\\\/2014\\\/07\\\/ich-euch-schon-laengst-mal-zeigen-wollte\\\/\"},\"author\":{\"name\":\"Jutta\",\"@id\":\"https:\\\/\\\/www.haekelfieber.de\\\/wp-blog\\\/#\\\/schema\\\/person\\\/08b81f8e0d3480519aadc66881dee8d7\"},\"headline\":\"Was ich euch schon l\u00e4ngst mal zeigen wollte &#8211; geh\u00e4kelter Kleiderb\u00fcgel &#8211; geh\u00e4kelter Korb\",\"datePublished\":\"2014-07-16T17:03:08+00:00\",\"dateModified\":\"2014-07-19T05:39:14+00:00\",\"mainEntityOfPage\":{\"@id\":\"https:\\\/\\\/www.haekelfieber.de\\\/wp-blog\\\/2014\\\/07\\\/ich-euch-schon-laengst-mal-zeigen-wollte\\\/\"},\"wordCount\":349,\"commentCount\":2,\"publisher\":{\"@id\":\"https:\\\/\\\/www.haekelfieber.de\\\/wp-blog\\\/#organization\"},\"image\":{\"@id\":\"https:\\\/\\\/www.haekelfieber.de\\\/wp-blog\\\/2014\\\/07\\\/ich-euch-schon-laengst-mal-zeigen-wollte\\\/#primaryimage\"},\"thumbnailUrl\":\"https:\\\/\\\/www.haekelfieber.de\\\/wp-blog\\\/wp-content\\\/uploads\\\/2014\\\/07\\\/2014-07-14-07.20.381-768x1024.jpg\",\"articleSection\":[\"H\u00e4keln\"],\"inLanguage\":\"de\",\"potentialAction\":[{\"@type\":\"CommentAction\",\"name\":\"Comment\",\"target\":[\"https:\\\/\\\/www.haekelfieber.de\\\/wp-blog\\\/2014\\\/07\\\/ich-euch-schon-laengst-mal-zeigen-wollte\\\/#respond\"]}]},{\"@type\":\"WebPage\",\"@id\":\"https:\\\/\\\/www.haekelfieber.de\\\/wp-blog\\\/2014\\\/07\\\/ich-euch-schon-laengst-mal-zeigen-wollte\\\/\",\"url\":\"https:\\\/\\\/www.haekelfieber.de\\\/wp-blog\\\/2014\\\/07\\\/ich-euch-schon-laengst-mal-zeigen-wollte\\\/\",\"name\":\"Was ich euch schon l\u00e4ngst mal zeigen wollte - geh\u00e4kelter Kleiderb\u00fcgel - geh\u00e4kelter Korb - H\u00e4kelfieber\",\"isPartOf\":{\"@id\":\"https:\\\/\\\/www.haekelfieber.de\\\/wp-blog\\\/#website\"},\"primaryImageOfPage\":{\"@id\":\"https:\\\/\\\/www.haekelfieber.de\\\/wp-blog\\\/2014\\\/07\\\/ich-euch-schon-laengst-mal-zeigen-wollte\\\/#primaryimage\"},\"image\":{\"@id\":\"https:\\\/\\\/www.haekelfieber.de\\\/wp-blog\\\/2014\\\/07\\\/ich-euch-schon-laengst-mal-zeigen-wollte\\\/#primaryimage\"},\"thumbnailUrl\":\"https:\\\/\\\/www.haekelfieber.de\\\/wp-blog\\\/wp-content\\\/uploads\\\/2014\\\/07\\\/2014-07-14-07.20.381-768x1024.jpg\",\"datePublished\":\"2014-07-16T17:03:08+00:00\",\"dateModified\":\"2014-07-19T05:39:14+00:00\",\"breadcrumb\":{\"@id\":\"https:\\\/\\\/www.haekelfieber.de\\\/wp-blog\\\/2014\\\/07\\\/ich-euch-schon-laengst-mal-zeigen-wollte\\\/#breadcrumb\"},\"inLanguage\":\"de\",\"potentialAction\":[{\"@type\":\"ReadAction\",\"target\":[\"https:\\\/\\\/www.haekelfieber.de\\\/wp-blog\\\/2014\\\/07\\\/ich-euch-schon-laengst-mal-zeigen-wollte\\\/\"]}]},{\"@type\":\"ImageObject\",\"inLanguage\":\"de\",\"@id\":\"https:\\\/\\\/www.haekelfieber.de\\\/wp-blog\\\/2014\\\/07\\\/ich-euch-schon-laengst-mal-zeigen-wollte\\\/#primaryimage\",\"url\":\"https:\\\/\\\/www.haekelfieber.de\\\/wp-blog\\\/wp-content\\\/uploads\\\/2014\\\/07\\\/2014-07-14-07.20.381.jpg\",\"contentUrl\":\"https:\\\/\\\/www.haekelfieber.de\\\/wp-blog\\\/wp-content\\\/uploads\\\/2014\\\/07\\\/2014-07-14-07.20.381.jpg\",\"width\":1200,\"height\":1600},{\"@type\":\"BreadcrumbList\",\"@id\":\"https:\\\/\\\/www.haekelfieber.de\\\/wp-blog\\\/2014\\\/07\\\/ich-euch-schon-laengst-mal-zeigen-wollte\\\/#breadcrumb\",\"itemListElement\":[{\"@type\":\"ListItem\",\"position\":1,\"name\":\"Home\",\"item\":\"https:\\\/\\\/www.haekelfieber.de\\\/wp-blog\\\/\"},{\"@type\":\"ListItem\",\"position\":2,\"name\":\"Was ich euch schon l\u00e4ngst mal zeigen wollte &#8211; geh\u00e4kelter Kleiderb\u00fcgel &#8211; geh\u00e4kelter Korb\"}]},{\"@type\":\"WebSite\",\"@id\":\"https:\\\/\\\/www.haekelfieber.de\\\/wp-blog\\\/#website\",\"url\":\"https:\\\/\\\/www.haekelfieber.de\\\/wp-blog\\\/\",\"name\":\"H\u00e4kelfieber\",\"description\":\"Ich bin im...\",\"publisher\":{\"@id\":\"https:\\\/\\\/www.haekelfieber.de\\\/wp-blog\\\/#organization\"},\"potentialAction\":[{\"@type\":\"SearchAction\",\"target\":{\"@type\":\"EntryPoint\",\"urlTemplate\":\"https:\\\/\\\/www.haekelfieber.de\\\/wp-blog\\\/?s={search_term_string}\"},\"query-input\":{\"@type\":\"PropertyValueSpecification\",\"valueRequired\":true,\"valueName\":\"search_term_string\"}}],\"inLanguage\":\"de\"},{\"@type\":\"Organization\",\"@id\":\"https:\\\/\\\/www.haekelfieber.de\\\/wp-blog\\\/#organization\",\"name\":\"H\u00e4kelfieber\",\"url\":\"https:\\\/\\\/www.haekelfieber.de\\\/wp-blog\\\/\",\"logo\":{\"@type\":\"ImageObject\",\"inLanguage\":\"de\",\"@id\":\"https:\\\/\\\/www.haekelfieber.de\\\/wp-blog\\\/#\\\/schema\\\/logo\\\/image\\\/\",\"url\":\"https:\\\/\\\/www.haekelfieber.de\\\/wp-blog\\\/wp-content\\\/uploads\\\/2023\\\/03\\\/kissen-haekeln2.jpg\",\"contentUrl\":\"https:\\\/\\\/www.haekelfieber.de\\\/wp-blog\\\/wp-content\\\/uploads\\\/2023\\\/03\\\/kissen-haekeln2.jpg\",\"width\":683,\"height\":1024,\"caption\":\"H\u00e4kelfieber\"},\"image\":{\"@id\":\"https:\\\/\\\/www.haekelfieber.de\\\/wp-blog\\\/#\\\/schema\\\/logo\\\/image\\\/\"}},{\"@type\":\"Person\",\"@id\":\"https:\\\/\\\/www.haekelfieber.de\\\/wp-blog\\\/#\\\/schema\\\/person\\\/08b81f8e0d3480519aadc66881dee8d7\",\"name\":\"Jutta\",\"image\":{\"@type\":\"ImageObject\",\"inLanguage\":\"de\",\"@id\":\"https:\\\/\\\/secure.gravatar.com\\\/avatar\\\/4fb96a09981d3eab52fd94765c38a5395ca69a563a8cd98c172ef85375636d9d?s=96&d=mm&r=g\",\"url\":\"https:\\\/\\\/secure.gravatar.com\\\/avatar\\\/4fb96a09981d3eab52fd94765c38a5395ca69a563a8cd98c172ef85375636d9d?s=96&d=mm&r=g\",\"contentUrl\":\"https:\\\/\\\/secure.gravatar.com\\\/avatar\\\/4fb96a09981d3eab52fd94765c38a5395ca69a563a8cd98c172ef85375636d9d?s=96&d=mm&r=g\",\"caption\":\"Jutta\"},\"url\":\"https:\\\/\\\/www.haekelfieber.de\\\/wp-blog\\\/author\\\/admin\\\/\"}]}<\/script>\n<!-- \/ Yoast SEO plugin. -->","yoast_head_json":{"title":"Was ich euch schon l\u00e4ngst mal zeigen wollte - geh\u00e4kelter Kleiderb\u00fcgel - geh\u00e4kelter Korb - H\u00e4kelfieber","robots":{"index":"index","follow":"follow","max-snippet":"max-snippet:-1","max-image-preview":"max-image-preview:large","max-video-preview":"max-video-preview:-1"},"canonical":"https:\/\/www.haekelfieber.de\/wp-blog\/2014\/07\/ich-euch-schon-laengst-mal-zeigen-wollte\/","og_locale":"de_DE","og_type":"article","og_title":"Was ich euch schon l\u00e4ngst mal zeigen wollte - geh\u00e4kelter Kleiderb\u00fcgel - geh\u00e4kelter Korb - H\u00e4kelfieber","og_description":"Das kennt ihr sicher auch: Wenn man am kreativen Werkeln ist kommen immer mehr Ideen. So hat sich bei mir Geh\u00e4keltes angesammelt, welches ich l\u00e4ngst mit euch teilen wollte. Zackbumm kam ein anderes, mindestens genauso ein, euch mitteilungsw\u00fcrdiges, Projekt dazwischen und somit wurden diese Ideen dann doch auf die lange Bank geschoben. Auf der langen &hellip; Was ich euch schon l\u00e4ngst mal zeigen wollte &#8211; geh\u00e4kelter Kleiderb\u00fcgel &#8211; geh\u00e4kelter Korb weiterlesen &rarr;","og_url":"https:\/\/www.haekelfieber.de\/wp-blog\/2014\/07\/ich-euch-schon-laengst-mal-zeigen-wollte\/","og_site_name":"H\u00e4kelfieber","article_published_time":"2014-07-16T17:03:08+00:00","article_modified_time":"2014-07-19T05:39:14+00:00","og_image":[{"url":"https:\/\/www.haekelfieber.de\/wp-blog\/wp-content\/uploads\/2014\/07\/Geh\u00e4kelter-Kleiderb\u00fcgel-6-768x1024.jpg","type":"","width":"","height":""}],"author":"Jutta","twitter_misc":{"Verfasst von":"Jutta","Gesch\u00e4tzte Lesezeit":"2\u00a0Minuten"},"schema":{"@context":"https:\/\/schema.org","@graph":[{"@type":"Article","@id":"https:\/\/www.haekelfieber.de\/wp-blog\/2014\/07\/ich-euch-schon-laengst-mal-zeigen-wollte\/#article","isPartOf":{"@id":"https:\/\/www.haekelfieber.de\/wp-blog\/2014\/07\/ich-euch-schon-laengst-mal-zeigen-wollte\/"},"author":{"name":"Jutta","@id":"https:\/\/www.haekelfieber.de\/wp-blog\/#\/schema\/person\/08b81f8e0d3480519aadc66881dee8d7"},"headline":"Was ich euch schon l\u00e4ngst mal zeigen wollte &#8211; geh\u00e4kelter Kleiderb\u00fcgel &#8211; geh\u00e4kelter Korb","datePublished":"2014-07-16T17:03:08+00:00","dateModified":"2014-07-19T05:39:14+00:00","mainEntityOfPage":{"@id":"https:\/\/www.haekelfieber.de\/wp-blog\/2014\/07\/ich-euch-schon-laengst-mal-zeigen-wollte\/"},"wordCount":349,"commentCount":2,"publisher":{"@id":"https:\/\/www.haekelfieber.de\/wp-blog\/#organization"},"image":{"@id":"https:\/\/www.haekelfieber.de\/wp-blog\/2014\/07\/ich-euch-schon-laengst-mal-zeigen-wollte\/#primaryimage"},"thumbnailUrl":"https:\/\/www.haekelfieber.de\/wp-blog\/wp-content\/uploads\/2014\/07\/2014-07-14-07.20.381-768x1024.jpg","articleSection":["H\u00e4keln"],"inLanguage":"de","potentialAction":[{"@type":"CommentAction","name":"Comment","target":["https:\/\/www.haekelfieber.de\/wp-blog\/2014\/07\/ich-euch-schon-laengst-mal-zeigen-wollte\/#respond"]}]},{"@type":"WebPage","@id":"https:\/\/www.haekelfieber.de\/wp-blog\/2014\/07\/ich-euch-schon-laengst-mal-zeigen-wollte\/","url":"https:\/\/www.haekelfieber.de\/wp-blog\/2014\/07\/ich-euch-schon-laengst-mal-zeigen-wollte\/","name":"Was ich euch schon l\u00e4ngst mal zeigen wollte - geh\u00e4kelter Kleiderb\u00fcgel - geh\u00e4kelter Korb - H\u00e4kelfieber","isPartOf":{"@id":"https:\/\/www.haekelfieber.de\/wp-blog\/#website"},"primaryImageOfPage":{"@id":"https:\/\/www.haekelfieber.de\/wp-blog\/2014\/07\/ich-euch-schon-laengst-mal-zeigen-wollte\/#primaryimage"},"image":{"@id":"https:\/\/www.haekelfieber.de\/wp-blog\/2014\/07\/ich-euch-schon-laengst-mal-zeigen-wollte\/#primaryimage"},"thumbnailUrl":"https:\/\/www.haekelfieber.de\/wp-blog\/wp-content\/uploads\/2014\/07\/2014-07-14-07.20.381-768x1024.jpg","datePublished":"2014-07-16T17:03:08+00:00","dateModified":"2014-07-19T05:39:14+00:00","breadcrumb":{"@id":"https:\/\/www.haekelfieber.de\/wp-blog\/2014\/07\/ich-euch-schon-laengst-mal-zeigen-wollte\/#breadcrumb"},"inLanguage":"de","potentialAction":[{"@type":"ReadAction","target":["https:\/\/www.haekelfieber.de\/wp-blog\/2014\/07\/ich-euch-schon-laengst-mal-zeigen-wollte\/"]}]},{"@type":"ImageObject","inLanguage":"de","@id":"https:\/\/www.haekelfieber.de\/wp-blog\/2014\/07\/ich-euch-schon-laengst-mal-zeigen-wollte\/#primaryimage","url":"https:\/\/www.haekelfieber.de\/wp-blog\/wp-content\/uploads\/2014\/07\/2014-07-14-07.20.381.jpg","contentUrl":"https:\/\/www.haekelfieber.de\/wp-blog\/wp-content\/uploads\/2014\/07\/2014-07-14-07.20.381.jpg","width":1200,"height":1600},{"@type":"BreadcrumbList","@id":"https:\/\/www.haekelfieber.de\/wp-blog\/2014\/07\/ich-euch-schon-laengst-mal-zeigen-wollte\/#breadcrumb","itemListElement":[{"@type":"ListItem","position":1,"name":"Home","item":"https:\/\/www.haekelfieber.de\/wp-blog\/"},{"@type":"ListItem","position":2,"name":"Was ich euch schon l\u00e4ngst mal zeigen wollte &#8211; geh\u00e4kelter Kleiderb\u00fcgel &#8211; geh\u00e4kelter Korb"}]},{"@type":"WebSite","@id":"https:\/\/www.haekelfieber.de\/wp-blog\/#website","url":"https:\/\/www.haekelfieber.de\/wp-blog\/","name":"H\u00e4kelfieber","description":"Ich bin im...","publisher":{"@id":"https:\/\/www.haekelfieber.de\/wp-blog\/#organization"},"potentialAction":[{"@type":"SearchAction","target":{"@type":"EntryPoint","urlTemplate":"https:\/\/www.haekelfieber.de\/wp-blog\/?s={search_term_string}"},"query-input":{"@type":"PropertyValueSpecification","valueRequired":true,"valueName":"search_term_string"}}],"inLanguage":"de"},{"@type":"Organization","@id":"https:\/\/www.haekelfieber.de\/wp-blog\/#organization","name":"H\u00e4kelfieber","url":"https:\/\/www.haekelfieber.de\/wp-blog\/","logo":{"@type":"ImageObject","inLanguage":"de","@id":"https:\/\/www.haekelfieber.de\/wp-blog\/#\/schema\/logo\/image\/","url":"https:\/\/www.haekelfieber.de\/wp-blog\/wp-content\/uploads\/2023\/03\/kissen-haekeln2.jpg","contentUrl":"https:\/\/www.haekelfieber.de\/wp-blog\/wp-content\/uploads\/2023\/03\/kissen-haekeln2.jpg","width":683,"height":1024,"caption":"H\u00e4kelfieber"},"image":{"@id":"https:\/\/www.haekelfieber.de\/wp-blog\/#\/schema\/logo\/image\/"}},{"@type":"Person","@id":"https:\/\/www.haekelfieber.de\/wp-blog\/#\/schema\/person\/08b81f8e0d3480519aadc66881dee8d7","name":"Jutta","image":{"@type":"ImageObject","inLanguage":"de","@id":"https:\/\/secure.gravatar.com\/avatar\/4fb96a09981d3eab52fd94765c38a5395ca69a563a8cd98c172ef85375636d9d?s=96&d=mm&r=g","url":"https:\/\/secure.gravatar.com\/avatar\/4fb96a09981d3eab52fd94765c38a5395ca69a563a8cd98c172ef85375636d9d?s=96&d=mm&r=g","contentUrl":"https:\/\/secure.gravatar.com\/avatar\/4fb96a09981d3eab52fd94765c38a5395ca69a563a8cd98c172ef85375636d9d?s=96&d=mm&r=g","caption":"Jutta"},"url":"https:\/\/www.haekelfieber.de\/wp-blog\/author\/admin\/"}]}},"_links":{"self":[{"href":"https:\/\/www.haekelfieber.de\/wp-blog\/wp-json\/wp\/v2\/posts\/592","targetHints":{"allow":["GET"]}}],"collection":[{"href":"https:\/\/www.haekelfieber.de\/wp-blog\/wp-json\/wp\/v2\/posts"}],"about":[{"href":"https:\/\/www.haekelfieber.de\/wp-blog\/wp-json\/wp\/v2\/types\/post"}],"author":[{"embeddable":true,"href":"https:\/\/www.haekelfieber.de\/wp-blog\/wp-json\/wp\/v2\/users\/1"}],"replies":[{"embeddable":true,"href":"https:\/\/www.haekelfieber.de\/wp-blog\/wp-json\/wp\/v2\/comments?post=592"}],"version-history":[{"count":2,"href":"https:\/\/www.haekelfieber.de\/wp-blog\/wp-json\/wp\/v2\/posts\/592\/revisions"}],"predecessor-version":[{"id":618,"href":"https:\/\/www.haekelfieber.de\/wp-blog\/wp-json\/wp\/v2\/posts\/592\/revisions\/618"}],"wp:attachment":[{"href":"https:\/\/www.haekelfieber.de\/wp-blog\/wp-json\/wp\/v2\/media?parent=592"}],"wp:term":[{"taxonomy":"category","embeddable":true,"href":"https:\/\/www.haekelfieber.de\/wp-blog\/wp-json\/wp\/v2\/categories?post=592"},{"taxonomy":"post_tag","embeddable":true,"href":"https:\/\/www.haekelfieber.de\/wp-blog\/wp-json\/wp\/v2\/tags?post=592"}],"curies":[{"name":"wp","href":"https:\/\/api.w.org\/{rel}","templated":true}]}}