{"id":5929,"date":"2017-01-27T18:58:25","date_gmt":"2017-01-27T17:58:25","guid":{"rendered":"http:\/\/www.haekelfieber.de\/wp-blog\/?p=5929"},"modified":"2017-01-27T18:58:25","modified_gmt":"2017-01-27T17:58:25","slug":"resteverwertung","status":"publish","type":"post","link":"https:\/\/www.haekelfieber.de\/wp-blog\/2017\/01\/resteverwertung\/","title":{"rendered":"Resteverwertung"},"content":{"rendered":"<p><img loading=\"lazy\" decoding=\"async\" class=\"aligncenter size-large wp-image-5931\" src=\"https:\/\/www.haekelfieber.de\/wp-blog\/wp-content\/uploads\/2017\/01\/schal-ha\u0308keln-1-450x600.jpg\" alt=\"\" width=\"450\" height=\"600\" srcset=\"https:\/\/www.haekelfieber.de\/wp-blog\/wp-content\/uploads\/2017\/01\/schal-ha\u0308keln-1-450x600.jpg 450w, https:\/\/www.haekelfieber.de\/wp-blog\/wp-content\/uploads\/2017\/01\/schal-ha\u0308keln-1-225x300.jpg 225w, https:\/\/www.haekelfieber.de\/wp-blog\/wp-content\/uploads\/2017\/01\/schal-ha\u0308keln-1.jpg 600w\" sizes=\"auto, (max-width: 450px) 100vw, 450px\" \/><\/p>\n<p>Diverse \u00dcberbleibselkn\u00e4uel vom Westenh\u00e4keln und was sonst noch so &#8222;herumflaggt&#8220; wird zu einem Teil kreiert, welches ich mir als fertiges Endprodukt um den Hals h\u00e4nge. Uff, das war jetzt mal ein Satz \ud83d\ude09<br \/>\nIrgendwie hat und bekommt es noch mehr einen Folkloretouch. So farbenm\u00e4\u00dfig.<br \/>\nDas \u00dcbersetzungsprogramm kommt wahrscheinlich mit meinen Ausdr\u00fccken an seine Grenzen.<br \/>\n\u00dcbersetzungstaugliche Version:<br \/>\nIch h\u00e4kle mir einen bunten Schal. Ich verarbeite Wollreste. Ich werde mir den Schal um den Hals h\u00e4ngen. Ich werde mich freuen. Ich werde hoffentlich umwerfend aussehen.<\/p>\n<p><img loading=\"lazy\" decoding=\"async\" class=\"aligncenter size-large wp-image-5933\" src=\"https:\/\/www.haekelfieber.de\/wp-blog\/wp-content\/uploads\/2017\/01\/schal-ha\u0308keln-3-450x600.jpg\" alt=\"\" width=\"450\" height=\"600\" srcset=\"https:\/\/www.haekelfieber.de\/wp-blog\/wp-content\/uploads\/2017\/01\/schal-ha\u0308keln-3-450x600.jpg 450w, https:\/\/www.haekelfieber.de\/wp-blog\/wp-content\/uploads\/2017\/01\/schal-ha\u0308keln-3-225x300.jpg 225w, https:\/\/www.haekelfieber.de\/wp-blog\/wp-content\/uploads\/2017\/01\/schal-ha\u0308keln-3.jpg 600w\" sizes=\"auto, (max-width: 450px) 100vw, 450px\" \/><br \/>\n<img loading=\"lazy\" decoding=\"async\" class=\"aligncenter size-large wp-image-5934\" src=\"https:\/\/www.haekelfieber.de\/wp-blog\/wp-content\/uploads\/2017\/01\/schal-ha\u0308keln-4-450x600.jpg\" alt=\"\" width=\"450\" height=\"600\" srcset=\"https:\/\/www.haekelfieber.de\/wp-blog\/wp-content\/uploads\/2017\/01\/schal-ha\u0308keln-4-450x600.jpg 450w, https:\/\/www.haekelfieber.de\/wp-blog\/wp-content\/uploads\/2017\/01\/schal-ha\u0308keln-4-225x300.jpg 225w, https:\/\/www.haekelfieber.de\/wp-blog\/wp-content\/uploads\/2017\/01\/schal-ha\u0308keln-4.jpg 600w\" sizes=\"auto, (max-width: 450px) 100vw, 450px\" \/><\/p>\n<p>Resteverwertung essenstechnisch:<\/p>\n<p><img loading=\"lazy\" decoding=\"async\" class=\"aligncenter size-large wp-image-5939\" src=\"https:\/\/www.haekelfieber.de\/wp-blog\/wp-content\/uploads\/2017\/01\/Resteverwertung-1-600x450.jpg\" alt=\"\" width=\"600\" height=\"450\" srcset=\"https:\/\/www.haekelfieber.de\/wp-blog\/wp-content\/uploads\/2017\/01\/Resteverwertung-1-600x450.jpg 600w, https:\/\/www.haekelfieber.de\/wp-blog\/wp-content\/uploads\/2017\/01\/Resteverwertung-1-300x225.jpg 300w, https:\/\/www.haekelfieber.de\/wp-blog\/wp-content\/uploads\/2017\/01\/Resteverwertung-1-768x576.jpg 768w, https:\/\/www.haekelfieber.de\/wp-blog\/wp-content\/uploads\/2017\/01\/Resteverwertung-1.jpg 800w\" sizes=\"auto, (max-width: 600px) 100vw, 600px\" \/><br \/>\n<img loading=\"lazy\" decoding=\"async\" class=\"aligncenter size-large wp-image-5940\" src=\"https:\/\/www.haekelfieber.de\/wp-blog\/wp-content\/uploads\/2017\/01\/Resteverwertung-2-600x450.jpg\" alt=\"\" width=\"600\" height=\"450\" srcset=\"https:\/\/www.haekelfieber.de\/wp-blog\/wp-content\/uploads\/2017\/01\/Resteverwertung-2-600x450.jpg 600w, https:\/\/www.haekelfieber.de\/wp-blog\/wp-content\/uploads\/2017\/01\/Resteverwertung-2-300x225.jpg 300w, https:\/\/www.haekelfieber.de\/wp-blog\/wp-content\/uploads\/2017\/01\/Resteverwertung-2-768x576.jpg 768w, https:\/\/www.haekelfieber.de\/wp-blog\/wp-content\/uploads\/2017\/01\/Resteverwertung-2.jpg 800w\" sizes=\"auto, (max-width: 600px) 100vw, 600px\" \/><\/p>\n<p>Auch bunt zusammengew\u00fcrfelt. Ein bisschen folklorem\u00e4\u00dfig. Aus diversen &#8222;Resten&#8220;:<\/p>\n<p><img loading=\"lazy\" decoding=\"async\" class=\"aligncenter size-large wp-image-5941\" src=\"https:\/\/www.haekelfieber.de\/wp-blog\/wp-content\/uploads\/2017\/01\/schal-ha\u0308keln-2-450x600.jpg\" alt=\"\" width=\"450\" height=\"600\" srcset=\"https:\/\/www.haekelfieber.de\/wp-blog\/wp-content\/uploads\/2017\/01\/schal-ha\u0308keln-2-450x600.jpg 450w, https:\/\/www.haekelfieber.de\/wp-blog\/wp-content\/uploads\/2017\/01\/schal-ha\u0308keln-2-225x300.jpg 225w, https:\/\/www.haekelfieber.de\/wp-blog\/wp-content\/uploads\/2017\/01\/schal-ha\u0308keln-2.jpg 600w\" sizes=\"auto, (max-width: 450px) 100vw, 450px\" \/><\/p>\n<p>Euch allen einen sch\u00f6nen Freitagabend. Wochenende!!!<\/p>\n","protected":false},"excerpt":{"rendered":"<p>Diverse \u00dcberbleibselkn\u00e4uel vom Westenh\u00e4keln und was sonst noch so &#8222;herumflaggt&#8220; wird zu einem Teil kreiert, welches ich mir als fertiges Endprodukt um den Hals h\u00e4nge. Uff, das war jetzt mal ein Satz \ud83d\ude09 Irgendwie hat und bekommt es noch mehr einen Folkloretouch. So farbenm\u00e4\u00dfig. Das \u00dcbersetzungsprogramm kommt wahrscheinlich mit meinen Ausdr\u00fccken an seine Grenzen. \u00dcbersetzungstaugliche &hellip; <a href=\"https:\/\/www.haekelfieber.de\/wp-blog\/2017\/01\/resteverwertung\/\" class=\"more-link\"><span class=\"screen-reader-text\">Resteverwertung<\/span> weiterlesen <span class=\"meta-nav\">&rarr;<\/span><\/a><\/p>\n","protected":false},"author":1,"featured_media":0,"comment_status":"open","ping_status":"open","sticky":false,"template":"","format":"standard","meta":{"footnotes":""},"categories":[5],"tags":[],"class_list":["post-5929","post","type-post","status-publish","format-standard","hentry","category-haekeln"],"yoast_head":"<!-- This site is optimized with the Yoast SEO plugin v27.4 - https:\/\/yoast.com\/product\/yoast-seo-wordpress\/ -->\n<title>Resteverwertung - H\u00e4kelfieber<\/title>\n<meta name=\"robots\" content=\"index, follow, max-snippet:-1, max-image-preview:large, max-video-preview:-1\" \/>\n<link rel=\"canonical\" href=\"https:\/\/www.haekelfieber.de\/wp-blog\/2017\/01\/resteverwertung\/\" \/>\n<meta property=\"og:locale\" content=\"de_DE\" \/>\n<meta property=\"og:type\" content=\"article\" \/>\n<meta property=\"og:title\" content=\"Resteverwertung - H\u00e4kelfieber\" \/>\n<meta property=\"og:description\" content=\"Diverse \u00dcberbleibselkn\u00e4uel vom Westenh\u00e4keln und was sonst noch so &#8222;herumflaggt&#8220; wird zu einem Teil kreiert, welches ich mir als fertiges Endprodukt um den Hals h\u00e4nge. Uff, das war jetzt mal ein Satz \ud83d\ude09 Irgendwie hat und bekommt es noch mehr einen Folkloretouch. So farbenm\u00e4\u00dfig. Das \u00dcbersetzungsprogramm kommt wahrscheinlich mit meinen Ausdr\u00fccken an seine Grenzen. \u00dcbersetzungstaugliche &hellip; Resteverwertung weiterlesen &rarr;\" \/>\n<meta property=\"og:url\" content=\"https:\/\/www.haekelfieber.de\/wp-blog\/2017\/01\/resteverwertung\/\" \/>\n<meta property=\"og:site_name\" content=\"H\u00e4kelfieber\" \/>\n<meta property=\"article:published_time\" content=\"2017-01-27T17:58:25+00:00\" \/>\n<meta property=\"og:image\" content=\"https:\/\/www.haekelfieber.de\/wp-blog\/wp-content\/uploads\/2017\/01\/schal-ha\u0308keln-1-450x600.jpg\" \/>\n<meta name=\"author\" content=\"Jutta\" \/>\n<meta name=\"twitter:label1\" content=\"Verfasst von\" \/>\n\t<meta name=\"twitter:data1\" content=\"Jutta\" \/>\n\t<meta name=\"twitter:label2\" content=\"Gesch\u00e4tzte Lesezeit\" \/>\n\t<meta name=\"twitter:data2\" content=\"1\u00a0Minute\" \/>\n<script type=\"application\/ld+json\" class=\"yoast-schema-graph\">{\"@context\":\"https:\\\/\\\/schema.org\",\"@graph\":[{\"@type\":\"Article\",\"@id\":\"https:\\\/\\\/www.haekelfieber.de\\\/wp-blog\\\/2017\\\/01\\\/resteverwertung\\\/#article\",\"isPartOf\":{\"@id\":\"https:\\\/\\\/www.haekelfieber.de\\\/wp-blog\\\/2017\\\/01\\\/resteverwertung\\\/\"},\"author\":{\"name\":\"Jutta\",\"@id\":\"https:\\\/\\\/www.haekelfieber.de\\\/wp-blog\\\/#\\\/schema\\\/person\\\/08b81f8e0d3480519aadc66881dee8d7\"},\"headline\":\"Resteverwertung\",\"datePublished\":\"2017-01-27T17:58:25+00:00\",\"mainEntityOfPage\":{\"@id\":\"https:\\\/\\\/www.haekelfieber.de\\\/wp-blog\\\/2017\\\/01\\\/resteverwertung\\\/\"},\"wordCount\":110,\"commentCount\":0,\"publisher\":{\"@id\":\"https:\\\/\\\/www.haekelfieber.de\\\/wp-blog\\\/#organization\"},\"image\":{\"@id\":\"https:\\\/\\\/www.haekelfieber.de\\\/wp-blog\\\/2017\\\/01\\\/resteverwertung\\\/#primaryimage\"},\"thumbnailUrl\":\"https:\\\/\\\/www.haekelfieber.de\\\/wp-blog\\\/wp-content\\\/uploads\\\/2017\\\/01\\\/Resteverwertung-1-600x450.jpg\",\"articleSection\":[\"H\u00e4keln\"],\"inLanguage\":\"de\",\"potentialAction\":[{\"@type\":\"CommentAction\",\"name\":\"Comment\",\"target\":[\"https:\\\/\\\/www.haekelfieber.de\\\/wp-blog\\\/2017\\\/01\\\/resteverwertung\\\/#respond\"]}]},{\"@type\":\"WebPage\",\"@id\":\"https:\\\/\\\/www.haekelfieber.de\\\/wp-blog\\\/2017\\\/01\\\/resteverwertung\\\/\",\"url\":\"https:\\\/\\\/www.haekelfieber.de\\\/wp-blog\\\/2017\\\/01\\\/resteverwertung\\\/\",\"name\":\"Resteverwertung - H\u00e4kelfieber\",\"isPartOf\":{\"@id\":\"https:\\\/\\\/www.haekelfieber.de\\\/wp-blog\\\/#website\"},\"primaryImageOfPage\":{\"@id\":\"https:\\\/\\\/www.haekelfieber.de\\\/wp-blog\\\/2017\\\/01\\\/resteverwertung\\\/#primaryimage\"},\"image\":{\"@id\":\"https:\\\/\\\/www.haekelfieber.de\\\/wp-blog\\\/2017\\\/01\\\/resteverwertung\\\/#primaryimage\"},\"thumbnailUrl\":\"https:\\\/\\\/www.haekelfieber.de\\\/wp-blog\\\/wp-content\\\/uploads\\\/2017\\\/01\\\/Resteverwertung-1-600x450.jpg\",\"datePublished\":\"2017-01-27T17:58:25+00:00\",\"breadcrumb\":{\"@id\":\"https:\\\/\\\/www.haekelfieber.de\\\/wp-blog\\\/2017\\\/01\\\/resteverwertung\\\/#breadcrumb\"},\"inLanguage\":\"de\",\"potentialAction\":[{\"@type\":\"ReadAction\",\"target\":[\"https:\\\/\\\/www.haekelfieber.de\\\/wp-blog\\\/2017\\\/01\\\/resteverwertung\\\/\"]}]},{\"@type\":\"ImageObject\",\"inLanguage\":\"de\",\"@id\":\"https:\\\/\\\/www.haekelfieber.de\\\/wp-blog\\\/2017\\\/01\\\/resteverwertung\\\/#primaryimage\",\"url\":\"https:\\\/\\\/www.haekelfieber.de\\\/wp-blog\\\/wp-content\\\/uploads\\\/2017\\\/01\\\/Resteverwertung-1.jpg\",\"contentUrl\":\"https:\\\/\\\/www.haekelfieber.de\\\/wp-blog\\\/wp-content\\\/uploads\\\/2017\\\/01\\\/Resteverwertung-1.jpg\",\"width\":800,\"height\":600},{\"@type\":\"BreadcrumbList\",\"@id\":\"https:\\\/\\\/www.haekelfieber.de\\\/wp-blog\\\/2017\\\/01\\\/resteverwertung\\\/#breadcrumb\",\"itemListElement\":[{\"@type\":\"ListItem\",\"position\":1,\"name\":\"Home\",\"item\":\"https:\\\/\\\/www.haekelfieber.de\\\/wp-blog\\\/\"},{\"@type\":\"ListItem\",\"position\":2,\"name\":\"Resteverwertung\"}]},{\"@type\":\"WebSite\",\"@id\":\"https:\\\/\\\/www.haekelfieber.de\\\/wp-blog\\\/#website\",\"url\":\"https:\\\/\\\/www.haekelfieber.de\\\/wp-blog\\\/\",\"name\":\"H\u00e4kelfieber\",\"description\":\"Ich bin im...\",\"publisher\":{\"@id\":\"https:\\\/\\\/www.haekelfieber.de\\\/wp-blog\\\/#organization\"},\"potentialAction\":[{\"@type\":\"SearchAction\",\"target\":{\"@type\":\"EntryPoint\",\"urlTemplate\":\"https:\\\/\\\/www.haekelfieber.de\\\/wp-blog\\\/?s={search_term_string}\"},\"query-input\":{\"@type\":\"PropertyValueSpecification\",\"valueRequired\":true,\"valueName\":\"search_term_string\"}}],\"inLanguage\":\"de\"},{\"@type\":\"Organization\",\"@id\":\"https:\\\/\\\/www.haekelfieber.de\\\/wp-blog\\\/#organization\",\"name\":\"H\u00e4kelfieber\",\"url\":\"https:\\\/\\\/www.haekelfieber.de\\\/wp-blog\\\/\",\"logo\":{\"@type\":\"ImageObject\",\"inLanguage\":\"de\",\"@id\":\"https:\\\/\\\/www.haekelfieber.de\\\/wp-blog\\\/#\\\/schema\\\/logo\\\/image\\\/\",\"url\":\"https:\\\/\\\/www.haekelfieber.de\\\/wp-blog\\\/wp-content\\\/uploads\\\/2023\\\/03\\\/kissen-haekeln2.jpg\",\"contentUrl\":\"https:\\\/\\\/www.haekelfieber.de\\\/wp-blog\\\/wp-content\\\/uploads\\\/2023\\\/03\\\/kissen-haekeln2.jpg\",\"width\":683,\"height\":1024,\"caption\":\"H\u00e4kelfieber\"},\"image\":{\"@id\":\"https:\\\/\\\/www.haekelfieber.de\\\/wp-blog\\\/#\\\/schema\\\/logo\\\/image\\\/\"}},{\"@type\":\"Person\",\"@id\":\"https:\\\/\\\/www.haekelfieber.de\\\/wp-blog\\\/#\\\/schema\\\/person\\\/08b81f8e0d3480519aadc66881dee8d7\",\"name\":\"Jutta\",\"image\":{\"@type\":\"ImageObject\",\"inLanguage\":\"de\",\"@id\":\"https:\\\/\\\/secure.gravatar.com\\\/avatar\\\/4fb96a09981d3eab52fd94765c38a5395ca69a563a8cd98c172ef85375636d9d?s=96&d=mm&r=g\",\"url\":\"https:\\\/\\\/secure.gravatar.com\\\/avatar\\\/4fb96a09981d3eab52fd94765c38a5395ca69a563a8cd98c172ef85375636d9d?s=96&d=mm&r=g\",\"contentUrl\":\"https:\\\/\\\/secure.gravatar.com\\\/avatar\\\/4fb96a09981d3eab52fd94765c38a5395ca69a563a8cd98c172ef85375636d9d?s=96&d=mm&r=g\",\"caption\":\"Jutta\"},\"url\":\"https:\\\/\\\/www.haekelfieber.de\\\/wp-blog\\\/author\\\/admin\\\/\"}]}<\/script>\n<!-- \/ Yoast SEO plugin. -->","yoast_head_json":{"title":"Resteverwertung - H\u00e4kelfieber","robots":{"index":"index","follow":"follow","max-snippet":"max-snippet:-1","max-image-preview":"max-image-preview:large","max-video-preview":"max-video-preview:-1"},"canonical":"https:\/\/www.haekelfieber.de\/wp-blog\/2017\/01\/resteverwertung\/","og_locale":"de_DE","og_type":"article","og_title":"Resteverwertung - H\u00e4kelfieber","og_description":"Diverse \u00dcberbleibselkn\u00e4uel vom Westenh\u00e4keln und was sonst noch so &#8222;herumflaggt&#8220; wird zu einem Teil kreiert, welches ich mir als fertiges Endprodukt um den Hals h\u00e4nge. Uff, das war jetzt mal ein Satz \ud83d\ude09 Irgendwie hat und bekommt es noch mehr einen Folkloretouch. So farbenm\u00e4\u00dfig. Das \u00dcbersetzungsprogramm kommt wahrscheinlich mit meinen Ausdr\u00fccken an seine Grenzen. \u00dcbersetzungstaugliche &hellip; Resteverwertung weiterlesen &rarr;","og_url":"https:\/\/www.haekelfieber.de\/wp-blog\/2017\/01\/resteverwertung\/","og_site_name":"H\u00e4kelfieber","article_published_time":"2017-01-27T17:58:25+00:00","og_image":[{"url":"https:\/\/www.haekelfieber.de\/wp-blog\/wp-content\/uploads\/2017\/01\/schal-ha\u0308keln-1-450x600.jpg","type":"","width":"","height":""}],"author":"Jutta","twitter_misc":{"Verfasst von":"Jutta","Gesch\u00e4tzte Lesezeit":"1\u00a0Minute"},"schema":{"@context":"https:\/\/schema.org","@graph":[{"@type":"Article","@id":"https:\/\/www.haekelfieber.de\/wp-blog\/2017\/01\/resteverwertung\/#article","isPartOf":{"@id":"https:\/\/www.haekelfieber.de\/wp-blog\/2017\/01\/resteverwertung\/"},"author":{"name":"Jutta","@id":"https:\/\/www.haekelfieber.de\/wp-blog\/#\/schema\/person\/08b81f8e0d3480519aadc66881dee8d7"},"headline":"Resteverwertung","datePublished":"2017-01-27T17:58:25+00:00","mainEntityOfPage":{"@id":"https:\/\/www.haekelfieber.de\/wp-blog\/2017\/01\/resteverwertung\/"},"wordCount":110,"commentCount":0,"publisher":{"@id":"https:\/\/www.haekelfieber.de\/wp-blog\/#organization"},"image":{"@id":"https:\/\/www.haekelfieber.de\/wp-blog\/2017\/01\/resteverwertung\/#primaryimage"},"thumbnailUrl":"https:\/\/www.haekelfieber.de\/wp-blog\/wp-content\/uploads\/2017\/01\/Resteverwertung-1-600x450.jpg","articleSection":["H\u00e4keln"],"inLanguage":"de","potentialAction":[{"@type":"CommentAction","name":"Comment","target":["https:\/\/www.haekelfieber.de\/wp-blog\/2017\/01\/resteverwertung\/#respond"]}]},{"@type":"WebPage","@id":"https:\/\/www.haekelfieber.de\/wp-blog\/2017\/01\/resteverwertung\/","url":"https:\/\/www.haekelfieber.de\/wp-blog\/2017\/01\/resteverwertung\/","name":"Resteverwertung - H\u00e4kelfieber","isPartOf":{"@id":"https:\/\/www.haekelfieber.de\/wp-blog\/#website"},"primaryImageOfPage":{"@id":"https:\/\/www.haekelfieber.de\/wp-blog\/2017\/01\/resteverwertung\/#primaryimage"},"image":{"@id":"https:\/\/www.haekelfieber.de\/wp-blog\/2017\/01\/resteverwertung\/#primaryimage"},"thumbnailUrl":"https:\/\/www.haekelfieber.de\/wp-blog\/wp-content\/uploads\/2017\/01\/Resteverwertung-1-600x450.jpg","datePublished":"2017-01-27T17:58:25+00:00","breadcrumb":{"@id":"https:\/\/www.haekelfieber.de\/wp-blog\/2017\/01\/resteverwertung\/#breadcrumb"},"inLanguage":"de","potentialAction":[{"@type":"ReadAction","target":["https:\/\/www.haekelfieber.de\/wp-blog\/2017\/01\/resteverwertung\/"]}]},{"@type":"ImageObject","inLanguage":"de","@id":"https:\/\/www.haekelfieber.de\/wp-blog\/2017\/01\/resteverwertung\/#primaryimage","url":"https:\/\/www.haekelfieber.de\/wp-blog\/wp-content\/uploads\/2017\/01\/Resteverwertung-1.jpg","contentUrl":"https:\/\/www.haekelfieber.de\/wp-blog\/wp-content\/uploads\/2017\/01\/Resteverwertung-1.jpg","width":800,"height":600},{"@type":"BreadcrumbList","@id":"https:\/\/www.haekelfieber.de\/wp-blog\/2017\/01\/resteverwertung\/#breadcrumb","itemListElement":[{"@type":"ListItem","position":1,"name":"Home","item":"https:\/\/www.haekelfieber.de\/wp-blog\/"},{"@type":"ListItem","position":2,"name":"Resteverwertung"}]},{"@type":"WebSite","@id":"https:\/\/www.haekelfieber.de\/wp-blog\/#website","url":"https:\/\/www.haekelfieber.de\/wp-blog\/","name":"H\u00e4kelfieber","description":"Ich bin im...","publisher":{"@id":"https:\/\/www.haekelfieber.de\/wp-blog\/#organization"},"potentialAction":[{"@type":"SearchAction","target":{"@type":"EntryPoint","urlTemplate":"https:\/\/www.haekelfieber.de\/wp-blog\/?s={search_term_string}"},"query-input":{"@type":"PropertyValueSpecification","valueRequired":true,"valueName":"search_term_string"}}],"inLanguage":"de"},{"@type":"Organization","@id":"https:\/\/www.haekelfieber.de\/wp-blog\/#organization","name":"H\u00e4kelfieber","url":"https:\/\/www.haekelfieber.de\/wp-blog\/","logo":{"@type":"ImageObject","inLanguage":"de","@id":"https:\/\/www.haekelfieber.de\/wp-blog\/#\/schema\/logo\/image\/","url":"https:\/\/www.haekelfieber.de\/wp-blog\/wp-content\/uploads\/2023\/03\/kissen-haekeln2.jpg","contentUrl":"https:\/\/www.haekelfieber.de\/wp-blog\/wp-content\/uploads\/2023\/03\/kissen-haekeln2.jpg","width":683,"height":1024,"caption":"H\u00e4kelfieber"},"image":{"@id":"https:\/\/www.haekelfieber.de\/wp-blog\/#\/schema\/logo\/image\/"}},{"@type":"Person","@id":"https:\/\/www.haekelfieber.de\/wp-blog\/#\/schema\/person\/08b81f8e0d3480519aadc66881dee8d7","name":"Jutta","image":{"@type":"ImageObject","inLanguage":"de","@id":"https:\/\/secure.gravatar.com\/avatar\/4fb96a09981d3eab52fd94765c38a5395ca69a563a8cd98c172ef85375636d9d?s=96&d=mm&r=g","url":"https:\/\/secure.gravatar.com\/avatar\/4fb96a09981d3eab52fd94765c38a5395ca69a563a8cd98c172ef85375636d9d?s=96&d=mm&r=g","contentUrl":"https:\/\/secure.gravatar.com\/avatar\/4fb96a09981d3eab52fd94765c38a5395ca69a563a8cd98c172ef85375636d9d?s=96&d=mm&r=g","caption":"Jutta"},"url":"https:\/\/www.haekelfieber.de\/wp-blog\/author\/admin\/"}]}},"_links":{"self":[{"href":"https:\/\/www.haekelfieber.de\/wp-blog\/wp-json\/wp\/v2\/posts\/5929","targetHints":{"allow":["GET"]}}],"collection":[{"href":"https:\/\/www.haekelfieber.de\/wp-blog\/wp-json\/wp\/v2\/posts"}],"about":[{"href":"https:\/\/www.haekelfieber.de\/wp-blog\/wp-json\/wp\/v2\/types\/post"}],"author":[{"embeddable":true,"href":"https:\/\/www.haekelfieber.de\/wp-blog\/wp-json\/wp\/v2\/users\/1"}],"replies":[{"embeddable":true,"href":"https:\/\/www.haekelfieber.de\/wp-blog\/wp-json\/wp\/v2\/comments?post=5929"}],"version-history":[{"count":4,"href":"https:\/\/www.haekelfieber.de\/wp-blog\/wp-json\/wp\/v2\/posts\/5929\/revisions"}],"predecessor-version":[{"id":5942,"href":"https:\/\/www.haekelfieber.de\/wp-blog\/wp-json\/wp\/v2\/posts\/5929\/revisions\/5942"}],"wp:attachment":[{"href":"https:\/\/www.haekelfieber.de\/wp-blog\/wp-json\/wp\/v2\/media?parent=5929"}],"wp:term":[{"taxonomy":"category","embeddable":true,"href":"https:\/\/www.haekelfieber.de\/wp-blog\/wp-json\/wp\/v2\/categories?post=5929"},{"taxonomy":"post_tag","embeddable":true,"href":"https:\/\/www.haekelfieber.de\/wp-blog\/wp-json\/wp\/v2\/tags?post=5929"}],"curies":[{"name":"wp","href":"https:\/\/api.w.org\/{rel}","templated":true}]}}