{"id":6098,"date":"2017-03-02T19:09:29","date_gmt":"2017-03-02T18:09:29","guid":{"rendered":"http:\/\/www.haekelfieber.de\/wp-blog\/?p=6098"},"modified":"2017-03-02T19:10:08","modified_gmt":"2017-03-02T18:10:08","slug":"das-tut-mir-wohl","status":"publish","type":"post","link":"https:\/\/www.haekelfieber.de\/wp-blog\/2017\/03\/das-tut-mir-wohl\/","title":{"rendered":"Das tut mir wohl:"},"content":{"rendered":"<p>Die sch\u00f6ne Aussicht auf meine aktuelle H\u00e4kelarbeit \u00e4h mein H\u00e4kelvergn\u00fcgen, der Blick auf bereits Geh\u00e4keltes (Deckchen auf dem Tisch und Kissen) sowie die Aussicht in die Weite durchs K\u00fcchenfenster:<\/p>\n<p><img loading=\"lazy\" decoding=\"async\" class=\"aligncenter size-large wp-image-6105\" src=\"https:\/\/www.haekelfieber.de\/wp-blog\/wp-content\/uploads\/2017\/03\/haekeln-freude-bunt-6-450x600.jpg\" alt=\"\" width=\"450\" height=\"600\" srcset=\"https:\/\/www.haekelfieber.de\/wp-blog\/wp-content\/uploads\/2017\/03\/haekeln-freude-bunt-6-450x600.jpg 450w, https:\/\/www.haekelfieber.de\/wp-blog\/wp-content\/uploads\/2017\/03\/haekeln-freude-bunt-6-225x300.jpg 225w, https:\/\/www.haekelfieber.de\/wp-blog\/wp-content\/uploads\/2017\/03\/haekeln-freude-bunt-6.jpg 600w\" sizes=\"auto, (max-width: 450px) 100vw, 450px\" \/><\/p>\n<p>Der Anblick meiner Ecke. Nettes Geh\u00e4keltes, Gestrichenes, Gelackiertes und im Gebrauchtwarenkaufhaus zugelaufenes:<\/p>\n<p><img loading=\"lazy\" decoding=\"async\" class=\"aligncenter size-large wp-image-6107\" src=\"https:\/\/www.haekelfieber.de\/wp-blog\/wp-content\/uploads\/2017\/03\/haekeln-freude-bunt-8-450x600.jpg\" alt=\"\" width=\"450\" height=\"600\" srcset=\"https:\/\/www.haekelfieber.de\/wp-blog\/wp-content\/uploads\/2017\/03\/haekeln-freude-bunt-8-450x600.jpg 450w, https:\/\/www.haekelfieber.de\/wp-blog\/wp-content\/uploads\/2017\/03\/haekeln-freude-bunt-8-225x300.jpg 225w, https:\/\/www.haekelfieber.de\/wp-blog\/wp-content\/uploads\/2017\/03\/haekeln-freude-bunt-8.jpg 600w\" sizes=\"auto, (max-width: 450px) 100vw, 450px\" \/><\/p>\n<p>Meine bunten Flohmarktfunde auf dem K\u00fcchenregal:<\/p>\n<p><img loading=\"lazy\" decoding=\"async\" class=\"aligncenter size-large wp-image-6104\" src=\"https:\/\/www.haekelfieber.de\/wp-blog\/wp-content\/uploads\/2017\/03\/haekeln-freude-bunt-5-450x600.jpg\" alt=\"\" width=\"450\" height=\"600\" srcset=\"https:\/\/www.haekelfieber.de\/wp-blog\/wp-content\/uploads\/2017\/03\/haekeln-freude-bunt-5-450x600.jpg 450w, https:\/\/www.haekelfieber.de\/wp-blog\/wp-content\/uploads\/2017\/03\/haekeln-freude-bunt-5-225x300.jpg 225w, https:\/\/www.haekelfieber.de\/wp-blog\/wp-content\/uploads\/2017\/03\/haekeln-freude-bunt-5.jpg 600w\" sizes=\"auto, (max-width: 450px) 100vw, 450px\" \/><br \/>\n<img loading=\"lazy\" decoding=\"async\" class=\"aligncenter size-large wp-image-6103\" src=\"https:\/\/www.haekelfieber.de\/wp-blog\/wp-content\/uploads\/2017\/03\/haekeln-freude-bunt-4-450x600.jpg\" alt=\"\" width=\"450\" height=\"600\" srcset=\"https:\/\/www.haekelfieber.de\/wp-blog\/wp-content\/uploads\/2017\/03\/haekeln-freude-bunt-4-450x600.jpg 450w, https:\/\/www.haekelfieber.de\/wp-blog\/wp-content\/uploads\/2017\/03\/haekeln-freude-bunt-4-225x300.jpg 225w, https:\/\/www.haekelfieber.de\/wp-blog\/wp-content\/uploads\/2017\/03\/haekeln-freude-bunt-4.jpg 600w\" sizes=\"auto, (max-width: 450px) 100vw, 450px\" \/><\/p>\n<p>Ein Nachmittag unter Gleichgesinntinnen. Heute war wieder &#8222;Offener Handarbeitstreff&#8220;.<br \/>\nIm November habe ich ihn ins Leben gerufen. Es hat sich ein bunter Haufen an handarbeitsbegeisterten humorvollen Frauen zusammengefunden.<br \/>\nDie \u00c4lteste ist um die 85 Jahre. Fit wie ein Turnschuh. Sie h\u00e4kelt, strickt, stickt. Heute hat sie dieses von ihr frisch fabrizierte Deckchen verschenkt. Habe es mir gleich unter den Nagel gerissen \ud83d\ude42<br \/>\nSie ist mein Vorbild f\u00fcrs Alter: Alle sieben Zaunlatten beieinander haben, Handarbeiten am laufenden Band produzieren und mir eine gro\u00dfe Portion Offenheit f\u00fcr Neues bewahrt haben.<br \/>\nHier ihr Deckchen:<\/p>\n<p><img loading=\"lazy\" decoding=\"async\" class=\"aligncenter size-large wp-image-6100\" src=\"https:\/\/www.haekelfieber.de\/wp-blog\/wp-content\/uploads\/2017\/03\/haekeln-freude-bunt-1-450x600.jpg\" alt=\"\" width=\"450\" height=\"600\" srcset=\"https:\/\/www.haekelfieber.de\/wp-blog\/wp-content\/uploads\/2017\/03\/haekeln-freude-bunt-1-450x600.jpg 450w, https:\/\/www.haekelfieber.de\/wp-blog\/wp-content\/uploads\/2017\/03\/haekeln-freude-bunt-1-225x300.jpg 225w, https:\/\/www.haekelfieber.de\/wp-blog\/wp-content\/uploads\/2017\/03\/haekeln-freude-bunt-1.jpg 600w\" sizes=\"auto, (max-width: 450px) 100vw, 450px\" \/><\/p>\n<table>\n<tbody>\n<tr>\n<td><img loading=\"lazy\" decoding=\"async\" class=\"aligncenter size-medium wp-image-6102\" src=\"https:\/\/www.haekelfieber.de\/wp-blog\/wp-content\/uploads\/2017\/03\/haekeln-freude-bunt-3-225x300.jpg\" alt=\"\" width=\"225\" height=\"300\" srcset=\"https:\/\/www.haekelfieber.de\/wp-blog\/wp-content\/uploads\/2017\/03\/haekeln-freude-bunt-3-225x300.jpg 225w, https:\/\/www.haekelfieber.de\/wp-blog\/wp-content\/uploads\/2017\/03\/haekeln-freude-bunt-3-450x600.jpg 450w, https:\/\/www.haekelfieber.de\/wp-blog\/wp-content\/uploads\/2017\/03\/haekeln-freude-bunt-3.jpg 600w\" sizes=\"auto, (max-width: 225px) 100vw, 225px\" \/><\/td>\n<td><img loading=\"lazy\" decoding=\"async\" class=\"aligncenter size-medium wp-image-6101\" src=\"https:\/\/www.haekelfieber.de\/wp-blog\/wp-content\/uploads\/2017\/03\/haekeln-freude-bunt-2-225x300.jpg\" alt=\"\" width=\"225\" height=\"300\" srcset=\"https:\/\/www.haekelfieber.de\/wp-blog\/wp-content\/uploads\/2017\/03\/haekeln-freude-bunt-2-225x300.jpg 225w, https:\/\/www.haekelfieber.de\/wp-blog\/wp-content\/uploads\/2017\/03\/haekeln-freude-bunt-2-450x600.jpg 450w, https:\/\/www.haekelfieber.de\/wp-blog\/wp-content\/uploads\/2017\/03\/haekeln-freude-bunt-2.jpg 600w\" sizes=\"auto, (max-width: 225px) 100vw, 225px\" \/><\/td>\n<\/tr>\n<\/tbody>\n<\/table>\n","protected":false},"excerpt":{"rendered":"<p>Die sch\u00f6ne Aussicht auf meine aktuelle H\u00e4kelarbeit \u00e4h mein H\u00e4kelvergn\u00fcgen, der Blick auf bereits Geh\u00e4keltes (Deckchen auf dem Tisch und Kissen) sowie die Aussicht in die Weite durchs K\u00fcchenfenster: Der Anblick meiner Ecke. Nettes Geh\u00e4keltes, Gestrichenes, Gelackiertes und im Gebrauchtwarenkaufhaus zugelaufenes: Meine bunten Flohmarktfunde auf dem K\u00fcchenregal: Ein Nachmittag unter Gleichgesinntinnen. Heute war wieder &#8222;Offener &hellip; <a href=\"https:\/\/www.haekelfieber.de\/wp-blog\/2017\/03\/das-tut-mir-wohl\/\" class=\"more-link\"><span class=\"screen-reader-text\">Das tut mir wohl:<\/span> weiterlesen <span class=\"meta-nav\">&rarr;<\/span><\/a><\/p>\n","protected":false},"author":1,"featured_media":0,"comment_status":"open","ping_status":"open","sticky":false,"template":"","format":"standard","meta":{"footnotes":""},"categories":[8,5,1],"tags":[],"class_list":["post-6098","post","type-post","status-publish","format-standard","hentry","category-flohmarktschaetze","category-haekeln","category-manch-anderes"],"yoast_head":"<!-- This site is optimized with the Yoast SEO plugin v27.4 - https:\/\/yoast.com\/product\/yoast-seo-wordpress\/ -->\n<title>Das tut mir wohl: - H\u00e4kelfieber<\/title>\n<meta name=\"robots\" content=\"index, follow, max-snippet:-1, max-image-preview:large, max-video-preview:-1\" \/>\n<link rel=\"canonical\" href=\"https:\/\/www.haekelfieber.de\/wp-blog\/2017\/03\/das-tut-mir-wohl\/\" \/>\n<meta property=\"og:locale\" content=\"de_DE\" \/>\n<meta property=\"og:type\" content=\"article\" \/>\n<meta property=\"og:title\" content=\"Das tut mir wohl: - H\u00e4kelfieber\" \/>\n<meta property=\"og:description\" content=\"Die sch\u00f6ne Aussicht auf meine aktuelle H\u00e4kelarbeit \u00e4h mein H\u00e4kelvergn\u00fcgen, der Blick auf bereits Geh\u00e4keltes (Deckchen auf dem Tisch und Kissen) sowie die Aussicht in die Weite durchs K\u00fcchenfenster: Der Anblick meiner Ecke. Nettes Geh\u00e4keltes, Gestrichenes, Gelackiertes und im Gebrauchtwarenkaufhaus zugelaufenes: Meine bunten Flohmarktfunde auf dem K\u00fcchenregal: Ein Nachmittag unter Gleichgesinntinnen. Heute war wieder &#8222;Offener &hellip; Das tut mir wohl: weiterlesen &rarr;\" \/>\n<meta property=\"og:url\" content=\"https:\/\/www.haekelfieber.de\/wp-blog\/2017\/03\/das-tut-mir-wohl\/\" \/>\n<meta property=\"og:site_name\" content=\"H\u00e4kelfieber\" \/>\n<meta property=\"article:published_time\" content=\"2017-03-02T18:09:29+00:00\" \/>\n<meta property=\"article:modified_time\" content=\"2017-03-02T18:10:08+00:00\" \/>\n<meta property=\"og:image\" content=\"https:\/\/www.haekelfieber.de\/wp-blog\/wp-content\/uploads\/2017\/03\/haekeln-freude-bunt-6-450x600.jpg\" \/>\n<meta name=\"author\" content=\"Jutta\" \/>\n<meta name=\"twitter:label1\" content=\"Verfasst von\" \/>\n\t<meta name=\"twitter:data1\" content=\"Jutta\" \/>\n\t<meta name=\"twitter:label2\" content=\"Gesch\u00e4tzte Lesezeit\" \/>\n\t<meta name=\"twitter:data2\" content=\"1\u00a0Minute\" \/>\n<script type=\"application\/ld+json\" class=\"yoast-schema-graph\">{\"@context\":\"https:\\\/\\\/schema.org\",\"@graph\":[{\"@type\":\"Article\",\"@id\":\"https:\\\/\\\/www.haekelfieber.de\\\/wp-blog\\\/2017\\\/03\\\/das-tut-mir-wohl\\\/#article\",\"isPartOf\":{\"@id\":\"https:\\\/\\\/www.haekelfieber.de\\\/wp-blog\\\/2017\\\/03\\\/das-tut-mir-wohl\\\/\"},\"author\":{\"name\":\"Jutta\",\"@id\":\"https:\\\/\\\/www.haekelfieber.de\\\/wp-blog\\\/#\\\/schema\\\/person\\\/08b81f8e0d3480519aadc66881dee8d7\"},\"headline\":\"Das tut mir wohl:\",\"datePublished\":\"2017-03-02T18:09:29+00:00\",\"dateModified\":\"2017-03-02T18:10:08+00:00\",\"mainEntityOfPage\":{\"@id\":\"https:\\\/\\\/www.haekelfieber.de\\\/wp-blog\\\/2017\\\/03\\\/das-tut-mir-wohl\\\/\"},\"wordCount\":152,\"commentCount\":3,\"publisher\":{\"@id\":\"https:\\\/\\\/www.haekelfieber.de\\\/wp-blog\\\/#organization\"},\"image\":{\"@id\":\"https:\\\/\\\/www.haekelfieber.de\\\/wp-blog\\\/2017\\\/03\\\/das-tut-mir-wohl\\\/#primaryimage\"},\"thumbnailUrl\":\"https:\\\/\\\/www.haekelfieber.de\\\/wp-blog\\\/wp-content\\\/uploads\\\/2017\\\/03\\\/haekeln-freude-bunt-6-450x600.jpg\",\"articleSection\":[\"Flohmarktsch\u00e4tze\",\"H\u00e4keln\",\"Manch anderes\"],\"inLanguage\":\"de\",\"potentialAction\":[{\"@type\":\"CommentAction\",\"name\":\"Comment\",\"target\":[\"https:\\\/\\\/www.haekelfieber.de\\\/wp-blog\\\/2017\\\/03\\\/das-tut-mir-wohl\\\/#respond\"]}]},{\"@type\":\"WebPage\",\"@id\":\"https:\\\/\\\/www.haekelfieber.de\\\/wp-blog\\\/2017\\\/03\\\/das-tut-mir-wohl\\\/\",\"url\":\"https:\\\/\\\/www.haekelfieber.de\\\/wp-blog\\\/2017\\\/03\\\/das-tut-mir-wohl\\\/\",\"name\":\"Das tut mir wohl: - H\u00e4kelfieber\",\"isPartOf\":{\"@id\":\"https:\\\/\\\/www.haekelfieber.de\\\/wp-blog\\\/#website\"},\"primaryImageOfPage\":{\"@id\":\"https:\\\/\\\/www.haekelfieber.de\\\/wp-blog\\\/2017\\\/03\\\/das-tut-mir-wohl\\\/#primaryimage\"},\"image\":{\"@id\":\"https:\\\/\\\/www.haekelfieber.de\\\/wp-blog\\\/2017\\\/03\\\/das-tut-mir-wohl\\\/#primaryimage\"},\"thumbnailUrl\":\"https:\\\/\\\/www.haekelfieber.de\\\/wp-blog\\\/wp-content\\\/uploads\\\/2017\\\/03\\\/haekeln-freude-bunt-6-450x600.jpg\",\"datePublished\":\"2017-03-02T18:09:29+00:00\",\"dateModified\":\"2017-03-02T18:10:08+00:00\",\"breadcrumb\":{\"@id\":\"https:\\\/\\\/www.haekelfieber.de\\\/wp-blog\\\/2017\\\/03\\\/das-tut-mir-wohl\\\/#breadcrumb\"},\"inLanguage\":\"de\",\"potentialAction\":[{\"@type\":\"ReadAction\",\"target\":[\"https:\\\/\\\/www.haekelfieber.de\\\/wp-blog\\\/2017\\\/03\\\/das-tut-mir-wohl\\\/\"]}]},{\"@type\":\"ImageObject\",\"inLanguage\":\"de\",\"@id\":\"https:\\\/\\\/www.haekelfieber.de\\\/wp-blog\\\/2017\\\/03\\\/das-tut-mir-wohl\\\/#primaryimage\",\"url\":\"https:\\\/\\\/www.haekelfieber.de\\\/wp-blog\\\/wp-content\\\/uploads\\\/2017\\\/03\\\/haekeln-freude-bunt-6.jpg\",\"contentUrl\":\"https:\\\/\\\/www.haekelfieber.de\\\/wp-blog\\\/wp-content\\\/uploads\\\/2017\\\/03\\\/haekeln-freude-bunt-6.jpg\",\"width\":600,\"height\":800},{\"@type\":\"BreadcrumbList\",\"@id\":\"https:\\\/\\\/www.haekelfieber.de\\\/wp-blog\\\/2017\\\/03\\\/das-tut-mir-wohl\\\/#breadcrumb\",\"itemListElement\":[{\"@type\":\"ListItem\",\"position\":1,\"name\":\"Home\",\"item\":\"https:\\\/\\\/www.haekelfieber.de\\\/wp-blog\\\/\"},{\"@type\":\"ListItem\",\"position\":2,\"name\":\"Das tut mir wohl:\"}]},{\"@type\":\"WebSite\",\"@id\":\"https:\\\/\\\/www.haekelfieber.de\\\/wp-blog\\\/#website\",\"url\":\"https:\\\/\\\/www.haekelfieber.de\\\/wp-blog\\\/\",\"name\":\"H\u00e4kelfieber\",\"description\":\"Ich bin im...\",\"publisher\":{\"@id\":\"https:\\\/\\\/www.haekelfieber.de\\\/wp-blog\\\/#organization\"},\"potentialAction\":[{\"@type\":\"SearchAction\",\"target\":{\"@type\":\"EntryPoint\",\"urlTemplate\":\"https:\\\/\\\/www.haekelfieber.de\\\/wp-blog\\\/?s={search_term_string}\"},\"query-input\":{\"@type\":\"PropertyValueSpecification\",\"valueRequired\":true,\"valueName\":\"search_term_string\"}}],\"inLanguage\":\"de\"},{\"@type\":\"Organization\",\"@id\":\"https:\\\/\\\/www.haekelfieber.de\\\/wp-blog\\\/#organization\",\"name\":\"H\u00e4kelfieber\",\"url\":\"https:\\\/\\\/www.haekelfieber.de\\\/wp-blog\\\/\",\"logo\":{\"@type\":\"ImageObject\",\"inLanguage\":\"de\",\"@id\":\"https:\\\/\\\/www.haekelfieber.de\\\/wp-blog\\\/#\\\/schema\\\/logo\\\/image\\\/\",\"url\":\"https:\\\/\\\/www.haekelfieber.de\\\/wp-blog\\\/wp-content\\\/uploads\\\/2023\\\/03\\\/kissen-haekeln2.jpg\",\"contentUrl\":\"https:\\\/\\\/www.haekelfieber.de\\\/wp-blog\\\/wp-content\\\/uploads\\\/2023\\\/03\\\/kissen-haekeln2.jpg\",\"width\":683,\"height\":1024,\"caption\":\"H\u00e4kelfieber\"},\"image\":{\"@id\":\"https:\\\/\\\/www.haekelfieber.de\\\/wp-blog\\\/#\\\/schema\\\/logo\\\/image\\\/\"}},{\"@type\":\"Person\",\"@id\":\"https:\\\/\\\/www.haekelfieber.de\\\/wp-blog\\\/#\\\/schema\\\/person\\\/08b81f8e0d3480519aadc66881dee8d7\",\"name\":\"Jutta\",\"image\":{\"@type\":\"ImageObject\",\"inLanguage\":\"de\",\"@id\":\"https:\\\/\\\/secure.gravatar.com\\\/avatar\\\/4fb96a09981d3eab52fd94765c38a5395ca69a563a8cd98c172ef85375636d9d?s=96&d=mm&r=g\",\"url\":\"https:\\\/\\\/secure.gravatar.com\\\/avatar\\\/4fb96a09981d3eab52fd94765c38a5395ca69a563a8cd98c172ef85375636d9d?s=96&d=mm&r=g\",\"contentUrl\":\"https:\\\/\\\/secure.gravatar.com\\\/avatar\\\/4fb96a09981d3eab52fd94765c38a5395ca69a563a8cd98c172ef85375636d9d?s=96&d=mm&r=g\",\"caption\":\"Jutta\"},\"url\":\"https:\\\/\\\/www.haekelfieber.de\\\/wp-blog\\\/author\\\/admin\\\/\"}]}<\/script>\n<!-- \/ Yoast SEO plugin. -->","yoast_head_json":{"title":"Das tut mir wohl: - H\u00e4kelfieber","robots":{"index":"index","follow":"follow","max-snippet":"max-snippet:-1","max-image-preview":"max-image-preview:large","max-video-preview":"max-video-preview:-1"},"canonical":"https:\/\/www.haekelfieber.de\/wp-blog\/2017\/03\/das-tut-mir-wohl\/","og_locale":"de_DE","og_type":"article","og_title":"Das tut mir wohl: - H\u00e4kelfieber","og_description":"Die sch\u00f6ne Aussicht auf meine aktuelle H\u00e4kelarbeit \u00e4h mein H\u00e4kelvergn\u00fcgen, der Blick auf bereits Geh\u00e4keltes (Deckchen auf dem Tisch und Kissen) sowie die Aussicht in die Weite durchs K\u00fcchenfenster: Der Anblick meiner Ecke. Nettes Geh\u00e4keltes, Gestrichenes, Gelackiertes und im Gebrauchtwarenkaufhaus zugelaufenes: Meine bunten Flohmarktfunde auf dem K\u00fcchenregal: Ein Nachmittag unter Gleichgesinntinnen. Heute war wieder &#8222;Offener &hellip; Das tut mir wohl: weiterlesen &rarr;","og_url":"https:\/\/www.haekelfieber.de\/wp-blog\/2017\/03\/das-tut-mir-wohl\/","og_site_name":"H\u00e4kelfieber","article_published_time":"2017-03-02T18:09:29+00:00","article_modified_time":"2017-03-02T18:10:08+00:00","og_image":[{"url":"https:\/\/www.haekelfieber.de\/wp-blog\/wp-content\/uploads\/2017\/03\/haekeln-freude-bunt-6-450x600.jpg","type":"","width":"","height":""}],"author":"Jutta","twitter_misc":{"Verfasst von":"Jutta","Gesch\u00e4tzte Lesezeit":"1\u00a0Minute"},"schema":{"@context":"https:\/\/schema.org","@graph":[{"@type":"Article","@id":"https:\/\/www.haekelfieber.de\/wp-blog\/2017\/03\/das-tut-mir-wohl\/#article","isPartOf":{"@id":"https:\/\/www.haekelfieber.de\/wp-blog\/2017\/03\/das-tut-mir-wohl\/"},"author":{"name":"Jutta","@id":"https:\/\/www.haekelfieber.de\/wp-blog\/#\/schema\/person\/08b81f8e0d3480519aadc66881dee8d7"},"headline":"Das tut mir wohl:","datePublished":"2017-03-02T18:09:29+00:00","dateModified":"2017-03-02T18:10:08+00:00","mainEntityOfPage":{"@id":"https:\/\/www.haekelfieber.de\/wp-blog\/2017\/03\/das-tut-mir-wohl\/"},"wordCount":152,"commentCount":3,"publisher":{"@id":"https:\/\/www.haekelfieber.de\/wp-blog\/#organization"},"image":{"@id":"https:\/\/www.haekelfieber.de\/wp-blog\/2017\/03\/das-tut-mir-wohl\/#primaryimage"},"thumbnailUrl":"https:\/\/www.haekelfieber.de\/wp-blog\/wp-content\/uploads\/2017\/03\/haekeln-freude-bunt-6-450x600.jpg","articleSection":["Flohmarktsch\u00e4tze","H\u00e4keln","Manch anderes"],"inLanguage":"de","potentialAction":[{"@type":"CommentAction","name":"Comment","target":["https:\/\/www.haekelfieber.de\/wp-blog\/2017\/03\/das-tut-mir-wohl\/#respond"]}]},{"@type":"WebPage","@id":"https:\/\/www.haekelfieber.de\/wp-blog\/2017\/03\/das-tut-mir-wohl\/","url":"https:\/\/www.haekelfieber.de\/wp-blog\/2017\/03\/das-tut-mir-wohl\/","name":"Das tut mir wohl: - H\u00e4kelfieber","isPartOf":{"@id":"https:\/\/www.haekelfieber.de\/wp-blog\/#website"},"primaryImageOfPage":{"@id":"https:\/\/www.haekelfieber.de\/wp-blog\/2017\/03\/das-tut-mir-wohl\/#primaryimage"},"image":{"@id":"https:\/\/www.haekelfieber.de\/wp-blog\/2017\/03\/das-tut-mir-wohl\/#primaryimage"},"thumbnailUrl":"https:\/\/www.haekelfieber.de\/wp-blog\/wp-content\/uploads\/2017\/03\/haekeln-freude-bunt-6-450x600.jpg","datePublished":"2017-03-02T18:09:29+00:00","dateModified":"2017-03-02T18:10:08+00:00","breadcrumb":{"@id":"https:\/\/www.haekelfieber.de\/wp-blog\/2017\/03\/das-tut-mir-wohl\/#breadcrumb"},"inLanguage":"de","potentialAction":[{"@type":"ReadAction","target":["https:\/\/www.haekelfieber.de\/wp-blog\/2017\/03\/das-tut-mir-wohl\/"]}]},{"@type":"ImageObject","inLanguage":"de","@id":"https:\/\/www.haekelfieber.de\/wp-blog\/2017\/03\/das-tut-mir-wohl\/#primaryimage","url":"https:\/\/www.haekelfieber.de\/wp-blog\/wp-content\/uploads\/2017\/03\/haekeln-freude-bunt-6.jpg","contentUrl":"https:\/\/www.haekelfieber.de\/wp-blog\/wp-content\/uploads\/2017\/03\/haekeln-freude-bunt-6.jpg","width":600,"height":800},{"@type":"BreadcrumbList","@id":"https:\/\/www.haekelfieber.de\/wp-blog\/2017\/03\/das-tut-mir-wohl\/#breadcrumb","itemListElement":[{"@type":"ListItem","position":1,"name":"Home","item":"https:\/\/www.haekelfieber.de\/wp-blog\/"},{"@type":"ListItem","position":2,"name":"Das tut mir wohl:"}]},{"@type":"WebSite","@id":"https:\/\/www.haekelfieber.de\/wp-blog\/#website","url":"https:\/\/www.haekelfieber.de\/wp-blog\/","name":"H\u00e4kelfieber","description":"Ich bin im...","publisher":{"@id":"https:\/\/www.haekelfieber.de\/wp-blog\/#organization"},"potentialAction":[{"@type":"SearchAction","target":{"@type":"EntryPoint","urlTemplate":"https:\/\/www.haekelfieber.de\/wp-blog\/?s={search_term_string}"},"query-input":{"@type":"PropertyValueSpecification","valueRequired":true,"valueName":"search_term_string"}}],"inLanguage":"de"},{"@type":"Organization","@id":"https:\/\/www.haekelfieber.de\/wp-blog\/#organization","name":"H\u00e4kelfieber","url":"https:\/\/www.haekelfieber.de\/wp-blog\/","logo":{"@type":"ImageObject","inLanguage":"de","@id":"https:\/\/www.haekelfieber.de\/wp-blog\/#\/schema\/logo\/image\/","url":"https:\/\/www.haekelfieber.de\/wp-blog\/wp-content\/uploads\/2023\/03\/kissen-haekeln2.jpg","contentUrl":"https:\/\/www.haekelfieber.de\/wp-blog\/wp-content\/uploads\/2023\/03\/kissen-haekeln2.jpg","width":683,"height":1024,"caption":"H\u00e4kelfieber"},"image":{"@id":"https:\/\/www.haekelfieber.de\/wp-blog\/#\/schema\/logo\/image\/"}},{"@type":"Person","@id":"https:\/\/www.haekelfieber.de\/wp-blog\/#\/schema\/person\/08b81f8e0d3480519aadc66881dee8d7","name":"Jutta","image":{"@type":"ImageObject","inLanguage":"de","@id":"https:\/\/secure.gravatar.com\/avatar\/4fb96a09981d3eab52fd94765c38a5395ca69a563a8cd98c172ef85375636d9d?s=96&d=mm&r=g","url":"https:\/\/secure.gravatar.com\/avatar\/4fb96a09981d3eab52fd94765c38a5395ca69a563a8cd98c172ef85375636d9d?s=96&d=mm&r=g","contentUrl":"https:\/\/secure.gravatar.com\/avatar\/4fb96a09981d3eab52fd94765c38a5395ca69a563a8cd98c172ef85375636d9d?s=96&d=mm&r=g","caption":"Jutta"},"url":"https:\/\/www.haekelfieber.de\/wp-blog\/author\/admin\/"}]}},"_links":{"self":[{"href":"https:\/\/www.haekelfieber.de\/wp-blog\/wp-json\/wp\/v2\/posts\/6098","targetHints":{"allow":["GET"]}}],"collection":[{"href":"https:\/\/www.haekelfieber.de\/wp-blog\/wp-json\/wp\/v2\/posts"}],"about":[{"href":"https:\/\/www.haekelfieber.de\/wp-blog\/wp-json\/wp\/v2\/types\/post"}],"author":[{"embeddable":true,"href":"https:\/\/www.haekelfieber.de\/wp-blog\/wp-json\/wp\/v2\/users\/1"}],"replies":[{"embeddable":true,"href":"https:\/\/www.haekelfieber.de\/wp-blog\/wp-json\/wp\/v2\/comments?post=6098"}],"version-history":[{"count":3,"href":"https:\/\/www.haekelfieber.de\/wp-blog\/wp-json\/wp\/v2\/posts\/6098\/revisions"}],"predecessor-version":[{"id":6109,"href":"https:\/\/www.haekelfieber.de\/wp-blog\/wp-json\/wp\/v2\/posts\/6098\/revisions\/6109"}],"wp:attachment":[{"href":"https:\/\/www.haekelfieber.de\/wp-blog\/wp-json\/wp\/v2\/media?parent=6098"}],"wp:term":[{"taxonomy":"category","embeddable":true,"href":"https:\/\/www.haekelfieber.de\/wp-blog\/wp-json\/wp\/v2\/categories?post=6098"},{"taxonomy":"post_tag","embeddable":true,"href":"https:\/\/www.haekelfieber.de\/wp-blog\/wp-json\/wp\/v2\/tags?post=6098"}],"curies":[{"name":"wp","href":"https:\/\/api.w.org\/{rel}","templated":true}]}}