{"id":6165,"date":"2017-03-10T16:58:05","date_gmt":"2017-03-10T15:58:05","guid":{"rendered":"http:\/\/www.haekelfieber.de\/wp-blog\/?p=6165"},"modified":"2017-03-10T17:08:33","modified_gmt":"2017-03-10T16:08:33","slug":"f-wie-freitag-oder-fentrelac","status":"publish","type":"post","link":"https:\/\/www.haekelfieber.de\/wp-blog\/2017\/03\/f-wie-freitag-oder-fentrelac\/","title":{"rendered":"F wie Freitag oder Fentrelac"},"content":{"rendered":"<p>Damit die F-\u00dcberschrift sich ausgeht, passend ist, habe ich eine &#8222;alternative&#8220; Rechtschreibung angewandt. Fentrelac h\u00f6rt sich vielleicht sogar besser an als das richtige Entrelac. Es ist ein Flechtmuster, welches ich tunesisch geh\u00e4kelt habe.<br \/>\nAuf Youtube gibt es dazu gut verst\u00e4ndliche Anleitungen (z.B. von wolplein, Monk Wolle &amp; Beanis&#8230; )<\/p>\n<p><img loading=\"lazy\" decoding=\"async\" class=\"aligncenter size-large wp-image-6169\" src=\"https:\/\/www.haekelfieber.de\/wp-blog\/wp-content\/uploads\/2017\/03\/entrelac-tunesisch-haekeln-anleitung-3-450x600.jpg\" alt=\"\" width=\"450\" height=\"600\" srcset=\"https:\/\/www.haekelfieber.de\/wp-blog\/wp-content\/uploads\/2017\/03\/entrelac-tunesisch-haekeln-anleitung-3-450x600.jpg 450w, https:\/\/www.haekelfieber.de\/wp-blog\/wp-content\/uploads\/2017\/03\/entrelac-tunesisch-haekeln-anleitung-3-225x300.jpg 225w, https:\/\/www.haekelfieber.de\/wp-blog\/wp-content\/uploads\/2017\/03\/entrelac-tunesisch-haekeln-anleitung-3.jpg 600w\" sizes=\"auto, (max-width: 450px) 100vw, 450px\" \/><br \/>\n<img loading=\"lazy\" decoding=\"async\" class=\"aligncenter size-large wp-image-6170\" src=\"https:\/\/www.haekelfieber.de\/wp-blog\/wp-content\/uploads\/2017\/03\/entrelac-tunesisch-haekeln-anleitung-4-450x600.jpg\" alt=\"\" width=\"450\" height=\"600\" srcset=\"https:\/\/www.haekelfieber.de\/wp-blog\/wp-content\/uploads\/2017\/03\/entrelac-tunesisch-haekeln-anleitung-4-450x600.jpg 450w, https:\/\/www.haekelfieber.de\/wp-blog\/wp-content\/uploads\/2017\/03\/entrelac-tunesisch-haekeln-anleitung-4-225x300.jpg 225w, https:\/\/www.haekelfieber.de\/wp-blog\/wp-content\/uploads\/2017\/03\/entrelac-tunesisch-haekeln-anleitung-4.jpg 600w\" sizes=\"auto, (max-width: 450px) 100vw, 450px\" \/><\/p>\n<p>Es wird ein Kissen werden \ud83d\ude09<\/p>\n<p><img loading=\"lazy\" decoding=\"async\" class=\"aligncenter size-large wp-image-6171\" src=\"https:\/\/www.haekelfieber.de\/wp-blog\/wp-content\/uploads\/2017\/03\/entrelac-tunesisch-haekeln-anleitung-5-450x600.jpg\" alt=\"\" width=\"450\" height=\"600\" srcset=\"https:\/\/www.haekelfieber.de\/wp-blog\/wp-content\/uploads\/2017\/03\/entrelac-tunesisch-haekeln-anleitung-5-450x600.jpg 450w, https:\/\/www.haekelfieber.de\/wp-blog\/wp-content\/uploads\/2017\/03\/entrelac-tunesisch-haekeln-anleitung-5-225x300.jpg 225w, https:\/\/www.haekelfieber.de\/wp-blog\/wp-content\/uploads\/2017\/03\/entrelac-tunesisch-haekeln-anleitung-5.jpg 600w\" sizes=\"auto, (max-width: 450px) 100vw, 450px\" \/><\/p>\n<p>Nach einigem Herumprobieren ist diese Umrandung entstanden. Auf die Schnelle habe ich sie f\u00fcr euch mal dahingekritzelt. Und weil die Anleitung auf einem Foto fast nicht mehr zu erkennen gewesen w\u00e4re, wegen akuter Kleinheit, habe ich sie auf zwei Fotos verteilt.<br \/>\nJetzt d\u00fcrfen eure zwei Gehirnh\u00e4lften Teamwork leisten. Verst\u00e4ndnism\u00e4\u00dfig von einer zur anderen Abbildung auf und ab joggen. Das h\u00e4lt euch frisch obenherum \ud83d\ude09<br \/>\nOh je!! Das habe ich mit halber Hirnleistung geschrieben. Neue Wortsch\u00f6pfungen und kreative Worttrennungen sind entstanden. Bitte nochmal in die zweite Klasse zum Auffrischungskurs.<\/p>\n<p><img loading=\"lazy\" decoding=\"async\" class=\"aligncenter size-large wp-image-6168\" src=\"https:\/\/www.haekelfieber.de\/wp-blog\/wp-content\/uploads\/2017\/03\/entrelac-tunesisch-haekeln-anleitung-2-600x450.jpg\" alt=\"\" width=\"600\" height=\"450\" srcset=\"https:\/\/www.haekelfieber.de\/wp-blog\/wp-content\/uploads\/2017\/03\/entrelac-tunesisch-haekeln-anleitung-2-600x450.jpg 600w, https:\/\/www.haekelfieber.de\/wp-blog\/wp-content\/uploads\/2017\/03\/entrelac-tunesisch-haekeln-anleitung-2-300x225.jpg 300w, https:\/\/www.haekelfieber.de\/wp-blog\/wp-content\/uploads\/2017\/03\/entrelac-tunesisch-haekeln-anleitung-2-768x576.jpg 768w, https:\/\/www.haekelfieber.de\/wp-blog\/wp-content\/uploads\/2017\/03\/entrelac-tunesisch-haekeln-anleitung-2.jpg 800w\" sizes=\"auto, (max-width: 600px) 100vw, 600px\" \/><br \/>\n<img loading=\"lazy\" decoding=\"async\" class=\"aligncenter size-large wp-image-6167\" src=\"https:\/\/www.haekelfieber.de\/wp-blog\/wp-content\/uploads\/2017\/03\/entrelac-tunesisch-haekeln-anleitung-1-600x450.jpg\" alt=\"\" width=\"600\" height=\"450\" srcset=\"https:\/\/www.haekelfieber.de\/wp-blog\/wp-content\/uploads\/2017\/03\/entrelac-tunesisch-haekeln-anleitung-1-600x450.jpg 600w, https:\/\/www.haekelfieber.de\/wp-blog\/wp-content\/uploads\/2017\/03\/entrelac-tunesisch-haekeln-anleitung-1-300x225.jpg 300w, https:\/\/www.haekelfieber.de\/wp-blog\/wp-content\/uploads\/2017\/03\/entrelac-tunesisch-haekeln-anleitung-1-768x576.jpg 768w, https:\/\/www.haekelfieber.de\/wp-blog\/wp-content\/uploads\/2017\/03\/entrelac-tunesisch-haekeln-anleitung-1.jpg 800w\" sizes=\"auto, (max-width: 600px) 100vw, 600px\" \/><\/p>\n<p>Und vergessen habe ich auch noch was: In der vierten Reihe werden die Kettmaschen nur in das hintere Maschenglied gearbeitet.<\/p>\n<p><img loading=\"lazy\" decoding=\"async\" class=\"aligncenter size-large wp-image-6172\" src=\"https:\/\/www.haekelfieber.de\/wp-blog\/wp-content\/uploads\/2017\/03\/entrelac-tunesisch-haekeln-anleitung-6-450x600.jpg\" alt=\"\" width=\"450\" height=\"600\" srcset=\"https:\/\/www.haekelfieber.de\/wp-blog\/wp-content\/uploads\/2017\/03\/entrelac-tunesisch-haekeln-anleitung-6-450x600.jpg 450w, https:\/\/www.haekelfieber.de\/wp-blog\/wp-content\/uploads\/2017\/03\/entrelac-tunesisch-haekeln-anleitung-6-225x300.jpg 225w, https:\/\/www.haekelfieber.de\/wp-blog\/wp-content\/uploads\/2017\/03\/entrelac-tunesisch-haekeln-anleitung-6.jpg 600w\" sizes=\"auto, (max-width: 450px) 100vw, 450px\" \/><\/p>\n<p>Meine Erkenntnis aus diesem Beitrag:<br \/>\nDie einmalige Verwendung der &#8222;alternativen Rechtschreibung&#8220; zieht unbewu\u00dft weite Kreise in die gesamte Orthografie. Sollte und das zu denken g\u00e4ben?!<\/p>\n<p>&nbsp;<\/p>\n","protected":false},"excerpt":{"rendered":"<p>Damit die F-\u00dcberschrift sich ausgeht, passend ist, habe ich eine &#8222;alternative&#8220; Rechtschreibung angewandt. Fentrelac h\u00f6rt sich vielleicht sogar besser an als das richtige Entrelac. Es ist ein Flechtmuster, welches ich tunesisch geh\u00e4kelt habe. Auf Youtube gibt es dazu gut verst\u00e4ndliche Anleitungen (z.B. von wolplein, Monk Wolle &amp; Beanis&#8230; ) Es wird ein Kissen werden \ud83d\ude09 &hellip; <a href=\"https:\/\/www.haekelfieber.de\/wp-blog\/2017\/03\/f-wie-freitag-oder-fentrelac\/\" class=\"more-link\"><span class=\"screen-reader-text\">F wie Freitag oder Fentrelac<\/span> weiterlesen <span class=\"meta-nav\">&rarr;<\/span><\/a><\/p>\n","protected":false},"author":1,"featured_media":0,"comment_status":"open","ping_status":"open","sticky":false,"template":"","format":"standard","meta":{"footnotes":""},"categories":[5],"tags":[],"class_list":["post-6165","post","type-post","status-publish","format-standard","hentry","category-haekeln"],"yoast_head":"<!-- This site is optimized with the Yoast SEO plugin v27.4 - https:\/\/yoast.com\/product\/yoast-seo-wordpress\/ -->\n<title>F wie Freitag oder Fentrelac - H\u00e4kelfieber<\/title>\n<meta name=\"robots\" content=\"index, follow, max-snippet:-1, max-image-preview:large, max-video-preview:-1\" \/>\n<link rel=\"canonical\" href=\"https:\/\/www.haekelfieber.de\/wp-blog\/2017\/03\/f-wie-freitag-oder-fentrelac\/\" \/>\n<meta property=\"og:locale\" content=\"de_DE\" \/>\n<meta property=\"og:type\" content=\"article\" \/>\n<meta property=\"og:title\" content=\"F wie Freitag oder Fentrelac - H\u00e4kelfieber\" \/>\n<meta property=\"og:description\" content=\"Damit die F-\u00dcberschrift sich ausgeht, passend ist, habe ich eine &#8222;alternative&#8220; Rechtschreibung angewandt. Fentrelac h\u00f6rt sich vielleicht sogar besser an als das richtige Entrelac. Es ist ein Flechtmuster, welches ich tunesisch geh\u00e4kelt habe. Auf Youtube gibt es dazu gut verst\u00e4ndliche Anleitungen (z.B. von wolplein, Monk Wolle &amp; Beanis&#8230; ) Es wird ein Kissen werden \ud83d\ude09 &hellip; F wie Freitag oder Fentrelac weiterlesen &rarr;\" \/>\n<meta property=\"og:url\" content=\"https:\/\/www.haekelfieber.de\/wp-blog\/2017\/03\/f-wie-freitag-oder-fentrelac\/\" \/>\n<meta property=\"og:site_name\" content=\"H\u00e4kelfieber\" \/>\n<meta property=\"article:published_time\" content=\"2017-03-10T15:58:05+00:00\" \/>\n<meta property=\"article:modified_time\" content=\"2017-03-10T16:08:33+00:00\" \/>\n<meta property=\"og:image\" content=\"https:\/\/www.haekelfieber.de\/wp-blog\/wp-content\/uploads\/2017\/03\/entrelac-tunesisch-haekeln-anleitung-3-450x600.jpg\" \/>\n<meta name=\"author\" content=\"Jutta\" \/>\n<meta name=\"twitter:label1\" content=\"Verfasst von\" \/>\n\t<meta name=\"twitter:data1\" content=\"Jutta\" \/>\n\t<meta name=\"twitter:label2\" content=\"Gesch\u00e4tzte Lesezeit\" \/>\n\t<meta name=\"twitter:data2\" content=\"1\u00a0Minute\" \/>\n<script type=\"application\/ld+json\" class=\"yoast-schema-graph\">{\"@context\":\"https:\\\/\\\/schema.org\",\"@graph\":[{\"@type\":\"Article\",\"@id\":\"https:\\\/\\\/www.haekelfieber.de\\\/wp-blog\\\/2017\\\/03\\\/f-wie-freitag-oder-fentrelac\\\/#article\",\"isPartOf\":{\"@id\":\"https:\\\/\\\/www.haekelfieber.de\\\/wp-blog\\\/2017\\\/03\\\/f-wie-freitag-oder-fentrelac\\\/\"},\"author\":{\"name\":\"Jutta\",\"@id\":\"https:\\\/\\\/www.haekelfieber.de\\\/wp-blog\\\/#\\\/schema\\\/person\\\/08b81f8e0d3480519aadc66881dee8d7\"},\"headline\":\"F wie Freitag oder Fentrelac\",\"datePublished\":\"2017-03-10T15:58:05+00:00\",\"dateModified\":\"2017-03-10T16:08:33+00:00\",\"mainEntityOfPage\":{\"@id\":\"https:\\\/\\\/www.haekelfieber.de\\\/wp-blog\\\/2017\\\/03\\\/f-wie-freitag-oder-fentrelac\\\/\"},\"wordCount\":206,\"commentCount\":5,\"publisher\":{\"@id\":\"https:\\\/\\\/www.haekelfieber.de\\\/wp-blog\\\/#organization\"},\"image\":{\"@id\":\"https:\\\/\\\/www.haekelfieber.de\\\/wp-blog\\\/2017\\\/03\\\/f-wie-freitag-oder-fentrelac\\\/#primaryimage\"},\"thumbnailUrl\":\"https:\\\/\\\/www.haekelfieber.de\\\/wp-blog\\\/wp-content\\\/uploads\\\/2017\\\/03\\\/entrelac-tunesisch-haekeln-anleitung-3-450x600.jpg\",\"articleSection\":[\"H\u00e4keln\"],\"inLanguage\":\"de\",\"potentialAction\":[{\"@type\":\"CommentAction\",\"name\":\"Comment\",\"target\":[\"https:\\\/\\\/www.haekelfieber.de\\\/wp-blog\\\/2017\\\/03\\\/f-wie-freitag-oder-fentrelac\\\/#respond\"]}]},{\"@type\":\"WebPage\",\"@id\":\"https:\\\/\\\/www.haekelfieber.de\\\/wp-blog\\\/2017\\\/03\\\/f-wie-freitag-oder-fentrelac\\\/\",\"url\":\"https:\\\/\\\/www.haekelfieber.de\\\/wp-blog\\\/2017\\\/03\\\/f-wie-freitag-oder-fentrelac\\\/\",\"name\":\"F wie Freitag oder Fentrelac - H\u00e4kelfieber\",\"isPartOf\":{\"@id\":\"https:\\\/\\\/www.haekelfieber.de\\\/wp-blog\\\/#website\"},\"primaryImageOfPage\":{\"@id\":\"https:\\\/\\\/www.haekelfieber.de\\\/wp-blog\\\/2017\\\/03\\\/f-wie-freitag-oder-fentrelac\\\/#primaryimage\"},\"image\":{\"@id\":\"https:\\\/\\\/www.haekelfieber.de\\\/wp-blog\\\/2017\\\/03\\\/f-wie-freitag-oder-fentrelac\\\/#primaryimage\"},\"thumbnailUrl\":\"https:\\\/\\\/www.haekelfieber.de\\\/wp-blog\\\/wp-content\\\/uploads\\\/2017\\\/03\\\/entrelac-tunesisch-haekeln-anleitung-3-450x600.jpg\",\"datePublished\":\"2017-03-10T15:58:05+00:00\",\"dateModified\":\"2017-03-10T16:08:33+00:00\",\"breadcrumb\":{\"@id\":\"https:\\\/\\\/www.haekelfieber.de\\\/wp-blog\\\/2017\\\/03\\\/f-wie-freitag-oder-fentrelac\\\/#breadcrumb\"},\"inLanguage\":\"de\",\"potentialAction\":[{\"@type\":\"ReadAction\",\"target\":[\"https:\\\/\\\/www.haekelfieber.de\\\/wp-blog\\\/2017\\\/03\\\/f-wie-freitag-oder-fentrelac\\\/\"]}]},{\"@type\":\"ImageObject\",\"inLanguage\":\"de\",\"@id\":\"https:\\\/\\\/www.haekelfieber.de\\\/wp-blog\\\/2017\\\/03\\\/f-wie-freitag-oder-fentrelac\\\/#primaryimage\",\"url\":\"https:\\\/\\\/www.haekelfieber.de\\\/wp-blog\\\/wp-content\\\/uploads\\\/2017\\\/03\\\/entrelac-tunesisch-haekeln-anleitung-3.jpg\",\"contentUrl\":\"https:\\\/\\\/www.haekelfieber.de\\\/wp-blog\\\/wp-content\\\/uploads\\\/2017\\\/03\\\/entrelac-tunesisch-haekeln-anleitung-3.jpg\",\"width\":600,\"height\":800},{\"@type\":\"BreadcrumbList\",\"@id\":\"https:\\\/\\\/www.haekelfieber.de\\\/wp-blog\\\/2017\\\/03\\\/f-wie-freitag-oder-fentrelac\\\/#breadcrumb\",\"itemListElement\":[{\"@type\":\"ListItem\",\"position\":1,\"name\":\"Home\",\"item\":\"https:\\\/\\\/www.haekelfieber.de\\\/wp-blog\\\/\"},{\"@type\":\"ListItem\",\"position\":2,\"name\":\"F wie Freitag oder Fentrelac\"}]},{\"@type\":\"WebSite\",\"@id\":\"https:\\\/\\\/www.haekelfieber.de\\\/wp-blog\\\/#website\",\"url\":\"https:\\\/\\\/www.haekelfieber.de\\\/wp-blog\\\/\",\"name\":\"H\u00e4kelfieber\",\"description\":\"Ich bin im...\",\"publisher\":{\"@id\":\"https:\\\/\\\/www.haekelfieber.de\\\/wp-blog\\\/#organization\"},\"potentialAction\":[{\"@type\":\"SearchAction\",\"target\":{\"@type\":\"EntryPoint\",\"urlTemplate\":\"https:\\\/\\\/www.haekelfieber.de\\\/wp-blog\\\/?s={search_term_string}\"},\"query-input\":{\"@type\":\"PropertyValueSpecification\",\"valueRequired\":true,\"valueName\":\"search_term_string\"}}],\"inLanguage\":\"de\"},{\"@type\":\"Organization\",\"@id\":\"https:\\\/\\\/www.haekelfieber.de\\\/wp-blog\\\/#organization\",\"name\":\"H\u00e4kelfieber\",\"url\":\"https:\\\/\\\/www.haekelfieber.de\\\/wp-blog\\\/\",\"logo\":{\"@type\":\"ImageObject\",\"inLanguage\":\"de\",\"@id\":\"https:\\\/\\\/www.haekelfieber.de\\\/wp-blog\\\/#\\\/schema\\\/logo\\\/image\\\/\",\"url\":\"https:\\\/\\\/www.haekelfieber.de\\\/wp-blog\\\/wp-content\\\/uploads\\\/2023\\\/03\\\/kissen-haekeln2.jpg\",\"contentUrl\":\"https:\\\/\\\/www.haekelfieber.de\\\/wp-blog\\\/wp-content\\\/uploads\\\/2023\\\/03\\\/kissen-haekeln2.jpg\",\"width\":683,\"height\":1024,\"caption\":\"H\u00e4kelfieber\"},\"image\":{\"@id\":\"https:\\\/\\\/www.haekelfieber.de\\\/wp-blog\\\/#\\\/schema\\\/logo\\\/image\\\/\"}},{\"@type\":\"Person\",\"@id\":\"https:\\\/\\\/www.haekelfieber.de\\\/wp-blog\\\/#\\\/schema\\\/person\\\/08b81f8e0d3480519aadc66881dee8d7\",\"name\":\"Jutta\",\"image\":{\"@type\":\"ImageObject\",\"inLanguage\":\"de\",\"@id\":\"https:\\\/\\\/secure.gravatar.com\\\/avatar\\\/4fb96a09981d3eab52fd94765c38a5395ca69a563a8cd98c172ef85375636d9d?s=96&d=mm&r=g\",\"url\":\"https:\\\/\\\/secure.gravatar.com\\\/avatar\\\/4fb96a09981d3eab52fd94765c38a5395ca69a563a8cd98c172ef85375636d9d?s=96&d=mm&r=g\",\"contentUrl\":\"https:\\\/\\\/secure.gravatar.com\\\/avatar\\\/4fb96a09981d3eab52fd94765c38a5395ca69a563a8cd98c172ef85375636d9d?s=96&d=mm&r=g\",\"caption\":\"Jutta\"},\"url\":\"https:\\\/\\\/www.haekelfieber.de\\\/wp-blog\\\/author\\\/admin\\\/\"}]}<\/script>\n<!-- \/ Yoast SEO plugin. -->","yoast_head_json":{"title":"F wie Freitag oder Fentrelac - H\u00e4kelfieber","robots":{"index":"index","follow":"follow","max-snippet":"max-snippet:-1","max-image-preview":"max-image-preview:large","max-video-preview":"max-video-preview:-1"},"canonical":"https:\/\/www.haekelfieber.de\/wp-blog\/2017\/03\/f-wie-freitag-oder-fentrelac\/","og_locale":"de_DE","og_type":"article","og_title":"F wie Freitag oder Fentrelac - H\u00e4kelfieber","og_description":"Damit die F-\u00dcberschrift sich ausgeht, passend ist, habe ich eine &#8222;alternative&#8220; Rechtschreibung angewandt. Fentrelac h\u00f6rt sich vielleicht sogar besser an als das richtige Entrelac. Es ist ein Flechtmuster, welches ich tunesisch geh\u00e4kelt habe. Auf Youtube gibt es dazu gut verst\u00e4ndliche Anleitungen (z.B. von wolplein, Monk Wolle &amp; Beanis&#8230; ) Es wird ein Kissen werden \ud83d\ude09 &hellip; F wie Freitag oder Fentrelac weiterlesen &rarr;","og_url":"https:\/\/www.haekelfieber.de\/wp-blog\/2017\/03\/f-wie-freitag-oder-fentrelac\/","og_site_name":"H\u00e4kelfieber","article_published_time":"2017-03-10T15:58:05+00:00","article_modified_time":"2017-03-10T16:08:33+00:00","og_image":[{"url":"https:\/\/www.haekelfieber.de\/wp-blog\/wp-content\/uploads\/2017\/03\/entrelac-tunesisch-haekeln-anleitung-3-450x600.jpg","type":"","width":"","height":""}],"author":"Jutta","twitter_misc":{"Verfasst von":"Jutta","Gesch\u00e4tzte Lesezeit":"1\u00a0Minute"},"schema":{"@context":"https:\/\/schema.org","@graph":[{"@type":"Article","@id":"https:\/\/www.haekelfieber.de\/wp-blog\/2017\/03\/f-wie-freitag-oder-fentrelac\/#article","isPartOf":{"@id":"https:\/\/www.haekelfieber.de\/wp-blog\/2017\/03\/f-wie-freitag-oder-fentrelac\/"},"author":{"name":"Jutta","@id":"https:\/\/www.haekelfieber.de\/wp-blog\/#\/schema\/person\/08b81f8e0d3480519aadc66881dee8d7"},"headline":"F wie Freitag oder Fentrelac","datePublished":"2017-03-10T15:58:05+00:00","dateModified":"2017-03-10T16:08:33+00:00","mainEntityOfPage":{"@id":"https:\/\/www.haekelfieber.de\/wp-blog\/2017\/03\/f-wie-freitag-oder-fentrelac\/"},"wordCount":206,"commentCount":5,"publisher":{"@id":"https:\/\/www.haekelfieber.de\/wp-blog\/#organization"},"image":{"@id":"https:\/\/www.haekelfieber.de\/wp-blog\/2017\/03\/f-wie-freitag-oder-fentrelac\/#primaryimage"},"thumbnailUrl":"https:\/\/www.haekelfieber.de\/wp-blog\/wp-content\/uploads\/2017\/03\/entrelac-tunesisch-haekeln-anleitung-3-450x600.jpg","articleSection":["H\u00e4keln"],"inLanguage":"de","potentialAction":[{"@type":"CommentAction","name":"Comment","target":["https:\/\/www.haekelfieber.de\/wp-blog\/2017\/03\/f-wie-freitag-oder-fentrelac\/#respond"]}]},{"@type":"WebPage","@id":"https:\/\/www.haekelfieber.de\/wp-blog\/2017\/03\/f-wie-freitag-oder-fentrelac\/","url":"https:\/\/www.haekelfieber.de\/wp-blog\/2017\/03\/f-wie-freitag-oder-fentrelac\/","name":"F wie Freitag oder Fentrelac - H\u00e4kelfieber","isPartOf":{"@id":"https:\/\/www.haekelfieber.de\/wp-blog\/#website"},"primaryImageOfPage":{"@id":"https:\/\/www.haekelfieber.de\/wp-blog\/2017\/03\/f-wie-freitag-oder-fentrelac\/#primaryimage"},"image":{"@id":"https:\/\/www.haekelfieber.de\/wp-blog\/2017\/03\/f-wie-freitag-oder-fentrelac\/#primaryimage"},"thumbnailUrl":"https:\/\/www.haekelfieber.de\/wp-blog\/wp-content\/uploads\/2017\/03\/entrelac-tunesisch-haekeln-anleitung-3-450x600.jpg","datePublished":"2017-03-10T15:58:05+00:00","dateModified":"2017-03-10T16:08:33+00:00","breadcrumb":{"@id":"https:\/\/www.haekelfieber.de\/wp-blog\/2017\/03\/f-wie-freitag-oder-fentrelac\/#breadcrumb"},"inLanguage":"de","potentialAction":[{"@type":"ReadAction","target":["https:\/\/www.haekelfieber.de\/wp-blog\/2017\/03\/f-wie-freitag-oder-fentrelac\/"]}]},{"@type":"ImageObject","inLanguage":"de","@id":"https:\/\/www.haekelfieber.de\/wp-blog\/2017\/03\/f-wie-freitag-oder-fentrelac\/#primaryimage","url":"https:\/\/www.haekelfieber.de\/wp-blog\/wp-content\/uploads\/2017\/03\/entrelac-tunesisch-haekeln-anleitung-3.jpg","contentUrl":"https:\/\/www.haekelfieber.de\/wp-blog\/wp-content\/uploads\/2017\/03\/entrelac-tunesisch-haekeln-anleitung-3.jpg","width":600,"height":800},{"@type":"BreadcrumbList","@id":"https:\/\/www.haekelfieber.de\/wp-blog\/2017\/03\/f-wie-freitag-oder-fentrelac\/#breadcrumb","itemListElement":[{"@type":"ListItem","position":1,"name":"Home","item":"https:\/\/www.haekelfieber.de\/wp-blog\/"},{"@type":"ListItem","position":2,"name":"F wie Freitag oder Fentrelac"}]},{"@type":"WebSite","@id":"https:\/\/www.haekelfieber.de\/wp-blog\/#website","url":"https:\/\/www.haekelfieber.de\/wp-blog\/","name":"H\u00e4kelfieber","description":"Ich bin im...","publisher":{"@id":"https:\/\/www.haekelfieber.de\/wp-blog\/#organization"},"potentialAction":[{"@type":"SearchAction","target":{"@type":"EntryPoint","urlTemplate":"https:\/\/www.haekelfieber.de\/wp-blog\/?s={search_term_string}"},"query-input":{"@type":"PropertyValueSpecification","valueRequired":true,"valueName":"search_term_string"}}],"inLanguage":"de"},{"@type":"Organization","@id":"https:\/\/www.haekelfieber.de\/wp-blog\/#organization","name":"H\u00e4kelfieber","url":"https:\/\/www.haekelfieber.de\/wp-blog\/","logo":{"@type":"ImageObject","inLanguage":"de","@id":"https:\/\/www.haekelfieber.de\/wp-blog\/#\/schema\/logo\/image\/","url":"https:\/\/www.haekelfieber.de\/wp-blog\/wp-content\/uploads\/2023\/03\/kissen-haekeln2.jpg","contentUrl":"https:\/\/www.haekelfieber.de\/wp-blog\/wp-content\/uploads\/2023\/03\/kissen-haekeln2.jpg","width":683,"height":1024,"caption":"H\u00e4kelfieber"},"image":{"@id":"https:\/\/www.haekelfieber.de\/wp-blog\/#\/schema\/logo\/image\/"}},{"@type":"Person","@id":"https:\/\/www.haekelfieber.de\/wp-blog\/#\/schema\/person\/08b81f8e0d3480519aadc66881dee8d7","name":"Jutta","image":{"@type":"ImageObject","inLanguage":"de","@id":"https:\/\/secure.gravatar.com\/avatar\/4fb96a09981d3eab52fd94765c38a5395ca69a563a8cd98c172ef85375636d9d?s=96&d=mm&r=g","url":"https:\/\/secure.gravatar.com\/avatar\/4fb96a09981d3eab52fd94765c38a5395ca69a563a8cd98c172ef85375636d9d?s=96&d=mm&r=g","contentUrl":"https:\/\/secure.gravatar.com\/avatar\/4fb96a09981d3eab52fd94765c38a5395ca69a563a8cd98c172ef85375636d9d?s=96&d=mm&r=g","caption":"Jutta"},"url":"https:\/\/www.haekelfieber.de\/wp-blog\/author\/admin\/"}]}},"_links":{"self":[{"href":"https:\/\/www.haekelfieber.de\/wp-blog\/wp-json\/wp\/v2\/posts\/6165","targetHints":{"allow":["GET"]}}],"collection":[{"href":"https:\/\/www.haekelfieber.de\/wp-blog\/wp-json\/wp\/v2\/posts"}],"about":[{"href":"https:\/\/www.haekelfieber.de\/wp-blog\/wp-json\/wp\/v2\/types\/post"}],"author":[{"embeddable":true,"href":"https:\/\/www.haekelfieber.de\/wp-blog\/wp-json\/wp\/v2\/users\/1"}],"replies":[{"embeddable":true,"href":"https:\/\/www.haekelfieber.de\/wp-blog\/wp-json\/wp\/v2\/comments?post=6165"}],"version-history":[{"count":4,"href":"https:\/\/www.haekelfieber.de\/wp-blog\/wp-json\/wp\/v2\/posts\/6165\/revisions"}],"predecessor-version":[{"id":6175,"href":"https:\/\/www.haekelfieber.de\/wp-blog\/wp-json\/wp\/v2\/posts\/6165\/revisions\/6175"}],"wp:attachment":[{"href":"https:\/\/www.haekelfieber.de\/wp-blog\/wp-json\/wp\/v2\/media?parent=6165"}],"wp:term":[{"taxonomy":"category","embeddable":true,"href":"https:\/\/www.haekelfieber.de\/wp-blog\/wp-json\/wp\/v2\/categories?post=6165"},{"taxonomy":"post_tag","embeddable":true,"href":"https:\/\/www.haekelfieber.de\/wp-blog\/wp-json\/wp\/v2\/tags?post=6165"}],"curies":[{"name":"wp","href":"https:\/\/api.w.org\/{rel}","templated":true}]}}